{"id":171606,"date":"2021-12-06T16:56:00","date_gmt":"2021-12-06T19:56:00","guid":{"rendered":"https:\/\/diariotextual.com\/inicio\/?p=171606"},"modified":"2021-12-07T08:55:25","modified_gmt":"2021-12-07T11:55:25","slug":"el-denunciante-de-pernini-pidio-una-condena-firme-y-que-vaya-a-la-carcel-para-que-deje-de-abusar","status":"publish","type":"post","link":"https:\/\/diariotextual.com\/inicio\/index.php\/2021\/12\/06\/el-denunciante-de-pernini-pidio-una-condena-firme-y-que-vaya-a-la-carcel-para-que-deje-de-abusar\/","title":{"rendered":"\u201cQue vaya a la c\u00e1rcel para que deje de abusar\u201d, dice el denunciante del cura Pernini"},"content":{"rendered":"\n<p>\u201cQue vaya a la c\u00e1rcel para que deje de abusar\u00bb. As\u00ed lo dijo <strong>Agust\u00edn<\/strong>, nombre ficticio para mantener en reserva su identidad. el joven que hace dos a\u00f1os denunci\u00f3 al cura santarrose\u00f1o <strong>Hugo Pernini<\/strong> por <strong>abuso sexual.<\/strong><\/p>\n\n\n\n<p>Pernini sabr\u00e1 este martes, en el juicio que se desarrolla en Santa Rosa, si lo condenan o no. En caso de recibir una condena, se fijar\u00e1 una nueva audiencia para la imposici\u00f3n de pena.<\/p>\n\n\n\n<p>\u201cLa fiscal\u00eda y la querella pidieron que sea declarado culpable, que tenga una prisi\u00f3n domiciliaria porque hay riesgo de fuga en el sentido de que tiene medios econ\u00f3micos, en los allanamientos se le encontr\u00f3 mucha plata y tiene familia en otra provincia. El fiscal va a pedir 15 a\u00f1os, la querella 14 y la defensa la m\u00ednima. Es lo que s\u00e9, todo depende de lo que el juez determine ma\u00f1ana\u201d, dijo Agust\u00edn.<\/p>\n\n\n\n<p><strong>\u201cEspero que sea declarado culpable, no solo por mi caso sino por muchos otros de Santa Rosa, que no lo van a denunciar porque es dif\u00edcil atravesar el proceso que pas\u00e9 yo. Quiero que todo lo que hice estos dos a\u00f1os no sea en vano, que se llegue a una condena justa, firme y que quede adentro, que deje de abusar, que no le pase a ning\u00fan pibe m\u00e1s lo que me pas\u00f3 a m\u00ed. Deseo que la sociedad abra los ojos\u201d, <\/strong>sostuvo el denunciante del sacerdote en di\u00e1logo con Diario Textual.<\/p>\n\n\n\n<p>Agust\u00edn tiene hoy 30 a\u00f1os. Lo denunci\u00f3 a Pernini en 2019. Lo acus\u00f3 de haberlo&nbsp;violado en reiteradas oportunidades cuando era adolescente, en Santa Rosa.<\/p>\n\n\n\n<p>Los hechos, seg\u00fan el testimonio de la v\u00edctima, se produjeron en la casa contigua que ocupaba el sacerdote en la Iglesia de Luj\u00e1n, en la calle Lope de Vega. All\u00ed concurr\u00eda porque hab\u00eda ingresado al Grupo Esp\u00edritu Santo de esa parroquia.<\/p>\n\n\n\n<p>El joven lo calific\u00f3 como&nbsp;\u201cun depredador sexual\u201d&nbsp;al sacerdote. \u201cTodo hombre, adolescente o ni\u00f1o que hab\u00eda ido a la Iglesia de Luj\u00e1n, sab\u00eda\u201d, agreg\u00f3.<\/p>\n\n\n\n<p>El cura, en tanto, se defendi\u00f3.&nbsp;\u201cSoy inocente de todo lo que se me acusa\u201d, afirm\u00f3.<\/p>\n\n\n\n<p>El juez que juzga a Pernini es Gast\u00f3n Boulenaz. El fiscal es Walter Martos y la defensora del cura Vanesa Ranocchia Ongaro.<\/p>\n\n\n\n<p>Para el fiscal Walter Martos,\u00a0\u201cqued\u00f3 comprobado\u201d que el sacerdote abus\u00f3 del menor; en tanto que la defensa pidi\u00f3 la absoluci\u00f3n y sostuvo que, si hubo hubo una relaci\u00f3n sexual, fue \u201cconsentida\u201d.\u00a0Podr\u00eda recibir entre 8 y 20 a\u00f1os.<\/p>\n\n\n\n<p><\/p>\n","protected":false},"excerpt":{"rendered":"<p>\u201cQue vaya a la c\u00e1rcel para que deje de abusar\u00bb. As\u00ed lo dijo Agust\u00edn, nombre ficticio para mantener en reserva su identidad. el joven que hace dos a\u00f1os denunci\u00f3 al&hellip;<\/p>\n","protected":false},"author":7,"featured_media":72240,"comment_status":"closed","ping_status":"open","sticky":false,"template":"","format":"standard","meta":{"_acf_changed":false,"footnotes":""},"categories":[10,12],"tags":[2467],"class_list":["post-171606","post","type-post","status-publish","format-standard","has-post-thumbnail","hentry","category-portada-2","category-sociedad","tag-pernini"],"acf":[],"yoast_head":"<!-- This site is optimized with the Yoast SEO plugin v27.5 - https:\/\/yoast.com\/product\/yoast-seo-wordpress\/ -->\n<title>\u201cQue vaya a la c\u00e1rcel para que deje de abusar\u201d, dice el denunciante del cura Pernini - Diario Textual<\/title>\n<meta name=\"robots\" content=\"index, follow, max-snippet:-1, max-image-preview:large, max-video-preview:-1\" \/>\n<link rel=\"canonical\" href=\"https:\/\/diariotextual.com\/inicio\/index.php\/2021\/12\/06\/el-denunciante-de-pernini-pidio-una-condena-firme-y-que-vaya-a-la-carcel-para-que-deje-de-abusar\/\" \/>\n<meta property=\"og:locale\" content=\"es_ES\" \/>\n<meta property=\"og:type\" content=\"article\" \/>\n<meta property=\"og:title\" content=\"\u201cQue vaya a la c\u00e1rcel para que deje de abusar\u201d, dice el denunciante del cura Pernini - Diario Textual\" \/>\n<meta property=\"og:description\" content=\"\u201cQue vaya a la c\u00e1rcel para que deje de abusar\u00bb. As\u00ed lo dijo Agust\u00edn, nombre ficticio para mantener en reserva su identidad. el joven que hace dos a\u00f1os denunci\u00f3 al&hellip;\" \/>\n<meta property=\"og:url\" content=\"https:\/\/diariotextual.com\/inicio\/index.php\/2021\/12\/06\/el-denunciante-de-pernini-pidio-una-condena-firme-y-que-vaya-a-la-carcel-para-que-deje-de-abusar\/\" \/>\n<meta property=\"og:site_name\" content=\"Diario Textual\" \/>\n<meta property=\"article:publisher\" content=\"https:\/\/www.facebook.com\/eltextual\" \/>\n<meta property=\"article:published_time\" content=\"2021-12-06T19:56:00+00:00\" \/>\n<meta property=\"article:modified_time\" content=\"2021-12-07T11:55:25+00:00\" \/>\n<meta property=\"og:image\" content=\"https:\/\/diariotextual.com\/inicio\/wp-content\/uploads\/2019\/12\/perninihugotextual2019-1.jpg\" \/>\n\t<meta property=\"og:image:width\" content=\"1500\" \/>\n\t<meta property=\"og:image:height\" content=\"844\" \/>\n\t<meta property=\"og:image:type\" content=\"image\/jpeg\" \/>\n<meta name=\"author\" content=\"diario5\" \/>\n<meta name=\"twitter:card\" content=\"summary_large_image\" \/>\n<meta name=\"twitter:creator\" content=\"@eltextual\" \/>\n<meta name=\"twitter:site\" content=\"@eltextual\" \/>\n<meta name=\"twitter:label1\" content=\"Escrito por\" \/>\n\t<meta name=\"twitter:data1\" content=\"diario5\" \/>\n\t<meta name=\"twitter:label2\" content=\"Tiempo de lectura\" \/>\n\t<meta name=\"twitter:data2\" content=\"2 minutos\" \/>\n<script type=\"application\/ld+json\" class=\"yoast-schema-graph\">{\"@context\":\"https:\\\/\\\/schema.org\",\"@graph\":[{\"@type\":\"Article\",\"@id\":\"https:\\\/\\\/diariotextual.com\\\/inicio\\\/index.php\\\/2021\\\/12\\\/06\\\/el-denunciante-de-pernini-pidio-una-condena-firme-y-que-vaya-a-la-carcel-para-que-deje-de-abusar\\\/#article\",\"isPartOf\":{\"@id\":\"https:\\\/\\\/diariotextual.com\\\/inicio\\\/index.php\\\/2021\\\/12\\\/06\\\/el-denunciante-de-pernini-pidio-una-condena-firme-y-que-vaya-a-la-carcel-para-que-deje-de-abusar\\\/\"},\"author\":{\"name\":\"diario5\",\"@id\":\"https:\\\/\\\/diariotextual.com\\\/inicio\\\/#\\\/schema\\\/person\\\/c7834961ad8b29b1d9cdbf4571299067\"},\"headline\":\"\u201cQue vaya a la c\u00e1rcel para que deje de abusar\u201d, dice el denunciante del cura Pernini\",\"datePublished\":\"2021-12-06T19:56:00+00:00\",\"dateModified\":\"2021-12-07T11:55:25+00:00\",\"mainEntityOfPage\":{\"@id\":\"https:\\\/\\\/diariotextual.com\\\/inicio\\\/index.php\\\/2021\\\/12\\\/06\\\/el-denunciante-de-pernini-pidio-una-condena-firme-y-que-vaya-a-la-carcel-para-que-deje-de-abusar\\\/\"},\"wordCount\":452,\"publisher\":{\"@id\":\"https:\\\/\\\/diariotextual.com\\\/inicio\\\/#organization\"},\"image\":{\"@id\":\"https:\\\/\\\/diariotextual.com\\\/inicio\\\/index.php\\\/2021\\\/12\\\/06\\\/el-denunciante-de-pernini-pidio-una-condena-firme-y-que-vaya-a-la-carcel-para-que-deje-de-abusar\\\/#primaryimage\"},\"thumbnailUrl\":\"https:\\\/\\\/diariotextual.com\\\/inicio\\\/wp-content\\\/uploads\\\/2019\\\/12\\\/perninihugotextual2019-1.jpg\",\"keywords\":[\"pernini\"],\"articleSection\":[\"A - PORTADA2\",\"SOCIEDAD\"],\"inLanguage\":\"es\"},{\"@type\":\"WebPage\",\"@id\":\"https:\\\/\\\/diariotextual.com\\\/inicio\\\/index.php\\\/2021\\\/12\\\/06\\\/el-denunciante-de-pernini-pidio-una-condena-firme-y-que-vaya-a-la-carcel-para-que-deje-de-abusar\\\/\",\"url\":\"https:\\\/\\\/diariotextual.com\\\/inicio\\\/index.php\\\/2021\\\/12\\\/06\\\/el-denunciante-de-pernini-pidio-una-condena-firme-y-que-vaya-a-la-carcel-para-que-deje-de-abusar\\\/\",\"name\":\"\u201cQue vaya a la c\u00e1rcel para que deje de abusar\u201d, dice el denunciante del cura Pernini - Diario Textual\",\"isPartOf\":{\"@id\":\"https:\\\/\\\/diariotextual.com\\\/inicio\\\/#website\"},\"primaryImageOfPage\":{\"@id\":\"https:\\\/\\\/diariotextual.com\\\/inicio\\\/index.php\\\/2021\\\/12\\\/06\\\/el-denunciante-de-pernini-pidio-una-condena-firme-y-que-vaya-a-la-carcel-para-que-deje-de-abusar\\\/#primaryimage\"},\"image\":{\"@id\":\"https:\\\/\\\/diariotextual.com\\\/inicio\\\/index.php\\\/2021\\\/12\\\/06\\\/el-denunciante-de-pernini-pidio-una-condena-firme-y-que-vaya-a-la-carcel-para-que-deje-de-abusar\\\/#primaryimage\"},\"thumbnailUrl\":\"https:\\\/\\\/diariotextual.com\\\/inicio\\\/wp-content\\\/uploads\\\/2019\\\/12\\\/perninihugotextual2019-1.jpg\",\"datePublished\":\"2021-12-06T19:56:00+00:00\",\"dateModified\":\"2021-12-07T11:55:25+00:00\",\"breadcrumb\":{\"@id\":\"https:\\\/\\\/diariotextual.com\\\/inicio\\\/index.php\\\/2021\\\/12\\\/06\\\/el-denunciante-de-pernini-pidio-una-condena-firme-y-que-vaya-a-la-carcel-para-que-deje-de-abusar\\\/#breadcrumb\"},\"inLanguage\":\"es\",\"potentialAction\":[{\"@type\":\"ReadAction\",\"target\":[\"https:\\\/\\\/diariotextual.com\\\/inicio\\\/index.php\\\/2021\\\/12\\\/06\\\/el-denunciante-de-pernini-pidio-una-condena-firme-y-que-vaya-a-la-carcel-para-que-deje-de-abusar\\\/\"]}]},{\"@type\":\"ImageObject\",\"inLanguage\":\"es\",\"@id\":\"https:\\\/\\\/diariotextual.com\\\/inicio\\\/index.php\\\/2021\\\/12\\\/06\\\/el-denunciante-de-pernini-pidio-una-condena-firme-y-que-vaya-a-la-carcel-para-que-deje-de-abusar\\\/#primaryimage\",\"url\":\"https:\\\/\\\/diariotextual.com\\\/inicio\\\/wp-content\\\/uploads\\\/2019\\\/12\\\/perninihugotextual2019-1.jpg\",\"contentUrl\":\"https:\\\/\\\/diariotextual.com\\\/inicio\\\/wp-content\\\/uploads\\\/2019\\\/12\\\/perninihugotextual2019-1.jpg\",\"width\":1500,\"height\":844},{\"@type\":\"BreadcrumbList\",\"@id\":\"https:\\\/\\\/diariotextual.com\\\/inicio\\\/index.php\\\/2021\\\/12\\\/06\\\/el-denunciante-de-pernini-pidio-una-condena-firme-y-que-vaya-a-la-carcel-para-que-deje-de-abusar\\\/#breadcrumb\",\"itemListElement\":[{\"@type\":\"ListItem\",\"position\":1,\"name\":\"Portada\",\"item\":\"https:\\\/\\\/diariotextual.com\\\/inicio\\\/\"},{\"@type\":\"ListItem\",\"position\":2,\"name\":\"\u201cQue vaya a la c\u00e1rcel para que deje de abusar\u201d, dice el denunciante del cura Pernini\"}]},{\"@type\":\"WebSite\",\"@id\":\"https:\\\/\\\/diariotextual.com\\\/inicio\\\/#website\",\"url\":\"https:\\\/\\\/diariotextual.com\\\/inicio\\\/\",\"name\":\"Diario Textual\",\"description\":\"\",\"publisher\":{\"@id\":\"https:\\\/\\\/diariotextual.com\\\/inicio\\\/#organization\"},\"potentialAction\":[{\"@type\":\"SearchAction\",\"target\":{\"@type\":\"EntryPoint\",\"urlTemplate\":\"https:\\\/\\\/diariotextual.com\\\/inicio\\\/?s={search_term_string}\"},\"query-input\":{\"@type\":\"PropertyValueSpecification\",\"valueRequired\":true,\"valueName\":\"search_term_string\"}}],\"inLanguage\":\"es\"},{\"@type\":\"Organization\",\"@id\":\"https:\\\/\\\/diariotextual.com\\\/inicio\\\/#organization\",\"name\":\"Diario Textual\",\"url\":\"https:\\\/\\\/diariotextual.com\\\/inicio\\\/\",\"logo\":{\"@type\":\"ImageObject\",\"inLanguage\":\"es\",\"@id\":\"https:\\\/\\\/diariotextual.com\\\/inicio\\\/#\\\/schema\\\/logo\\\/image\\\/\",\"url\":\"https:\\\/\\\/diariotextual.com\\\/inicio\\\/wp-content\\\/uploads\\\/2023\\\/05\\\/logotextual1.jpg\",\"contentUrl\":\"https:\\\/\\\/diariotextual.com\\\/inicio\\\/wp-content\\\/uploads\\\/2023\\\/05\\\/logotextual1.jpg\",\"width\":516,\"height\":76,\"caption\":\"Diario Textual\"},\"image\":{\"@id\":\"https:\\\/\\\/diariotextual.com\\\/inicio\\\/#\\\/schema\\\/logo\\\/image\\\/\"},\"sameAs\":[\"https:\\\/\\\/www.facebook.com\\\/eltextual\",\"https:\\\/\\\/x.com\\\/eltextual\",\"http:\\\/\\\/www.instagram.com\\\/eltextual\"]},{\"@type\":\"Person\",\"@id\":\"https:\\\/\\\/diariotextual.com\\\/inicio\\\/#\\\/schema\\\/person\\\/c7834961ad8b29b1d9cdbf4571299067\",\"name\":\"diario5\",\"image\":{\"@type\":\"ImageObject\",\"inLanguage\":\"es\",\"@id\":\"https:\\\/\\\/secure.gravatar.com\\\/avatar\\\/948c893b847ca6df68216ead81b63f363408ec9b0f600fefc0641ce78613b111?s=96&d=mm&r=g\",\"url\":\"https:\\\/\\\/secure.gravatar.com\\\/avatar\\\/948c893b847ca6df68216ead81b63f363408ec9b0f600fefc0641ce78613b111?s=96&d=mm&r=g\",\"contentUrl\":\"https:\\\/\\\/secure.gravatar.com\\\/avatar\\\/948c893b847ca6df68216ead81b63f363408ec9b0f600fefc0641ce78613b111?s=96&d=mm&r=g\",\"caption\":\"diario5\"},\"url\":\"https:\\\/\\\/diariotextual.com\\\/inicio\\\/index.php\\\/author\\\/diario5\\\/\"}]}<\/script>\n<!-- \/ Yoast SEO plugin. -->","yoast_head_json":{"title":"\u201cQue vaya a la c\u00e1rcel para que deje de abusar\u201d, dice el denunciante del cura Pernini - Diario Textual","robots":{"index":"index","follow":"follow","max-snippet":"max-snippet:-1","max-image-preview":"max-image-preview:large","max-video-preview":"max-video-preview:-1"},"canonical":"https:\/\/diariotextual.com\/inicio\/index.php\/2021\/12\/06\/el-denunciante-de-pernini-pidio-una-condena-firme-y-que-vaya-a-la-carcel-para-que-deje-de-abusar\/","og_locale":"es_ES","og_type":"article","og_title":"\u201cQue vaya a la c\u00e1rcel para que deje de abusar\u201d, dice el denunciante del cura Pernini - Diario Textual","og_description":"\u201cQue vaya a la c\u00e1rcel para que deje de abusar\u00bb. As\u00ed lo dijo Agust\u00edn, nombre ficticio para mantener en reserva su identidad. el joven que hace dos a\u00f1os denunci\u00f3 al&hellip;","og_url":"https:\/\/diariotextual.com\/inicio\/index.php\/2021\/12\/06\/el-denunciante-de-pernini-pidio-una-condena-firme-y-que-vaya-a-la-carcel-para-que-deje-de-abusar\/","og_site_name":"Diario Textual","article_publisher":"https:\/\/www.facebook.com\/eltextual","article_published_time":"2021-12-06T19:56:00+00:00","article_modified_time":"2021-12-07T11:55:25+00:00","og_image":[{"width":1500,"height":844,"url":"https:\/\/diariotextual.com\/inicio\/wp-content\/uploads\/2019\/12\/perninihugotextual2019-1.jpg","type":"image\/jpeg"}],"author":"diario5","twitter_card":"summary_large_image","twitter_creator":"@eltextual","twitter_site":"@eltextual","twitter_misc":{"Escrito por":"diario5","Tiempo de lectura":"2 minutos"},"schema":{"@context":"https:\/\/schema.org","@graph":[{"@type":"Article","@id":"https:\/\/diariotextual.com\/inicio\/index.php\/2021\/12\/06\/el-denunciante-de-pernini-pidio-una-condena-firme-y-que-vaya-a-la-carcel-para-que-deje-de-abusar\/#article","isPartOf":{"@id":"https:\/\/diariotextual.com\/inicio\/index.php\/2021\/12\/06\/el-denunciante-de-pernini-pidio-una-condena-firme-y-que-vaya-a-la-carcel-para-que-deje-de-abusar\/"},"author":{"name":"diario5","@id":"https:\/\/diariotextual.com\/inicio\/#\/schema\/person\/c7834961ad8b29b1d9cdbf4571299067"},"headline":"\u201cQue vaya a la c\u00e1rcel para que deje de abusar\u201d, dice el denunciante del cura Pernini","datePublished":"2021-12-06T19:56:00+00:00","dateModified":"2021-12-07T11:55:25+00:00","mainEntityOfPage":{"@id":"https:\/\/diariotextual.com\/inicio\/index.php\/2021\/12\/06\/el-denunciante-de-pernini-pidio-una-condena-firme-y-que-vaya-a-la-carcel-para-que-deje-de-abusar\/"},"wordCount":452,"publisher":{"@id":"https:\/\/diariotextual.com\/inicio\/#organization"},"image":{"@id":"https:\/\/diariotextual.com\/inicio\/index.php\/2021\/12\/06\/el-denunciante-de-pernini-pidio-una-condena-firme-y-que-vaya-a-la-carcel-para-que-deje-de-abusar\/#primaryimage"},"thumbnailUrl":"https:\/\/diariotextual.com\/inicio\/wp-content\/uploads\/2019\/12\/perninihugotextual2019-1.jpg","keywords":["pernini"],"articleSection":["A - PORTADA2","SOCIEDAD"],"inLanguage":"es"},{"@type":"WebPage","@id":"https:\/\/diariotextual.com\/inicio\/index.php\/2021\/12\/06\/el-denunciante-de-pernini-pidio-una-condena-firme-y-que-vaya-a-la-carcel-para-que-deje-de-abusar\/","url":"https:\/\/diariotextual.com\/inicio\/index.php\/2021\/12\/06\/el-denunciante-de-pernini-pidio-una-condena-firme-y-que-vaya-a-la-carcel-para-que-deje-de-abusar\/","name":"\u201cQue vaya a la c\u00e1rcel para que deje de abusar\u201d, dice el denunciante del cura Pernini - Diario Textual","isPartOf":{"@id":"https:\/\/diariotextual.com\/inicio\/#website"},"primaryImageOfPage":{"@id":"https:\/\/diariotextual.com\/inicio\/index.php\/2021\/12\/06\/el-denunciante-de-pernini-pidio-una-condena-firme-y-que-vaya-a-la-carcel-para-que-deje-de-abusar\/#primaryimage"},"image":{"@id":"https:\/\/diariotextual.com\/inicio\/index.php\/2021\/12\/06\/el-denunciante-de-pernini-pidio-una-condena-firme-y-que-vaya-a-la-carcel-para-que-deje-de-abusar\/#primaryimage"},"thumbnailUrl":"https:\/\/diariotextual.com\/inicio\/wp-content\/uploads\/2019\/12\/perninihugotextual2019-1.jpg","datePublished":"2021-12-06T19:56:00+00:00","dateModified":"2021-12-07T11:55:25+00:00","breadcrumb":{"@id":"https:\/\/diariotextual.com\/inicio\/index.php\/2021\/12\/06\/el-denunciante-de-pernini-pidio-una-condena-firme-y-que-vaya-a-la-carcel-para-que-deje-de-abusar\/#breadcrumb"},"inLanguage":"es","potentialAction":[{"@type":"ReadAction","target":["https:\/\/diariotextual.com\/inicio\/index.php\/2021\/12\/06\/el-denunciante-de-pernini-pidio-una-condena-firme-y-que-vaya-a-la-carcel-para-que-deje-de-abusar\/"]}]},{"@type":"ImageObject","inLanguage":"es","@id":"https:\/\/diariotextual.com\/inicio\/index.php\/2021\/12\/06\/el-denunciante-de-pernini-pidio-una-condena-firme-y-que-vaya-a-la-carcel-para-que-deje-de-abusar\/#primaryimage","url":"https:\/\/diariotextual.com\/inicio\/wp-content\/uploads\/2019\/12\/perninihugotextual2019-1.jpg","contentUrl":"https:\/\/diariotextual.com\/inicio\/wp-content\/uploads\/2019\/12\/perninihugotextual2019-1.jpg","width":1500,"height":844},{"@type":"BreadcrumbList","@id":"https:\/\/diariotextual.com\/inicio\/index.php\/2021\/12\/06\/el-denunciante-de-pernini-pidio-una-condena-firme-y-que-vaya-a-la-carcel-para-que-deje-de-abusar\/#breadcrumb","itemListElement":[{"@type":"ListItem","position":1,"name":"Portada","item":"https:\/\/diariotextual.com\/inicio\/"},{"@type":"ListItem","position":2,"name":"\u201cQue vaya a la c\u00e1rcel para que deje de abusar\u201d, dice el denunciante del cura Pernini"}]},{"@type":"WebSite","@id":"https:\/\/diariotextual.com\/inicio\/#website","url":"https:\/\/diariotextual.com\/inicio\/","name":"Diario Textual","description":"","publisher":{"@id":"https:\/\/diariotextual.com\/inicio\/#organization"},"potentialAction":[{"@type":"SearchAction","target":{"@type":"EntryPoint","urlTemplate":"https:\/\/diariotextual.com\/inicio\/?s={search_term_string}"},"query-input":{"@type":"PropertyValueSpecification","valueRequired":true,"valueName":"search_term_string"}}],"inLanguage":"es"},{"@type":"Organization","@id":"https:\/\/diariotextual.com\/inicio\/#organization","name":"Diario Textual","url":"https:\/\/diariotextual.com\/inicio\/","logo":{"@type":"ImageObject","inLanguage":"es","@id":"https:\/\/diariotextual.com\/inicio\/#\/schema\/logo\/image\/","url":"https:\/\/diariotextual.com\/inicio\/wp-content\/uploads\/2023\/05\/logotextual1.jpg","contentUrl":"https:\/\/diariotextual.com\/inicio\/wp-content\/uploads\/2023\/05\/logotextual1.jpg","width":516,"height":76,"caption":"Diario Textual"},"image":{"@id":"https:\/\/diariotextual.com\/inicio\/#\/schema\/logo\/image\/"},"sameAs":["https:\/\/www.facebook.com\/eltextual","https:\/\/x.com\/eltextual","http:\/\/www.instagram.com\/eltextual"]},{"@type":"Person","@id":"https:\/\/diariotextual.com\/inicio\/#\/schema\/person\/c7834961ad8b29b1d9cdbf4571299067","name":"diario5","image":{"@type":"ImageObject","inLanguage":"es","@id":"https:\/\/secure.gravatar.com\/avatar\/948c893b847ca6df68216ead81b63f363408ec9b0f600fefc0641ce78613b111?s=96&d=mm&r=g","url":"https:\/\/secure.gravatar.com\/avatar\/948c893b847ca6df68216ead81b63f363408ec9b0f600fefc0641ce78613b111?s=96&d=mm&r=g","contentUrl":"https:\/\/secure.gravatar.com\/avatar\/948c893b847ca6df68216ead81b63f363408ec9b0f600fefc0641ce78613b111?s=96&d=mm&r=g","caption":"diario5"},"url":"https:\/\/diariotextual.com\/inicio\/index.php\/author\/diario5\/"}]}},"_links":{"self":[{"href":"https:\/\/diariotextual.com\/inicio\/index.php\/wp-json\/wp\/v2\/posts\/171606","targetHints":{"allow":["GET"]}}],"collection":[{"href":"https:\/\/diariotextual.com\/inicio\/index.php\/wp-json\/wp\/v2\/posts"}],"about":[{"href":"https:\/\/diariotextual.com\/inicio\/index.php\/wp-json\/wp\/v2\/types\/post"}],"author":[{"embeddable":true,"href":"https:\/\/diariotextual.com\/inicio\/index.php\/wp-json\/wp\/v2\/users\/7"}],"replies":[{"embeddable":true,"href":"https:\/\/diariotextual.com\/inicio\/index.php\/wp-json\/wp\/v2\/comments?post=171606"}],"version-history":[{"count":10,"href":"https:\/\/diariotextual.com\/inicio\/index.php\/wp-json\/wp\/v2\/posts\/171606\/revisions"}],"predecessor-version":[{"id":171791,"href":"https:\/\/diariotextual.com\/inicio\/index.php\/wp-json\/wp\/v2\/posts\/171606\/revisions\/171791"}],"wp:featuredmedia":[{"embeddable":true,"href":"https:\/\/diariotextual.com\/inicio\/index.php\/wp-json\/wp\/v2\/media\/72240"}],"wp:attachment":[{"href":"https:\/\/diariotextual.com\/inicio\/index.php\/wp-json\/wp\/v2\/media?parent=171606"}],"wp:term":[{"taxonomy":"category","embeddable":true,"href":"https:\/\/diariotextual.com\/inicio\/index.php\/wp-json\/wp\/v2\/categories?post=171606"},{"taxonomy":"post_tag","embeddable":true,"href":"https:\/\/diariotextual.com\/inicio\/index.php\/wp-json\/wp\/v2\/tags?post=171606"}],"curies":[{"name":"wp","href":"https:\/\/api.w.org\/{rel}","templated":true}]}}