{"id":171633,"date":"2021-12-06T11:18:35","date_gmt":"2021-12-06T14:18:35","guid":{"rendered":"https:\/\/diariotextual.com\/inicio\/?p=171633"},"modified":"2021-12-06T11:18:37","modified_gmt":"2021-12-06T14:18:37","slug":"una-multitud-acompano-la-fiesta-kuruv-antu-en-la-humada","status":"publish","type":"post","link":"https:\/\/diariotextual.com\/inicio\/index.php\/2021\/12\/06\/una-multitud-acompano-la-fiesta-kuruv-antu-en-la-humada\/","title":{"rendered":"Una multitud acompa\u00f1\u00f3 la fiesta Kur\u00fbv Antu en La Humada"},"content":{"rendered":"\n<p>Las fiestas regionales siguen potenciando el turismo receptivo y en este caso La Humada concret\u00f3 una nueva edici\u00f3n de la fiesta Kur\u00fbv Antu (el viento y el sol) con presencia de visitantes de provincias vecinas y de un gran n\u00famero de pampeanos.<\/p>\n\n\n\n<p>Todo comenz\u00f3 el s\u00e1bado con un gran desfile por la calle principal de la localidad, para continuar por la tarde con destrezas criollas y por la noche folklore. El acto de apertura fue encabezado por el intendente Leonardo Pereyra, quien estuvo acompa\u00f1ado por los intendentes de 25 de Mayo, Santa Isabel, Limay Mahuida, Puel\u00e9n y el vice intendente de Algarrobo del \u00c1guila.<br><\/p>\n\n\n\n<p>\u00abEstamos muy contentos por esta nueva edici\u00f3n de la Fiesta del Kur\u00fbv Antu, por la enorme participaci\u00f3n no solo de los vecinos sino de much\u00edsima gente de toda la zona, muchos centros tradicionalistas desfilando, las instituciones de la localidad y un marco de gente muy importante\u201d, dijo el jefe comunal a la Agencia Provincia de Noticias.<\/p>\n\n\n\n<p>\u00abQuiero destacar la cantidad de kil\u00f3metros que hicieron para venir a decir presente y desfilar en esta nueva edici\u00f3n y nosotros orgullosos de poder recibirlos y atenderlos en nuestro pueblo\u201d, afirm\u00f3.<\/p>\n","protected":false},"excerpt":{"rendered":"<p>Las fiestas regionales siguen potenciando el turismo receptivo y en este caso La Humada concret\u00f3 una nueva edici\u00f3n de la fiesta Kur\u00fbv Antu (el viento y el sol) con presencia&hellip;<\/p>\n","protected":false},"author":3,"featured_media":171634,"comment_status":"closed","ping_status":"open","sticky":false,"template":"","format":"standard","meta":{"_acf_changed":false,"footnotes":""},"categories":[1,2],"tags":[2579],"class_list":["post-171633","post","type-post","status-publish","format-standard","has-post-thumbnail","hentry","category-es-noticia","category-cultura","tag-humada"],"acf":[],"yoast_head":"<!-- This site is optimized with the Yoast SEO plugin v27.5 - https:\/\/yoast.com\/product\/yoast-seo-wordpress\/ -->\n<title>Una multitud acompa\u00f1\u00f3 la fiesta Kur\u00fbv Antu en La Humada - Diario Textual<\/title>\n<meta name=\"robots\" content=\"index, follow, max-snippet:-1, max-image-preview:large, max-video-preview:-1\" \/>\n<link rel=\"canonical\" href=\"https:\/\/diariotextual.com\/inicio\/index.php\/2021\/12\/06\/una-multitud-acompano-la-fiesta-kuruv-antu-en-la-humada\/\" \/>\n<meta property=\"og:locale\" content=\"es_ES\" \/>\n<meta property=\"og:type\" content=\"article\" \/>\n<meta property=\"og:title\" content=\"Una multitud acompa\u00f1\u00f3 la fiesta Kur\u00fbv Antu en La Humada - Diario Textual\" \/>\n<meta property=\"og:description\" content=\"Las fiestas regionales siguen potenciando el turismo receptivo y en este caso La Humada concret\u00f3 una nueva edici\u00f3n de la fiesta Kur\u00fbv Antu (el viento y el sol) con presencia&hellip;\" \/>\n<meta property=\"og:url\" content=\"https:\/\/diariotextual.com\/inicio\/index.php\/2021\/12\/06\/una-multitud-acompano-la-fiesta-kuruv-antu-en-la-humada\/\" \/>\n<meta property=\"og:site_name\" content=\"Diario Textual\" \/>\n<meta property=\"article:publisher\" content=\"https:\/\/www.facebook.com\/eltextual\" \/>\n<meta property=\"article:published_time\" content=\"2021-12-06T14:18:35+00:00\" \/>\n<meta property=\"article:modified_time\" content=\"2021-12-06T14:18:37+00:00\" \/>\n<meta property=\"og:image\" content=\"https:\/\/diariotextual.com\/inicio\/wp-content\/uploads\/2021\/12\/fiestakuruvantulahumada2021-1.jpg\" \/>\n\t<meta property=\"og:image:width\" content=\"1333\" \/>\n\t<meta property=\"og:image:height\" content=\"1000\" \/>\n\t<meta property=\"og:image:type\" content=\"image\/jpeg\" \/>\n<meta name=\"author\" content=\"Diario1 Diario1\" \/>\n<meta name=\"twitter:card\" content=\"summary_large_image\" \/>\n<meta name=\"twitter:creator\" content=\"@eltextual\" \/>\n<meta name=\"twitter:site\" content=\"@eltextual\" \/>\n<meta name=\"twitter:label1\" content=\"Escrito por\" \/>\n\t<meta name=\"twitter:data1\" content=\"Diario1 Diario1\" \/>\n\t<meta name=\"twitter:label2\" content=\"Tiempo de lectura\" \/>\n\t<meta name=\"twitter:data2\" content=\"1 minuto\" \/>\n<script type=\"application\/ld+json\" class=\"yoast-schema-graph\">{\"@context\":\"https:\\\/\\\/schema.org\",\"@graph\":[{\"@type\":\"Article\",\"@id\":\"https:\\\/\\\/diariotextual.com\\\/inicio\\\/index.php\\\/2021\\\/12\\\/06\\\/una-multitud-acompano-la-fiesta-kuruv-antu-en-la-humada\\\/#article\",\"isPartOf\":{\"@id\":\"https:\\\/\\\/diariotextual.com\\\/inicio\\\/index.php\\\/2021\\\/12\\\/06\\\/una-multitud-acompano-la-fiesta-kuruv-antu-en-la-humada\\\/\"},\"author\":{\"name\":\"Diario1 Diario1\",\"@id\":\"https:\\\/\\\/diariotextual.com\\\/inicio\\\/#\\\/schema\\\/person\\\/418fc4093c33e86ed41562db3508f958\"},\"headline\":\"Una multitud acompa\u00f1\u00f3 la fiesta Kur\u00fbv Antu en La Humada\",\"datePublished\":\"2021-12-06T14:18:35+00:00\",\"dateModified\":\"2021-12-06T14:18:37+00:00\",\"mainEntityOfPage\":{\"@id\":\"https:\\\/\\\/diariotextual.com\\\/inicio\\\/index.php\\\/2021\\\/12\\\/06\\\/una-multitud-acompano-la-fiesta-kuruv-antu-en-la-humada\\\/\"},\"wordCount\":213,\"publisher\":{\"@id\":\"https:\\\/\\\/diariotextual.com\\\/inicio\\\/#organization\"},\"image\":{\"@id\":\"https:\\\/\\\/diariotextual.com\\\/inicio\\\/index.php\\\/2021\\\/12\\\/06\\\/una-multitud-acompano-la-fiesta-kuruv-antu-en-la-humada\\\/#primaryimage\"},\"thumbnailUrl\":\"https:\\\/\\\/diariotextual.com\\\/inicio\\\/wp-content\\\/uploads\\\/2021\\\/12\\\/fiestakuruvantulahumada2021-1.jpg\",\"keywords\":[\"humada\"],\"articleSection\":[\"A - ES NOTICIA (van abajo)\",\"CULTURA\"],\"inLanguage\":\"es\"},{\"@type\":\"WebPage\",\"@id\":\"https:\\\/\\\/diariotextual.com\\\/inicio\\\/index.php\\\/2021\\\/12\\\/06\\\/una-multitud-acompano-la-fiesta-kuruv-antu-en-la-humada\\\/\",\"url\":\"https:\\\/\\\/diariotextual.com\\\/inicio\\\/index.php\\\/2021\\\/12\\\/06\\\/una-multitud-acompano-la-fiesta-kuruv-antu-en-la-humada\\\/\",\"name\":\"Una multitud acompa\u00f1\u00f3 la fiesta Kur\u00fbv Antu en La Humada - Diario Textual\",\"isPartOf\":{\"@id\":\"https:\\\/\\\/diariotextual.com\\\/inicio\\\/#website\"},\"primaryImageOfPage\":{\"@id\":\"https:\\\/\\\/diariotextual.com\\\/inicio\\\/index.php\\\/2021\\\/12\\\/06\\\/una-multitud-acompano-la-fiesta-kuruv-antu-en-la-humada\\\/#primaryimage\"},\"image\":{\"@id\":\"https:\\\/\\\/diariotextual.com\\\/inicio\\\/index.php\\\/2021\\\/12\\\/06\\\/una-multitud-acompano-la-fiesta-kuruv-antu-en-la-humada\\\/#primaryimage\"},\"thumbnailUrl\":\"https:\\\/\\\/diariotextual.com\\\/inicio\\\/wp-content\\\/uploads\\\/2021\\\/12\\\/fiestakuruvantulahumada2021-1.jpg\",\"datePublished\":\"2021-12-06T14:18:35+00:00\",\"dateModified\":\"2021-12-06T14:18:37+00:00\",\"breadcrumb\":{\"@id\":\"https:\\\/\\\/diariotextual.com\\\/inicio\\\/index.php\\\/2021\\\/12\\\/06\\\/una-multitud-acompano-la-fiesta-kuruv-antu-en-la-humada\\\/#breadcrumb\"},\"inLanguage\":\"es\",\"potentialAction\":[{\"@type\":\"ReadAction\",\"target\":[\"https:\\\/\\\/diariotextual.com\\\/inicio\\\/index.php\\\/2021\\\/12\\\/06\\\/una-multitud-acompano-la-fiesta-kuruv-antu-en-la-humada\\\/\"]}]},{\"@type\":\"ImageObject\",\"inLanguage\":\"es\",\"@id\":\"https:\\\/\\\/diariotextual.com\\\/inicio\\\/index.php\\\/2021\\\/12\\\/06\\\/una-multitud-acompano-la-fiesta-kuruv-antu-en-la-humada\\\/#primaryimage\",\"url\":\"https:\\\/\\\/diariotextual.com\\\/inicio\\\/wp-content\\\/uploads\\\/2021\\\/12\\\/fiestakuruvantulahumada2021-1.jpg\",\"contentUrl\":\"https:\\\/\\\/diariotextual.com\\\/inicio\\\/wp-content\\\/uploads\\\/2021\\\/12\\\/fiestakuruvantulahumada2021-1.jpg\",\"width\":1333,\"height\":1000},{\"@type\":\"BreadcrumbList\",\"@id\":\"https:\\\/\\\/diariotextual.com\\\/inicio\\\/index.php\\\/2021\\\/12\\\/06\\\/una-multitud-acompano-la-fiesta-kuruv-antu-en-la-humada\\\/#breadcrumb\",\"itemListElement\":[{\"@type\":\"ListItem\",\"position\":1,\"name\":\"Portada\",\"item\":\"https:\\\/\\\/diariotextual.com\\\/inicio\\\/\"},{\"@type\":\"ListItem\",\"position\":2,\"name\":\"Una multitud acompa\u00f1\u00f3 la fiesta Kur\u00fbv Antu en La Humada\"}]},{\"@type\":\"WebSite\",\"@id\":\"https:\\\/\\\/diariotextual.com\\\/inicio\\\/#website\",\"url\":\"https:\\\/\\\/diariotextual.com\\\/inicio\\\/\",\"name\":\"Diario Textual\",\"description\":\"\",\"publisher\":{\"@id\":\"https:\\\/\\\/diariotextual.com\\\/inicio\\\/#organization\"},\"potentialAction\":[{\"@type\":\"SearchAction\",\"target\":{\"@type\":\"EntryPoint\",\"urlTemplate\":\"https:\\\/\\\/diariotextual.com\\\/inicio\\\/?s={search_term_string}\"},\"query-input\":{\"@type\":\"PropertyValueSpecification\",\"valueRequired\":true,\"valueName\":\"search_term_string\"}}],\"inLanguage\":\"es\"},{\"@type\":\"Organization\",\"@id\":\"https:\\\/\\\/diariotextual.com\\\/inicio\\\/#organization\",\"name\":\"Diario Textual\",\"url\":\"https:\\\/\\\/diariotextual.com\\\/inicio\\\/\",\"logo\":{\"@type\":\"ImageObject\",\"inLanguage\":\"es\",\"@id\":\"https:\\\/\\\/diariotextual.com\\\/inicio\\\/#\\\/schema\\\/logo\\\/image\\\/\",\"url\":\"https:\\\/\\\/diariotextual.com\\\/inicio\\\/wp-content\\\/uploads\\\/2023\\\/05\\\/logotextual1.jpg\",\"contentUrl\":\"https:\\\/\\\/diariotextual.com\\\/inicio\\\/wp-content\\\/uploads\\\/2023\\\/05\\\/logotextual1.jpg\",\"width\":516,\"height\":76,\"caption\":\"Diario Textual\"},\"image\":{\"@id\":\"https:\\\/\\\/diariotextual.com\\\/inicio\\\/#\\\/schema\\\/logo\\\/image\\\/\"},\"sameAs\":[\"https:\\\/\\\/www.facebook.com\\\/eltextual\",\"https:\\\/\\\/x.com\\\/eltextual\",\"http:\\\/\\\/www.instagram.com\\\/eltextual\"]},{\"@type\":\"Person\",\"@id\":\"https:\\\/\\\/diariotextual.com\\\/inicio\\\/#\\\/schema\\\/person\\\/418fc4093c33e86ed41562db3508f958\",\"name\":\"Diario1 Diario1\",\"image\":{\"@type\":\"ImageObject\",\"inLanguage\":\"es\",\"@id\":\"https:\\\/\\\/secure.gravatar.com\\\/avatar\\\/9167d280179c85bc18be67aa7eda765854300033af4896dd779b608640f2ef7a?s=96&d=mm&r=g\",\"url\":\"https:\\\/\\\/secure.gravatar.com\\\/avatar\\\/9167d280179c85bc18be67aa7eda765854300033af4896dd779b608640f2ef7a?s=96&d=mm&r=g\",\"contentUrl\":\"https:\\\/\\\/secure.gravatar.com\\\/avatar\\\/9167d280179c85bc18be67aa7eda765854300033af4896dd779b608640f2ef7a?s=96&d=mm&r=g\",\"caption\":\"Diario1 Diario1\"},\"url\":\"https:\\\/\\\/diariotextual.com\\\/inicio\\\/index.php\\\/author\\\/diario1\\\/\"}]}<\/script>\n<!-- \/ Yoast SEO plugin. -->","yoast_head_json":{"title":"Una multitud acompa\u00f1\u00f3 la fiesta Kur\u00fbv Antu en La Humada - Diario Textual","robots":{"index":"index","follow":"follow","max-snippet":"max-snippet:-1","max-image-preview":"max-image-preview:large","max-video-preview":"max-video-preview:-1"},"canonical":"https:\/\/diariotextual.com\/inicio\/index.php\/2021\/12\/06\/una-multitud-acompano-la-fiesta-kuruv-antu-en-la-humada\/","og_locale":"es_ES","og_type":"article","og_title":"Una multitud acompa\u00f1\u00f3 la fiesta Kur\u00fbv Antu en La Humada - Diario Textual","og_description":"Las fiestas regionales siguen potenciando el turismo receptivo y en este caso La Humada concret\u00f3 una nueva edici\u00f3n de la fiesta Kur\u00fbv Antu (el viento y el sol) con presencia&hellip;","og_url":"https:\/\/diariotextual.com\/inicio\/index.php\/2021\/12\/06\/una-multitud-acompano-la-fiesta-kuruv-antu-en-la-humada\/","og_site_name":"Diario Textual","article_publisher":"https:\/\/www.facebook.com\/eltextual","article_published_time":"2021-12-06T14:18:35+00:00","article_modified_time":"2021-12-06T14:18:37+00:00","og_image":[{"width":1333,"height":1000,"url":"https:\/\/diariotextual.com\/inicio\/wp-content\/uploads\/2021\/12\/fiestakuruvantulahumada2021-1.jpg","type":"image\/jpeg"}],"author":"Diario1 Diario1","twitter_card":"summary_large_image","twitter_creator":"@eltextual","twitter_site":"@eltextual","twitter_misc":{"Escrito por":"Diario1 Diario1","Tiempo de lectura":"1 minuto"},"schema":{"@context":"https:\/\/schema.org","@graph":[{"@type":"Article","@id":"https:\/\/diariotextual.com\/inicio\/index.php\/2021\/12\/06\/una-multitud-acompano-la-fiesta-kuruv-antu-en-la-humada\/#article","isPartOf":{"@id":"https:\/\/diariotextual.com\/inicio\/index.php\/2021\/12\/06\/una-multitud-acompano-la-fiesta-kuruv-antu-en-la-humada\/"},"author":{"name":"Diario1 Diario1","@id":"https:\/\/diariotextual.com\/inicio\/#\/schema\/person\/418fc4093c33e86ed41562db3508f958"},"headline":"Una multitud acompa\u00f1\u00f3 la fiesta Kur\u00fbv Antu en La Humada","datePublished":"2021-12-06T14:18:35+00:00","dateModified":"2021-12-06T14:18:37+00:00","mainEntityOfPage":{"@id":"https:\/\/diariotextual.com\/inicio\/index.php\/2021\/12\/06\/una-multitud-acompano-la-fiesta-kuruv-antu-en-la-humada\/"},"wordCount":213,"publisher":{"@id":"https:\/\/diariotextual.com\/inicio\/#organization"},"image":{"@id":"https:\/\/diariotextual.com\/inicio\/index.php\/2021\/12\/06\/una-multitud-acompano-la-fiesta-kuruv-antu-en-la-humada\/#primaryimage"},"thumbnailUrl":"https:\/\/diariotextual.com\/inicio\/wp-content\/uploads\/2021\/12\/fiestakuruvantulahumada2021-1.jpg","keywords":["humada"],"articleSection":["A - ES NOTICIA (van abajo)","CULTURA"],"inLanguage":"es"},{"@type":"WebPage","@id":"https:\/\/diariotextual.com\/inicio\/index.php\/2021\/12\/06\/una-multitud-acompano-la-fiesta-kuruv-antu-en-la-humada\/","url":"https:\/\/diariotextual.com\/inicio\/index.php\/2021\/12\/06\/una-multitud-acompano-la-fiesta-kuruv-antu-en-la-humada\/","name":"Una multitud acompa\u00f1\u00f3 la fiesta Kur\u00fbv Antu en La Humada - Diario Textual","isPartOf":{"@id":"https:\/\/diariotextual.com\/inicio\/#website"},"primaryImageOfPage":{"@id":"https:\/\/diariotextual.com\/inicio\/index.php\/2021\/12\/06\/una-multitud-acompano-la-fiesta-kuruv-antu-en-la-humada\/#primaryimage"},"image":{"@id":"https:\/\/diariotextual.com\/inicio\/index.php\/2021\/12\/06\/una-multitud-acompano-la-fiesta-kuruv-antu-en-la-humada\/#primaryimage"},"thumbnailUrl":"https:\/\/diariotextual.com\/inicio\/wp-content\/uploads\/2021\/12\/fiestakuruvantulahumada2021-1.jpg","datePublished":"2021-12-06T14:18:35+00:00","dateModified":"2021-12-06T14:18:37+00:00","breadcrumb":{"@id":"https:\/\/diariotextual.com\/inicio\/index.php\/2021\/12\/06\/una-multitud-acompano-la-fiesta-kuruv-antu-en-la-humada\/#breadcrumb"},"inLanguage":"es","potentialAction":[{"@type":"ReadAction","target":["https:\/\/diariotextual.com\/inicio\/index.php\/2021\/12\/06\/una-multitud-acompano-la-fiesta-kuruv-antu-en-la-humada\/"]}]},{"@type":"ImageObject","inLanguage":"es","@id":"https:\/\/diariotextual.com\/inicio\/index.php\/2021\/12\/06\/una-multitud-acompano-la-fiesta-kuruv-antu-en-la-humada\/#primaryimage","url":"https:\/\/diariotextual.com\/inicio\/wp-content\/uploads\/2021\/12\/fiestakuruvantulahumada2021-1.jpg","contentUrl":"https:\/\/diariotextual.com\/inicio\/wp-content\/uploads\/2021\/12\/fiestakuruvantulahumada2021-1.jpg","width":1333,"height":1000},{"@type":"BreadcrumbList","@id":"https:\/\/diariotextual.com\/inicio\/index.php\/2021\/12\/06\/una-multitud-acompano-la-fiesta-kuruv-antu-en-la-humada\/#breadcrumb","itemListElement":[{"@type":"ListItem","position":1,"name":"Portada","item":"https:\/\/diariotextual.com\/inicio\/"},{"@type":"ListItem","position":2,"name":"Una multitud acompa\u00f1\u00f3 la fiesta Kur\u00fbv Antu en La Humada"}]},{"@type":"WebSite","@id":"https:\/\/diariotextual.com\/inicio\/#website","url":"https:\/\/diariotextual.com\/inicio\/","name":"Diario Textual","description":"","publisher":{"@id":"https:\/\/diariotextual.com\/inicio\/#organization"},"potentialAction":[{"@type":"SearchAction","target":{"@type":"EntryPoint","urlTemplate":"https:\/\/diariotextual.com\/inicio\/?s={search_term_string}"},"query-input":{"@type":"PropertyValueSpecification","valueRequired":true,"valueName":"search_term_string"}}],"inLanguage":"es"},{"@type":"Organization","@id":"https:\/\/diariotextual.com\/inicio\/#organization","name":"Diario Textual","url":"https:\/\/diariotextual.com\/inicio\/","logo":{"@type":"ImageObject","inLanguage":"es","@id":"https:\/\/diariotextual.com\/inicio\/#\/schema\/logo\/image\/","url":"https:\/\/diariotextual.com\/inicio\/wp-content\/uploads\/2023\/05\/logotextual1.jpg","contentUrl":"https:\/\/diariotextual.com\/inicio\/wp-content\/uploads\/2023\/05\/logotextual1.jpg","width":516,"height":76,"caption":"Diario Textual"},"image":{"@id":"https:\/\/diariotextual.com\/inicio\/#\/schema\/logo\/image\/"},"sameAs":["https:\/\/www.facebook.com\/eltextual","https:\/\/x.com\/eltextual","http:\/\/www.instagram.com\/eltextual"]},{"@type":"Person","@id":"https:\/\/diariotextual.com\/inicio\/#\/schema\/person\/418fc4093c33e86ed41562db3508f958","name":"Diario1 Diario1","image":{"@type":"ImageObject","inLanguage":"es","@id":"https:\/\/secure.gravatar.com\/avatar\/9167d280179c85bc18be67aa7eda765854300033af4896dd779b608640f2ef7a?s=96&d=mm&r=g","url":"https:\/\/secure.gravatar.com\/avatar\/9167d280179c85bc18be67aa7eda765854300033af4896dd779b608640f2ef7a?s=96&d=mm&r=g","contentUrl":"https:\/\/secure.gravatar.com\/avatar\/9167d280179c85bc18be67aa7eda765854300033af4896dd779b608640f2ef7a?s=96&d=mm&r=g","caption":"Diario1 Diario1"},"url":"https:\/\/diariotextual.com\/inicio\/index.php\/author\/diario1\/"}]}},"_links":{"self":[{"href":"https:\/\/diariotextual.com\/inicio\/index.php\/wp-json\/wp\/v2\/posts\/171633","targetHints":{"allow":["GET"]}}],"collection":[{"href":"https:\/\/diariotextual.com\/inicio\/index.php\/wp-json\/wp\/v2\/posts"}],"about":[{"href":"https:\/\/diariotextual.com\/inicio\/index.php\/wp-json\/wp\/v2\/types\/post"}],"author":[{"embeddable":true,"href":"https:\/\/diariotextual.com\/inicio\/index.php\/wp-json\/wp\/v2\/users\/3"}],"replies":[{"embeddable":true,"href":"https:\/\/diariotextual.com\/inicio\/index.php\/wp-json\/wp\/v2\/comments?post=171633"}],"version-history":[{"count":1,"href":"https:\/\/diariotextual.com\/inicio\/index.php\/wp-json\/wp\/v2\/posts\/171633\/revisions"}],"predecessor-version":[{"id":171635,"href":"https:\/\/diariotextual.com\/inicio\/index.php\/wp-json\/wp\/v2\/posts\/171633\/revisions\/171635"}],"wp:featuredmedia":[{"embeddable":true,"href":"https:\/\/diariotextual.com\/inicio\/index.php\/wp-json\/wp\/v2\/media\/171634"}],"wp:attachment":[{"href":"https:\/\/diariotextual.com\/inicio\/index.php\/wp-json\/wp\/v2\/media?parent=171633"}],"wp:term":[{"taxonomy":"category","embeddable":true,"href":"https:\/\/diariotextual.com\/inicio\/index.php\/wp-json\/wp\/v2\/categories?post=171633"},{"taxonomy":"post_tag","embeddable":true,"href":"https:\/\/diariotextual.com\/inicio\/index.php\/wp-json\/wp\/v2\/tags?post=171633"}],"curies":[{"name":"wp","href":"https:\/\/api.w.org\/{rel}","templated":true}]}}