{"id":171636,"date":"2021-12-06T11:25:12","date_gmt":"2021-12-06T14:25:12","guid":{"rendered":"https:\/\/diariotextual.com\/inicio\/?p=171636"},"modified":"2021-12-06T13:55:43","modified_gmt":"2021-12-06T16:55:43","slug":"un-dia-de-nostalgia-turismo-y-paseos-por-las-vias-en-hucal","status":"publish","type":"post","link":"https:\/\/diariotextual.com\/inicio\/index.php\/2021\/12\/06\/un-dia-de-nostalgia-turismo-y-paseos-por-las-vias-en-hucal\/","title":{"rendered":"Un d\u00eda de nostalgia, turismo y paseos por las v\u00edas en Hucal"},"content":{"rendered":"\n<p><strong>Hucal se visti\u00f3 de fiesta, con la presencia de alrededor de 300 personas que en gran parte colmaron los lugares previstos para el almuerzo, como as\u00ed tambi\u00e9n se distribuyeron por distintos lugares debajo de las sombras con los fuegos encendidos y disfrutando de un gran d\u00eda.<\/strong><\/p>\n\n\n\n<p>Todo estuvo organizado por la Asociaci\u00f3n Hucal Despierta. Hubo gente de varios lugares de La Pampa y de otros lugares de la provincia de Buenos Aires.<br><\/p>\n\n\n\n<p>Rememorando viejos tiempos ferroviarios, los visitantes pudieron disfrutar de una zorra a motor que concret\u00f3 un importante recorrido sobre las v\u00edas y entre caldenes para apreciar las bondades tur\u00edsticas de la zona.<\/p>\n\n\n\n<figure class=\"wp-block-image size-large\"><img fetchpriority=\"high\" decoding=\"async\" width=\"1024\" height=\"683\" src=\"https:\/\/diariotextual.com\/inicio\/wp-content\/uploads\/2021\/12\/hucalpueblofiesta2021-1-1024x683.jpg\" alt=\"\" class=\"wp-image-171637\" srcset=\"https:\/\/diariotextual.com\/inicio\/wp-content\/uploads\/2021\/12\/hucalpueblofiesta2021-1-1024x683.jpg 1024w, https:\/\/diariotextual.com\/inicio\/wp-content\/uploads\/2021\/12\/hucalpueblofiesta2021-1-300x200.jpg 300w, https:\/\/diariotextual.com\/inicio\/wp-content\/uploads\/2021\/12\/hucalpueblofiesta2021-1-768x513.jpg 768w, https:\/\/diariotextual.com\/inicio\/wp-content\/uploads\/2021\/12\/hucalpueblofiesta2021-1-1170x781.jpg 1170w, https:\/\/diariotextual.com\/inicio\/wp-content\/uploads\/2021\/12\/hucalpueblofiesta2021-1-585x390.jpg 585w, https:\/\/diariotextual.com\/inicio\/wp-content\/uploads\/2021\/12\/hucalpueblofiesta2021-1-263x175.jpg 263w, https:\/\/diariotextual.com\/inicio\/wp-content\/uploads\/2021\/12\/hucalpueblofiesta2021-1.jpg 1332w\" sizes=\"(max-width: 1024px) 100vw, 1024px\" \/><\/figure>\n\n\n\n<p><br><\/p>\n\n\n\n<p>Tito Gossio, presidente de Hucal Despierta, destac\u00f3 a la Agencia Provincial de Noticias este encuentro emotivo. \u00abEstamos muy agradecidos por toda la gente que nos acompa\u00f1\u00f3 en estas actividades que realizamos en Hucal ac\u00e1 estamos en la lucha, peleando como todos los d\u00edas a pulm\u00f3n y a la gente le gusta lo que hacemos y nos acompa\u00f1a. La pelea y el objetivo que tenemos es sacar Hucal adelante por eso nuestra asociaci\u00f3n se llama Hucal Despierta\u201d, dijo.<br><\/p>\n\n\n\n<p>\u00abLa pandemia paraliz\u00f3 todas las actividades que ven\u00edamos haciendo y esto es el relanzamiento, A Hucal llega much\u00edsima gente sobre todo los fines de semana. Hay s\u00e1bados y domingos que tenemos m\u00e1s de 400 personas visitando el pueblo para disfrutar los paseos en zorra, las visitas guiadas para conocer la historia de este pueblo ferroviario y de a poco vamos agregando nuevas cosas para los turistas\u201d, puntualiz\u00f3.<\/p>\n\n\n\n<p><br><\/p>\n\n\n\n<figure class=\"wp-block-image size-large\"><img decoding=\"async\" width=\"1024\" height=\"692\" src=\"https:\/\/diariotextual.com\/inicio\/wp-content\/uploads\/2021\/12\/hucalzorritaferrocarril2021-2-1024x692.jpg\" alt=\"\" class=\"wp-image-171638\" srcset=\"https:\/\/diariotextual.com\/inicio\/wp-content\/uploads\/2021\/12\/hucalzorritaferrocarril2021-2-1024x692.jpg 1024w, https:\/\/diariotextual.com\/inicio\/wp-content\/uploads\/2021\/12\/hucalzorritaferrocarril2021-2-300x203.jpg 300w, https:\/\/diariotextual.com\/inicio\/wp-content\/uploads\/2021\/12\/hucalzorritaferrocarril2021-2-768x519.jpg 768w, https:\/\/diariotextual.com\/inicio\/wp-content\/uploads\/2021\/12\/hucalzorritaferrocarril2021-2-1170x791.jpg 1170w, https:\/\/diariotextual.com\/inicio\/wp-content\/uploads\/2021\/12\/hucalzorritaferrocarril2021-2-585x395.jpg 585w, https:\/\/diariotextual.com\/inicio\/wp-content\/uploads\/2021\/12\/hucalzorritaferrocarril2021-2.jpg 1333w\" sizes=\"(max-width: 1024px) 100vw, 1024px\" \/><\/figure>\n\n\n\n<p>\u00abNecesitamos mucha ayuda para poner en marcha este pueblo con tanta historia, queremos reactivar la pileta para ofrecer otro servicio m\u00e1s a nuestros visitantes, ser\u00eda la segunda pileta p\u00fablica de la provincia de La Pampa\u00bb, dijo.<\/p>\n\n\n\n<p><br>Llegado desde M\u00e9danos, en la provincia de Buenos Aires, Carmelo Hagg estuvo con su zorra para recorrer un tramo de v\u00eda. \u00abVenir a Hucal siempre es una enorme satisfacci\u00f3n y m\u00e1s con este ambiente que tenemos hoy con esta fiesta que organiz\u00f3 la asociaci\u00f3n Hucal Despierta en pleno monte pampeano\u00bb, dijo. \u00abEn este pueblo tan lindo brindamos el servicio de paseos en zorra con un recorrido hist\u00f3rico muy interesante y enclavado en un paisaje repleto de caldenes, m\u00e9danos y naturaleza pura\u201d.<\/p>\n\n\n\n<figure class=\"wp-block-image size-large\"><img decoding=\"async\" width=\"1024\" height=\"768\" src=\"https:\/\/diariotextual.com\/inicio\/wp-content\/uploads\/2021\/12\/hucalzorritaferrocarril2021-1-1024x768.jpg\" alt=\"\" class=\"wp-image-171640\" srcset=\"https:\/\/diariotextual.com\/inicio\/wp-content\/uploads\/2021\/12\/hucalzorritaferrocarril2021-1-1024x768.jpg 1024w, https:\/\/diariotextual.com\/inicio\/wp-content\/uploads\/2021\/12\/hucalzorritaferrocarril2021-1-300x225.jpg 300w, https:\/\/diariotextual.com\/inicio\/wp-content\/uploads\/2021\/12\/hucalzorritaferrocarril2021-1-768x576.jpg 768w, https:\/\/diariotextual.com\/inicio\/wp-content\/uploads\/2021\/12\/hucalzorritaferrocarril2021-1-1170x878.jpg 1170w, https:\/\/diariotextual.com\/inicio\/wp-content\/uploads\/2021\/12\/hucalzorritaferrocarril2021-1-585x439.jpg 585w, https:\/\/diariotextual.com\/inicio\/wp-content\/uploads\/2021\/12\/hucalzorritaferrocarril2021-1.jpg 1333w\" sizes=\"(max-width: 1024px) 100vw, 1024px\" \/><\/figure>\n\n\n\n<p><br><\/p>\n\n\n\n<p>\u00abYo vengo de la localidad de M\u00e9danos, partido de Villarino pasando Bah\u00eda Blanca, porque me gusta todo lo referido al ferrocarril, hacemos 235 kil\u00f3metros cada 15 d\u00edas con mi esposa y mi hija para ofrecer estos paseos y colaborar con la instituci\u00f3n, para que Hucal tenga el protagonismo que nunca debi\u00f3 perder, dijo. \u00abLa pasi\u00f3n por el ferrocarril es \u00fanica, si bien yo no soy ferroviario me siento como uno de ellos, inclusive muchos me dicen que soy m\u00e1s ferroviario que ellos\u201d, concluy\u00f3.<\/p>\n","protected":false},"excerpt":{"rendered":"<p>Hucal se visti\u00f3 de fiesta, con la presencia de alrededor de 300 personas que en gran parte colmaron los lugares previstos para el almuerzo, como as\u00ed tambi\u00e9n se distribuyeron por&hellip;<\/p>\n","protected":false},"author":3,"featured_media":171639,"comment_status":"closed","ping_status":"open","sticky":false,"template":"","format":"standard","meta":{"_acf_changed":false,"footnotes":""},"categories":[1,2],"tags":[3757],"class_list":["post-171636","post","type-post","status-publish","format-standard","has-post-thumbnail","hentry","category-es-noticia","category-cultura","tag-hucal"],"acf":[],"yoast_head":"<!-- This site is optimized with the Yoast SEO plugin v27.5 - https:\/\/yoast.com\/product\/yoast-seo-wordpress\/ -->\n<title>Un d\u00eda de nostalgia, turismo y paseos por las v\u00edas en Hucal - Diario Textual<\/title>\n<meta name=\"robots\" content=\"index, follow, max-snippet:-1, max-image-preview:large, max-video-preview:-1\" \/>\n<link rel=\"canonical\" href=\"https:\/\/diariotextual.com\/inicio\/index.php\/2021\/12\/06\/un-dia-de-nostalgia-turismo-y-paseos-por-las-vias-en-hucal\/\" \/>\n<meta property=\"og:locale\" content=\"es_ES\" \/>\n<meta property=\"og:type\" content=\"article\" \/>\n<meta property=\"og:title\" content=\"Un d\u00eda de nostalgia, turismo y paseos por las v\u00edas en Hucal - Diario Textual\" \/>\n<meta property=\"og:description\" content=\"Hucal se visti\u00f3 de fiesta, con la presencia de alrededor de 300 personas que en gran parte colmaron los lugares previstos para el almuerzo, como as\u00ed tambi\u00e9n se distribuyeron por&hellip;\" \/>\n<meta property=\"og:url\" content=\"https:\/\/diariotextual.com\/inicio\/index.php\/2021\/12\/06\/un-dia-de-nostalgia-turismo-y-paseos-por-las-vias-en-hucal\/\" \/>\n<meta property=\"og:site_name\" content=\"Diario Textual\" \/>\n<meta property=\"article:publisher\" content=\"https:\/\/www.facebook.com\/eltextual\" \/>\n<meta property=\"article:published_time\" content=\"2021-12-06T14:25:12+00:00\" \/>\n<meta property=\"article:modified_time\" content=\"2021-12-06T16:55:43+00:00\" \/>\n<meta property=\"og:image\" content=\"https:\/\/diariotextual.com\/inicio\/wp-content\/uploads\/2021\/12\/hucalzorritaferrocarril2021-3.jpg\" \/>\n\t<meta property=\"og:image:width\" content=\"1249\" \/>\n\t<meta property=\"og:image:height\" content=\"745\" \/>\n\t<meta property=\"og:image:type\" content=\"image\/jpeg\" \/>\n<meta name=\"author\" content=\"Diario1 Diario1\" \/>\n<meta name=\"twitter:card\" content=\"summary_large_image\" \/>\n<meta name=\"twitter:creator\" content=\"@eltextual\" \/>\n<meta name=\"twitter:site\" content=\"@eltextual\" \/>\n<meta name=\"twitter:label1\" content=\"Escrito por\" \/>\n\t<meta name=\"twitter:data1\" content=\"Diario1 Diario1\" \/>\n\t<meta name=\"twitter:label2\" content=\"Tiempo de lectura\" \/>\n\t<meta name=\"twitter:data2\" content=\"3 minutos\" \/>\n<script type=\"application\/ld+json\" class=\"yoast-schema-graph\">{\"@context\":\"https:\\\/\\\/schema.org\",\"@graph\":[{\"@type\":\"Article\",\"@id\":\"https:\\\/\\\/diariotextual.com\\\/inicio\\\/index.php\\\/2021\\\/12\\\/06\\\/un-dia-de-nostalgia-turismo-y-paseos-por-las-vias-en-hucal\\\/#article\",\"isPartOf\":{\"@id\":\"https:\\\/\\\/diariotextual.com\\\/inicio\\\/index.php\\\/2021\\\/12\\\/06\\\/un-dia-de-nostalgia-turismo-y-paseos-por-las-vias-en-hucal\\\/\"},\"author\":{\"name\":\"Diario1 Diario1\",\"@id\":\"https:\\\/\\\/diariotextual.com\\\/inicio\\\/#\\\/schema\\\/person\\\/418fc4093c33e86ed41562db3508f958\"},\"headline\":\"Un d\u00eda de nostalgia, turismo y paseos por las v\u00edas en Hucal\",\"datePublished\":\"2021-12-06T14:25:12+00:00\",\"dateModified\":\"2021-12-06T16:55:43+00:00\",\"mainEntityOfPage\":{\"@id\":\"https:\\\/\\\/diariotextual.com\\\/inicio\\\/index.php\\\/2021\\\/12\\\/06\\\/un-dia-de-nostalgia-turismo-y-paseos-por-las-vias-en-hucal\\\/\"},\"wordCount\":488,\"publisher\":{\"@id\":\"https:\\\/\\\/diariotextual.com\\\/inicio\\\/#organization\"},\"image\":{\"@id\":\"https:\\\/\\\/diariotextual.com\\\/inicio\\\/index.php\\\/2021\\\/12\\\/06\\\/un-dia-de-nostalgia-turismo-y-paseos-por-las-vias-en-hucal\\\/#primaryimage\"},\"thumbnailUrl\":\"https:\\\/\\\/diariotextual.com\\\/inicio\\\/wp-content\\\/uploads\\\/2021\\\/12\\\/hucalzorritaferrocarril2021-3.jpg\",\"keywords\":[\"hucal\"],\"articleSection\":[\"A - ES NOTICIA (van abajo)\",\"CULTURA\"],\"inLanguage\":\"es\"},{\"@type\":\"WebPage\",\"@id\":\"https:\\\/\\\/diariotextual.com\\\/inicio\\\/index.php\\\/2021\\\/12\\\/06\\\/un-dia-de-nostalgia-turismo-y-paseos-por-las-vias-en-hucal\\\/\",\"url\":\"https:\\\/\\\/diariotextual.com\\\/inicio\\\/index.php\\\/2021\\\/12\\\/06\\\/un-dia-de-nostalgia-turismo-y-paseos-por-las-vias-en-hucal\\\/\",\"name\":\"Un d\u00eda de nostalgia, turismo y paseos por las v\u00edas en Hucal - Diario Textual\",\"isPartOf\":{\"@id\":\"https:\\\/\\\/diariotextual.com\\\/inicio\\\/#website\"},\"primaryImageOfPage\":{\"@id\":\"https:\\\/\\\/diariotextual.com\\\/inicio\\\/index.php\\\/2021\\\/12\\\/06\\\/un-dia-de-nostalgia-turismo-y-paseos-por-las-vias-en-hucal\\\/#primaryimage\"},\"image\":{\"@id\":\"https:\\\/\\\/diariotextual.com\\\/inicio\\\/index.php\\\/2021\\\/12\\\/06\\\/un-dia-de-nostalgia-turismo-y-paseos-por-las-vias-en-hucal\\\/#primaryimage\"},\"thumbnailUrl\":\"https:\\\/\\\/diariotextual.com\\\/inicio\\\/wp-content\\\/uploads\\\/2021\\\/12\\\/hucalzorritaferrocarril2021-3.jpg\",\"datePublished\":\"2021-12-06T14:25:12+00:00\",\"dateModified\":\"2021-12-06T16:55:43+00:00\",\"breadcrumb\":{\"@id\":\"https:\\\/\\\/diariotextual.com\\\/inicio\\\/index.php\\\/2021\\\/12\\\/06\\\/un-dia-de-nostalgia-turismo-y-paseos-por-las-vias-en-hucal\\\/#breadcrumb\"},\"inLanguage\":\"es\",\"potentialAction\":[{\"@type\":\"ReadAction\",\"target\":[\"https:\\\/\\\/diariotextual.com\\\/inicio\\\/index.php\\\/2021\\\/12\\\/06\\\/un-dia-de-nostalgia-turismo-y-paseos-por-las-vias-en-hucal\\\/\"]}]},{\"@type\":\"ImageObject\",\"inLanguage\":\"es\",\"@id\":\"https:\\\/\\\/diariotextual.com\\\/inicio\\\/index.php\\\/2021\\\/12\\\/06\\\/un-dia-de-nostalgia-turismo-y-paseos-por-las-vias-en-hucal\\\/#primaryimage\",\"url\":\"https:\\\/\\\/diariotextual.com\\\/inicio\\\/wp-content\\\/uploads\\\/2021\\\/12\\\/hucalzorritaferrocarril2021-3.jpg\",\"contentUrl\":\"https:\\\/\\\/diariotextual.com\\\/inicio\\\/wp-content\\\/uploads\\\/2021\\\/12\\\/hucalzorritaferrocarril2021-3.jpg\",\"width\":1249,\"height\":745},{\"@type\":\"BreadcrumbList\",\"@id\":\"https:\\\/\\\/diariotextual.com\\\/inicio\\\/index.php\\\/2021\\\/12\\\/06\\\/un-dia-de-nostalgia-turismo-y-paseos-por-las-vias-en-hucal\\\/#breadcrumb\",\"itemListElement\":[{\"@type\":\"ListItem\",\"position\":1,\"name\":\"Portada\",\"item\":\"https:\\\/\\\/diariotextual.com\\\/inicio\\\/\"},{\"@type\":\"ListItem\",\"position\":2,\"name\":\"Un d\u00eda de nostalgia, turismo y paseos por las v\u00edas en Hucal\"}]},{\"@type\":\"WebSite\",\"@id\":\"https:\\\/\\\/diariotextual.com\\\/inicio\\\/#website\",\"url\":\"https:\\\/\\\/diariotextual.com\\\/inicio\\\/\",\"name\":\"Diario Textual\",\"description\":\"\",\"publisher\":{\"@id\":\"https:\\\/\\\/diariotextual.com\\\/inicio\\\/#organization\"},\"potentialAction\":[{\"@type\":\"SearchAction\",\"target\":{\"@type\":\"EntryPoint\",\"urlTemplate\":\"https:\\\/\\\/diariotextual.com\\\/inicio\\\/?s={search_term_string}\"},\"query-input\":{\"@type\":\"PropertyValueSpecification\",\"valueRequired\":true,\"valueName\":\"search_term_string\"}}],\"inLanguage\":\"es\"},{\"@type\":\"Organization\",\"@id\":\"https:\\\/\\\/diariotextual.com\\\/inicio\\\/#organization\",\"name\":\"Diario Textual\",\"url\":\"https:\\\/\\\/diariotextual.com\\\/inicio\\\/\",\"logo\":{\"@type\":\"ImageObject\",\"inLanguage\":\"es\",\"@id\":\"https:\\\/\\\/diariotextual.com\\\/inicio\\\/#\\\/schema\\\/logo\\\/image\\\/\",\"url\":\"https:\\\/\\\/diariotextual.com\\\/inicio\\\/wp-content\\\/uploads\\\/2023\\\/05\\\/logotextual1.jpg\",\"contentUrl\":\"https:\\\/\\\/diariotextual.com\\\/inicio\\\/wp-content\\\/uploads\\\/2023\\\/05\\\/logotextual1.jpg\",\"width\":516,\"height\":76,\"caption\":\"Diario Textual\"},\"image\":{\"@id\":\"https:\\\/\\\/diariotextual.com\\\/inicio\\\/#\\\/schema\\\/logo\\\/image\\\/\"},\"sameAs\":[\"https:\\\/\\\/www.facebook.com\\\/eltextual\",\"https:\\\/\\\/x.com\\\/eltextual\",\"http:\\\/\\\/www.instagram.com\\\/eltextual\"]},{\"@type\":\"Person\",\"@id\":\"https:\\\/\\\/diariotextual.com\\\/inicio\\\/#\\\/schema\\\/person\\\/418fc4093c33e86ed41562db3508f958\",\"name\":\"Diario1 Diario1\",\"image\":{\"@type\":\"ImageObject\",\"inLanguage\":\"es\",\"@id\":\"https:\\\/\\\/secure.gravatar.com\\\/avatar\\\/9167d280179c85bc18be67aa7eda765854300033af4896dd779b608640f2ef7a?s=96&d=mm&r=g\",\"url\":\"https:\\\/\\\/secure.gravatar.com\\\/avatar\\\/9167d280179c85bc18be67aa7eda765854300033af4896dd779b608640f2ef7a?s=96&d=mm&r=g\",\"contentUrl\":\"https:\\\/\\\/secure.gravatar.com\\\/avatar\\\/9167d280179c85bc18be67aa7eda765854300033af4896dd779b608640f2ef7a?s=96&d=mm&r=g\",\"caption\":\"Diario1 Diario1\"},\"url\":\"https:\\\/\\\/diariotextual.com\\\/inicio\\\/index.php\\\/author\\\/diario1\\\/\"}]}<\/script>\n<!-- \/ Yoast SEO plugin. -->","yoast_head_json":{"title":"Un d\u00eda de nostalgia, turismo y paseos por las v\u00edas en Hucal - Diario Textual","robots":{"index":"index","follow":"follow","max-snippet":"max-snippet:-1","max-image-preview":"max-image-preview:large","max-video-preview":"max-video-preview:-1"},"canonical":"https:\/\/diariotextual.com\/inicio\/index.php\/2021\/12\/06\/un-dia-de-nostalgia-turismo-y-paseos-por-las-vias-en-hucal\/","og_locale":"es_ES","og_type":"article","og_title":"Un d\u00eda de nostalgia, turismo y paseos por las v\u00edas en Hucal - Diario Textual","og_description":"Hucal se visti\u00f3 de fiesta, con la presencia de alrededor de 300 personas que en gran parte colmaron los lugares previstos para el almuerzo, como as\u00ed tambi\u00e9n se distribuyeron por&hellip;","og_url":"https:\/\/diariotextual.com\/inicio\/index.php\/2021\/12\/06\/un-dia-de-nostalgia-turismo-y-paseos-por-las-vias-en-hucal\/","og_site_name":"Diario Textual","article_publisher":"https:\/\/www.facebook.com\/eltextual","article_published_time":"2021-12-06T14:25:12+00:00","article_modified_time":"2021-12-06T16:55:43+00:00","og_image":[{"width":1249,"height":745,"url":"https:\/\/diariotextual.com\/inicio\/wp-content\/uploads\/2021\/12\/hucalzorritaferrocarril2021-3.jpg","type":"image\/jpeg"}],"author":"Diario1 Diario1","twitter_card":"summary_large_image","twitter_creator":"@eltextual","twitter_site":"@eltextual","twitter_misc":{"Escrito por":"Diario1 Diario1","Tiempo de lectura":"3 minutos"},"schema":{"@context":"https:\/\/schema.org","@graph":[{"@type":"Article","@id":"https:\/\/diariotextual.com\/inicio\/index.php\/2021\/12\/06\/un-dia-de-nostalgia-turismo-y-paseos-por-las-vias-en-hucal\/#article","isPartOf":{"@id":"https:\/\/diariotextual.com\/inicio\/index.php\/2021\/12\/06\/un-dia-de-nostalgia-turismo-y-paseos-por-las-vias-en-hucal\/"},"author":{"name":"Diario1 Diario1","@id":"https:\/\/diariotextual.com\/inicio\/#\/schema\/person\/418fc4093c33e86ed41562db3508f958"},"headline":"Un d\u00eda de nostalgia, turismo y paseos por las v\u00edas en Hucal","datePublished":"2021-12-06T14:25:12+00:00","dateModified":"2021-12-06T16:55:43+00:00","mainEntityOfPage":{"@id":"https:\/\/diariotextual.com\/inicio\/index.php\/2021\/12\/06\/un-dia-de-nostalgia-turismo-y-paseos-por-las-vias-en-hucal\/"},"wordCount":488,"publisher":{"@id":"https:\/\/diariotextual.com\/inicio\/#organization"},"image":{"@id":"https:\/\/diariotextual.com\/inicio\/index.php\/2021\/12\/06\/un-dia-de-nostalgia-turismo-y-paseos-por-las-vias-en-hucal\/#primaryimage"},"thumbnailUrl":"https:\/\/diariotextual.com\/inicio\/wp-content\/uploads\/2021\/12\/hucalzorritaferrocarril2021-3.jpg","keywords":["hucal"],"articleSection":["A - ES NOTICIA (van abajo)","CULTURA"],"inLanguage":"es"},{"@type":"WebPage","@id":"https:\/\/diariotextual.com\/inicio\/index.php\/2021\/12\/06\/un-dia-de-nostalgia-turismo-y-paseos-por-las-vias-en-hucal\/","url":"https:\/\/diariotextual.com\/inicio\/index.php\/2021\/12\/06\/un-dia-de-nostalgia-turismo-y-paseos-por-las-vias-en-hucal\/","name":"Un d\u00eda de nostalgia, turismo y paseos por las v\u00edas en Hucal - Diario Textual","isPartOf":{"@id":"https:\/\/diariotextual.com\/inicio\/#website"},"primaryImageOfPage":{"@id":"https:\/\/diariotextual.com\/inicio\/index.php\/2021\/12\/06\/un-dia-de-nostalgia-turismo-y-paseos-por-las-vias-en-hucal\/#primaryimage"},"image":{"@id":"https:\/\/diariotextual.com\/inicio\/index.php\/2021\/12\/06\/un-dia-de-nostalgia-turismo-y-paseos-por-las-vias-en-hucal\/#primaryimage"},"thumbnailUrl":"https:\/\/diariotextual.com\/inicio\/wp-content\/uploads\/2021\/12\/hucalzorritaferrocarril2021-3.jpg","datePublished":"2021-12-06T14:25:12+00:00","dateModified":"2021-12-06T16:55:43+00:00","breadcrumb":{"@id":"https:\/\/diariotextual.com\/inicio\/index.php\/2021\/12\/06\/un-dia-de-nostalgia-turismo-y-paseos-por-las-vias-en-hucal\/#breadcrumb"},"inLanguage":"es","potentialAction":[{"@type":"ReadAction","target":["https:\/\/diariotextual.com\/inicio\/index.php\/2021\/12\/06\/un-dia-de-nostalgia-turismo-y-paseos-por-las-vias-en-hucal\/"]}]},{"@type":"ImageObject","inLanguage":"es","@id":"https:\/\/diariotextual.com\/inicio\/index.php\/2021\/12\/06\/un-dia-de-nostalgia-turismo-y-paseos-por-las-vias-en-hucal\/#primaryimage","url":"https:\/\/diariotextual.com\/inicio\/wp-content\/uploads\/2021\/12\/hucalzorritaferrocarril2021-3.jpg","contentUrl":"https:\/\/diariotextual.com\/inicio\/wp-content\/uploads\/2021\/12\/hucalzorritaferrocarril2021-3.jpg","width":1249,"height":745},{"@type":"BreadcrumbList","@id":"https:\/\/diariotextual.com\/inicio\/index.php\/2021\/12\/06\/un-dia-de-nostalgia-turismo-y-paseos-por-las-vias-en-hucal\/#breadcrumb","itemListElement":[{"@type":"ListItem","position":1,"name":"Portada","item":"https:\/\/diariotextual.com\/inicio\/"},{"@type":"ListItem","position":2,"name":"Un d\u00eda de nostalgia, turismo y paseos por las v\u00edas en Hucal"}]},{"@type":"WebSite","@id":"https:\/\/diariotextual.com\/inicio\/#website","url":"https:\/\/diariotextual.com\/inicio\/","name":"Diario Textual","description":"","publisher":{"@id":"https:\/\/diariotextual.com\/inicio\/#organization"},"potentialAction":[{"@type":"SearchAction","target":{"@type":"EntryPoint","urlTemplate":"https:\/\/diariotextual.com\/inicio\/?s={search_term_string}"},"query-input":{"@type":"PropertyValueSpecification","valueRequired":true,"valueName":"search_term_string"}}],"inLanguage":"es"},{"@type":"Organization","@id":"https:\/\/diariotextual.com\/inicio\/#organization","name":"Diario Textual","url":"https:\/\/diariotextual.com\/inicio\/","logo":{"@type":"ImageObject","inLanguage":"es","@id":"https:\/\/diariotextual.com\/inicio\/#\/schema\/logo\/image\/","url":"https:\/\/diariotextual.com\/inicio\/wp-content\/uploads\/2023\/05\/logotextual1.jpg","contentUrl":"https:\/\/diariotextual.com\/inicio\/wp-content\/uploads\/2023\/05\/logotextual1.jpg","width":516,"height":76,"caption":"Diario Textual"},"image":{"@id":"https:\/\/diariotextual.com\/inicio\/#\/schema\/logo\/image\/"},"sameAs":["https:\/\/www.facebook.com\/eltextual","https:\/\/x.com\/eltextual","http:\/\/www.instagram.com\/eltextual"]},{"@type":"Person","@id":"https:\/\/diariotextual.com\/inicio\/#\/schema\/person\/418fc4093c33e86ed41562db3508f958","name":"Diario1 Diario1","image":{"@type":"ImageObject","inLanguage":"es","@id":"https:\/\/secure.gravatar.com\/avatar\/9167d280179c85bc18be67aa7eda765854300033af4896dd779b608640f2ef7a?s=96&d=mm&r=g","url":"https:\/\/secure.gravatar.com\/avatar\/9167d280179c85bc18be67aa7eda765854300033af4896dd779b608640f2ef7a?s=96&d=mm&r=g","contentUrl":"https:\/\/secure.gravatar.com\/avatar\/9167d280179c85bc18be67aa7eda765854300033af4896dd779b608640f2ef7a?s=96&d=mm&r=g","caption":"Diario1 Diario1"},"url":"https:\/\/diariotextual.com\/inicio\/index.php\/author\/diario1\/"}]}},"_links":{"self":[{"href":"https:\/\/diariotextual.com\/inicio\/index.php\/wp-json\/wp\/v2\/posts\/171636","targetHints":{"allow":["GET"]}}],"collection":[{"href":"https:\/\/diariotextual.com\/inicio\/index.php\/wp-json\/wp\/v2\/posts"}],"about":[{"href":"https:\/\/diariotextual.com\/inicio\/index.php\/wp-json\/wp\/v2\/types\/post"}],"author":[{"embeddable":true,"href":"https:\/\/diariotextual.com\/inicio\/index.php\/wp-json\/wp\/v2\/users\/3"}],"replies":[{"embeddable":true,"href":"https:\/\/diariotextual.com\/inicio\/index.php\/wp-json\/wp\/v2\/comments?post=171636"}],"version-history":[{"count":1,"href":"https:\/\/diariotextual.com\/inicio\/index.php\/wp-json\/wp\/v2\/posts\/171636\/revisions"}],"predecessor-version":[{"id":171641,"href":"https:\/\/diariotextual.com\/inicio\/index.php\/wp-json\/wp\/v2\/posts\/171636\/revisions\/171641"}],"wp:featuredmedia":[{"embeddable":true,"href":"https:\/\/diariotextual.com\/inicio\/index.php\/wp-json\/wp\/v2\/media\/171639"}],"wp:attachment":[{"href":"https:\/\/diariotextual.com\/inicio\/index.php\/wp-json\/wp\/v2\/media?parent=171636"}],"wp:term":[{"taxonomy":"category","embeddable":true,"href":"https:\/\/diariotextual.com\/inicio\/index.php\/wp-json\/wp\/v2\/categories?post=171636"},{"taxonomy":"post_tag","embeddable":true,"href":"https:\/\/diariotextual.com\/inicio\/index.php\/wp-json\/wp\/v2\/tags?post=171636"}],"curies":[{"name":"wp","href":"https:\/\/api.w.org\/{rel}","templated":true}]}}