{"id":171821,"date":"2021-12-07T12:12:22","date_gmt":"2021-12-07T15:12:22","guid":{"rendered":"https:\/\/diariotextual.com\/inicio\/?p=171821"},"modified":"2021-12-07T17:46:57","modified_gmt":"2021-12-07T20:46:57","slug":"caso-lucio-fiscales-viajan-a-pico-para-tomar-declaraciones-a-familiares","status":"publish","type":"post","link":"https:\/\/diariotextual.com\/inicio\/index.php\/2021\/12\/07\/caso-lucio-fiscales-viajan-a-pico-para-tomar-declaraciones-a-familiares\/","title":{"rendered":"Caso Lucio: fiscales viajan a Pico para tomar declaraciones a familiares"},"content":{"rendered":"\n<p>El equipo especial de fiscales viajar\u00e1 en las pr\u00f3ximas horas a General Pico para tomar declaraciones a los familiares de Lucio Dupuy, asesinado en Santa Rosa, pudo confirmar Diario Textual.<\/p>\n\n\n\n<p>El caso fue declarado complejo y por eso se conform\u00f3 un equipo de fiscales para investigarlo. Est\u00e1 integrado por\u00a0<strong>Walter Martos, Ver\u00f3nica Ferrero\u00a0<\/strong>y<strong>\u00a0Marcos Hern\u00e1n Sacco.<\/strong><\/p>\n\n\n\n<p>\u00abYa tuvimos una entrevista informal con el padre y los abuelos paternos del peque\u00f1o; por lo que el pr\u00f3ximo paso ser\u00e1 o\u00edr formalmente los testimonios de ellos y otros familiares que se domicilian en la ciudad del norte provincial\u00bb, dijo Martos.<\/p>\n\n\n\n<p>A su vez, junto con esas diligencias, en los pr\u00f3ximos d\u00edas tambi\u00e9n ser\u00e1n entrevistados vecinos y vecinas de la madre de Lucio y profesionales de distintas \u00e1reas que tuvieron alguna intervenci\u00f3n relacionada con el inter\u00e9s de la causa.<\/p>\n\n\n\n<p>Por otra parte, Martos confirm\u00f3 que el Poder Ejecutivo Provincial envi\u00f3 \u201cpr\u00e1cticamente todos los informes\u201d que les fueron requeridos; como as\u00ed que les lleg\u00f3 la ampliaci\u00f3n del informe de la autopsia del cad\u00e1ver de la v\u00edctima.<\/p>\n\n\n\n<p>Hasta el momento, en la causa est\u00e1n imputadas la mam\u00e1 del ni\u00f1o, Magdalena Esp\u00f3sito Valenti, por el delito de homicidio calificado por el v\u00ednculo; y su pareja, Abigail P\u00e1ez, por el delito de homicidio simple. Ambas permanecen detenidas en el Complejo Penitenciario N\u00b01 de San Luis.<\/p>\n\n\n\n<p>Martos reiter\u00f3 que, de acuerdo a las pruebas que se incorporen al expediente, esa car\u00e1tula provisoria podr\u00eda agravarse.\u200b<\/p>\n\n\n\n<p>Lucio, de 5 a\u00f1os de edad, muri\u00f3 el viernes 26 de noviembre por la noche, luego de ser brutalmente golpeado. La sospecha es que era maltratado en forma reiterada: entre diciembre de 2020 y marzo de 2021 fue hospitalizado en cinco oportunidades por diversas fracturas -por ejemplo, de un brazo y de un dedo-. Sin embargo, pese a esas alertas, nadie del sistema sanitario hizo una denuncia.<\/p>\n\n\n\n<p>Viv\u00eda en una casa de la calle Allan Kardec al 2300, de Santa Rosa, junto a su madre y a la novia de su mam\u00e1.<\/p>\n\n\n\n<p>Lucio fue llevado cerca de las 21 horas del viernes 26 de noviembre por Abigail, en brazos, a la posta sanitaria del barrio R\u00edo Atuel. El nene estaba desvanecido. Su madre, en ese momento, estaba trabajando de moza en el Hotel Mercure.<\/p>\n\n\n\n<p>La posta estaba cerrada. Por eso un vecino comenz\u00f3 a hacerle respiraci\u00f3n boca a boca. Luego se sum\u00f3 una enfermera para hacerle RCP. Otra vecina, al ver que no llegaba la ambulancia, carg\u00f3 al nene en su auto y lo llev\u00f3, en contramano, al Hospital Evita. All\u00ed se confirm\u00f3 su muerte, cerca de las 21.30 horas.<\/p>\n\n\n\n<p>Pasadas las 22 horas, Abigail y Magdalena fueron detenidas por orden de la Justicia.<\/p>\n\n\n\n<p><\/p>\n","protected":false},"excerpt":{"rendered":"<p>El equipo especial de fiscales viajar\u00e1 en las pr\u00f3ximas horas a General Pico para tomar declaraciones a los familiares de Lucio Dupuy, asesinado en Santa Rosa, pudo confirmar Diario Textual.&hellip;<\/p>\n","protected":false},"author":3,"featured_media":171009,"comment_status":"closed","ping_status":"open","sticky":false,"template":"","format":"standard","meta":{"_acf_changed":false,"footnotes":""},"categories":[10,12],"tags":[],"class_list":["post-171821","post","type-post","status-publish","format-standard","has-post-thumbnail","hentry","category-portada-2","category-sociedad"],"acf":[],"yoast_head":"<!-- This site is optimized with the Yoast SEO plugin v27.5 - https:\/\/yoast.com\/product\/yoast-seo-wordpress\/ -->\n<title>Caso Lucio: fiscales viajan a Pico para tomar declaraciones a familiares - Diario Textual<\/title>\n<meta name=\"robots\" content=\"index, follow, max-snippet:-1, max-image-preview:large, max-video-preview:-1\" \/>\n<link rel=\"canonical\" href=\"https:\/\/diariotextual.com\/inicio\/index.php\/2021\/12\/07\/caso-lucio-fiscales-viajan-a-pico-para-tomar-declaraciones-a-familiares\/\" \/>\n<meta property=\"og:locale\" content=\"es_ES\" \/>\n<meta property=\"og:type\" content=\"article\" \/>\n<meta property=\"og:title\" content=\"Caso Lucio: fiscales viajan a Pico para tomar declaraciones a familiares - Diario Textual\" \/>\n<meta property=\"og:description\" content=\"El equipo especial de fiscales viajar\u00e1 en las pr\u00f3ximas horas a General Pico para tomar declaraciones a los familiares de Lucio Dupuy, asesinado en Santa Rosa, pudo confirmar Diario Textual.&hellip;\" \/>\n<meta property=\"og:url\" content=\"https:\/\/diariotextual.com\/inicio\/index.php\/2021\/12\/07\/caso-lucio-fiscales-viajan-a-pico-para-tomar-declaraciones-a-familiares\/\" \/>\n<meta property=\"og:site_name\" content=\"Diario Textual\" \/>\n<meta property=\"article:publisher\" content=\"https:\/\/www.facebook.com\/eltextual\" \/>\n<meta property=\"article:published_time\" content=\"2021-12-07T15:12:22+00:00\" \/>\n<meta property=\"article:modified_time\" content=\"2021-12-07T20:46:57+00:00\" \/>\n<meta property=\"og:image\" content=\"https:\/\/diariotextual.com\/inicio\/wp-content\/uploads\/2021\/12\/luciodupuycasoescuelasdibujos2021-4.jpeg\" \/>\n\t<meta property=\"og:image:width\" content=\"1600\" \/>\n\t<meta property=\"og:image:height\" content=\"900\" \/>\n\t<meta property=\"og:image:type\" content=\"image\/jpeg\" \/>\n<meta name=\"author\" content=\"Diario1 Diario1\" \/>\n<meta name=\"twitter:card\" content=\"summary_large_image\" \/>\n<meta name=\"twitter:creator\" content=\"@eltextual\" \/>\n<meta name=\"twitter:site\" content=\"@eltextual\" \/>\n<meta name=\"twitter:label1\" content=\"Escrito por\" \/>\n\t<meta name=\"twitter:data1\" content=\"Diario1 Diario1\" \/>\n\t<meta name=\"twitter:label2\" content=\"Tiempo de lectura\" \/>\n\t<meta name=\"twitter:data2\" content=\"2 minutos\" \/>\n<script type=\"application\/ld+json\" class=\"yoast-schema-graph\">{\"@context\":\"https:\\\/\\\/schema.org\",\"@graph\":[{\"@type\":\"Article\",\"@id\":\"https:\\\/\\\/diariotextual.com\\\/inicio\\\/index.php\\\/2021\\\/12\\\/07\\\/caso-lucio-fiscales-viajan-a-pico-para-tomar-declaraciones-a-familiares\\\/#article\",\"isPartOf\":{\"@id\":\"https:\\\/\\\/diariotextual.com\\\/inicio\\\/index.php\\\/2021\\\/12\\\/07\\\/caso-lucio-fiscales-viajan-a-pico-para-tomar-declaraciones-a-familiares\\\/\"},\"author\":{\"name\":\"Diario1 Diario1\",\"@id\":\"https:\\\/\\\/diariotextual.com\\\/inicio\\\/#\\\/schema\\\/person\\\/418fc4093c33e86ed41562db3508f958\"},\"headline\":\"Caso Lucio: fiscales viajan a Pico para tomar declaraciones a familiares\",\"datePublished\":\"2021-12-07T15:12:22+00:00\",\"dateModified\":\"2021-12-07T20:46:57+00:00\",\"mainEntityOfPage\":{\"@id\":\"https:\\\/\\\/diariotextual.com\\\/inicio\\\/index.php\\\/2021\\\/12\\\/07\\\/caso-lucio-fiscales-viajan-a-pico-para-tomar-declaraciones-a-familiares\\\/\"},\"wordCount\":469,\"publisher\":{\"@id\":\"https:\\\/\\\/diariotextual.com\\\/inicio\\\/#organization\"},\"image\":{\"@id\":\"https:\\\/\\\/diariotextual.com\\\/inicio\\\/index.php\\\/2021\\\/12\\\/07\\\/caso-lucio-fiscales-viajan-a-pico-para-tomar-declaraciones-a-familiares\\\/#primaryimage\"},\"thumbnailUrl\":\"https:\\\/\\\/diariotextual.com\\\/inicio\\\/wp-content\\\/uploads\\\/2021\\\/12\\\/luciodupuycasoescuelasdibujos2021-4.jpeg\",\"articleSection\":[\"A - PORTADA2\",\"SOCIEDAD\"],\"inLanguage\":\"es\"},{\"@type\":\"WebPage\",\"@id\":\"https:\\\/\\\/diariotextual.com\\\/inicio\\\/index.php\\\/2021\\\/12\\\/07\\\/caso-lucio-fiscales-viajan-a-pico-para-tomar-declaraciones-a-familiares\\\/\",\"url\":\"https:\\\/\\\/diariotextual.com\\\/inicio\\\/index.php\\\/2021\\\/12\\\/07\\\/caso-lucio-fiscales-viajan-a-pico-para-tomar-declaraciones-a-familiares\\\/\",\"name\":\"Caso Lucio: fiscales viajan a Pico para tomar declaraciones a familiares - Diario Textual\",\"isPartOf\":{\"@id\":\"https:\\\/\\\/diariotextual.com\\\/inicio\\\/#website\"},\"primaryImageOfPage\":{\"@id\":\"https:\\\/\\\/diariotextual.com\\\/inicio\\\/index.php\\\/2021\\\/12\\\/07\\\/caso-lucio-fiscales-viajan-a-pico-para-tomar-declaraciones-a-familiares\\\/#primaryimage\"},\"image\":{\"@id\":\"https:\\\/\\\/diariotextual.com\\\/inicio\\\/index.php\\\/2021\\\/12\\\/07\\\/caso-lucio-fiscales-viajan-a-pico-para-tomar-declaraciones-a-familiares\\\/#primaryimage\"},\"thumbnailUrl\":\"https:\\\/\\\/diariotextual.com\\\/inicio\\\/wp-content\\\/uploads\\\/2021\\\/12\\\/luciodupuycasoescuelasdibujos2021-4.jpeg\",\"datePublished\":\"2021-12-07T15:12:22+00:00\",\"dateModified\":\"2021-12-07T20:46:57+00:00\",\"breadcrumb\":{\"@id\":\"https:\\\/\\\/diariotextual.com\\\/inicio\\\/index.php\\\/2021\\\/12\\\/07\\\/caso-lucio-fiscales-viajan-a-pico-para-tomar-declaraciones-a-familiares\\\/#breadcrumb\"},\"inLanguage\":\"es\",\"potentialAction\":[{\"@type\":\"ReadAction\",\"target\":[\"https:\\\/\\\/diariotextual.com\\\/inicio\\\/index.php\\\/2021\\\/12\\\/07\\\/caso-lucio-fiscales-viajan-a-pico-para-tomar-declaraciones-a-familiares\\\/\"]}]},{\"@type\":\"ImageObject\",\"inLanguage\":\"es\",\"@id\":\"https:\\\/\\\/diariotextual.com\\\/inicio\\\/index.php\\\/2021\\\/12\\\/07\\\/caso-lucio-fiscales-viajan-a-pico-para-tomar-declaraciones-a-familiares\\\/#primaryimage\",\"url\":\"https:\\\/\\\/diariotextual.com\\\/inicio\\\/wp-content\\\/uploads\\\/2021\\\/12\\\/luciodupuycasoescuelasdibujos2021-4.jpeg\",\"contentUrl\":\"https:\\\/\\\/diariotextual.com\\\/inicio\\\/wp-content\\\/uploads\\\/2021\\\/12\\\/luciodupuycasoescuelasdibujos2021-4.jpeg\",\"width\":1600,\"height\":900},{\"@type\":\"BreadcrumbList\",\"@id\":\"https:\\\/\\\/diariotextual.com\\\/inicio\\\/index.php\\\/2021\\\/12\\\/07\\\/caso-lucio-fiscales-viajan-a-pico-para-tomar-declaraciones-a-familiares\\\/#breadcrumb\",\"itemListElement\":[{\"@type\":\"ListItem\",\"position\":1,\"name\":\"Portada\",\"item\":\"https:\\\/\\\/diariotextual.com\\\/inicio\\\/\"},{\"@type\":\"ListItem\",\"position\":2,\"name\":\"Caso Lucio: fiscales viajan a Pico para tomar declaraciones a familiares\"}]},{\"@type\":\"WebSite\",\"@id\":\"https:\\\/\\\/diariotextual.com\\\/inicio\\\/#website\",\"url\":\"https:\\\/\\\/diariotextual.com\\\/inicio\\\/\",\"name\":\"Diario Textual\",\"description\":\"\",\"publisher\":{\"@id\":\"https:\\\/\\\/diariotextual.com\\\/inicio\\\/#organization\"},\"potentialAction\":[{\"@type\":\"SearchAction\",\"target\":{\"@type\":\"EntryPoint\",\"urlTemplate\":\"https:\\\/\\\/diariotextual.com\\\/inicio\\\/?s={search_term_string}\"},\"query-input\":{\"@type\":\"PropertyValueSpecification\",\"valueRequired\":true,\"valueName\":\"search_term_string\"}}],\"inLanguage\":\"es\"},{\"@type\":\"Organization\",\"@id\":\"https:\\\/\\\/diariotextual.com\\\/inicio\\\/#organization\",\"name\":\"Diario Textual\",\"url\":\"https:\\\/\\\/diariotextual.com\\\/inicio\\\/\",\"logo\":{\"@type\":\"ImageObject\",\"inLanguage\":\"es\",\"@id\":\"https:\\\/\\\/diariotextual.com\\\/inicio\\\/#\\\/schema\\\/logo\\\/image\\\/\",\"url\":\"https:\\\/\\\/diariotextual.com\\\/inicio\\\/wp-content\\\/uploads\\\/2023\\\/05\\\/logotextual1.jpg\",\"contentUrl\":\"https:\\\/\\\/diariotextual.com\\\/inicio\\\/wp-content\\\/uploads\\\/2023\\\/05\\\/logotextual1.jpg\",\"width\":516,\"height\":76,\"caption\":\"Diario Textual\"},\"image\":{\"@id\":\"https:\\\/\\\/diariotextual.com\\\/inicio\\\/#\\\/schema\\\/logo\\\/image\\\/\"},\"sameAs\":[\"https:\\\/\\\/www.facebook.com\\\/eltextual\",\"https:\\\/\\\/x.com\\\/eltextual\",\"http:\\\/\\\/www.instagram.com\\\/eltextual\"]},{\"@type\":\"Person\",\"@id\":\"https:\\\/\\\/diariotextual.com\\\/inicio\\\/#\\\/schema\\\/person\\\/418fc4093c33e86ed41562db3508f958\",\"name\":\"Diario1 Diario1\",\"image\":{\"@type\":\"ImageObject\",\"inLanguage\":\"es\",\"@id\":\"https:\\\/\\\/secure.gravatar.com\\\/avatar\\\/9167d280179c85bc18be67aa7eda765854300033af4896dd779b608640f2ef7a?s=96&d=mm&r=g\",\"url\":\"https:\\\/\\\/secure.gravatar.com\\\/avatar\\\/9167d280179c85bc18be67aa7eda765854300033af4896dd779b608640f2ef7a?s=96&d=mm&r=g\",\"contentUrl\":\"https:\\\/\\\/secure.gravatar.com\\\/avatar\\\/9167d280179c85bc18be67aa7eda765854300033af4896dd779b608640f2ef7a?s=96&d=mm&r=g\",\"caption\":\"Diario1 Diario1\"},\"url\":\"https:\\\/\\\/diariotextual.com\\\/inicio\\\/index.php\\\/author\\\/diario1\\\/\"}]}<\/script>\n<!-- \/ Yoast SEO plugin. -->","yoast_head_json":{"title":"Caso Lucio: fiscales viajan a Pico para tomar declaraciones a familiares - Diario Textual","robots":{"index":"index","follow":"follow","max-snippet":"max-snippet:-1","max-image-preview":"max-image-preview:large","max-video-preview":"max-video-preview:-1"},"canonical":"https:\/\/diariotextual.com\/inicio\/index.php\/2021\/12\/07\/caso-lucio-fiscales-viajan-a-pico-para-tomar-declaraciones-a-familiares\/","og_locale":"es_ES","og_type":"article","og_title":"Caso Lucio: fiscales viajan a Pico para tomar declaraciones a familiares - Diario Textual","og_description":"El equipo especial de fiscales viajar\u00e1 en las pr\u00f3ximas horas a General Pico para tomar declaraciones a los familiares de Lucio Dupuy, asesinado en Santa Rosa, pudo confirmar Diario Textual.&hellip;","og_url":"https:\/\/diariotextual.com\/inicio\/index.php\/2021\/12\/07\/caso-lucio-fiscales-viajan-a-pico-para-tomar-declaraciones-a-familiares\/","og_site_name":"Diario Textual","article_publisher":"https:\/\/www.facebook.com\/eltextual","article_published_time":"2021-12-07T15:12:22+00:00","article_modified_time":"2021-12-07T20:46:57+00:00","og_image":[{"width":1600,"height":900,"url":"https:\/\/diariotextual.com\/inicio\/wp-content\/uploads\/2021\/12\/luciodupuycasoescuelasdibujos2021-4.jpeg","type":"image\/jpeg"}],"author":"Diario1 Diario1","twitter_card":"summary_large_image","twitter_creator":"@eltextual","twitter_site":"@eltextual","twitter_misc":{"Escrito por":"Diario1 Diario1","Tiempo de lectura":"2 minutos"},"schema":{"@context":"https:\/\/schema.org","@graph":[{"@type":"Article","@id":"https:\/\/diariotextual.com\/inicio\/index.php\/2021\/12\/07\/caso-lucio-fiscales-viajan-a-pico-para-tomar-declaraciones-a-familiares\/#article","isPartOf":{"@id":"https:\/\/diariotextual.com\/inicio\/index.php\/2021\/12\/07\/caso-lucio-fiscales-viajan-a-pico-para-tomar-declaraciones-a-familiares\/"},"author":{"name":"Diario1 Diario1","@id":"https:\/\/diariotextual.com\/inicio\/#\/schema\/person\/418fc4093c33e86ed41562db3508f958"},"headline":"Caso Lucio: fiscales viajan a Pico para tomar declaraciones a familiares","datePublished":"2021-12-07T15:12:22+00:00","dateModified":"2021-12-07T20:46:57+00:00","mainEntityOfPage":{"@id":"https:\/\/diariotextual.com\/inicio\/index.php\/2021\/12\/07\/caso-lucio-fiscales-viajan-a-pico-para-tomar-declaraciones-a-familiares\/"},"wordCount":469,"publisher":{"@id":"https:\/\/diariotextual.com\/inicio\/#organization"},"image":{"@id":"https:\/\/diariotextual.com\/inicio\/index.php\/2021\/12\/07\/caso-lucio-fiscales-viajan-a-pico-para-tomar-declaraciones-a-familiares\/#primaryimage"},"thumbnailUrl":"https:\/\/diariotextual.com\/inicio\/wp-content\/uploads\/2021\/12\/luciodupuycasoescuelasdibujos2021-4.jpeg","articleSection":["A - PORTADA2","SOCIEDAD"],"inLanguage":"es"},{"@type":"WebPage","@id":"https:\/\/diariotextual.com\/inicio\/index.php\/2021\/12\/07\/caso-lucio-fiscales-viajan-a-pico-para-tomar-declaraciones-a-familiares\/","url":"https:\/\/diariotextual.com\/inicio\/index.php\/2021\/12\/07\/caso-lucio-fiscales-viajan-a-pico-para-tomar-declaraciones-a-familiares\/","name":"Caso Lucio: fiscales viajan a Pico para tomar declaraciones a familiares - Diario Textual","isPartOf":{"@id":"https:\/\/diariotextual.com\/inicio\/#website"},"primaryImageOfPage":{"@id":"https:\/\/diariotextual.com\/inicio\/index.php\/2021\/12\/07\/caso-lucio-fiscales-viajan-a-pico-para-tomar-declaraciones-a-familiares\/#primaryimage"},"image":{"@id":"https:\/\/diariotextual.com\/inicio\/index.php\/2021\/12\/07\/caso-lucio-fiscales-viajan-a-pico-para-tomar-declaraciones-a-familiares\/#primaryimage"},"thumbnailUrl":"https:\/\/diariotextual.com\/inicio\/wp-content\/uploads\/2021\/12\/luciodupuycasoescuelasdibujos2021-4.jpeg","datePublished":"2021-12-07T15:12:22+00:00","dateModified":"2021-12-07T20:46:57+00:00","breadcrumb":{"@id":"https:\/\/diariotextual.com\/inicio\/index.php\/2021\/12\/07\/caso-lucio-fiscales-viajan-a-pico-para-tomar-declaraciones-a-familiares\/#breadcrumb"},"inLanguage":"es","potentialAction":[{"@type":"ReadAction","target":["https:\/\/diariotextual.com\/inicio\/index.php\/2021\/12\/07\/caso-lucio-fiscales-viajan-a-pico-para-tomar-declaraciones-a-familiares\/"]}]},{"@type":"ImageObject","inLanguage":"es","@id":"https:\/\/diariotextual.com\/inicio\/index.php\/2021\/12\/07\/caso-lucio-fiscales-viajan-a-pico-para-tomar-declaraciones-a-familiares\/#primaryimage","url":"https:\/\/diariotextual.com\/inicio\/wp-content\/uploads\/2021\/12\/luciodupuycasoescuelasdibujos2021-4.jpeg","contentUrl":"https:\/\/diariotextual.com\/inicio\/wp-content\/uploads\/2021\/12\/luciodupuycasoescuelasdibujos2021-4.jpeg","width":1600,"height":900},{"@type":"BreadcrumbList","@id":"https:\/\/diariotextual.com\/inicio\/index.php\/2021\/12\/07\/caso-lucio-fiscales-viajan-a-pico-para-tomar-declaraciones-a-familiares\/#breadcrumb","itemListElement":[{"@type":"ListItem","position":1,"name":"Portada","item":"https:\/\/diariotextual.com\/inicio\/"},{"@type":"ListItem","position":2,"name":"Caso Lucio: fiscales viajan a Pico para tomar declaraciones a familiares"}]},{"@type":"WebSite","@id":"https:\/\/diariotextual.com\/inicio\/#website","url":"https:\/\/diariotextual.com\/inicio\/","name":"Diario Textual","description":"","publisher":{"@id":"https:\/\/diariotextual.com\/inicio\/#organization"},"potentialAction":[{"@type":"SearchAction","target":{"@type":"EntryPoint","urlTemplate":"https:\/\/diariotextual.com\/inicio\/?s={search_term_string}"},"query-input":{"@type":"PropertyValueSpecification","valueRequired":true,"valueName":"search_term_string"}}],"inLanguage":"es"},{"@type":"Organization","@id":"https:\/\/diariotextual.com\/inicio\/#organization","name":"Diario Textual","url":"https:\/\/diariotextual.com\/inicio\/","logo":{"@type":"ImageObject","inLanguage":"es","@id":"https:\/\/diariotextual.com\/inicio\/#\/schema\/logo\/image\/","url":"https:\/\/diariotextual.com\/inicio\/wp-content\/uploads\/2023\/05\/logotextual1.jpg","contentUrl":"https:\/\/diariotextual.com\/inicio\/wp-content\/uploads\/2023\/05\/logotextual1.jpg","width":516,"height":76,"caption":"Diario Textual"},"image":{"@id":"https:\/\/diariotextual.com\/inicio\/#\/schema\/logo\/image\/"},"sameAs":["https:\/\/www.facebook.com\/eltextual","https:\/\/x.com\/eltextual","http:\/\/www.instagram.com\/eltextual"]},{"@type":"Person","@id":"https:\/\/diariotextual.com\/inicio\/#\/schema\/person\/418fc4093c33e86ed41562db3508f958","name":"Diario1 Diario1","image":{"@type":"ImageObject","inLanguage":"es","@id":"https:\/\/secure.gravatar.com\/avatar\/9167d280179c85bc18be67aa7eda765854300033af4896dd779b608640f2ef7a?s=96&d=mm&r=g","url":"https:\/\/secure.gravatar.com\/avatar\/9167d280179c85bc18be67aa7eda765854300033af4896dd779b608640f2ef7a?s=96&d=mm&r=g","contentUrl":"https:\/\/secure.gravatar.com\/avatar\/9167d280179c85bc18be67aa7eda765854300033af4896dd779b608640f2ef7a?s=96&d=mm&r=g","caption":"Diario1 Diario1"},"url":"https:\/\/diariotextual.com\/inicio\/index.php\/author\/diario1\/"}]}},"_links":{"self":[{"href":"https:\/\/diariotextual.com\/inicio\/index.php\/wp-json\/wp\/v2\/posts\/171821","targetHints":{"allow":["GET"]}}],"collection":[{"href":"https:\/\/diariotextual.com\/inicio\/index.php\/wp-json\/wp\/v2\/posts"}],"about":[{"href":"https:\/\/diariotextual.com\/inicio\/index.php\/wp-json\/wp\/v2\/types\/post"}],"author":[{"embeddable":true,"href":"https:\/\/diariotextual.com\/inicio\/index.php\/wp-json\/wp\/v2\/users\/3"}],"replies":[{"embeddable":true,"href":"https:\/\/diariotextual.com\/inicio\/index.php\/wp-json\/wp\/v2\/comments?post=171821"}],"version-history":[{"count":7,"href":"https:\/\/diariotextual.com\/inicio\/index.php\/wp-json\/wp\/v2\/posts\/171821\/revisions"}],"predecessor-version":[{"id":171832,"href":"https:\/\/diariotextual.com\/inicio\/index.php\/wp-json\/wp\/v2\/posts\/171821\/revisions\/171832"}],"wp:featuredmedia":[{"embeddable":true,"href":"https:\/\/diariotextual.com\/inicio\/index.php\/wp-json\/wp\/v2\/media\/171009"}],"wp:attachment":[{"href":"https:\/\/diariotextual.com\/inicio\/index.php\/wp-json\/wp\/v2\/media?parent=171821"}],"wp:term":[{"taxonomy":"category","embeddable":true,"href":"https:\/\/diariotextual.com\/inicio\/index.php\/wp-json\/wp\/v2\/categories?post=171821"},{"taxonomy":"post_tag","embeddable":true,"href":"https:\/\/diariotextual.com\/inicio\/index.php\/wp-json\/wp\/v2\/tags?post=171821"}],"curies":[{"name":"wp","href":"https:\/\/api.w.org\/{rel}","templated":true}]}}