{"id":171841,"date":"2021-12-07T14:23:29","date_gmt":"2021-12-07T17:23:29","guid":{"rendered":"https:\/\/diariotextual.com\/inicio\/?p=171841"},"modified":"2021-12-07T20:12:29","modified_gmt":"2021-12-07T23:12:29","slug":"diputados-juraron-varinia-marin-marcela-coli-y-martin-maquieyra","status":"publish","type":"post","link":"https:\/\/diariotextual.com\/inicio\/index.php\/2021\/12\/07\/diputados-juraron-varinia-marin-marcela-coli-y-martin-maquieyra\/","title":{"rendered":"Diputados: juraron Varinia Mar\u00edn, Marcela Coli y Mart\u00edn Maquieyra"},"content":{"rendered":"\n<p><strong>En la sesi\u00f3n preparatoria de este martes, jurar\u00e1n los 127 legisladores electos el pasado 14 de noviembre<\/strong>. Por La Pampa lo hicieron Varinia Mar\u00edn (FdT), Marcela Coli (JxC) y Mart\u00edn Maquieyra (JxC). Comenzar\u00e1n su actividad parlamentaria el pr\u00f3ximo 10 de diciembre.<\/p>\n\n\n\n<blockquote class=\"twitter-tweet\"><p lang=\"es\" dir=\"ltr\">S\u00ed juro! <a href=\"https:\/\/t.co\/EGI2iXHp7r\">pic.twitter.com\/EGI2iXHp7r<\/a><\/p>\u2014 Varinia Mar\u00edn \u00abLichi\u00bb (@VariniaMarin) <a href=\"https:\/\/twitter.com\/VariniaMarin\/status\/1468259163927109633?ref_src=twsrc%5Etfw\">December 7, 2021<\/a><\/blockquote> <script async=\"\" src=\"https:\/\/platform.twitter.com\/widgets.js\" charset=\"utf-8\"><\/script>\n\n\n\n<blockquote class=\"twitter-tweet\"><p lang=\"es\" dir=\"ltr\">\u00a1Si, Juro! &#x1f91a; <a href=\"https:\/\/t.co\/ekkNy50yyl\">pic.twitter.com\/ekkNy50yyl<\/a><\/p>\u2014 Martin Maquieyra (@martinmaquieyra) <a href=\"https:\/\/twitter.com\/martinmaquieyra\/status\/1468261552092549123?ref_src=twsrc%5Etfw\">December 7, 2021<\/a><\/blockquote> <script async=\"\" src=\"https:\/\/platform.twitter.com\/widgets.js\" charset=\"utf-8\"><\/script>\n\n\n\n<iframe src=\"https:\/\/www.facebook.com\/plugins\/video.php?height=314&#038;href=https%3A%2F%2Fwww.facebook.com%2Fmarcela_coli%2Fvideos%2F173106501644002%2F&#038;show_text=false&#038;width=560&#038;t=0\" width=\"560\" height=\"314\" style=\"border:none;overflow:hidden\" scrolling=\"no\" frameborder=\"0\" allowfullscreen=\"true\" allow=\"autoplay; clipboard-write; encrypted-media; picture-in-picture; web-share\" allowFullScreen=\"true\"><\/iframe>\n\n\n\n<p>Tambi\u00e9n\u00a0<strong>fueron elegidas las autoridades de la C\u00e1mara de Diputados y los presidentes de los distintos bloques<\/strong>.\u00a0Sergio Massa, en tanto, fue reelecto como presidente\u00a0por otro per\u00edodo. <\/p>\n\n\n\n<p>Con la jura de los 127 diputados, que asumir\u00e1n sus bancas el 10 de este mes, se dar\u00e1 forma a una nueva composici\u00f3n parlamentaria para el segundo tramo de la gesti\u00f3n de Alberto Fern\u00e1ndez, en la que el oficialismo ser\u00e1 primera minor\u00eda en ambas C\u00e1maras.<\/p>\n\n\n\n<p>La nueva conformaci\u00f3n que tendr\u00e1 la C\u00e1mara baja en base a los resultados de la elecci\u00f3n del mes pasado&nbsp;<strong>mostrar\u00e1 una fuerte paridad entre el Frente de Todos (FdT), que tendr\u00e1 118 bancas, y Juntos por el Cambio (JxC), que contar\u00e1 con 115 esca\u00f1os<\/strong>, aunque dispersos en al menos 7 bloques diferentes, que formar\u00e1n parte de todos modos de esa estructura opositora.<\/p>\n","protected":false},"excerpt":{"rendered":"<p>En la sesi\u00f3n preparatoria de este martes, jurar\u00e1n los 127 legisladores electos el pasado 14 de noviembre. Por La Pampa lo hicieron Varinia Mar\u00edn (FdT), Marcela Coli (JxC) y Mart\u00edn&hellip;<\/p>\n","protected":false},"author":4,"featured_media":139261,"comment_status":"closed","ping_status":"open","sticky":false,"template":"","format":"standard","meta":{"_acf_changed":false,"footnotes":""},"categories":[10,8],"tags":[],"class_list":["post-171841","post","type-post","status-publish","format-standard","has-post-thumbnail","hentry","category-portada-2","category-politica"],"acf":[],"yoast_head":"<!-- This site is optimized with the Yoast SEO plugin v27.5 - https:\/\/yoast.com\/product\/yoast-seo-wordpress\/ -->\n<title>Diputados: juraron Varinia Mar\u00edn, Marcela Coli y Mart\u00edn Maquieyra - Diario Textual<\/title>\n<meta name=\"robots\" content=\"index, follow, max-snippet:-1, max-image-preview:large, max-video-preview:-1\" \/>\n<link rel=\"canonical\" href=\"https:\/\/diariotextual.com\/inicio\/index.php\/2021\/12\/07\/diputados-juraron-varinia-marin-marcela-coli-y-martin-maquieyra\/\" \/>\n<meta property=\"og:locale\" content=\"es_ES\" \/>\n<meta property=\"og:type\" content=\"article\" \/>\n<meta property=\"og:title\" content=\"Diputados: juraron Varinia Mar\u00edn, Marcela Coli y Mart\u00edn Maquieyra - Diario Textual\" \/>\n<meta property=\"og:description\" content=\"En la sesi\u00f3n preparatoria de este martes, jurar\u00e1n los 127 legisladores electos el pasado 14 de noviembre. Por La Pampa lo hicieron Varinia Mar\u00edn (FdT), Marcela Coli (JxC) y Mart\u00edn&hellip;\" \/>\n<meta property=\"og:url\" content=\"https:\/\/diariotextual.com\/inicio\/index.php\/2021\/12\/07\/diputados-juraron-varinia-marin-marcela-coli-y-martin-maquieyra\/\" \/>\n<meta property=\"og:site_name\" content=\"Diario Textual\" \/>\n<meta property=\"article:publisher\" content=\"https:\/\/www.facebook.com\/eltextual\" \/>\n<meta property=\"article:published_time\" content=\"2021-12-07T17:23:29+00:00\" \/>\n<meta property=\"article:modified_time\" content=\"2021-12-07T23:12:29+00:00\" \/>\n<meta property=\"og:image\" content=\"https:\/\/diariotextual.com\/inicio\/wp-content\/uploads\/2021\/03\/massasergiodiputadosganancias2021-1.jpeg\" \/>\n\t<meta property=\"og:image:width\" content=\"1249\" \/>\n\t<meta property=\"og:image:height\" content=\"702\" \/>\n\t<meta property=\"og:image:type\" content=\"image\/jpeg\" \/>\n<meta name=\"author\" content=\"diario2\" \/>\n<meta name=\"twitter:card\" content=\"summary_large_image\" \/>\n<meta name=\"twitter:creator\" content=\"@eltextual\" \/>\n<meta name=\"twitter:site\" content=\"@eltextual\" \/>\n<meta name=\"twitter:label1\" content=\"Escrito por\" \/>\n\t<meta name=\"twitter:data1\" content=\"diario2\" \/>\n\t<meta name=\"twitter:label2\" content=\"Tiempo de lectura\" \/>\n\t<meta name=\"twitter:data2\" content=\"1 minuto\" \/>\n<script type=\"application\/ld+json\" class=\"yoast-schema-graph\">{\"@context\":\"https:\\\/\\\/schema.org\",\"@graph\":[{\"@type\":\"Article\",\"@id\":\"https:\\\/\\\/diariotextual.com\\\/inicio\\\/index.php\\\/2021\\\/12\\\/07\\\/diputados-juraron-varinia-marin-marcela-coli-y-martin-maquieyra\\\/#article\",\"isPartOf\":{\"@id\":\"https:\\\/\\\/diariotextual.com\\\/inicio\\\/index.php\\\/2021\\\/12\\\/07\\\/diputados-juraron-varinia-marin-marcela-coli-y-martin-maquieyra\\\/\"},\"author\":{\"name\":\"diario2\",\"@id\":\"https:\\\/\\\/diariotextual.com\\\/inicio\\\/#\\\/schema\\\/person\\\/694f60677f23c4a530867a98f22b3768\"},\"headline\":\"Diputados: juraron Varinia Mar\u00edn, Marcela Coli y Mart\u00edn Maquieyra\",\"datePublished\":\"2021-12-07T17:23:29+00:00\",\"dateModified\":\"2021-12-07T23:12:29+00:00\",\"mainEntityOfPage\":{\"@id\":\"https:\\\/\\\/diariotextual.com\\\/inicio\\\/index.php\\\/2021\\\/12\\\/07\\\/diputados-juraron-varinia-marin-marcela-coli-y-martin-maquieyra\\\/\"},\"wordCount\":228,\"publisher\":{\"@id\":\"https:\\\/\\\/diariotextual.com\\\/inicio\\\/#organization\"},\"image\":{\"@id\":\"https:\\\/\\\/diariotextual.com\\\/inicio\\\/index.php\\\/2021\\\/12\\\/07\\\/diputados-juraron-varinia-marin-marcela-coli-y-martin-maquieyra\\\/#primaryimage\"},\"thumbnailUrl\":\"https:\\\/\\\/diariotextual.com\\\/inicio\\\/wp-content\\\/uploads\\\/2021\\\/03\\\/massasergiodiputadosganancias2021-1.jpeg\",\"articleSection\":[\"A - PORTADA2\",\"POLITICA\"],\"inLanguage\":\"es\"},{\"@type\":\"WebPage\",\"@id\":\"https:\\\/\\\/diariotextual.com\\\/inicio\\\/index.php\\\/2021\\\/12\\\/07\\\/diputados-juraron-varinia-marin-marcela-coli-y-martin-maquieyra\\\/\",\"url\":\"https:\\\/\\\/diariotextual.com\\\/inicio\\\/index.php\\\/2021\\\/12\\\/07\\\/diputados-juraron-varinia-marin-marcela-coli-y-martin-maquieyra\\\/\",\"name\":\"Diputados: juraron Varinia Mar\u00edn, Marcela Coli y Mart\u00edn Maquieyra - Diario Textual\",\"isPartOf\":{\"@id\":\"https:\\\/\\\/diariotextual.com\\\/inicio\\\/#website\"},\"primaryImageOfPage\":{\"@id\":\"https:\\\/\\\/diariotextual.com\\\/inicio\\\/index.php\\\/2021\\\/12\\\/07\\\/diputados-juraron-varinia-marin-marcela-coli-y-martin-maquieyra\\\/#primaryimage\"},\"image\":{\"@id\":\"https:\\\/\\\/diariotextual.com\\\/inicio\\\/index.php\\\/2021\\\/12\\\/07\\\/diputados-juraron-varinia-marin-marcela-coli-y-martin-maquieyra\\\/#primaryimage\"},\"thumbnailUrl\":\"https:\\\/\\\/diariotextual.com\\\/inicio\\\/wp-content\\\/uploads\\\/2021\\\/03\\\/massasergiodiputadosganancias2021-1.jpeg\",\"datePublished\":\"2021-12-07T17:23:29+00:00\",\"dateModified\":\"2021-12-07T23:12:29+00:00\",\"breadcrumb\":{\"@id\":\"https:\\\/\\\/diariotextual.com\\\/inicio\\\/index.php\\\/2021\\\/12\\\/07\\\/diputados-juraron-varinia-marin-marcela-coli-y-martin-maquieyra\\\/#breadcrumb\"},\"inLanguage\":\"es\",\"potentialAction\":[{\"@type\":\"ReadAction\",\"target\":[\"https:\\\/\\\/diariotextual.com\\\/inicio\\\/index.php\\\/2021\\\/12\\\/07\\\/diputados-juraron-varinia-marin-marcela-coli-y-martin-maquieyra\\\/\"]}]},{\"@type\":\"ImageObject\",\"inLanguage\":\"es\",\"@id\":\"https:\\\/\\\/diariotextual.com\\\/inicio\\\/index.php\\\/2021\\\/12\\\/07\\\/diputados-juraron-varinia-marin-marcela-coli-y-martin-maquieyra\\\/#primaryimage\",\"url\":\"https:\\\/\\\/diariotextual.com\\\/inicio\\\/wp-content\\\/uploads\\\/2021\\\/03\\\/massasergiodiputadosganancias2021-1.jpeg\",\"contentUrl\":\"https:\\\/\\\/diariotextual.com\\\/inicio\\\/wp-content\\\/uploads\\\/2021\\\/03\\\/massasergiodiputadosganancias2021-1.jpeg\",\"width\":1249,\"height\":702},{\"@type\":\"BreadcrumbList\",\"@id\":\"https:\\\/\\\/diariotextual.com\\\/inicio\\\/index.php\\\/2021\\\/12\\\/07\\\/diputados-juraron-varinia-marin-marcela-coli-y-martin-maquieyra\\\/#breadcrumb\",\"itemListElement\":[{\"@type\":\"ListItem\",\"position\":1,\"name\":\"Portada\",\"item\":\"https:\\\/\\\/diariotextual.com\\\/inicio\\\/\"},{\"@type\":\"ListItem\",\"position\":2,\"name\":\"Diputados: juraron Varinia Mar\u00edn, Marcela Coli y Mart\u00edn Maquieyra\"}]},{\"@type\":\"WebSite\",\"@id\":\"https:\\\/\\\/diariotextual.com\\\/inicio\\\/#website\",\"url\":\"https:\\\/\\\/diariotextual.com\\\/inicio\\\/\",\"name\":\"Diario Textual\",\"description\":\"\",\"publisher\":{\"@id\":\"https:\\\/\\\/diariotextual.com\\\/inicio\\\/#organization\"},\"potentialAction\":[{\"@type\":\"SearchAction\",\"target\":{\"@type\":\"EntryPoint\",\"urlTemplate\":\"https:\\\/\\\/diariotextual.com\\\/inicio\\\/?s={search_term_string}\"},\"query-input\":{\"@type\":\"PropertyValueSpecification\",\"valueRequired\":true,\"valueName\":\"search_term_string\"}}],\"inLanguage\":\"es\"},{\"@type\":\"Organization\",\"@id\":\"https:\\\/\\\/diariotextual.com\\\/inicio\\\/#organization\",\"name\":\"Diario Textual\",\"url\":\"https:\\\/\\\/diariotextual.com\\\/inicio\\\/\",\"logo\":{\"@type\":\"ImageObject\",\"inLanguage\":\"es\",\"@id\":\"https:\\\/\\\/diariotextual.com\\\/inicio\\\/#\\\/schema\\\/logo\\\/image\\\/\",\"url\":\"https:\\\/\\\/diariotextual.com\\\/inicio\\\/wp-content\\\/uploads\\\/2023\\\/05\\\/logotextual1.jpg\",\"contentUrl\":\"https:\\\/\\\/diariotextual.com\\\/inicio\\\/wp-content\\\/uploads\\\/2023\\\/05\\\/logotextual1.jpg\",\"width\":516,\"height\":76,\"caption\":\"Diario Textual\"},\"image\":{\"@id\":\"https:\\\/\\\/diariotextual.com\\\/inicio\\\/#\\\/schema\\\/logo\\\/image\\\/\"},\"sameAs\":[\"https:\\\/\\\/www.facebook.com\\\/eltextual\",\"https:\\\/\\\/x.com\\\/eltextual\",\"http:\\\/\\\/www.instagram.com\\\/eltextual\"]},{\"@type\":\"Person\",\"@id\":\"https:\\\/\\\/diariotextual.com\\\/inicio\\\/#\\\/schema\\\/person\\\/694f60677f23c4a530867a98f22b3768\",\"name\":\"diario2\",\"image\":{\"@type\":\"ImageObject\",\"inLanguage\":\"es\",\"@id\":\"https:\\\/\\\/secure.gravatar.com\\\/avatar\\\/5a2567495ba16b852fcd8f1ed006a2e24fcace936018ed8237e95f488ad6e0a7?s=96&d=mm&r=g\",\"url\":\"https:\\\/\\\/secure.gravatar.com\\\/avatar\\\/5a2567495ba16b852fcd8f1ed006a2e24fcace936018ed8237e95f488ad6e0a7?s=96&d=mm&r=g\",\"contentUrl\":\"https:\\\/\\\/secure.gravatar.com\\\/avatar\\\/5a2567495ba16b852fcd8f1ed006a2e24fcace936018ed8237e95f488ad6e0a7?s=96&d=mm&r=g\",\"caption\":\"diario2\"},\"url\":\"https:\\\/\\\/diariotextual.com\\\/inicio\\\/index.php\\\/author\\\/diario2\\\/\"}]}<\/script>\n<!-- \/ Yoast SEO plugin. -->","yoast_head_json":{"title":"Diputados: juraron Varinia Mar\u00edn, Marcela Coli y Mart\u00edn Maquieyra - Diario Textual","robots":{"index":"index","follow":"follow","max-snippet":"max-snippet:-1","max-image-preview":"max-image-preview:large","max-video-preview":"max-video-preview:-1"},"canonical":"https:\/\/diariotextual.com\/inicio\/index.php\/2021\/12\/07\/diputados-juraron-varinia-marin-marcela-coli-y-martin-maquieyra\/","og_locale":"es_ES","og_type":"article","og_title":"Diputados: juraron Varinia Mar\u00edn, Marcela Coli y Mart\u00edn Maquieyra - Diario Textual","og_description":"En la sesi\u00f3n preparatoria de este martes, jurar\u00e1n los 127 legisladores electos el pasado 14 de noviembre. Por La Pampa lo hicieron Varinia Mar\u00edn (FdT), Marcela Coli (JxC) y Mart\u00edn&hellip;","og_url":"https:\/\/diariotextual.com\/inicio\/index.php\/2021\/12\/07\/diputados-juraron-varinia-marin-marcela-coli-y-martin-maquieyra\/","og_site_name":"Diario Textual","article_publisher":"https:\/\/www.facebook.com\/eltextual","article_published_time":"2021-12-07T17:23:29+00:00","article_modified_time":"2021-12-07T23:12:29+00:00","og_image":[{"width":1249,"height":702,"url":"https:\/\/diariotextual.com\/inicio\/wp-content\/uploads\/2021\/03\/massasergiodiputadosganancias2021-1.jpeg","type":"image\/jpeg"}],"author":"diario2","twitter_card":"summary_large_image","twitter_creator":"@eltextual","twitter_site":"@eltextual","twitter_misc":{"Escrito por":"diario2","Tiempo de lectura":"1 minuto"},"schema":{"@context":"https:\/\/schema.org","@graph":[{"@type":"Article","@id":"https:\/\/diariotextual.com\/inicio\/index.php\/2021\/12\/07\/diputados-juraron-varinia-marin-marcela-coli-y-martin-maquieyra\/#article","isPartOf":{"@id":"https:\/\/diariotextual.com\/inicio\/index.php\/2021\/12\/07\/diputados-juraron-varinia-marin-marcela-coli-y-martin-maquieyra\/"},"author":{"name":"diario2","@id":"https:\/\/diariotextual.com\/inicio\/#\/schema\/person\/694f60677f23c4a530867a98f22b3768"},"headline":"Diputados: juraron Varinia Mar\u00edn, Marcela Coli y Mart\u00edn Maquieyra","datePublished":"2021-12-07T17:23:29+00:00","dateModified":"2021-12-07T23:12:29+00:00","mainEntityOfPage":{"@id":"https:\/\/diariotextual.com\/inicio\/index.php\/2021\/12\/07\/diputados-juraron-varinia-marin-marcela-coli-y-martin-maquieyra\/"},"wordCount":228,"publisher":{"@id":"https:\/\/diariotextual.com\/inicio\/#organization"},"image":{"@id":"https:\/\/diariotextual.com\/inicio\/index.php\/2021\/12\/07\/diputados-juraron-varinia-marin-marcela-coli-y-martin-maquieyra\/#primaryimage"},"thumbnailUrl":"https:\/\/diariotextual.com\/inicio\/wp-content\/uploads\/2021\/03\/massasergiodiputadosganancias2021-1.jpeg","articleSection":["A - PORTADA2","POLITICA"],"inLanguage":"es"},{"@type":"WebPage","@id":"https:\/\/diariotextual.com\/inicio\/index.php\/2021\/12\/07\/diputados-juraron-varinia-marin-marcela-coli-y-martin-maquieyra\/","url":"https:\/\/diariotextual.com\/inicio\/index.php\/2021\/12\/07\/diputados-juraron-varinia-marin-marcela-coli-y-martin-maquieyra\/","name":"Diputados: juraron Varinia Mar\u00edn, Marcela Coli y Mart\u00edn Maquieyra - Diario Textual","isPartOf":{"@id":"https:\/\/diariotextual.com\/inicio\/#website"},"primaryImageOfPage":{"@id":"https:\/\/diariotextual.com\/inicio\/index.php\/2021\/12\/07\/diputados-juraron-varinia-marin-marcela-coli-y-martin-maquieyra\/#primaryimage"},"image":{"@id":"https:\/\/diariotextual.com\/inicio\/index.php\/2021\/12\/07\/diputados-juraron-varinia-marin-marcela-coli-y-martin-maquieyra\/#primaryimage"},"thumbnailUrl":"https:\/\/diariotextual.com\/inicio\/wp-content\/uploads\/2021\/03\/massasergiodiputadosganancias2021-1.jpeg","datePublished":"2021-12-07T17:23:29+00:00","dateModified":"2021-12-07T23:12:29+00:00","breadcrumb":{"@id":"https:\/\/diariotextual.com\/inicio\/index.php\/2021\/12\/07\/diputados-juraron-varinia-marin-marcela-coli-y-martin-maquieyra\/#breadcrumb"},"inLanguage":"es","potentialAction":[{"@type":"ReadAction","target":["https:\/\/diariotextual.com\/inicio\/index.php\/2021\/12\/07\/diputados-juraron-varinia-marin-marcela-coli-y-martin-maquieyra\/"]}]},{"@type":"ImageObject","inLanguage":"es","@id":"https:\/\/diariotextual.com\/inicio\/index.php\/2021\/12\/07\/diputados-juraron-varinia-marin-marcela-coli-y-martin-maquieyra\/#primaryimage","url":"https:\/\/diariotextual.com\/inicio\/wp-content\/uploads\/2021\/03\/massasergiodiputadosganancias2021-1.jpeg","contentUrl":"https:\/\/diariotextual.com\/inicio\/wp-content\/uploads\/2021\/03\/massasergiodiputadosganancias2021-1.jpeg","width":1249,"height":702},{"@type":"BreadcrumbList","@id":"https:\/\/diariotextual.com\/inicio\/index.php\/2021\/12\/07\/diputados-juraron-varinia-marin-marcela-coli-y-martin-maquieyra\/#breadcrumb","itemListElement":[{"@type":"ListItem","position":1,"name":"Portada","item":"https:\/\/diariotextual.com\/inicio\/"},{"@type":"ListItem","position":2,"name":"Diputados: juraron Varinia Mar\u00edn, Marcela Coli y Mart\u00edn Maquieyra"}]},{"@type":"WebSite","@id":"https:\/\/diariotextual.com\/inicio\/#website","url":"https:\/\/diariotextual.com\/inicio\/","name":"Diario Textual","description":"","publisher":{"@id":"https:\/\/diariotextual.com\/inicio\/#organization"},"potentialAction":[{"@type":"SearchAction","target":{"@type":"EntryPoint","urlTemplate":"https:\/\/diariotextual.com\/inicio\/?s={search_term_string}"},"query-input":{"@type":"PropertyValueSpecification","valueRequired":true,"valueName":"search_term_string"}}],"inLanguage":"es"},{"@type":"Organization","@id":"https:\/\/diariotextual.com\/inicio\/#organization","name":"Diario Textual","url":"https:\/\/diariotextual.com\/inicio\/","logo":{"@type":"ImageObject","inLanguage":"es","@id":"https:\/\/diariotextual.com\/inicio\/#\/schema\/logo\/image\/","url":"https:\/\/diariotextual.com\/inicio\/wp-content\/uploads\/2023\/05\/logotextual1.jpg","contentUrl":"https:\/\/diariotextual.com\/inicio\/wp-content\/uploads\/2023\/05\/logotextual1.jpg","width":516,"height":76,"caption":"Diario Textual"},"image":{"@id":"https:\/\/diariotextual.com\/inicio\/#\/schema\/logo\/image\/"},"sameAs":["https:\/\/www.facebook.com\/eltextual","https:\/\/x.com\/eltextual","http:\/\/www.instagram.com\/eltextual"]},{"@type":"Person","@id":"https:\/\/diariotextual.com\/inicio\/#\/schema\/person\/694f60677f23c4a530867a98f22b3768","name":"diario2","image":{"@type":"ImageObject","inLanguage":"es","@id":"https:\/\/secure.gravatar.com\/avatar\/5a2567495ba16b852fcd8f1ed006a2e24fcace936018ed8237e95f488ad6e0a7?s=96&d=mm&r=g","url":"https:\/\/secure.gravatar.com\/avatar\/5a2567495ba16b852fcd8f1ed006a2e24fcace936018ed8237e95f488ad6e0a7?s=96&d=mm&r=g","contentUrl":"https:\/\/secure.gravatar.com\/avatar\/5a2567495ba16b852fcd8f1ed006a2e24fcace936018ed8237e95f488ad6e0a7?s=96&d=mm&r=g","caption":"diario2"},"url":"https:\/\/diariotextual.com\/inicio\/index.php\/author\/diario2\/"}]}},"_links":{"self":[{"href":"https:\/\/diariotextual.com\/inicio\/index.php\/wp-json\/wp\/v2\/posts\/171841","targetHints":{"allow":["GET"]}}],"collection":[{"href":"https:\/\/diariotextual.com\/inicio\/index.php\/wp-json\/wp\/v2\/posts"}],"about":[{"href":"https:\/\/diariotextual.com\/inicio\/index.php\/wp-json\/wp\/v2\/types\/post"}],"author":[{"embeddable":true,"href":"https:\/\/diariotextual.com\/inicio\/index.php\/wp-json\/wp\/v2\/users\/4"}],"replies":[{"embeddable":true,"href":"https:\/\/diariotextual.com\/inicio\/index.php\/wp-json\/wp\/v2\/comments?post=171841"}],"version-history":[{"count":5,"href":"https:\/\/diariotextual.com\/inicio\/index.php\/wp-json\/wp\/v2\/posts\/171841\/revisions"}],"predecessor-version":[{"id":171876,"href":"https:\/\/diariotextual.com\/inicio\/index.php\/wp-json\/wp\/v2\/posts\/171841\/revisions\/171876"}],"wp:featuredmedia":[{"embeddable":true,"href":"https:\/\/diariotextual.com\/inicio\/index.php\/wp-json\/wp\/v2\/media\/139261"}],"wp:attachment":[{"href":"https:\/\/diariotextual.com\/inicio\/index.php\/wp-json\/wp\/v2\/media?parent=171841"}],"wp:term":[{"taxonomy":"category","embeddable":true,"href":"https:\/\/diariotextual.com\/inicio\/index.php\/wp-json\/wp\/v2\/categories?post=171841"},{"taxonomy":"post_tag","embeddable":true,"href":"https:\/\/diariotextual.com\/inicio\/index.php\/wp-json\/wp\/v2\/tags?post=171841"}],"curies":[{"name":"wp","href":"https:\/\/api.w.org\/{rel}","templated":true}]}}