{"id":171984,"date":"2021-12-09T09:21:22","date_gmt":"2021-12-09T12:21:22","guid":{"rendered":"https:\/\/diariotextual.com\/inicio\/?p=171984"},"modified":"2021-12-09T11:42:32","modified_gmt":"2021-12-09T14:42:32","slug":"covid-la-oms-concluyo-que-la-inmunidad-dura-hasta-seis-meses-tras-recibir-la-segunda-dosis","status":"publish","type":"post","link":"https:\/\/diariotextual.com\/inicio\/index.php\/2021\/12\/09\/covid-la-oms-concluyo-que-la-inmunidad-dura-hasta-seis-meses-tras-recibir-la-segunda-dosis\/","title":{"rendered":"Covid: la OMS concluy\u00f3 que la inmunidad dura hasta seis meses tras recibir la segunda dosis"},"content":{"rendered":"\n<p>La <strong>Organizaci\u00f3n Mundial de la Salud (OMS) <\/strong>inform\u00f3 este jueves que<strong> la protecci\u00f3n de las vacunas contra el Covid dura en promedio hasta seis meses. <\/strong>As\u00ed lo comunic\u00f3 la directora del departamento de inmunizaci\u00f3n del organismo, <strong>Kate O\u2019Brien<\/strong>, durante una conferencia de prensa. Frente a este escenario, llam\u00f3 a aplicar refuerzos con rapidez ante la propagaci\u00f3n de la variante \u00f3micron.<\/p>\n\n\n\n<p><strong>\u201cHemos revisado los datos que hay y la mayor\u00eda muestra que la inmunidad tiene una duraci\u00f3n de hasta seis meses\u201d<\/strong>, afirm\u00f3 O\u2019Brien. Seg\u00fan la funcionaria, el hallazgo se logr\u00f3 a partir del an\u00e1lisis de datos cient\u00edficos recabados durante los \u00faltimos meses y refiere a personas que completaron el esquema de vacunaci\u00f3n con dos dosis.<\/p>\n\n\n\n<p>La Organizaci\u00f3n Mundial de la Salud (OMS) inform\u00f3 este jueves que la protecci\u00f3n de las vacunas contra el Covid dura en promedio hasta seis meses. As\u00ed lo comunic\u00f3 la directora del departamento de inmunizaci\u00f3n del organismo, Kate O\u2019Brien, durante una conferencia de prensa. Frente a este escenario, llam\u00f3 a aplicar refuerzos con rapidez ante la propagaci\u00f3n de la variante \u00f3micron.<\/p>\n\n\n\n<p>\u201cHemos revisado los datos que hay y la mayor\u00eda muestra que la inmunidad tiene una duraci\u00f3n de hasta seis meses\u201d, afirm\u00f3 O\u2019Brien. Seg\u00fan la funcionaria, el hallazgo se logr\u00f3 a partir del an\u00e1lisis de datos cient\u00edficos recabados durante los \u00faltimos meses y refiere a personas que completaron el esquema de vacunaci\u00f3n con dos dosis.<\/p>\n\n\n\n<p>Ante el per\u00edodo de inmunizaci\u00f3n mencionado, la OMS llam\u00f3 a los pa\u00edses avanzar con rapidez en la aplicaci\u00f3n de segundas dosis y de refuerzos y consider\u00f3 que las pr\u00f3ximas semanas ser\u00e1n \u201cclave\u201d para determinar la progresi\u00f3n de la cepa sudafricana de Covid.<\/p>\n\n\n\n<p>\u201cSi los pa\u00edses esperan a que sus hospitales empiecen a llenarse, ser\u00e1 demasiado tarde. No esperen. Act\u00faen ahora\u201d, advirti\u00f3 el director general de la organizaci\u00f3n, Tedros Adhanom.<\/p>\n\n\n\n<p>El organismo alert\u00f3 adem\u00e1s sobre las tasas de vacunaci\u00f3n \u201cpreocupantemente bajas\u201d registradas en gran parte de los pa\u00edses en desarrollo. En dichos territorios, evalu\u00f3 m\u00e1s importante la administraci\u00f3n masiva de primeras dosis que de refuerzos. Tambi\u00e9n pidi\u00f3 que, ante la amenaza de la variante \u00f3micron, los pa\u00edses ricos eviten hacer un acopio excesivo de vacunas como ocurri\u00f3 durante la primera etapa de la campa\u00f1a de inmunizaci\u00f3n.<\/p>\n","protected":false},"excerpt":{"rendered":"<p>La Organizaci\u00f3n Mundial de la Salud (OMS) inform\u00f3 este jueves que la protecci\u00f3n de las vacunas contra el Covid dura en promedio hasta seis meses. As\u00ed lo comunic\u00f3 la directora&hellip;<\/p>\n","protected":false},"author":3,"featured_media":163723,"comment_status":"closed","ping_status":"open","sticky":false,"template":"","format":"standard","meta":{"_acf_changed":false,"footnotes":""},"categories":[10,12],"tags":[2899],"class_list":["post-171984","post","type-post","status-publish","format-standard","has-post-thumbnail","hentry","category-portada-2","category-sociedad","tag-covid"],"acf":[],"yoast_head":"<!-- This site is optimized with the Yoast SEO plugin v27.5 - https:\/\/yoast.com\/product\/yoast-seo-wordpress\/ -->\n<title>Covid: la OMS concluy\u00f3 que la inmunidad dura hasta seis meses tras recibir la segunda dosis - Diario Textual<\/title>\n<meta name=\"robots\" content=\"index, follow, max-snippet:-1, max-image-preview:large, max-video-preview:-1\" \/>\n<link rel=\"canonical\" href=\"https:\/\/diariotextual.com\/inicio\/index.php\/2021\/12\/09\/covid-la-oms-concluyo-que-la-inmunidad-dura-hasta-seis-meses-tras-recibir-la-segunda-dosis\/\" \/>\n<meta property=\"og:locale\" content=\"es_ES\" \/>\n<meta property=\"og:type\" content=\"article\" \/>\n<meta property=\"og:title\" content=\"Covid: la OMS concluy\u00f3 que la inmunidad dura hasta seis meses tras recibir la segunda dosis - Diario Textual\" \/>\n<meta property=\"og:description\" content=\"La Organizaci\u00f3n Mundial de la Salud (OMS) inform\u00f3 este jueves que la protecci\u00f3n de las vacunas contra el Covid dura en promedio hasta seis meses. As\u00ed lo comunic\u00f3 la directora&hellip;\" \/>\n<meta property=\"og:url\" content=\"https:\/\/diariotextual.com\/inicio\/index.php\/2021\/12\/09\/covid-la-oms-concluyo-que-la-inmunidad-dura-hasta-seis-meses-tras-recibir-la-segunda-dosis\/\" \/>\n<meta property=\"og:site_name\" content=\"Diario Textual\" \/>\n<meta property=\"article:publisher\" content=\"https:\/\/www.facebook.com\/eltextual\" \/>\n<meta property=\"article:published_time\" content=\"2021-12-09T12:21:22+00:00\" \/>\n<meta property=\"article:modified_time\" content=\"2021-12-09T14:42:32+00:00\" \/>\n<meta property=\"og:image\" content=\"https:\/\/diariotextual.com\/inicio\/wp-content\/uploads\/2021\/10\/coronavirusvacunacionpampa2021-203.jpg\" \/>\n\t<meta property=\"og:image:width\" content=\"1193\" \/>\n\t<meta property=\"og:image:height\" content=\"731\" \/>\n\t<meta property=\"og:image:type\" content=\"image\/jpeg\" \/>\n<meta name=\"author\" content=\"Diario1 Diario1\" \/>\n<meta name=\"twitter:card\" content=\"summary_large_image\" \/>\n<meta name=\"twitter:creator\" content=\"@eltextual\" \/>\n<meta name=\"twitter:site\" content=\"@eltextual\" \/>\n<meta name=\"twitter:label1\" content=\"Escrito por\" \/>\n\t<meta name=\"twitter:data1\" content=\"Diario1 Diario1\" \/>\n\t<meta name=\"twitter:label2\" content=\"Tiempo de lectura\" \/>\n\t<meta name=\"twitter:data2\" content=\"2 minutos\" \/>\n<script type=\"application\/ld+json\" class=\"yoast-schema-graph\">{\"@context\":\"https:\\\/\\\/schema.org\",\"@graph\":[{\"@type\":\"Article\",\"@id\":\"https:\\\/\\\/diariotextual.com\\\/inicio\\\/index.php\\\/2021\\\/12\\\/09\\\/covid-la-oms-concluyo-que-la-inmunidad-dura-hasta-seis-meses-tras-recibir-la-segunda-dosis\\\/#article\",\"isPartOf\":{\"@id\":\"https:\\\/\\\/diariotextual.com\\\/inicio\\\/index.php\\\/2021\\\/12\\\/09\\\/covid-la-oms-concluyo-que-la-inmunidad-dura-hasta-seis-meses-tras-recibir-la-segunda-dosis\\\/\"},\"author\":{\"name\":\"Diario1 Diario1\",\"@id\":\"https:\\\/\\\/diariotextual.com\\\/inicio\\\/#\\\/schema\\\/person\\\/418fc4093c33e86ed41562db3508f958\"},\"headline\":\"Covid: la OMS concluy\u00f3 que la inmunidad dura hasta seis meses tras recibir la segunda dosis\",\"datePublished\":\"2021-12-09T12:21:22+00:00\",\"dateModified\":\"2021-12-09T14:42:32+00:00\",\"mainEntityOfPage\":{\"@id\":\"https:\\\/\\\/diariotextual.com\\\/inicio\\\/index.php\\\/2021\\\/12\\\/09\\\/covid-la-oms-concluyo-que-la-inmunidad-dura-hasta-seis-meses-tras-recibir-la-segunda-dosis\\\/\"},\"wordCount\":422,\"publisher\":{\"@id\":\"https:\\\/\\\/diariotextual.com\\\/inicio\\\/#organization\"},\"image\":{\"@id\":\"https:\\\/\\\/diariotextual.com\\\/inicio\\\/index.php\\\/2021\\\/12\\\/09\\\/covid-la-oms-concluyo-que-la-inmunidad-dura-hasta-seis-meses-tras-recibir-la-segunda-dosis\\\/#primaryimage\"},\"thumbnailUrl\":\"https:\\\/\\\/diariotextual.com\\\/inicio\\\/wp-content\\\/uploads\\\/2021\\\/10\\\/coronavirusvacunacionpampa2021-203.jpg\",\"keywords\":[\"covid\"],\"articleSection\":[\"A - PORTADA2\",\"SOCIEDAD\"],\"inLanguage\":\"es\"},{\"@type\":\"WebPage\",\"@id\":\"https:\\\/\\\/diariotextual.com\\\/inicio\\\/index.php\\\/2021\\\/12\\\/09\\\/covid-la-oms-concluyo-que-la-inmunidad-dura-hasta-seis-meses-tras-recibir-la-segunda-dosis\\\/\",\"url\":\"https:\\\/\\\/diariotextual.com\\\/inicio\\\/index.php\\\/2021\\\/12\\\/09\\\/covid-la-oms-concluyo-que-la-inmunidad-dura-hasta-seis-meses-tras-recibir-la-segunda-dosis\\\/\",\"name\":\"Covid: la OMS concluy\u00f3 que la inmunidad dura hasta seis meses tras recibir la segunda dosis - Diario Textual\",\"isPartOf\":{\"@id\":\"https:\\\/\\\/diariotextual.com\\\/inicio\\\/#website\"},\"primaryImageOfPage\":{\"@id\":\"https:\\\/\\\/diariotextual.com\\\/inicio\\\/index.php\\\/2021\\\/12\\\/09\\\/covid-la-oms-concluyo-que-la-inmunidad-dura-hasta-seis-meses-tras-recibir-la-segunda-dosis\\\/#primaryimage\"},\"image\":{\"@id\":\"https:\\\/\\\/diariotextual.com\\\/inicio\\\/index.php\\\/2021\\\/12\\\/09\\\/covid-la-oms-concluyo-que-la-inmunidad-dura-hasta-seis-meses-tras-recibir-la-segunda-dosis\\\/#primaryimage\"},\"thumbnailUrl\":\"https:\\\/\\\/diariotextual.com\\\/inicio\\\/wp-content\\\/uploads\\\/2021\\\/10\\\/coronavirusvacunacionpampa2021-203.jpg\",\"datePublished\":\"2021-12-09T12:21:22+00:00\",\"dateModified\":\"2021-12-09T14:42:32+00:00\",\"breadcrumb\":{\"@id\":\"https:\\\/\\\/diariotextual.com\\\/inicio\\\/index.php\\\/2021\\\/12\\\/09\\\/covid-la-oms-concluyo-que-la-inmunidad-dura-hasta-seis-meses-tras-recibir-la-segunda-dosis\\\/#breadcrumb\"},\"inLanguage\":\"es\",\"potentialAction\":[{\"@type\":\"ReadAction\",\"target\":[\"https:\\\/\\\/diariotextual.com\\\/inicio\\\/index.php\\\/2021\\\/12\\\/09\\\/covid-la-oms-concluyo-que-la-inmunidad-dura-hasta-seis-meses-tras-recibir-la-segunda-dosis\\\/\"]}]},{\"@type\":\"ImageObject\",\"inLanguage\":\"es\",\"@id\":\"https:\\\/\\\/diariotextual.com\\\/inicio\\\/index.php\\\/2021\\\/12\\\/09\\\/covid-la-oms-concluyo-que-la-inmunidad-dura-hasta-seis-meses-tras-recibir-la-segunda-dosis\\\/#primaryimage\",\"url\":\"https:\\\/\\\/diariotextual.com\\\/inicio\\\/wp-content\\\/uploads\\\/2021\\\/10\\\/coronavirusvacunacionpampa2021-203.jpg\",\"contentUrl\":\"https:\\\/\\\/diariotextual.com\\\/inicio\\\/wp-content\\\/uploads\\\/2021\\\/10\\\/coronavirusvacunacionpampa2021-203.jpg\",\"width\":1193,\"height\":731},{\"@type\":\"BreadcrumbList\",\"@id\":\"https:\\\/\\\/diariotextual.com\\\/inicio\\\/index.php\\\/2021\\\/12\\\/09\\\/covid-la-oms-concluyo-que-la-inmunidad-dura-hasta-seis-meses-tras-recibir-la-segunda-dosis\\\/#breadcrumb\",\"itemListElement\":[{\"@type\":\"ListItem\",\"position\":1,\"name\":\"Portada\",\"item\":\"https:\\\/\\\/diariotextual.com\\\/inicio\\\/\"},{\"@type\":\"ListItem\",\"position\":2,\"name\":\"Covid: la OMS concluy\u00f3 que la inmunidad dura hasta seis meses tras recibir la segunda dosis\"}]},{\"@type\":\"WebSite\",\"@id\":\"https:\\\/\\\/diariotextual.com\\\/inicio\\\/#website\",\"url\":\"https:\\\/\\\/diariotextual.com\\\/inicio\\\/\",\"name\":\"Diario Textual\",\"description\":\"\",\"publisher\":{\"@id\":\"https:\\\/\\\/diariotextual.com\\\/inicio\\\/#organization\"},\"potentialAction\":[{\"@type\":\"SearchAction\",\"target\":{\"@type\":\"EntryPoint\",\"urlTemplate\":\"https:\\\/\\\/diariotextual.com\\\/inicio\\\/?s={search_term_string}\"},\"query-input\":{\"@type\":\"PropertyValueSpecification\",\"valueRequired\":true,\"valueName\":\"search_term_string\"}}],\"inLanguage\":\"es\"},{\"@type\":\"Organization\",\"@id\":\"https:\\\/\\\/diariotextual.com\\\/inicio\\\/#organization\",\"name\":\"Diario Textual\",\"url\":\"https:\\\/\\\/diariotextual.com\\\/inicio\\\/\",\"logo\":{\"@type\":\"ImageObject\",\"inLanguage\":\"es\",\"@id\":\"https:\\\/\\\/diariotextual.com\\\/inicio\\\/#\\\/schema\\\/logo\\\/image\\\/\",\"url\":\"https:\\\/\\\/diariotextual.com\\\/inicio\\\/wp-content\\\/uploads\\\/2023\\\/05\\\/logotextual1.jpg\",\"contentUrl\":\"https:\\\/\\\/diariotextual.com\\\/inicio\\\/wp-content\\\/uploads\\\/2023\\\/05\\\/logotextual1.jpg\",\"width\":516,\"height\":76,\"caption\":\"Diario Textual\"},\"image\":{\"@id\":\"https:\\\/\\\/diariotextual.com\\\/inicio\\\/#\\\/schema\\\/logo\\\/image\\\/\"},\"sameAs\":[\"https:\\\/\\\/www.facebook.com\\\/eltextual\",\"https:\\\/\\\/x.com\\\/eltextual\",\"http:\\\/\\\/www.instagram.com\\\/eltextual\"]},{\"@type\":\"Person\",\"@id\":\"https:\\\/\\\/diariotextual.com\\\/inicio\\\/#\\\/schema\\\/person\\\/418fc4093c33e86ed41562db3508f958\",\"name\":\"Diario1 Diario1\",\"image\":{\"@type\":\"ImageObject\",\"inLanguage\":\"es\",\"@id\":\"https:\\\/\\\/secure.gravatar.com\\\/avatar\\\/9167d280179c85bc18be67aa7eda765854300033af4896dd779b608640f2ef7a?s=96&d=mm&r=g\",\"url\":\"https:\\\/\\\/secure.gravatar.com\\\/avatar\\\/9167d280179c85bc18be67aa7eda765854300033af4896dd779b608640f2ef7a?s=96&d=mm&r=g\",\"contentUrl\":\"https:\\\/\\\/secure.gravatar.com\\\/avatar\\\/9167d280179c85bc18be67aa7eda765854300033af4896dd779b608640f2ef7a?s=96&d=mm&r=g\",\"caption\":\"Diario1 Diario1\"},\"url\":\"https:\\\/\\\/diariotextual.com\\\/inicio\\\/index.php\\\/author\\\/diario1\\\/\"}]}<\/script>\n<!-- \/ Yoast SEO plugin. -->","yoast_head_json":{"title":"Covid: la OMS concluy\u00f3 que la inmunidad dura hasta seis meses tras recibir la segunda dosis - Diario Textual","robots":{"index":"index","follow":"follow","max-snippet":"max-snippet:-1","max-image-preview":"max-image-preview:large","max-video-preview":"max-video-preview:-1"},"canonical":"https:\/\/diariotextual.com\/inicio\/index.php\/2021\/12\/09\/covid-la-oms-concluyo-que-la-inmunidad-dura-hasta-seis-meses-tras-recibir-la-segunda-dosis\/","og_locale":"es_ES","og_type":"article","og_title":"Covid: la OMS concluy\u00f3 que la inmunidad dura hasta seis meses tras recibir la segunda dosis - Diario Textual","og_description":"La Organizaci\u00f3n Mundial de la Salud (OMS) inform\u00f3 este jueves que la protecci\u00f3n de las vacunas contra el Covid dura en promedio hasta seis meses. As\u00ed lo comunic\u00f3 la directora&hellip;","og_url":"https:\/\/diariotextual.com\/inicio\/index.php\/2021\/12\/09\/covid-la-oms-concluyo-que-la-inmunidad-dura-hasta-seis-meses-tras-recibir-la-segunda-dosis\/","og_site_name":"Diario Textual","article_publisher":"https:\/\/www.facebook.com\/eltextual","article_published_time":"2021-12-09T12:21:22+00:00","article_modified_time":"2021-12-09T14:42:32+00:00","og_image":[{"width":1193,"height":731,"url":"https:\/\/diariotextual.com\/inicio\/wp-content\/uploads\/2021\/10\/coronavirusvacunacionpampa2021-203.jpg","type":"image\/jpeg"}],"author":"Diario1 Diario1","twitter_card":"summary_large_image","twitter_creator":"@eltextual","twitter_site":"@eltextual","twitter_misc":{"Escrito por":"Diario1 Diario1","Tiempo de lectura":"2 minutos"},"schema":{"@context":"https:\/\/schema.org","@graph":[{"@type":"Article","@id":"https:\/\/diariotextual.com\/inicio\/index.php\/2021\/12\/09\/covid-la-oms-concluyo-que-la-inmunidad-dura-hasta-seis-meses-tras-recibir-la-segunda-dosis\/#article","isPartOf":{"@id":"https:\/\/diariotextual.com\/inicio\/index.php\/2021\/12\/09\/covid-la-oms-concluyo-que-la-inmunidad-dura-hasta-seis-meses-tras-recibir-la-segunda-dosis\/"},"author":{"name":"Diario1 Diario1","@id":"https:\/\/diariotextual.com\/inicio\/#\/schema\/person\/418fc4093c33e86ed41562db3508f958"},"headline":"Covid: la OMS concluy\u00f3 que la inmunidad dura hasta seis meses tras recibir la segunda dosis","datePublished":"2021-12-09T12:21:22+00:00","dateModified":"2021-12-09T14:42:32+00:00","mainEntityOfPage":{"@id":"https:\/\/diariotextual.com\/inicio\/index.php\/2021\/12\/09\/covid-la-oms-concluyo-que-la-inmunidad-dura-hasta-seis-meses-tras-recibir-la-segunda-dosis\/"},"wordCount":422,"publisher":{"@id":"https:\/\/diariotextual.com\/inicio\/#organization"},"image":{"@id":"https:\/\/diariotextual.com\/inicio\/index.php\/2021\/12\/09\/covid-la-oms-concluyo-que-la-inmunidad-dura-hasta-seis-meses-tras-recibir-la-segunda-dosis\/#primaryimage"},"thumbnailUrl":"https:\/\/diariotextual.com\/inicio\/wp-content\/uploads\/2021\/10\/coronavirusvacunacionpampa2021-203.jpg","keywords":["covid"],"articleSection":["A - PORTADA2","SOCIEDAD"],"inLanguage":"es"},{"@type":"WebPage","@id":"https:\/\/diariotextual.com\/inicio\/index.php\/2021\/12\/09\/covid-la-oms-concluyo-que-la-inmunidad-dura-hasta-seis-meses-tras-recibir-la-segunda-dosis\/","url":"https:\/\/diariotextual.com\/inicio\/index.php\/2021\/12\/09\/covid-la-oms-concluyo-que-la-inmunidad-dura-hasta-seis-meses-tras-recibir-la-segunda-dosis\/","name":"Covid: la OMS concluy\u00f3 que la inmunidad dura hasta seis meses tras recibir la segunda dosis - Diario Textual","isPartOf":{"@id":"https:\/\/diariotextual.com\/inicio\/#website"},"primaryImageOfPage":{"@id":"https:\/\/diariotextual.com\/inicio\/index.php\/2021\/12\/09\/covid-la-oms-concluyo-que-la-inmunidad-dura-hasta-seis-meses-tras-recibir-la-segunda-dosis\/#primaryimage"},"image":{"@id":"https:\/\/diariotextual.com\/inicio\/index.php\/2021\/12\/09\/covid-la-oms-concluyo-que-la-inmunidad-dura-hasta-seis-meses-tras-recibir-la-segunda-dosis\/#primaryimage"},"thumbnailUrl":"https:\/\/diariotextual.com\/inicio\/wp-content\/uploads\/2021\/10\/coronavirusvacunacionpampa2021-203.jpg","datePublished":"2021-12-09T12:21:22+00:00","dateModified":"2021-12-09T14:42:32+00:00","breadcrumb":{"@id":"https:\/\/diariotextual.com\/inicio\/index.php\/2021\/12\/09\/covid-la-oms-concluyo-que-la-inmunidad-dura-hasta-seis-meses-tras-recibir-la-segunda-dosis\/#breadcrumb"},"inLanguage":"es","potentialAction":[{"@type":"ReadAction","target":["https:\/\/diariotextual.com\/inicio\/index.php\/2021\/12\/09\/covid-la-oms-concluyo-que-la-inmunidad-dura-hasta-seis-meses-tras-recibir-la-segunda-dosis\/"]}]},{"@type":"ImageObject","inLanguage":"es","@id":"https:\/\/diariotextual.com\/inicio\/index.php\/2021\/12\/09\/covid-la-oms-concluyo-que-la-inmunidad-dura-hasta-seis-meses-tras-recibir-la-segunda-dosis\/#primaryimage","url":"https:\/\/diariotextual.com\/inicio\/wp-content\/uploads\/2021\/10\/coronavirusvacunacionpampa2021-203.jpg","contentUrl":"https:\/\/diariotextual.com\/inicio\/wp-content\/uploads\/2021\/10\/coronavirusvacunacionpampa2021-203.jpg","width":1193,"height":731},{"@type":"BreadcrumbList","@id":"https:\/\/diariotextual.com\/inicio\/index.php\/2021\/12\/09\/covid-la-oms-concluyo-que-la-inmunidad-dura-hasta-seis-meses-tras-recibir-la-segunda-dosis\/#breadcrumb","itemListElement":[{"@type":"ListItem","position":1,"name":"Portada","item":"https:\/\/diariotextual.com\/inicio\/"},{"@type":"ListItem","position":2,"name":"Covid: la OMS concluy\u00f3 que la inmunidad dura hasta seis meses tras recibir la segunda dosis"}]},{"@type":"WebSite","@id":"https:\/\/diariotextual.com\/inicio\/#website","url":"https:\/\/diariotextual.com\/inicio\/","name":"Diario Textual","description":"","publisher":{"@id":"https:\/\/diariotextual.com\/inicio\/#organization"},"potentialAction":[{"@type":"SearchAction","target":{"@type":"EntryPoint","urlTemplate":"https:\/\/diariotextual.com\/inicio\/?s={search_term_string}"},"query-input":{"@type":"PropertyValueSpecification","valueRequired":true,"valueName":"search_term_string"}}],"inLanguage":"es"},{"@type":"Organization","@id":"https:\/\/diariotextual.com\/inicio\/#organization","name":"Diario Textual","url":"https:\/\/diariotextual.com\/inicio\/","logo":{"@type":"ImageObject","inLanguage":"es","@id":"https:\/\/diariotextual.com\/inicio\/#\/schema\/logo\/image\/","url":"https:\/\/diariotextual.com\/inicio\/wp-content\/uploads\/2023\/05\/logotextual1.jpg","contentUrl":"https:\/\/diariotextual.com\/inicio\/wp-content\/uploads\/2023\/05\/logotextual1.jpg","width":516,"height":76,"caption":"Diario Textual"},"image":{"@id":"https:\/\/diariotextual.com\/inicio\/#\/schema\/logo\/image\/"},"sameAs":["https:\/\/www.facebook.com\/eltextual","https:\/\/x.com\/eltextual","http:\/\/www.instagram.com\/eltextual"]},{"@type":"Person","@id":"https:\/\/diariotextual.com\/inicio\/#\/schema\/person\/418fc4093c33e86ed41562db3508f958","name":"Diario1 Diario1","image":{"@type":"ImageObject","inLanguage":"es","@id":"https:\/\/secure.gravatar.com\/avatar\/9167d280179c85bc18be67aa7eda765854300033af4896dd779b608640f2ef7a?s=96&d=mm&r=g","url":"https:\/\/secure.gravatar.com\/avatar\/9167d280179c85bc18be67aa7eda765854300033af4896dd779b608640f2ef7a?s=96&d=mm&r=g","contentUrl":"https:\/\/secure.gravatar.com\/avatar\/9167d280179c85bc18be67aa7eda765854300033af4896dd779b608640f2ef7a?s=96&d=mm&r=g","caption":"Diario1 Diario1"},"url":"https:\/\/diariotextual.com\/inicio\/index.php\/author\/diario1\/"}]}},"_links":{"self":[{"href":"https:\/\/diariotextual.com\/inicio\/index.php\/wp-json\/wp\/v2\/posts\/171984","targetHints":{"allow":["GET"]}}],"collection":[{"href":"https:\/\/diariotextual.com\/inicio\/index.php\/wp-json\/wp\/v2\/posts"}],"about":[{"href":"https:\/\/diariotextual.com\/inicio\/index.php\/wp-json\/wp\/v2\/types\/post"}],"author":[{"embeddable":true,"href":"https:\/\/diariotextual.com\/inicio\/index.php\/wp-json\/wp\/v2\/users\/3"}],"replies":[{"embeddable":true,"href":"https:\/\/diariotextual.com\/inicio\/index.php\/wp-json\/wp\/v2\/comments?post=171984"}],"version-history":[{"count":1,"href":"https:\/\/diariotextual.com\/inicio\/index.php\/wp-json\/wp\/v2\/posts\/171984\/revisions"}],"predecessor-version":[{"id":171985,"href":"https:\/\/diariotextual.com\/inicio\/index.php\/wp-json\/wp\/v2\/posts\/171984\/revisions\/171985"}],"wp:featuredmedia":[{"embeddable":true,"href":"https:\/\/diariotextual.com\/inicio\/index.php\/wp-json\/wp\/v2\/media\/163723"}],"wp:attachment":[{"href":"https:\/\/diariotextual.com\/inicio\/index.php\/wp-json\/wp\/v2\/media?parent=171984"}],"wp:term":[{"taxonomy":"category","embeddable":true,"href":"https:\/\/diariotextual.com\/inicio\/index.php\/wp-json\/wp\/v2\/categories?post=171984"},{"taxonomy":"post_tag","embeddable":true,"href":"https:\/\/diariotextual.com\/inicio\/index.php\/wp-json\/wp\/v2\/tags?post=171984"}],"curies":[{"name":"wp","href":"https:\/\/api.w.org\/{rel}","templated":true}]}}