{"id":172209,"date":"2021-12-10T06:03:28","date_gmt":"2021-12-10T09:03:28","guid":{"rendered":"https:\/\/diariotextual.com\/inicio\/?p=172209"},"modified":"2021-12-10T10:25:01","modified_gmt":"2021-12-10T13:25:01","slug":"un-balance-a-dos-anos-de-la-gestion-ziliotto","status":"publish","type":"post","link":"https:\/\/diariotextual.com\/inicio\/index.php\/2021\/12\/10\/un-balance-a-dos-anos-de-la-gestion-ziliotto\/","title":{"rendered":"Un balance a dos a\u00f1os de la gesti\u00f3n Ziliotto"},"content":{"rendered":"\n<h2 class=\"wp-block-heading\">Por Norberto G. Asquini<\/h2>\n\n\n\n<p><\/p>\n\n\n\n<p><strong><em>Este 10 de diciembre se cumplen dos a\u00f1os de gesti\u00f3n, justo la mitad, del gobernador Sergio Ziliotto. La primera experiencia pol\u00edtica de un mandatario pos generaci\u00f3n del 83, lo que impone hacer un balance de lo ocurrido y de cara a lo que viene.<\/em><\/strong><\/p>\n\n\n\n<div style=\"height:100px\" aria-hidden=\"true\" class=\"wp-block-spacer\"><\/div>\n\n\n\n<p>Cuando Ziliotto asumi\u00f3<strong> en 2019 nada hac\u00eda prever el complejo escenario que iba a tener que enfrentar en sus dos primeros a\u00f1os<\/strong>. Hab\u00eda proyectos anunciados, ideas que implementar<strong>. No hab\u00edan transcurrido ni los primeros 100 d\u00edas de gracias cuando estall\u00f3 la pandemia mundial de Covid-19<\/strong>. Se tuvo que afrontar una <strong>crisis sanitaria in\u00e9dita <\/strong>que golpe\u00f3 en todo sentido a las y los pampeanos. Todos conocemos lo que sobrevino: las medidas restrictivas, la urgencia de adecuar el sistema de salud p\u00fablica, la actividad econ\u00f3mica golpeada, la incertidumbre, las p\u00e9rdidas humanas, las vacunas. Un <strong>escenario cr\u00edtico <\/strong>que <strong>trastoc\u00f3 cualquier plan gubernamental<\/strong> y oblig\u00f3 al gobierno a<strong> una gesti\u00f3n de la emergencia.<\/strong><\/p>\n\n\n\n<p>Mientras tanto, el gobierno nacional no pudo frenar la crisis econ\u00f3mica, heredada y acrecentada por la pandemia. No hubo soluciones de fondo y la inflaci\u00f3n, la desocupaci\u00f3n y la pobreza profundizaron el malestar de la gente. En lo pol\u00edtico, se observ\u00f3 un presidente que fue perdiendo la iniciativa, enredado en el debate sobre el rumbo del pa\u00eds con la vicepresidenta CFK.<\/p>\n\n\n\n<p><strong>El gobierno de Ziliotto manej\u00f3 la crisis sanitaria y enfrent\u00f3 la econ\u00f3mica. Pero el tsunami nacional golpe\u00f3 a todas las administraciones.<\/strong><\/p>\n\n\n\n<p><strong>En lo pol\u00edtico pareci\u00f3 haber lugar para un nuevo tiempo.<\/strong> El gobernador fue nombrado presidente del PJ provincial y la nueva configuraci\u00f3n del peronismo resultante del 2019 se plasm\u00f3 en la nueva conformaci\u00f3n partidaria con la alianza estrat\u00e9gica entre el gobierno y el kirchnerismo. Prevaleci\u00f3 el consenso entre las distintas l\u00edneas internas y el apoyo a la gesti\u00f3n del mandatario.<\/p>\n\n\n\n<p><strong>El frente interno de la mayoritaria l\u00ednea Plural fue el que cruji\u00f3<\/strong> y que repercuti\u00f3 finalmente en plena campa\u00f1a electoral. Las diferencias entre Ziliotto, el que gobierna, y el ex mandatario Carlos Verna, el que conduce la l\u00ednea, surgieron del grado de autonom\u00eda pol\u00edtica que pretend\u00eda la gesti\u00f3n del primero y de la influencia en las decisiones y el rumbo del gobierno que procura el segundo. En medio, est\u00e1n los sectores que respaldan la gesti\u00f3n y los vernistas que apoyan a su conductor y presionan sobre el gobierno.<\/p>\n\n\n\n<p>Ziliotto <strong>habl\u00f3 de la tormenta perfecta en las elecciones de 2021. <\/strong>Un golpe que no pudo evitar y que tuvo varias causas, la principal el malestar generalizado con el rumbo del pa\u00eds que nacionaliz\u00f3 la campa\u00f1a. La interna tambi\u00e9n jug\u00f3 su papel, fue una realidad. Sobrevino as\u00ed la primera derrota del peronismo pampeano despu\u00e9s de cuatro d\u00e9cadas en una legislativa nacional.<\/p>\n\n\n\n<p>Y si se habla de tormentas para la gesti\u00f3n<strong> no se puede dejar de mencionar la \u00faltima que puso la lupa sobre la pol\u00edtica y la justicia, el caso del peque\u00f1o Lucio Dupuy<\/strong>, v\u00edctima de filicidio por parte de su madre y su pareja, caso con repercusi\u00f3n internacional. Cuatro ministros debieron enfrentar una interpelaci\u00f3n. <strong>En 2021 pareci\u00f3 que Ziliotto no tuvo un momento que no fuera cr\u00edtico.<\/strong><\/p>\n\n\n\n<p><strong>Quedan dos a\u00f1os de gesti\u00f3n y la posibilidad de la reelecci\u00f3n.<\/strong> Si bien el peronismo perdi\u00f3 las elecciones legislativas, la figura de Ziliotto no parece en la provincia golpeada por la marcha del gobierno nacional. En la encuesta mensual de Consultora CB, el mandatario es el segundo peronista con mejor imagen y se mantiene en el lote de los primeros cinco. Se podr\u00e1 poner en duda los n\u00fameros, pero Consultora CB fue tambi\u00e9n la que acert\u00f3 los resultados adversos al peronismo tanto en las PASO como en la general.<\/p>\n\n\n\n<p>En ese sentido, los \u00faltimos movimientos de Ziliotto marcan que el gobernador mantendr\u00e1 en lo que queda el rumbo de una gesti\u00f3n con una impronta propia, que pretendi\u00f3 en un primer momento ampliar la econom\u00eda provincial y modernizar al Estado. Muestra de esto es que los \u00fanicos cambios obligados de funcionarios en las \u00faltimas semanas fueron cubiertos por gente propia.<\/p>\n\n\n\n<p><strong>Pasaron as\u00ed los dos primeros a\u00f1os de gobierno que fueron cr\u00edticos y quedan otros dos de desaf\u00edos para el gobernador.<\/strong> En menos de un a\u00f1o se empezar\u00e1 a pensar en las definiciones electorales para 2023. Tendr\u00e1 a una oposici\u00f3n que gan\u00f3 las legislativas y que ahora huele la posibilidad de pelear la provincia. Las ejecutivas tendr\u00e1n otro escenario. Se disputan los cargos y el poder. No juega tanto la nacionalizaci\u00f3n de la campa\u00f1a, y hasta el gobierno puede desdoblarlas como en 2019 para que la discusi\u00f3n sea solo provincial.<\/p>\n\n\n\n<p>Ziliotto mantiene as\u00ed el rumbo fijo de cara a 2023<strong>. Una gesti\u00f3n con iniciativas pero acosada por desaf\u00edos que no parecen hoy tener soluci\u00f3n: el covid sigue amenazando, la crisis econ\u00f3mica que no se resuelve y el debate interno en el peronismo plural que no se aplaca.<\/strong><\/p>\n","protected":false},"excerpt":{"rendered":"<p>Por Norberto G. Asquini Este 10 de diciembre se cumplen dos a\u00f1os de gesti\u00f3n, justo la mitad, del gobernador Sergio Ziliotto. La primera experiencia pol\u00edtica de un mandatario pos generaci\u00f3n&hellip;<\/p>\n","protected":false},"author":3,"featured_media":76629,"comment_status":"closed","ping_status":"open","sticky":false,"template":"","format":"standard","meta":{"_acf_changed":false,"footnotes":""},"categories":[10,8],"tags":[124,424],"class_list":["post-172209","post","type-post","status-publish","format-standard","has-post-thumbnail","hentry","category-portada-2","category-politica","tag-asquini","tag-ziliotto"],"acf":[],"yoast_head":"<!-- This site is optimized with the Yoast SEO plugin v27.5 - https:\/\/yoast.com\/product\/yoast-seo-wordpress\/ -->\n<title>Un balance a dos a\u00f1os de la gesti\u00f3n Ziliotto - Diario Textual<\/title>\n<meta name=\"robots\" content=\"index, follow, max-snippet:-1, max-image-preview:large, max-video-preview:-1\" \/>\n<link rel=\"canonical\" href=\"https:\/\/diariotextual.com\/inicio\/index.php\/2021\/12\/10\/un-balance-a-dos-anos-de-la-gestion-ziliotto\/\" \/>\n<meta property=\"og:locale\" content=\"es_ES\" \/>\n<meta property=\"og:type\" content=\"article\" \/>\n<meta property=\"og:title\" content=\"Un balance a dos a\u00f1os de la gesti\u00f3n Ziliotto - Diario Textual\" \/>\n<meta property=\"og:description\" content=\"Por Norberto G. Asquini Este 10 de diciembre se cumplen dos a\u00f1os de gesti\u00f3n, justo la mitad, del gobernador Sergio Ziliotto. La primera experiencia pol\u00edtica de un mandatario pos generaci\u00f3n&hellip;\" \/>\n<meta property=\"og:url\" content=\"https:\/\/diariotextual.com\/inicio\/index.php\/2021\/12\/10\/un-balance-a-dos-anos-de-la-gestion-ziliotto\/\" \/>\n<meta property=\"og:site_name\" content=\"Diario Textual\" \/>\n<meta property=\"article:publisher\" content=\"https:\/\/www.facebook.com\/eltextual\" \/>\n<meta property=\"article:published_time\" content=\"2021-12-10T09:03:28+00:00\" \/>\n<meta property=\"article:modified_time\" content=\"2021-12-10T13:25:01+00:00\" \/>\n<meta property=\"og:image\" content=\"https:\/\/diariotextual.com\/inicio\/wp-content\/uploads\/2020\/01\/ziliottosergio2020-10.jpg\" \/>\n\t<meta property=\"og:image:width\" content=\"1080\" \/>\n\t<meta property=\"og:image:height\" content=\"721\" \/>\n\t<meta property=\"og:image:type\" content=\"image\/jpeg\" \/>\n<meta name=\"author\" content=\"Diario1 Diario1\" \/>\n<meta name=\"twitter:card\" content=\"summary_large_image\" \/>\n<meta name=\"twitter:creator\" content=\"@eltextual\" \/>\n<meta name=\"twitter:site\" content=\"@eltextual\" \/>\n<meta name=\"twitter:label1\" content=\"Escrito por\" \/>\n\t<meta name=\"twitter:data1\" content=\"Diario1 Diario1\" \/>\n\t<meta name=\"twitter:label2\" content=\"Tiempo de lectura\" \/>\n\t<meta name=\"twitter:data2\" content=\"4 minutos\" \/>\n<script type=\"application\/ld+json\" class=\"yoast-schema-graph\">{\"@context\":\"https:\\\/\\\/schema.org\",\"@graph\":[{\"@type\":\"Article\",\"@id\":\"https:\\\/\\\/diariotextual.com\\\/inicio\\\/index.php\\\/2021\\\/12\\\/10\\\/un-balance-a-dos-anos-de-la-gestion-ziliotto\\\/#article\",\"isPartOf\":{\"@id\":\"https:\\\/\\\/diariotextual.com\\\/inicio\\\/index.php\\\/2021\\\/12\\\/10\\\/un-balance-a-dos-anos-de-la-gestion-ziliotto\\\/\"},\"author\":{\"name\":\"Diario1 Diario1\",\"@id\":\"https:\\\/\\\/diariotextual.com\\\/inicio\\\/#\\\/schema\\\/person\\\/418fc4093c33e86ed41562db3508f958\"},\"headline\":\"Un balance a dos a\u00f1os de la gesti\u00f3n Ziliotto\",\"datePublished\":\"2021-12-10T09:03:28+00:00\",\"dateModified\":\"2021-12-10T13:25:01+00:00\",\"mainEntityOfPage\":{\"@id\":\"https:\\\/\\\/diariotextual.com\\\/inicio\\\/index.php\\\/2021\\\/12\\\/10\\\/un-balance-a-dos-anos-de-la-gestion-ziliotto\\\/\"},\"wordCount\":869,\"publisher\":{\"@id\":\"https:\\\/\\\/diariotextual.com\\\/inicio\\\/#organization\"},\"image\":{\"@id\":\"https:\\\/\\\/diariotextual.com\\\/inicio\\\/index.php\\\/2021\\\/12\\\/10\\\/un-balance-a-dos-anos-de-la-gestion-ziliotto\\\/#primaryimage\"},\"thumbnailUrl\":\"https:\\\/\\\/diariotextual.com\\\/inicio\\\/wp-content\\\/uploads\\\/2020\\\/01\\\/ziliottosergio2020-10.jpg\",\"keywords\":[\"asquini\",\"ziliotto\"],\"articleSection\":[\"A - PORTADA2\",\"POLITICA\"],\"inLanguage\":\"es\"},{\"@type\":\"WebPage\",\"@id\":\"https:\\\/\\\/diariotextual.com\\\/inicio\\\/index.php\\\/2021\\\/12\\\/10\\\/un-balance-a-dos-anos-de-la-gestion-ziliotto\\\/\",\"url\":\"https:\\\/\\\/diariotextual.com\\\/inicio\\\/index.php\\\/2021\\\/12\\\/10\\\/un-balance-a-dos-anos-de-la-gestion-ziliotto\\\/\",\"name\":\"Un balance a dos a\u00f1os de la gesti\u00f3n Ziliotto - Diario Textual\",\"isPartOf\":{\"@id\":\"https:\\\/\\\/diariotextual.com\\\/inicio\\\/#website\"},\"primaryImageOfPage\":{\"@id\":\"https:\\\/\\\/diariotextual.com\\\/inicio\\\/index.php\\\/2021\\\/12\\\/10\\\/un-balance-a-dos-anos-de-la-gestion-ziliotto\\\/#primaryimage\"},\"image\":{\"@id\":\"https:\\\/\\\/diariotextual.com\\\/inicio\\\/index.php\\\/2021\\\/12\\\/10\\\/un-balance-a-dos-anos-de-la-gestion-ziliotto\\\/#primaryimage\"},\"thumbnailUrl\":\"https:\\\/\\\/diariotextual.com\\\/inicio\\\/wp-content\\\/uploads\\\/2020\\\/01\\\/ziliottosergio2020-10.jpg\",\"datePublished\":\"2021-12-10T09:03:28+00:00\",\"dateModified\":\"2021-12-10T13:25:01+00:00\",\"breadcrumb\":{\"@id\":\"https:\\\/\\\/diariotextual.com\\\/inicio\\\/index.php\\\/2021\\\/12\\\/10\\\/un-balance-a-dos-anos-de-la-gestion-ziliotto\\\/#breadcrumb\"},\"inLanguage\":\"es\",\"potentialAction\":[{\"@type\":\"ReadAction\",\"target\":[\"https:\\\/\\\/diariotextual.com\\\/inicio\\\/index.php\\\/2021\\\/12\\\/10\\\/un-balance-a-dos-anos-de-la-gestion-ziliotto\\\/\"]}]},{\"@type\":\"ImageObject\",\"inLanguage\":\"es\",\"@id\":\"https:\\\/\\\/diariotextual.com\\\/inicio\\\/index.php\\\/2021\\\/12\\\/10\\\/un-balance-a-dos-anos-de-la-gestion-ziliotto\\\/#primaryimage\",\"url\":\"https:\\\/\\\/diariotextual.com\\\/inicio\\\/wp-content\\\/uploads\\\/2020\\\/01\\\/ziliottosergio2020-10.jpg\",\"contentUrl\":\"https:\\\/\\\/diariotextual.com\\\/inicio\\\/wp-content\\\/uploads\\\/2020\\\/01\\\/ziliottosergio2020-10.jpg\",\"width\":1080,\"height\":721},{\"@type\":\"BreadcrumbList\",\"@id\":\"https:\\\/\\\/diariotextual.com\\\/inicio\\\/index.php\\\/2021\\\/12\\\/10\\\/un-balance-a-dos-anos-de-la-gestion-ziliotto\\\/#breadcrumb\",\"itemListElement\":[{\"@type\":\"ListItem\",\"position\":1,\"name\":\"Portada\",\"item\":\"https:\\\/\\\/diariotextual.com\\\/inicio\\\/\"},{\"@type\":\"ListItem\",\"position\":2,\"name\":\"Un balance a dos a\u00f1os de la gesti\u00f3n Ziliotto\"}]},{\"@type\":\"WebSite\",\"@id\":\"https:\\\/\\\/diariotextual.com\\\/inicio\\\/#website\",\"url\":\"https:\\\/\\\/diariotextual.com\\\/inicio\\\/\",\"name\":\"Diario Textual\",\"description\":\"\",\"publisher\":{\"@id\":\"https:\\\/\\\/diariotextual.com\\\/inicio\\\/#organization\"},\"potentialAction\":[{\"@type\":\"SearchAction\",\"target\":{\"@type\":\"EntryPoint\",\"urlTemplate\":\"https:\\\/\\\/diariotextual.com\\\/inicio\\\/?s={search_term_string}\"},\"query-input\":{\"@type\":\"PropertyValueSpecification\",\"valueRequired\":true,\"valueName\":\"search_term_string\"}}],\"inLanguage\":\"es\"},{\"@type\":\"Organization\",\"@id\":\"https:\\\/\\\/diariotextual.com\\\/inicio\\\/#organization\",\"name\":\"Diario Textual\",\"url\":\"https:\\\/\\\/diariotextual.com\\\/inicio\\\/\",\"logo\":{\"@type\":\"ImageObject\",\"inLanguage\":\"es\",\"@id\":\"https:\\\/\\\/diariotextual.com\\\/inicio\\\/#\\\/schema\\\/logo\\\/image\\\/\",\"url\":\"https:\\\/\\\/diariotextual.com\\\/inicio\\\/wp-content\\\/uploads\\\/2023\\\/05\\\/logotextual1.jpg\",\"contentUrl\":\"https:\\\/\\\/diariotextual.com\\\/inicio\\\/wp-content\\\/uploads\\\/2023\\\/05\\\/logotextual1.jpg\",\"width\":516,\"height\":76,\"caption\":\"Diario Textual\"},\"image\":{\"@id\":\"https:\\\/\\\/diariotextual.com\\\/inicio\\\/#\\\/schema\\\/logo\\\/image\\\/\"},\"sameAs\":[\"https:\\\/\\\/www.facebook.com\\\/eltextual\",\"https:\\\/\\\/x.com\\\/eltextual\",\"http:\\\/\\\/www.instagram.com\\\/eltextual\"]},{\"@type\":\"Person\",\"@id\":\"https:\\\/\\\/diariotextual.com\\\/inicio\\\/#\\\/schema\\\/person\\\/418fc4093c33e86ed41562db3508f958\",\"name\":\"Diario1 Diario1\",\"image\":{\"@type\":\"ImageObject\",\"inLanguage\":\"es\",\"@id\":\"https:\\\/\\\/secure.gravatar.com\\\/avatar\\\/9167d280179c85bc18be67aa7eda765854300033af4896dd779b608640f2ef7a?s=96&d=mm&r=g\",\"url\":\"https:\\\/\\\/secure.gravatar.com\\\/avatar\\\/9167d280179c85bc18be67aa7eda765854300033af4896dd779b608640f2ef7a?s=96&d=mm&r=g\",\"contentUrl\":\"https:\\\/\\\/secure.gravatar.com\\\/avatar\\\/9167d280179c85bc18be67aa7eda765854300033af4896dd779b608640f2ef7a?s=96&d=mm&r=g\",\"caption\":\"Diario1 Diario1\"},\"url\":\"https:\\\/\\\/diariotextual.com\\\/inicio\\\/index.php\\\/author\\\/diario1\\\/\"}]}<\/script>\n<!-- \/ Yoast SEO plugin. -->","yoast_head_json":{"title":"Un balance a dos a\u00f1os de la gesti\u00f3n Ziliotto - Diario Textual","robots":{"index":"index","follow":"follow","max-snippet":"max-snippet:-1","max-image-preview":"max-image-preview:large","max-video-preview":"max-video-preview:-1"},"canonical":"https:\/\/diariotextual.com\/inicio\/index.php\/2021\/12\/10\/un-balance-a-dos-anos-de-la-gestion-ziliotto\/","og_locale":"es_ES","og_type":"article","og_title":"Un balance a dos a\u00f1os de la gesti\u00f3n Ziliotto - Diario Textual","og_description":"Por Norberto G. Asquini Este 10 de diciembre se cumplen dos a\u00f1os de gesti\u00f3n, justo la mitad, del gobernador Sergio Ziliotto. La primera experiencia pol\u00edtica de un mandatario pos generaci\u00f3n&hellip;","og_url":"https:\/\/diariotextual.com\/inicio\/index.php\/2021\/12\/10\/un-balance-a-dos-anos-de-la-gestion-ziliotto\/","og_site_name":"Diario Textual","article_publisher":"https:\/\/www.facebook.com\/eltextual","article_published_time":"2021-12-10T09:03:28+00:00","article_modified_time":"2021-12-10T13:25:01+00:00","og_image":[{"width":1080,"height":721,"url":"https:\/\/diariotextual.com\/inicio\/wp-content\/uploads\/2020\/01\/ziliottosergio2020-10.jpg","type":"image\/jpeg"}],"author":"Diario1 Diario1","twitter_card":"summary_large_image","twitter_creator":"@eltextual","twitter_site":"@eltextual","twitter_misc":{"Escrito por":"Diario1 Diario1","Tiempo de lectura":"4 minutos"},"schema":{"@context":"https:\/\/schema.org","@graph":[{"@type":"Article","@id":"https:\/\/diariotextual.com\/inicio\/index.php\/2021\/12\/10\/un-balance-a-dos-anos-de-la-gestion-ziliotto\/#article","isPartOf":{"@id":"https:\/\/diariotextual.com\/inicio\/index.php\/2021\/12\/10\/un-balance-a-dos-anos-de-la-gestion-ziliotto\/"},"author":{"name":"Diario1 Diario1","@id":"https:\/\/diariotextual.com\/inicio\/#\/schema\/person\/418fc4093c33e86ed41562db3508f958"},"headline":"Un balance a dos a\u00f1os de la gesti\u00f3n Ziliotto","datePublished":"2021-12-10T09:03:28+00:00","dateModified":"2021-12-10T13:25:01+00:00","mainEntityOfPage":{"@id":"https:\/\/diariotextual.com\/inicio\/index.php\/2021\/12\/10\/un-balance-a-dos-anos-de-la-gestion-ziliotto\/"},"wordCount":869,"publisher":{"@id":"https:\/\/diariotextual.com\/inicio\/#organization"},"image":{"@id":"https:\/\/diariotextual.com\/inicio\/index.php\/2021\/12\/10\/un-balance-a-dos-anos-de-la-gestion-ziliotto\/#primaryimage"},"thumbnailUrl":"https:\/\/diariotextual.com\/inicio\/wp-content\/uploads\/2020\/01\/ziliottosergio2020-10.jpg","keywords":["asquini","ziliotto"],"articleSection":["A - PORTADA2","POLITICA"],"inLanguage":"es"},{"@type":"WebPage","@id":"https:\/\/diariotextual.com\/inicio\/index.php\/2021\/12\/10\/un-balance-a-dos-anos-de-la-gestion-ziliotto\/","url":"https:\/\/diariotextual.com\/inicio\/index.php\/2021\/12\/10\/un-balance-a-dos-anos-de-la-gestion-ziliotto\/","name":"Un balance a dos a\u00f1os de la gesti\u00f3n Ziliotto - Diario Textual","isPartOf":{"@id":"https:\/\/diariotextual.com\/inicio\/#website"},"primaryImageOfPage":{"@id":"https:\/\/diariotextual.com\/inicio\/index.php\/2021\/12\/10\/un-balance-a-dos-anos-de-la-gestion-ziliotto\/#primaryimage"},"image":{"@id":"https:\/\/diariotextual.com\/inicio\/index.php\/2021\/12\/10\/un-balance-a-dos-anos-de-la-gestion-ziliotto\/#primaryimage"},"thumbnailUrl":"https:\/\/diariotextual.com\/inicio\/wp-content\/uploads\/2020\/01\/ziliottosergio2020-10.jpg","datePublished":"2021-12-10T09:03:28+00:00","dateModified":"2021-12-10T13:25:01+00:00","breadcrumb":{"@id":"https:\/\/diariotextual.com\/inicio\/index.php\/2021\/12\/10\/un-balance-a-dos-anos-de-la-gestion-ziliotto\/#breadcrumb"},"inLanguage":"es","potentialAction":[{"@type":"ReadAction","target":["https:\/\/diariotextual.com\/inicio\/index.php\/2021\/12\/10\/un-balance-a-dos-anos-de-la-gestion-ziliotto\/"]}]},{"@type":"ImageObject","inLanguage":"es","@id":"https:\/\/diariotextual.com\/inicio\/index.php\/2021\/12\/10\/un-balance-a-dos-anos-de-la-gestion-ziliotto\/#primaryimage","url":"https:\/\/diariotextual.com\/inicio\/wp-content\/uploads\/2020\/01\/ziliottosergio2020-10.jpg","contentUrl":"https:\/\/diariotextual.com\/inicio\/wp-content\/uploads\/2020\/01\/ziliottosergio2020-10.jpg","width":1080,"height":721},{"@type":"BreadcrumbList","@id":"https:\/\/diariotextual.com\/inicio\/index.php\/2021\/12\/10\/un-balance-a-dos-anos-de-la-gestion-ziliotto\/#breadcrumb","itemListElement":[{"@type":"ListItem","position":1,"name":"Portada","item":"https:\/\/diariotextual.com\/inicio\/"},{"@type":"ListItem","position":2,"name":"Un balance a dos a\u00f1os de la gesti\u00f3n Ziliotto"}]},{"@type":"WebSite","@id":"https:\/\/diariotextual.com\/inicio\/#website","url":"https:\/\/diariotextual.com\/inicio\/","name":"Diario Textual","description":"","publisher":{"@id":"https:\/\/diariotextual.com\/inicio\/#organization"},"potentialAction":[{"@type":"SearchAction","target":{"@type":"EntryPoint","urlTemplate":"https:\/\/diariotextual.com\/inicio\/?s={search_term_string}"},"query-input":{"@type":"PropertyValueSpecification","valueRequired":true,"valueName":"search_term_string"}}],"inLanguage":"es"},{"@type":"Organization","@id":"https:\/\/diariotextual.com\/inicio\/#organization","name":"Diario Textual","url":"https:\/\/diariotextual.com\/inicio\/","logo":{"@type":"ImageObject","inLanguage":"es","@id":"https:\/\/diariotextual.com\/inicio\/#\/schema\/logo\/image\/","url":"https:\/\/diariotextual.com\/inicio\/wp-content\/uploads\/2023\/05\/logotextual1.jpg","contentUrl":"https:\/\/diariotextual.com\/inicio\/wp-content\/uploads\/2023\/05\/logotextual1.jpg","width":516,"height":76,"caption":"Diario Textual"},"image":{"@id":"https:\/\/diariotextual.com\/inicio\/#\/schema\/logo\/image\/"},"sameAs":["https:\/\/www.facebook.com\/eltextual","https:\/\/x.com\/eltextual","http:\/\/www.instagram.com\/eltextual"]},{"@type":"Person","@id":"https:\/\/diariotextual.com\/inicio\/#\/schema\/person\/418fc4093c33e86ed41562db3508f958","name":"Diario1 Diario1","image":{"@type":"ImageObject","inLanguage":"es","@id":"https:\/\/secure.gravatar.com\/avatar\/9167d280179c85bc18be67aa7eda765854300033af4896dd779b608640f2ef7a?s=96&d=mm&r=g","url":"https:\/\/secure.gravatar.com\/avatar\/9167d280179c85bc18be67aa7eda765854300033af4896dd779b608640f2ef7a?s=96&d=mm&r=g","contentUrl":"https:\/\/secure.gravatar.com\/avatar\/9167d280179c85bc18be67aa7eda765854300033af4896dd779b608640f2ef7a?s=96&d=mm&r=g","caption":"Diario1 Diario1"},"url":"https:\/\/diariotextual.com\/inicio\/index.php\/author\/diario1\/"}]}},"_links":{"self":[{"href":"https:\/\/diariotextual.com\/inicio\/index.php\/wp-json\/wp\/v2\/posts\/172209","targetHints":{"allow":["GET"]}}],"collection":[{"href":"https:\/\/diariotextual.com\/inicio\/index.php\/wp-json\/wp\/v2\/posts"}],"about":[{"href":"https:\/\/diariotextual.com\/inicio\/index.php\/wp-json\/wp\/v2\/types\/post"}],"author":[{"embeddable":true,"href":"https:\/\/diariotextual.com\/inicio\/index.php\/wp-json\/wp\/v2\/users\/3"}],"replies":[{"embeddable":true,"href":"https:\/\/diariotextual.com\/inicio\/index.php\/wp-json\/wp\/v2\/comments?post=172209"}],"version-history":[{"count":2,"href":"https:\/\/diariotextual.com\/inicio\/index.php\/wp-json\/wp\/v2\/posts\/172209\/revisions"}],"predecessor-version":[{"id":172212,"href":"https:\/\/diariotextual.com\/inicio\/index.php\/wp-json\/wp\/v2\/posts\/172209\/revisions\/172212"}],"wp:featuredmedia":[{"embeddable":true,"href":"https:\/\/diariotextual.com\/inicio\/index.php\/wp-json\/wp\/v2\/media\/76629"}],"wp:attachment":[{"href":"https:\/\/diariotextual.com\/inicio\/index.php\/wp-json\/wp\/v2\/media?parent=172209"}],"wp:term":[{"taxonomy":"category","embeddable":true,"href":"https:\/\/diariotextual.com\/inicio\/index.php\/wp-json\/wp\/v2\/categories?post=172209"},{"taxonomy":"post_tag","embeddable":true,"href":"https:\/\/diariotextual.com\/inicio\/index.php\/wp-json\/wp\/v2\/tags?post=172209"}],"curies":[{"name":"wp","href":"https:\/\/api.w.org\/{rel}","templated":true}]}}