{"id":172277,"date":"2021-12-10T14:42:21","date_gmt":"2021-12-10T17:42:21","guid":{"rendered":"https:\/\/diariotextual.com\/inicio\/?p=172277"},"modified":"2021-12-10T21:14:33","modified_gmt":"2021-12-11T00:14:33","slug":"diputados-de-la-ucr-y-el-caso-lucio-no-hay-ninguna-autocritica-de-los-ministros","status":"publish","type":"post","link":"https:\/\/diariotextual.com\/inicio\/index.php\/2021\/12\/10\/diputados-de-la-ucr-y-el-caso-lucio-no-hay-ninguna-autocritica-de-los-ministros\/","title":{"rendered":"Diputados de la UCR y el caso Lucio: \u201cNo hay ninguna autocr\u00edtica de los ministros\u201d"},"content":{"rendered":"\n<p>El <strong>bloque de diputados provinciales de la Uni\u00f3n C\u00edvica Radical cuestion\u00f3 la actuaci\u00f3n de ministros del Poder Ejecutivo Provincial y del Defensor de Ni\u00f1os, Ni\u00f1as y Adolescentes,<\/strong> durante la interpelaci\u00f3n de ayer jueves por el infanticidio de Lucio Dupuy, ocurrido a fines de noviembre.<\/p>\n\n\n\n<p>\u201cLa interpelaci\u00f3n que se realizara a cuatro ministros pertenecientes al sistema integral de protecci\u00f3n integral de la ni\u00f1ez y la adolescencia, deja<strong> un sabor amargo ya que pareciera que el mismo funciona perfectamente. No hubo ning\u00fan tipo de autocr\u00edtica por parte de los Ministros ni del Defensor de Ni\u00f1os, Ni\u00f1as y Adolescentes<\/strong>. Para ellos todo funciona \u2018\u00f3ptimamente\u2019, articulado, comunicado, interconectado; sin embargo, los hechos demuestran que el sistema fall\u00f3 y puede volver a fallar\u201d, expres\u00f3 el bloque radical en un comunicado.<\/p>\n\n\n\n<p>Los ministros que fueron interpelados, en forma simult\u00e1nea, fueron Pablo Maccione (Educaci\u00f3n), Horacio di N\u00e1poli (Seguridad), Mario Kohan (Salud) y Diego \u00c1lvarez (Desarrollo Social). Tambi\u00e9n dio explicaciones el defensor de la Ni\u00f1ez, Juan Pablo Meacca.<\/p>\n\n\n\n<p>Y agreg\u00f3: \u201c<strong>Ingresamos preocupados al recinto, pero salimos m\u00e1s preocupados.<\/strong> Un sistema que funciona \u2018\u00f3ptimamente\u2019 tiene como consecuencia un ni\u00f1o muerto cruelmente, lo que demuestra que <strong>los protocolos elaborados son aplicados parcial e ineficientemente, o directamente son inexistentes,<\/strong> y que s\u00f3lo se los presenta para esconder el fracaso\u201d.<\/p>\n\n\n\n<p>Los legisladores provinciales de la UCR dijeron que <strong>con la interpelaci\u00f3n se pretend\u00eda avanzar en identificar las fallas del sistema<\/strong>. \u201cSin embargo, los funcionarios interpelados no lograron entender esto. Su actitud defensiva les impidi\u00f3 ver el camino que se intentaba trazar pensando en lo que pas\u00f3, y en lo que puede llegar a pasar, y buscamos prevenir. Precisamente, <strong>prevenir fue la palabra ausente en boca de todos los ministros<\/strong>\u201d, remarcaron en otro p\u00e1rrafo los diputados.<\/p>\n\n\n\n<figure class=\"wp-block-embed is-type-wp-embed is-provider-diario-textual wp-block-embed-diario-textual\"><div class=\"wp-block-embed__wrapper\">\n<blockquote class=\"wp-embedded-content\" data-secret=\"z5jF7rvvSv\"><a href=\"https:\/\/diariotextual.com\/inicio\/index.php\/2021\/12\/09\/caso-lucio-la-legislatura-interpela-hoy-a-cuatro-ministros-en-forma-publica\/\">Ministros, interpelados: dicen que el sistema es &#8220;\u00f3ptimo&#8221;, pero no hablan del Caso Lucio<\/a><\/blockquote><iframe class=\"wp-embedded-content\" sandbox=\"allow-scripts\" security=\"restricted\" style=\"position: absolute; clip: rect(1px, 1px, 1px, 1px);\" title=\"\u00abMinistros, interpelados: dicen que el sistema es &#8220;\u00f3ptimo&#8221;, pero no hablan del Caso Lucio\u00bb \u2014 Diario Textual\" src=\"https:\/\/diariotextual.com\/inicio\/index.php\/2021\/12\/09\/caso-lucio-la-legislatura-interpela-hoy-a-cuatro-ministros-en-forma-publica\/embed\/#?secret=z5jF7rvvSv\" data-secret=\"z5jF7rvvSv\" width=\"600\" height=\"338\" frameborder=\"0\" marginwidth=\"0\" marginheight=\"0\" scrolling=\"no\"><\/iframe>\n<\/div><\/figure>\n\n\n\n<p>Adem\u00e1s, dijeron: \u201cUn ni\u00f1o que estuvo vinculado al sistema educativo, que fue asistido por el sistema de salud y que tangencialmente toc\u00f3 al sistema de seguridad, expone<strong> la vigencia de un Estado ausente en materia preventiva.<\/strong> La prevenci\u00f3n debe convertirse en una importante pol\u00edtica p\u00fablica para no ir atr\u00e1s de los acontecimientos\u201d.<\/p>\n\n\n\n<p>\u201c<strong>No pretend\u00edamos hacer justicia, no es nuestro rol. Cualquier condena judicial ser\u00e1 infinitamente menor al dolor de la familia que sufri\u00f3 esta tragedia<\/strong> y de las que pueden llegar a sufrir desgracias similares si no aceptamos que el sistema fall\u00f3 y debemos mejorarlo para el futuro. Que se haga justicia y que aseguremos un sistema de prevenci\u00f3n que garantice los derechos de la ni\u00f1ez y la adolescencia, es la mejor manera de honrar la memoria de Lucio\u201d, concluy\u00f3 el texto de los legisladores de la UCR.<\/p>\n\n\n\n<p>Por el infanticidio de Lucio Dupuy hay una causa penal abierta y tambi\u00e9n la Fiscal\u00eda de Investigaciones Administrativas (FIA) est\u00e1 investigando el rol de los agentes p\u00fablicos.<\/p>\n\n\n\n<p>Lucio, de 5 a\u00f1os de edad, muri\u00f3 el viernes 26 de noviembre por la noche, luego de ser brutalmente golpeado. Viv\u00eda en una casa de la calle Allan Kardec al 2300, de Santa Rosa, junto a su madre, Magdalena Esp\u00f3sito Valenti, y a la novia de su mam\u00e1, Abigail P\u00e1ez. Ambas est\u00e1n detenidas en un penal de San Luis.<\/p>\n","protected":false},"excerpt":{"rendered":"<p>El bloque de diputados provinciales de la Uni\u00f3n C\u00edvica Radical cuestion\u00f3 la actuaci\u00f3n de ministros del Poder Ejecutivo Provincial y del Defensor de Ni\u00f1os, Ni\u00f1as y Adolescentes, durante la interpelaci\u00f3n&hellip;<\/p>\n","protected":false},"author":5,"featured_media":172040,"comment_status":"closed","ping_status":"open","sticky":false,"template":"","format":"standard","meta":{"_acf_changed":false,"footnotes":""},"categories":[10,12],"tags":[446,6352,191],"class_list":["post-172277","post","type-post","status-publish","format-standard","has-post-thumbnail","hentry","category-portada-2","category-sociedad","tag-diputados","tag-lucio-dupuy","tag-ucr"],"acf":[],"yoast_head":"<!-- This site is optimized with the Yoast SEO plugin v27.5 - https:\/\/yoast.com\/product\/yoast-seo-wordpress\/ -->\n<title>Diputados de la UCR y el caso Lucio: \u201cNo hay ninguna autocr\u00edtica de los ministros\u201d - Diario Textual<\/title>\n<meta name=\"robots\" content=\"index, follow, max-snippet:-1, max-image-preview:large, max-video-preview:-1\" \/>\n<link rel=\"canonical\" href=\"https:\/\/diariotextual.com\/inicio\/index.php\/2021\/12\/10\/diputados-de-la-ucr-y-el-caso-lucio-no-hay-ninguna-autocritica-de-los-ministros\/\" \/>\n<meta property=\"og:locale\" content=\"es_ES\" \/>\n<meta property=\"og:type\" content=\"article\" \/>\n<meta property=\"og:title\" content=\"Diputados de la UCR y el caso Lucio: \u201cNo hay ninguna autocr\u00edtica de los ministros\u201d - Diario Textual\" \/>\n<meta property=\"og:description\" content=\"El bloque de diputados provinciales de la Uni\u00f3n C\u00edvica Radical cuestion\u00f3 la actuaci\u00f3n de ministros del Poder Ejecutivo Provincial y del Defensor de Ni\u00f1os, Ni\u00f1as y Adolescentes, durante la interpelaci\u00f3n&hellip;\" \/>\n<meta property=\"og:url\" content=\"https:\/\/diariotextual.com\/inicio\/index.php\/2021\/12\/10\/diputados-de-la-ucr-y-el-caso-lucio-no-hay-ninguna-autocritica-de-los-ministros\/\" \/>\n<meta property=\"og:site_name\" content=\"Diario Textual\" \/>\n<meta property=\"article:publisher\" content=\"https:\/\/www.facebook.com\/eltextual\" \/>\n<meta property=\"article:published_time\" content=\"2021-12-10T17:42:21+00:00\" \/>\n<meta property=\"article:modified_time\" content=\"2021-12-11T00:14:33+00:00\" \/>\n<meta property=\"og:image\" content=\"https:\/\/diariotextual.com\/inicio\/wp-content\/uploads\/2021\/12\/20211209_134823-scaled.jpg\" \/>\n\t<meta property=\"og:image:width\" content=\"2560\" \/>\n\t<meta property=\"og:image:height\" content=\"1440\" \/>\n\t<meta property=\"og:image:type\" content=\"image\/jpeg\" \/>\n<meta name=\"author\" content=\"diario3\" \/>\n<meta name=\"twitter:card\" content=\"summary_large_image\" \/>\n<meta name=\"twitter:creator\" content=\"@eltextual\" \/>\n<meta name=\"twitter:site\" content=\"@eltextual\" \/>\n<meta name=\"twitter:label1\" content=\"Escrito por\" \/>\n\t<meta name=\"twitter:data1\" content=\"diario3\" \/>\n\t<meta name=\"twitter:label2\" content=\"Tiempo de lectura\" \/>\n\t<meta name=\"twitter:data2\" content=\"3 minutos\" \/>\n<script type=\"application\/ld+json\" class=\"yoast-schema-graph\">{\"@context\":\"https:\\\/\\\/schema.org\",\"@graph\":[{\"@type\":\"Article\",\"@id\":\"https:\\\/\\\/diariotextual.com\\\/inicio\\\/index.php\\\/2021\\\/12\\\/10\\\/diputados-de-la-ucr-y-el-caso-lucio-no-hay-ninguna-autocritica-de-los-ministros\\\/#article\",\"isPartOf\":{\"@id\":\"https:\\\/\\\/diariotextual.com\\\/inicio\\\/index.php\\\/2021\\\/12\\\/10\\\/diputados-de-la-ucr-y-el-caso-lucio-no-hay-ninguna-autocritica-de-los-ministros\\\/\"},\"author\":{\"name\":\"diario3\",\"@id\":\"https:\\\/\\\/diariotextual.com\\\/inicio\\\/#\\\/schema\\\/person\\\/a1b6f563e0ee944c60f98119389a4d9f\"},\"headline\":\"Diputados de la UCR y el caso Lucio: \u201cNo hay ninguna autocr\u00edtica de los ministros\u201d\",\"datePublished\":\"2021-12-10T17:42:21+00:00\",\"dateModified\":\"2021-12-11T00:14:33+00:00\",\"mainEntityOfPage\":{\"@id\":\"https:\\\/\\\/diariotextual.com\\\/inicio\\\/index.php\\\/2021\\\/12\\\/10\\\/diputados-de-la-ucr-y-el-caso-lucio-no-hay-ninguna-autocritica-de-los-ministros\\\/\"},\"wordCount\":568,\"publisher\":{\"@id\":\"https:\\\/\\\/diariotextual.com\\\/inicio\\\/#organization\"},\"image\":{\"@id\":\"https:\\\/\\\/diariotextual.com\\\/inicio\\\/index.php\\\/2021\\\/12\\\/10\\\/diputados-de-la-ucr-y-el-caso-lucio-no-hay-ninguna-autocritica-de-los-ministros\\\/#primaryimage\"},\"thumbnailUrl\":\"https:\\\/\\\/diariotextual.com\\\/inicio\\\/wp-content\\\/uploads\\\/2021\\\/12\\\/20211209_134823-scaled.jpg\",\"keywords\":[\"diputados\",\"lucio dupuy\",\"ucr\"],\"articleSection\":[\"A - PORTADA2\",\"SOCIEDAD\"],\"inLanguage\":\"es\"},{\"@type\":\"WebPage\",\"@id\":\"https:\\\/\\\/diariotextual.com\\\/inicio\\\/index.php\\\/2021\\\/12\\\/10\\\/diputados-de-la-ucr-y-el-caso-lucio-no-hay-ninguna-autocritica-de-los-ministros\\\/\",\"url\":\"https:\\\/\\\/diariotextual.com\\\/inicio\\\/index.php\\\/2021\\\/12\\\/10\\\/diputados-de-la-ucr-y-el-caso-lucio-no-hay-ninguna-autocritica-de-los-ministros\\\/\",\"name\":\"Diputados de la UCR y el caso Lucio: \u201cNo hay ninguna autocr\u00edtica de los ministros\u201d - Diario Textual\",\"isPartOf\":{\"@id\":\"https:\\\/\\\/diariotextual.com\\\/inicio\\\/#website\"},\"primaryImageOfPage\":{\"@id\":\"https:\\\/\\\/diariotextual.com\\\/inicio\\\/index.php\\\/2021\\\/12\\\/10\\\/diputados-de-la-ucr-y-el-caso-lucio-no-hay-ninguna-autocritica-de-los-ministros\\\/#primaryimage\"},\"image\":{\"@id\":\"https:\\\/\\\/diariotextual.com\\\/inicio\\\/index.php\\\/2021\\\/12\\\/10\\\/diputados-de-la-ucr-y-el-caso-lucio-no-hay-ninguna-autocritica-de-los-ministros\\\/#primaryimage\"},\"thumbnailUrl\":\"https:\\\/\\\/diariotextual.com\\\/inicio\\\/wp-content\\\/uploads\\\/2021\\\/12\\\/20211209_134823-scaled.jpg\",\"datePublished\":\"2021-12-10T17:42:21+00:00\",\"dateModified\":\"2021-12-11T00:14:33+00:00\",\"breadcrumb\":{\"@id\":\"https:\\\/\\\/diariotextual.com\\\/inicio\\\/index.php\\\/2021\\\/12\\\/10\\\/diputados-de-la-ucr-y-el-caso-lucio-no-hay-ninguna-autocritica-de-los-ministros\\\/#breadcrumb\"},\"inLanguage\":\"es\",\"potentialAction\":[{\"@type\":\"ReadAction\",\"target\":[\"https:\\\/\\\/diariotextual.com\\\/inicio\\\/index.php\\\/2021\\\/12\\\/10\\\/diputados-de-la-ucr-y-el-caso-lucio-no-hay-ninguna-autocritica-de-los-ministros\\\/\"]}]},{\"@type\":\"ImageObject\",\"inLanguage\":\"es\",\"@id\":\"https:\\\/\\\/diariotextual.com\\\/inicio\\\/index.php\\\/2021\\\/12\\\/10\\\/diputados-de-la-ucr-y-el-caso-lucio-no-hay-ninguna-autocritica-de-los-ministros\\\/#primaryimage\",\"url\":\"https:\\\/\\\/diariotextual.com\\\/inicio\\\/wp-content\\\/uploads\\\/2021\\\/12\\\/20211209_134823-scaled.jpg\",\"contentUrl\":\"https:\\\/\\\/diariotextual.com\\\/inicio\\\/wp-content\\\/uploads\\\/2021\\\/12\\\/20211209_134823-scaled.jpg\",\"width\":2560,\"height\":1440},{\"@type\":\"BreadcrumbList\",\"@id\":\"https:\\\/\\\/diariotextual.com\\\/inicio\\\/index.php\\\/2021\\\/12\\\/10\\\/diputados-de-la-ucr-y-el-caso-lucio-no-hay-ninguna-autocritica-de-los-ministros\\\/#breadcrumb\",\"itemListElement\":[{\"@type\":\"ListItem\",\"position\":1,\"name\":\"Portada\",\"item\":\"https:\\\/\\\/diariotextual.com\\\/inicio\\\/\"},{\"@type\":\"ListItem\",\"position\":2,\"name\":\"Diputados de la UCR y el caso Lucio: \u201cNo hay ninguna autocr\u00edtica de los ministros\u201d\"}]},{\"@type\":\"WebSite\",\"@id\":\"https:\\\/\\\/diariotextual.com\\\/inicio\\\/#website\",\"url\":\"https:\\\/\\\/diariotextual.com\\\/inicio\\\/\",\"name\":\"Diario Textual\",\"description\":\"\",\"publisher\":{\"@id\":\"https:\\\/\\\/diariotextual.com\\\/inicio\\\/#organization\"},\"potentialAction\":[{\"@type\":\"SearchAction\",\"target\":{\"@type\":\"EntryPoint\",\"urlTemplate\":\"https:\\\/\\\/diariotextual.com\\\/inicio\\\/?s={search_term_string}\"},\"query-input\":{\"@type\":\"PropertyValueSpecification\",\"valueRequired\":true,\"valueName\":\"search_term_string\"}}],\"inLanguage\":\"es\"},{\"@type\":\"Organization\",\"@id\":\"https:\\\/\\\/diariotextual.com\\\/inicio\\\/#organization\",\"name\":\"Diario Textual\",\"url\":\"https:\\\/\\\/diariotextual.com\\\/inicio\\\/\",\"logo\":{\"@type\":\"ImageObject\",\"inLanguage\":\"es\",\"@id\":\"https:\\\/\\\/diariotextual.com\\\/inicio\\\/#\\\/schema\\\/logo\\\/image\\\/\",\"url\":\"https:\\\/\\\/diariotextual.com\\\/inicio\\\/wp-content\\\/uploads\\\/2023\\\/05\\\/logotextual1.jpg\",\"contentUrl\":\"https:\\\/\\\/diariotextual.com\\\/inicio\\\/wp-content\\\/uploads\\\/2023\\\/05\\\/logotextual1.jpg\",\"width\":516,\"height\":76,\"caption\":\"Diario Textual\"},\"image\":{\"@id\":\"https:\\\/\\\/diariotextual.com\\\/inicio\\\/#\\\/schema\\\/logo\\\/image\\\/\"},\"sameAs\":[\"https:\\\/\\\/www.facebook.com\\\/eltextual\",\"https:\\\/\\\/x.com\\\/eltextual\",\"http:\\\/\\\/www.instagram.com\\\/eltextual\"]},{\"@type\":\"Person\",\"@id\":\"https:\\\/\\\/diariotextual.com\\\/inicio\\\/#\\\/schema\\\/person\\\/a1b6f563e0ee944c60f98119389a4d9f\",\"name\":\"diario3\",\"image\":{\"@type\":\"ImageObject\",\"inLanguage\":\"es\",\"@id\":\"https:\\\/\\\/secure.gravatar.com\\\/avatar\\\/5e7ee62c82fc04d9dd79d746a390d93c69c43223e5faeeb3ea9461ef752bfc5d?s=96&d=mm&r=g\",\"url\":\"https:\\\/\\\/secure.gravatar.com\\\/avatar\\\/5e7ee62c82fc04d9dd79d746a390d93c69c43223e5faeeb3ea9461ef752bfc5d?s=96&d=mm&r=g\",\"contentUrl\":\"https:\\\/\\\/secure.gravatar.com\\\/avatar\\\/5e7ee62c82fc04d9dd79d746a390d93c69c43223e5faeeb3ea9461ef752bfc5d?s=96&d=mm&r=g\",\"caption\":\"diario3\"},\"url\":\"https:\\\/\\\/diariotextual.com\\\/inicio\\\/index.php\\\/author\\\/diario3\\\/\"}]}<\/script>\n<!-- \/ Yoast SEO plugin. -->","yoast_head_json":{"title":"Diputados de la UCR y el caso Lucio: \u201cNo hay ninguna autocr\u00edtica de los ministros\u201d - Diario Textual","robots":{"index":"index","follow":"follow","max-snippet":"max-snippet:-1","max-image-preview":"max-image-preview:large","max-video-preview":"max-video-preview:-1"},"canonical":"https:\/\/diariotextual.com\/inicio\/index.php\/2021\/12\/10\/diputados-de-la-ucr-y-el-caso-lucio-no-hay-ninguna-autocritica-de-los-ministros\/","og_locale":"es_ES","og_type":"article","og_title":"Diputados de la UCR y el caso Lucio: \u201cNo hay ninguna autocr\u00edtica de los ministros\u201d - Diario Textual","og_description":"El bloque de diputados provinciales de la Uni\u00f3n C\u00edvica Radical cuestion\u00f3 la actuaci\u00f3n de ministros del Poder Ejecutivo Provincial y del Defensor de Ni\u00f1os, Ni\u00f1as y Adolescentes, durante la interpelaci\u00f3n&hellip;","og_url":"https:\/\/diariotextual.com\/inicio\/index.php\/2021\/12\/10\/diputados-de-la-ucr-y-el-caso-lucio-no-hay-ninguna-autocritica-de-los-ministros\/","og_site_name":"Diario Textual","article_publisher":"https:\/\/www.facebook.com\/eltextual","article_published_time":"2021-12-10T17:42:21+00:00","article_modified_time":"2021-12-11T00:14:33+00:00","og_image":[{"width":2560,"height":1440,"url":"https:\/\/diariotextual.com\/inicio\/wp-content\/uploads\/2021\/12\/20211209_134823-scaled.jpg","type":"image\/jpeg"}],"author":"diario3","twitter_card":"summary_large_image","twitter_creator":"@eltextual","twitter_site":"@eltextual","twitter_misc":{"Escrito por":"diario3","Tiempo de lectura":"3 minutos"},"schema":{"@context":"https:\/\/schema.org","@graph":[{"@type":"Article","@id":"https:\/\/diariotextual.com\/inicio\/index.php\/2021\/12\/10\/diputados-de-la-ucr-y-el-caso-lucio-no-hay-ninguna-autocritica-de-los-ministros\/#article","isPartOf":{"@id":"https:\/\/diariotextual.com\/inicio\/index.php\/2021\/12\/10\/diputados-de-la-ucr-y-el-caso-lucio-no-hay-ninguna-autocritica-de-los-ministros\/"},"author":{"name":"diario3","@id":"https:\/\/diariotextual.com\/inicio\/#\/schema\/person\/a1b6f563e0ee944c60f98119389a4d9f"},"headline":"Diputados de la UCR y el caso Lucio: \u201cNo hay ninguna autocr\u00edtica de los ministros\u201d","datePublished":"2021-12-10T17:42:21+00:00","dateModified":"2021-12-11T00:14:33+00:00","mainEntityOfPage":{"@id":"https:\/\/diariotextual.com\/inicio\/index.php\/2021\/12\/10\/diputados-de-la-ucr-y-el-caso-lucio-no-hay-ninguna-autocritica-de-los-ministros\/"},"wordCount":568,"publisher":{"@id":"https:\/\/diariotextual.com\/inicio\/#organization"},"image":{"@id":"https:\/\/diariotextual.com\/inicio\/index.php\/2021\/12\/10\/diputados-de-la-ucr-y-el-caso-lucio-no-hay-ninguna-autocritica-de-los-ministros\/#primaryimage"},"thumbnailUrl":"https:\/\/diariotextual.com\/inicio\/wp-content\/uploads\/2021\/12\/20211209_134823-scaled.jpg","keywords":["diputados","lucio dupuy","ucr"],"articleSection":["A - PORTADA2","SOCIEDAD"],"inLanguage":"es"},{"@type":"WebPage","@id":"https:\/\/diariotextual.com\/inicio\/index.php\/2021\/12\/10\/diputados-de-la-ucr-y-el-caso-lucio-no-hay-ninguna-autocritica-de-los-ministros\/","url":"https:\/\/diariotextual.com\/inicio\/index.php\/2021\/12\/10\/diputados-de-la-ucr-y-el-caso-lucio-no-hay-ninguna-autocritica-de-los-ministros\/","name":"Diputados de la UCR y el caso Lucio: \u201cNo hay ninguna autocr\u00edtica de los ministros\u201d - Diario Textual","isPartOf":{"@id":"https:\/\/diariotextual.com\/inicio\/#website"},"primaryImageOfPage":{"@id":"https:\/\/diariotextual.com\/inicio\/index.php\/2021\/12\/10\/diputados-de-la-ucr-y-el-caso-lucio-no-hay-ninguna-autocritica-de-los-ministros\/#primaryimage"},"image":{"@id":"https:\/\/diariotextual.com\/inicio\/index.php\/2021\/12\/10\/diputados-de-la-ucr-y-el-caso-lucio-no-hay-ninguna-autocritica-de-los-ministros\/#primaryimage"},"thumbnailUrl":"https:\/\/diariotextual.com\/inicio\/wp-content\/uploads\/2021\/12\/20211209_134823-scaled.jpg","datePublished":"2021-12-10T17:42:21+00:00","dateModified":"2021-12-11T00:14:33+00:00","breadcrumb":{"@id":"https:\/\/diariotextual.com\/inicio\/index.php\/2021\/12\/10\/diputados-de-la-ucr-y-el-caso-lucio-no-hay-ninguna-autocritica-de-los-ministros\/#breadcrumb"},"inLanguage":"es","potentialAction":[{"@type":"ReadAction","target":["https:\/\/diariotextual.com\/inicio\/index.php\/2021\/12\/10\/diputados-de-la-ucr-y-el-caso-lucio-no-hay-ninguna-autocritica-de-los-ministros\/"]}]},{"@type":"ImageObject","inLanguage":"es","@id":"https:\/\/diariotextual.com\/inicio\/index.php\/2021\/12\/10\/diputados-de-la-ucr-y-el-caso-lucio-no-hay-ninguna-autocritica-de-los-ministros\/#primaryimage","url":"https:\/\/diariotextual.com\/inicio\/wp-content\/uploads\/2021\/12\/20211209_134823-scaled.jpg","contentUrl":"https:\/\/diariotextual.com\/inicio\/wp-content\/uploads\/2021\/12\/20211209_134823-scaled.jpg","width":2560,"height":1440},{"@type":"BreadcrumbList","@id":"https:\/\/diariotextual.com\/inicio\/index.php\/2021\/12\/10\/diputados-de-la-ucr-y-el-caso-lucio-no-hay-ninguna-autocritica-de-los-ministros\/#breadcrumb","itemListElement":[{"@type":"ListItem","position":1,"name":"Portada","item":"https:\/\/diariotextual.com\/inicio\/"},{"@type":"ListItem","position":2,"name":"Diputados de la UCR y el caso Lucio: \u201cNo hay ninguna autocr\u00edtica de los ministros\u201d"}]},{"@type":"WebSite","@id":"https:\/\/diariotextual.com\/inicio\/#website","url":"https:\/\/diariotextual.com\/inicio\/","name":"Diario Textual","description":"","publisher":{"@id":"https:\/\/diariotextual.com\/inicio\/#organization"},"potentialAction":[{"@type":"SearchAction","target":{"@type":"EntryPoint","urlTemplate":"https:\/\/diariotextual.com\/inicio\/?s={search_term_string}"},"query-input":{"@type":"PropertyValueSpecification","valueRequired":true,"valueName":"search_term_string"}}],"inLanguage":"es"},{"@type":"Organization","@id":"https:\/\/diariotextual.com\/inicio\/#organization","name":"Diario Textual","url":"https:\/\/diariotextual.com\/inicio\/","logo":{"@type":"ImageObject","inLanguage":"es","@id":"https:\/\/diariotextual.com\/inicio\/#\/schema\/logo\/image\/","url":"https:\/\/diariotextual.com\/inicio\/wp-content\/uploads\/2023\/05\/logotextual1.jpg","contentUrl":"https:\/\/diariotextual.com\/inicio\/wp-content\/uploads\/2023\/05\/logotextual1.jpg","width":516,"height":76,"caption":"Diario Textual"},"image":{"@id":"https:\/\/diariotextual.com\/inicio\/#\/schema\/logo\/image\/"},"sameAs":["https:\/\/www.facebook.com\/eltextual","https:\/\/x.com\/eltextual","http:\/\/www.instagram.com\/eltextual"]},{"@type":"Person","@id":"https:\/\/diariotextual.com\/inicio\/#\/schema\/person\/a1b6f563e0ee944c60f98119389a4d9f","name":"diario3","image":{"@type":"ImageObject","inLanguage":"es","@id":"https:\/\/secure.gravatar.com\/avatar\/5e7ee62c82fc04d9dd79d746a390d93c69c43223e5faeeb3ea9461ef752bfc5d?s=96&d=mm&r=g","url":"https:\/\/secure.gravatar.com\/avatar\/5e7ee62c82fc04d9dd79d746a390d93c69c43223e5faeeb3ea9461ef752bfc5d?s=96&d=mm&r=g","contentUrl":"https:\/\/secure.gravatar.com\/avatar\/5e7ee62c82fc04d9dd79d746a390d93c69c43223e5faeeb3ea9461ef752bfc5d?s=96&d=mm&r=g","caption":"diario3"},"url":"https:\/\/diariotextual.com\/inicio\/index.php\/author\/diario3\/"}]}},"_links":{"self":[{"href":"https:\/\/diariotextual.com\/inicio\/index.php\/wp-json\/wp\/v2\/posts\/172277","targetHints":{"allow":["GET"]}}],"collection":[{"href":"https:\/\/diariotextual.com\/inicio\/index.php\/wp-json\/wp\/v2\/posts"}],"about":[{"href":"https:\/\/diariotextual.com\/inicio\/index.php\/wp-json\/wp\/v2\/types\/post"}],"author":[{"embeddable":true,"href":"https:\/\/diariotextual.com\/inicio\/index.php\/wp-json\/wp\/v2\/users\/5"}],"replies":[{"embeddable":true,"href":"https:\/\/diariotextual.com\/inicio\/index.php\/wp-json\/wp\/v2\/comments?post=172277"}],"version-history":[{"count":1,"href":"https:\/\/diariotextual.com\/inicio\/index.php\/wp-json\/wp\/v2\/posts\/172277\/revisions"}],"predecessor-version":[{"id":172278,"href":"https:\/\/diariotextual.com\/inicio\/index.php\/wp-json\/wp\/v2\/posts\/172277\/revisions\/172278"}],"wp:featuredmedia":[{"embeddable":true,"href":"https:\/\/diariotextual.com\/inicio\/index.php\/wp-json\/wp\/v2\/media\/172040"}],"wp:attachment":[{"href":"https:\/\/diariotextual.com\/inicio\/index.php\/wp-json\/wp\/v2\/media?parent=172277"}],"wp:term":[{"taxonomy":"category","embeddable":true,"href":"https:\/\/diariotextual.com\/inicio\/index.php\/wp-json\/wp\/v2\/categories?post=172277"},{"taxonomy":"post_tag","embeddable":true,"href":"https:\/\/diariotextual.com\/inicio\/index.php\/wp-json\/wp\/v2\/tags?post=172277"}],"curies":[{"name":"wp","href":"https:\/\/api.w.org\/{rel}","templated":true}]}}