{"id":172284,"date":"2021-12-10T17:50:27","date_gmt":"2021-12-10T20:50:27","guid":{"rendered":"https:\/\/diariotextual.com\/inicio\/?p=172284"},"modified":"2021-12-10T20:11:08","modified_gmt":"2021-12-10T23:11:08","slug":"siniestro-vial-en-macachin-revocan-una-demanda-por-danos-priorizando-a-la-victima","status":"publish","type":"post","link":"https:\/\/diariotextual.com\/inicio\/index.php\/2021\/12\/10\/siniestro-vial-en-macachin-revocan-una-demanda-por-danos-priorizando-a-la-victima\/","title":{"rendered":"Siniestro vial en Macach\u00edn: revocan una demanda por da\u00f1os priorizando a la v\u00edctima"},"content":{"rendered":"\n<p>La C\u00e1mara de Apelaciones en lo Civil, Comercial, Laboral y de Miner\u00eda de Santa Rosa hizo lugar parcialmente a un recurso de apelaci\u00f3n, en una demanda por da\u00f1os a ra\u00edz de un siniestro vial. Hizo hincapi\u00e9 fundamentalmente en la situaci\u00f3n de la v\u00edctima.<\/p>\n\n\n\n<p>Para ello los jueces integrantes de la Sala 3, Guillermo Samuel Salas y Laura Cagliolo, se basaron en el principio denominado&nbsp;<strong><em>\u00abfavor victimae\u00bb<\/em><\/strong>. Se trata de un concepto doctrinario que alivia la carga de la prueba con \u00abla sola existencia del da\u00f1o\u00bb cuando hay riesgo de vida o de salud en la persona que demanda reclamando da\u00f1os y perjuicios por responsabilidad civil.<\/p>\n\n\n\n<p>En este caso la v\u00edctima fue una mujer adulta mayor que sufri\u00f3 la fractura de ambas mu\u00f1ecas y que, a consecuencia de esas lesiones, padeci\u00f3 \u00abla disminuci\u00f3n de fuerza bilateral y edemas y dolores en el movimiento activo de ambas manos\u00bb.<\/p>\n\n\n\n<p>\u00bfQu\u00e9 le pas\u00f3? Una noche iba caminando con su esposo sobre el pavimento de una calle en la localidad de Macach\u00edn y al doblar en una esquina fueron colisionados desde atr\u00e1s por una camioneta Hilux, cuyo conductor retroced\u00eda en contramano para estacionarse frente a su casa.<\/p>\n\n\n\n<div style=\"height:126px\" aria-hidden=\"true\" class=\"wp-block-spacer\"><\/div>\n\n\n\n<p><strong>Factores determinantes<\/strong><\/p>\n\n\n\n<p>La jueza civil santarrose\u00f1a de primera instancia, Mar\u00eda del Carmen Garc\u00eda, al recrear el hecho, y aun reconociendo la calidad de embistente del conductor de la camioneta, sostuvo que quedaba eximido de la responsabilidad civil por entender que \u00abel factor determinante\u00bb del siniestro fue que la damnificada iba caminando por la calzada y no por la vereda<strong>. \u00abNo coincidimos con esa apreciaci\u00f3n\u00bb<\/strong>, dijeron Salas y Cagliolo.<\/p>\n\n\n\n<p>Si bien la investigaci\u00f3n penal a\u00fan permanece abierta porque el Tribunal de Impugnaci\u00f3n Penal revoc\u00f3 el pase a archivo, la C\u00e1mara consider\u00f3 que igual pod\u00eda expedirse excepcionalmente para \u00abno provocar una frustraci\u00f3n efectiva al derecho a ser indemnizado\u00bb.<\/p>\n\n\n\n<p>\u00abEntendemos que si el retraso en la investigaci\u00f3n penal, o en la tramitaci\u00f3n de las v\u00edas recursivas ordinarias o extraordinarias en ese fuero se avizoran con retraso significativo, de modo que impida la continuidad del juicio civil, corresponder\u00e1 pronunciarse sin sentencia penal firme. Y, en ese sentido, consideramos que la paralizaci\u00f3n sin elementos id\u00f3neos que permitan una r\u00e1pida activaci\u00f3n o conclusi\u00f3n en el fuero criminal, o el agotamiento de los recursos procesales, habilita excepcionalmente la constitucionalidad del dictado de la sentencia en el fuero civil\u00bb para que el proceso cumpla con el derecho al dictado de una sentencia en plazos razonables, indicaron ambos camaristas.<\/p>\n\n\n\n<div style=\"height:152px\" aria-hidden=\"true\" class=\"wp-block-spacer\"><\/div>\n\n\n\n<p><strong>Un siniestro concausal<\/strong><\/p>\n\n\n\n<p>\u00abM\u00e1s all\u00e1 del estado de las veredas y la prohibici\u00f3n normativa de circular por la calzada en los lugares no habilitados (&#8230;), ello no puede en modo alguno eximir totalmente al demandado de su responsabilidad o corresponsabilidad\u00bb. La C\u00e1mara record\u00f3 que el art\u00edculo 39, inciso b) de la Ley Nacional de Tr\u00e1nsito dice que el conductor de un veh\u00edculo debe circular \u00abcon cuidado y prevenci\u00f3n (&#8230;), teniendo en cuenta los riesgos propios de la circulaci\u00f3n y dem\u00e1s circunstancias del tr\u00e1nsito\u00bb.<\/p>\n\n\n\n<p>\u00abAll\u00ed radic\u00f3 el error de juzgamiento que debe revocarse, lo que permite concluir que&nbsp;<strong>el demandado produjo una maniobra no s\u00f3lo antirreglamentaria, sino tambi\u00e9n concausal, porque contribuy\u00f3 al accidente via<\/strong>l, con nexo adecuado de causalidad entre su propio obrar antijur\u00eddico y las consecuencias sufridas por la parte actora\u00bb, afirmaron Salas y Cagliolo. \u00abResulta ostensible que la damnificada no fue la exclusiva responsable del hecho da\u00f1oso\u00bb, acotaron. Por eso, al momento de atribuir las porciones de responsabilidad a cada una de las partes, las fijaron en un 50 por ciento para cada parte litigante.<\/p>\n\n\n\n<p>A la apelante se le rechaz\u00f3 el pago de una indemnizaci\u00f3n por tres rubros (incapacidad sobreviniente, lucro cesante y contrataci\u00f3n de una empleada) por falta de pruebas, y &nbsp;se le acept\u00f3 parcialmente por gastos m\u00e9dicos, de farmacia y traslado.<\/p>\n\n\n\n<p>Finalmente, la C\u00e1mara tambi\u00e9n hizo lugar al reclamo de resarcimiento por da\u00f1o moral, bas\u00e1ndose para ello en el concepto de &#8216;favor victimae\u00bb que en materia de responsabilidad civil por da\u00f1os privilegia preponderantemente el inter\u00e9s de la v\u00edctima.<\/p>\n\n\n\n<p>En tal sentido, el juez y la jueza entendieron que las lesiones sufridas por la peatona, m\u00e1s su edad y las secuelas incapacitantes, tuvieron entidad para \u00abcomo para poner en riesgo su vida y salud, con dolores y padecimientos comprobados (&#8230;)&nbsp;<strong>Tales afectaciones no nos permiten otra postura que la de dirimir e interpretar el derecho poniendo el foco en la situaci\u00f3n de la v\u00edctima<\/strong>; esto es, sin interesarse tanto por el castigo del que da\u00f1a, sino por el da\u00f1o injustamente &#8216;sufrido\u00bb.<\/p>\n","protected":false},"excerpt":{"rendered":"<p>La C\u00e1mara de Apelaciones en lo Civil, Comercial, Laboral y de Miner\u00eda de Santa Rosa hizo lugar parcialmente a un recurso de apelaci\u00f3n, en una demanda por da\u00f1os a ra\u00edz&hellip;<\/p>\n","protected":false},"author":3,"featured_media":628,"comment_status":"closed","ping_status":"open","sticky":false,"template":"","format":"standard","meta":{"_acf_changed":false,"footnotes":""},"categories":[10,12],"tags":[2828],"class_list":["post-172284","post","type-post","status-publish","format-standard","has-post-thumbnail","hentry","category-portada-2","category-sociedad","tag-macachin"],"acf":[],"yoast_head":"<!-- This site is optimized with the Yoast SEO plugin v27.5 - https:\/\/yoast.com\/product\/yoast-seo-wordpress\/ -->\n<title>Siniestro vial en Macach\u00edn: revocan una demanda por da\u00f1os priorizando a la v\u00edctima - Diario Textual<\/title>\n<meta name=\"robots\" content=\"index, follow, max-snippet:-1, max-image-preview:large, max-video-preview:-1\" \/>\n<link rel=\"canonical\" href=\"https:\/\/diariotextual.com\/inicio\/index.php\/2021\/12\/10\/siniestro-vial-en-macachin-revocan-una-demanda-por-danos-priorizando-a-la-victima\/\" \/>\n<meta property=\"og:locale\" content=\"es_ES\" \/>\n<meta property=\"og:type\" content=\"article\" \/>\n<meta property=\"og:title\" content=\"Siniestro vial en Macach\u00edn: revocan una demanda por da\u00f1os priorizando a la v\u00edctima - Diario Textual\" \/>\n<meta property=\"og:description\" content=\"La C\u00e1mara de Apelaciones en lo Civil, Comercial, Laboral y de Miner\u00eda de Santa Rosa hizo lugar parcialmente a un recurso de apelaci\u00f3n, en una demanda por da\u00f1os a ra\u00edz&hellip;\" \/>\n<meta property=\"og:url\" content=\"https:\/\/diariotextual.com\/inicio\/index.php\/2021\/12\/10\/siniestro-vial-en-macachin-revocan-una-demanda-por-danos-priorizando-a-la-victima\/\" \/>\n<meta property=\"og:site_name\" content=\"Diario Textual\" \/>\n<meta property=\"article:publisher\" content=\"https:\/\/www.facebook.com\/eltextual\" \/>\n<meta property=\"article:published_time\" content=\"2021-12-10T20:50:27+00:00\" \/>\n<meta property=\"article:modified_time\" content=\"2021-12-10T23:11:08+00:00\" \/>\n<meta property=\"og:image\" content=\"https:\/\/diariotextual.com\/inicio\/wp-content\/uploads\/2018\/03\/policiapatrullero3111.jpg\" \/>\n\t<meta property=\"og:image:width\" content=\"624\" \/>\n\t<meta property=\"og:image:height\" content=\"410\" \/>\n\t<meta property=\"og:image:type\" content=\"image\/jpeg\" \/>\n<meta name=\"author\" content=\"Diario1 Diario1\" \/>\n<meta name=\"twitter:card\" content=\"summary_large_image\" \/>\n<meta name=\"twitter:creator\" content=\"@eltextual\" \/>\n<meta name=\"twitter:site\" content=\"@eltextual\" \/>\n<meta name=\"twitter:label1\" content=\"Escrito por\" \/>\n\t<meta name=\"twitter:data1\" content=\"Diario1 Diario1\" \/>\n\t<meta name=\"twitter:label2\" content=\"Tiempo de lectura\" \/>\n\t<meta name=\"twitter:data2\" content=\"4 minutos\" \/>\n<script type=\"application\/ld+json\" class=\"yoast-schema-graph\">{\"@context\":\"https:\\\/\\\/schema.org\",\"@graph\":[{\"@type\":\"Article\",\"@id\":\"https:\\\/\\\/diariotextual.com\\\/inicio\\\/index.php\\\/2021\\\/12\\\/10\\\/siniestro-vial-en-macachin-revocan-una-demanda-por-danos-priorizando-a-la-victima\\\/#article\",\"isPartOf\":{\"@id\":\"https:\\\/\\\/diariotextual.com\\\/inicio\\\/index.php\\\/2021\\\/12\\\/10\\\/siniestro-vial-en-macachin-revocan-una-demanda-por-danos-priorizando-a-la-victima\\\/\"},\"author\":{\"name\":\"Diario1 Diario1\",\"@id\":\"https:\\\/\\\/diariotextual.com\\\/inicio\\\/#\\\/schema\\\/person\\\/418fc4093c33e86ed41562db3508f958\"},\"headline\":\"Siniestro vial en Macach\u00edn: revocan una demanda por da\u00f1os priorizando a la v\u00edctima\",\"datePublished\":\"2021-12-10T20:50:27+00:00\",\"dateModified\":\"2021-12-10T23:11:08+00:00\",\"mainEntityOfPage\":{\"@id\":\"https:\\\/\\\/diariotextual.com\\\/inicio\\\/index.php\\\/2021\\\/12\\\/10\\\/siniestro-vial-en-macachin-revocan-una-demanda-por-danos-priorizando-a-la-victima\\\/\"},\"wordCount\":812,\"publisher\":{\"@id\":\"https:\\\/\\\/diariotextual.com\\\/inicio\\\/#organization\"},\"image\":{\"@id\":\"https:\\\/\\\/diariotextual.com\\\/inicio\\\/index.php\\\/2021\\\/12\\\/10\\\/siniestro-vial-en-macachin-revocan-una-demanda-por-danos-priorizando-a-la-victima\\\/#primaryimage\"},\"thumbnailUrl\":\"https:\\\/\\\/diariotextual.com\\\/inicio\\\/wp-content\\\/uploads\\\/2018\\\/03\\\/policiapatrullero3111.jpg\",\"keywords\":[\"macachin\"],\"articleSection\":[\"A - PORTADA2\",\"SOCIEDAD\"],\"inLanguage\":\"es\"},{\"@type\":\"WebPage\",\"@id\":\"https:\\\/\\\/diariotextual.com\\\/inicio\\\/index.php\\\/2021\\\/12\\\/10\\\/siniestro-vial-en-macachin-revocan-una-demanda-por-danos-priorizando-a-la-victima\\\/\",\"url\":\"https:\\\/\\\/diariotextual.com\\\/inicio\\\/index.php\\\/2021\\\/12\\\/10\\\/siniestro-vial-en-macachin-revocan-una-demanda-por-danos-priorizando-a-la-victima\\\/\",\"name\":\"Siniestro vial en Macach\u00edn: revocan una demanda por da\u00f1os priorizando a la v\u00edctima - Diario Textual\",\"isPartOf\":{\"@id\":\"https:\\\/\\\/diariotextual.com\\\/inicio\\\/#website\"},\"primaryImageOfPage\":{\"@id\":\"https:\\\/\\\/diariotextual.com\\\/inicio\\\/index.php\\\/2021\\\/12\\\/10\\\/siniestro-vial-en-macachin-revocan-una-demanda-por-danos-priorizando-a-la-victima\\\/#primaryimage\"},\"image\":{\"@id\":\"https:\\\/\\\/diariotextual.com\\\/inicio\\\/index.php\\\/2021\\\/12\\\/10\\\/siniestro-vial-en-macachin-revocan-una-demanda-por-danos-priorizando-a-la-victima\\\/#primaryimage\"},\"thumbnailUrl\":\"https:\\\/\\\/diariotextual.com\\\/inicio\\\/wp-content\\\/uploads\\\/2018\\\/03\\\/policiapatrullero3111.jpg\",\"datePublished\":\"2021-12-10T20:50:27+00:00\",\"dateModified\":\"2021-12-10T23:11:08+00:00\",\"breadcrumb\":{\"@id\":\"https:\\\/\\\/diariotextual.com\\\/inicio\\\/index.php\\\/2021\\\/12\\\/10\\\/siniestro-vial-en-macachin-revocan-una-demanda-por-danos-priorizando-a-la-victima\\\/#breadcrumb\"},\"inLanguage\":\"es\",\"potentialAction\":[{\"@type\":\"ReadAction\",\"target\":[\"https:\\\/\\\/diariotextual.com\\\/inicio\\\/index.php\\\/2021\\\/12\\\/10\\\/siniestro-vial-en-macachin-revocan-una-demanda-por-danos-priorizando-a-la-victima\\\/\"]}]},{\"@type\":\"ImageObject\",\"inLanguage\":\"es\",\"@id\":\"https:\\\/\\\/diariotextual.com\\\/inicio\\\/index.php\\\/2021\\\/12\\\/10\\\/siniestro-vial-en-macachin-revocan-una-demanda-por-danos-priorizando-a-la-victima\\\/#primaryimage\",\"url\":\"https:\\\/\\\/diariotextual.com\\\/inicio\\\/wp-content\\\/uploads\\\/2018\\\/03\\\/policiapatrullero3111.jpg\",\"contentUrl\":\"https:\\\/\\\/diariotextual.com\\\/inicio\\\/wp-content\\\/uploads\\\/2018\\\/03\\\/policiapatrullero3111.jpg\",\"width\":624,\"height\":410},{\"@type\":\"BreadcrumbList\",\"@id\":\"https:\\\/\\\/diariotextual.com\\\/inicio\\\/index.php\\\/2021\\\/12\\\/10\\\/siniestro-vial-en-macachin-revocan-una-demanda-por-danos-priorizando-a-la-victima\\\/#breadcrumb\",\"itemListElement\":[{\"@type\":\"ListItem\",\"position\":1,\"name\":\"Portada\",\"item\":\"https:\\\/\\\/diariotextual.com\\\/inicio\\\/\"},{\"@type\":\"ListItem\",\"position\":2,\"name\":\"Siniestro vial en Macach\u00edn: revocan una demanda por da\u00f1os priorizando a la v\u00edctima\"}]},{\"@type\":\"WebSite\",\"@id\":\"https:\\\/\\\/diariotextual.com\\\/inicio\\\/#website\",\"url\":\"https:\\\/\\\/diariotextual.com\\\/inicio\\\/\",\"name\":\"Diario Textual\",\"description\":\"\",\"publisher\":{\"@id\":\"https:\\\/\\\/diariotextual.com\\\/inicio\\\/#organization\"},\"potentialAction\":[{\"@type\":\"SearchAction\",\"target\":{\"@type\":\"EntryPoint\",\"urlTemplate\":\"https:\\\/\\\/diariotextual.com\\\/inicio\\\/?s={search_term_string}\"},\"query-input\":{\"@type\":\"PropertyValueSpecification\",\"valueRequired\":true,\"valueName\":\"search_term_string\"}}],\"inLanguage\":\"es\"},{\"@type\":\"Organization\",\"@id\":\"https:\\\/\\\/diariotextual.com\\\/inicio\\\/#organization\",\"name\":\"Diario Textual\",\"url\":\"https:\\\/\\\/diariotextual.com\\\/inicio\\\/\",\"logo\":{\"@type\":\"ImageObject\",\"inLanguage\":\"es\",\"@id\":\"https:\\\/\\\/diariotextual.com\\\/inicio\\\/#\\\/schema\\\/logo\\\/image\\\/\",\"url\":\"https:\\\/\\\/diariotextual.com\\\/inicio\\\/wp-content\\\/uploads\\\/2023\\\/05\\\/logotextual1.jpg\",\"contentUrl\":\"https:\\\/\\\/diariotextual.com\\\/inicio\\\/wp-content\\\/uploads\\\/2023\\\/05\\\/logotextual1.jpg\",\"width\":516,\"height\":76,\"caption\":\"Diario Textual\"},\"image\":{\"@id\":\"https:\\\/\\\/diariotextual.com\\\/inicio\\\/#\\\/schema\\\/logo\\\/image\\\/\"},\"sameAs\":[\"https:\\\/\\\/www.facebook.com\\\/eltextual\",\"https:\\\/\\\/x.com\\\/eltextual\",\"http:\\\/\\\/www.instagram.com\\\/eltextual\"]},{\"@type\":\"Person\",\"@id\":\"https:\\\/\\\/diariotextual.com\\\/inicio\\\/#\\\/schema\\\/person\\\/418fc4093c33e86ed41562db3508f958\",\"name\":\"Diario1 Diario1\",\"image\":{\"@type\":\"ImageObject\",\"inLanguage\":\"es\",\"@id\":\"https:\\\/\\\/secure.gravatar.com\\\/avatar\\\/9167d280179c85bc18be67aa7eda765854300033af4896dd779b608640f2ef7a?s=96&d=mm&r=g\",\"url\":\"https:\\\/\\\/secure.gravatar.com\\\/avatar\\\/9167d280179c85bc18be67aa7eda765854300033af4896dd779b608640f2ef7a?s=96&d=mm&r=g\",\"contentUrl\":\"https:\\\/\\\/secure.gravatar.com\\\/avatar\\\/9167d280179c85bc18be67aa7eda765854300033af4896dd779b608640f2ef7a?s=96&d=mm&r=g\",\"caption\":\"Diario1 Diario1\"},\"url\":\"https:\\\/\\\/diariotextual.com\\\/inicio\\\/index.php\\\/author\\\/diario1\\\/\"}]}<\/script>\n<!-- \/ Yoast SEO plugin. -->","yoast_head_json":{"title":"Siniestro vial en Macach\u00edn: revocan una demanda por da\u00f1os priorizando a la v\u00edctima - Diario Textual","robots":{"index":"index","follow":"follow","max-snippet":"max-snippet:-1","max-image-preview":"max-image-preview:large","max-video-preview":"max-video-preview:-1"},"canonical":"https:\/\/diariotextual.com\/inicio\/index.php\/2021\/12\/10\/siniestro-vial-en-macachin-revocan-una-demanda-por-danos-priorizando-a-la-victima\/","og_locale":"es_ES","og_type":"article","og_title":"Siniestro vial en Macach\u00edn: revocan una demanda por da\u00f1os priorizando a la v\u00edctima - Diario Textual","og_description":"La C\u00e1mara de Apelaciones en lo Civil, Comercial, Laboral y de Miner\u00eda de Santa Rosa hizo lugar parcialmente a un recurso de apelaci\u00f3n, en una demanda por da\u00f1os a ra\u00edz&hellip;","og_url":"https:\/\/diariotextual.com\/inicio\/index.php\/2021\/12\/10\/siniestro-vial-en-macachin-revocan-una-demanda-por-danos-priorizando-a-la-victima\/","og_site_name":"Diario Textual","article_publisher":"https:\/\/www.facebook.com\/eltextual","article_published_time":"2021-12-10T20:50:27+00:00","article_modified_time":"2021-12-10T23:11:08+00:00","og_image":[{"width":624,"height":410,"url":"https:\/\/diariotextual.com\/inicio\/wp-content\/uploads\/2018\/03\/policiapatrullero3111.jpg","type":"image\/jpeg"}],"author":"Diario1 Diario1","twitter_card":"summary_large_image","twitter_creator":"@eltextual","twitter_site":"@eltextual","twitter_misc":{"Escrito por":"Diario1 Diario1","Tiempo de lectura":"4 minutos"},"schema":{"@context":"https:\/\/schema.org","@graph":[{"@type":"Article","@id":"https:\/\/diariotextual.com\/inicio\/index.php\/2021\/12\/10\/siniestro-vial-en-macachin-revocan-una-demanda-por-danos-priorizando-a-la-victima\/#article","isPartOf":{"@id":"https:\/\/diariotextual.com\/inicio\/index.php\/2021\/12\/10\/siniestro-vial-en-macachin-revocan-una-demanda-por-danos-priorizando-a-la-victima\/"},"author":{"name":"Diario1 Diario1","@id":"https:\/\/diariotextual.com\/inicio\/#\/schema\/person\/418fc4093c33e86ed41562db3508f958"},"headline":"Siniestro vial en Macach\u00edn: revocan una demanda por da\u00f1os priorizando a la v\u00edctima","datePublished":"2021-12-10T20:50:27+00:00","dateModified":"2021-12-10T23:11:08+00:00","mainEntityOfPage":{"@id":"https:\/\/diariotextual.com\/inicio\/index.php\/2021\/12\/10\/siniestro-vial-en-macachin-revocan-una-demanda-por-danos-priorizando-a-la-victima\/"},"wordCount":812,"publisher":{"@id":"https:\/\/diariotextual.com\/inicio\/#organization"},"image":{"@id":"https:\/\/diariotextual.com\/inicio\/index.php\/2021\/12\/10\/siniestro-vial-en-macachin-revocan-una-demanda-por-danos-priorizando-a-la-victima\/#primaryimage"},"thumbnailUrl":"https:\/\/diariotextual.com\/inicio\/wp-content\/uploads\/2018\/03\/policiapatrullero3111.jpg","keywords":["macachin"],"articleSection":["A - PORTADA2","SOCIEDAD"],"inLanguage":"es"},{"@type":"WebPage","@id":"https:\/\/diariotextual.com\/inicio\/index.php\/2021\/12\/10\/siniestro-vial-en-macachin-revocan-una-demanda-por-danos-priorizando-a-la-victima\/","url":"https:\/\/diariotextual.com\/inicio\/index.php\/2021\/12\/10\/siniestro-vial-en-macachin-revocan-una-demanda-por-danos-priorizando-a-la-victima\/","name":"Siniestro vial en Macach\u00edn: revocan una demanda por da\u00f1os priorizando a la v\u00edctima - Diario Textual","isPartOf":{"@id":"https:\/\/diariotextual.com\/inicio\/#website"},"primaryImageOfPage":{"@id":"https:\/\/diariotextual.com\/inicio\/index.php\/2021\/12\/10\/siniestro-vial-en-macachin-revocan-una-demanda-por-danos-priorizando-a-la-victima\/#primaryimage"},"image":{"@id":"https:\/\/diariotextual.com\/inicio\/index.php\/2021\/12\/10\/siniestro-vial-en-macachin-revocan-una-demanda-por-danos-priorizando-a-la-victima\/#primaryimage"},"thumbnailUrl":"https:\/\/diariotextual.com\/inicio\/wp-content\/uploads\/2018\/03\/policiapatrullero3111.jpg","datePublished":"2021-12-10T20:50:27+00:00","dateModified":"2021-12-10T23:11:08+00:00","breadcrumb":{"@id":"https:\/\/diariotextual.com\/inicio\/index.php\/2021\/12\/10\/siniestro-vial-en-macachin-revocan-una-demanda-por-danos-priorizando-a-la-victima\/#breadcrumb"},"inLanguage":"es","potentialAction":[{"@type":"ReadAction","target":["https:\/\/diariotextual.com\/inicio\/index.php\/2021\/12\/10\/siniestro-vial-en-macachin-revocan-una-demanda-por-danos-priorizando-a-la-victima\/"]}]},{"@type":"ImageObject","inLanguage":"es","@id":"https:\/\/diariotextual.com\/inicio\/index.php\/2021\/12\/10\/siniestro-vial-en-macachin-revocan-una-demanda-por-danos-priorizando-a-la-victima\/#primaryimage","url":"https:\/\/diariotextual.com\/inicio\/wp-content\/uploads\/2018\/03\/policiapatrullero3111.jpg","contentUrl":"https:\/\/diariotextual.com\/inicio\/wp-content\/uploads\/2018\/03\/policiapatrullero3111.jpg","width":624,"height":410},{"@type":"BreadcrumbList","@id":"https:\/\/diariotextual.com\/inicio\/index.php\/2021\/12\/10\/siniestro-vial-en-macachin-revocan-una-demanda-por-danos-priorizando-a-la-victima\/#breadcrumb","itemListElement":[{"@type":"ListItem","position":1,"name":"Portada","item":"https:\/\/diariotextual.com\/inicio\/"},{"@type":"ListItem","position":2,"name":"Siniestro vial en Macach\u00edn: revocan una demanda por da\u00f1os priorizando a la v\u00edctima"}]},{"@type":"WebSite","@id":"https:\/\/diariotextual.com\/inicio\/#website","url":"https:\/\/diariotextual.com\/inicio\/","name":"Diario Textual","description":"","publisher":{"@id":"https:\/\/diariotextual.com\/inicio\/#organization"},"potentialAction":[{"@type":"SearchAction","target":{"@type":"EntryPoint","urlTemplate":"https:\/\/diariotextual.com\/inicio\/?s={search_term_string}"},"query-input":{"@type":"PropertyValueSpecification","valueRequired":true,"valueName":"search_term_string"}}],"inLanguage":"es"},{"@type":"Organization","@id":"https:\/\/diariotextual.com\/inicio\/#organization","name":"Diario Textual","url":"https:\/\/diariotextual.com\/inicio\/","logo":{"@type":"ImageObject","inLanguage":"es","@id":"https:\/\/diariotextual.com\/inicio\/#\/schema\/logo\/image\/","url":"https:\/\/diariotextual.com\/inicio\/wp-content\/uploads\/2023\/05\/logotextual1.jpg","contentUrl":"https:\/\/diariotextual.com\/inicio\/wp-content\/uploads\/2023\/05\/logotextual1.jpg","width":516,"height":76,"caption":"Diario Textual"},"image":{"@id":"https:\/\/diariotextual.com\/inicio\/#\/schema\/logo\/image\/"},"sameAs":["https:\/\/www.facebook.com\/eltextual","https:\/\/x.com\/eltextual","http:\/\/www.instagram.com\/eltextual"]},{"@type":"Person","@id":"https:\/\/diariotextual.com\/inicio\/#\/schema\/person\/418fc4093c33e86ed41562db3508f958","name":"Diario1 Diario1","image":{"@type":"ImageObject","inLanguage":"es","@id":"https:\/\/secure.gravatar.com\/avatar\/9167d280179c85bc18be67aa7eda765854300033af4896dd779b608640f2ef7a?s=96&d=mm&r=g","url":"https:\/\/secure.gravatar.com\/avatar\/9167d280179c85bc18be67aa7eda765854300033af4896dd779b608640f2ef7a?s=96&d=mm&r=g","contentUrl":"https:\/\/secure.gravatar.com\/avatar\/9167d280179c85bc18be67aa7eda765854300033af4896dd779b608640f2ef7a?s=96&d=mm&r=g","caption":"Diario1 Diario1"},"url":"https:\/\/diariotextual.com\/inicio\/index.php\/author\/diario1\/"}]}},"_links":{"self":[{"href":"https:\/\/diariotextual.com\/inicio\/index.php\/wp-json\/wp\/v2\/posts\/172284","targetHints":{"allow":["GET"]}}],"collection":[{"href":"https:\/\/diariotextual.com\/inicio\/index.php\/wp-json\/wp\/v2\/posts"}],"about":[{"href":"https:\/\/diariotextual.com\/inicio\/index.php\/wp-json\/wp\/v2\/types\/post"}],"author":[{"embeddable":true,"href":"https:\/\/diariotextual.com\/inicio\/index.php\/wp-json\/wp\/v2\/users\/3"}],"replies":[{"embeddable":true,"href":"https:\/\/diariotextual.com\/inicio\/index.php\/wp-json\/wp\/v2\/comments?post=172284"}],"version-history":[{"count":3,"href":"https:\/\/diariotextual.com\/inicio\/index.php\/wp-json\/wp\/v2\/posts\/172284\/revisions"}],"predecessor-version":[{"id":172289,"href":"https:\/\/diariotextual.com\/inicio\/index.php\/wp-json\/wp\/v2\/posts\/172284\/revisions\/172289"}],"wp:featuredmedia":[{"embeddable":true,"href":"https:\/\/diariotextual.com\/inicio\/index.php\/wp-json\/wp\/v2\/media\/628"}],"wp:attachment":[{"href":"https:\/\/diariotextual.com\/inicio\/index.php\/wp-json\/wp\/v2\/media?parent=172284"}],"wp:term":[{"taxonomy":"category","embeddable":true,"href":"https:\/\/diariotextual.com\/inicio\/index.php\/wp-json\/wp\/v2\/categories?post=172284"},{"taxonomy":"post_tag","embeddable":true,"href":"https:\/\/diariotextual.com\/inicio\/index.php\/wp-json\/wp\/v2\/tags?post=172284"}],"curies":[{"name":"wp","href":"https:\/\/api.w.org\/{rel}","templated":true}]}}