{"id":172290,"date":"2021-12-10T17:35:38","date_gmt":"2021-12-10T20:35:38","guid":{"rendered":"https:\/\/diariotextual.com\/inicio\/?p=172290"},"modified":"2021-12-11T10:07:53","modified_gmt":"2021-12-11T13:07:53","slug":"ziliotto-y-un-balance-de-sus-dos-primeros-anos-tuvimos-que-tomar-decisiones-que-enojaron","status":"publish","type":"post","link":"https:\/\/diariotextual.com\/inicio\/index.php\/2021\/12\/10\/ziliotto-y-un-balance-de-sus-dos-primeros-anos-tuvimos-que-tomar-decisiones-que-enojaron\/","title":{"rendered":"Ziliotto, la pandemia y sus dos primeros a\u00f1os: \u201cTuvimos que tomar decisiones que enojaron\u201d"},"content":{"rendered":"\n<p>El gobernador <strong>Sergio Ziliotto <\/strong>dijo este viernes, al hacer<strong> un balance de sus dos primeros a\u00f1os de su gobierno<\/strong>, que<strong> tuvo que tomar decisiones que \u00abafectaron\u00bb y \u00abenojaron\u00bb para \u00abdefender la vida\u00bb <\/strong>en medio de la <strong>pandemia de coronavirus<\/strong>, pero expres\u00f3 que <strong>ahora se vienen a\u00f1os \u00abdistintos\u00bb gracias a la fuerte campa\u00f1a de vacunaci\u00f3n<\/strong>.<\/p>\n\n\n\n<p><strong>\u201cFueron dos a\u00f1os en los que claramente el equipo de Gobierno sabe lo dif\u00edcil que fue. Tuvimos que gobernar en una pandemia, y tuvimos que gobernar afectando a otros<\/strong>\u201d, manifest\u00f3, en el <strong><a href=\"https:\/\/diariotextual.com\/inicio\/index.php\/2021\/12\/10\/asumio-rauschenberger-vengo-a-poner-a-disposicion-mi-capacidad-de-trabajo\/\" target=\"_blank\" rel=\"noreferrer noopener\">acto de asunci\u00f3n del nuevo ministro de Gobierno, Justicia y Derechos Humanos, Ariel Rauschenberger<\/a><\/strong>.<\/p>\n\n\n\n<p>\u201c<strong>Tomamos decisiones que enojaron, que molestaron y que muchas veces cambi\u00f3 la relaci\u00f3n con nuestros gobernados<\/strong>. Pero <strong>tenemos la convicci\u00f3n de que esas decisiones las tomamos desde la buena fe: las tomamos defendiendo el bien supremo, que es la vida.<\/strong> Decidimos defender la vida. No pudimos defender la vida de todos y eso duele\u201d, sostuvo, en referencia al millar de muertos por el covid en la provincia.<\/p>\n\n\n\n<p><\/p>\n\n\n\n<figure class=\"wp-block-embed is-type-wp-embed is-provider-diario-textual wp-block-embed-diario-textual\"><div class=\"wp-block-embed__wrapper\">\n<blockquote class=\"wp-embedded-content\" data-secret=\"Ihj52ePrrC\"><a href=\"https:\/\/diariotextual.com\/inicio\/index.php\/2021\/12\/10\/asumio-rauschenberger-vengo-a-poner-a-disposicion-mi-capacidad-de-trabajo\/\">Asumi\u00f3 Rauschenberger: \u201cVengo a poner a disposici\u00f3n mi capacidad de trabajo\u201d<\/a><\/blockquote><iframe class=\"wp-embedded-content\" sandbox=\"allow-scripts\" security=\"restricted\" style=\"position: absolute; clip: rect(1px, 1px, 1px, 1px);\" title=\"\u00abAsumi\u00f3 Rauschenberger: \u201cVengo a poner a disposici\u00f3n mi capacidad de trabajo\u201d\u00bb \u2014 Diario Textual\" src=\"https:\/\/diariotextual.com\/inicio\/index.php\/2021\/12\/10\/asumio-rauschenberger-vengo-a-poner-a-disposicion-mi-capacidad-de-trabajo\/embed\/#?secret=Ihj52ePrrC\" data-secret=\"Ihj52ePrrC\" width=\"600\" height=\"338\" frameborder=\"0\" marginwidth=\"0\" marginheight=\"0\" scrolling=\"no\"><\/iframe>\n<\/div><\/figure>\n\n\n\n<p>\u201cNos toc\u00f3 una pandemia imprevisible, que d\u00eda tras d\u00eda nos cambiaba el escenario\u201d, dijo.<\/p>\n\n\n\n<p>El mandatario dijo que el escenario est\u00e1 cambiando. \u201cTenemos la firme convicci\u00f3n de que el marco para gobernar en los pr\u00f3ximos dos a\u00f1os va a ser distinto. La pandemia no termin\u00f3, pero hemos construido una barrera muy fuerte: la vacunaci\u00f3n\u201d, manifest\u00f3.<\/p>\n\n\n\n<p>Adem\u00e1s,<strong> resalt\u00f3 la fuerte campa\u00f1a de vacunaci\u00f3n en La Pampa con niveles de inmunizaci\u00f3n superiores a la mayor\u00eda de los pa\u00edses del primer mundo<\/strong>. \u201cSuperamos a muchos pa\u00edses que supuestamente estaban catalogados como &#8216;un \u00e9xito&#8217;. Siempre decimos que no hay \u00e9xito cuando hay muertos\u201d, resalt\u00f3.<\/p>\n\n\n\n<p><\/p>\n\n\n\n<figure class=\"wp-block-embed is-type-wp-embed is-provider-diario-textual wp-block-embed-diario-textual\"><div class=\"wp-block-embed__wrapper\">\n<blockquote class=\"wp-embedded-content\" data-secret=\"EdhiKz0I40\"><a href=\"https:\/\/diariotextual.com\/inicio\/index.php\/2021\/12\/10\/un-balance-a-dos-anos-de-la-gestion-ziliotto\/\">Un balance a dos a\u00f1os de la gesti\u00f3n Ziliotto<\/a><\/blockquote><iframe class=\"wp-embedded-content\" sandbox=\"allow-scripts\" security=\"restricted\" style=\"position: absolute; clip: rect(1px, 1px, 1px, 1px);\" title=\"\u00abUn balance a dos a\u00f1os de la gesti\u00f3n Ziliotto\u00bb \u2014 Diario Textual\" src=\"https:\/\/diariotextual.com\/inicio\/index.php\/2021\/12\/10\/un-balance-a-dos-anos-de-la-gestion-ziliotto\/embed\/#?secret=EdhiKz0I40\" data-secret=\"EdhiKz0I40\" width=\"600\" height=\"338\" frameborder=\"0\" marginwidth=\"0\" marginheight=\"0\" scrolling=\"no\"><\/iframe>\n<\/div><\/figure>\n","protected":false},"excerpt":{"rendered":"<p>El gobernador Sergio Ziliotto dijo este viernes, al hacer un balance de sus dos primeros a\u00f1os de su gobierno, que tuvo que tomar decisiones que \u00abafectaron\u00bb y \u00abenojaron\u00bb para \u00abdefender&hellip;<\/p>\n","protected":false},"author":3,"featured_media":172315,"comment_status":"closed","ping_status":"open","sticky":false,"template":"","format":"standard","meta":{"_acf_changed":false,"footnotes":""},"categories":[10,8],"tags":[424],"class_list":["post-172290","post","type-post","status-publish","format-standard","has-post-thumbnail","hentry","category-portada-2","category-politica","tag-ziliotto"],"acf":[],"yoast_head":"<!-- This site is optimized with the Yoast SEO plugin v27.5 - https:\/\/yoast.com\/product\/yoast-seo-wordpress\/ -->\n<title>Ziliotto, la pandemia y sus dos primeros a\u00f1os: \u201cTuvimos que tomar decisiones que enojaron\u201d - Diario Textual<\/title>\n<meta name=\"robots\" content=\"index, follow, max-snippet:-1, max-image-preview:large, max-video-preview:-1\" \/>\n<link rel=\"canonical\" href=\"https:\/\/diariotextual.com\/inicio\/index.php\/2021\/12\/10\/ziliotto-y-un-balance-de-sus-dos-primeros-anos-tuvimos-que-tomar-decisiones-que-enojaron\/\" \/>\n<meta property=\"og:locale\" content=\"es_ES\" \/>\n<meta property=\"og:type\" content=\"article\" \/>\n<meta property=\"og:title\" content=\"Ziliotto, la pandemia y sus dos primeros a\u00f1os: \u201cTuvimos que tomar decisiones que enojaron\u201d - Diario Textual\" \/>\n<meta property=\"og:description\" content=\"El gobernador Sergio Ziliotto dijo este viernes, al hacer un balance de sus dos primeros a\u00f1os de su gobierno, que tuvo que tomar decisiones que \u00abafectaron\u00bb y \u00abenojaron\u00bb para \u00abdefender&hellip;\" \/>\n<meta property=\"og:url\" content=\"https:\/\/diariotextual.com\/inicio\/index.php\/2021\/12\/10\/ziliotto-y-un-balance-de-sus-dos-primeros-anos-tuvimos-que-tomar-decisiones-que-enojaron\/\" \/>\n<meta property=\"og:site_name\" content=\"Diario Textual\" \/>\n<meta property=\"article:publisher\" content=\"https:\/\/www.facebook.com\/eltextual\" \/>\n<meta property=\"article:published_time\" content=\"2021-12-10T20:35:38+00:00\" \/>\n<meta property=\"article:modified_time\" content=\"2021-12-11T13:07:53+00:00\" \/>\n<meta property=\"og:image\" content=\"https:\/\/diariotextual.com\/inicio\/wp-content\/uploads\/2021\/12\/ziliottosergiorauschenbergerarieljura2021-6.jpg\" \/>\n\t<meta property=\"og:image:width\" content=\"919\" \/>\n\t<meta property=\"og:image:height\" content=\"569\" \/>\n\t<meta property=\"og:image:type\" content=\"image\/jpeg\" \/>\n<meta name=\"author\" content=\"Diario1 Diario1\" \/>\n<meta name=\"twitter:card\" content=\"summary_large_image\" \/>\n<meta name=\"twitter:creator\" content=\"@eltextual\" \/>\n<meta name=\"twitter:site\" content=\"@eltextual\" \/>\n<meta name=\"twitter:label1\" content=\"Escrito por\" \/>\n\t<meta name=\"twitter:data1\" content=\"Diario1 Diario1\" \/>\n\t<meta name=\"twitter:label2\" content=\"Tiempo de lectura\" \/>\n\t<meta name=\"twitter:data2\" content=\"2 minutos\" \/>\n<script type=\"application\/ld+json\" class=\"yoast-schema-graph\">{\"@context\":\"https:\\\/\\\/schema.org\",\"@graph\":[{\"@type\":\"Article\",\"@id\":\"https:\\\/\\\/diariotextual.com\\\/inicio\\\/index.php\\\/2021\\\/12\\\/10\\\/ziliotto-y-un-balance-de-sus-dos-primeros-anos-tuvimos-que-tomar-decisiones-que-enojaron\\\/#article\",\"isPartOf\":{\"@id\":\"https:\\\/\\\/diariotextual.com\\\/inicio\\\/index.php\\\/2021\\\/12\\\/10\\\/ziliotto-y-un-balance-de-sus-dos-primeros-anos-tuvimos-que-tomar-decisiones-que-enojaron\\\/\"},\"author\":{\"name\":\"Diario1 Diario1\",\"@id\":\"https:\\\/\\\/diariotextual.com\\\/inicio\\\/#\\\/schema\\\/person\\\/418fc4093c33e86ed41562db3508f958\"},\"headline\":\"Ziliotto, la pandemia y sus dos primeros a\u00f1os: \u201cTuvimos que tomar decisiones que enojaron\u201d\",\"datePublished\":\"2021-12-10T20:35:38+00:00\",\"dateModified\":\"2021-12-11T13:07:53+00:00\",\"mainEntityOfPage\":{\"@id\":\"https:\\\/\\\/diariotextual.com\\\/inicio\\\/index.php\\\/2021\\\/12\\\/10\\\/ziliotto-y-un-balance-de-sus-dos-primeros-anos-tuvimos-que-tomar-decisiones-que-enojaron\\\/\"},\"wordCount\":318,\"publisher\":{\"@id\":\"https:\\\/\\\/diariotextual.com\\\/inicio\\\/#organization\"},\"image\":{\"@id\":\"https:\\\/\\\/diariotextual.com\\\/inicio\\\/index.php\\\/2021\\\/12\\\/10\\\/ziliotto-y-un-balance-de-sus-dos-primeros-anos-tuvimos-que-tomar-decisiones-que-enojaron\\\/#primaryimage\"},\"thumbnailUrl\":\"https:\\\/\\\/diariotextual.com\\\/inicio\\\/wp-content\\\/uploads\\\/2021\\\/12\\\/ziliottosergiorauschenbergerarieljura2021-6.jpg\",\"keywords\":[\"ziliotto\"],\"articleSection\":[\"A - PORTADA2\",\"POLITICA\"],\"inLanguage\":\"es\"},{\"@type\":\"WebPage\",\"@id\":\"https:\\\/\\\/diariotextual.com\\\/inicio\\\/index.php\\\/2021\\\/12\\\/10\\\/ziliotto-y-un-balance-de-sus-dos-primeros-anos-tuvimos-que-tomar-decisiones-que-enojaron\\\/\",\"url\":\"https:\\\/\\\/diariotextual.com\\\/inicio\\\/index.php\\\/2021\\\/12\\\/10\\\/ziliotto-y-un-balance-de-sus-dos-primeros-anos-tuvimos-que-tomar-decisiones-que-enojaron\\\/\",\"name\":\"Ziliotto, la pandemia y sus dos primeros a\u00f1os: \u201cTuvimos que tomar decisiones que enojaron\u201d - Diario Textual\",\"isPartOf\":{\"@id\":\"https:\\\/\\\/diariotextual.com\\\/inicio\\\/#website\"},\"primaryImageOfPage\":{\"@id\":\"https:\\\/\\\/diariotextual.com\\\/inicio\\\/index.php\\\/2021\\\/12\\\/10\\\/ziliotto-y-un-balance-de-sus-dos-primeros-anos-tuvimos-que-tomar-decisiones-que-enojaron\\\/#primaryimage\"},\"image\":{\"@id\":\"https:\\\/\\\/diariotextual.com\\\/inicio\\\/index.php\\\/2021\\\/12\\\/10\\\/ziliotto-y-un-balance-de-sus-dos-primeros-anos-tuvimos-que-tomar-decisiones-que-enojaron\\\/#primaryimage\"},\"thumbnailUrl\":\"https:\\\/\\\/diariotextual.com\\\/inicio\\\/wp-content\\\/uploads\\\/2021\\\/12\\\/ziliottosergiorauschenbergerarieljura2021-6.jpg\",\"datePublished\":\"2021-12-10T20:35:38+00:00\",\"dateModified\":\"2021-12-11T13:07:53+00:00\",\"breadcrumb\":{\"@id\":\"https:\\\/\\\/diariotextual.com\\\/inicio\\\/index.php\\\/2021\\\/12\\\/10\\\/ziliotto-y-un-balance-de-sus-dos-primeros-anos-tuvimos-que-tomar-decisiones-que-enojaron\\\/#breadcrumb\"},\"inLanguage\":\"es\",\"potentialAction\":[{\"@type\":\"ReadAction\",\"target\":[\"https:\\\/\\\/diariotextual.com\\\/inicio\\\/index.php\\\/2021\\\/12\\\/10\\\/ziliotto-y-un-balance-de-sus-dos-primeros-anos-tuvimos-que-tomar-decisiones-que-enojaron\\\/\"]}]},{\"@type\":\"ImageObject\",\"inLanguage\":\"es\",\"@id\":\"https:\\\/\\\/diariotextual.com\\\/inicio\\\/index.php\\\/2021\\\/12\\\/10\\\/ziliotto-y-un-balance-de-sus-dos-primeros-anos-tuvimos-que-tomar-decisiones-que-enojaron\\\/#primaryimage\",\"url\":\"https:\\\/\\\/diariotextual.com\\\/inicio\\\/wp-content\\\/uploads\\\/2021\\\/12\\\/ziliottosergiorauschenbergerarieljura2021-6.jpg\",\"contentUrl\":\"https:\\\/\\\/diariotextual.com\\\/inicio\\\/wp-content\\\/uploads\\\/2021\\\/12\\\/ziliottosergiorauschenbergerarieljura2021-6.jpg\",\"width\":919,\"height\":569},{\"@type\":\"BreadcrumbList\",\"@id\":\"https:\\\/\\\/diariotextual.com\\\/inicio\\\/index.php\\\/2021\\\/12\\\/10\\\/ziliotto-y-un-balance-de-sus-dos-primeros-anos-tuvimos-que-tomar-decisiones-que-enojaron\\\/#breadcrumb\",\"itemListElement\":[{\"@type\":\"ListItem\",\"position\":1,\"name\":\"Portada\",\"item\":\"https:\\\/\\\/diariotextual.com\\\/inicio\\\/\"},{\"@type\":\"ListItem\",\"position\":2,\"name\":\"Ziliotto, la pandemia y sus dos primeros a\u00f1os: \u201cTuvimos que tomar decisiones que enojaron\u201d\"}]},{\"@type\":\"WebSite\",\"@id\":\"https:\\\/\\\/diariotextual.com\\\/inicio\\\/#website\",\"url\":\"https:\\\/\\\/diariotextual.com\\\/inicio\\\/\",\"name\":\"Diario Textual\",\"description\":\"\",\"publisher\":{\"@id\":\"https:\\\/\\\/diariotextual.com\\\/inicio\\\/#organization\"},\"potentialAction\":[{\"@type\":\"SearchAction\",\"target\":{\"@type\":\"EntryPoint\",\"urlTemplate\":\"https:\\\/\\\/diariotextual.com\\\/inicio\\\/?s={search_term_string}\"},\"query-input\":{\"@type\":\"PropertyValueSpecification\",\"valueRequired\":true,\"valueName\":\"search_term_string\"}}],\"inLanguage\":\"es\"},{\"@type\":\"Organization\",\"@id\":\"https:\\\/\\\/diariotextual.com\\\/inicio\\\/#organization\",\"name\":\"Diario Textual\",\"url\":\"https:\\\/\\\/diariotextual.com\\\/inicio\\\/\",\"logo\":{\"@type\":\"ImageObject\",\"inLanguage\":\"es\",\"@id\":\"https:\\\/\\\/diariotextual.com\\\/inicio\\\/#\\\/schema\\\/logo\\\/image\\\/\",\"url\":\"https:\\\/\\\/diariotextual.com\\\/inicio\\\/wp-content\\\/uploads\\\/2023\\\/05\\\/logotextual1.jpg\",\"contentUrl\":\"https:\\\/\\\/diariotextual.com\\\/inicio\\\/wp-content\\\/uploads\\\/2023\\\/05\\\/logotextual1.jpg\",\"width\":516,\"height\":76,\"caption\":\"Diario Textual\"},\"image\":{\"@id\":\"https:\\\/\\\/diariotextual.com\\\/inicio\\\/#\\\/schema\\\/logo\\\/image\\\/\"},\"sameAs\":[\"https:\\\/\\\/www.facebook.com\\\/eltextual\",\"https:\\\/\\\/x.com\\\/eltextual\",\"http:\\\/\\\/www.instagram.com\\\/eltextual\"]},{\"@type\":\"Person\",\"@id\":\"https:\\\/\\\/diariotextual.com\\\/inicio\\\/#\\\/schema\\\/person\\\/418fc4093c33e86ed41562db3508f958\",\"name\":\"Diario1 Diario1\",\"image\":{\"@type\":\"ImageObject\",\"inLanguage\":\"es\",\"@id\":\"https:\\\/\\\/secure.gravatar.com\\\/avatar\\\/9167d280179c85bc18be67aa7eda765854300033af4896dd779b608640f2ef7a?s=96&d=mm&r=g\",\"url\":\"https:\\\/\\\/secure.gravatar.com\\\/avatar\\\/9167d280179c85bc18be67aa7eda765854300033af4896dd779b608640f2ef7a?s=96&d=mm&r=g\",\"contentUrl\":\"https:\\\/\\\/secure.gravatar.com\\\/avatar\\\/9167d280179c85bc18be67aa7eda765854300033af4896dd779b608640f2ef7a?s=96&d=mm&r=g\",\"caption\":\"Diario1 Diario1\"},\"url\":\"https:\\\/\\\/diariotextual.com\\\/inicio\\\/index.php\\\/author\\\/diario1\\\/\"}]}<\/script>\n<!-- \/ Yoast SEO plugin. -->","yoast_head_json":{"title":"Ziliotto, la pandemia y sus dos primeros a\u00f1os: \u201cTuvimos que tomar decisiones que enojaron\u201d - Diario Textual","robots":{"index":"index","follow":"follow","max-snippet":"max-snippet:-1","max-image-preview":"max-image-preview:large","max-video-preview":"max-video-preview:-1"},"canonical":"https:\/\/diariotextual.com\/inicio\/index.php\/2021\/12\/10\/ziliotto-y-un-balance-de-sus-dos-primeros-anos-tuvimos-que-tomar-decisiones-que-enojaron\/","og_locale":"es_ES","og_type":"article","og_title":"Ziliotto, la pandemia y sus dos primeros a\u00f1os: \u201cTuvimos que tomar decisiones que enojaron\u201d - Diario Textual","og_description":"El gobernador Sergio Ziliotto dijo este viernes, al hacer un balance de sus dos primeros a\u00f1os de su gobierno, que tuvo que tomar decisiones que \u00abafectaron\u00bb y \u00abenojaron\u00bb para \u00abdefender&hellip;","og_url":"https:\/\/diariotextual.com\/inicio\/index.php\/2021\/12\/10\/ziliotto-y-un-balance-de-sus-dos-primeros-anos-tuvimos-que-tomar-decisiones-que-enojaron\/","og_site_name":"Diario Textual","article_publisher":"https:\/\/www.facebook.com\/eltextual","article_published_time":"2021-12-10T20:35:38+00:00","article_modified_time":"2021-12-11T13:07:53+00:00","og_image":[{"width":919,"height":569,"url":"https:\/\/diariotextual.com\/inicio\/wp-content\/uploads\/2021\/12\/ziliottosergiorauschenbergerarieljura2021-6.jpg","type":"image\/jpeg"}],"author":"Diario1 Diario1","twitter_card":"summary_large_image","twitter_creator":"@eltextual","twitter_site":"@eltextual","twitter_misc":{"Escrito por":"Diario1 Diario1","Tiempo de lectura":"2 minutos"},"schema":{"@context":"https:\/\/schema.org","@graph":[{"@type":"Article","@id":"https:\/\/diariotextual.com\/inicio\/index.php\/2021\/12\/10\/ziliotto-y-un-balance-de-sus-dos-primeros-anos-tuvimos-que-tomar-decisiones-que-enojaron\/#article","isPartOf":{"@id":"https:\/\/diariotextual.com\/inicio\/index.php\/2021\/12\/10\/ziliotto-y-un-balance-de-sus-dos-primeros-anos-tuvimos-que-tomar-decisiones-que-enojaron\/"},"author":{"name":"Diario1 Diario1","@id":"https:\/\/diariotextual.com\/inicio\/#\/schema\/person\/418fc4093c33e86ed41562db3508f958"},"headline":"Ziliotto, la pandemia y sus dos primeros a\u00f1os: \u201cTuvimos que tomar decisiones que enojaron\u201d","datePublished":"2021-12-10T20:35:38+00:00","dateModified":"2021-12-11T13:07:53+00:00","mainEntityOfPage":{"@id":"https:\/\/diariotextual.com\/inicio\/index.php\/2021\/12\/10\/ziliotto-y-un-balance-de-sus-dos-primeros-anos-tuvimos-que-tomar-decisiones-que-enojaron\/"},"wordCount":318,"publisher":{"@id":"https:\/\/diariotextual.com\/inicio\/#organization"},"image":{"@id":"https:\/\/diariotextual.com\/inicio\/index.php\/2021\/12\/10\/ziliotto-y-un-balance-de-sus-dos-primeros-anos-tuvimos-que-tomar-decisiones-que-enojaron\/#primaryimage"},"thumbnailUrl":"https:\/\/diariotextual.com\/inicio\/wp-content\/uploads\/2021\/12\/ziliottosergiorauschenbergerarieljura2021-6.jpg","keywords":["ziliotto"],"articleSection":["A - PORTADA2","POLITICA"],"inLanguage":"es"},{"@type":"WebPage","@id":"https:\/\/diariotextual.com\/inicio\/index.php\/2021\/12\/10\/ziliotto-y-un-balance-de-sus-dos-primeros-anos-tuvimos-que-tomar-decisiones-que-enojaron\/","url":"https:\/\/diariotextual.com\/inicio\/index.php\/2021\/12\/10\/ziliotto-y-un-balance-de-sus-dos-primeros-anos-tuvimos-que-tomar-decisiones-que-enojaron\/","name":"Ziliotto, la pandemia y sus dos primeros a\u00f1os: \u201cTuvimos que tomar decisiones que enojaron\u201d - Diario Textual","isPartOf":{"@id":"https:\/\/diariotextual.com\/inicio\/#website"},"primaryImageOfPage":{"@id":"https:\/\/diariotextual.com\/inicio\/index.php\/2021\/12\/10\/ziliotto-y-un-balance-de-sus-dos-primeros-anos-tuvimos-que-tomar-decisiones-que-enojaron\/#primaryimage"},"image":{"@id":"https:\/\/diariotextual.com\/inicio\/index.php\/2021\/12\/10\/ziliotto-y-un-balance-de-sus-dos-primeros-anos-tuvimos-que-tomar-decisiones-que-enojaron\/#primaryimage"},"thumbnailUrl":"https:\/\/diariotextual.com\/inicio\/wp-content\/uploads\/2021\/12\/ziliottosergiorauschenbergerarieljura2021-6.jpg","datePublished":"2021-12-10T20:35:38+00:00","dateModified":"2021-12-11T13:07:53+00:00","breadcrumb":{"@id":"https:\/\/diariotextual.com\/inicio\/index.php\/2021\/12\/10\/ziliotto-y-un-balance-de-sus-dos-primeros-anos-tuvimos-que-tomar-decisiones-que-enojaron\/#breadcrumb"},"inLanguage":"es","potentialAction":[{"@type":"ReadAction","target":["https:\/\/diariotextual.com\/inicio\/index.php\/2021\/12\/10\/ziliotto-y-un-balance-de-sus-dos-primeros-anos-tuvimos-que-tomar-decisiones-que-enojaron\/"]}]},{"@type":"ImageObject","inLanguage":"es","@id":"https:\/\/diariotextual.com\/inicio\/index.php\/2021\/12\/10\/ziliotto-y-un-balance-de-sus-dos-primeros-anos-tuvimos-que-tomar-decisiones-que-enojaron\/#primaryimage","url":"https:\/\/diariotextual.com\/inicio\/wp-content\/uploads\/2021\/12\/ziliottosergiorauschenbergerarieljura2021-6.jpg","contentUrl":"https:\/\/diariotextual.com\/inicio\/wp-content\/uploads\/2021\/12\/ziliottosergiorauschenbergerarieljura2021-6.jpg","width":919,"height":569},{"@type":"BreadcrumbList","@id":"https:\/\/diariotextual.com\/inicio\/index.php\/2021\/12\/10\/ziliotto-y-un-balance-de-sus-dos-primeros-anos-tuvimos-que-tomar-decisiones-que-enojaron\/#breadcrumb","itemListElement":[{"@type":"ListItem","position":1,"name":"Portada","item":"https:\/\/diariotextual.com\/inicio\/"},{"@type":"ListItem","position":2,"name":"Ziliotto, la pandemia y sus dos primeros a\u00f1os: \u201cTuvimos que tomar decisiones que enojaron\u201d"}]},{"@type":"WebSite","@id":"https:\/\/diariotextual.com\/inicio\/#website","url":"https:\/\/diariotextual.com\/inicio\/","name":"Diario Textual","description":"","publisher":{"@id":"https:\/\/diariotextual.com\/inicio\/#organization"},"potentialAction":[{"@type":"SearchAction","target":{"@type":"EntryPoint","urlTemplate":"https:\/\/diariotextual.com\/inicio\/?s={search_term_string}"},"query-input":{"@type":"PropertyValueSpecification","valueRequired":true,"valueName":"search_term_string"}}],"inLanguage":"es"},{"@type":"Organization","@id":"https:\/\/diariotextual.com\/inicio\/#organization","name":"Diario Textual","url":"https:\/\/diariotextual.com\/inicio\/","logo":{"@type":"ImageObject","inLanguage":"es","@id":"https:\/\/diariotextual.com\/inicio\/#\/schema\/logo\/image\/","url":"https:\/\/diariotextual.com\/inicio\/wp-content\/uploads\/2023\/05\/logotextual1.jpg","contentUrl":"https:\/\/diariotextual.com\/inicio\/wp-content\/uploads\/2023\/05\/logotextual1.jpg","width":516,"height":76,"caption":"Diario Textual"},"image":{"@id":"https:\/\/diariotextual.com\/inicio\/#\/schema\/logo\/image\/"},"sameAs":["https:\/\/www.facebook.com\/eltextual","https:\/\/x.com\/eltextual","http:\/\/www.instagram.com\/eltextual"]},{"@type":"Person","@id":"https:\/\/diariotextual.com\/inicio\/#\/schema\/person\/418fc4093c33e86ed41562db3508f958","name":"Diario1 Diario1","image":{"@type":"ImageObject","inLanguage":"es","@id":"https:\/\/secure.gravatar.com\/avatar\/9167d280179c85bc18be67aa7eda765854300033af4896dd779b608640f2ef7a?s=96&d=mm&r=g","url":"https:\/\/secure.gravatar.com\/avatar\/9167d280179c85bc18be67aa7eda765854300033af4896dd779b608640f2ef7a?s=96&d=mm&r=g","contentUrl":"https:\/\/secure.gravatar.com\/avatar\/9167d280179c85bc18be67aa7eda765854300033af4896dd779b608640f2ef7a?s=96&d=mm&r=g","caption":"Diario1 Diario1"},"url":"https:\/\/diariotextual.com\/inicio\/index.php\/author\/diario1\/"}]}},"_links":{"self":[{"href":"https:\/\/diariotextual.com\/inicio\/index.php\/wp-json\/wp\/v2\/posts\/172290","targetHints":{"allow":["GET"]}}],"collection":[{"href":"https:\/\/diariotextual.com\/inicio\/index.php\/wp-json\/wp\/v2\/posts"}],"about":[{"href":"https:\/\/diariotextual.com\/inicio\/index.php\/wp-json\/wp\/v2\/types\/post"}],"author":[{"embeddable":true,"href":"https:\/\/diariotextual.com\/inicio\/index.php\/wp-json\/wp\/v2\/users\/3"}],"replies":[{"embeddable":true,"href":"https:\/\/diariotextual.com\/inicio\/index.php\/wp-json\/wp\/v2\/comments?post=172290"}],"version-history":[{"count":8,"href":"https:\/\/diariotextual.com\/inicio\/index.php\/wp-json\/wp\/v2\/posts\/172290\/revisions"}],"predecessor-version":[{"id":172306,"href":"https:\/\/diariotextual.com\/inicio\/index.php\/wp-json\/wp\/v2\/posts\/172290\/revisions\/172306"}],"wp:featuredmedia":[{"embeddable":true,"href":"https:\/\/diariotextual.com\/inicio\/index.php\/wp-json\/wp\/v2\/media\/172315"}],"wp:attachment":[{"href":"https:\/\/diariotextual.com\/inicio\/index.php\/wp-json\/wp\/v2\/media?parent=172290"}],"wp:term":[{"taxonomy":"category","embeddable":true,"href":"https:\/\/diariotextual.com\/inicio\/index.php\/wp-json\/wp\/v2\/categories?post=172290"},{"taxonomy":"post_tag","embeddable":true,"href":"https:\/\/diariotextual.com\/inicio\/index.php\/wp-json\/wp\/v2\/tags?post=172290"}],"curies":[{"name":"wp","href":"https:\/\/api.w.org\/{rel}","templated":true}]}}