{"id":172559,"date":"2021-12-13T11:53:24","date_gmt":"2021-12-13T14:53:24","guid":{"rendered":"https:\/\/diariotextual.com\/inicio\/?p=172559"},"modified":"2021-12-13T14:16:59","modified_gmt":"2021-12-13T17:16:59","slug":"radiografia-del-campo-pampeano-mas-arrendamiento-menos-productores-chicos-y-mas-envejecimiento","status":"publish","type":"post","link":"https:\/\/diariotextual.com\/inicio\/index.php\/2021\/12\/13\/radiografia-del-campo-pampeano-mas-arrendamiento-menos-productores-chicos-y-mas-envejecimiento\/","title":{"rendered":"Radiograf\u00eda del campo pampeano: m\u00e1s arrendamiento, menos productores chicos, m\u00e1s mujeres y m\u00e1s envejecimiento"},"content":{"rendered":"\n<p>En la <strong>Facultad de Agronom\u00eda <\/strong>se public\u00f3 un libro que sintetiza una serie de encuentros y discusiones que se dieron en torno a los datos del \u00faltimo <strong>Censo Nacional Agropecuario (CNA-18)<\/strong>.<\/p>\n\n\n\n<p>Fue coordinado por <strong>Santiago Ferro Moreno, Roberto Mariano, Santiago Perez<\/strong> y<strong> Roc\u00edo Gonz\u00e1lez<\/strong>, docentes investigadores de la Facultad de Agronom\u00eda y del Consejo Nacional de Investigaciones Cient\u00edficas y T\u00e9cnicas (CONICET). Participaron del libro veintid\u00f3s autoras y autores, expertas\/os en diversas disciplinas del sector agroalimentario.<\/p>\n\n\n\n<p>El libro se divide en doce cap\u00edtulos que aportan sobre el an\u00e1lisis, la evoluci\u00f3n y las perspectivas futuras del sector agropecuario en Argentina en general y en La Pampa en particular. En cada uno de los cap\u00edtulos se presentan diversos enfoques desde diferentes perspectivas disciplinares, que aportan a la integralidad del trabajo y a plantear interrogantes que invitan a reflexionar sobre los futuros de uno de los sectores m\u00e1s importante del Pa\u00eds en general y en La Pampa en particular. Los cap\u00edtulos, que tienen una correspondencia con los ejes de los conversatorios, est\u00e1n organizados bajo dos premisas: de lo general a lo particular y del pasado hacia el futuro.<\/p>\n\n\n\n<p>Los primeros cap\u00edtulos abordan la evoluci\u00f3n de las principales variables entre censos. Se centran en todos los subsectores que componen el agro argentino y hacen \u00e9nfasis en una serie de evoluciones importantes.<\/p>\n\n\n\n<p>Entre los resultados expuestos, <strong>se destaca la baja en las explotaciones censadas, el aumento de la concentraci\u00f3n de la tierra, la baja proporcional de productores\/as de peque\u00f1a escala, la disminuci\u00f3n de personas que radican en el campo, el aumento de la figura del arrendamiento, los problemas con el recambio generacional y varias caracter\u00edsticas de la gesti\u00f3n t\u00e9cnica, administrativa y comercial de las explotaciones.<\/strong><\/p>\n\n\n\n<p>En los cap\u00edtulos siguientes se hace foco en varios subsectores de agro, centrando el an\u00e1lisis en agricultura, ganader\u00eda en general, ganader\u00eda porcina en particular, forestal y los bosques\/montes naturales. Cada cap\u00edtulo realiza una radiograf\u00eda precisa de las principales evoluciones y contextualiza a La Pampa en el concierto nacional. Se generan interrogantes y aportes que son necesarios de capitalizar y canalizar hacia nuevas investigaciones, pol\u00edticas p\u00fablicas y estrategias privadas.<\/p>\n\n\n\n<p>El tercer conjunto de cap\u00edtulos aborda las caracter\u00edsticas de gesti\u00f3n administrativa, t\u00e9cnica y comercial de las explotaciones agropecuarias argentinas y pampeanas. A partir de estas interpretaciones, y los aportes transversales que realizan cada uno de los cap\u00edtulos, se proponen una serie de reflexiones futuras, en base a tendencias mundiales y sectoriales, y a apreciaciones cualitativas sobre los principales rasgos del sector, la alimentaci\u00f3n y la tecnolog\u00eda. Se hace foco en los desaf\u00edos que presentan estas tendencias en instituciones como la Universidad y las Facultades de Agronom\u00eda en particular.<\/p>\n\n\n\n<p>Cada cap\u00edtulo aporta un grano de arena interpretativo que desnuda y pone en evidencia nuevas reflexiones, que deben ser transformadas, necesariamente, en acciones colectivas, p\u00fablicas y privadas, que pongan en valor la sostenibilidad de largo plazo del agro argentino.<\/p>\n\n\n\n<p><strong>Desde el a\u00f1o 2002, el sector agropecuario argentino (y el pampeano) se ha concentrado, principalmente, en personas jur\u00eddicas.<\/strong><\/p>\n\n\n\n<p>Las explotaciones con m\u00e1s de 200 hect\u00e1reas han aumentado su participaci\u00f3n, principalmente en los estratos m\u00e1s altos. <strong>Las explotaciones siguen estando en manos de productores\/as como personas f\u00edsicas, aunque ha aumentado considerablemente la participaci\u00f3n de las personer\u00edas jur\u00eddicas.<\/strong><\/p>\n\n\n\n<p>En ese marco,<strong> las mujeres han ganado proporci\u00f3n entre censos, representando el 21% de los\/as productores\/as en 2018<\/strong>. El 16% de las\/os productoras\/es tiene menos de 39 a\u00f1os, y se sigue incrementando los mayores de 65 a\u00f1os (29%). <\/p>\n\n\n\n<p>El 58% tiene estudios hasta primaria completa, y solo el 9% tiene estudios universitarios completos e incompletos. Solo el 34% se asesora profesional o t\u00e9cnicamente.<\/p>\n\n\n\n<p><strong>El arrendamiento de establecimientos es un mecanismo de producci\u00f3n en franca expansi\u00f3n.<\/strong> En tanto, uno de cada 4 residentes que viv\u00edan en el campo en 2002 ya no est\u00e1, y tambi\u00e9n se han perdido puestos de trabajo formales por EAP: de 2,3 ocupados\/EAP en 2002 a 1,7 en 2018. Uno de cada 5 EAPs contrata alg\u00fan tipo de seguro y el 10.8% agrega valor en origen. El 34% de la superficie aplica alg\u00fan tipo de agroqu\u00edmico y solo el 14% gestiona los envases vac\u00edos.\u00a0<\/p>\n\n\n\n<p>En La Pampa, los indicadores son muy parecidos a los nacionales.<strong> La concentraci\u00f3n, el envejecimiento de las\/os productoras\/es, el nivel de asesoramiento y la participaci\u00f3n de la mujer, siguen las mismas tendencias. <\/strong>La provincia se destaca por su perfil ganadero, con fuerte participaci\u00f3n de hombre en la producci\u00f3n y en los puestos de trabajo, con menos puestos ocupados por EAP (1,3). El aumento de herramientas t\u00e9cnico-administrativas estuvo por encima del nivel nacional, el 51% realiza c\u00e1lculos econ\u00f3micos y usa internet y computadoras. Por otro lado, en otros apartados tiene comportamientos por debajo del promedio nacional: s\u00f3lo el 7,6% se asegura de alguna manera, el 1,8% de las EAPs agrega valor en origen, el 6,4% de las EAPs gestiona los envases vac\u00edos de agroqu\u00edmicos y menos del 7% realiza estudios del suelo.<\/p>\n\n\n\n<p>Las tendencias del sector permiten empezar a construir escenarios posibles de mediano y largo plazo. Cada futuro posible trae consigo desaf\u00edos y oportunidades para el sector y las instituciones relacionadas. <\/p>\n\n\n\n<p>n este marco, la UNLPam debe anticiparse a las grandes tendencias internacionales, nacionales y provinciales.<\/p>\n\n\n\n<div style=\"height:100px\" aria-hidden=\"true\" class=\"wp-block-spacer\"><\/div>\n\n\n\n<p><strong><em>Para seguir analizando e indagando, invitamos a la lectura del libro (solicitar gratuitamente por correo a\u00a0<a href=\"mailto:esa@agro.unlpam.edu.ar\">esa@agro.unlpam.edu.ar<\/a>) y ver las conversaciones, disponibles en el canal de Youtube de la Facultad de Agronom\u00eda (<a href=\"https:\/\/www.youtube.com\/channel\/UCydL2-CSmlaqR1fswrZyW9g\" target=\"_blank\" rel=\"noreferrer noopener\">https:\/\/www.youtube.com\/channel\/UCydL2-CSmlaqR1fswrZyW9g<\/a>)<\/em><\/strong><\/p>\n","protected":false},"excerpt":{"rendered":"<p>En la Facultad de Agronom\u00eda se public\u00f3 un libro que sintetiza una serie de encuentros y discusiones que se dieron en torno a los datos del \u00faltimo Censo Nacional Agropecuario&hellip;<\/p>\n","protected":false},"author":3,"featured_media":70163,"comment_status":"closed","ping_status":"open","sticky":false,"template":"","format":"standard","meta":{"_acf_changed":false,"footnotes":""},"categories":[10,20],"tags":[127],"class_list":["post-172559","post","type-post","status-publish","format-standard","has-post-thumbnail","hentry","category-portada-2","category-campo","tag-campo"],"acf":[],"yoast_head":"<!-- This site is optimized with the Yoast SEO plugin v27.5 - https:\/\/yoast.com\/product\/yoast-seo-wordpress\/ -->\n<title>Radiograf\u00eda del campo pampeano: m\u00e1s arrendamiento, menos productores chicos, m\u00e1s mujeres y m\u00e1s envejecimiento - Diario Textual<\/title>\n<meta name=\"robots\" content=\"index, follow, max-snippet:-1, max-image-preview:large, max-video-preview:-1\" \/>\n<link rel=\"canonical\" href=\"https:\/\/diariotextual.com\/inicio\/index.php\/2021\/12\/13\/radiografia-del-campo-pampeano-mas-arrendamiento-menos-productores-chicos-y-mas-envejecimiento\/\" \/>\n<meta property=\"og:locale\" content=\"es_ES\" \/>\n<meta property=\"og:type\" content=\"article\" \/>\n<meta property=\"og:title\" content=\"Radiograf\u00eda del campo pampeano: m\u00e1s arrendamiento, menos productores chicos, m\u00e1s mujeres y m\u00e1s envejecimiento - Diario Textual\" \/>\n<meta property=\"og:description\" content=\"En la Facultad de Agronom\u00eda se public\u00f3 un libro que sintetiza una serie de encuentros y discusiones que se dieron en torno a los datos del \u00faltimo Censo Nacional Agropecuario&hellip;\" \/>\n<meta property=\"og:url\" content=\"https:\/\/diariotextual.com\/inicio\/index.php\/2021\/12\/13\/radiografia-del-campo-pampeano-mas-arrendamiento-menos-productores-chicos-y-mas-envejecimiento\/\" \/>\n<meta property=\"og:site_name\" content=\"Diario Textual\" \/>\n<meta property=\"article:publisher\" content=\"https:\/\/www.facebook.com\/eltextual\" \/>\n<meta property=\"article:published_time\" content=\"2021-12-13T14:53:24+00:00\" \/>\n<meta property=\"article:modified_time\" content=\"2021-12-13T17:16:59+00:00\" \/>\n<meta property=\"og:image\" content=\"https:\/\/diariotextual.com\/inicio\/wp-content\/uploads\/2019\/11\/gauchocampo23.jpg\" \/>\n\t<meta property=\"og:image:width\" content=\"855\" \/>\n\t<meta property=\"og:image:height\" content=\"586\" \/>\n\t<meta property=\"og:image:type\" content=\"image\/jpeg\" \/>\n<meta name=\"author\" content=\"Diario1 Diario1\" \/>\n<meta name=\"twitter:card\" content=\"summary_large_image\" \/>\n<meta name=\"twitter:creator\" content=\"@eltextual\" \/>\n<meta name=\"twitter:site\" content=\"@eltextual\" \/>\n<meta name=\"twitter:label1\" content=\"Escrito por\" \/>\n\t<meta name=\"twitter:data1\" content=\"Diario1 Diario1\" \/>\n\t<meta name=\"twitter:label2\" content=\"Tiempo de lectura\" \/>\n\t<meta name=\"twitter:data2\" content=\"4 minutos\" \/>\n<script type=\"application\/ld+json\" class=\"yoast-schema-graph\">{\"@context\":\"https:\\\/\\\/schema.org\",\"@graph\":[{\"@type\":\"Article\",\"@id\":\"https:\\\/\\\/diariotextual.com\\\/inicio\\\/index.php\\\/2021\\\/12\\\/13\\\/radiografia-del-campo-pampeano-mas-arrendamiento-menos-productores-chicos-y-mas-envejecimiento\\\/#article\",\"isPartOf\":{\"@id\":\"https:\\\/\\\/diariotextual.com\\\/inicio\\\/index.php\\\/2021\\\/12\\\/13\\\/radiografia-del-campo-pampeano-mas-arrendamiento-menos-productores-chicos-y-mas-envejecimiento\\\/\"},\"author\":{\"name\":\"Diario1 Diario1\",\"@id\":\"https:\\\/\\\/diariotextual.com\\\/inicio\\\/#\\\/schema\\\/person\\\/418fc4093c33e86ed41562db3508f958\"},\"headline\":\"Radiograf\u00eda del campo pampeano: m\u00e1s arrendamiento, menos productores chicos, m\u00e1s mujeres y m\u00e1s envejecimiento\",\"datePublished\":\"2021-12-13T14:53:24+00:00\",\"dateModified\":\"2021-12-13T17:16:59+00:00\",\"mainEntityOfPage\":{\"@id\":\"https:\\\/\\\/diariotextual.com\\\/inicio\\\/index.php\\\/2021\\\/12\\\/13\\\/radiografia-del-campo-pampeano-mas-arrendamiento-menos-productores-chicos-y-mas-envejecimiento\\\/\"},\"wordCount\":976,\"publisher\":{\"@id\":\"https:\\\/\\\/diariotextual.com\\\/inicio\\\/#organization\"},\"image\":{\"@id\":\"https:\\\/\\\/diariotextual.com\\\/inicio\\\/index.php\\\/2021\\\/12\\\/13\\\/radiografia-del-campo-pampeano-mas-arrendamiento-menos-productores-chicos-y-mas-envejecimiento\\\/#primaryimage\"},\"thumbnailUrl\":\"https:\\\/\\\/diariotextual.com\\\/inicio\\\/wp-content\\\/uploads\\\/2019\\\/11\\\/gauchocampo23.jpg\",\"keywords\":[\"campo\"],\"articleSection\":[\"A - PORTADA2\",\"CAMPO\"],\"inLanguage\":\"es\"},{\"@type\":\"WebPage\",\"@id\":\"https:\\\/\\\/diariotextual.com\\\/inicio\\\/index.php\\\/2021\\\/12\\\/13\\\/radiografia-del-campo-pampeano-mas-arrendamiento-menos-productores-chicos-y-mas-envejecimiento\\\/\",\"url\":\"https:\\\/\\\/diariotextual.com\\\/inicio\\\/index.php\\\/2021\\\/12\\\/13\\\/radiografia-del-campo-pampeano-mas-arrendamiento-menos-productores-chicos-y-mas-envejecimiento\\\/\",\"name\":\"Radiograf\u00eda del campo pampeano: m\u00e1s arrendamiento, menos productores chicos, m\u00e1s mujeres y m\u00e1s envejecimiento - Diario Textual\",\"isPartOf\":{\"@id\":\"https:\\\/\\\/diariotextual.com\\\/inicio\\\/#website\"},\"primaryImageOfPage\":{\"@id\":\"https:\\\/\\\/diariotextual.com\\\/inicio\\\/index.php\\\/2021\\\/12\\\/13\\\/radiografia-del-campo-pampeano-mas-arrendamiento-menos-productores-chicos-y-mas-envejecimiento\\\/#primaryimage\"},\"image\":{\"@id\":\"https:\\\/\\\/diariotextual.com\\\/inicio\\\/index.php\\\/2021\\\/12\\\/13\\\/radiografia-del-campo-pampeano-mas-arrendamiento-menos-productores-chicos-y-mas-envejecimiento\\\/#primaryimage\"},\"thumbnailUrl\":\"https:\\\/\\\/diariotextual.com\\\/inicio\\\/wp-content\\\/uploads\\\/2019\\\/11\\\/gauchocampo23.jpg\",\"datePublished\":\"2021-12-13T14:53:24+00:00\",\"dateModified\":\"2021-12-13T17:16:59+00:00\",\"breadcrumb\":{\"@id\":\"https:\\\/\\\/diariotextual.com\\\/inicio\\\/index.php\\\/2021\\\/12\\\/13\\\/radiografia-del-campo-pampeano-mas-arrendamiento-menos-productores-chicos-y-mas-envejecimiento\\\/#breadcrumb\"},\"inLanguage\":\"es\",\"potentialAction\":[{\"@type\":\"ReadAction\",\"target\":[\"https:\\\/\\\/diariotextual.com\\\/inicio\\\/index.php\\\/2021\\\/12\\\/13\\\/radiografia-del-campo-pampeano-mas-arrendamiento-menos-productores-chicos-y-mas-envejecimiento\\\/\"]}]},{\"@type\":\"ImageObject\",\"inLanguage\":\"es\",\"@id\":\"https:\\\/\\\/diariotextual.com\\\/inicio\\\/index.php\\\/2021\\\/12\\\/13\\\/radiografia-del-campo-pampeano-mas-arrendamiento-menos-productores-chicos-y-mas-envejecimiento\\\/#primaryimage\",\"url\":\"https:\\\/\\\/diariotextual.com\\\/inicio\\\/wp-content\\\/uploads\\\/2019\\\/11\\\/gauchocampo23.jpg\",\"contentUrl\":\"https:\\\/\\\/diariotextual.com\\\/inicio\\\/wp-content\\\/uploads\\\/2019\\\/11\\\/gauchocampo23.jpg\",\"width\":855,\"height\":586},{\"@type\":\"BreadcrumbList\",\"@id\":\"https:\\\/\\\/diariotextual.com\\\/inicio\\\/index.php\\\/2021\\\/12\\\/13\\\/radiografia-del-campo-pampeano-mas-arrendamiento-menos-productores-chicos-y-mas-envejecimiento\\\/#breadcrumb\",\"itemListElement\":[{\"@type\":\"ListItem\",\"position\":1,\"name\":\"Portada\",\"item\":\"https:\\\/\\\/diariotextual.com\\\/inicio\\\/\"},{\"@type\":\"ListItem\",\"position\":2,\"name\":\"Radiograf\u00eda del campo pampeano: m\u00e1s arrendamiento, menos productores chicos, m\u00e1s mujeres y m\u00e1s envejecimiento\"}]},{\"@type\":\"WebSite\",\"@id\":\"https:\\\/\\\/diariotextual.com\\\/inicio\\\/#website\",\"url\":\"https:\\\/\\\/diariotextual.com\\\/inicio\\\/\",\"name\":\"Diario Textual\",\"description\":\"\",\"publisher\":{\"@id\":\"https:\\\/\\\/diariotextual.com\\\/inicio\\\/#organization\"},\"potentialAction\":[{\"@type\":\"SearchAction\",\"target\":{\"@type\":\"EntryPoint\",\"urlTemplate\":\"https:\\\/\\\/diariotextual.com\\\/inicio\\\/?s={search_term_string}\"},\"query-input\":{\"@type\":\"PropertyValueSpecification\",\"valueRequired\":true,\"valueName\":\"search_term_string\"}}],\"inLanguage\":\"es\"},{\"@type\":\"Organization\",\"@id\":\"https:\\\/\\\/diariotextual.com\\\/inicio\\\/#organization\",\"name\":\"Diario Textual\",\"url\":\"https:\\\/\\\/diariotextual.com\\\/inicio\\\/\",\"logo\":{\"@type\":\"ImageObject\",\"inLanguage\":\"es\",\"@id\":\"https:\\\/\\\/diariotextual.com\\\/inicio\\\/#\\\/schema\\\/logo\\\/image\\\/\",\"url\":\"https:\\\/\\\/diariotextual.com\\\/inicio\\\/wp-content\\\/uploads\\\/2023\\\/05\\\/logotextual1.jpg\",\"contentUrl\":\"https:\\\/\\\/diariotextual.com\\\/inicio\\\/wp-content\\\/uploads\\\/2023\\\/05\\\/logotextual1.jpg\",\"width\":516,\"height\":76,\"caption\":\"Diario Textual\"},\"image\":{\"@id\":\"https:\\\/\\\/diariotextual.com\\\/inicio\\\/#\\\/schema\\\/logo\\\/image\\\/\"},\"sameAs\":[\"https:\\\/\\\/www.facebook.com\\\/eltextual\",\"https:\\\/\\\/x.com\\\/eltextual\",\"http:\\\/\\\/www.instagram.com\\\/eltextual\"]},{\"@type\":\"Person\",\"@id\":\"https:\\\/\\\/diariotextual.com\\\/inicio\\\/#\\\/schema\\\/person\\\/418fc4093c33e86ed41562db3508f958\",\"name\":\"Diario1 Diario1\",\"image\":{\"@type\":\"ImageObject\",\"inLanguage\":\"es\",\"@id\":\"https:\\\/\\\/secure.gravatar.com\\\/avatar\\\/9167d280179c85bc18be67aa7eda765854300033af4896dd779b608640f2ef7a?s=96&d=mm&r=g\",\"url\":\"https:\\\/\\\/secure.gravatar.com\\\/avatar\\\/9167d280179c85bc18be67aa7eda765854300033af4896dd779b608640f2ef7a?s=96&d=mm&r=g\",\"contentUrl\":\"https:\\\/\\\/secure.gravatar.com\\\/avatar\\\/9167d280179c85bc18be67aa7eda765854300033af4896dd779b608640f2ef7a?s=96&d=mm&r=g\",\"caption\":\"Diario1 Diario1\"},\"url\":\"https:\\\/\\\/diariotextual.com\\\/inicio\\\/index.php\\\/author\\\/diario1\\\/\"}]}<\/script>\n<!-- \/ Yoast SEO plugin. -->","yoast_head_json":{"title":"Radiograf\u00eda del campo pampeano: m\u00e1s arrendamiento, menos productores chicos, m\u00e1s mujeres y m\u00e1s envejecimiento - Diario Textual","robots":{"index":"index","follow":"follow","max-snippet":"max-snippet:-1","max-image-preview":"max-image-preview:large","max-video-preview":"max-video-preview:-1"},"canonical":"https:\/\/diariotextual.com\/inicio\/index.php\/2021\/12\/13\/radiografia-del-campo-pampeano-mas-arrendamiento-menos-productores-chicos-y-mas-envejecimiento\/","og_locale":"es_ES","og_type":"article","og_title":"Radiograf\u00eda del campo pampeano: m\u00e1s arrendamiento, menos productores chicos, m\u00e1s mujeres y m\u00e1s envejecimiento - Diario Textual","og_description":"En la Facultad de Agronom\u00eda se public\u00f3 un libro que sintetiza una serie de encuentros y discusiones que se dieron en torno a los datos del \u00faltimo Censo Nacional Agropecuario&hellip;","og_url":"https:\/\/diariotextual.com\/inicio\/index.php\/2021\/12\/13\/radiografia-del-campo-pampeano-mas-arrendamiento-menos-productores-chicos-y-mas-envejecimiento\/","og_site_name":"Diario Textual","article_publisher":"https:\/\/www.facebook.com\/eltextual","article_published_time":"2021-12-13T14:53:24+00:00","article_modified_time":"2021-12-13T17:16:59+00:00","og_image":[{"width":855,"height":586,"url":"https:\/\/diariotextual.com\/inicio\/wp-content\/uploads\/2019\/11\/gauchocampo23.jpg","type":"image\/jpeg"}],"author":"Diario1 Diario1","twitter_card":"summary_large_image","twitter_creator":"@eltextual","twitter_site":"@eltextual","twitter_misc":{"Escrito por":"Diario1 Diario1","Tiempo de lectura":"4 minutos"},"schema":{"@context":"https:\/\/schema.org","@graph":[{"@type":"Article","@id":"https:\/\/diariotextual.com\/inicio\/index.php\/2021\/12\/13\/radiografia-del-campo-pampeano-mas-arrendamiento-menos-productores-chicos-y-mas-envejecimiento\/#article","isPartOf":{"@id":"https:\/\/diariotextual.com\/inicio\/index.php\/2021\/12\/13\/radiografia-del-campo-pampeano-mas-arrendamiento-menos-productores-chicos-y-mas-envejecimiento\/"},"author":{"name":"Diario1 Diario1","@id":"https:\/\/diariotextual.com\/inicio\/#\/schema\/person\/418fc4093c33e86ed41562db3508f958"},"headline":"Radiograf\u00eda del campo pampeano: m\u00e1s arrendamiento, menos productores chicos, m\u00e1s mujeres y m\u00e1s envejecimiento","datePublished":"2021-12-13T14:53:24+00:00","dateModified":"2021-12-13T17:16:59+00:00","mainEntityOfPage":{"@id":"https:\/\/diariotextual.com\/inicio\/index.php\/2021\/12\/13\/radiografia-del-campo-pampeano-mas-arrendamiento-menos-productores-chicos-y-mas-envejecimiento\/"},"wordCount":976,"publisher":{"@id":"https:\/\/diariotextual.com\/inicio\/#organization"},"image":{"@id":"https:\/\/diariotextual.com\/inicio\/index.php\/2021\/12\/13\/radiografia-del-campo-pampeano-mas-arrendamiento-menos-productores-chicos-y-mas-envejecimiento\/#primaryimage"},"thumbnailUrl":"https:\/\/diariotextual.com\/inicio\/wp-content\/uploads\/2019\/11\/gauchocampo23.jpg","keywords":["campo"],"articleSection":["A - PORTADA2","CAMPO"],"inLanguage":"es"},{"@type":"WebPage","@id":"https:\/\/diariotextual.com\/inicio\/index.php\/2021\/12\/13\/radiografia-del-campo-pampeano-mas-arrendamiento-menos-productores-chicos-y-mas-envejecimiento\/","url":"https:\/\/diariotextual.com\/inicio\/index.php\/2021\/12\/13\/radiografia-del-campo-pampeano-mas-arrendamiento-menos-productores-chicos-y-mas-envejecimiento\/","name":"Radiograf\u00eda del campo pampeano: m\u00e1s arrendamiento, menos productores chicos, m\u00e1s mujeres y m\u00e1s envejecimiento - Diario Textual","isPartOf":{"@id":"https:\/\/diariotextual.com\/inicio\/#website"},"primaryImageOfPage":{"@id":"https:\/\/diariotextual.com\/inicio\/index.php\/2021\/12\/13\/radiografia-del-campo-pampeano-mas-arrendamiento-menos-productores-chicos-y-mas-envejecimiento\/#primaryimage"},"image":{"@id":"https:\/\/diariotextual.com\/inicio\/index.php\/2021\/12\/13\/radiografia-del-campo-pampeano-mas-arrendamiento-menos-productores-chicos-y-mas-envejecimiento\/#primaryimage"},"thumbnailUrl":"https:\/\/diariotextual.com\/inicio\/wp-content\/uploads\/2019\/11\/gauchocampo23.jpg","datePublished":"2021-12-13T14:53:24+00:00","dateModified":"2021-12-13T17:16:59+00:00","breadcrumb":{"@id":"https:\/\/diariotextual.com\/inicio\/index.php\/2021\/12\/13\/radiografia-del-campo-pampeano-mas-arrendamiento-menos-productores-chicos-y-mas-envejecimiento\/#breadcrumb"},"inLanguage":"es","potentialAction":[{"@type":"ReadAction","target":["https:\/\/diariotextual.com\/inicio\/index.php\/2021\/12\/13\/radiografia-del-campo-pampeano-mas-arrendamiento-menos-productores-chicos-y-mas-envejecimiento\/"]}]},{"@type":"ImageObject","inLanguage":"es","@id":"https:\/\/diariotextual.com\/inicio\/index.php\/2021\/12\/13\/radiografia-del-campo-pampeano-mas-arrendamiento-menos-productores-chicos-y-mas-envejecimiento\/#primaryimage","url":"https:\/\/diariotextual.com\/inicio\/wp-content\/uploads\/2019\/11\/gauchocampo23.jpg","contentUrl":"https:\/\/diariotextual.com\/inicio\/wp-content\/uploads\/2019\/11\/gauchocampo23.jpg","width":855,"height":586},{"@type":"BreadcrumbList","@id":"https:\/\/diariotextual.com\/inicio\/index.php\/2021\/12\/13\/radiografia-del-campo-pampeano-mas-arrendamiento-menos-productores-chicos-y-mas-envejecimiento\/#breadcrumb","itemListElement":[{"@type":"ListItem","position":1,"name":"Portada","item":"https:\/\/diariotextual.com\/inicio\/"},{"@type":"ListItem","position":2,"name":"Radiograf\u00eda del campo pampeano: m\u00e1s arrendamiento, menos productores chicos, m\u00e1s mujeres y m\u00e1s envejecimiento"}]},{"@type":"WebSite","@id":"https:\/\/diariotextual.com\/inicio\/#website","url":"https:\/\/diariotextual.com\/inicio\/","name":"Diario Textual","description":"","publisher":{"@id":"https:\/\/diariotextual.com\/inicio\/#organization"},"potentialAction":[{"@type":"SearchAction","target":{"@type":"EntryPoint","urlTemplate":"https:\/\/diariotextual.com\/inicio\/?s={search_term_string}"},"query-input":{"@type":"PropertyValueSpecification","valueRequired":true,"valueName":"search_term_string"}}],"inLanguage":"es"},{"@type":"Organization","@id":"https:\/\/diariotextual.com\/inicio\/#organization","name":"Diario Textual","url":"https:\/\/diariotextual.com\/inicio\/","logo":{"@type":"ImageObject","inLanguage":"es","@id":"https:\/\/diariotextual.com\/inicio\/#\/schema\/logo\/image\/","url":"https:\/\/diariotextual.com\/inicio\/wp-content\/uploads\/2023\/05\/logotextual1.jpg","contentUrl":"https:\/\/diariotextual.com\/inicio\/wp-content\/uploads\/2023\/05\/logotextual1.jpg","width":516,"height":76,"caption":"Diario Textual"},"image":{"@id":"https:\/\/diariotextual.com\/inicio\/#\/schema\/logo\/image\/"},"sameAs":["https:\/\/www.facebook.com\/eltextual","https:\/\/x.com\/eltextual","http:\/\/www.instagram.com\/eltextual"]},{"@type":"Person","@id":"https:\/\/diariotextual.com\/inicio\/#\/schema\/person\/418fc4093c33e86ed41562db3508f958","name":"Diario1 Diario1","image":{"@type":"ImageObject","inLanguage":"es","@id":"https:\/\/secure.gravatar.com\/avatar\/9167d280179c85bc18be67aa7eda765854300033af4896dd779b608640f2ef7a?s=96&d=mm&r=g","url":"https:\/\/secure.gravatar.com\/avatar\/9167d280179c85bc18be67aa7eda765854300033af4896dd779b608640f2ef7a?s=96&d=mm&r=g","contentUrl":"https:\/\/secure.gravatar.com\/avatar\/9167d280179c85bc18be67aa7eda765854300033af4896dd779b608640f2ef7a?s=96&d=mm&r=g","caption":"Diario1 Diario1"},"url":"https:\/\/diariotextual.com\/inicio\/index.php\/author\/diario1\/"}]}},"_links":{"self":[{"href":"https:\/\/diariotextual.com\/inicio\/index.php\/wp-json\/wp\/v2\/posts\/172559","targetHints":{"allow":["GET"]}}],"collection":[{"href":"https:\/\/diariotextual.com\/inicio\/index.php\/wp-json\/wp\/v2\/posts"}],"about":[{"href":"https:\/\/diariotextual.com\/inicio\/index.php\/wp-json\/wp\/v2\/types\/post"}],"author":[{"embeddable":true,"href":"https:\/\/diariotextual.com\/inicio\/index.php\/wp-json\/wp\/v2\/users\/3"}],"replies":[{"embeddable":true,"href":"https:\/\/diariotextual.com\/inicio\/index.php\/wp-json\/wp\/v2\/comments?post=172559"}],"version-history":[{"count":2,"href":"https:\/\/diariotextual.com\/inicio\/index.php\/wp-json\/wp\/v2\/posts\/172559\/revisions"}],"predecessor-version":[{"id":172562,"href":"https:\/\/diariotextual.com\/inicio\/index.php\/wp-json\/wp\/v2\/posts\/172559\/revisions\/172562"}],"wp:featuredmedia":[{"embeddable":true,"href":"https:\/\/diariotextual.com\/inicio\/index.php\/wp-json\/wp\/v2\/media\/70163"}],"wp:attachment":[{"href":"https:\/\/diariotextual.com\/inicio\/index.php\/wp-json\/wp\/v2\/media?parent=172559"}],"wp:term":[{"taxonomy":"category","embeddable":true,"href":"https:\/\/diariotextual.com\/inicio\/index.php\/wp-json\/wp\/v2\/categories?post=172559"},{"taxonomy":"post_tag","embeddable":true,"href":"https:\/\/diariotextual.com\/inicio\/index.php\/wp-json\/wp\/v2\/tags?post=172559"}],"curies":[{"name":"wp","href":"https:\/\/api.w.org\/{rel}","templated":true}]}}