{"id":172663,"date":"2021-12-13T18:43:57","date_gmt":"2021-12-13T21:43:57","guid":{"rendered":"https:\/\/diariotextual.com\/inicio\/?p=172663"},"modified":"2021-12-14T08:34:04","modified_gmt":"2021-12-14T11:34:04","slug":"massa-confirmo-que-la-terminal-de-santa-rosa-y-el-acueducto-del-norte-estan-en-el-presupuesto-2022","status":"publish","type":"post","link":"https:\/\/diariotextual.com\/inicio\/index.php\/2021\/12\/13\/massa-confirmo-que-la-terminal-de-santa-rosa-y-el-acueducto-del-norte-estan-en-el-presupuesto-2022\/","title":{"rendered":"Massa confirm\u00f3 que la terminal de Santa Rosa y el Acueducto del Norte est\u00e1n en el Presupuesto 2022"},"content":{"rendered":"\n<p>El presidente de la C\u00e1mara de Diputados de la Naci\u00f3n,<strong> Sergio Massa<\/strong>, le confirm\u00f3 este lunes al gobernador <strong>Sergio Ziliotto <\/strong>la incorporaci\u00f3n de cuatro obras de magnitud para La Pampa en el dictamen del Presupuesto Nacional 2022 durante su tratamiento parlamentario: <strong>la nueva terminal de \u00f3mnibus de Santa Rosa, el Acueducto del R\u00edo Colorado Norte, la repavimentaci\u00f3n de la ruta 35 entre Winifreda y Castex y la creaci\u00f3n de la llamada Traves\u00eda Urbana de Santa Isabel.<\/strong><\/p>\n\n\n\n<p>Asimismo, quedaron determinados los montos a invertir en cada una, como as\u00ed tambi\u00e9n su distribuci\u00f3n entre el ejercicio 2022 y los siguientes, seg\u00fan la duraci\u00f3n de cada obra.<\/p>\n\n\n\n<p>El acueducto a General Pico contar\u00e1 con $ 11.997 millones, la Terminal de \u00d3mnibus con $ 2.207 millones, la Ruta 35 con $ 50 millones y la Traves\u00eda Urbana de Santa Isabel con $ 350 millones.<br><\/p>\n\n\n\n<p>La necesidad de garantizar el financiamiento de estas obras fue abordada por Massa y Ziliotto en noviembre pasado y se sumar\u00e1n a las que ya contiene el proyecto enviado por el Poder Ejecutivo en el mes de septiembre. Estas que se incluyen en el \u00e1mbito del Congreso fueron acordadas con el Gobierno Nacional con posterioridad a esa fecha.<\/p>\n\n\n\n<p><\/p>\n","protected":false},"excerpt":{"rendered":"<p>El presidente de la C\u00e1mara de Diputados de la Naci\u00f3n, Sergio Massa, le confirm\u00f3 este lunes al gobernador Sergio Ziliotto la incorporaci\u00f3n de cuatro obras de magnitud para La Pampa&hellip;<\/p>\n","protected":false},"author":3,"featured_media":169468,"comment_status":"closed","ping_status":"open","sticky":false,"template":"","format":"standard","meta":{"_acf_changed":false,"footnotes":""},"categories":[8,5928],"tags":[424],"class_list":["post-172663","post","type-post","status-publish","format-standard","has-post-thumbnail","hentry","category-politica","category-posicion-4","tag-ziliotto"],"acf":[],"yoast_head":"<!-- This site is optimized with the Yoast SEO plugin v27.5 - https:\/\/yoast.com\/product\/yoast-seo-wordpress\/ -->\n<title>Massa confirm\u00f3 que la terminal de Santa Rosa y el Acueducto del Norte est\u00e1n en el Presupuesto 2022 - Diario Textual<\/title>\n<meta name=\"robots\" content=\"index, follow, max-snippet:-1, max-image-preview:large, max-video-preview:-1\" \/>\n<link rel=\"canonical\" href=\"https:\/\/diariotextual.com\/inicio\/index.php\/2021\/12\/13\/massa-confirmo-que-la-terminal-de-santa-rosa-y-el-acueducto-del-norte-estan-en-el-presupuesto-2022\/\" \/>\n<meta property=\"og:locale\" content=\"es_ES\" \/>\n<meta property=\"og:type\" content=\"article\" \/>\n<meta property=\"og:title\" content=\"Massa confirm\u00f3 que la terminal de Santa Rosa y el Acueducto del Norte est\u00e1n en el Presupuesto 2022 - Diario Textual\" \/>\n<meta property=\"og:description\" content=\"El presidente de la C\u00e1mara de Diputados de la Naci\u00f3n, Sergio Massa, le confirm\u00f3 este lunes al gobernador Sergio Ziliotto la incorporaci\u00f3n de cuatro obras de magnitud para La Pampa&hellip;\" \/>\n<meta property=\"og:url\" content=\"https:\/\/diariotextual.com\/inicio\/index.php\/2021\/12\/13\/massa-confirmo-que-la-terminal-de-santa-rosa-y-el-acueducto-del-norte-estan-en-el-presupuesto-2022\/\" \/>\n<meta property=\"og:site_name\" content=\"Diario Textual\" \/>\n<meta property=\"article:publisher\" content=\"https:\/\/www.facebook.com\/eltextual\" \/>\n<meta property=\"article:published_time\" content=\"2021-12-13T21:43:57+00:00\" \/>\n<meta property=\"article:modified_time\" content=\"2021-12-14T11:34:04+00:00\" \/>\n<meta property=\"og:image\" content=\"https:\/\/diariotextual.com\/inicio\/wp-content\/uploads\/2021\/11\/ziliottosergiomassa2021-1.jpeg\" \/>\n\t<meta property=\"og:image:width\" content=\"1600\" \/>\n\t<meta property=\"og:image:height\" content=\"900\" \/>\n\t<meta property=\"og:image:type\" content=\"image\/jpeg\" \/>\n<meta name=\"author\" content=\"Diario1 Diario1\" \/>\n<meta name=\"twitter:card\" content=\"summary_large_image\" \/>\n<meta name=\"twitter:creator\" content=\"@eltextual\" \/>\n<meta name=\"twitter:site\" content=\"@eltextual\" \/>\n<meta name=\"twitter:label1\" content=\"Escrito por\" \/>\n\t<meta name=\"twitter:data1\" content=\"Diario1 Diario1\" \/>\n\t<meta name=\"twitter:label2\" content=\"Tiempo de lectura\" \/>\n\t<meta name=\"twitter:data2\" content=\"1 minuto\" \/>\n<script type=\"application\/ld+json\" class=\"yoast-schema-graph\">{\"@context\":\"https:\\\/\\\/schema.org\",\"@graph\":[{\"@type\":\"Article\",\"@id\":\"https:\\\/\\\/diariotextual.com\\\/inicio\\\/index.php\\\/2021\\\/12\\\/13\\\/massa-confirmo-que-la-terminal-de-santa-rosa-y-el-acueducto-del-norte-estan-en-el-presupuesto-2022\\\/#article\",\"isPartOf\":{\"@id\":\"https:\\\/\\\/diariotextual.com\\\/inicio\\\/index.php\\\/2021\\\/12\\\/13\\\/massa-confirmo-que-la-terminal-de-santa-rosa-y-el-acueducto-del-norte-estan-en-el-presupuesto-2022\\\/\"},\"author\":{\"name\":\"Diario1 Diario1\",\"@id\":\"https:\\\/\\\/diariotextual.com\\\/inicio\\\/#\\\/schema\\\/person\\\/418fc4093c33e86ed41562db3508f958\"},\"headline\":\"Massa confirm\u00f3 que la terminal de Santa Rosa y el Acueducto del Norte est\u00e1n en el Presupuesto 2022\",\"datePublished\":\"2021-12-13T21:43:57+00:00\",\"dateModified\":\"2021-12-14T11:34:04+00:00\",\"mainEntityOfPage\":{\"@id\":\"https:\\\/\\\/diariotextual.com\\\/inicio\\\/index.php\\\/2021\\\/12\\\/13\\\/massa-confirmo-que-la-terminal-de-santa-rosa-y-el-acueducto-del-norte-estan-en-el-presupuesto-2022\\\/\"},\"wordCount\":217,\"publisher\":{\"@id\":\"https:\\\/\\\/diariotextual.com\\\/inicio\\\/#organization\"},\"image\":{\"@id\":\"https:\\\/\\\/diariotextual.com\\\/inicio\\\/index.php\\\/2021\\\/12\\\/13\\\/massa-confirmo-que-la-terminal-de-santa-rosa-y-el-acueducto-del-norte-estan-en-el-presupuesto-2022\\\/#primaryimage\"},\"thumbnailUrl\":\"https:\\\/\\\/diariotextual.com\\\/inicio\\\/wp-content\\\/uploads\\\/2021\\\/11\\\/ziliottosergiomassa2021-1.jpeg\",\"keywords\":[\"ziliotto\"],\"articleSection\":[\"POLITICA\",\"Posici\u00f3n 4\"],\"inLanguage\":\"es\"},{\"@type\":\"WebPage\",\"@id\":\"https:\\\/\\\/diariotextual.com\\\/inicio\\\/index.php\\\/2021\\\/12\\\/13\\\/massa-confirmo-que-la-terminal-de-santa-rosa-y-el-acueducto-del-norte-estan-en-el-presupuesto-2022\\\/\",\"url\":\"https:\\\/\\\/diariotextual.com\\\/inicio\\\/index.php\\\/2021\\\/12\\\/13\\\/massa-confirmo-que-la-terminal-de-santa-rosa-y-el-acueducto-del-norte-estan-en-el-presupuesto-2022\\\/\",\"name\":\"Massa confirm\u00f3 que la terminal de Santa Rosa y el Acueducto del Norte est\u00e1n en el Presupuesto 2022 - Diario Textual\",\"isPartOf\":{\"@id\":\"https:\\\/\\\/diariotextual.com\\\/inicio\\\/#website\"},\"primaryImageOfPage\":{\"@id\":\"https:\\\/\\\/diariotextual.com\\\/inicio\\\/index.php\\\/2021\\\/12\\\/13\\\/massa-confirmo-que-la-terminal-de-santa-rosa-y-el-acueducto-del-norte-estan-en-el-presupuesto-2022\\\/#primaryimage\"},\"image\":{\"@id\":\"https:\\\/\\\/diariotextual.com\\\/inicio\\\/index.php\\\/2021\\\/12\\\/13\\\/massa-confirmo-que-la-terminal-de-santa-rosa-y-el-acueducto-del-norte-estan-en-el-presupuesto-2022\\\/#primaryimage\"},\"thumbnailUrl\":\"https:\\\/\\\/diariotextual.com\\\/inicio\\\/wp-content\\\/uploads\\\/2021\\\/11\\\/ziliottosergiomassa2021-1.jpeg\",\"datePublished\":\"2021-12-13T21:43:57+00:00\",\"dateModified\":\"2021-12-14T11:34:04+00:00\",\"breadcrumb\":{\"@id\":\"https:\\\/\\\/diariotextual.com\\\/inicio\\\/index.php\\\/2021\\\/12\\\/13\\\/massa-confirmo-que-la-terminal-de-santa-rosa-y-el-acueducto-del-norte-estan-en-el-presupuesto-2022\\\/#breadcrumb\"},\"inLanguage\":\"es\",\"potentialAction\":[{\"@type\":\"ReadAction\",\"target\":[\"https:\\\/\\\/diariotextual.com\\\/inicio\\\/index.php\\\/2021\\\/12\\\/13\\\/massa-confirmo-que-la-terminal-de-santa-rosa-y-el-acueducto-del-norte-estan-en-el-presupuesto-2022\\\/\"]}]},{\"@type\":\"ImageObject\",\"inLanguage\":\"es\",\"@id\":\"https:\\\/\\\/diariotextual.com\\\/inicio\\\/index.php\\\/2021\\\/12\\\/13\\\/massa-confirmo-que-la-terminal-de-santa-rosa-y-el-acueducto-del-norte-estan-en-el-presupuesto-2022\\\/#primaryimage\",\"url\":\"https:\\\/\\\/diariotextual.com\\\/inicio\\\/wp-content\\\/uploads\\\/2021\\\/11\\\/ziliottosergiomassa2021-1.jpeg\",\"contentUrl\":\"https:\\\/\\\/diariotextual.com\\\/inicio\\\/wp-content\\\/uploads\\\/2021\\\/11\\\/ziliottosergiomassa2021-1.jpeg\",\"width\":1600,\"height\":900},{\"@type\":\"BreadcrumbList\",\"@id\":\"https:\\\/\\\/diariotextual.com\\\/inicio\\\/index.php\\\/2021\\\/12\\\/13\\\/massa-confirmo-que-la-terminal-de-santa-rosa-y-el-acueducto-del-norte-estan-en-el-presupuesto-2022\\\/#breadcrumb\",\"itemListElement\":[{\"@type\":\"ListItem\",\"position\":1,\"name\":\"Portada\",\"item\":\"https:\\\/\\\/diariotextual.com\\\/inicio\\\/\"},{\"@type\":\"ListItem\",\"position\":2,\"name\":\"Massa confirm\u00f3 que la terminal de Santa Rosa y el Acueducto del Norte est\u00e1n en el Presupuesto 2022\"}]},{\"@type\":\"WebSite\",\"@id\":\"https:\\\/\\\/diariotextual.com\\\/inicio\\\/#website\",\"url\":\"https:\\\/\\\/diariotextual.com\\\/inicio\\\/\",\"name\":\"Diario Textual\",\"description\":\"\",\"publisher\":{\"@id\":\"https:\\\/\\\/diariotextual.com\\\/inicio\\\/#organization\"},\"potentialAction\":[{\"@type\":\"SearchAction\",\"target\":{\"@type\":\"EntryPoint\",\"urlTemplate\":\"https:\\\/\\\/diariotextual.com\\\/inicio\\\/?s={search_term_string}\"},\"query-input\":{\"@type\":\"PropertyValueSpecification\",\"valueRequired\":true,\"valueName\":\"search_term_string\"}}],\"inLanguage\":\"es\"},{\"@type\":\"Organization\",\"@id\":\"https:\\\/\\\/diariotextual.com\\\/inicio\\\/#organization\",\"name\":\"Diario Textual\",\"url\":\"https:\\\/\\\/diariotextual.com\\\/inicio\\\/\",\"logo\":{\"@type\":\"ImageObject\",\"inLanguage\":\"es\",\"@id\":\"https:\\\/\\\/diariotextual.com\\\/inicio\\\/#\\\/schema\\\/logo\\\/image\\\/\",\"url\":\"https:\\\/\\\/diariotextual.com\\\/inicio\\\/wp-content\\\/uploads\\\/2023\\\/05\\\/logotextual1.jpg\",\"contentUrl\":\"https:\\\/\\\/diariotextual.com\\\/inicio\\\/wp-content\\\/uploads\\\/2023\\\/05\\\/logotextual1.jpg\",\"width\":516,\"height\":76,\"caption\":\"Diario Textual\"},\"image\":{\"@id\":\"https:\\\/\\\/diariotextual.com\\\/inicio\\\/#\\\/schema\\\/logo\\\/image\\\/\"},\"sameAs\":[\"https:\\\/\\\/www.facebook.com\\\/eltextual\",\"https:\\\/\\\/x.com\\\/eltextual\",\"http:\\\/\\\/www.instagram.com\\\/eltextual\"]},{\"@type\":\"Person\",\"@id\":\"https:\\\/\\\/diariotextual.com\\\/inicio\\\/#\\\/schema\\\/person\\\/418fc4093c33e86ed41562db3508f958\",\"name\":\"Diario1 Diario1\",\"image\":{\"@type\":\"ImageObject\",\"inLanguage\":\"es\",\"@id\":\"https:\\\/\\\/secure.gravatar.com\\\/avatar\\\/9167d280179c85bc18be67aa7eda765854300033af4896dd779b608640f2ef7a?s=96&d=mm&r=g\",\"url\":\"https:\\\/\\\/secure.gravatar.com\\\/avatar\\\/9167d280179c85bc18be67aa7eda765854300033af4896dd779b608640f2ef7a?s=96&d=mm&r=g\",\"contentUrl\":\"https:\\\/\\\/secure.gravatar.com\\\/avatar\\\/9167d280179c85bc18be67aa7eda765854300033af4896dd779b608640f2ef7a?s=96&d=mm&r=g\",\"caption\":\"Diario1 Diario1\"},\"url\":\"https:\\\/\\\/diariotextual.com\\\/inicio\\\/index.php\\\/author\\\/diario1\\\/\"}]}<\/script>\n<!-- \/ Yoast SEO plugin. -->","yoast_head_json":{"title":"Massa confirm\u00f3 que la terminal de Santa Rosa y el Acueducto del Norte est\u00e1n en el Presupuesto 2022 - Diario Textual","robots":{"index":"index","follow":"follow","max-snippet":"max-snippet:-1","max-image-preview":"max-image-preview:large","max-video-preview":"max-video-preview:-1"},"canonical":"https:\/\/diariotextual.com\/inicio\/index.php\/2021\/12\/13\/massa-confirmo-que-la-terminal-de-santa-rosa-y-el-acueducto-del-norte-estan-en-el-presupuesto-2022\/","og_locale":"es_ES","og_type":"article","og_title":"Massa confirm\u00f3 que la terminal de Santa Rosa y el Acueducto del Norte est\u00e1n en el Presupuesto 2022 - Diario Textual","og_description":"El presidente de la C\u00e1mara de Diputados de la Naci\u00f3n, Sergio Massa, le confirm\u00f3 este lunes al gobernador Sergio Ziliotto la incorporaci\u00f3n de cuatro obras de magnitud para La Pampa&hellip;","og_url":"https:\/\/diariotextual.com\/inicio\/index.php\/2021\/12\/13\/massa-confirmo-que-la-terminal-de-santa-rosa-y-el-acueducto-del-norte-estan-en-el-presupuesto-2022\/","og_site_name":"Diario Textual","article_publisher":"https:\/\/www.facebook.com\/eltextual","article_published_time":"2021-12-13T21:43:57+00:00","article_modified_time":"2021-12-14T11:34:04+00:00","og_image":[{"width":1600,"height":900,"url":"https:\/\/diariotextual.com\/inicio\/wp-content\/uploads\/2021\/11\/ziliottosergiomassa2021-1.jpeg","type":"image\/jpeg"}],"author":"Diario1 Diario1","twitter_card":"summary_large_image","twitter_creator":"@eltextual","twitter_site":"@eltextual","twitter_misc":{"Escrito por":"Diario1 Diario1","Tiempo de lectura":"1 minuto"},"schema":{"@context":"https:\/\/schema.org","@graph":[{"@type":"Article","@id":"https:\/\/diariotextual.com\/inicio\/index.php\/2021\/12\/13\/massa-confirmo-que-la-terminal-de-santa-rosa-y-el-acueducto-del-norte-estan-en-el-presupuesto-2022\/#article","isPartOf":{"@id":"https:\/\/diariotextual.com\/inicio\/index.php\/2021\/12\/13\/massa-confirmo-que-la-terminal-de-santa-rosa-y-el-acueducto-del-norte-estan-en-el-presupuesto-2022\/"},"author":{"name":"Diario1 Diario1","@id":"https:\/\/diariotextual.com\/inicio\/#\/schema\/person\/418fc4093c33e86ed41562db3508f958"},"headline":"Massa confirm\u00f3 que la terminal de Santa Rosa y el Acueducto del Norte est\u00e1n en el Presupuesto 2022","datePublished":"2021-12-13T21:43:57+00:00","dateModified":"2021-12-14T11:34:04+00:00","mainEntityOfPage":{"@id":"https:\/\/diariotextual.com\/inicio\/index.php\/2021\/12\/13\/massa-confirmo-que-la-terminal-de-santa-rosa-y-el-acueducto-del-norte-estan-en-el-presupuesto-2022\/"},"wordCount":217,"publisher":{"@id":"https:\/\/diariotextual.com\/inicio\/#organization"},"image":{"@id":"https:\/\/diariotextual.com\/inicio\/index.php\/2021\/12\/13\/massa-confirmo-que-la-terminal-de-santa-rosa-y-el-acueducto-del-norte-estan-en-el-presupuesto-2022\/#primaryimage"},"thumbnailUrl":"https:\/\/diariotextual.com\/inicio\/wp-content\/uploads\/2021\/11\/ziliottosergiomassa2021-1.jpeg","keywords":["ziliotto"],"articleSection":["POLITICA","Posici\u00f3n 4"],"inLanguage":"es"},{"@type":"WebPage","@id":"https:\/\/diariotextual.com\/inicio\/index.php\/2021\/12\/13\/massa-confirmo-que-la-terminal-de-santa-rosa-y-el-acueducto-del-norte-estan-en-el-presupuesto-2022\/","url":"https:\/\/diariotextual.com\/inicio\/index.php\/2021\/12\/13\/massa-confirmo-que-la-terminal-de-santa-rosa-y-el-acueducto-del-norte-estan-en-el-presupuesto-2022\/","name":"Massa confirm\u00f3 que la terminal de Santa Rosa y el Acueducto del Norte est\u00e1n en el Presupuesto 2022 - Diario Textual","isPartOf":{"@id":"https:\/\/diariotextual.com\/inicio\/#website"},"primaryImageOfPage":{"@id":"https:\/\/diariotextual.com\/inicio\/index.php\/2021\/12\/13\/massa-confirmo-que-la-terminal-de-santa-rosa-y-el-acueducto-del-norte-estan-en-el-presupuesto-2022\/#primaryimage"},"image":{"@id":"https:\/\/diariotextual.com\/inicio\/index.php\/2021\/12\/13\/massa-confirmo-que-la-terminal-de-santa-rosa-y-el-acueducto-del-norte-estan-en-el-presupuesto-2022\/#primaryimage"},"thumbnailUrl":"https:\/\/diariotextual.com\/inicio\/wp-content\/uploads\/2021\/11\/ziliottosergiomassa2021-1.jpeg","datePublished":"2021-12-13T21:43:57+00:00","dateModified":"2021-12-14T11:34:04+00:00","breadcrumb":{"@id":"https:\/\/diariotextual.com\/inicio\/index.php\/2021\/12\/13\/massa-confirmo-que-la-terminal-de-santa-rosa-y-el-acueducto-del-norte-estan-en-el-presupuesto-2022\/#breadcrumb"},"inLanguage":"es","potentialAction":[{"@type":"ReadAction","target":["https:\/\/diariotextual.com\/inicio\/index.php\/2021\/12\/13\/massa-confirmo-que-la-terminal-de-santa-rosa-y-el-acueducto-del-norte-estan-en-el-presupuesto-2022\/"]}]},{"@type":"ImageObject","inLanguage":"es","@id":"https:\/\/diariotextual.com\/inicio\/index.php\/2021\/12\/13\/massa-confirmo-que-la-terminal-de-santa-rosa-y-el-acueducto-del-norte-estan-en-el-presupuesto-2022\/#primaryimage","url":"https:\/\/diariotextual.com\/inicio\/wp-content\/uploads\/2021\/11\/ziliottosergiomassa2021-1.jpeg","contentUrl":"https:\/\/diariotextual.com\/inicio\/wp-content\/uploads\/2021\/11\/ziliottosergiomassa2021-1.jpeg","width":1600,"height":900},{"@type":"BreadcrumbList","@id":"https:\/\/diariotextual.com\/inicio\/index.php\/2021\/12\/13\/massa-confirmo-que-la-terminal-de-santa-rosa-y-el-acueducto-del-norte-estan-en-el-presupuesto-2022\/#breadcrumb","itemListElement":[{"@type":"ListItem","position":1,"name":"Portada","item":"https:\/\/diariotextual.com\/inicio\/"},{"@type":"ListItem","position":2,"name":"Massa confirm\u00f3 que la terminal de Santa Rosa y el Acueducto del Norte est\u00e1n en el Presupuesto 2022"}]},{"@type":"WebSite","@id":"https:\/\/diariotextual.com\/inicio\/#website","url":"https:\/\/diariotextual.com\/inicio\/","name":"Diario Textual","description":"","publisher":{"@id":"https:\/\/diariotextual.com\/inicio\/#organization"},"potentialAction":[{"@type":"SearchAction","target":{"@type":"EntryPoint","urlTemplate":"https:\/\/diariotextual.com\/inicio\/?s={search_term_string}"},"query-input":{"@type":"PropertyValueSpecification","valueRequired":true,"valueName":"search_term_string"}}],"inLanguage":"es"},{"@type":"Organization","@id":"https:\/\/diariotextual.com\/inicio\/#organization","name":"Diario Textual","url":"https:\/\/diariotextual.com\/inicio\/","logo":{"@type":"ImageObject","inLanguage":"es","@id":"https:\/\/diariotextual.com\/inicio\/#\/schema\/logo\/image\/","url":"https:\/\/diariotextual.com\/inicio\/wp-content\/uploads\/2023\/05\/logotextual1.jpg","contentUrl":"https:\/\/diariotextual.com\/inicio\/wp-content\/uploads\/2023\/05\/logotextual1.jpg","width":516,"height":76,"caption":"Diario Textual"},"image":{"@id":"https:\/\/diariotextual.com\/inicio\/#\/schema\/logo\/image\/"},"sameAs":["https:\/\/www.facebook.com\/eltextual","https:\/\/x.com\/eltextual","http:\/\/www.instagram.com\/eltextual"]},{"@type":"Person","@id":"https:\/\/diariotextual.com\/inicio\/#\/schema\/person\/418fc4093c33e86ed41562db3508f958","name":"Diario1 Diario1","image":{"@type":"ImageObject","inLanguage":"es","@id":"https:\/\/secure.gravatar.com\/avatar\/9167d280179c85bc18be67aa7eda765854300033af4896dd779b608640f2ef7a?s=96&d=mm&r=g","url":"https:\/\/secure.gravatar.com\/avatar\/9167d280179c85bc18be67aa7eda765854300033af4896dd779b608640f2ef7a?s=96&d=mm&r=g","contentUrl":"https:\/\/secure.gravatar.com\/avatar\/9167d280179c85bc18be67aa7eda765854300033af4896dd779b608640f2ef7a?s=96&d=mm&r=g","caption":"Diario1 Diario1"},"url":"https:\/\/diariotextual.com\/inicio\/index.php\/author\/diario1\/"}]}},"_links":{"self":[{"href":"https:\/\/diariotextual.com\/inicio\/index.php\/wp-json\/wp\/v2\/posts\/172663","targetHints":{"allow":["GET"]}}],"collection":[{"href":"https:\/\/diariotextual.com\/inicio\/index.php\/wp-json\/wp\/v2\/posts"}],"about":[{"href":"https:\/\/diariotextual.com\/inicio\/index.php\/wp-json\/wp\/v2\/types\/post"}],"author":[{"embeddable":true,"href":"https:\/\/diariotextual.com\/inicio\/index.php\/wp-json\/wp\/v2\/users\/3"}],"replies":[{"embeddable":true,"href":"https:\/\/diariotextual.com\/inicio\/index.php\/wp-json\/wp\/v2\/comments?post=172663"}],"version-history":[{"count":4,"href":"https:\/\/diariotextual.com\/inicio\/index.php\/wp-json\/wp\/v2\/posts\/172663\/revisions"}],"predecessor-version":[{"id":172668,"href":"https:\/\/diariotextual.com\/inicio\/index.php\/wp-json\/wp\/v2\/posts\/172663\/revisions\/172668"}],"wp:featuredmedia":[{"embeddable":true,"href":"https:\/\/diariotextual.com\/inicio\/index.php\/wp-json\/wp\/v2\/media\/169468"}],"wp:attachment":[{"href":"https:\/\/diariotextual.com\/inicio\/index.php\/wp-json\/wp\/v2\/media?parent=172663"}],"wp:term":[{"taxonomy":"category","embeddable":true,"href":"https:\/\/diariotextual.com\/inicio\/index.php\/wp-json\/wp\/v2\/categories?post=172663"},{"taxonomy":"post_tag","embeddable":true,"href":"https:\/\/diariotextual.com\/inicio\/index.php\/wp-json\/wp\/v2\/tags?post=172663"}],"curies":[{"name":"wp","href":"https:\/\/api.w.org\/{rel}","templated":true}]}}