{"id":172762,"date":"2021-12-14T12:19:23","date_gmt":"2021-12-14T15:19:23","guid":{"rendered":"https:\/\/diariotextual.com\/inicio\/?p=172762"},"modified":"2021-12-14T17:10:27","modified_gmt":"2021-12-14T20:10:27","slug":"son-ex-pj-antivacunas-y-piden-a-ziliotto-que-no-implemente-el-pase-sanitario","status":"publish","type":"post","link":"https:\/\/diariotextual.com\/inicio\/index.php\/2021\/12\/14\/son-ex-pj-antivacunas-y-piden-a-ziliotto-que-no-implemente-el-pase-sanitario\/","title":{"rendered":"Son ex PJ y antivacunas y piden a Ziliotto que no implemente el pase sanitario"},"content":{"rendered":"\n<p><strong>Patricia Matal\u00f3n <\/strong>y <strong>Marcelo Otero<\/strong>, dos exdirigentes del Partido Justicialista, <strong>calificaron de \u201cilegal\u201d el pase sanitario que ya anunci\u00f3 el Gobierno pampeano y le pidieron al gobernador Sergio Ziliotto que se \u201cabstenga\u201d de implementarlo en la provincia.<\/strong><\/p>\n\n\n\n<p>Matal\u00f3n -expresidenta de la Junta Electoral del PJ y exasesora de Carlos Verna- y Otero son <strong>dos conocidos \u201cantivacunas\u201d<\/strong> que, incluso, han encabezado manifestaciones en la Residencia de Olivos, en medio de la cuarentena. Es m\u00e1s, <strong>promueven el uso del cuestionado di\u00f3xido de cloro para prevenir el coronavirus.<\/strong><\/p>\n\n\n\n<p>Ya alejados del peronismo, <strong>ambos est\u00e1n coqueteando con el macrismo. Hoy est\u00e1n conformando un nuevo espacio: el partido Devenir.<\/strong><\/p>\n\n\n\n<p>Este martes, junto a otros seguidores, entregaron una nota en Mesa de Entradas de Casa de Gobierno, dirigida a Ziliotto, a la que accedi\u00f3 <strong>Diario Textual<\/strong>. Dijeron que el pase sanitario es \u201cilegal\u201d, sostuvieron que las vacunas son \u201cexperimentales\u201d y pidieron que no infundan \u201cmiedo\u201d con sus declaraciones.<\/p>\n\n\n\n<figure class=\"wp-block-image size-large is-resized\"><img fetchpriority=\"high\" decoding=\"async\" src=\"https:\/\/diariotextual.com\/inicio\/wp-content\/uploads\/2021\/12\/oteromarcelopasesanitarionotaaziliotto2021-1.jpg\" alt=\"\" class=\"wp-image-172772\" width=\"710\" height=\"504\" srcset=\"https:\/\/diariotextual.com\/inicio\/wp-content\/uploads\/2021\/12\/oteromarcelopasesanitarionotaaziliotto2021-1.jpg 540w, https:\/\/diariotextual.com\/inicio\/wp-content\/uploads\/2021\/12\/oteromarcelopasesanitarionotaaziliotto2021-1-300x213.jpg 300w\" sizes=\"(max-width: 710px) 100vw, 710px\" \/><figcaption><em>Otero, junto a otros militantes del espacio Devenir, en Casa de Gobierno.<\/em><\/figcaption><\/figure>\n\n\n\n<div style=\"height:100px\" aria-hidden=\"true\" class=\"wp-block-spacer\"><\/div>\n\n\n\n<p><\/p>\n\n\n\n<p>\u201c<strong>La Constituci\u00f3n Nacional se encuentra plenamente vigente, ya que la declaraci\u00f3n de emergencia sanitaria no habilita a conducir el pa\u00eds o la provincia por medio de decretos de necesidad y urgencia, s\u00f3lo el estado de sitio suspende, temporalmente, las garant\u00edas constitucionales, y no estamos en Estado de sitio<\/strong>\u201d, cuestionaron.<\/p>\n\n\n\n<p>Dijeron que<strong> si Ziliotto avala el pase sanitario ser\u00eda un acto \u201cmanifiestamente contrario\u201d a derecho.<\/strong> \u201c(Ser\u00edan) antijur\u00eddicos per se, por ser violatorio no s\u00f3lo del Ordenamiento Jur\u00eddico Nacional en su conjunto, resultando palmariamente Inconstitucional, y adem\u00e1s violatorios de la totalidad de los Tratados Internacionales sobre Derechos Humanos receptados por el art. 75 de nuestra Constituci\u00f3n Nacional, y con rango Supra Constitucional, normativa que no obstante ser ampliamente conocida por el Sr. Gobernador, no pudiendo alegar su desconocimiento, cabe destacar a continuaci\u00f3n las principales normas en funci\u00f3n de las cuales lo expresado por los Sres. Ministros de Salud provincial y nacional resultar\u00eda contrario a derecho hasta el l\u00edmite de lo absurdo y obsceno\u201d, dijeron.<\/p>\n\n\n\n<p>\u201c<strong>Un acto de tal naturaleza resultar\u00eda manifiestamente discriminatorio<\/strong>, en palmaria violaci\u00f3n de la Ley 23.592 de Actos Discriminatorios, toda vez que har\u00eda una innecesaria, totalmente arbitraria y coercitiva diferenciaci\u00f3n entre \u201ciguales ante la Ley\u201d, Principio b\u00e1sico rector de nuestro Ordenamiento Jur\u00eddico, consagrado en nuestra Constituci\u00f3n Nacional en el art. 16\u00b0\u201d, expresaron.<\/p>\n\n\n\n<p>\u201cLa aludida discriminaci\u00f3n que pretenden hacer los Sres. Ministro y Subsecretario de Salud con la implementaci\u00f3n del \u2018Pase Sanitario\u2019 resulta absoluta y manifiestamente arbitraria, incongruente y contraria a derecho, puesto que por el simple hecho de portar un \u2018carnet\u2019 de naturaleza administrativa y que adem\u00e1s versa sobre actos privados de personas, esto es derechos personal\u00edsimos, realizar\u00edan distinciones injustificadas entre los ciudadanos de la Provincia de La Pampa, y como si esto no fuera poco, la arbitrariedad manifiesta tambi\u00e9n va de suyo al no encontrar siquiera asidero en datos objetivos como son los n\u00fameros de contagiados, internados y muertos que se encuentran publicados en la propia p\u00e1gina del Ministerio de Salud Provincial y Nacional, donde surge evidente a simple vista, que las estad\u00edsticas desde que ha comenzado la campa\u00f1a de vacunaci\u00f3n en el territorio nacional, la gran mayor\u00eda de contagios, internaciones y muertes por COVID-19 se han dado en la poblaci\u00f3n vacunada\u201d, sostuvieron.<\/p>\n\n\n\n<p>\u201cQue asimismo, la arbitrariedad y consecuente violaci\u00f3n del principio de razonabilidad devienen manifiestas por el simple hecho de que la indicada discriminaci\u00f3n se estar\u00eda haciendo adem\u00e1s en funci\u00f3n del consentimiento o no al sometimiento de los ciudadanos a actos voluntarios y experimentales como son las vacunas para el COVID-19\u201d, expresaron.<\/p>\n\n\n\n<p><\/p>\n\n\n\n<figure class=\"wp-block-embed is-type-wp-embed is-provider-diario-textual wp-block-embed-diario-textual\"><div class=\"wp-block-embed__wrapper\">\n<blockquote class=\"wp-embedded-content\" data-secret=\"507e3cmVTH\"><a href=\"https:\/\/diariotextual.com\/inicio\/index.php\/2021\/12\/13\/kohan-durisimo-los-antivacunas-son-delirantes-y-peligrosos\/\">Kohan, dur\u00edsimo: los antivacunas son \u201cdelirantes\u201d y \u201cpeligrosos\u201d<\/a><\/blockquote><iframe class=\"wp-embedded-content\" sandbox=\"allow-scripts\" security=\"restricted\" style=\"position: absolute; clip: rect(1px, 1px, 1px, 1px);\" title=\"\u00abKohan, dur\u00edsimo: los antivacunas son \u201cdelirantes\u201d y \u201cpeligrosos\u201d\u00bb \u2014 Diario Textual\" src=\"https:\/\/diariotextual.com\/inicio\/index.php\/2021\/12\/13\/kohan-durisimo-los-antivacunas-son-delirantes-y-peligrosos\/embed\/#?secret=507e3cmVTH\" data-secret=\"507e3cmVTH\" width=\"600\" height=\"338\" frameborder=\"0\" marginwidth=\"0\" marginheight=\"0\" scrolling=\"no\"><\/iframe>\n<\/div><\/figure>\n\n\n\n<p>\u201cSiguiendo la l\u00ednea de razonamiento expresada supra, la voluntad formulada por los Sres. Ministros de Salud de la Naci\u00f3n y la Provincia de La Pampa violenta gravemente el Sistema Republicano de gobierno, porque seg\u00fan el art\u00edculo 75 inc. 12 de la Constituci\u00f3n Nacional, el dictar y modificar el C\u00f3digo Civil es facultad exclusiva y delegada por las Provincias al Congreso de la Naci\u00f3n. Por lo tanto, que cualquier autoridad Ejecutiva Nacional y\/o Provincial, o Poder Legislativo Provincial que pretenda dictar un Acto Ejecutivo o Legislativo -respectivamente- contrarios a las previsiones de los art\u00edculos 58 y 59 del CCCN y aniquilar los derechos constitucionales de los Tratados referenciados, es en definitiva tambi\u00e9n contrariando los art\u00edculos 75 inc. 22 y art\u00edculo 31 de la Constituci\u00f3n Nacional, constituye una arbitrariedad e ilegalidad manifiesta que expresamente proh\u00edbe el art\u00edculo 29 de la Convenci\u00f3n Americana de Derechos Humanos, que toda autoridad argentina se ha obligado a respetar y hacer respetar seg\u00fan las previsiones de los art\u00edculos 1 y 2 de la misma\u201d, dijeron.<\/p>\n\n\n\n<p>Tambi\u00e9n pidieron que<strong> \u201cfinalicen con las intimidaciones medi\u00e1ticas que infunden miedo e incertidumbre\u201d <\/strong>en la poblaci\u00f3n. \u201cEs claramente un delito de <strong>coacci\u00f3n <\/strong>que est\u00e1n llevando a cabo dichos funcionarios, ya que, sin existir una ley que obligue a inocularnos sustancias experimentales, publican en los medios de comunicaci\u00f3n escrito y radial, que van a implementar un \u2018pase sanitario\u2019 para efectivizar las inoculaciones, que ya tienen identificados a todos los ciudadanos no vacunados gracias a un padr\u00f3n (aqu\u00ed cabe la aclaraci\u00f3n, que han utilizado datos confidenciales, con s\u00f3lo fines electorales, para armar el listado de los ciudadanos no vacunados) y que los ir\u00e1n a buscar casa por casa para inocularlos, claro acto intimidatorio de un funcionario p\u00fablico\u201d, dijeron.<\/p>\n\n\n\n<figure class=\"wp-block-image size-large is-resized\"><img decoding=\"async\" src=\"https:\/\/diariotextual.com\/inicio\/wp-content\/uploads\/2020\/10\/matalonpatriciabanderazo2020-2.jpg\" alt=\"\" class=\"wp-image-115977\" width=\"705\" height=\"490\" srcset=\"https:\/\/diariotextual.com\/inicio\/wp-content\/uploads\/2020\/10\/matalonpatriciabanderazo2020-2.jpg 704w, https:\/\/diariotextual.com\/inicio\/wp-content\/uploads\/2020\/10\/matalonpatriciabanderazo2020-2-300x208.jpg 300w, https:\/\/diariotextual.com\/inicio\/wp-content\/uploads\/2020\/10\/matalonpatriciabanderazo2020-2-585x406.jpg 585w\" sizes=\"(max-width: 705px) 100vw, 705px\" \/><figcaption><em>Matal\u00f3n, en una manifestaci\u00f3n frente a Olivos.<\/em><\/figcaption><\/figure>\n\n\n\n<div style=\"height:100px\" aria-hidden=\"true\" class=\"wp-block-spacer\"><\/div>\n\n\n\n<p>Adem\u00e1s, solicitaron a Ziliotto que publique en los medios locales  las estad\u00edsticas de fallecimientos de la provincia de La Pampa de los \u00faltimos 5 a\u00f1os, incluyendo 2021. \u201cAll\u00ed podremos ver que, al igual que la curva nacional, no hubo un incremento significativo en el porcentaje de muertes, lo que hubo fue una reasignaci\u00f3n de la clasificaci\u00f3n de las mismas, es decir, se habr\u00edan clasificado como muertes por Covid a una gran mayor\u00eda de patolog\u00edas preexistentes en la provincia, como neumon\u00edas, c\u00e1ncer, etc. Queremos ver en esa estad\u00edstica las muertes por gripe y neumon\u00eda y su correspondiente comparaci\u00f3n con los \u00faltimos 2 a\u00f1os, 2020 y 2021\u201d, elucubraron.<\/p>\n","protected":false},"excerpt":{"rendered":"<p>Patricia Matal\u00f3n y Marcelo Otero, dos exdirigentes del Partido Justicialista, calificaron de \u201cilegal\u201d el pase sanitario que ya anunci\u00f3 el Gobierno pampeano y le pidieron al gobernador Sergio Ziliotto que&hellip;<\/p>\n","protected":false},"author":3,"featured_media":172492,"comment_status":"closed","ping_status":"open","sticky":false,"template":"","format":"standard","meta":{"_acf_changed":false,"footnotes":""},"categories":[10,8],"tags":[4112,1411],"class_list":["post-172762","post","type-post","status-publish","format-standard","has-post-thumbnail","hentry","category-portada-2","category-politica","tag-matalon","tag-otero"],"acf":[],"yoast_head":"<!-- This site is optimized with the Yoast SEO plugin v27.5 - https:\/\/yoast.com\/product\/yoast-seo-wordpress\/ -->\n<title>Son ex PJ y antivacunas y piden a Ziliotto que no implemente el pase sanitario - Diario Textual<\/title>\n<meta name=\"robots\" content=\"index, follow, max-snippet:-1, max-image-preview:large, max-video-preview:-1\" \/>\n<link rel=\"canonical\" href=\"https:\/\/diariotextual.com\/inicio\/index.php\/2021\/12\/14\/son-ex-pj-antivacunas-y-piden-a-ziliotto-que-no-implemente-el-pase-sanitario\/\" \/>\n<meta property=\"og:locale\" content=\"es_ES\" \/>\n<meta property=\"og:type\" content=\"article\" \/>\n<meta property=\"og:title\" content=\"Son ex PJ y antivacunas y piden a Ziliotto que no implemente el pase sanitario - Diario Textual\" \/>\n<meta property=\"og:description\" content=\"Patricia Matal\u00f3n y Marcelo Otero, dos exdirigentes del Partido Justicialista, calificaron de \u201cilegal\u201d el pase sanitario que ya anunci\u00f3 el Gobierno pampeano y le pidieron al gobernador Sergio Ziliotto que&hellip;\" \/>\n<meta property=\"og:url\" content=\"https:\/\/diariotextual.com\/inicio\/index.php\/2021\/12\/14\/son-ex-pj-antivacunas-y-piden-a-ziliotto-que-no-implemente-el-pase-sanitario\/\" \/>\n<meta property=\"og:site_name\" content=\"Diario Textual\" \/>\n<meta property=\"article:publisher\" content=\"https:\/\/www.facebook.com\/eltextual\" \/>\n<meta property=\"article:published_time\" content=\"2021-12-14T15:19:23+00:00\" \/>\n<meta property=\"article:modified_time\" content=\"2021-12-14T20:10:27+00:00\" \/>\n<meta property=\"og:image\" content=\"https:\/\/diariotextual.com\/inicio\/wp-content\/uploads\/2021\/12\/coronaviruspasesanitario2021-1.jpg\" \/>\n\t<meta property=\"og:image:width\" content=\"900\" \/>\n\t<meta property=\"og:image:height\" content=\"506\" \/>\n\t<meta property=\"og:image:type\" content=\"image\/jpeg\" \/>\n<meta name=\"author\" content=\"Diario1 Diario1\" \/>\n<meta name=\"twitter:card\" content=\"summary_large_image\" \/>\n<meta name=\"twitter:creator\" content=\"@eltextual\" \/>\n<meta name=\"twitter:site\" content=\"@eltextual\" \/>\n<meta name=\"twitter:label1\" content=\"Escrito por\" \/>\n\t<meta name=\"twitter:data1\" content=\"Diario1 Diario1\" \/>\n\t<meta name=\"twitter:label2\" content=\"Tiempo de lectura\" \/>\n\t<meta name=\"twitter:data2\" content=\"5 minutos\" \/>\n<script type=\"application\/ld+json\" class=\"yoast-schema-graph\">{\"@context\":\"https:\\\/\\\/schema.org\",\"@graph\":[{\"@type\":\"Article\",\"@id\":\"https:\\\/\\\/diariotextual.com\\\/inicio\\\/index.php\\\/2021\\\/12\\\/14\\\/son-ex-pj-antivacunas-y-piden-a-ziliotto-que-no-implemente-el-pase-sanitario\\\/#article\",\"isPartOf\":{\"@id\":\"https:\\\/\\\/diariotextual.com\\\/inicio\\\/index.php\\\/2021\\\/12\\\/14\\\/son-ex-pj-antivacunas-y-piden-a-ziliotto-que-no-implemente-el-pase-sanitario\\\/\"},\"author\":{\"name\":\"Diario1 Diario1\",\"@id\":\"https:\\\/\\\/diariotextual.com\\\/inicio\\\/#\\\/schema\\\/person\\\/418fc4093c33e86ed41562db3508f958\"},\"headline\":\"Son ex PJ y antivacunas y piden a Ziliotto que no implemente el pase sanitario\",\"datePublished\":\"2021-12-14T15:19:23+00:00\",\"dateModified\":\"2021-12-14T20:10:27+00:00\",\"mainEntityOfPage\":{\"@id\":\"https:\\\/\\\/diariotextual.com\\\/inicio\\\/index.php\\\/2021\\\/12\\\/14\\\/son-ex-pj-antivacunas-y-piden-a-ziliotto-que-no-implemente-el-pase-sanitario\\\/\"},\"wordCount\":1072,\"publisher\":{\"@id\":\"https:\\\/\\\/diariotextual.com\\\/inicio\\\/#organization\"},\"image\":{\"@id\":\"https:\\\/\\\/diariotextual.com\\\/inicio\\\/index.php\\\/2021\\\/12\\\/14\\\/son-ex-pj-antivacunas-y-piden-a-ziliotto-que-no-implemente-el-pase-sanitario\\\/#primaryimage\"},\"thumbnailUrl\":\"https:\\\/\\\/diariotextual.com\\\/inicio\\\/wp-content\\\/uploads\\\/2021\\\/12\\\/coronaviruspasesanitario2021-1.jpg\",\"keywords\":[\"matalon\",\"otero\"],\"articleSection\":[\"A - PORTADA2\",\"POLITICA\"],\"inLanguage\":\"es\"},{\"@type\":\"WebPage\",\"@id\":\"https:\\\/\\\/diariotextual.com\\\/inicio\\\/index.php\\\/2021\\\/12\\\/14\\\/son-ex-pj-antivacunas-y-piden-a-ziliotto-que-no-implemente-el-pase-sanitario\\\/\",\"url\":\"https:\\\/\\\/diariotextual.com\\\/inicio\\\/index.php\\\/2021\\\/12\\\/14\\\/son-ex-pj-antivacunas-y-piden-a-ziliotto-que-no-implemente-el-pase-sanitario\\\/\",\"name\":\"Son ex PJ y antivacunas y piden a Ziliotto que no implemente el pase sanitario - Diario Textual\",\"isPartOf\":{\"@id\":\"https:\\\/\\\/diariotextual.com\\\/inicio\\\/#website\"},\"primaryImageOfPage\":{\"@id\":\"https:\\\/\\\/diariotextual.com\\\/inicio\\\/index.php\\\/2021\\\/12\\\/14\\\/son-ex-pj-antivacunas-y-piden-a-ziliotto-que-no-implemente-el-pase-sanitario\\\/#primaryimage\"},\"image\":{\"@id\":\"https:\\\/\\\/diariotextual.com\\\/inicio\\\/index.php\\\/2021\\\/12\\\/14\\\/son-ex-pj-antivacunas-y-piden-a-ziliotto-que-no-implemente-el-pase-sanitario\\\/#primaryimage\"},\"thumbnailUrl\":\"https:\\\/\\\/diariotextual.com\\\/inicio\\\/wp-content\\\/uploads\\\/2021\\\/12\\\/coronaviruspasesanitario2021-1.jpg\",\"datePublished\":\"2021-12-14T15:19:23+00:00\",\"dateModified\":\"2021-12-14T20:10:27+00:00\",\"breadcrumb\":{\"@id\":\"https:\\\/\\\/diariotextual.com\\\/inicio\\\/index.php\\\/2021\\\/12\\\/14\\\/son-ex-pj-antivacunas-y-piden-a-ziliotto-que-no-implemente-el-pase-sanitario\\\/#breadcrumb\"},\"inLanguage\":\"es\",\"potentialAction\":[{\"@type\":\"ReadAction\",\"target\":[\"https:\\\/\\\/diariotextual.com\\\/inicio\\\/index.php\\\/2021\\\/12\\\/14\\\/son-ex-pj-antivacunas-y-piden-a-ziliotto-que-no-implemente-el-pase-sanitario\\\/\"]}]},{\"@type\":\"ImageObject\",\"inLanguage\":\"es\",\"@id\":\"https:\\\/\\\/diariotextual.com\\\/inicio\\\/index.php\\\/2021\\\/12\\\/14\\\/son-ex-pj-antivacunas-y-piden-a-ziliotto-que-no-implemente-el-pase-sanitario\\\/#primaryimage\",\"url\":\"https:\\\/\\\/diariotextual.com\\\/inicio\\\/wp-content\\\/uploads\\\/2021\\\/12\\\/coronaviruspasesanitario2021-1.jpg\",\"contentUrl\":\"https:\\\/\\\/diariotextual.com\\\/inicio\\\/wp-content\\\/uploads\\\/2021\\\/12\\\/coronaviruspasesanitario2021-1.jpg\",\"width\":900,\"height\":506},{\"@type\":\"BreadcrumbList\",\"@id\":\"https:\\\/\\\/diariotextual.com\\\/inicio\\\/index.php\\\/2021\\\/12\\\/14\\\/son-ex-pj-antivacunas-y-piden-a-ziliotto-que-no-implemente-el-pase-sanitario\\\/#breadcrumb\",\"itemListElement\":[{\"@type\":\"ListItem\",\"position\":1,\"name\":\"Portada\",\"item\":\"https:\\\/\\\/diariotextual.com\\\/inicio\\\/\"},{\"@type\":\"ListItem\",\"position\":2,\"name\":\"Son ex PJ y antivacunas y piden a Ziliotto que no implemente el pase sanitario\"}]},{\"@type\":\"WebSite\",\"@id\":\"https:\\\/\\\/diariotextual.com\\\/inicio\\\/#website\",\"url\":\"https:\\\/\\\/diariotextual.com\\\/inicio\\\/\",\"name\":\"Diario Textual\",\"description\":\"\",\"publisher\":{\"@id\":\"https:\\\/\\\/diariotextual.com\\\/inicio\\\/#organization\"},\"potentialAction\":[{\"@type\":\"SearchAction\",\"target\":{\"@type\":\"EntryPoint\",\"urlTemplate\":\"https:\\\/\\\/diariotextual.com\\\/inicio\\\/?s={search_term_string}\"},\"query-input\":{\"@type\":\"PropertyValueSpecification\",\"valueRequired\":true,\"valueName\":\"search_term_string\"}}],\"inLanguage\":\"es\"},{\"@type\":\"Organization\",\"@id\":\"https:\\\/\\\/diariotextual.com\\\/inicio\\\/#organization\",\"name\":\"Diario Textual\",\"url\":\"https:\\\/\\\/diariotextual.com\\\/inicio\\\/\",\"logo\":{\"@type\":\"ImageObject\",\"inLanguage\":\"es\",\"@id\":\"https:\\\/\\\/diariotextual.com\\\/inicio\\\/#\\\/schema\\\/logo\\\/image\\\/\",\"url\":\"https:\\\/\\\/diariotextual.com\\\/inicio\\\/wp-content\\\/uploads\\\/2023\\\/05\\\/logotextual1.jpg\",\"contentUrl\":\"https:\\\/\\\/diariotextual.com\\\/inicio\\\/wp-content\\\/uploads\\\/2023\\\/05\\\/logotextual1.jpg\",\"width\":516,\"height\":76,\"caption\":\"Diario Textual\"},\"image\":{\"@id\":\"https:\\\/\\\/diariotextual.com\\\/inicio\\\/#\\\/schema\\\/logo\\\/image\\\/\"},\"sameAs\":[\"https:\\\/\\\/www.facebook.com\\\/eltextual\",\"https:\\\/\\\/x.com\\\/eltextual\",\"http:\\\/\\\/www.instagram.com\\\/eltextual\"]},{\"@type\":\"Person\",\"@id\":\"https:\\\/\\\/diariotextual.com\\\/inicio\\\/#\\\/schema\\\/person\\\/418fc4093c33e86ed41562db3508f958\",\"name\":\"Diario1 Diario1\",\"image\":{\"@type\":\"ImageObject\",\"inLanguage\":\"es\",\"@id\":\"https:\\\/\\\/secure.gravatar.com\\\/avatar\\\/9167d280179c85bc18be67aa7eda765854300033af4896dd779b608640f2ef7a?s=96&d=mm&r=g\",\"url\":\"https:\\\/\\\/secure.gravatar.com\\\/avatar\\\/9167d280179c85bc18be67aa7eda765854300033af4896dd779b608640f2ef7a?s=96&d=mm&r=g\",\"contentUrl\":\"https:\\\/\\\/secure.gravatar.com\\\/avatar\\\/9167d280179c85bc18be67aa7eda765854300033af4896dd779b608640f2ef7a?s=96&d=mm&r=g\",\"caption\":\"Diario1 Diario1\"},\"url\":\"https:\\\/\\\/diariotextual.com\\\/inicio\\\/index.php\\\/author\\\/diario1\\\/\"}]}<\/script>\n<!-- \/ Yoast SEO plugin. -->","yoast_head_json":{"title":"Son ex PJ y antivacunas y piden a Ziliotto que no implemente el pase sanitario - Diario Textual","robots":{"index":"index","follow":"follow","max-snippet":"max-snippet:-1","max-image-preview":"max-image-preview:large","max-video-preview":"max-video-preview:-1"},"canonical":"https:\/\/diariotextual.com\/inicio\/index.php\/2021\/12\/14\/son-ex-pj-antivacunas-y-piden-a-ziliotto-que-no-implemente-el-pase-sanitario\/","og_locale":"es_ES","og_type":"article","og_title":"Son ex PJ y antivacunas y piden a Ziliotto que no implemente el pase sanitario - Diario Textual","og_description":"Patricia Matal\u00f3n y Marcelo Otero, dos exdirigentes del Partido Justicialista, calificaron de \u201cilegal\u201d el pase sanitario que ya anunci\u00f3 el Gobierno pampeano y le pidieron al gobernador Sergio Ziliotto que&hellip;","og_url":"https:\/\/diariotextual.com\/inicio\/index.php\/2021\/12\/14\/son-ex-pj-antivacunas-y-piden-a-ziliotto-que-no-implemente-el-pase-sanitario\/","og_site_name":"Diario Textual","article_publisher":"https:\/\/www.facebook.com\/eltextual","article_published_time":"2021-12-14T15:19:23+00:00","article_modified_time":"2021-12-14T20:10:27+00:00","og_image":[{"width":900,"height":506,"url":"https:\/\/diariotextual.com\/inicio\/wp-content\/uploads\/2021\/12\/coronaviruspasesanitario2021-1.jpg","type":"image\/jpeg"}],"author":"Diario1 Diario1","twitter_card":"summary_large_image","twitter_creator":"@eltextual","twitter_site":"@eltextual","twitter_misc":{"Escrito por":"Diario1 Diario1","Tiempo de lectura":"5 minutos"},"schema":{"@context":"https:\/\/schema.org","@graph":[{"@type":"Article","@id":"https:\/\/diariotextual.com\/inicio\/index.php\/2021\/12\/14\/son-ex-pj-antivacunas-y-piden-a-ziliotto-que-no-implemente-el-pase-sanitario\/#article","isPartOf":{"@id":"https:\/\/diariotextual.com\/inicio\/index.php\/2021\/12\/14\/son-ex-pj-antivacunas-y-piden-a-ziliotto-que-no-implemente-el-pase-sanitario\/"},"author":{"name":"Diario1 Diario1","@id":"https:\/\/diariotextual.com\/inicio\/#\/schema\/person\/418fc4093c33e86ed41562db3508f958"},"headline":"Son ex PJ y antivacunas y piden a Ziliotto que no implemente el pase sanitario","datePublished":"2021-12-14T15:19:23+00:00","dateModified":"2021-12-14T20:10:27+00:00","mainEntityOfPage":{"@id":"https:\/\/diariotextual.com\/inicio\/index.php\/2021\/12\/14\/son-ex-pj-antivacunas-y-piden-a-ziliotto-que-no-implemente-el-pase-sanitario\/"},"wordCount":1072,"publisher":{"@id":"https:\/\/diariotextual.com\/inicio\/#organization"},"image":{"@id":"https:\/\/diariotextual.com\/inicio\/index.php\/2021\/12\/14\/son-ex-pj-antivacunas-y-piden-a-ziliotto-que-no-implemente-el-pase-sanitario\/#primaryimage"},"thumbnailUrl":"https:\/\/diariotextual.com\/inicio\/wp-content\/uploads\/2021\/12\/coronaviruspasesanitario2021-1.jpg","keywords":["matalon","otero"],"articleSection":["A - PORTADA2","POLITICA"],"inLanguage":"es"},{"@type":"WebPage","@id":"https:\/\/diariotextual.com\/inicio\/index.php\/2021\/12\/14\/son-ex-pj-antivacunas-y-piden-a-ziliotto-que-no-implemente-el-pase-sanitario\/","url":"https:\/\/diariotextual.com\/inicio\/index.php\/2021\/12\/14\/son-ex-pj-antivacunas-y-piden-a-ziliotto-que-no-implemente-el-pase-sanitario\/","name":"Son ex PJ y antivacunas y piden a Ziliotto que no implemente el pase sanitario - Diario Textual","isPartOf":{"@id":"https:\/\/diariotextual.com\/inicio\/#website"},"primaryImageOfPage":{"@id":"https:\/\/diariotextual.com\/inicio\/index.php\/2021\/12\/14\/son-ex-pj-antivacunas-y-piden-a-ziliotto-que-no-implemente-el-pase-sanitario\/#primaryimage"},"image":{"@id":"https:\/\/diariotextual.com\/inicio\/index.php\/2021\/12\/14\/son-ex-pj-antivacunas-y-piden-a-ziliotto-que-no-implemente-el-pase-sanitario\/#primaryimage"},"thumbnailUrl":"https:\/\/diariotextual.com\/inicio\/wp-content\/uploads\/2021\/12\/coronaviruspasesanitario2021-1.jpg","datePublished":"2021-12-14T15:19:23+00:00","dateModified":"2021-12-14T20:10:27+00:00","breadcrumb":{"@id":"https:\/\/diariotextual.com\/inicio\/index.php\/2021\/12\/14\/son-ex-pj-antivacunas-y-piden-a-ziliotto-que-no-implemente-el-pase-sanitario\/#breadcrumb"},"inLanguage":"es","potentialAction":[{"@type":"ReadAction","target":["https:\/\/diariotextual.com\/inicio\/index.php\/2021\/12\/14\/son-ex-pj-antivacunas-y-piden-a-ziliotto-que-no-implemente-el-pase-sanitario\/"]}]},{"@type":"ImageObject","inLanguage":"es","@id":"https:\/\/diariotextual.com\/inicio\/index.php\/2021\/12\/14\/son-ex-pj-antivacunas-y-piden-a-ziliotto-que-no-implemente-el-pase-sanitario\/#primaryimage","url":"https:\/\/diariotextual.com\/inicio\/wp-content\/uploads\/2021\/12\/coronaviruspasesanitario2021-1.jpg","contentUrl":"https:\/\/diariotextual.com\/inicio\/wp-content\/uploads\/2021\/12\/coronaviruspasesanitario2021-1.jpg","width":900,"height":506},{"@type":"BreadcrumbList","@id":"https:\/\/diariotextual.com\/inicio\/index.php\/2021\/12\/14\/son-ex-pj-antivacunas-y-piden-a-ziliotto-que-no-implemente-el-pase-sanitario\/#breadcrumb","itemListElement":[{"@type":"ListItem","position":1,"name":"Portada","item":"https:\/\/diariotextual.com\/inicio\/"},{"@type":"ListItem","position":2,"name":"Son ex PJ y antivacunas y piden a Ziliotto que no implemente el pase sanitario"}]},{"@type":"WebSite","@id":"https:\/\/diariotextual.com\/inicio\/#website","url":"https:\/\/diariotextual.com\/inicio\/","name":"Diario Textual","description":"","publisher":{"@id":"https:\/\/diariotextual.com\/inicio\/#organization"},"potentialAction":[{"@type":"SearchAction","target":{"@type":"EntryPoint","urlTemplate":"https:\/\/diariotextual.com\/inicio\/?s={search_term_string}"},"query-input":{"@type":"PropertyValueSpecification","valueRequired":true,"valueName":"search_term_string"}}],"inLanguage":"es"},{"@type":"Organization","@id":"https:\/\/diariotextual.com\/inicio\/#organization","name":"Diario Textual","url":"https:\/\/diariotextual.com\/inicio\/","logo":{"@type":"ImageObject","inLanguage":"es","@id":"https:\/\/diariotextual.com\/inicio\/#\/schema\/logo\/image\/","url":"https:\/\/diariotextual.com\/inicio\/wp-content\/uploads\/2023\/05\/logotextual1.jpg","contentUrl":"https:\/\/diariotextual.com\/inicio\/wp-content\/uploads\/2023\/05\/logotextual1.jpg","width":516,"height":76,"caption":"Diario Textual"},"image":{"@id":"https:\/\/diariotextual.com\/inicio\/#\/schema\/logo\/image\/"},"sameAs":["https:\/\/www.facebook.com\/eltextual","https:\/\/x.com\/eltextual","http:\/\/www.instagram.com\/eltextual"]},{"@type":"Person","@id":"https:\/\/diariotextual.com\/inicio\/#\/schema\/person\/418fc4093c33e86ed41562db3508f958","name":"Diario1 Diario1","image":{"@type":"ImageObject","inLanguage":"es","@id":"https:\/\/secure.gravatar.com\/avatar\/9167d280179c85bc18be67aa7eda765854300033af4896dd779b608640f2ef7a?s=96&d=mm&r=g","url":"https:\/\/secure.gravatar.com\/avatar\/9167d280179c85bc18be67aa7eda765854300033af4896dd779b608640f2ef7a?s=96&d=mm&r=g","contentUrl":"https:\/\/secure.gravatar.com\/avatar\/9167d280179c85bc18be67aa7eda765854300033af4896dd779b608640f2ef7a?s=96&d=mm&r=g","caption":"Diario1 Diario1"},"url":"https:\/\/diariotextual.com\/inicio\/index.php\/author\/diario1\/"}]}},"_links":{"self":[{"href":"https:\/\/diariotextual.com\/inicio\/index.php\/wp-json\/wp\/v2\/posts\/172762","targetHints":{"allow":["GET"]}}],"collection":[{"href":"https:\/\/diariotextual.com\/inicio\/index.php\/wp-json\/wp\/v2\/posts"}],"about":[{"href":"https:\/\/diariotextual.com\/inicio\/index.php\/wp-json\/wp\/v2\/types\/post"}],"author":[{"embeddable":true,"href":"https:\/\/diariotextual.com\/inicio\/index.php\/wp-json\/wp\/v2\/users\/3"}],"replies":[{"embeddable":true,"href":"https:\/\/diariotextual.com\/inicio\/index.php\/wp-json\/wp\/v2\/comments?post=172762"}],"version-history":[{"count":8,"href":"https:\/\/diariotextual.com\/inicio\/index.php\/wp-json\/wp\/v2\/posts\/172762\/revisions"}],"predecessor-version":[{"id":172775,"href":"https:\/\/diariotextual.com\/inicio\/index.php\/wp-json\/wp\/v2\/posts\/172762\/revisions\/172775"}],"wp:featuredmedia":[{"embeddable":true,"href":"https:\/\/diariotextual.com\/inicio\/index.php\/wp-json\/wp\/v2\/media\/172492"}],"wp:attachment":[{"href":"https:\/\/diariotextual.com\/inicio\/index.php\/wp-json\/wp\/v2\/media?parent=172762"}],"wp:term":[{"taxonomy":"category","embeddable":true,"href":"https:\/\/diariotextual.com\/inicio\/index.php\/wp-json\/wp\/v2\/categories?post=172762"},{"taxonomy":"post_tag","embeddable":true,"href":"https:\/\/diariotextual.com\/inicio\/index.php\/wp-json\/wp\/v2\/tags?post=172762"}],"curies":[{"name":"wp","href":"https:\/\/api.w.org\/{rel}","templated":true}]}}