{"id":172865,"date":"2021-12-15T10:17:34","date_gmt":"2021-12-15T13:17:34","guid":{"rendered":"https:\/\/diariotextual.com\/inicio\/?p=172865"},"modified":"2021-12-15T16:37:55","modified_gmt":"2021-12-15T19:37:55","slug":"marcantonio-asumio-en-la-ucr-los-invito-a-ganar-en-2023","status":"publish","type":"post","link":"https:\/\/diariotextual.com\/inicio\/index.php\/2021\/12\/15\/marcantonio-asumio-en-la-ucr-los-invito-a-ganar-en-2023\/","title":{"rendered":"Marcantonio asumi\u00f3 en la UCR: \u201cLos invito a ganar en 2023\u201d"},"content":{"rendered":"\n<p>El flamante presidente del Comit\u00e9 Provincia de la UCR, <strong>Diego Marcantonio<\/strong>, dijo que el partido tiene que trabajar para ser gobierno en el 2023. <strong>\u201cLos invito a ganar en 2023\u201d<\/strong>, expres\u00f3.<\/p>\n\n\n\n<p>Marcantonio, cercano al senador Daniel Kroneberger, asumi\u00f3 el martes la titularidad del Comit\u00e9 Provincia. En su discurso de asunci\u00f3n dijo: <strong>\u201cNuestro objetivo de m\u00e1xima como partido es el 2023. No hay lugar para titubeos: tenemos que ser gobierno\u201d<\/strong>.<\/p>\n\n\n\n<p>\u201cLa ciudadan\u00eda en general y el pampeano por sobre todas las cosas se expres\u00f3. Hay mucho para leer, pero a simple vista se puede ver que&nbsp;hay un hartazgo con el partido gobernante. La gente nos pide que dejemos de ser oposici\u00f3n y que seamos gobierno. Tenemos que llevar adelante la bandera del recambio\u201d, remarc\u00f3.<\/p>\n\n\n\n<p>\u201cHoy conformamos un frente (NdeR: Juntos por el Cambio) al cual hay que fortalecer, conocerlo m\u00e1s y ampliarlo si hace falta. Es fundamental ganar&nbsp;cada uno de nuestros pueblos porque si no ganamos los pueblos no hay posibilidad en la provincia\u201d, sostuvo.<\/p>\n\n\n\n<p>\u201cEl justicialismo perdi\u00f3 la calle, pero todav\u00eda no hemos llegado nosotros. Hay que dialogar y caminar. Tenemos que escuchar al ciudadano, interpretarlo lo mejor posible. Hay que invitarlo a trabajar en un proyecto de provincia real, concreto y palpable. El vecino debe sentirlo como propio. No busquemos excusas y no busquemos peleas.&nbsp;Tenemos que saber que el adversario no est\u00e1 en nuestro partido. El adversario es todo aquel que no trabaje para mejorar la provincia\u201d, agreg\u00f3.<\/p>\n","protected":false},"excerpt":{"rendered":"<p>El flamante presidente del Comit\u00e9 Provincia de la UCR, Diego Marcantonio, dijo que el partido tiene que trabajar para ser gobierno en el 2023. \u201cLos invito a ganar en 2023\u201d,&hellip;<\/p>\n","protected":false},"author":7,"featured_media":133489,"comment_status":"closed","ping_status":"open","sticky":false,"template":"","format":"standard","meta":{"_acf_changed":false,"footnotes":""},"categories":[10,8],"tags":[4989],"class_list":["post-172865","post","type-post","status-publish","format-standard","has-post-thumbnail","hentry","category-portada-2","category-politica","tag-marcantonio"],"acf":[],"yoast_head":"<!-- This site is optimized with the Yoast SEO plugin v27.5 - https:\/\/yoast.com\/product\/yoast-seo-wordpress\/ -->\n<title>Marcantonio asumi\u00f3 en la UCR: \u201cLos invito a ganar en 2023\u201d - Diario Textual<\/title>\n<meta name=\"robots\" content=\"index, follow, max-snippet:-1, max-image-preview:large, max-video-preview:-1\" \/>\n<link rel=\"canonical\" href=\"https:\/\/diariotextual.com\/inicio\/index.php\/2021\/12\/15\/marcantonio-asumio-en-la-ucr-los-invito-a-ganar-en-2023\/\" \/>\n<meta property=\"og:locale\" content=\"es_ES\" \/>\n<meta property=\"og:type\" content=\"article\" \/>\n<meta property=\"og:title\" content=\"Marcantonio asumi\u00f3 en la UCR: \u201cLos invito a ganar en 2023\u201d - Diario Textual\" \/>\n<meta property=\"og:description\" content=\"El flamante presidente del Comit\u00e9 Provincia de la UCR, Diego Marcantonio, dijo que el partido tiene que trabajar para ser gobierno en el 2023. \u201cLos invito a ganar en 2023\u201d,&hellip;\" \/>\n<meta property=\"og:url\" content=\"https:\/\/diariotextual.com\/inicio\/index.php\/2021\/12\/15\/marcantonio-asumio-en-la-ucr-los-invito-a-ganar-en-2023\/\" \/>\n<meta property=\"og:site_name\" content=\"Diario Textual\" \/>\n<meta property=\"article:publisher\" content=\"https:\/\/www.facebook.com\/eltextual\" \/>\n<meta property=\"article:published_time\" content=\"2021-12-15T13:17:34+00:00\" \/>\n<meta property=\"article:modified_time\" content=\"2021-12-15T19:37:55+00:00\" \/>\n<meta property=\"og:image\" content=\"https:\/\/diariotextual.com\/inicio\/wp-content\/uploads\/2021\/02\/marcantoniodiego002.jpg\" \/>\n\t<meta property=\"og:image:width\" content=\"680\" \/>\n\t<meta property=\"og:image:height\" content=\"456\" \/>\n\t<meta property=\"og:image:type\" content=\"image\/jpeg\" \/>\n<meta name=\"author\" content=\"diario5\" \/>\n<meta name=\"twitter:card\" content=\"summary_large_image\" \/>\n<meta name=\"twitter:creator\" content=\"@eltextual\" \/>\n<meta name=\"twitter:site\" content=\"@eltextual\" \/>\n<meta name=\"twitter:label1\" content=\"Escrito por\" \/>\n\t<meta name=\"twitter:data1\" content=\"diario5\" \/>\n\t<meta name=\"twitter:label2\" content=\"Tiempo de lectura\" \/>\n\t<meta name=\"twitter:data2\" content=\"2 minutos\" \/>\n<script type=\"application\/ld+json\" class=\"yoast-schema-graph\">{\"@context\":\"https:\\\/\\\/schema.org\",\"@graph\":[{\"@type\":\"Article\",\"@id\":\"https:\\\/\\\/diariotextual.com\\\/inicio\\\/index.php\\\/2021\\\/12\\\/15\\\/marcantonio-asumio-en-la-ucr-los-invito-a-ganar-en-2023\\\/#article\",\"isPartOf\":{\"@id\":\"https:\\\/\\\/diariotextual.com\\\/inicio\\\/index.php\\\/2021\\\/12\\\/15\\\/marcantonio-asumio-en-la-ucr-los-invito-a-ganar-en-2023\\\/\"},\"author\":{\"name\":\"diario5\",\"@id\":\"https:\\\/\\\/diariotextual.com\\\/inicio\\\/#\\\/schema\\\/person\\\/c7834961ad8b29b1d9cdbf4571299067\"},\"headline\":\"Marcantonio asumi\u00f3 en la UCR: \u201cLos invito a ganar en 2023\u201d\",\"datePublished\":\"2021-12-15T13:17:34+00:00\",\"dateModified\":\"2021-12-15T19:37:55+00:00\",\"mainEntityOfPage\":{\"@id\":\"https:\\\/\\\/diariotextual.com\\\/inicio\\\/index.php\\\/2021\\\/12\\\/15\\\/marcantonio-asumio-en-la-ucr-los-invito-a-ganar-en-2023\\\/\"},\"wordCount\":258,\"publisher\":{\"@id\":\"https:\\\/\\\/diariotextual.com\\\/inicio\\\/#organization\"},\"image\":{\"@id\":\"https:\\\/\\\/diariotextual.com\\\/inicio\\\/index.php\\\/2021\\\/12\\\/15\\\/marcantonio-asumio-en-la-ucr-los-invito-a-ganar-en-2023\\\/#primaryimage\"},\"thumbnailUrl\":\"https:\\\/\\\/diariotextual.com\\\/inicio\\\/wp-content\\\/uploads\\\/2021\\\/02\\\/marcantoniodiego002.jpg\",\"keywords\":[\"marcantonio\"],\"articleSection\":[\"A - PORTADA2\",\"POLITICA\"],\"inLanguage\":\"es\"},{\"@type\":\"WebPage\",\"@id\":\"https:\\\/\\\/diariotextual.com\\\/inicio\\\/index.php\\\/2021\\\/12\\\/15\\\/marcantonio-asumio-en-la-ucr-los-invito-a-ganar-en-2023\\\/\",\"url\":\"https:\\\/\\\/diariotextual.com\\\/inicio\\\/index.php\\\/2021\\\/12\\\/15\\\/marcantonio-asumio-en-la-ucr-los-invito-a-ganar-en-2023\\\/\",\"name\":\"Marcantonio asumi\u00f3 en la UCR: \u201cLos invito a ganar en 2023\u201d - Diario Textual\",\"isPartOf\":{\"@id\":\"https:\\\/\\\/diariotextual.com\\\/inicio\\\/#website\"},\"primaryImageOfPage\":{\"@id\":\"https:\\\/\\\/diariotextual.com\\\/inicio\\\/index.php\\\/2021\\\/12\\\/15\\\/marcantonio-asumio-en-la-ucr-los-invito-a-ganar-en-2023\\\/#primaryimage\"},\"image\":{\"@id\":\"https:\\\/\\\/diariotextual.com\\\/inicio\\\/index.php\\\/2021\\\/12\\\/15\\\/marcantonio-asumio-en-la-ucr-los-invito-a-ganar-en-2023\\\/#primaryimage\"},\"thumbnailUrl\":\"https:\\\/\\\/diariotextual.com\\\/inicio\\\/wp-content\\\/uploads\\\/2021\\\/02\\\/marcantoniodiego002.jpg\",\"datePublished\":\"2021-12-15T13:17:34+00:00\",\"dateModified\":\"2021-12-15T19:37:55+00:00\",\"breadcrumb\":{\"@id\":\"https:\\\/\\\/diariotextual.com\\\/inicio\\\/index.php\\\/2021\\\/12\\\/15\\\/marcantonio-asumio-en-la-ucr-los-invito-a-ganar-en-2023\\\/#breadcrumb\"},\"inLanguage\":\"es\",\"potentialAction\":[{\"@type\":\"ReadAction\",\"target\":[\"https:\\\/\\\/diariotextual.com\\\/inicio\\\/index.php\\\/2021\\\/12\\\/15\\\/marcantonio-asumio-en-la-ucr-los-invito-a-ganar-en-2023\\\/\"]}]},{\"@type\":\"ImageObject\",\"inLanguage\":\"es\",\"@id\":\"https:\\\/\\\/diariotextual.com\\\/inicio\\\/index.php\\\/2021\\\/12\\\/15\\\/marcantonio-asumio-en-la-ucr-los-invito-a-ganar-en-2023\\\/#primaryimage\",\"url\":\"https:\\\/\\\/diariotextual.com\\\/inicio\\\/wp-content\\\/uploads\\\/2021\\\/02\\\/marcantoniodiego002.jpg\",\"contentUrl\":\"https:\\\/\\\/diariotextual.com\\\/inicio\\\/wp-content\\\/uploads\\\/2021\\\/02\\\/marcantoniodiego002.jpg\",\"width\":680,\"height\":456},{\"@type\":\"BreadcrumbList\",\"@id\":\"https:\\\/\\\/diariotextual.com\\\/inicio\\\/index.php\\\/2021\\\/12\\\/15\\\/marcantonio-asumio-en-la-ucr-los-invito-a-ganar-en-2023\\\/#breadcrumb\",\"itemListElement\":[{\"@type\":\"ListItem\",\"position\":1,\"name\":\"Portada\",\"item\":\"https:\\\/\\\/diariotextual.com\\\/inicio\\\/\"},{\"@type\":\"ListItem\",\"position\":2,\"name\":\"Marcantonio asumi\u00f3 en la UCR: \u201cLos invito a ganar en 2023\u201d\"}]},{\"@type\":\"WebSite\",\"@id\":\"https:\\\/\\\/diariotextual.com\\\/inicio\\\/#website\",\"url\":\"https:\\\/\\\/diariotextual.com\\\/inicio\\\/\",\"name\":\"Diario Textual\",\"description\":\"\",\"publisher\":{\"@id\":\"https:\\\/\\\/diariotextual.com\\\/inicio\\\/#organization\"},\"potentialAction\":[{\"@type\":\"SearchAction\",\"target\":{\"@type\":\"EntryPoint\",\"urlTemplate\":\"https:\\\/\\\/diariotextual.com\\\/inicio\\\/?s={search_term_string}\"},\"query-input\":{\"@type\":\"PropertyValueSpecification\",\"valueRequired\":true,\"valueName\":\"search_term_string\"}}],\"inLanguage\":\"es\"},{\"@type\":\"Organization\",\"@id\":\"https:\\\/\\\/diariotextual.com\\\/inicio\\\/#organization\",\"name\":\"Diario Textual\",\"url\":\"https:\\\/\\\/diariotextual.com\\\/inicio\\\/\",\"logo\":{\"@type\":\"ImageObject\",\"inLanguage\":\"es\",\"@id\":\"https:\\\/\\\/diariotextual.com\\\/inicio\\\/#\\\/schema\\\/logo\\\/image\\\/\",\"url\":\"https:\\\/\\\/diariotextual.com\\\/inicio\\\/wp-content\\\/uploads\\\/2023\\\/05\\\/logotextual1.jpg\",\"contentUrl\":\"https:\\\/\\\/diariotextual.com\\\/inicio\\\/wp-content\\\/uploads\\\/2023\\\/05\\\/logotextual1.jpg\",\"width\":516,\"height\":76,\"caption\":\"Diario Textual\"},\"image\":{\"@id\":\"https:\\\/\\\/diariotextual.com\\\/inicio\\\/#\\\/schema\\\/logo\\\/image\\\/\"},\"sameAs\":[\"https:\\\/\\\/www.facebook.com\\\/eltextual\",\"https:\\\/\\\/x.com\\\/eltextual\",\"http:\\\/\\\/www.instagram.com\\\/eltextual\"]},{\"@type\":\"Person\",\"@id\":\"https:\\\/\\\/diariotextual.com\\\/inicio\\\/#\\\/schema\\\/person\\\/c7834961ad8b29b1d9cdbf4571299067\",\"name\":\"diario5\",\"image\":{\"@type\":\"ImageObject\",\"inLanguage\":\"es\",\"@id\":\"https:\\\/\\\/secure.gravatar.com\\\/avatar\\\/948c893b847ca6df68216ead81b63f363408ec9b0f600fefc0641ce78613b111?s=96&d=mm&r=g\",\"url\":\"https:\\\/\\\/secure.gravatar.com\\\/avatar\\\/948c893b847ca6df68216ead81b63f363408ec9b0f600fefc0641ce78613b111?s=96&d=mm&r=g\",\"contentUrl\":\"https:\\\/\\\/secure.gravatar.com\\\/avatar\\\/948c893b847ca6df68216ead81b63f363408ec9b0f600fefc0641ce78613b111?s=96&d=mm&r=g\",\"caption\":\"diario5\"},\"url\":\"https:\\\/\\\/diariotextual.com\\\/inicio\\\/index.php\\\/author\\\/diario5\\\/\"}]}<\/script>\n<!-- \/ Yoast SEO plugin. -->","yoast_head_json":{"title":"Marcantonio asumi\u00f3 en la UCR: \u201cLos invito a ganar en 2023\u201d - Diario Textual","robots":{"index":"index","follow":"follow","max-snippet":"max-snippet:-1","max-image-preview":"max-image-preview:large","max-video-preview":"max-video-preview:-1"},"canonical":"https:\/\/diariotextual.com\/inicio\/index.php\/2021\/12\/15\/marcantonio-asumio-en-la-ucr-los-invito-a-ganar-en-2023\/","og_locale":"es_ES","og_type":"article","og_title":"Marcantonio asumi\u00f3 en la UCR: \u201cLos invito a ganar en 2023\u201d - Diario Textual","og_description":"El flamante presidente del Comit\u00e9 Provincia de la UCR, Diego Marcantonio, dijo que el partido tiene que trabajar para ser gobierno en el 2023. \u201cLos invito a ganar en 2023\u201d,&hellip;","og_url":"https:\/\/diariotextual.com\/inicio\/index.php\/2021\/12\/15\/marcantonio-asumio-en-la-ucr-los-invito-a-ganar-en-2023\/","og_site_name":"Diario Textual","article_publisher":"https:\/\/www.facebook.com\/eltextual","article_published_time":"2021-12-15T13:17:34+00:00","article_modified_time":"2021-12-15T19:37:55+00:00","og_image":[{"width":680,"height":456,"url":"https:\/\/diariotextual.com\/inicio\/wp-content\/uploads\/2021\/02\/marcantoniodiego002.jpg","type":"image\/jpeg"}],"author":"diario5","twitter_card":"summary_large_image","twitter_creator":"@eltextual","twitter_site":"@eltextual","twitter_misc":{"Escrito por":"diario5","Tiempo de lectura":"2 minutos"},"schema":{"@context":"https:\/\/schema.org","@graph":[{"@type":"Article","@id":"https:\/\/diariotextual.com\/inicio\/index.php\/2021\/12\/15\/marcantonio-asumio-en-la-ucr-los-invito-a-ganar-en-2023\/#article","isPartOf":{"@id":"https:\/\/diariotextual.com\/inicio\/index.php\/2021\/12\/15\/marcantonio-asumio-en-la-ucr-los-invito-a-ganar-en-2023\/"},"author":{"name":"diario5","@id":"https:\/\/diariotextual.com\/inicio\/#\/schema\/person\/c7834961ad8b29b1d9cdbf4571299067"},"headline":"Marcantonio asumi\u00f3 en la UCR: \u201cLos invito a ganar en 2023\u201d","datePublished":"2021-12-15T13:17:34+00:00","dateModified":"2021-12-15T19:37:55+00:00","mainEntityOfPage":{"@id":"https:\/\/diariotextual.com\/inicio\/index.php\/2021\/12\/15\/marcantonio-asumio-en-la-ucr-los-invito-a-ganar-en-2023\/"},"wordCount":258,"publisher":{"@id":"https:\/\/diariotextual.com\/inicio\/#organization"},"image":{"@id":"https:\/\/diariotextual.com\/inicio\/index.php\/2021\/12\/15\/marcantonio-asumio-en-la-ucr-los-invito-a-ganar-en-2023\/#primaryimage"},"thumbnailUrl":"https:\/\/diariotextual.com\/inicio\/wp-content\/uploads\/2021\/02\/marcantoniodiego002.jpg","keywords":["marcantonio"],"articleSection":["A - PORTADA2","POLITICA"],"inLanguage":"es"},{"@type":"WebPage","@id":"https:\/\/diariotextual.com\/inicio\/index.php\/2021\/12\/15\/marcantonio-asumio-en-la-ucr-los-invito-a-ganar-en-2023\/","url":"https:\/\/diariotextual.com\/inicio\/index.php\/2021\/12\/15\/marcantonio-asumio-en-la-ucr-los-invito-a-ganar-en-2023\/","name":"Marcantonio asumi\u00f3 en la UCR: \u201cLos invito a ganar en 2023\u201d - Diario Textual","isPartOf":{"@id":"https:\/\/diariotextual.com\/inicio\/#website"},"primaryImageOfPage":{"@id":"https:\/\/diariotextual.com\/inicio\/index.php\/2021\/12\/15\/marcantonio-asumio-en-la-ucr-los-invito-a-ganar-en-2023\/#primaryimage"},"image":{"@id":"https:\/\/diariotextual.com\/inicio\/index.php\/2021\/12\/15\/marcantonio-asumio-en-la-ucr-los-invito-a-ganar-en-2023\/#primaryimage"},"thumbnailUrl":"https:\/\/diariotextual.com\/inicio\/wp-content\/uploads\/2021\/02\/marcantoniodiego002.jpg","datePublished":"2021-12-15T13:17:34+00:00","dateModified":"2021-12-15T19:37:55+00:00","breadcrumb":{"@id":"https:\/\/diariotextual.com\/inicio\/index.php\/2021\/12\/15\/marcantonio-asumio-en-la-ucr-los-invito-a-ganar-en-2023\/#breadcrumb"},"inLanguage":"es","potentialAction":[{"@type":"ReadAction","target":["https:\/\/diariotextual.com\/inicio\/index.php\/2021\/12\/15\/marcantonio-asumio-en-la-ucr-los-invito-a-ganar-en-2023\/"]}]},{"@type":"ImageObject","inLanguage":"es","@id":"https:\/\/diariotextual.com\/inicio\/index.php\/2021\/12\/15\/marcantonio-asumio-en-la-ucr-los-invito-a-ganar-en-2023\/#primaryimage","url":"https:\/\/diariotextual.com\/inicio\/wp-content\/uploads\/2021\/02\/marcantoniodiego002.jpg","contentUrl":"https:\/\/diariotextual.com\/inicio\/wp-content\/uploads\/2021\/02\/marcantoniodiego002.jpg","width":680,"height":456},{"@type":"BreadcrumbList","@id":"https:\/\/diariotextual.com\/inicio\/index.php\/2021\/12\/15\/marcantonio-asumio-en-la-ucr-los-invito-a-ganar-en-2023\/#breadcrumb","itemListElement":[{"@type":"ListItem","position":1,"name":"Portada","item":"https:\/\/diariotextual.com\/inicio\/"},{"@type":"ListItem","position":2,"name":"Marcantonio asumi\u00f3 en la UCR: \u201cLos invito a ganar en 2023\u201d"}]},{"@type":"WebSite","@id":"https:\/\/diariotextual.com\/inicio\/#website","url":"https:\/\/diariotextual.com\/inicio\/","name":"Diario Textual","description":"","publisher":{"@id":"https:\/\/diariotextual.com\/inicio\/#organization"},"potentialAction":[{"@type":"SearchAction","target":{"@type":"EntryPoint","urlTemplate":"https:\/\/diariotextual.com\/inicio\/?s={search_term_string}"},"query-input":{"@type":"PropertyValueSpecification","valueRequired":true,"valueName":"search_term_string"}}],"inLanguage":"es"},{"@type":"Organization","@id":"https:\/\/diariotextual.com\/inicio\/#organization","name":"Diario Textual","url":"https:\/\/diariotextual.com\/inicio\/","logo":{"@type":"ImageObject","inLanguage":"es","@id":"https:\/\/diariotextual.com\/inicio\/#\/schema\/logo\/image\/","url":"https:\/\/diariotextual.com\/inicio\/wp-content\/uploads\/2023\/05\/logotextual1.jpg","contentUrl":"https:\/\/diariotextual.com\/inicio\/wp-content\/uploads\/2023\/05\/logotextual1.jpg","width":516,"height":76,"caption":"Diario Textual"},"image":{"@id":"https:\/\/diariotextual.com\/inicio\/#\/schema\/logo\/image\/"},"sameAs":["https:\/\/www.facebook.com\/eltextual","https:\/\/x.com\/eltextual","http:\/\/www.instagram.com\/eltextual"]},{"@type":"Person","@id":"https:\/\/diariotextual.com\/inicio\/#\/schema\/person\/c7834961ad8b29b1d9cdbf4571299067","name":"diario5","image":{"@type":"ImageObject","inLanguage":"es","@id":"https:\/\/secure.gravatar.com\/avatar\/948c893b847ca6df68216ead81b63f363408ec9b0f600fefc0641ce78613b111?s=96&d=mm&r=g","url":"https:\/\/secure.gravatar.com\/avatar\/948c893b847ca6df68216ead81b63f363408ec9b0f600fefc0641ce78613b111?s=96&d=mm&r=g","contentUrl":"https:\/\/secure.gravatar.com\/avatar\/948c893b847ca6df68216ead81b63f363408ec9b0f600fefc0641ce78613b111?s=96&d=mm&r=g","caption":"diario5"},"url":"https:\/\/diariotextual.com\/inicio\/index.php\/author\/diario5\/"}]}},"_links":{"self":[{"href":"https:\/\/diariotextual.com\/inicio\/index.php\/wp-json\/wp\/v2\/posts\/172865","targetHints":{"allow":["GET"]}}],"collection":[{"href":"https:\/\/diariotextual.com\/inicio\/index.php\/wp-json\/wp\/v2\/posts"}],"about":[{"href":"https:\/\/diariotextual.com\/inicio\/index.php\/wp-json\/wp\/v2\/types\/post"}],"author":[{"embeddable":true,"href":"https:\/\/diariotextual.com\/inicio\/index.php\/wp-json\/wp\/v2\/users\/7"}],"replies":[{"embeddable":true,"href":"https:\/\/diariotextual.com\/inicio\/index.php\/wp-json\/wp\/v2\/comments?post=172865"}],"version-history":[{"count":2,"href":"https:\/\/diariotextual.com\/inicio\/index.php\/wp-json\/wp\/v2\/posts\/172865\/revisions"}],"predecessor-version":[{"id":172885,"href":"https:\/\/diariotextual.com\/inicio\/index.php\/wp-json\/wp\/v2\/posts\/172865\/revisions\/172885"}],"wp:featuredmedia":[{"embeddable":true,"href":"https:\/\/diariotextual.com\/inicio\/index.php\/wp-json\/wp\/v2\/media\/133489"}],"wp:attachment":[{"href":"https:\/\/diariotextual.com\/inicio\/index.php\/wp-json\/wp\/v2\/media?parent=172865"}],"wp:term":[{"taxonomy":"category","embeddable":true,"href":"https:\/\/diariotextual.com\/inicio\/index.php\/wp-json\/wp\/v2\/categories?post=172865"},{"taxonomy":"post_tag","embeddable":true,"href":"https:\/\/diariotextual.com\/inicio\/index.php\/wp-json\/wp\/v2\/tags?post=172865"}],"curies":[{"name":"wp","href":"https:\/\/api.w.org\/{rel}","templated":true}]}}