{"id":17297,"date":"2018-08-18T11:02:22","date_gmt":"2018-08-18T14:02:22","guid":{"rendered":"http:\/\/diariotextual.com\/inicio\/?p=17297"},"modified":"2018-08-18T20:58:21","modified_gmt":"2018-08-18T23:58:21","slug":"murio-kofi-annan-exsecretario-general-la-onu-premio-nobel-la-paz","status":"publish","type":"post","link":"https:\/\/diariotextual.com\/inicio\/index.php\/2018\/08\/18\/murio-kofi-annan-exsecretario-general-la-onu-premio-nobel-la-paz\/","title":{"rendered":"Muri\u00f3 Kofi Annan, exsecretario general de la ONU y premio Nobel de la Paz"},"content":{"rendered":"<p>El secretario general de la Organizaci\u00f3n de las Naciones Unidas (ONU)\u00a0y premio Nobel de la Paz Kofi Annan falleci\u00f3 este s\u00e1bado a los 80 a\u00f1os, luego de haberse convertido en estrella de la diplomacia mundial durante sus diez a\u00f1os en ese cargo en la organizaci\u00f3n.<\/p>\n<p>\u00abCon inmensa tristeza la familia Annan y la Fundaci\u00f3n Kofi Annan anuncian que Kofi Annan, ex secretario general de Naciones Unidas y premio Nobel de la Paz, falleci\u00f3 de forma apacible el s\u00e1bado 18 de agosto, tras una corta enfermedad\u00bb, anunci\u00f3 la fundaci\u00f3n en un comunicado en Ginebra, seg\u00fan consign\u00f3 la agencia internacional AFP.<\/p>\n<p>Annan, de nacionalidad ghanesa, y que viv\u00eda en Suiza, fue el s\u00e9ptimo secretario general de la ONU, al ocupar el cargo desde el 1 de enero de 1997 al 31 de diciembre de 2006. \u00abSu esposa Nane y sus hijos Ama, Kojo y Nina estuvieron junto a \u00e9l en sus \u00faltimos d\u00edas\u00bb, agrega el texto difundido por su fundaci\u00f3n.<\/p>\n<p>La agencia helv\u00e9tica de noticias ATS detall\u00f3 que\u00a0Annan muri\u00f3 en un hospital de la parte alemana de Suiza. Poco despu\u00e9s de anunciarse su fallecimiento, el actual secretario general de la ONU Antonio Guterres expres\u00f3 su tristeza por la muerte de su predecesor al frente de Naciones Unidas, calific\u00e1ndolo de \u00abfuerza que guiaba hacia el bien\u00bb.<\/p>\n","protected":false},"excerpt":{"rendered":"<p>El secretario general de la Organizaci\u00f3n de las Naciones Unidas (ONU)\u00a0y premio Nobel de la Paz Kofi Annan falleci\u00f3 este s\u00e1bado a los 80 a\u00f1os, luego de haberse convertido en&hellip;<\/p>\n","protected":false},"author":2,"featured_media":17299,"comment_status":"closed","ping_status":"open","sticky":false,"template":"","format":"standard","meta":{"_acf_changed":false,"footnotes":""},"categories":[11,319,7],"tags":[],"class_list":["post-17297","post","type-post","status-publish","format-standard","has-post-thumbnail","hentry","category-que-pasa","category-a-temporales","category-mundo"],"acf":[],"yoast_head":"<!-- This site is optimized with the Yoast SEO plugin v27.5 - https:\/\/yoast.com\/product\/yoast-seo-wordpress\/ -->\n<title>Muri\u00f3 Kofi Annan, exsecretario general de la ONU y premio Nobel de la Paz - Diario Textual<\/title>\n<meta name=\"robots\" content=\"index, follow, max-snippet:-1, max-image-preview:large, max-video-preview:-1\" \/>\n<link rel=\"canonical\" href=\"https:\/\/diariotextual.com\/inicio\/index.php\/2018\/08\/18\/murio-kofi-annan-exsecretario-general-la-onu-premio-nobel-la-paz\/\" \/>\n<meta property=\"og:locale\" content=\"es_ES\" \/>\n<meta property=\"og:type\" content=\"article\" \/>\n<meta property=\"og:title\" content=\"Muri\u00f3 Kofi Annan, exsecretario general de la ONU y premio Nobel de la Paz - Diario Textual\" \/>\n<meta property=\"og:description\" content=\"El secretario general de la Organizaci\u00f3n de las Naciones Unidas (ONU)\u00a0y premio Nobel de la Paz Kofi Annan falleci\u00f3 este s\u00e1bado a los 80 a\u00f1os, luego de haberse convertido en&hellip;\" \/>\n<meta property=\"og:url\" content=\"https:\/\/diariotextual.com\/inicio\/index.php\/2018\/08\/18\/murio-kofi-annan-exsecretario-general-la-onu-premio-nobel-la-paz\/\" \/>\n<meta property=\"og:site_name\" content=\"Diario Textual\" \/>\n<meta property=\"article:publisher\" content=\"https:\/\/www.facebook.com\/eltextual\" \/>\n<meta property=\"article:published_time\" content=\"2018-08-18T14:02:22+00:00\" \/>\n<meta property=\"article:modified_time\" content=\"2018-08-18T23:58:21+00:00\" \/>\n<meta property=\"og:image\" content=\"https:\/\/diariotextual.com\/inicio\/wp-content\/uploads\/2018\/08\/kofiannan1.jpg\" \/>\n\t<meta property=\"og:image:width\" content=\"953\" \/>\n\t<meta property=\"og:image:height\" content=\"576\" \/>\n\t<meta property=\"og:image:type\" content=\"image\/jpeg\" \/>\n<meta name=\"author\" content=\"Sergio Romano\" \/>\n<meta name=\"twitter:card\" content=\"summary_large_image\" \/>\n<meta name=\"twitter:creator\" content=\"@eltextual\" \/>\n<meta name=\"twitter:site\" content=\"@eltextual\" \/>\n<meta name=\"twitter:label1\" content=\"Escrito por\" \/>\n\t<meta name=\"twitter:data1\" content=\"Sergio Romano\" \/>\n\t<meta name=\"twitter:label2\" content=\"Tiempo de lectura\" \/>\n\t<meta name=\"twitter:data2\" content=\"1 minuto\" \/>\n<script type=\"application\/ld+json\" class=\"yoast-schema-graph\">{\"@context\":\"https:\\\/\\\/schema.org\",\"@graph\":[{\"@type\":\"Article\",\"@id\":\"https:\\\/\\\/diariotextual.com\\\/inicio\\\/index.php\\\/2018\\\/08\\\/18\\\/murio-kofi-annan-exsecretario-general-la-onu-premio-nobel-la-paz\\\/#article\",\"isPartOf\":{\"@id\":\"https:\\\/\\\/diariotextual.com\\\/inicio\\\/index.php\\\/2018\\\/08\\\/18\\\/murio-kofi-annan-exsecretario-general-la-onu-premio-nobel-la-paz\\\/\"},\"author\":{\"name\":\"Sergio Romano\",\"@id\":\"https:\\\/\\\/diariotextual.com\\\/inicio\\\/#\\\/schema\\\/person\\\/523499e72392084bbaa07d9918058135\"},\"headline\":\"Muri\u00f3 Kofi Annan, exsecretario general de la ONU y premio Nobel de la Paz\",\"datePublished\":\"2018-08-18T14:02:22+00:00\",\"dateModified\":\"2018-08-18T23:58:21+00:00\",\"mainEntityOfPage\":{\"@id\":\"https:\\\/\\\/diariotextual.com\\\/inicio\\\/index.php\\\/2018\\\/08\\\/18\\\/murio-kofi-annan-exsecretario-general-la-onu-premio-nobel-la-paz\\\/\"},\"wordCount\":239,\"publisher\":{\"@id\":\"https:\\\/\\\/diariotextual.com\\\/inicio\\\/#organization\"},\"image\":{\"@id\":\"https:\\\/\\\/diariotextual.com\\\/inicio\\\/index.php\\\/2018\\\/08\\\/18\\\/murio-kofi-annan-exsecretario-general-la-onu-premio-nobel-la-paz\\\/#primaryimage\"},\"thumbnailUrl\":\"https:\\\/\\\/diariotextual.com\\\/inicio\\\/wp-content\\\/uploads\\\/2018\\\/08\\\/kofiannan1.jpg\",\"articleSection\":[\"A - QUE PASA (al costado)\",\"A - TEMPORALES\",\"MUNDO\"],\"inLanguage\":\"es\"},{\"@type\":\"WebPage\",\"@id\":\"https:\\\/\\\/diariotextual.com\\\/inicio\\\/index.php\\\/2018\\\/08\\\/18\\\/murio-kofi-annan-exsecretario-general-la-onu-premio-nobel-la-paz\\\/\",\"url\":\"https:\\\/\\\/diariotextual.com\\\/inicio\\\/index.php\\\/2018\\\/08\\\/18\\\/murio-kofi-annan-exsecretario-general-la-onu-premio-nobel-la-paz\\\/\",\"name\":\"Muri\u00f3 Kofi Annan, exsecretario general de la ONU y premio Nobel de la Paz - Diario Textual\",\"isPartOf\":{\"@id\":\"https:\\\/\\\/diariotextual.com\\\/inicio\\\/#website\"},\"primaryImageOfPage\":{\"@id\":\"https:\\\/\\\/diariotextual.com\\\/inicio\\\/index.php\\\/2018\\\/08\\\/18\\\/murio-kofi-annan-exsecretario-general-la-onu-premio-nobel-la-paz\\\/#primaryimage\"},\"image\":{\"@id\":\"https:\\\/\\\/diariotextual.com\\\/inicio\\\/index.php\\\/2018\\\/08\\\/18\\\/murio-kofi-annan-exsecretario-general-la-onu-premio-nobel-la-paz\\\/#primaryimage\"},\"thumbnailUrl\":\"https:\\\/\\\/diariotextual.com\\\/inicio\\\/wp-content\\\/uploads\\\/2018\\\/08\\\/kofiannan1.jpg\",\"datePublished\":\"2018-08-18T14:02:22+00:00\",\"dateModified\":\"2018-08-18T23:58:21+00:00\",\"breadcrumb\":{\"@id\":\"https:\\\/\\\/diariotextual.com\\\/inicio\\\/index.php\\\/2018\\\/08\\\/18\\\/murio-kofi-annan-exsecretario-general-la-onu-premio-nobel-la-paz\\\/#breadcrumb\"},\"inLanguage\":\"es\",\"potentialAction\":[{\"@type\":\"ReadAction\",\"target\":[\"https:\\\/\\\/diariotextual.com\\\/inicio\\\/index.php\\\/2018\\\/08\\\/18\\\/murio-kofi-annan-exsecretario-general-la-onu-premio-nobel-la-paz\\\/\"]}]},{\"@type\":\"ImageObject\",\"inLanguage\":\"es\",\"@id\":\"https:\\\/\\\/diariotextual.com\\\/inicio\\\/index.php\\\/2018\\\/08\\\/18\\\/murio-kofi-annan-exsecretario-general-la-onu-premio-nobel-la-paz\\\/#primaryimage\",\"url\":\"https:\\\/\\\/diariotextual.com\\\/inicio\\\/wp-content\\\/uploads\\\/2018\\\/08\\\/kofiannan1.jpg\",\"contentUrl\":\"https:\\\/\\\/diariotextual.com\\\/inicio\\\/wp-content\\\/uploads\\\/2018\\\/08\\\/kofiannan1.jpg\",\"width\":953,\"height\":576},{\"@type\":\"BreadcrumbList\",\"@id\":\"https:\\\/\\\/diariotextual.com\\\/inicio\\\/index.php\\\/2018\\\/08\\\/18\\\/murio-kofi-annan-exsecretario-general-la-onu-premio-nobel-la-paz\\\/#breadcrumb\",\"itemListElement\":[{\"@type\":\"ListItem\",\"position\":1,\"name\":\"Portada\",\"item\":\"https:\\\/\\\/diariotextual.com\\\/inicio\\\/\"},{\"@type\":\"ListItem\",\"position\":2,\"name\":\"Muri\u00f3 Kofi Annan, exsecretario general de la ONU y premio Nobel de la Paz\"}]},{\"@type\":\"WebSite\",\"@id\":\"https:\\\/\\\/diariotextual.com\\\/inicio\\\/#website\",\"url\":\"https:\\\/\\\/diariotextual.com\\\/inicio\\\/\",\"name\":\"Diario Textual\",\"description\":\"\",\"publisher\":{\"@id\":\"https:\\\/\\\/diariotextual.com\\\/inicio\\\/#organization\"},\"potentialAction\":[{\"@type\":\"SearchAction\",\"target\":{\"@type\":\"EntryPoint\",\"urlTemplate\":\"https:\\\/\\\/diariotextual.com\\\/inicio\\\/?s={search_term_string}\"},\"query-input\":{\"@type\":\"PropertyValueSpecification\",\"valueRequired\":true,\"valueName\":\"search_term_string\"}}],\"inLanguage\":\"es\"},{\"@type\":\"Organization\",\"@id\":\"https:\\\/\\\/diariotextual.com\\\/inicio\\\/#organization\",\"name\":\"Diario Textual\",\"url\":\"https:\\\/\\\/diariotextual.com\\\/inicio\\\/\",\"logo\":{\"@type\":\"ImageObject\",\"inLanguage\":\"es\",\"@id\":\"https:\\\/\\\/diariotextual.com\\\/inicio\\\/#\\\/schema\\\/logo\\\/image\\\/\",\"url\":\"https:\\\/\\\/diariotextual.com\\\/inicio\\\/wp-content\\\/uploads\\\/2023\\\/05\\\/logotextual1.jpg\",\"contentUrl\":\"https:\\\/\\\/diariotextual.com\\\/inicio\\\/wp-content\\\/uploads\\\/2023\\\/05\\\/logotextual1.jpg\",\"width\":516,\"height\":76,\"caption\":\"Diario Textual\"},\"image\":{\"@id\":\"https:\\\/\\\/diariotextual.com\\\/inicio\\\/#\\\/schema\\\/logo\\\/image\\\/\"},\"sameAs\":[\"https:\\\/\\\/www.facebook.com\\\/eltextual\",\"https:\\\/\\\/x.com\\\/eltextual\",\"http:\\\/\\\/www.instagram.com\\\/eltextual\"]},{\"@type\":\"Person\",\"@id\":\"https:\\\/\\\/diariotextual.com\\\/inicio\\\/#\\\/schema\\\/person\\\/523499e72392084bbaa07d9918058135\",\"name\":\"Sergio Romano\",\"image\":{\"@type\":\"ImageObject\",\"inLanguage\":\"es\",\"@id\":\"https:\\\/\\\/secure.gravatar.com\\\/avatar\\\/558f03f407fa3accd9dabd3c363c971a21b2b44ce0fe39bb24a92ac5472808b8?s=96&d=mm&r=g\",\"url\":\"https:\\\/\\\/secure.gravatar.com\\\/avatar\\\/558f03f407fa3accd9dabd3c363c971a21b2b44ce0fe39bb24a92ac5472808b8?s=96&d=mm&r=g\",\"contentUrl\":\"https:\\\/\\\/secure.gravatar.com\\\/avatar\\\/558f03f407fa3accd9dabd3c363c971a21b2b44ce0fe39bb24a92ac5472808b8?s=96&d=mm&r=g\",\"caption\":\"Sergio Romano\"},\"sameAs\":[\"http:\\\/\\\/www.diariotextual.com\"],\"url\":\"https:\\\/\\\/diariotextual.com\\\/inicio\\\/index.php\\\/author\\\/sergio\\\/\"}]}<\/script>\n<!-- \/ Yoast SEO plugin. -->","yoast_head_json":{"title":"Muri\u00f3 Kofi Annan, exsecretario general de la ONU y premio Nobel de la Paz - Diario Textual","robots":{"index":"index","follow":"follow","max-snippet":"max-snippet:-1","max-image-preview":"max-image-preview:large","max-video-preview":"max-video-preview:-1"},"canonical":"https:\/\/diariotextual.com\/inicio\/index.php\/2018\/08\/18\/murio-kofi-annan-exsecretario-general-la-onu-premio-nobel-la-paz\/","og_locale":"es_ES","og_type":"article","og_title":"Muri\u00f3 Kofi Annan, exsecretario general de la ONU y premio Nobel de la Paz - Diario Textual","og_description":"El secretario general de la Organizaci\u00f3n de las Naciones Unidas (ONU)\u00a0y premio Nobel de la Paz Kofi Annan falleci\u00f3 este s\u00e1bado a los 80 a\u00f1os, luego de haberse convertido en&hellip;","og_url":"https:\/\/diariotextual.com\/inicio\/index.php\/2018\/08\/18\/murio-kofi-annan-exsecretario-general-la-onu-premio-nobel-la-paz\/","og_site_name":"Diario Textual","article_publisher":"https:\/\/www.facebook.com\/eltextual","article_published_time":"2018-08-18T14:02:22+00:00","article_modified_time":"2018-08-18T23:58:21+00:00","og_image":[{"width":953,"height":576,"url":"https:\/\/diariotextual.com\/inicio\/wp-content\/uploads\/2018\/08\/kofiannan1.jpg","type":"image\/jpeg"}],"author":"Sergio Romano","twitter_card":"summary_large_image","twitter_creator":"@eltextual","twitter_site":"@eltextual","twitter_misc":{"Escrito por":"Sergio Romano","Tiempo de lectura":"1 minuto"},"schema":{"@context":"https:\/\/schema.org","@graph":[{"@type":"Article","@id":"https:\/\/diariotextual.com\/inicio\/index.php\/2018\/08\/18\/murio-kofi-annan-exsecretario-general-la-onu-premio-nobel-la-paz\/#article","isPartOf":{"@id":"https:\/\/diariotextual.com\/inicio\/index.php\/2018\/08\/18\/murio-kofi-annan-exsecretario-general-la-onu-premio-nobel-la-paz\/"},"author":{"name":"Sergio Romano","@id":"https:\/\/diariotextual.com\/inicio\/#\/schema\/person\/523499e72392084bbaa07d9918058135"},"headline":"Muri\u00f3 Kofi Annan, exsecretario general de la ONU y premio Nobel de la Paz","datePublished":"2018-08-18T14:02:22+00:00","dateModified":"2018-08-18T23:58:21+00:00","mainEntityOfPage":{"@id":"https:\/\/diariotextual.com\/inicio\/index.php\/2018\/08\/18\/murio-kofi-annan-exsecretario-general-la-onu-premio-nobel-la-paz\/"},"wordCount":239,"publisher":{"@id":"https:\/\/diariotextual.com\/inicio\/#organization"},"image":{"@id":"https:\/\/diariotextual.com\/inicio\/index.php\/2018\/08\/18\/murio-kofi-annan-exsecretario-general-la-onu-premio-nobel-la-paz\/#primaryimage"},"thumbnailUrl":"https:\/\/diariotextual.com\/inicio\/wp-content\/uploads\/2018\/08\/kofiannan1.jpg","articleSection":["A - QUE PASA (al costado)","A - TEMPORALES","MUNDO"],"inLanguage":"es"},{"@type":"WebPage","@id":"https:\/\/diariotextual.com\/inicio\/index.php\/2018\/08\/18\/murio-kofi-annan-exsecretario-general-la-onu-premio-nobel-la-paz\/","url":"https:\/\/diariotextual.com\/inicio\/index.php\/2018\/08\/18\/murio-kofi-annan-exsecretario-general-la-onu-premio-nobel-la-paz\/","name":"Muri\u00f3 Kofi Annan, exsecretario general de la ONU y premio Nobel de la Paz - Diario Textual","isPartOf":{"@id":"https:\/\/diariotextual.com\/inicio\/#website"},"primaryImageOfPage":{"@id":"https:\/\/diariotextual.com\/inicio\/index.php\/2018\/08\/18\/murio-kofi-annan-exsecretario-general-la-onu-premio-nobel-la-paz\/#primaryimage"},"image":{"@id":"https:\/\/diariotextual.com\/inicio\/index.php\/2018\/08\/18\/murio-kofi-annan-exsecretario-general-la-onu-premio-nobel-la-paz\/#primaryimage"},"thumbnailUrl":"https:\/\/diariotextual.com\/inicio\/wp-content\/uploads\/2018\/08\/kofiannan1.jpg","datePublished":"2018-08-18T14:02:22+00:00","dateModified":"2018-08-18T23:58:21+00:00","breadcrumb":{"@id":"https:\/\/diariotextual.com\/inicio\/index.php\/2018\/08\/18\/murio-kofi-annan-exsecretario-general-la-onu-premio-nobel-la-paz\/#breadcrumb"},"inLanguage":"es","potentialAction":[{"@type":"ReadAction","target":["https:\/\/diariotextual.com\/inicio\/index.php\/2018\/08\/18\/murio-kofi-annan-exsecretario-general-la-onu-premio-nobel-la-paz\/"]}]},{"@type":"ImageObject","inLanguage":"es","@id":"https:\/\/diariotextual.com\/inicio\/index.php\/2018\/08\/18\/murio-kofi-annan-exsecretario-general-la-onu-premio-nobel-la-paz\/#primaryimage","url":"https:\/\/diariotextual.com\/inicio\/wp-content\/uploads\/2018\/08\/kofiannan1.jpg","contentUrl":"https:\/\/diariotextual.com\/inicio\/wp-content\/uploads\/2018\/08\/kofiannan1.jpg","width":953,"height":576},{"@type":"BreadcrumbList","@id":"https:\/\/diariotextual.com\/inicio\/index.php\/2018\/08\/18\/murio-kofi-annan-exsecretario-general-la-onu-premio-nobel-la-paz\/#breadcrumb","itemListElement":[{"@type":"ListItem","position":1,"name":"Portada","item":"https:\/\/diariotextual.com\/inicio\/"},{"@type":"ListItem","position":2,"name":"Muri\u00f3 Kofi Annan, exsecretario general de la ONU y premio Nobel de la Paz"}]},{"@type":"WebSite","@id":"https:\/\/diariotextual.com\/inicio\/#website","url":"https:\/\/diariotextual.com\/inicio\/","name":"Diario Textual","description":"","publisher":{"@id":"https:\/\/diariotextual.com\/inicio\/#organization"},"potentialAction":[{"@type":"SearchAction","target":{"@type":"EntryPoint","urlTemplate":"https:\/\/diariotextual.com\/inicio\/?s={search_term_string}"},"query-input":{"@type":"PropertyValueSpecification","valueRequired":true,"valueName":"search_term_string"}}],"inLanguage":"es"},{"@type":"Organization","@id":"https:\/\/diariotextual.com\/inicio\/#organization","name":"Diario Textual","url":"https:\/\/diariotextual.com\/inicio\/","logo":{"@type":"ImageObject","inLanguage":"es","@id":"https:\/\/diariotextual.com\/inicio\/#\/schema\/logo\/image\/","url":"https:\/\/diariotextual.com\/inicio\/wp-content\/uploads\/2023\/05\/logotextual1.jpg","contentUrl":"https:\/\/diariotextual.com\/inicio\/wp-content\/uploads\/2023\/05\/logotextual1.jpg","width":516,"height":76,"caption":"Diario Textual"},"image":{"@id":"https:\/\/diariotextual.com\/inicio\/#\/schema\/logo\/image\/"},"sameAs":["https:\/\/www.facebook.com\/eltextual","https:\/\/x.com\/eltextual","http:\/\/www.instagram.com\/eltextual"]},{"@type":"Person","@id":"https:\/\/diariotextual.com\/inicio\/#\/schema\/person\/523499e72392084bbaa07d9918058135","name":"Sergio Romano","image":{"@type":"ImageObject","inLanguage":"es","@id":"https:\/\/secure.gravatar.com\/avatar\/558f03f407fa3accd9dabd3c363c971a21b2b44ce0fe39bb24a92ac5472808b8?s=96&d=mm&r=g","url":"https:\/\/secure.gravatar.com\/avatar\/558f03f407fa3accd9dabd3c363c971a21b2b44ce0fe39bb24a92ac5472808b8?s=96&d=mm&r=g","contentUrl":"https:\/\/secure.gravatar.com\/avatar\/558f03f407fa3accd9dabd3c363c971a21b2b44ce0fe39bb24a92ac5472808b8?s=96&d=mm&r=g","caption":"Sergio Romano"},"sameAs":["http:\/\/www.diariotextual.com"],"url":"https:\/\/diariotextual.com\/inicio\/index.php\/author\/sergio\/"}]}},"_links":{"self":[{"href":"https:\/\/diariotextual.com\/inicio\/index.php\/wp-json\/wp\/v2\/posts\/17297","targetHints":{"allow":["GET"]}}],"collection":[{"href":"https:\/\/diariotextual.com\/inicio\/index.php\/wp-json\/wp\/v2\/posts"}],"about":[{"href":"https:\/\/diariotextual.com\/inicio\/index.php\/wp-json\/wp\/v2\/types\/post"}],"author":[{"embeddable":true,"href":"https:\/\/diariotextual.com\/inicio\/index.php\/wp-json\/wp\/v2\/users\/2"}],"replies":[{"embeddable":true,"href":"https:\/\/diariotextual.com\/inicio\/index.php\/wp-json\/wp\/v2\/comments?post=17297"}],"version-history":[{"count":1,"href":"https:\/\/diariotextual.com\/inicio\/index.php\/wp-json\/wp\/v2\/posts\/17297\/revisions"}],"predecessor-version":[{"id":17298,"href":"https:\/\/diariotextual.com\/inicio\/index.php\/wp-json\/wp\/v2\/posts\/17297\/revisions\/17298"}],"wp:featuredmedia":[{"embeddable":true,"href":"https:\/\/diariotextual.com\/inicio\/index.php\/wp-json\/wp\/v2\/media\/17299"}],"wp:attachment":[{"href":"https:\/\/diariotextual.com\/inicio\/index.php\/wp-json\/wp\/v2\/media?parent=17297"}],"wp:term":[{"taxonomy":"category","embeddable":true,"href":"https:\/\/diariotextual.com\/inicio\/index.php\/wp-json\/wp\/v2\/categories?post=17297"},{"taxonomy":"post_tag","embeddable":true,"href":"https:\/\/diariotextual.com\/inicio\/index.php\/wp-json\/wp\/v2\/tags?post=17297"}],"curies":[{"name":"wp","href":"https:\/\/api.w.org\/{rel}","templated":true}]}}