{"id":173173,"date":"2021-12-17T07:59:05","date_gmt":"2021-12-17T10:59:05","guid":{"rendered":"https:\/\/diariotextual.com\/inicio\/?p=173173"},"modified":"2021-12-17T09:55:41","modified_gmt":"2021-12-17T12:55:41","slug":"convocan-a-una-vigilia-asamblearia-para-recordar-el-estallido-social-de-2001","status":"publish","type":"post","link":"https:\/\/diariotextual.com\/inicio\/index.php\/2021\/12\/17\/convocan-a-una-vigilia-asamblearia-para-recordar-el-estallido-social-de-2001\/","title":{"rendered":"Convocan a una vigilia asamblearia para recordar el estallido social de 2001"},"content":{"rendered":"\n<p>Organizaciones sociales y gremiales convocaron a la comunidad a realizar una&nbsp;<strong>vigilia asamblearia<\/strong> la noche del 19 de diciembre desde las&nbsp; 23.30 horas con motivo de un nuevo aniversario del estallido social del 2001. <\/p>\n\n\n\n<p>Entre las actividades previstas, los muralistas pol\u00edticos pampeanos restaurar\u00e1n la imagen de la represi\u00f3n de 2001 a Madres de Plaza de Mayo, emplazada en la entrada de la UNLPam. Habr\u00e1 m\u00fasica, se dar\u00e1 lectura a un documento, se proyectar\u00e1 el video 2001 y se le dar\u00e1 la palabra a vecinos y vecinas que deseen contar c\u00f3mo vivieron aquellos d\u00edas.<\/p>\n\n\n\n<p>Las organizaciones convocantes pidieron nos llevar una vela en homenaje a las 39 muertes que dej\u00f3 la represi\u00f3n ordenada por el Gobierno de la Alianza.<\/p>\n\n\n\n<p>Convocan el Movimiento Popular Pampeano por los Derechos Humanos, Asociaci\u00f3n Pampeana de Escritores, Foro Pampeano de Ni\u00f1ez y Adolescencia, Colectiva feminista abolicionista Todas somos Andrea, Mujeres Trabajando, Mujeres por la Solidaridad, Colectiva por una ley de seguridad ciudadana, Desayunador de Villa Germinal, Desayunador Juanito Laguna, Red por el Derecho a la Identidad, ONG Desaf\u00edos y Compromisos, Biblioteca Edgar Morisoli, Foro Pampeano por el Derecho al Aborto Legal, Seguro y Gratuito, Muralistas Pol\u00edticos Pampeanos, Radio Kerm\u00e9s, Sipren zona Sur, UTELPa, CTA de los Trabajadores.<\/p>\n","protected":false},"excerpt":{"rendered":"<p>Organizaciones sociales y gremiales convocaron a la comunidad a realizar una&nbsp;vigilia asamblearia la noche del 19 de diciembre desde las&nbsp; 23.30 horas con motivo de un nuevo aniversario del estallido&hellip;<\/p>\n","protected":false},"author":7,"featured_media":171150,"comment_status":"closed","ping_status":"open","sticky":false,"template":"","format":"standard","meta":{"_acf_changed":false,"footnotes":""},"categories":[10,12],"tags":[],"class_list":["post-173173","post","type-post","status-publish","format-standard","has-post-thumbnail","hentry","category-portada-2","category-sociedad"],"acf":[],"yoast_head":"<!-- This site is optimized with the Yoast SEO plugin v27.5 - https:\/\/yoast.com\/product\/yoast-seo-wordpress\/ -->\n<title>Convocan a una vigilia asamblearia para recordar el estallido social de 2001 - Diario Textual<\/title>\n<meta name=\"robots\" content=\"index, follow, max-snippet:-1, max-image-preview:large, max-video-preview:-1\" \/>\n<link rel=\"canonical\" href=\"https:\/\/diariotextual.com\/inicio\/index.php\/2021\/12\/17\/convocan-a-una-vigilia-asamblearia-para-recordar-el-estallido-social-de-2001\/\" \/>\n<meta property=\"og:locale\" content=\"es_ES\" \/>\n<meta property=\"og:type\" content=\"article\" \/>\n<meta property=\"og:title\" content=\"Convocan a una vigilia asamblearia para recordar el estallido social de 2001 - Diario Textual\" \/>\n<meta property=\"og:description\" content=\"Organizaciones sociales y gremiales convocaron a la comunidad a realizar una&nbsp;vigilia asamblearia la noche del 19 de diciembre desde las&nbsp; 23.30 horas con motivo de un nuevo aniversario del estallido&hellip;\" \/>\n<meta property=\"og:url\" content=\"https:\/\/diariotextual.com\/inicio\/index.php\/2021\/12\/17\/convocan-a-una-vigilia-asamblearia-para-recordar-el-estallido-social-de-2001\/\" \/>\n<meta property=\"og:site_name\" content=\"Diario Textual\" \/>\n<meta property=\"article:publisher\" content=\"https:\/\/www.facebook.com\/eltextual\" \/>\n<meta property=\"article:published_time\" content=\"2021-12-17T10:59:05+00:00\" \/>\n<meta property=\"article:modified_time\" content=\"2021-12-17T12:55:41+00:00\" \/>\n<meta property=\"og:image\" content=\"https:\/\/diariotextual.com\/inicio\/wp-content\/uploads\/2021\/12\/represion2001-1.jpg\" \/>\n\t<meta property=\"og:image:width\" content=\"800\" \/>\n\t<meta property=\"og:image:height\" content=\"570\" \/>\n\t<meta property=\"og:image:type\" content=\"image\/jpeg\" \/>\n<meta name=\"author\" content=\"diario5\" \/>\n<meta name=\"twitter:card\" content=\"summary_large_image\" \/>\n<meta name=\"twitter:creator\" content=\"@eltextual\" \/>\n<meta name=\"twitter:site\" content=\"@eltextual\" \/>\n<meta name=\"twitter:label1\" content=\"Escrito por\" \/>\n\t<meta name=\"twitter:data1\" content=\"diario5\" \/>\n\t<meta name=\"twitter:label2\" content=\"Tiempo de lectura\" \/>\n\t<meta name=\"twitter:data2\" content=\"1 minuto\" \/>\n<script type=\"application\/ld+json\" class=\"yoast-schema-graph\">{\"@context\":\"https:\\\/\\\/schema.org\",\"@graph\":[{\"@type\":\"Article\",\"@id\":\"https:\\\/\\\/diariotextual.com\\\/inicio\\\/index.php\\\/2021\\\/12\\\/17\\\/convocan-a-una-vigilia-asamblearia-para-recordar-el-estallido-social-de-2001\\\/#article\",\"isPartOf\":{\"@id\":\"https:\\\/\\\/diariotextual.com\\\/inicio\\\/index.php\\\/2021\\\/12\\\/17\\\/convocan-a-una-vigilia-asamblearia-para-recordar-el-estallido-social-de-2001\\\/\"},\"author\":{\"name\":\"diario5\",\"@id\":\"https:\\\/\\\/diariotextual.com\\\/inicio\\\/#\\\/schema\\\/person\\\/c7834961ad8b29b1d9cdbf4571299067\"},\"headline\":\"Convocan a una vigilia asamblearia para recordar el estallido social de 2001\",\"datePublished\":\"2021-12-17T10:59:05+00:00\",\"dateModified\":\"2021-12-17T12:55:41+00:00\",\"mainEntityOfPage\":{\"@id\":\"https:\\\/\\\/diariotextual.com\\\/inicio\\\/index.php\\\/2021\\\/12\\\/17\\\/convocan-a-una-vigilia-asamblearia-para-recordar-el-estallido-social-de-2001\\\/\"},\"wordCount\":220,\"publisher\":{\"@id\":\"https:\\\/\\\/diariotextual.com\\\/inicio\\\/#organization\"},\"image\":{\"@id\":\"https:\\\/\\\/diariotextual.com\\\/inicio\\\/index.php\\\/2021\\\/12\\\/17\\\/convocan-a-una-vigilia-asamblearia-para-recordar-el-estallido-social-de-2001\\\/#primaryimage\"},\"thumbnailUrl\":\"https:\\\/\\\/diariotextual.com\\\/inicio\\\/wp-content\\\/uploads\\\/2021\\\/12\\\/represion2001-1.jpg\",\"articleSection\":[\"A - PORTADA2\",\"SOCIEDAD\"],\"inLanguage\":\"es\"},{\"@type\":\"WebPage\",\"@id\":\"https:\\\/\\\/diariotextual.com\\\/inicio\\\/index.php\\\/2021\\\/12\\\/17\\\/convocan-a-una-vigilia-asamblearia-para-recordar-el-estallido-social-de-2001\\\/\",\"url\":\"https:\\\/\\\/diariotextual.com\\\/inicio\\\/index.php\\\/2021\\\/12\\\/17\\\/convocan-a-una-vigilia-asamblearia-para-recordar-el-estallido-social-de-2001\\\/\",\"name\":\"Convocan a una vigilia asamblearia para recordar el estallido social de 2001 - Diario Textual\",\"isPartOf\":{\"@id\":\"https:\\\/\\\/diariotextual.com\\\/inicio\\\/#website\"},\"primaryImageOfPage\":{\"@id\":\"https:\\\/\\\/diariotextual.com\\\/inicio\\\/index.php\\\/2021\\\/12\\\/17\\\/convocan-a-una-vigilia-asamblearia-para-recordar-el-estallido-social-de-2001\\\/#primaryimage\"},\"image\":{\"@id\":\"https:\\\/\\\/diariotextual.com\\\/inicio\\\/index.php\\\/2021\\\/12\\\/17\\\/convocan-a-una-vigilia-asamblearia-para-recordar-el-estallido-social-de-2001\\\/#primaryimage\"},\"thumbnailUrl\":\"https:\\\/\\\/diariotextual.com\\\/inicio\\\/wp-content\\\/uploads\\\/2021\\\/12\\\/represion2001-1.jpg\",\"datePublished\":\"2021-12-17T10:59:05+00:00\",\"dateModified\":\"2021-12-17T12:55:41+00:00\",\"breadcrumb\":{\"@id\":\"https:\\\/\\\/diariotextual.com\\\/inicio\\\/index.php\\\/2021\\\/12\\\/17\\\/convocan-a-una-vigilia-asamblearia-para-recordar-el-estallido-social-de-2001\\\/#breadcrumb\"},\"inLanguage\":\"es\",\"potentialAction\":[{\"@type\":\"ReadAction\",\"target\":[\"https:\\\/\\\/diariotextual.com\\\/inicio\\\/index.php\\\/2021\\\/12\\\/17\\\/convocan-a-una-vigilia-asamblearia-para-recordar-el-estallido-social-de-2001\\\/\"]}]},{\"@type\":\"ImageObject\",\"inLanguage\":\"es\",\"@id\":\"https:\\\/\\\/diariotextual.com\\\/inicio\\\/index.php\\\/2021\\\/12\\\/17\\\/convocan-a-una-vigilia-asamblearia-para-recordar-el-estallido-social-de-2001\\\/#primaryimage\",\"url\":\"https:\\\/\\\/diariotextual.com\\\/inicio\\\/wp-content\\\/uploads\\\/2021\\\/12\\\/represion2001-1.jpg\",\"contentUrl\":\"https:\\\/\\\/diariotextual.com\\\/inicio\\\/wp-content\\\/uploads\\\/2021\\\/12\\\/represion2001-1.jpg\",\"width\":800,\"height\":570},{\"@type\":\"BreadcrumbList\",\"@id\":\"https:\\\/\\\/diariotextual.com\\\/inicio\\\/index.php\\\/2021\\\/12\\\/17\\\/convocan-a-una-vigilia-asamblearia-para-recordar-el-estallido-social-de-2001\\\/#breadcrumb\",\"itemListElement\":[{\"@type\":\"ListItem\",\"position\":1,\"name\":\"Portada\",\"item\":\"https:\\\/\\\/diariotextual.com\\\/inicio\\\/\"},{\"@type\":\"ListItem\",\"position\":2,\"name\":\"Convocan a una vigilia asamblearia para recordar el estallido social de 2001\"}]},{\"@type\":\"WebSite\",\"@id\":\"https:\\\/\\\/diariotextual.com\\\/inicio\\\/#website\",\"url\":\"https:\\\/\\\/diariotextual.com\\\/inicio\\\/\",\"name\":\"Diario Textual\",\"description\":\"\",\"publisher\":{\"@id\":\"https:\\\/\\\/diariotextual.com\\\/inicio\\\/#organization\"},\"potentialAction\":[{\"@type\":\"SearchAction\",\"target\":{\"@type\":\"EntryPoint\",\"urlTemplate\":\"https:\\\/\\\/diariotextual.com\\\/inicio\\\/?s={search_term_string}\"},\"query-input\":{\"@type\":\"PropertyValueSpecification\",\"valueRequired\":true,\"valueName\":\"search_term_string\"}}],\"inLanguage\":\"es\"},{\"@type\":\"Organization\",\"@id\":\"https:\\\/\\\/diariotextual.com\\\/inicio\\\/#organization\",\"name\":\"Diario Textual\",\"url\":\"https:\\\/\\\/diariotextual.com\\\/inicio\\\/\",\"logo\":{\"@type\":\"ImageObject\",\"inLanguage\":\"es\",\"@id\":\"https:\\\/\\\/diariotextual.com\\\/inicio\\\/#\\\/schema\\\/logo\\\/image\\\/\",\"url\":\"https:\\\/\\\/diariotextual.com\\\/inicio\\\/wp-content\\\/uploads\\\/2023\\\/05\\\/logotextual1.jpg\",\"contentUrl\":\"https:\\\/\\\/diariotextual.com\\\/inicio\\\/wp-content\\\/uploads\\\/2023\\\/05\\\/logotextual1.jpg\",\"width\":516,\"height\":76,\"caption\":\"Diario Textual\"},\"image\":{\"@id\":\"https:\\\/\\\/diariotextual.com\\\/inicio\\\/#\\\/schema\\\/logo\\\/image\\\/\"},\"sameAs\":[\"https:\\\/\\\/www.facebook.com\\\/eltextual\",\"https:\\\/\\\/x.com\\\/eltextual\",\"http:\\\/\\\/www.instagram.com\\\/eltextual\"]},{\"@type\":\"Person\",\"@id\":\"https:\\\/\\\/diariotextual.com\\\/inicio\\\/#\\\/schema\\\/person\\\/c7834961ad8b29b1d9cdbf4571299067\",\"name\":\"diario5\",\"image\":{\"@type\":\"ImageObject\",\"inLanguage\":\"es\",\"@id\":\"https:\\\/\\\/secure.gravatar.com\\\/avatar\\\/948c893b847ca6df68216ead81b63f363408ec9b0f600fefc0641ce78613b111?s=96&d=mm&r=g\",\"url\":\"https:\\\/\\\/secure.gravatar.com\\\/avatar\\\/948c893b847ca6df68216ead81b63f363408ec9b0f600fefc0641ce78613b111?s=96&d=mm&r=g\",\"contentUrl\":\"https:\\\/\\\/secure.gravatar.com\\\/avatar\\\/948c893b847ca6df68216ead81b63f363408ec9b0f600fefc0641ce78613b111?s=96&d=mm&r=g\",\"caption\":\"diario5\"},\"url\":\"https:\\\/\\\/diariotextual.com\\\/inicio\\\/index.php\\\/author\\\/diario5\\\/\"}]}<\/script>\n<!-- \/ Yoast SEO plugin. -->","yoast_head_json":{"title":"Convocan a una vigilia asamblearia para recordar el estallido social de 2001 - Diario Textual","robots":{"index":"index","follow":"follow","max-snippet":"max-snippet:-1","max-image-preview":"max-image-preview:large","max-video-preview":"max-video-preview:-1"},"canonical":"https:\/\/diariotextual.com\/inicio\/index.php\/2021\/12\/17\/convocan-a-una-vigilia-asamblearia-para-recordar-el-estallido-social-de-2001\/","og_locale":"es_ES","og_type":"article","og_title":"Convocan a una vigilia asamblearia para recordar el estallido social de 2001 - Diario Textual","og_description":"Organizaciones sociales y gremiales convocaron a la comunidad a realizar una&nbsp;vigilia asamblearia la noche del 19 de diciembre desde las&nbsp; 23.30 horas con motivo de un nuevo aniversario del estallido&hellip;","og_url":"https:\/\/diariotextual.com\/inicio\/index.php\/2021\/12\/17\/convocan-a-una-vigilia-asamblearia-para-recordar-el-estallido-social-de-2001\/","og_site_name":"Diario Textual","article_publisher":"https:\/\/www.facebook.com\/eltextual","article_published_time":"2021-12-17T10:59:05+00:00","article_modified_time":"2021-12-17T12:55:41+00:00","og_image":[{"width":800,"height":570,"url":"https:\/\/diariotextual.com\/inicio\/wp-content\/uploads\/2021\/12\/represion2001-1.jpg","type":"image\/jpeg"}],"author":"diario5","twitter_card":"summary_large_image","twitter_creator":"@eltextual","twitter_site":"@eltextual","twitter_misc":{"Escrito por":"diario5","Tiempo de lectura":"1 minuto"},"schema":{"@context":"https:\/\/schema.org","@graph":[{"@type":"Article","@id":"https:\/\/diariotextual.com\/inicio\/index.php\/2021\/12\/17\/convocan-a-una-vigilia-asamblearia-para-recordar-el-estallido-social-de-2001\/#article","isPartOf":{"@id":"https:\/\/diariotextual.com\/inicio\/index.php\/2021\/12\/17\/convocan-a-una-vigilia-asamblearia-para-recordar-el-estallido-social-de-2001\/"},"author":{"name":"diario5","@id":"https:\/\/diariotextual.com\/inicio\/#\/schema\/person\/c7834961ad8b29b1d9cdbf4571299067"},"headline":"Convocan a una vigilia asamblearia para recordar el estallido social de 2001","datePublished":"2021-12-17T10:59:05+00:00","dateModified":"2021-12-17T12:55:41+00:00","mainEntityOfPage":{"@id":"https:\/\/diariotextual.com\/inicio\/index.php\/2021\/12\/17\/convocan-a-una-vigilia-asamblearia-para-recordar-el-estallido-social-de-2001\/"},"wordCount":220,"publisher":{"@id":"https:\/\/diariotextual.com\/inicio\/#organization"},"image":{"@id":"https:\/\/diariotextual.com\/inicio\/index.php\/2021\/12\/17\/convocan-a-una-vigilia-asamblearia-para-recordar-el-estallido-social-de-2001\/#primaryimage"},"thumbnailUrl":"https:\/\/diariotextual.com\/inicio\/wp-content\/uploads\/2021\/12\/represion2001-1.jpg","articleSection":["A - PORTADA2","SOCIEDAD"],"inLanguage":"es"},{"@type":"WebPage","@id":"https:\/\/diariotextual.com\/inicio\/index.php\/2021\/12\/17\/convocan-a-una-vigilia-asamblearia-para-recordar-el-estallido-social-de-2001\/","url":"https:\/\/diariotextual.com\/inicio\/index.php\/2021\/12\/17\/convocan-a-una-vigilia-asamblearia-para-recordar-el-estallido-social-de-2001\/","name":"Convocan a una vigilia asamblearia para recordar el estallido social de 2001 - Diario Textual","isPartOf":{"@id":"https:\/\/diariotextual.com\/inicio\/#website"},"primaryImageOfPage":{"@id":"https:\/\/diariotextual.com\/inicio\/index.php\/2021\/12\/17\/convocan-a-una-vigilia-asamblearia-para-recordar-el-estallido-social-de-2001\/#primaryimage"},"image":{"@id":"https:\/\/diariotextual.com\/inicio\/index.php\/2021\/12\/17\/convocan-a-una-vigilia-asamblearia-para-recordar-el-estallido-social-de-2001\/#primaryimage"},"thumbnailUrl":"https:\/\/diariotextual.com\/inicio\/wp-content\/uploads\/2021\/12\/represion2001-1.jpg","datePublished":"2021-12-17T10:59:05+00:00","dateModified":"2021-12-17T12:55:41+00:00","breadcrumb":{"@id":"https:\/\/diariotextual.com\/inicio\/index.php\/2021\/12\/17\/convocan-a-una-vigilia-asamblearia-para-recordar-el-estallido-social-de-2001\/#breadcrumb"},"inLanguage":"es","potentialAction":[{"@type":"ReadAction","target":["https:\/\/diariotextual.com\/inicio\/index.php\/2021\/12\/17\/convocan-a-una-vigilia-asamblearia-para-recordar-el-estallido-social-de-2001\/"]}]},{"@type":"ImageObject","inLanguage":"es","@id":"https:\/\/diariotextual.com\/inicio\/index.php\/2021\/12\/17\/convocan-a-una-vigilia-asamblearia-para-recordar-el-estallido-social-de-2001\/#primaryimage","url":"https:\/\/diariotextual.com\/inicio\/wp-content\/uploads\/2021\/12\/represion2001-1.jpg","contentUrl":"https:\/\/diariotextual.com\/inicio\/wp-content\/uploads\/2021\/12\/represion2001-1.jpg","width":800,"height":570},{"@type":"BreadcrumbList","@id":"https:\/\/diariotextual.com\/inicio\/index.php\/2021\/12\/17\/convocan-a-una-vigilia-asamblearia-para-recordar-el-estallido-social-de-2001\/#breadcrumb","itemListElement":[{"@type":"ListItem","position":1,"name":"Portada","item":"https:\/\/diariotextual.com\/inicio\/"},{"@type":"ListItem","position":2,"name":"Convocan a una vigilia asamblearia para recordar el estallido social de 2001"}]},{"@type":"WebSite","@id":"https:\/\/diariotextual.com\/inicio\/#website","url":"https:\/\/diariotextual.com\/inicio\/","name":"Diario Textual","description":"","publisher":{"@id":"https:\/\/diariotextual.com\/inicio\/#organization"},"potentialAction":[{"@type":"SearchAction","target":{"@type":"EntryPoint","urlTemplate":"https:\/\/diariotextual.com\/inicio\/?s={search_term_string}"},"query-input":{"@type":"PropertyValueSpecification","valueRequired":true,"valueName":"search_term_string"}}],"inLanguage":"es"},{"@type":"Organization","@id":"https:\/\/diariotextual.com\/inicio\/#organization","name":"Diario Textual","url":"https:\/\/diariotextual.com\/inicio\/","logo":{"@type":"ImageObject","inLanguage":"es","@id":"https:\/\/diariotextual.com\/inicio\/#\/schema\/logo\/image\/","url":"https:\/\/diariotextual.com\/inicio\/wp-content\/uploads\/2023\/05\/logotextual1.jpg","contentUrl":"https:\/\/diariotextual.com\/inicio\/wp-content\/uploads\/2023\/05\/logotextual1.jpg","width":516,"height":76,"caption":"Diario Textual"},"image":{"@id":"https:\/\/diariotextual.com\/inicio\/#\/schema\/logo\/image\/"},"sameAs":["https:\/\/www.facebook.com\/eltextual","https:\/\/x.com\/eltextual","http:\/\/www.instagram.com\/eltextual"]},{"@type":"Person","@id":"https:\/\/diariotextual.com\/inicio\/#\/schema\/person\/c7834961ad8b29b1d9cdbf4571299067","name":"diario5","image":{"@type":"ImageObject","inLanguage":"es","@id":"https:\/\/secure.gravatar.com\/avatar\/948c893b847ca6df68216ead81b63f363408ec9b0f600fefc0641ce78613b111?s=96&d=mm&r=g","url":"https:\/\/secure.gravatar.com\/avatar\/948c893b847ca6df68216ead81b63f363408ec9b0f600fefc0641ce78613b111?s=96&d=mm&r=g","contentUrl":"https:\/\/secure.gravatar.com\/avatar\/948c893b847ca6df68216ead81b63f363408ec9b0f600fefc0641ce78613b111?s=96&d=mm&r=g","caption":"diario5"},"url":"https:\/\/diariotextual.com\/inicio\/index.php\/author\/diario5\/"}]}},"_links":{"self":[{"href":"https:\/\/diariotextual.com\/inicio\/index.php\/wp-json\/wp\/v2\/posts\/173173","targetHints":{"allow":["GET"]}}],"collection":[{"href":"https:\/\/diariotextual.com\/inicio\/index.php\/wp-json\/wp\/v2\/posts"}],"about":[{"href":"https:\/\/diariotextual.com\/inicio\/index.php\/wp-json\/wp\/v2\/types\/post"}],"author":[{"embeddable":true,"href":"https:\/\/diariotextual.com\/inicio\/index.php\/wp-json\/wp\/v2\/users\/7"}],"replies":[{"embeddable":true,"href":"https:\/\/diariotextual.com\/inicio\/index.php\/wp-json\/wp\/v2\/comments?post=173173"}],"version-history":[{"count":2,"href":"https:\/\/diariotextual.com\/inicio\/index.php\/wp-json\/wp\/v2\/posts\/173173\/revisions"}],"predecessor-version":[{"id":173175,"href":"https:\/\/diariotextual.com\/inicio\/index.php\/wp-json\/wp\/v2\/posts\/173173\/revisions\/173175"}],"wp:featuredmedia":[{"embeddable":true,"href":"https:\/\/diariotextual.com\/inicio\/index.php\/wp-json\/wp\/v2\/media\/171150"}],"wp:attachment":[{"href":"https:\/\/diariotextual.com\/inicio\/index.php\/wp-json\/wp\/v2\/media?parent=173173"}],"wp:term":[{"taxonomy":"category","embeddable":true,"href":"https:\/\/diariotextual.com\/inicio\/index.php\/wp-json\/wp\/v2\/categories?post=173173"},{"taxonomy":"post_tag","embeddable":true,"href":"https:\/\/diariotextual.com\/inicio\/index.php\/wp-json\/wp\/v2\/tags?post=173173"}],"curies":[{"name":"wp","href":"https:\/\/api.w.org\/{rel}","templated":true}]}}