{"id":173187,"date":"2021-12-17T08:46:07","date_gmt":"2021-12-17T11:46:07","guid":{"rendered":"https:\/\/diariotextual.com\/inicio\/?p=173187"},"modified":"2021-12-17T19:11:57","modified_gmt":"2021-12-17T22:11:57","slug":"van-a-declarar-en-emergencia-a-campos-de-pico-y-la-zona-que-estan-inundados","status":"publish","type":"post","link":"https:\/\/diariotextual.com\/inicio\/index.php\/2021\/12\/17\/van-a-declarar-en-emergencia-a-campos-de-pico-y-la-zona-que-estan-inundados\/","title":{"rendered":"Van a declarar en emergencia a campos de Pico y la zona que est\u00e1n inundados"},"content":{"rendered":"\n<p>El Gobierno provincial <strong>va a declarar<\/strong> en <strong>emergencia agropecuaria<\/strong> a una serie de <strong>campos afectados por las inundaciones<\/strong>, producto de las \u00faltimas <strong>lluvias, <\/strong>en la zona de General Pico.<\/p>\n\n\n\n<p>Este viernes, se reuni\u00f3 en Santa Rosa la <strong>Comisi\u00f3n de Emergencia Agropecuaria <\/strong>para ir defiendo qu\u00e9 campos se declarar\u00e1n en emergencia.<\/p>\n\n\n\n<p>Esa declaraci\u00f3n de emergencia, entre otros puntos, permitir\u00e1 a los productores afectados prorrogar el pago de impuestos y acceder a subsidios y cr\u00e9ditos -dependiendo de la situaci\u00f3n-.<\/p>\n\n\n\n<p><\/p>\n\n\n\n<figure class=\"wp-block-embed is-type-wp-embed is-provider-diario-textual wp-block-embed-diario-textual\"><div class=\"wp-block-embed__wrapper\">\n<blockquote class=\"wp-embedded-content\" data-secret=\"NSjyk05F07\"><a href=\"https:\/\/diariotextual.com\/inicio\/index.php\/2021\/12\/15\/las-fotos-de-las-inundaciones-en-el-norte-pampeano-desde-un-avion\/\">Las fotos de las inundaciones en el norte pampeano, desde un avi\u00f3n<\/a><\/blockquote><iframe class=\"wp-embedded-content\" sandbox=\"allow-scripts\" security=\"restricted\" style=\"position: absolute; clip: rect(1px, 1px, 1px, 1px);\" title=\"\u00abLas fotos de las inundaciones en el norte pampeano, desde un avi\u00f3n\u00bb \u2014 Diario Textual\" src=\"https:\/\/diariotextual.com\/inicio\/index.php\/2021\/12\/15\/las-fotos-de-las-inundaciones-en-el-norte-pampeano-desde-un-avion\/embed\/#?secret=NSjyk05F07\" data-secret=\"NSjyk05F07\" width=\"600\" height=\"338\" frameborder=\"0\" marginwidth=\"0\" marginheight=\"0\" scrolling=\"no\"><\/iframe>\n<\/div><\/figure>\n\n\n\n<p>Esa comisi\u00f3n est\u00e1 integrada, entre otros, por representantes del Gobierno, asociaciones rurales y el Instituto Nacional de Tecnolog\u00eda Agropecuaria (INTA).<\/p>\n\n\n\n<p><br>El exceso de lluvias -que en algunos campos ha llegado a 1000 y hasta 1500 mil\u00edmetros en el a\u00f1o, muy por encima del promedio anual- afecta principalmente a los campos en los alrededores de General Pico, Dorila y Agustoni. Tambi\u00e9n alcanza, aunque en menor medida, a campos de Realic\u00f3, Intendente Alvear, Larroud\u00e9 y Quem\u00fa.<\/p>\n\n\n\n<p>No hay \u201cpiso\u201d para levantar la cosecha de la fina y para sembrar la gruesa y se multiplican los caminos intransitables.<\/p>\n\n\n\n<p>La reuni\u00f3n fue encabezada por la ministra de la Producci\u00f3n, Fernanda Gonz\u00e1lez, junto al subsecretario de Asuntos Agrarios, Ricardo Baraldi; la directora de Agricultura, Natalia Ovando; el director de Ganader\u00eda, Marcelo Lluch; y referentes de las entidades agropecuarias y organismos cient\u00edfico- t\u00e9cnicos que componen la comisi\u00f3n.<\/p>\n\n\n\n<p>Durante el encuentro los equipos t\u00e9cnicos de la Direcci\u00f3n de Agricultura y del INTA presentaron informes detallados y actualizados de la situaci\u00f3n h\u00eddrica del noreste provincial as\u00ed como las proyecciones esperadas a nivel meteorol\u00f3gico y ed\u00e1fico particularmente para una de las zonas m\u00e1s afectadas como es el Departamento Marac\u00f3.<\/p>\n\n\n\n<p>De la reuni\u00f3n tambi\u00e9n particip\u00f3 el presidente de Vialidad Nacional, Rodrigo Cadenas, ya que conjuntamente con otros organismos sobrevolaron las \u00e1reas rurales. Cadenas, garantiz\u00f3 los trabajos permanentes para asegurar la transitabilidad en las zonas afectadas.<\/p>\n\n\n\n<p>En un marco de di\u00e1logo, se analiz\u00f3 la situaci\u00f3n presentada determinando por unanimidad\u00a0 realizar un pr\u00f3ximo encuentro el d\u00eda 5 de enero para definir las medidas espec\u00edficas as\u00ed como para determinar los lotes que se encuentren en situaci\u00f3n cr\u00edtica ya sea para la siembra como la cosecha. \u201cVenimos trabajando en la tem\u00e1tica junto a todos los sectores frente a la situaci\u00f3n meteorol\u00f3gica de la Provincia, atentos a los informes t\u00e9cnicos y proyecciones que se realizan,\u00a0 tanto de la Direcci\u00f3n de Agricultura como desde el INTA, el Estado provincial ha tenido siempre una presencia anticipatoria para situaciones de emergencia y esta vez no ser\u00e1 la excepci\u00f3n. Hoy en esta reuni\u00f3n coincidimos en la importancia de tomar medidas en base a los datos t\u00e9cnicos que son los que nos permitir\u00e1n adelantarnos y brindar previsibilidad a los productores\u201d, explic\u00f3 la ministra Gonz\u00e1lez a la Agencia Provincial de Noticias.<\/p>\n","protected":false},"excerpt":{"rendered":"<p>El Gobierno provincial va a declarar en emergencia agropecuaria a una serie de campos afectados por las inundaciones, producto de las \u00faltimas lluvias, en la zona de General Pico. Este&hellip;<\/p>\n","protected":false},"author":3,"featured_media":173189,"comment_status":"closed","ping_status":"open","sticky":false,"template":"","format":"standard","meta":{"_acf_changed":false,"footnotes":""},"categories":[10,20],"tags":[1415,121],"class_list":["post-173187","post","type-post","status-publish","format-standard","has-post-thumbnail","hentry","category-portada-2","category-campo","tag-inundaciones","tag-lluvias"],"acf":[],"yoast_head":"<!-- This site is optimized with the Yoast SEO plugin v27.5 - https:\/\/yoast.com\/product\/yoast-seo-wordpress\/ -->\n<title>Van a declarar en emergencia a campos de Pico y la zona que est\u00e1n inundados - Diario Textual<\/title>\n<meta name=\"robots\" content=\"index, follow, max-snippet:-1, max-image-preview:large, max-video-preview:-1\" \/>\n<link rel=\"canonical\" href=\"https:\/\/diariotextual.com\/inicio\/index.php\/2021\/12\/17\/van-a-declarar-en-emergencia-a-campos-de-pico-y-la-zona-que-estan-inundados\/\" \/>\n<meta property=\"og:locale\" content=\"es_ES\" \/>\n<meta property=\"og:type\" content=\"article\" \/>\n<meta property=\"og:title\" content=\"Van a declarar en emergencia a campos de Pico y la zona que est\u00e1n inundados - Diario Textual\" \/>\n<meta property=\"og:description\" content=\"El Gobierno provincial va a declarar en emergencia agropecuaria a una serie de campos afectados por las inundaciones, producto de las \u00faltimas lluvias, en la zona de General Pico. Este&hellip;\" \/>\n<meta property=\"og:url\" content=\"https:\/\/diariotextual.com\/inicio\/index.php\/2021\/12\/17\/van-a-declarar-en-emergencia-a-campos-de-pico-y-la-zona-que-estan-inundados\/\" \/>\n<meta property=\"og:site_name\" content=\"Diario Textual\" \/>\n<meta property=\"article:publisher\" content=\"https:\/\/www.facebook.com\/eltextual\" \/>\n<meta property=\"article:published_time\" content=\"2021-12-17T11:46:07+00:00\" \/>\n<meta property=\"article:modified_time\" content=\"2021-12-17T22:11:57+00:00\" \/>\n<meta property=\"og:image\" content=\"https:\/\/diariotextual.com\/inicio\/wp-content\/uploads\/2021\/12\/inundacionescampolapampa2021-1.jpeg\" \/>\n\t<meta property=\"og:image:width\" content=\"1152\" \/>\n\t<meta property=\"og:image:height\" content=\"697\" \/>\n\t<meta property=\"og:image:type\" content=\"image\/jpeg\" \/>\n<meta name=\"author\" content=\"Diario1 Diario1\" \/>\n<meta name=\"twitter:card\" content=\"summary_large_image\" \/>\n<meta name=\"twitter:creator\" content=\"@eltextual\" \/>\n<meta name=\"twitter:site\" content=\"@eltextual\" \/>\n<meta name=\"twitter:label1\" content=\"Escrito por\" \/>\n\t<meta name=\"twitter:data1\" content=\"Diario1 Diario1\" \/>\n\t<meta name=\"twitter:label2\" content=\"Tiempo de lectura\" \/>\n\t<meta name=\"twitter:data2\" content=\"2 minutos\" \/>\n<script type=\"application\/ld+json\" class=\"yoast-schema-graph\">{\"@context\":\"https:\\\/\\\/schema.org\",\"@graph\":[{\"@type\":\"Article\",\"@id\":\"https:\\\/\\\/diariotextual.com\\\/inicio\\\/index.php\\\/2021\\\/12\\\/17\\\/van-a-declarar-en-emergencia-a-campos-de-pico-y-la-zona-que-estan-inundados\\\/#article\",\"isPartOf\":{\"@id\":\"https:\\\/\\\/diariotextual.com\\\/inicio\\\/index.php\\\/2021\\\/12\\\/17\\\/van-a-declarar-en-emergencia-a-campos-de-pico-y-la-zona-que-estan-inundados\\\/\"},\"author\":{\"name\":\"Diario1 Diario1\",\"@id\":\"https:\\\/\\\/diariotextual.com\\\/inicio\\\/#\\\/schema\\\/person\\\/418fc4093c33e86ed41562db3508f958\"},\"headline\":\"Van a declarar en emergencia a campos de Pico y la zona que est\u00e1n inundados\",\"datePublished\":\"2021-12-17T11:46:07+00:00\",\"dateModified\":\"2021-12-17T22:11:57+00:00\",\"mainEntityOfPage\":{\"@id\":\"https:\\\/\\\/diariotextual.com\\\/inicio\\\/index.php\\\/2021\\\/12\\\/17\\\/van-a-declarar-en-emergencia-a-campos-de-pico-y-la-zona-que-estan-inundados\\\/\"},\"wordCount\":510,\"publisher\":{\"@id\":\"https:\\\/\\\/diariotextual.com\\\/inicio\\\/#organization\"},\"image\":{\"@id\":\"https:\\\/\\\/diariotextual.com\\\/inicio\\\/index.php\\\/2021\\\/12\\\/17\\\/van-a-declarar-en-emergencia-a-campos-de-pico-y-la-zona-que-estan-inundados\\\/#primaryimage\"},\"thumbnailUrl\":\"https:\\\/\\\/diariotextual.com\\\/inicio\\\/wp-content\\\/uploads\\\/2021\\\/12\\\/inundacionescampolapampa2021-1.jpeg\",\"keywords\":[\"inundaciones\",\"lluvias\"],\"articleSection\":[\"A - PORTADA2\",\"CAMPO\"],\"inLanguage\":\"es\"},{\"@type\":\"WebPage\",\"@id\":\"https:\\\/\\\/diariotextual.com\\\/inicio\\\/index.php\\\/2021\\\/12\\\/17\\\/van-a-declarar-en-emergencia-a-campos-de-pico-y-la-zona-que-estan-inundados\\\/\",\"url\":\"https:\\\/\\\/diariotextual.com\\\/inicio\\\/index.php\\\/2021\\\/12\\\/17\\\/van-a-declarar-en-emergencia-a-campos-de-pico-y-la-zona-que-estan-inundados\\\/\",\"name\":\"Van a declarar en emergencia a campos de Pico y la zona que est\u00e1n inundados - Diario Textual\",\"isPartOf\":{\"@id\":\"https:\\\/\\\/diariotextual.com\\\/inicio\\\/#website\"},\"primaryImageOfPage\":{\"@id\":\"https:\\\/\\\/diariotextual.com\\\/inicio\\\/index.php\\\/2021\\\/12\\\/17\\\/van-a-declarar-en-emergencia-a-campos-de-pico-y-la-zona-que-estan-inundados\\\/#primaryimage\"},\"image\":{\"@id\":\"https:\\\/\\\/diariotextual.com\\\/inicio\\\/index.php\\\/2021\\\/12\\\/17\\\/van-a-declarar-en-emergencia-a-campos-de-pico-y-la-zona-que-estan-inundados\\\/#primaryimage\"},\"thumbnailUrl\":\"https:\\\/\\\/diariotextual.com\\\/inicio\\\/wp-content\\\/uploads\\\/2021\\\/12\\\/inundacionescampolapampa2021-1.jpeg\",\"datePublished\":\"2021-12-17T11:46:07+00:00\",\"dateModified\":\"2021-12-17T22:11:57+00:00\",\"breadcrumb\":{\"@id\":\"https:\\\/\\\/diariotextual.com\\\/inicio\\\/index.php\\\/2021\\\/12\\\/17\\\/van-a-declarar-en-emergencia-a-campos-de-pico-y-la-zona-que-estan-inundados\\\/#breadcrumb\"},\"inLanguage\":\"es\",\"potentialAction\":[{\"@type\":\"ReadAction\",\"target\":[\"https:\\\/\\\/diariotextual.com\\\/inicio\\\/index.php\\\/2021\\\/12\\\/17\\\/van-a-declarar-en-emergencia-a-campos-de-pico-y-la-zona-que-estan-inundados\\\/\"]}]},{\"@type\":\"ImageObject\",\"inLanguage\":\"es\",\"@id\":\"https:\\\/\\\/diariotextual.com\\\/inicio\\\/index.php\\\/2021\\\/12\\\/17\\\/van-a-declarar-en-emergencia-a-campos-de-pico-y-la-zona-que-estan-inundados\\\/#primaryimage\",\"url\":\"https:\\\/\\\/diariotextual.com\\\/inicio\\\/wp-content\\\/uploads\\\/2021\\\/12\\\/inundacionescampolapampa2021-1.jpeg\",\"contentUrl\":\"https:\\\/\\\/diariotextual.com\\\/inicio\\\/wp-content\\\/uploads\\\/2021\\\/12\\\/inundacionescampolapampa2021-1.jpeg\",\"width\":1152,\"height\":697},{\"@type\":\"BreadcrumbList\",\"@id\":\"https:\\\/\\\/diariotextual.com\\\/inicio\\\/index.php\\\/2021\\\/12\\\/17\\\/van-a-declarar-en-emergencia-a-campos-de-pico-y-la-zona-que-estan-inundados\\\/#breadcrumb\",\"itemListElement\":[{\"@type\":\"ListItem\",\"position\":1,\"name\":\"Portada\",\"item\":\"https:\\\/\\\/diariotextual.com\\\/inicio\\\/\"},{\"@type\":\"ListItem\",\"position\":2,\"name\":\"Van a declarar en emergencia a campos de Pico y la zona que est\u00e1n inundados\"}]},{\"@type\":\"WebSite\",\"@id\":\"https:\\\/\\\/diariotextual.com\\\/inicio\\\/#website\",\"url\":\"https:\\\/\\\/diariotextual.com\\\/inicio\\\/\",\"name\":\"Diario Textual\",\"description\":\"\",\"publisher\":{\"@id\":\"https:\\\/\\\/diariotextual.com\\\/inicio\\\/#organization\"},\"potentialAction\":[{\"@type\":\"SearchAction\",\"target\":{\"@type\":\"EntryPoint\",\"urlTemplate\":\"https:\\\/\\\/diariotextual.com\\\/inicio\\\/?s={search_term_string}\"},\"query-input\":{\"@type\":\"PropertyValueSpecification\",\"valueRequired\":true,\"valueName\":\"search_term_string\"}}],\"inLanguage\":\"es\"},{\"@type\":\"Organization\",\"@id\":\"https:\\\/\\\/diariotextual.com\\\/inicio\\\/#organization\",\"name\":\"Diario Textual\",\"url\":\"https:\\\/\\\/diariotextual.com\\\/inicio\\\/\",\"logo\":{\"@type\":\"ImageObject\",\"inLanguage\":\"es\",\"@id\":\"https:\\\/\\\/diariotextual.com\\\/inicio\\\/#\\\/schema\\\/logo\\\/image\\\/\",\"url\":\"https:\\\/\\\/diariotextual.com\\\/inicio\\\/wp-content\\\/uploads\\\/2023\\\/05\\\/logotextual1.jpg\",\"contentUrl\":\"https:\\\/\\\/diariotextual.com\\\/inicio\\\/wp-content\\\/uploads\\\/2023\\\/05\\\/logotextual1.jpg\",\"width\":516,\"height\":76,\"caption\":\"Diario Textual\"},\"image\":{\"@id\":\"https:\\\/\\\/diariotextual.com\\\/inicio\\\/#\\\/schema\\\/logo\\\/image\\\/\"},\"sameAs\":[\"https:\\\/\\\/www.facebook.com\\\/eltextual\",\"https:\\\/\\\/x.com\\\/eltextual\",\"http:\\\/\\\/www.instagram.com\\\/eltextual\"]},{\"@type\":\"Person\",\"@id\":\"https:\\\/\\\/diariotextual.com\\\/inicio\\\/#\\\/schema\\\/person\\\/418fc4093c33e86ed41562db3508f958\",\"name\":\"Diario1 Diario1\",\"image\":{\"@type\":\"ImageObject\",\"inLanguage\":\"es\",\"@id\":\"https:\\\/\\\/secure.gravatar.com\\\/avatar\\\/9167d280179c85bc18be67aa7eda765854300033af4896dd779b608640f2ef7a?s=96&d=mm&r=g\",\"url\":\"https:\\\/\\\/secure.gravatar.com\\\/avatar\\\/9167d280179c85bc18be67aa7eda765854300033af4896dd779b608640f2ef7a?s=96&d=mm&r=g\",\"contentUrl\":\"https:\\\/\\\/secure.gravatar.com\\\/avatar\\\/9167d280179c85bc18be67aa7eda765854300033af4896dd779b608640f2ef7a?s=96&d=mm&r=g\",\"caption\":\"Diario1 Diario1\"},\"url\":\"https:\\\/\\\/diariotextual.com\\\/inicio\\\/index.php\\\/author\\\/diario1\\\/\"}]}<\/script>\n<!-- \/ Yoast SEO plugin. -->","yoast_head_json":{"title":"Van a declarar en emergencia a campos de Pico y la zona que est\u00e1n inundados - Diario Textual","robots":{"index":"index","follow":"follow","max-snippet":"max-snippet:-1","max-image-preview":"max-image-preview:large","max-video-preview":"max-video-preview:-1"},"canonical":"https:\/\/diariotextual.com\/inicio\/index.php\/2021\/12\/17\/van-a-declarar-en-emergencia-a-campos-de-pico-y-la-zona-que-estan-inundados\/","og_locale":"es_ES","og_type":"article","og_title":"Van a declarar en emergencia a campos de Pico y la zona que est\u00e1n inundados - Diario Textual","og_description":"El Gobierno provincial va a declarar en emergencia agropecuaria a una serie de campos afectados por las inundaciones, producto de las \u00faltimas lluvias, en la zona de General Pico. Este&hellip;","og_url":"https:\/\/diariotextual.com\/inicio\/index.php\/2021\/12\/17\/van-a-declarar-en-emergencia-a-campos-de-pico-y-la-zona-que-estan-inundados\/","og_site_name":"Diario Textual","article_publisher":"https:\/\/www.facebook.com\/eltextual","article_published_time":"2021-12-17T11:46:07+00:00","article_modified_time":"2021-12-17T22:11:57+00:00","og_image":[{"width":1152,"height":697,"url":"https:\/\/diariotextual.com\/inicio\/wp-content\/uploads\/2021\/12\/inundacionescampolapampa2021-1.jpeg","type":"image\/jpeg"}],"author":"Diario1 Diario1","twitter_card":"summary_large_image","twitter_creator":"@eltextual","twitter_site":"@eltextual","twitter_misc":{"Escrito por":"Diario1 Diario1","Tiempo de lectura":"2 minutos"},"schema":{"@context":"https:\/\/schema.org","@graph":[{"@type":"Article","@id":"https:\/\/diariotextual.com\/inicio\/index.php\/2021\/12\/17\/van-a-declarar-en-emergencia-a-campos-de-pico-y-la-zona-que-estan-inundados\/#article","isPartOf":{"@id":"https:\/\/diariotextual.com\/inicio\/index.php\/2021\/12\/17\/van-a-declarar-en-emergencia-a-campos-de-pico-y-la-zona-que-estan-inundados\/"},"author":{"name":"Diario1 Diario1","@id":"https:\/\/diariotextual.com\/inicio\/#\/schema\/person\/418fc4093c33e86ed41562db3508f958"},"headline":"Van a declarar en emergencia a campos de Pico y la zona que est\u00e1n inundados","datePublished":"2021-12-17T11:46:07+00:00","dateModified":"2021-12-17T22:11:57+00:00","mainEntityOfPage":{"@id":"https:\/\/diariotextual.com\/inicio\/index.php\/2021\/12\/17\/van-a-declarar-en-emergencia-a-campos-de-pico-y-la-zona-que-estan-inundados\/"},"wordCount":510,"publisher":{"@id":"https:\/\/diariotextual.com\/inicio\/#organization"},"image":{"@id":"https:\/\/diariotextual.com\/inicio\/index.php\/2021\/12\/17\/van-a-declarar-en-emergencia-a-campos-de-pico-y-la-zona-que-estan-inundados\/#primaryimage"},"thumbnailUrl":"https:\/\/diariotextual.com\/inicio\/wp-content\/uploads\/2021\/12\/inundacionescampolapampa2021-1.jpeg","keywords":["inundaciones","lluvias"],"articleSection":["A - PORTADA2","CAMPO"],"inLanguage":"es"},{"@type":"WebPage","@id":"https:\/\/diariotextual.com\/inicio\/index.php\/2021\/12\/17\/van-a-declarar-en-emergencia-a-campos-de-pico-y-la-zona-que-estan-inundados\/","url":"https:\/\/diariotextual.com\/inicio\/index.php\/2021\/12\/17\/van-a-declarar-en-emergencia-a-campos-de-pico-y-la-zona-que-estan-inundados\/","name":"Van a declarar en emergencia a campos de Pico y la zona que est\u00e1n inundados - Diario Textual","isPartOf":{"@id":"https:\/\/diariotextual.com\/inicio\/#website"},"primaryImageOfPage":{"@id":"https:\/\/diariotextual.com\/inicio\/index.php\/2021\/12\/17\/van-a-declarar-en-emergencia-a-campos-de-pico-y-la-zona-que-estan-inundados\/#primaryimage"},"image":{"@id":"https:\/\/diariotextual.com\/inicio\/index.php\/2021\/12\/17\/van-a-declarar-en-emergencia-a-campos-de-pico-y-la-zona-que-estan-inundados\/#primaryimage"},"thumbnailUrl":"https:\/\/diariotextual.com\/inicio\/wp-content\/uploads\/2021\/12\/inundacionescampolapampa2021-1.jpeg","datePublished":"2021-12-17T11:46:07+00:00","dateModified":"2021-12-17T22:11:57+00:00","breadcrumb":{"@id":"https:\/\/diariotextual.com\/inicio\/index.php\/2021\/12\/17\/van-a-declarar-en-emergencia-a-campos-de-pico-y-la-zona-que-estan-inundados\/#breadcrumb"},"inLanguage":"es","potentialAction":[{"@type":"ReadAction","target":["https:\/\/diariotextual.com\/inicio\/index.php\/2021\/12\/17\/van-a-declarar-en-emergencia-a-campos-de-pico-y-la-zona-que-estan-inundados\/"]}]},{"@type":"ImageObject","inLanguage":"es","@id":"https:\/\/diariotextual.com\/inicio\/index.php\/2021\/12\/17\/van-a-declarar-en-emergencia-a-campos-de-pico-y-la-zona-que-estan-inundados\/#primaryimage","url":"https:\/\/diariotextual.com\/inicio\/wp-content\/uploads\/2021\/12\/inundacionescampolapampa2021-1.jpeg","contentUrl":"https:\/\/diariotextual.com\/inicio\/wp-content\/uploads\/2021\/12\/inundacionescampolapampa2021-1.jpeg","width":1152,"height":697},{"@type":"BreadcrumbList","@id":"https:\/\/diariotextual.com\/inicio\/index.php\/2021\/12\/17\/van-a-declarar-en-emergencia-a-campos-de-pico-y-la-zona-que-estan-inundados\/#breadcrumb","itemListElement":[{"@type":"ListItem","position":1,"name":"Portada","item":"https:\/\/diariotextual.com\/inicio\/"},{"@type":"ListItem","position":2,"name":"Van a declarar en emergencia a campos de Pico y la zona que est\u00e1n inundados"}]},{"@type":"WebSite","@id":"https:\/\/diariotextual.com\/inicio\/#website","url":"https:\/\/diariotextual.com\/inicio\/","name":"Diario Textual","description":"","publisher":{"@id":"https:\/\/diariotextual.com\/inicio\/#organization"},"potentialAction":[{"@type":"SearchAction","target":{"@type":"EntryPoint","urlTemplate":"https:\/\/diariotextual.com\/inicio\/?s={search_term_string}"},"query-input":{"@type":"PropertyValueSpecification","valueRequired":true,"valueName":"search_term_string"}}],"inLanguage":"es"},{"@type":"Organization","@id":"https:\/\/diariotextual.com\/inicio\/#organization","name":"Diario Textual","url":"https:\/\/diariotextual.com\/inicio\/","logo":{"@type":"ImageObject","inLanguage":"es","@id":"https:\/\/diariotextual.com\/inicio\/#\/schema\/logo\/image\/","url":"https:\/\/diariotextual.com\/inicio\/wp-content\/uploads\/2023\/05\/logotextual1.jpg","contentUrl":"https:\/\/diariotextual.com\/inicio\/wp-content\/uploads\/2023\/05\/logotextual1.jpg","width":516,"height":76,"caption":"Diario Textual"},"image":{"@id":"https:\/\/diariotextual.com\/inicio\/#\/schema\/logo\/image\/"},"sameAs":["https:\/\/www.facebook.com\/eltextual","https:\/\/x.com\/eltextual","http:\/\/www.instagram.com\/eltextual"]},{"@type":"Person","@id":"https:\/\/diariotextual.com\/inicio\/#\/schema\/person\/418fc4093c33e86ed41562db3508f958","name":"Diario1 Diario1","image":{"@type":"ImageObject","inLanguage":"es","@id":"https:\/\/secure.gravatar.com\/avatar\/9167d280179c85bc18be67aa7eda765854300033af4896dd779b608640f2ef7a?s=96&d=mm&r=g","url":"https:\/\/secure.gravatar.com\/avatar\/9167d280179c85bc18be67aa7eda765854300033af4896dd779b608640f2ef7a?s=96&d=mm&r=g","contentUrl":"https:\/\/secure.gravatar.com\/avatar\/9167d280179c85bc18be67aa7eda765854300033af4896dd779b608640f2ef7a?s=96&d=mm&r=g","caption":"Diario1 Diario1"},"url":"https:\/\/diariotextual.com\/inicio\/index.php\/author\/diario1\/"}]}},"_links":{"self":[{"href":"https:\/\/diariotextual.com\/inicio\/index.php\/wp-json\/wp\/v2\/posts\/173187","targetHints":{"allow":["GET"]}}],"collection":[{"href":"https:\/\/diariotextual.com\/inicio\/index.php\/wp-json\/wp\/v2\/posts"}],"about":[{"href":"https:\/\/diariotextual.com\/inicio\/index.php\/wp-json\/wp\/v2\/types\/post"}],"author":[{"embeddable":true,"href":"https:\/\/diariotextual.com\/inicio\/index.php\/wp-json\/wp\/v2\/users\/3"}],"replies":[{"embeddable":true,"href":"https:\/\/diariotextual.com\/inicio\/index.php\/wp-json\/wp\/v2\/comments?post=173187"}],"version-history":[{"count":5,"href":"https:\/\/diariotextual.com\/inicio\/index.php\/wp-json\/wp\/v2\/posts\/173187\/revisions"}],"predecessor-version":[{"id":173313,"href":"https:\/\/diariotextual.com\/inicio\/index.php\/wp-json\/wp\/v2\/posts\/173187\/revisions\/173313"}],"wp:featuredmedia":[{"embeddable":true,"href":"https:\/\/diariotextual.com\/inicio\/index.php\/wp-json\/wp\/v2\/media\/173189"}],"wp:attachment":[{"href":"https:\/\/diariotextual.com\/inicio\/index.php\/wp-json\/wp\/v2\/media?parent=173187"}],"wp:term":[{"taxonomy":"category","embeddable":true,"href":"https:\/\/diariotextual.com\/inicio\/index.php\/wp-json\/wp\/v2\/categories?post=173187"},{"taxonomy":"post_tag","embeddable":true,"href":"https:\/\/diariotextual.com\/inicio\/index.php\/wp-json\/wp\/v2\/tags?post=173187"}],"curies":[{"name":"wp","href":"https:\/\/api.w.org\/{rel}","templated":true}]}}