{"id":17377,"date":"2018-08-20T09:40:51","date_gmt":"2018-08-20T12:40:51","guid":{"rendered":"http:\/\/diariotextual.com\/inicio\/?p=17377"},"modified":"2018-08-20T14:43:11","modified_gmt":"2018-08-20T17:43:11","slug":"milagro-sala-me-quisieron-quebrar-no-podido","status":"publish","type":"post","link":"https:\/\/diariotextual.com\/inicio\/index.php\/2018\/08\/20\/milagro-sala-me-quisieron-quebrar-no-podido\/","title":{"rendered":"Milagro Sala: \u00abMe quisieron quebrar y no han podido\u00bb"},"content":{"rendered":"<p>Finalmente, el juez juje\u00f1o Pablo Pull\u00e9n Llermanos orden\u00f3 trasladar a la l\u00edder de la agrupaci\u00f3n Tupac Amaru, Milagro Sala, desde el Complejo Penitenciario Federal III de G\u00fcemes (Salta), a su domicilio de El Carmen (Jujuy).<\/p>\n<p>La dirigente fue trasladada el s\u00e1bado, luego de que el magistrado se notificara el viernes de la orden de la Corte Suprema de Justicia, que intim\u00f3 al tribunal local que dispusiera \u00abcon car\u00e1cter de urgencia\u00bb el arresto domiciliario de Sala.<\/p>\n<p>\u201cMe quisieron quebrar y no han podido. Tengo varias sensaciones mezcladas. Estoy contenta y con bronca. Contenta porque ya no estoy en la c\u00e1rcel, pero con bronca porque la domiciliaria ten\u00eda que ser en mi casa de Cuyaya y no ac\u00e1, es como si me trasladaran a otra c\u00e1rcel\u00bb, manifest\u00f3 la dirigente social\u00a0en di\u00e1logo con P\u00e1gina 12.<\/p>\n<p>La\u00a0l\u00edder de\u00a0la Tupac Amaru se encuentra detenida desde enero de 2016. Estuvo privada de su libertad en el penal de Alto Comedero hasta el mes de agosto de 2017 cuando fue trasladada a una vivienda de la localidad juje\u00f1a de El Carmen para continuar cumpliendo la prisi\u00f3n preventiva.<\/p>\n","protected":false},"excerpt":{"rendered":"<p>Finalmente, el juez juje\u00f1o Pablo Pull\u00e9n Llermanos orden\u00f3 trasladar a la l\u00edder de la agrupaci\u00f3n Tupac Amaru, Milagro Sala, desde el Complejo Penitenciario Federal III de G\u00fcemes (Salta), a su&hellip;<\/p>\n","protected":false},"author":3,"featured_media":17379,"comment_status":"closed","ping_status":"open","sticky":false,"template":"","format":"standard","meta":{"_acf_changed":false,"footnotes":""},"categories":[1,11,319,7],"tags":[],"class_list":["post-17377","post","type-post","status-publish","format-standard","has-post-thumbnail","hentry","category-es-noticia","category-que-pasa","category-a-temporales","category-mundo"],"acf":[],"yoast_head":"<!-- This site is optimized with the Yoast SEO plugin v27.5 - https:\/\/yoast.com\/product\/yoast-seo-wordpress\/ -->\n<title>Milagro Sala: &quot;Me quisieron quebrar y no han podido&quot; - Diario Textual<\/title>\n<meta name=\"robots\" content=\"index, follow, max-snippet:-1, max-image-preview:large, max-video-preview:-1\" \/>\n<link rel=\"canonical\" href=\"https:\/\/diariotextual.com\/inicio\/index.php\/2018\/08\/20\/milagro-sala-me-quisieron-quebrar-no-podido\/\" \/>\n<meta property=\"og:locale\" content=\"es_ES\" \/>\n<meta property=\"og:type\" content=\"article\" \/>\n<meta property=\"og:title\" content=\"Milagro Sala: &quot;Me quisieron quebrar y no han podido&quot; - Diario Textual\" \/>\n<meta property=\"og:description\" content=\"Finalmente, el juez juje\u00f1o Pablo Pull\u00e9n Llermanos orden\u00f3 trasladar a la l\u00edder de la agrupaci\u00f3n Tupac Amaru, Milagro Sala, desde el Complejo Penitenciario Federal III de G\u00fcemes (Salta), a su&hellip;\" \/>\n<meta property=\"og:url\" content=\"https:\/\/diariotextual.com\/inicio\/index.php\/2018\/08\/20\/milagro-sala-me-quisieron-quebrar-no-podido\/\" \/>\n<meta property=\"og:site_name\" content=\"Diario Textual\" \/>\n<meta property=\"article:publisher\" content=\"https:\/\/www.facebook.com\/eltextual\" \/>\n<meta property=\"article:published_time\" content=\"2018-08-20T12:40:51+00:00\" \/>\n<meta property=\"article:modified_time\" content=\"2018-08-20T17:43:11+00:00\" \/>\n<meta property=\"og:image\" content=\"https:\/\/diariotextual.com\/inicio\/wp-content\/uploads\/2018\/08\/salamilagroarrestodomiciliario1.jpg\" \/>\n\t<meta property=\"og:image:width\" content=\"756\" \/>\n\t<meta property=\"og:image:height\" content=\"486\" \/>\n\t<meta property=\"og:image:type\" content=\"image\/jpeg\" \/>\n<meta name=\"author\" content=\"Diario1 Diario1\" \/>\n<meta name=\"twitter:card\" content=\"summary_large_image\" \/>\n<meta name=\"twitter:creator\" content=\"@eltextual\" \/>\n<meta name=\"twitter:site\" content=\"@eltextual\" \/>\n<meta name=\"twitter:label1\" content=\"Escrito por\" \/>\n\t<meta name=\"twitter:data1\" content=\"Diario1 Diario1\" \/>\n\t<meta name=\"twitter:label2\" content=\"Tiempo de lectura\" \/>\n\t<meta name=\"twitter:data2\" content=\"1 minuto\" \/>\n<script type=\"application\/ld+json\" class=\"yoast-schema-graph\">{\"@context\":\"https:\\\/\\\/schema.org\",\"@graph\":[{\"@type\":\"Article\",\"@id\":\"https:\\\/\\\/diariotextual.com\\\/inicio\\\/index.php\\\/2018\\\/08\\\/20\\\/milagro-sala-me-quisieron-quebrar-no-podido\\\/#article\",\"isPartOf\":{\"@id\":\"https:\\\/\\\/diariotextual.com\\\/inicio\\\/index.php\\\/2018\\\/08\\\/20\\\/milagro-sala-me-quisieron-quebrar-no-podido\\\/\"},\"author\":{\"name\":\"Diario1 Diario1\",\"@id\":\"https:\\\/\\\/diariotextual.com\\\/inicio\\\/#\\\/schema\\\/person\\\/418fc4093c33e86ed41562db3508f958\"},\"headline\":\"Milagro Sala: \u00abMe quisieron quebrar y no han podido\u00bb\",\"datePublished\":\"2018-08-20T12:40:51+00:00\",\"dateModified\":\"2018-08-20T17:43:11+00:00\",\"mainEntityOfPage\":{\"@id\":\"https:\\\/\\\/diariotextual.com\\\/inicio\\\/index.php\\\/2018\\\/08\\\/20\\\/milagro-sala-me-quisieron-quebrar-no-podido\\\/\"},\"wordCount\":204,\"publisher\":{\"@id\":\"https:\\\/\\\/diariotextual.com\\\/inicio\\\/#organization\"},\"image\":{\"@id\":\"https:\\\/\\\/diariotextual.com\\\/inicio\\\/index.php\\\/2018\\\/08\\\/20\\\/milagro-sala-me-quisieron-quebrar-no-podido\\\/#primaryimage\"},\"thumbnailUrl\":\"https:\\\/\\\/diariotextual.com\\\/inicio\\\/wp-content\\\/uploads\\\/2018\\\/08\\\/salamilagroarrestodomiciliario1.jpg\",\"articleSection\":[\"A - ES NOTICIA (van abajo)\",\"A - QUE PASA (al costado)\",\"A - TEMPORALES\",\"MUNDO\"],\"inLanguage\":\"es\"},{\"@type\":\"WebPage\",\"@id\":\"https:\\\/\\\/diariotextual.com\\\/inicio\\\/index.php\\\/2018\\\/08\\\/20\\\/milagro-sala-me-quisieron-quebrar-no-podido\\\/\",\"url\":\"https:\\\/\\\/diariotextual.com\\\/inicio\\\/index.php\\\/2018\\\/08\\\/20\\\/milagro-sala-me-quisieron-quebrar-no-podido\\\/\",\"name\":\"Milagro Sala: \\\"Me quisieron quebrar y no han podido\\\" - Diario Textual\",\"isPartOf\":{\"@id\":\"https:\\\/\\\/diariotextual.com\\\/inicio\\\/#website\"},\"primaryImageOfPage\":{\"@id\":\"https:\\\/\\\/diariotextual.com\\\/inicio\\\/index.php\\\/2018\\\/08\\\/20\\\/milagro-sala-me-quisieron-quebrar-no-podido\\\/#primaryimage\"},\"image\":{\"@id\":\"https:\\\/\\\/diariotextual.com\\\/inicio\\\/index.php\\\/2018\\\/08\\\/20\\\/milagro-sala-me-quisieron-quebrar-no-podido\\\/#primaryimage\"},\"thumbnailUrl\":\"https:\\\/\\\/diariotextual.com\\\/inicio\\\/wp-content\\\/uploads\\\/2018\\\/08\\\/salamilagroarrestodomiciliario1.jpg\",\"datePublished\":\"2018-08-20T12:40:51+00:00\",\"dateModified\":\"2018-08-20T17:43:11+00:00\",\"breadcrumb\":{\"@id\":\"https:\\\/\\\/diariotextual.com\\\/inicio\\\/index.php\\\/2018\\\/08\\\/20\\\/milagro-sala-me-quisieron-quebrar-no-podido\\\/#breadcrumb\"},\"inLanguage\":\"es\",\"potentialAction\":[{\"@type\":\"ReadAction\",\"target\":[\"https:\\\/\\\/diariotextual.com\\\/inicio\\\/index.php\\\/2018\\\/08\\\/20\\\/milagro-sala-me-quisieron-quebrar-no-podido\\\/\"]}]},{\"@type\":\"ImageObject\",\"inLanguage\":\"es\",\"@id\":\"https:\\\/\\\/diariotextual.com\\\/inicio\\\/index.php\\\/2018\\\/08\\\/20\\\/milagro-sala-me-quisieron-quebrar-no-podido\\\/#primaryimage\",\"url\":\"https:\\\/\\\/diariotextual.com\\\/inicio\\\/wp-content\\\/uploads\\\/2018\\\/08\\\/salamilagroarrestodomiciliario1.jpg\",\"contentUrl\":\"https:\\\/\\\/diariotextual.com\\\/inicio\\\/wp-content\\\/uploads\\\/2018\\\/08\\\/salamilagroarrestodomiciliario1.jpg\",\"width\":756,\"height\":486},{\"@type\":\"BreadcrumbList\",\"@id\":\"https:\\\/\\\/diariotextual.com\\\/inicio\\\/index.php\\\/2018\\\/08\\\/20\\\/milagro-sala-me-quisieron-quebrar-no-podido\\\/#breadcrumb\",\"itemListElement\":[{\"@type\":\"ListItem\",\"position\":1,\"name\":\"Portada\",\"item\":\"https:\\\/\\\/diariotextual.com\\\/inicio\\\/\"},{\"@type\":\"ListItem\",\"position\":2,\"name\":\"Milagro Sala: \u00abMe quisieron quebrar y no han podido\u00bb\"}]},{\"@type\":\"WebSite\",\"@id\":\"https:\\\/\\\/diariotextual.com\\\/inicio\\\/#website\",\"url\":\"https:\\\/\\\/diariotextual.com\\\/inicio\\\/\",\"name\":\"Diario Textual\",\"description\":\"\",\"publisher\":{\"@id\":\"https:\\\/\\\/diariotextual.com\\\/inicio\\\/#organization\"},\"potentialAction\":[{\"@type\":\"SearchAction\",\"target\":{\"@type\":\"EntryPoint\",\"urlTemplate\":\"https:\\\/\\\/diariotextual.com\\\/inicio\\\/?s={search_term_string}\"},\"query-input\":{\"@type\":\"PropertyValueSpecification\",\"valueRequired\":true,\"valueName\":\"search_term_string\"}}],\"inLanguage\":\"es\"},{\"@type\":\"Organization\",\"@id\":\"https:\\\/\\\/diariotextual.com\\\/inicio\\\/#organization\",\"name\":\"Diario Textual\",\"url\":\"https:\\\/\\\/diariotextual.com\\\/inicio\\\/\",\"logo\":{\"@type\":\"ImageObject\",\"inLanguage\":\"es\",\"@id\":\"https:\\\/\\\/diariotextual.com\\\/inicio\\\/#\\\/schema\\\/logo\\\/image\\\/\",\"url\":\"https:\\\/\\\/diariotextual.com\\\/inicio\\\/wp-content\\\/uploads\\\/2023\\\/05\\\/logotextual1.jpg\",\"contentUrl\":\"https:\\\/\\\/diariotextual.com\\\/inicio\\\/wp-content\\\/uploads\\\/2023\\\/05\\\/logotextual1.jpg\",\"width\":516,\"height\":76,\"caption\":\"Diario Textual\"},\"image\":{\"@id\":\"https:\\\/\\\/diariotextual.com\\\/inicio\\\/#\\\/schema\\\/logo\\\/image\\\/\"},\"sameAs\":[\"https:\\\/\\\/www.facebook.com\\\/eltextual\",\"https:\\\/\\\/x.com\\\/eltextual\",\"http:\\\/\\\/www.instagram.com\\\/eltextual\"]},{\"@type\":\"Person\",\"@id\":\"https:\\\/\\\/diariotextual.com\\\/inicio\\\/#\\\/schema\\\/person\\\/418fc4093c33e86ed41562db3508f958\",\"name\":\"Diario1 Diario1\",\"image\":{\"@type\":\"ImageObject\",\"inLanguage\":\"es\",\"@id\":\"https:\\\/\\\/secure.gravatar.com\\\/avatar\\\/9167d280179c85bc18be67aa7eda765854300033af4896dd779b608640f2ef7a?s=96&d=mm&r=g\",\"url\":\"https:\\\/\\\/secure.gravatar.com\\\/avatar\\\/9167d280179c85bc18be67aa7eda765854300033af4896dd779b608640f2ef7a?s=96&d=mm&r=g\",\"contentUrl\":\"https:\\\/\\\/secure.gravatar.com\\\/avatar\\\/9167d280179c85bc18be67aa7eda765854300033af4896dd779b608640f2ef7a?s=96&d=mm&r=g\",\"caption\":\"Diario1 Diario1\"},\"url\":\"https:\\\/\\\/diariotextual.com\\\/inicio\\\/index.php\\\/author\\\/diario1\\\/\"}]}<\/script>\n<!-- \/ Yoast SEO plugin. -->","yoast_head_json":{"title":"Milagro Sala: \"Me quisieron quebrar y no han podido\" - Diario Textual","robots":{"index":"index","follow":"follow","max-snippet":"max-snippet:-1","max-image-preview":"max-image-preview:large","max-video-preview":"max-video-preview:-1"},"canonical":"https:\/\/diariotextual.com\/inicio\/index.php\/2018\/08\/20\/milagro-sala-me-quisieron-quebrar-no-podido\/","og_locale":"es_ES","og_type":"article","og_title":"Milagro Sala: \"Me quisieron quebrar y no han podido\" - Diario Textual","og_description":"Finalmente, el juez juje\u00f1o Pablo Pull\u00e9n Llermanos orden\u00f3 trasladar a la l\u00edder de la agrupaci\u00f3n Tupac Amaru, Milagro Sala, desde el Complejo Penitenciario Federal III de G\u00fcemes (Salta), a su&hellip;","og_url":"https:\/\/diariotextual.com\/inicio\/index.php\/2018\/08\/20\/milagro-sala-me-quisieron-quebrar-no-podido\/","og_site_name":"Diario Textual","article_publisher":"https:\/\/www.facebook.com\/eltextual","article_published_time":"2018-08-20T12:40:51+00:00","article_modified_time":"2018-08-20T17:43:11+00:00","og_image":[{"width":756,"height":486,"url":"https:\/\/diariotextual.com\/inicio\/wp-content\/uploads\/2018\/08\/salamilagroarrestodomiciliario1.jpg","type":"image\/jpeg"}],"author":"Diario1 Diario1","twitter_card":"summary_large_image","twitter_creator":"@eltextual","twitter_site":"@eltextual","twitter_misc":{"Escrito por":"Diario1 Diario1","Tiempo de lectura":"1 minuto"},"schema":{"@context":"https:\/\/schema.org","@graph":[{"@type":"Article","@id":"https:\/\/diariotextual.com\/inicio\/index.php\/2018\/08\/20\/milagro-sala-me-quisieron-quebrar-no-podido\/#article","isPartOf":{"@id":"https:\/\/diariotextual.com\/inicio\/index.php\/2018\/08\/20\/milagro-sala-me-quisieron-quebrar-no-podido\/"},"author":{"name":"Diario1 Diario1","@id":"https:\/\/diariotextual.com\/inicio\/#\/schema\/person\/418fc4093c33e86ed41562db3508f958"},"headline":"Milagro Sala: \u00abMe quisieron quebrar y no han podido\u00bb","datePublished":"2018-08-20T12:40:51+00:00","dateModified":"2018-08-20T17:43:11+00:00","mainEntityOfPage":{"@id":"https:\/\/diariotextual.com\/inicio\/index.php\/2018\/08\/20\/milagro-sala-me-quisieron-quebrar-no-podido\/"},"wordCount":204,"publisher":{"@id":"https:\/\/diariotextual.com\/inicio\/#organization"},"image":{"@id":"https:\/\/diariotextual.com\/inicio\/index.php\/2018\/08\/20\/milagro-sala-me-quisieron-quebrar-no-podido\/#primaryimage"},"thumbnailUrl":"https:\/\/diariotextual.com\/inicio\/wp-content\/uploads\/2018\/08\/salamilagroarrestodomiciliario1.jpg","articleSection":["A - ES NOTICIA (van abajo)","A - QUE PASA (al costado)","A - TEMPORALES","MUNDO"],"inLanguage":"es"},{"@type":"WebPage","@id":"https:\/\/diariotextual.com\/inicio\/index.php\/2018\/08\/20\/milagro-sala-me-quisieron-quebrar-no-podido\/","url":"https:\/\/diariotextual.com\/inicio\/index.php\/2018\/08\/20\/milagro-sala-me-quisieron-quebrar-no-podido\/","name":"Milagro Sala: \"Me quisieron quebrar y no han podido\" - Diario Textual","isPartOf":{"@id":"https:\/\/diariotextual.com\/inicio\/#website"},"primaryImageOfPage":{"@id":"https:\/\/diariotextual.com\/inicio\/index.php\/2018\/08\/20\/milagro-sala-me-quisieron-quebrar-no-podido\/#primaryimage"},"image":{"@id":"https:\/\/diariotextual.com\/inicio\/index.php\/2018\/08\/20\/milagro-sala-me-quisieron-quebrar-no-podido\/#primaryimage"},"thumbnailUrl":"https:\/\/diariotextual.com\/inicio\/wp-content\/uploads\/2018\/08\/salamilagroarrestodomiciliario1.jpg","datePublished":"2018-08-20T12:40:51+00:00","dateModified":"2018-08-20T17:43:11+00:00","breadcrumb":{"@id":"https:\/\/diariotextual.com\/inicio\/index.php\/2018\/08\/20\/milagro-sala-me-quisieron-quebrar-no-podido\/#breadcrumb"},"inLanguage":"es","potentialAction":[{"@type":"ReadAction","target":["https:\/\/diariotextual.com\/inicio\/index.php\/2018\/08\/20\/milagro-sala-me-quisieron-quebrar-no-podido\/"]}]},{"@type":"ImageObject","inLanguage":"es","@id":"https:\/\/diariotextual.com\/inicio\/index.php\/2018\/08\/20\/milagro-sala-me-quisieron-quebrar-no-podido\/#primaryimage","url":"https:\/\/diariotextual.com\/inicio\/wp-content\/uploads\/2018\/08\/salamilagroarrestodomiciliario1.jpg","contentUrl":"https:\/\/diariotextual.com\/inicio\/wp-content\/uploads\/2018\/08\/salamilagroarrestodomiciliario1.jpg","width":756,"height":486},{"@type":"BreadcrumbList","@id":"https:\/\/diariotextual.com\/inicio\/index.php\/2018\/08\/20\/milagro-sala-me-quisieron-quebrar-no-podido\/#breadcrumb","itemListElement":[{"@type":"ListItem","position":1,"name":"Portada","item":"https:\/\/diariotextual.com\/inicio\/"},{"@type":"ListItem","position":2,"name":"Milagro Sala: \u00abMe quisieron quebrar y no han podido\u00bb"}]},{"@type":"WebSite","@id":"https:\/\/diariotextual.com\/inicio\/#website","url":"https:\/\/diariotextual.com\/inicio\/","name":"Diario Textual","description":"","publisher":{"@id":"https:\/\/diariotextual.com\/inicio\/#organization"},"potentialAction":[{"@type":"SearchAction","target":{"@type":"EntryPoint","urlTemplate":"https:\/\/diariotextual.com\/inicio\/?s={search_term_string}"},"query-input":{"@type":"PropertyValueSpecification","valueRequired":true,"valueName":"search_term_string"}}],"inLanguage":"es"},{"@type":"Organization","@id":"https:\/\/diariotextual.com\/inicio\/#organization","name":"Diario Textual","url":"https:\/\/diariotextual.com\/inicio\/","logo":{"@type":"ImageObject","inLanguage":"es","@id":"https:\/\/diariotextual.com\/inicio\/#\/schema\/logo\/image\/","url":"https:\/\/diariotextual.com\/inicio\/wp-content\/uploads\/2023\/05\/logotextual1.jpg","contentUrl":"https:\/\/diariotextual.com\/inicio\/wp-content\/uploads\/2023\/05\/logotextual1.jpg","width":516,"height":76,"caption":"Diario Textual"},"image":{"@id":"https:\/\/diariotextual.com\/inicio\/#\/schema\/logo\/image\/"},"sameAs":["https:\/\/www.facebook.com\/eltextual","https:\/\/x.com\/eltextual","http:\/\/www.instagram.com\/eltextual"]},{"@type":"Person","@id":"https:\/\/diariotextual.com\/inicio\/#\/schema\/person\/418fc4093c33e86ed41562db3508f958","name":"Diario1 Diario1","image":{"@type":"ImageObject","inLanguage":"es","@id":"https:\/\/secure.gravatar.com\/avatar\/9167d280179c85bc18be67aa7eda765854300033af4896dd779b608640f2ef7a?s=96&d=mm&r=g","url":"https:\/\/secure.gravatar.com\/avatar\/9167d280179c85bc18be67aa7eda765854300033af4896dd779b608640f2ef7a?s=96&d=mm&r=g","contentUrl":"https:\/\/secure.gravatar.com\/avatar\/9167d280179c85bc18be67aa7eda765854300033af4896dd779b608640f2ef7a?s=96&d=mm&r=g","caption":"Diario1 Diario1"},"url":"https:\/\/diariotextual.com\/inicio\/index.php\/author\/diario1\/"}]}},"_links":{"self":[{"href":"https:\/\/diariotextual.com\/inicio\/index.php\/wp-json\/wp\/v2\/posts\/17377","targetHints":{"allow":["GET"]}}],"collection":[{"href":"https:\/\/diariotextual.com\/inicio\/index.php\/wp-json\/wp\/v2\/posts"}],"about":[{"href":"https:\/\/diariotextual.com\/inicio\/index.php\/wp-json\/wp\/v2\/types\/post"}],"author":[{"embeddable":true,"href":"https:\/\/diariotextual.com\/inicio\/index.php\/wp-json\/wp\/v2\/users\/3"}],"replies":[{"embeddable":true,"href":"https:\/\/diariotextual.com\/inicio\/index.php\/wp-json\/wp\/v2\/comments?post=17377"}],"version-history":[{"count":1,"href":"https:\/\/diariotextual.com\/inicio\/index.php\/wp-json\/wp\/v2\/posts\/17377\/revisions"}],"predecessor-version":[{"id":17378,"href":"https:\/\/diariotextual.com\/inicio\/index.php\/wp-json\/wp\/v2\/posts\/17377\/revisions\/17378"}],"wp:featuredmedia":[{"embeddable":true,"href":"https:\/\/diariotextual.com\/inicio\/index.php\/wp-json\/wp\/v2\/media\/17379"}],"wp:attachment":[{"href":"https:\/\/diariotextual.com\/inicio\/index.php\/wp-json\/wp\/v2\/media?parent=17377"}],"wp:term":[{"taxonomy":"category","embeddable":true,"href":"https:\/\/diariotextual.com\/inicio\/index.php\/wp-json\/wp\/v2\/categories?post=17377"},{"taxonomy":"post_tag","embeddable":true,"href":"https:\/\/diariotextual.com\/inicio\/index.php\/wp-json\/wp\/v2\/tags?post=17377"}],"curies":[{"name":"wp","href":"https:\/\/api.w.org\/{rel}","templated":true}]}}