{"id":173881,"date":"2021-12-21T10:01:42","date_gmt":"2021-12-21T13:01:42","guid":{"rendered":"https:\/\/diariotextual.com\/inicio\/?p=173881"},"modified":"2021-12-21T13:36:02","modified_gmt":"2021-12-21T16:36:02","slug":"por-el-rechazo-opositor-al-presupuesto-el-emtu-no-recibira-3-millones-mensuales-del-fondo-compensador","status":"publish","type":"post","link":"https:\/\/diariotextual.com\/inicio\/index.php\/2021\/12\/21\/por-el-rechazo-opositor-al-presupuesto-el-emtu-no-recibira-3-millones-mensuales-del-fondo-compensador\/","title":{"rendered":"Por el rechazo opositor al presupuesto el Emtu no recibir\u00e1 $3 millones mensuales"},"content":{"rendered":"\n<p>El rechazo al <strong>presupuesto 2022<\/strong> por parte de la oposici\u00f3n impedir\u00e1 que el <strong>Ente Municipal de Transporte Urbano de Santa Rosa<\/strong> reciba un incremento de <strong>3 millones de pesos mensuales<\/strong> en concepto de subsidios a los micros urbanos. Esto, obviamente, tambi\u00e9n impactar\u00e1 en los usuarios porque <strong>la no recepci\u00f3n de esos fondos imposibilita inversiones en mejoras<\/strong> <strong>del servicio<\/strong> y, probablemente, una suba del boleto. <\/p>\n\n\n\n<p>Emanuel Alfayate, titular del Emtu, en di\u00e1logo con Diario Textual explic\u00f3 las consecuencias de la decisi\u00f3n de la oposici\u00f3n de no aprobar el presupuesto 2022 en la C\u00e1mara de Diputado de la Naci\u00f3n. <\/p>\n\n\n\n<p>\u201cNosotros tenemos el Fondo Compensador, que es una partida de dinero que Naci\u00f3n distribuye a todas las provincias y \u00e9stas a empresas estatales y privadas de transporte p\u00fablico. Si bien ese fondo lo tenemos y mensualmente llegan los fondos, con el nuevo presupuesto se iba a aumentar en 3 millones de pesos al Emtu la partida mensual, cosa que ahora no ocurrir\u00e1\u201d, lament\u00f3.<\/p>\n\n\n\n<p>\u201cPara nosotros es una p\u00e9rdida muy significativa estos 3 millones de pesos y en el Emtu impacta de forma directa, pero lo incre\u00edble de esto es que se perjudica a los vecinos y usuarios que utilizan el transporte\u201d, advirti\u00f3.<\/p>\n\n\n\n<p>\u00bfCu\u00e1l ser\u00eda ese impacto en los usuarios? \u201cEste dinero que no va a ingresar modifica la estructura de costos del servicio que ya se hab\u00eda calculado con el incremento, hay que recalcular todo. Adem\u00e1s, nos inhabilita inversiones en unidades, en paradas inteligentes y en la aplicaci\u00f3n. Si bien el boleto est\u00e1 desactualizado, la problem\u00e1tica es la imposibilidad de reinversi\u00f3n\u201d, sostuvo Alfayate.<\/p>\n","protected":false},"excerpt":{"rendered":"<p>El rechazo al presupuesto 2022 por parte de la oposici\u00f3n impedir\u00e1 que el Ente Municipal de Transporte Urbano de Santa Rosa reciba un incremento de 3 millones de pesos mensuales&hellip;<\/p>\n","protected":false},"author":7,"featured_media":173885,"comment_status":"closed","ping_status":"open","sticky":false,"template":"","format":"standard","meta":{"_acf_changed":false,"footnotes":""},"categories":[1,12],"tags":[3180],"class_list":["post-173881","post","type-post","status-publish","format-standard","has-post-thumbnail","hentry","category-es-noticia","category-sociedad","tag-emtu"],"acf":[],"yoast_head":"<!-- This site is optimized with the Yoast SEO plugin v27.5 - https:\/\/yoast.com\/product\/yoast-seo-wordpress\/ -->\n<title>Por el rechazo opositor al presupuesto el Emtu no recibir\u00e1 $3 millones mensuales - Diario Textual<\/title>\n<meta name=\"robots\" content=\"index, follow, max-snippet:-1, max-image-preview:large, max-video-preview:-1\" \/>\n<link rel=\"canonical\" href=\"https:\/\/diariotextual.com\/inicio\/index.php\/2021\/12\/21\/por-el-rechazo-opositor-al-presupuesto-el-emtu-no-recibira-3-millones-mensuales-del-fondo-compensador\/\" \/>\n<meta property=\"og:locale\" content=\"es_ES\" \/>\n<meta property=\"og:type\" content=\"article\" \/>\n<meta property=\"og:title\" content=\"Por el rechazo opositor al presupuesto el Emtu no recibir\u00e1 $3 millones mensuales - Diario Textual\" \/>\n<meta property=\"og:description\" content=\"El rechazo al presupuesto 2022 por parte de la oposici\u00f3n impedir\u00e1 que el Ente Municipal de Transporte Urbano de Santa Rosa reciba un incremento de 3 millones de pesos mensuales&hellip;\" \/>\n<meta property=\"og:url\" content=\"https:\/\/diariotextual.com\/inicio\/index.php\/2021\/12\/21\/por-el-rechazo-opositor-al-presupuesto-el-emtu-no-recibira-3-millones-mensuales-del-fondo-compensador\/\" \/>\n<meta property=\"og:site_name\" content=\"Diario Textual\" \/>\n<meta property=\"article:publisher\" content=\"https:\/\/www.facebook.com\/eltextual\" \/>\n<meta property=\"article:published_time\" content=\"2021-12-21T13:01:42+00:00\" \/>\n<meta property=\"article:modified_time\" content=\"2021-12-21T16:36:02+00:00\" \/>\n<meta property=\"og:image\" content=\"https:\/\/diariotextual.com\/inicio\/wp-content\/uploads\/2021\/12\/emtumicroscolectivos2021-3.jpg\" \/>\n\t<meta property=\"og:image:width\" content=\"1280\" \/>\n\t<meta property=\"og:image:height\" content=\"832\" \/>\n\t<meta property=\"og:image:type\" content=\"image\/jpeg\" \/>\n<meta name=\"author\" content=\"diario5\" \/>\n<meta name=\"twitter:card\" content=\"summary_large_image\" \/>\n<meta name=\"twitter:creator\" content=\"@eltextual\" \/>\n<meta name=\"twitter:site\" content=\"@eltextual\" \/>\n<meta name=\"twitter:label1\" content=\"Escrito por\" \/>\n\t<meta name=\"twitter:data1\" content=\"diario5\" \/>\n\t<meta name=\"twitter:label2\" content=\"Tiempo de lectura\" \/>\n\t<meta name=\"twitter:data2\" content=\"2 minutos\" \/>\n<script type=\"application\/ld+json\" class=\"yoast-schema-graph\">{\"@context\":\"https:\\\/\\\/schema.org\",\"@graph\":[{\"@type\":\"Article\",\"@id\":\"https:\\\/\\\/diariotextual.com\\\/inicio\\\/index.php\\\/2021\\\/12\\\/21\\\/por-el-rechazo-opositor-al-presupuesto-el-emtu-no-recibira-3-millones-mensuales-del-fondo-compensador\\\/#article\",\"isPartOf\":{\"@id\":\"https:\\\/\\\/diariotextual.com\\\/inicio\\\/index.php\\\/2021\\\/12\\\/21\\\/por-el-rechazo-opositor-al-presupuesto-el-emtu-no-recibira-3-millones-mensuales-del-fondo-compensador\\\/\"},\"author\":{\"name\":\"diario5\",\"@id\":\"https:\\\/\\\/diariotextual.com\\\/inicio\\\/#\\\/schema\\\/person\\\/c7834961ad8b29b1d9cdbf4571299067\"},\"headline\":\"Por el rechazo opositor al presupuesto el Emtu no recibir\u00e1 $3 millones mensuales\",\"datePublished\":\"2021-12-21T13:01:42+00:00\",\"dateModified\":\"2021-12-21T16:36:02+00:00\",\"mainEntityOfPage\":{\"@id\":\"https:\\\/\\\/diariotextual.com\\\/inicio\\\/index.php\\\/2021\\\/12\\\/21\\\/por-el-rechazo-opositor-al-presupuesto-el-emtu-no-recibira-3-millones-mensuales-del-fondo-compensador\\\/\"},\"wordCount\":286,\"publisher\":{\"@id\":\"https:\\\/\\\/diariotextual.com\\\/inicio\\\/#organization\"},\"image\":{\"@id\":\"https:\\\/\\\/diariotextual.com\\\/inicio\\\/index.php\\\/2021\\\/12\\\/21\\\/por-el-rechazo-opositor-al-presupuesto-el-emtu-no-recibira-3-millones-mensuales-del-fondo-compensador\\\/#primaryimage\"},\"thumbnailUrl\":\"https:\\\/\\\/diariotextual.com\\\/inicio\\\/wp-content\\\/uploads\\\/2021\\\/12\\\/emtumicroscolectivos2021-3.jpg\",\"keywords\":[\"emtu\"],\"articleSection\":[\"A - ES NOTICIA (van abajo)\",\"SOCIEDAD\"],\"inLanguage\":\"es\"},{\"@type\":\"WebPage\",\"@id\":\"https:\\\/\\\/diariotextual.com\\\/inicio\\\/index.php\\\/2021\\\/12\\\/21\\\/por-el-rechazo-opositor-al-presupuesto-el-emtu-no-recibira-3-millones-mensuales-del-fondo-compensador\\\/\",\"url\":\"https:\\\/\\\/diariotextual.com\\\/inicio\\\/index.php\\\/2021\\\/12\\\/21\\\/por-el-rechazo-opositor-al-presupuesto-el-emtu-no-recibira-3-millones-mensuales-del-fondo-compensador\\\/\",\"name\":\"Por el rechazo opositor al presupuesto el Emtu no recibir\u00e1 $3 millones mensuales - Diario Textual\",\"isPartOf\":{\"@id\":\"https:\\\/\\\/diariotextual.com\\\/inicio\\\/#website\"},\"primaryImageOfPage\":{\"@id\":\"https:\\\/\\\/diariotextual.com\\\/inicio\\\/index.php\\\/2021\\\/12\\\/21\\\/por-el-rechazo-opositor-al-presupuesto-el-emtu-no-recibira-3-millones-mensuales-del-fondo-compensador\\\/#primaryimage\"},\"image\":{\"@id\":\"https:\\\/\\\/diariotextual.com\\\/inicio\\\/index.php\\\/2021\\\/12\\\/21\\\/por-el-rechazo-opositor-al-presupuesto-el-emtu-no-recibira-3-millones-mensuales-del-fondo-compensador\\\/#primaryimage\"},\"thumbnailUrl\":\"https:\\\/\\\/diariotextual.com\\\/inicio\\\/wp-content\\\/uploads\\\/2021\\\/12\\\/emtumicroscolectivos2021-3.jpg\",\"datePublished\":\"2021-12-21T13:01:42+00:00\",\"dateModified\":\"2021-12-21T16:36:02+00:00\",\"breadcrumb\":{\"@id\":\"https:\\\/\\\/diariotextual.com\\\/inicio\\\/index.php\\\/2021\\\/12\\\/21\\\/por-el-rechazo-opositor-al-presupuesto-el-emtu-no-recibira-3-millones-mensuales-del-fondo-compensador\\\/#breadcrumb\"},\"inLanguage\":\"es\",\"potentialAction\":[{\"@type\":\"ReadAction\",\"target\":[\"https:\\\/\\\/diariotextual.com\\\/inicio\\\/index.php\\\/2021\\\/12\\\/21\\\/por-el-rechazo-opositor-al-presupuesto-el-emtu-no-recibira-3-millones-mensuales-del-fondo-compensador\\\/\"]}]},{\"@type\":\"ImageObject\",\"inLanguage\":\"es\",\"@id\":\"https:\\\/\\\/diariotextual.com\\\/inicio\\\/index.php\\\/2021\\\/12\\\/21\\\/por-el-rechazo-opositor-al-presupuesto-el-emtu-no-recibira-3-millones-mensuales-del-fondo-compensador\\\/#primaryimage\",\"url\":\"https:\\\/\\\/diariotextual.com\\\/inicio\\\/wp-content\\\/uploads\\\/2021\\\/12\\\/emtumicroscolectivos2021-3.jpg\",\"contentUrl\":\"https:\\\/\\\/diariotextual.com\\\/inicio\\\/wp-content\\\/uploads\\\/2021\\\/12\\\/emtumicroscolectivos2021-3.jpg\",\"width\":1280,\"height\":832},{\"@type\":\"BreadcrumbList\",\"@id\":\"https:\\\/\\\/diariotextual.com\\\/inicio\\\/index.php\\\/2021\\\/12\\\/21\\\/por-el-rechazo-opositor-al-presupuesto-el-emtu-no-recibira-3-millones-mensuales-del-fondo-compensador\\\/#breadcrumb\",\"itemListElement\":[{\"@type\":\"ListItem\",\"position\":1,\"name\":\"Portada\",\"item\":\"https:\\\/\\\/diariotextual.com\\\/inicio\\\/\"},{\"@type\":\"ListItem\",\"position\":2,\"name\":\"Por el rechazo opositor al presupuesto el Emtu no recibir\u00e1 $3 millones mensuales\"}]},{\"@type\":\"WebSite\",\"@id\":\"https:\\\/\\\/diariotextual.com\\\/inicio\\\/#website\",\"url\":\"https:\\\/\\\/diariotextual.com\\\/inicio\\\/\",\"name\":\"Diario Textual\",\"description\":\"\",\"publisher\":{\"@id\":\"https:\\\/\\\/diariotextual.com\\\/inicio\\\/#organization\"},\"potentialAction\":[{\"@type\":\"SearchAction\",\"target\":{\"@type\":\"EntryPoint\",\"urlTemplate\":\"https:\\\/\\\/diariotextual.com\\\/inicio\\\/?s={search_term_string}\"},\"query-input\":{\"@type\":\"PropertyValueSpecification\",\"valueRequired\":true,\"valueName\":\"search_term_string\"}}],\"inLanguage\":\"es\"},{\"@type\":\"Organization\",\"@id\":\"https:\\\/\\\/diariotextual.com\\\/inicio\\\/#organization\",\"name\":\"Diario Textual\",\"url\":\"https:\\\/\\\/diariotextual.com\\\/inicio\\\/\",\"logo\":{\"@type\":\"ImageObject\",\"inLanguage\":\"es\",\"@id\":\"https:\\\/\\\/diariotextual.com\\\/inicio\\\/#\\\/schema\\\/logo\\\/image\\\/\",\"url\":\"https:\\\/\\\/diariotextual.com\\\/inicio\\\/wp-content\\\/uploads\\\/2023\\\/05\\\/logotextual1.jpg\",\"contentUrl\":\"https:\\\/\\\/diariotextual.com\\\/inicio\\\/wp-content\\\/uploads\\\/2023\\\/05\\\/logotextual1.jpg\",\"width\":516,\"height\":76,\"caption\":\"Diario Textual\"},\"image\":{\"@id\":\"https:\\\/\\\/diariotextual.com\\\/inicio\\\/#\\\/schema\\\/logo\\\/image\\\/\"},\"sameAs\":[\"https:\\\/\\\/www.facebook.com\\\/eltextual\",\"https:\\\/\\\/x.com\\\/eltextual\",\"http:\\\/\\\/www.instagram.com\\\/eltextual\"]},{\"@type\":\"Person\",\"@id\":\"https:\\\/\\\/diariotextual.com\\\/inicio\\\/#\\\/schema\\\/person\\\/c7834961ad8b29b1d9cdbf4571299067\",\"name\":\"diario5\",\"image\":{\"@type\":\"ImageObject\",\"inLanguage\":\"es\",\"@id\":\"https:\\\/\\\/secure.gravatar.com\\\/avatar\\\/948c893b847ca6df68216ead81b63f363408ec9b0f600fefc0641ce78613b111?s=96&d=mm&r=g\",\"url\":\"https:\\\/\\\/secure.gravatar.com\\\/avatar\\\/948c893b847ca6df68216ead81b63f363408ec9b0f600fefc0641ce78613b111?s=96&d=mm&r=g\",\"contentUrl\":\"https:\\\/\\\/secure.gravatar.com\\\/avatar\\\/948c893b847ca6df68216ead81b63f363408ec9b0f600fefc0641ce78613b111?s=96&d=mm&r=g\",\"caption\":\"diario5\"},\"url\":\"https:\\\/\\\/diariotextual.com\\\/inicio\\\/index.php\\\/author\\\/diario5\\\/\"}]}<\/script>\n<!-- \/ Yoast SEO plugin. -->","yoast_head_json":{"title":"Por el rechazo opositor al presupuesto el Emtu no recibir\u00e1 $3 millones mensuales - Diario Textual","robots":{"index":"index","follow":"follow","max-snippet":"max-snippet:-1","max-image-preview":"max-image-preview:large","max-video-preview":"max-video-preview:-1"},"canonical":"https:\/\/diariotextual.com\/inicio\/index.php\/2021\/12\/21\/por-el-rechazo-opositor-al-presupuesto-el-emtu-no-recibira-3-millones-mensuales-del-fondo-compensador\/","og_locale":"es_ES","og_type":"article","og_title":"Por el rechazo opositor al presupuesto el Emtu no recibir\u00e1 $3 millones mensuales - Diario Textual","og_description":"El rechazo al presupuesto 2022 por parte de la oposici\u00f3n impedir\u00e1 que el Ente Municipal de Transporte Urbano de Santa Rosa reciba un incremento de 3 millones de pesos mensuales&hellip;","og_url":"https:\/\/diariotextual.com\/inicio\/index.php\/2021\/12\/21\/por-el-rechazo-opositor-al-presupuesto-el-emtu-no-recibira-3-millones-mensuales-del-fondo-compensador\/","og_site_name":"Diario Textual","article_publisher":"https:\/\/www.facebook.com\/eltextual","article_published_time":"2021-12-21T13:01:42+00:00","article_modified_time":"2021-12-21T16:36:02+00:00","og_image":[{"width":1280,"height":832,"url":"https:\/\/diariotextual.com\/inicio\/wp-content\/uploads\/2021\/12\/emtumicroscolectivos2021-3.jpg","type":"image\/jpeg"}],"author":"diario5","twitter_card":"summary_large_image","twitter_creator":"@eltextual","twitter_site":"@eltextual","twitter_misc":{"Escrito por":"diario5","Tiempo de lectura":"2 minutos"},"schema":{"@context":"https:\/\/schema.org","@graph":[{"@type":"Article","@id":"https:\/\/diariotextual.com\/inicio\/index.php\/2021\/12\/21\/por-el-rechazo-opositor-al-presupuesto-el-emtu-no-recibira-3-millones-mensuales-del-fondo-compensador\/#article","isPartOf":{"@id":"https:\/\/diariotextual.com\/inicio\/index.php\/2021\/12\/21\/por-el-rechazo-opositor-al-presupuesto-el-emtu-no-recibira-3-millones-mensuales-del-fondo-compensador\/"},"author":{"name":"diario5","@id":"https:\/\/diariotextual.com\/inicio\/#\/schema\/person\/c7834961ad8b29b1d9cdbf4571299067"},"headline":"Por el rechazo opositor al presupuesto el Emtu no recibir\u00e1 $3 millones mensuales","datePublished":"2021-12-21T13:01:42+00:00","dateModified":"2021-12-21T16:36:02+00:00","mainEntityOfPage":{"@id":"https:\/\/diariotextual.com\/inicio\/index.php\/2021\/12\/21\/por-el-rechazo-opositor-al-presupuesto-el-emtu-no-recibira-3-millones-mensuales-del-fondo-compensador\/"},"wordCount":286,"publisher":{"@id":"https:\/\/diariotextual.com\/inicio\/#organization"},"image":{"@id":"https:\/\/diariotextual.com\/inicio\/index.php\/2021\/12\/21\/por-el-rechazo-opositor-al-presupuesto-el-emtu-no-recibira-3-millones-mensuales-del-fondo-compensador\/#primaryimage"},"thumbnailUrl":"https:\/\/diariotextual.com\/inicio\/wp-content\/uploads\/2021\/12\/emtumicroscolectivos2021-3.jpg","keywords":["emtu"],"articleSection":["A - ES NOTICIA (van abajo)","SOCIEDAD"],"inLanguage":"es"},{"@type":"WebPage","@id":"https:\/\/diariotextual.com\/inicio\/index.php\/2021\/12\/21\/por-el-rechazo-opositor-al-presupuesto-el-emtu-no-recibira-3-millones-mensuales-del-fondo-compensador\/","url":"https:\/\/diariotextual.com\/inicio\/index.php\/2021\/12\/21\/por-el-rechazo-opositor-al-presupuesto-el-emtu-no-recibira-3-millones-mensuales-del-fondo-compensador\/","name":"Por el rechazo opositor al presupuesto el Emtu no recibir\u00e1 $3 millones mensuales - Diario Textual","isPartOf":{"@id":"https:\/\/diariotextual.com\/inicio\/#website"},"primaryImageOfPage":{"@id":"https:\/\/diariotextual.com\/inicio\/index.php\/2021\/12\/21\/por-el-rechazo-opositor-al-presupuesto-el-emtu-no-recibira-3-millones-mensuales-del-fondo-compensador\/#primaryimage"},"image":{"@id":"https:\/\/diariotextual.com\/inicio\/index.php\/2021\/12\/21\/por-el-rechazo-opositor-al-presupuesto-el-emtu-no-recibira-3-millones-mensuales-del-fondo-compensador\/#primaryimage"},"thumbnailUrl":"https:\/\/diariotextual.com\/inicio\/wp-content\/uploads\/2021\/12\/emtumicroscolectivos2021-3.jpg","datePublished":"2021-12-21T13:01:42+00:00","dateModified":"2021-12-21T16:36:02+00:00","breadcrumb":{"@id":"https:\/\/diariotextual.com\/inicio\/index.php\/2021\/12\/21\/por-el-rechazo-opositor-al-presupuesto-el-emtu-no-recibira-3-millones-mensuales-del-fondo-compensador\/#breadcrumb"},"inLanguage":"es","potentialAction":[{"@type":"ReadAction","target":["https:\/\/diariotextual.com\/inicio\/index.php\/2021\/12\/21\/por-el-rechazo-opositor-al-presupuesto-el-emtu-no-recibira-3-millones-mensuales-del-fondo-compensador\/"]}]},{"@type":"ImageObject","inLanguage":"es","@id":"https:\/\/diariotextual.com\/inicio\/index.php\/2021\/12\/21\/por-el-rechazo-opositor-al-presupuesto-el-emtu-no-recibira-3-millones-mensuales-del-fondo-compensador\/#primaryimage","url":"https:\/\/diariotextual.com\/inicio\/wp-content\/uploads\/2021\/12\/emtumicroscolectivos2021-3.jpg","contentUrl":"https:\/\/diariotextual.com\/inicio\/wp-content\/uploads\/2021\/12\/emtumicroscolectivos2021-3.jpg","width":1280,"height":832},{"@type":"BreadcrumbList","@id":"https:\/\/diariotextual.com\/inicio\/index.php\/2021\/12\/21\/por-el-rechazo-opositor-al-presupuesto-el-emtu-no-recibira-3-millones-mensuales-del-fondo-compensador\/#breadcrumb","itemListElement":[{"@type":"ListItem","position":1,"name":"Portada","item":"https:\/\/diariotextual.com\/inicio\/"},{"@type":"ListItem","position":2,"name":"Por el rechazo opositor al presupuesto el Emtu no recibir\u00e1 $3 millones mensuales"}]},{"@type":"WebSite","@id":"https:\/\/diariotextual.com\/inicio\/#website","url":"https:\/\/diariotextual.com\/inicio\/","name":"Diario Textual","description":"","publisher":{"@id":"https:\/\/diariotextual.com\/inicio\/#organization"},"potentialAction":[{"@type":"SearchAction","target":{"@type":"EntryPoint","urlTemplate":"https:\/\/diariotextual.com\/inicio\/?s={search_term_string}"},"query-input":{"@type":"PropertyValueSpecification","valueRequired":true,"valueName":"search_term_string"}}],"inLanguage":"es"},{"@type":"Organization","@id":"https:\/\/diariotextual.com\/inicio\/#organization","name":"Diario Textual","url":"https:\/\/diariotextual.com\/inicio\/","logo":{"@type":"ImageObject","inLanguage":"es","@id":"https:\/\/diariotextual.com\/inicio\/#\/schema\/logo\/image\/","url":"https:\/\/diariotextual.com\/inicio\/wp-content\/uploads\/2023\/05\/logotextual1.jpg","contentUrl":"https:\/\/diariotextual.com\/inicio\/wp-content\/uploads\/2023\/05\/logotextual1.jpg","width":516,"height":76,"caption":"Diario Textual"},"image":{"@id":"https:\/\/diariotextual.com\/inicio\/#\/schema\/logo\/image\/"},"sameAs":["https:\/\/www.facebook.com\/eltextual","https:\/\/x.com\/eltextual","http:\/\/www.instagram.com\/eltextual"]},{"@type":"Person","@id":"https:\/\/diariotextual.com\/inicio\/#\/schema\/person\/c7834961ad8b29b1d9cdbf4571299067","name":"diario5","image":{"@type":"ImageObject","inLanguage":"es","@id":"https:\/\/secure.gravatar.com\/avatar\/948c893b847ca6df68216ead81b63f363408ec9b0f600fefc0641ce78613b111?s=96&d=mm&r=g","url":"https:\/\/secure.gravatar.com\/avatar\/948c893b847ca6df68216ead81b63f363408ec9b0f600fefc0641ce78613b111?s=96&d=mm&r=g","contentUrl":"https:\/\/secure.gravatar.com\/avatar\/948c893b847ca6df68216ead81b63f363408ec9b0f600fefc0641ce78613b111?s=96&d=mm&r=g","caption":"diario5"},"url":"https:\/\/diariotextual.com\/inicio\/index.php\/author\/diario5\/"}]}},"_links":{"self":[{"href":"https:\/\/diariotextual.com\/inicio\/index.php\/wp-json\/wp\/v2\/posts\/173881","targetHints":{"allow":["GET"]}}],"collection":[{"href":"https:\/\/diariotextual.com\/inicio\/index.php\/wp-json\/wp\/v2\/posts"}],"about":[{"href":"https:\/\/diariotextual.com\/inicio\/index.php\/wp-json\/wp\/v2\/types\/post"}],"author":[{"embeddable":true,"href":"https:\/\/diariotextual.com\/inicio\/index.php\/wp-json\/wp\/v2\/users\/7"}],"replies":[{"embeddable":true,"href":"https:\/\/diariotextual.com\/inicio\/index.php\/wp-json\/wp\/v2\/comments?post=173881"}],"version-history":[{"count":3,"href":"https:\/\/diariotextual.com\/inicio\/index.php\/wp-json\/wp\/v2\/posts\/173881\/revisions"}],"predecessor-version":[{"id":173884,"href":"https:\/\/diariotextual.com\/inicio\/index.php\/wp-json\/wp\/v2\/posts\/173881\/revisions\/173884"}],"wp:featuredmedia":[{"embeddable":true,"href":"https:\/\/diariotextual.com\/inicio\/index.php\/wp-json\/wp\/v2\/media\/173885"}],"wp:attachment":[{"href":"https:\/\/diariotextual.com\/inicio\/index.php\/wp-json\/wp\/v2\/media?parent=173881"}],"wp:term":[{"taxonomy":"category","embeddable":true,"href":"https:\/\/diariotextual.com\/inicio\/index.php\/wp-json\/wp\/v2\/categories?post=173881"},{"taxonomy":"post_tag","embeddable":true,"href":"https:\/\/diariotextual.com\/inicio\/index.php\/wp-json\/wp\/v2\/tags?post=173881"}],"curies":[{"name":"wp","href":"https:\/\/api.w.org\/{rel}","templated":true}]}}