{"id":173908,"date":"2021-12-21T13:00:43","date_gmt":"2021-12-21T16:00:43","guid":{"rendered":"https:\/\/diariotextual.com\/inicio\/?p=173908"},"modified":"2021-12-22T07:46:14","modified_gmt":"2021-12-22T10:46:14","slug":"una-mujer-murio-en-un-choque-en-el-ingreso-a-santa-rosa-por-ruta-5","status":"publish","type":"post","link":"https:\/\/diariotextual.com\/inicio\/index.php\/2021\/12\/21\/una-mujer-murio-en-un-choque-en-el-ingreso-a-santa-rosa-por-ruta-5\/","title":{"rendered":"Cami\u00f3n se cruz\u00f3, choc\u00f3 y mat\u00f3 a una mujer en el ingreso a Santa Rosa"},"content":{"rendered":"\n<p>Una mujer de unos 74 a\u00f1os de edad falleci\u00f3 este martes a ra\u00edz de un<strong>&nbsp;choque frontal entre un cami\u00f3n y un auto en el ingreso a Santa Rosa<\/strong>, por la ruta nacional 5. La v\u00edctima fatal fue identificada por las autoridades como&nbsp;<strong>Susana Castro<\/strong>, oriunda de<strong>&nbsp;Catril\u00f3<\/strong>. Era remisera.<\/p>\n\n\n\n<p>El choque se registr\u00f3 entre un Citro\u00ebn C4 -que se dirig\u00eda desde Santa Rosa a Catril\u00f3- y un Iveco -que ingresaba en direcci\u00f3n contraria a la capital pampeana-.<\/p>\n\n\n\n<p>El cami\u00f3n Iveco, a la altura del aut\u00f3dromo viejo, se cruz\u00f3 de carril y embisti\u00f3 de frente al auto. El veh\u00edculo mayor, posteriormente, derrib\u00f3 un \u00e1rbol en la banquina sur.<\/p>\n\n\n\n<p>La conductora del auto, de unos 74 a\u00f1os, muri\u00f3 en el acto. Era una conocida remisera del pueblo.<\/p>\n\n\n\n<p>Llevaba dos pasajeras, tambi\u00e9n de Catril\u00f3, en el asiento trasero del auto: una mujer de 30 a\u00f1os, y su hija, de unos 3 meses, que est\u00e1n est\u00e1n golpeadas y fuera de peligro.<\/p>\n\n\n\n<p>En tanto, el conductor del cami\u00f3n fue trasladado al hospital. Se habr\u00eda descompuesto o dormido.<\/p>\n\n\n\n<figure class=\"wp-block-embed is-type-rich is-provider-twitter wp-block-embed-twitter\"><div class=\"wp-block-embed__wrapper\">\n<blockquote class=\"twitter-tweet\" data-width=\"550\" data-dnt=\"true\"><p lang=\"es\" dir=\"ltr\">Choque fatal en el ingreso a Santa Rosa, sobre la ruta 5. Muri\u00f3 una mujer, mayor de edad, que conduc\u00eda un autom\u00f3vil. Fue chocada por un camionero, que se cruz\u00f3 de carril.<a href=\"https:\/\/t.co\/hmqVZupqz1\">https:\/\/t.co\/hmqVZupqz1<\/a> <a href=\"https:\/\/t.co\/vm4CYlVpeF\">pic.twitter.com\/vm4CYlVpeF<\/a><\/p>&mdash; DiarioTextual (@elTextual) <a href=\"https:\/\/twitter.com\/elTextual\/status\/1473340590729347078?ref_src=twsrc%5Etfw\">December 21, 2021<\/a><\/blockquote><script async src=\"https:\/\/platform.twitter.com\/widgets.js\" charset=\"utf-8\"><\/script>\n<\/div><\/figure>\n\n\n\n<p>\u00abEl camionero se durmi\u00f3. Se cruz\u00f3 y no atin\u00f3 ni a frenar\u00bb, dijo Alejandro, un testigo, que se encontraba trabajando a metros, en un hotel, al ser consultado por Diario Textual. \u00abLa conductora del auto intent\u00f3 volantear. Por eso no le dio tan de lleno\u00bb, agreg\u00f3.<\/p>\n\n\n\n<p>Es la tercera v\u00edctima por siniestros viales en las rutas ocurridos este martes en la provincia. Durante la ma\u00f1ana <strong><a href=\"https:\/\/diariotextual.com\/inicio\/index.php\/2021\/12\/21\/dos-muertos-en-un-choque-entre-una-combi-y-un-camion-en-la-ruta-152\/\" target=\"_blank\" rel=\"noreferrer noopener\">un hombre y una mujer murieron en un&nbsp;choque&nbsp;frontal entre una combi y un cami\u00f3n<\/a><\/strong> en el kil\u00f3metro 105 de la ruta nacional 152, al sur del paraje&nbsp;El Carancho.  <\/p>\n\n\n\n<figure class=\"wp-block-image size-large\"><img fetchpriority=\"high\" decoding=\"async\" width=\"1024\" height=\"583\" src=\"https:\/\/diariotextual.com\/inicio\/wp-content\/uploads\/2021\/12\/choqueruta5santarosa21diciembre2021-3-1024x583.jpg\" alt=\"\" class=\"wp-image-173930\" srcset=\"https:\/\/diariotextual.com\/inicio\/wp-content\/uploads\/2021\/12\/choqueruta5santarosa21diciembre2021-3-1024x583.jpg 1024w, https:\/\/diariotextual.com\/inicio\/wp-content\/uploads\/2021\/12\/choqueruta5santarosa21diciembre2021-3-300x171.jpg 300w, https:\/\/diariotextual.com\/inicio\/wp-content\/uploads\/2021\/12\/choqueruta5santarosa21diciembre2021-3-768x437.jpg 768w, https:\/\/diariotextual.com\/inicio\/wp-content\/uploads\/2021\/12\/choqueruta5santarosa21diciembre2021-3-585x333.jpg 585w, https:\/\/diariotextual.com\/inicio\/wp-content\/uploads\/2021\/12\/choqueruta5santarosa21diciembre2021-3.jpg 1041w\" sizes=\"(max-width: 1024px) 100vw, 1024px\" \/><\/figure>\n\n\n\n<figure class=\"wp-block-image size-large\"><img decoding=\"async\" width=\"1024\" height=\"582\" src=\"https:\/\/diariotextual.com\/inicio\/wp-content\/uploads\/2021\/12\/choqueruta5santarosa21diciembre2021-4.jpg\" alt=\"\" class=\"wp-image-173931\" srcset=\"https:\/\/diariotextual.com\/inicio\/wp-content\/uploads\/2021\/12\/choqueruta5santarosa21diciembre2021-4.jpg 1024w, https:\/\/diariotextual.com\/inicio\/wp-content\/uploads\/2021\/12\/choqueruta5santarosa21diciembre2021-4-300x171.jpg 300w, https:\/\/diariotextual.com\/inicio\/wp-content\/uploads\/2021\/12\/choqueruta5santarosa21diciembre2021-4-768x437.jpg 768w, https:\/\/diariotextual.com\/inicio\/wp-content\/uploads\/2021\/12\/choqueruta5santarosa21diciembre2021-4-585x332.jpg 585w\" sizes=\"(max-width: 1024px) 100vw, 1024px\" \/><\/figure>\n\n\n\n<figure class=\"wp-block-image size-large\"><img decoding=\"async\" width=\"868\" height=\"491\" src=\"https:\/\/diariotextual.com\/inicio\/wp-content\/uploads\/2021\/12\/choqueruta5santarosa21diciembre2021-1.jpg\" alt=\"\" class=\"wp-image-173928\" srcset=\"https:\/\/diariotextual.com\/inicio\/wp-content\/uploads\/2021\/12\/choqueruta5santarosa21diciembre2021-1.jpg 868w, https:\/\/diariotextual.com\/inicio\/wp-content\/uploads\/2021\/12\/choqueruta5santarosa21diciembre2021-1-300x170.jpg 300w, https:\/\/diariotextual.com\/inicio\/wp-content\/uploads\/2021\/12\/choqueruta5santarosa21diciembre2021-1-768x434.jpg 768w, https:\/\/diariotextual.com\/inicio\/wp-content\/uploads\/2021\/12\/choqueruta5santarosa21diciembre2021-1-585x331.jpg 585w\" sizes=\"(max-width: 868px) 100vw, 868px\" \/><\/figure>\n","protected":false},"excerpt":{"rendered":"<p>Una mujer de unos 74 a\u00f1os de edad falleci\u00f3 este martes a ra\u00edz de un&nbsp;choque frontal entre un cami\u00f3n y un auto en el ingreso a Santa Rosa, por la&hellip;<\/p>\n","protected":false},"author":7,"featured_media":173929,"comment_status":"closed","ping_status":"open","sticky":false,"template":"","format":"standard","meta":{"_acf_changed":false,"footnotes":""},"categories":[10],"tags":[],"class_list":["post-173908","post","type-post","status-publish","format-standard","has-post-thumbnail","hentry","category-portada-2"],"acf":[],"yoast_head":"<!-- This site is optimized with the Yoast SEO plugin v27.5 - https:\/\/yoast.com\/product\/yoast-seo-wordpress\/ -->\n<title>Cami\u00f3n se cruz\u00f3, choc\u00f3 y mat\u00f3 a una mujer en el ingreso a Santa Rosa - Diario Textual<\/title>\n<meta name=\"robots\" content=\"index, follow, max-snippet:-1, max-image-preview:large, max-video-preview:-1\" \/>\n<link rel=\"canonical\" href=\"https:\/\/diariotextual.com\/inicio\/index.php\/2021\/12\/21\/una-mujer-murio-en-un-choque-en-el-ingreso-a-santa-rosa-por-ruta-5\/\" \/>\n<meta property=\"og:locale\" content=\"es_ES\" \/>\n<meta property=\"og:type\" content=\"article\" \/>\n<meta property=\"og:title\" content=\"Cami\u00f3n se cruz\u00f3, choc\u00f3 y mat\u00f3 a una mujer en el ingreso a Santa Rosa - Diario Textual\" \/>\n<meta property=\"og:description\" content=\"Una mujer de unos 74 a\u00f1os de edad falleci\u00f3 este martes a ra\u00edz de un&nbsp;choque frontal entre un cami\u00f3n y un auto en el ingreso a Santa Rosa, por la&hellip;\" \/>\n<meta property=\"og:url\" content=\"https:\/\/diariotextual.com\/inicio\/index.php\/2021\/12\/21\/una-mujer-murio-en-un-choque-en-el-ingreso-a-santa-rosa-por-ruta-5\/\" \/>\n<meta property=\"og:site_name\" content=\"Diario Textual\" \/>\n<meta property=\"article:publisher\" content=\"https:\/\/www.facebook.com\/eltextual\" \/>\n<meta property=\"article:published_time\" content=\"2021-12-21T16:00:43+00:00\" \/>\n<meta property=\"article:modified_time\" content=\"2021-12-22T10:46:14+00:00\" \/>\n<meta property=\"og:image\" content=\"https:\/\/diariotextual.com\/inicio\/wp-content\/uploads\/2021\/12\/choqueruta5santarosa21diciembre2021-2.jpg\" \/>\n\t<meta property=\"og:image:width\" content=\"1038\" \/>\n\t<meta property=\"og:image:height\" content=\"593\" \/>\n\t<meta property=\"og:image:type\" content=\"image\/jpeg\" \/>\n<meta name=\"author\" content=\"diario5\" \/>\n<meta name=\"twitter:card\" content=\"summary_large_image\" \/>\n<meta name=\"twitter:creator\" content=\"@eltextual\" \/>\n<meta name=\"twitter:site\" content=\"@eltextual\" \/>\n<meta name=\"twitter:label1\" content=\"Escrito por\" \/>\n\t<meta name=\"twitter:data1\" content=\"diario5\" \/>\n\t<meta name=\"twitter:label2\" content=\"Tiempo de lectura\" \/>\n\t<meta name=\"twitter:data2\" content=\"2 minutos\" \/>\n<script type=\"application\/ld+json\" class=\"yoast-schema-graph\">{\"@context\":\"https:\\\/\\\/schema.org\",\"@graph\":[{\"@type\":\"Article\",\"@id\":\"https:\\\/\\\/diariotextual.com\\\/inicio\\\/index.php\\\/2021\\\/12\\\/21\\\/una-mujer-murio-en-un-choque-en-el-ingreso-a-santa-rosa-por-ruta-5\\\/#article\",\"isPartOf\":{\"@id\":\"https:\\\/\\\/diariotextual.com\\\/inicio\\\/index.php\\\/2021\\\/12\\\/21\\\/una-mujer-murio-en-un-choque-en-el-ingreso-a-santa-rosa-por-ruta-5\\\/\"},\"author\":{\"name\":\"diario5\",\"@id\":\"https:\\\/\\\/diariotextual.com\\\/inicio\\\/#\\\/schema\\\/person\\\/c7834961ad8b29b1d9cdbf4571299067\"},\"headline\":\"Cami\u00f3n se cruz\u00f3, choc\u00f3 y mat\u00f3 a una mujer en el ingreso a Santa Rosa\",\"datePublished\":\"2021-12-21T16:00:43+00:00\",\"dateModified\":\"2021-12-22T10:46:14+00:00\",\"mainEntityOfPage\":{\"@id\":\"https:\\\/\\\/diariotextual.com\\\/inicio\\\/index.php\\\/2021\\\/12\\\/21\\\/una-mujer-murio-en-un-choque-en-el-ingreso-a-santa-rosa-por-ruta-5\\\/\"},\"wordCount\":311,\"publisher\":{\"@id\":\"https:\\\/\\\/diariotextual.com\\\/inicio\\\/#organization\"},\"image\":{\"@id\":\"https:\\\/\\\/diariotextual.com\\\/inicio\\\/index.php\\\/2021\\\/12\\\/21\\\/una-mujer-murio-en-un-choque-en-el-ingreso-a-santa-rosa-por-ruta-5\\\/#primaryimage\"},\"thumbnailUrl\":\"https:\\\/\\\/diariotextual.com\\\/inicio\\\/wp-content\\\/uploads\\\/2021\\\/12\\\/choqueruta5santarosa21diciembre2021-2.jpg\",\"articleSection\":[\"A - PORTADA2\"],\"inLanguage\":\"es\"},{\"@type\":\"WebPage\",\"@id\":\"https:\\\/\\\/diariotextual.com\\\/inicio\\\/index.php\\\/2021\\\/12\\\/21\\\/una-mujer-murio-en-un-choque-en-el-ingreso-a-santa-rosa-por-ruta-5\\\/\",\"url\":\"https:\\\/\\\/diariotextual.com\\\/inicio\\\/index.php\\\/2021\\\/12\\\/21\\\/una-mujer-murio-en-un-choque-en-el-ingreso-a-santa-rosa-por-ruta-5\\\/\",\"name\":\"Cami\u00f3n se cruz\u00f3, choc\u00f3 y mat\u00f3 a una mujer en el ingreso a Santa Rosa - Diario Textual\",\"isPartOf\":{\"@id\":\"https:\\\/\\\/diariotextual.com\\\/inicio\\\/#website\"},\"primaryImageOfPage\":{\"@id\":\"https:\\\/\\\/diariotextual.com\\\/inicio\\\/index.php\\\/2021\\\/12\\\/21\\\/una-mujer-murio-en-un-choque-en-el-ingreso-a-santa-rosa-por-ruta-5\\\/#primaryimage\"},\"image\":{\"@id\":\"https:\\\/\\\/diariotextual.com\\\/inicio\\\/index.php\\\/2021\\\/12\\\/21\\\/una-mujer-murio-en-un-choque-en-el-ingreso-a-santa-rosa-por-ruta-5\\\/#primaryimage\"},\"thumbnailUrl\":\"https:\\\/\\\/diariotextual.com\\\/inicio\\\/wp-content\\\/uploads\\\/2021\\\/12\\\/choqueruta5santarosa21diciembre2021-2.jpg\",\"datePublished\":\"2021-12-21T16:00:43+00:00\",\"dateModified\":\"2021-12-22T10:46:14+00:00\",\"breadcrumb\":{\"@id\":\"https:\\\/\\\/diariotextual.com\\\/inicio\\\/index.php\\\/2021\\\/12\\\/21\\\/una-mujer-murio-en-un-choque-en-el-ingreso-a-santa-rosa-por-ruta-5\\\/#breadcrumb\"},\"inLanguage\":\"es\",\"potentialAction\":[{\"@type\":\"ReadAction\",\"target\":[\"https:\\\/\\\/diariotextual.com\\\/inicio\\\/index.php\\\/2021\\\/12\\\/21\\\/una-mujer-murio-en-un-choque-en-el-ingreso-a-santa-rosa-por-ruta-5\\\/\"]}]},{\"@type\":\"ImageObject\",\"inLanguage\":\"es\",\"@id\":\"https:\\\/\\\/diariotextual.com\\\/inicio\\\/index.php\\\/2021\\\/12\\\/21\\\/una-mujer-murio-en-un-choque-en-el-ingreso-a-santa-rosa-por-ruta-5\\\/#primaryimage\",\"url\":\"https:\\\/\\\/diariotextual.com\\\/inicio\\\/wp-content\\\/uploads\\\/2021\\\/12\\\/choqueruta5santarosa21diciembre2021-2.jpg\",\"contentUrl\":\"https:\\\/\\\/diariotextual.com\\\/inicio\\\/wp-content\\\/uploads\\\/2021\\\/12\\\/choqueruta5santarosa21diciembre2021-2.jpg\",\"width\":1038,\"height\":593},{\"@type\":\"BreadcrumbList\",\"@id\":\"https:\\\/\\\/diariotextual.com\\\/inicio\\\/index.php\\\/2021\\\/12\\\/21\\\/una-mujer-murio-en-un-choque-en-el-ingreso-a-santa-rosa-por-ruta-5\\\/#breadcrumb\",\"itemListElement\":[{\"@type\":\"ListItem\",\"position\":1,\"name\":\"Portada\",\"item\":\"https:\\\/\\\/diariotextual.com\\\/inicio\\\/\"},{\"@type\":\"ListItem\",\"position\":2,\"name\":\"Cami\u00f3n se cruz\u00f3, choc\u00f3 y mat\u00f3 a una mujer en el ingreso a Santa Rosa\"}]},{\"@type\":\"WebSite\",\"@id\":\"https:\\\/\\\/diariotextual.com\\\/inicio\\\/#website\",\"url\":\"https:\\\/\\\/diariotextual.com\\\/inicio\\\/\",\"name\":\"Diario Textual\",\"description\":\"\",\"publisher\":{\"@id\":\"https:\\\/\\\/diariotextual.com\\\/inicio\\\/#organization\"},\"potentialAction\":[{\"@type\":\"SearchAction\",\"target\":{\"@type\":\"EntryPoint\",\"urlTemplate\":\"https:\\\/\\\/diariotextual.com\\\/inicio\\\/?s={search_term_string}\"},\"query-input\":{\"@type\":\"PropertyValueSpecification\",\"valueRequired\":true,\"valueName\":\"search_term_string\"}}],\"inLanguage\":\"es\"},{\"@type\":\"Organization\",\"@id\":\"https:\\\/\\\/diariotextual.com\\\/inicio\\\/#organization\",\"name\":\"Diario Textual\",\"url\":\"https:\\\/\\\/diariotextual.com\\\/inicio\\\/\",\"logo\":{\"@type\":\"ImageObject\",\"inLanguage\":\"es\",\"@id\":\"https:\\\/\\\/diariotextual.com\\\/inicio\\\/#\\\/schema\\\/logo\\\/image\\\/\",\"url\":\"https:\\\/\\\/diariotextual.com\\\/inicio\\\/wp-content\\\/uploads\\\/2023\\\/05\\\/logotextual1.jpg\",\"contentUrl\":\"https:\\\/\\\/diariotextual.com\\\/inicio\\\/wp-content\\\/uploads\\\/2023\\\/05\\\/logotextual1.jpg\",\"width\":516,\"height\":76,\"caption\":\"Diario Textual\"},\"image\":{\"@id\":\"https:\\\/\\\/diariotextual.com\\\/inicio\\\/#\\\/schema\\\/logo\\\/image\\\/\"},\"sameAs\":[\"https:\\\/\\\/www.facebook.com\\\/eltextual\",\"https:\\\/\\\/x.com\\\/eltextual\",\"http:\\\/\\\/www.instagram.com\\\/eltextual\"]},{\"@type\":\"Person\",\"@id\":\"https:\\\/\\\/diariotextual.com\\\/inicio\\\/#\\\/schema\\\/person\\\/c7834961ad8b29b1d9cdbf4571299067\",\"name\":\"diario5\",\"image\":{\"@type\":\"ImageObject\",\"inLanguage\":\"es\",\"@id\":\"https:\\\/\\\/secure.gravatar.com\\\/avatar\\\/948c893b847ca6df68216ead81b63f363408ec9b0f600fefc0641ce78613b111?s=96&d=mm&r=g\",\"url\":\"https:\\\/\\\/secure.gravatar.com\\\/avatar\\\/948c893b847ca6df68216ead81b63f363408ec9b0f600fefc0641ce78613b111?s=96&d=mm&r=g\",\"contentUrl\":\"https:\\\/\\\/secure.gravatar.com\\\/avatar\\\/948c893b847ca6df68216ead81b63f363408ec9b0f600fefc0641ce78613b111?s=96&d=mm&r=g\",\"caption\":\"diario5\"},\"url\":\"https:\\\/\\\/diariotextual.com\\\/inicio\\\/index.php\\\/author\\\/diario5\\\/\"}]}<\/script>\n<!-- \/ Yoast SEO plugin. -->","yoast_head_json":{"title":"Cami\u00f3n se cruz\u00f3, choc\u00f3 y mat\u00f3 a una mujer en el ingreso a Santa Rosa - Diario Textual","robots":{"index":"index","follow":"follow","max-snippet":"max-snippet:-1","max-image-preview":"max-image-preview:large","max-video-preview":"max-video-preview:-1"},"canonical":"https:\/\/diariotextual.com\/inicio\/index.php\/2021\/12\/21\/una-mujer-murio-en-un-choque-en-el-ingreso-a-santa-rosa-por-ruta-5\/","og_locale":"es_ES","og_type":"article","og_title":"Cami\u00f3n se cruz\u00f3, choc\u00f3 y mat\u00f3 a una mujer en el ingreso a Santa Rosa - Diario Textual","og_description":"Una mujer de unos 74 a\u00f1os de edad falleci\u00f3 este martes a ra\u00edz de un&nbsp;choque frontal entre un cami\u00f3n y un auto en el ingreso a Santa Rosa, por la&hellip;","og_url":"https:\/\/diariotextual.com\/inicio\/index.php\/2021\/12\/21\/una-mujer-murio-en-un-choque-en-el-ingreso-a-santa-rosa-por-ruta-5\/","og_site_name":"Diario Textual","article_publisher":"https:\/\/www.facebook.com\/eltextual","article_published_time":"2021-12-21T16:00:43+00:00","article_modified_time":"2021-12-22T10:46:14+00:00","og_image":[{"width":1038,"height":593,"url":"https:\/\/diariotextual.com\/inicio\/wp-content\/uploads\/2021\/12\/choqueruta5santarosa21diciembre2021-2.jpg","type":"image\/jpeg"}],"author":"diario5","twitter_card":"summary_large_image","twitter_creator":"@eltextual","twitter_site":"@eltextual","twitter_misc":{"Escrito por":"diario5","Tiempo de lectura":"2 minutos"},"schema":{"@context":"https:\/\/schema.org","@graph":[{"@type":"Article","@id":"https:\/\/diariotextual.com\/inicio\/index.php\/2021\/12\/21\/una-mujer-murio-en-un-choque-en-el-ingreso-a-santa-rosa-por-ruta-5\/#article","isPartOf":{"@id":"https:\/\/diariotextual.com\/inicio\/index.php\/2021\/12\/21\/una-mujer-murio-en-un-choque-en-el-ingreso-a-santa-rosa-por-ruta-5\/"},"author":{"name":"diario5","@id":"https:\/\/diariotextual.com\/inicio\/#\/schema\/person\/c7834961ad8b29b1d9cdbf4571299067"},"headline":"Cami\u00f3n se cruz\u00f3, choc\u00f3 y mat\u00f3 a una mujer en el ingreso a Santa Rosa","datePublished":"2021-12-21T16:00:43+00:00","dateModified":"2021-12-22T10:46:14+00:00","mainEntityOfPage":{"@id":"https:\/\/diariotextual.com\/inicio\/index.php\/2021\/12\/21\/una-mujer-murio-en-un-choque-en-el-ingreso-a-santa-rosa-por-ruta-5\/"},"wordCount":311,"publisher":{"@id":"https:\/\/diariotextual.com\/inicio\/#organization"},"image":{"@id":"https:\/\/diariotextual.com\/inicio\/index.php\/2021\/12\/21\/una-mujer-murio-en-un-choque-en-el-ingreso-a-santa-rosa-por-ruta-5\/#primaryimage"},"thumbnailUrl":"https:\/\/diariotextual.com\/inicio\/wp-content\/uploads\/2021\/12\/choqueruta5santarosa21diciembre2021-2.jpg","articleSection":["A - PORTADA2"],"inLanguage":"es"},{"@type":"WebPage","@id":"https:\/\/diariotextual.com\/inicio\/index.php\/2021\/12\/21\/una-mujer-murio-en-un-choque-en-el-ingreso-a-santa-rosa-por-ruta-5\/","url":"https:\/\/diariotextual.com\/inicio\/index.php\/2021\/12\/21\/una-mujer-murio-en-un-choque-en-el-ingreso-a-santa-rosa-por-ruta-5\/","name":"Cami\u00f3n se cruz\u00f3, choc\u00f3 y mat\u00f3 a una mujer en el ingreso a Santa Rosa - Diario Textual","isPartOf":{"@id":"https:\/\/diariotextual.com\/inicio\/#website"},"primaryImageOfPage":{"@id":"https:\/\/diariotextual.com\/inicio\/index.php\/2021\/12\/21\/una-mujer-murio-en-un-choque-en-el-ingreso-a-santa-rosa-por-ruta-5\/#primaryimage"},"image":{"@id":"https:\/\/diariotextual.com\/inicio\/index.php\/2021\/12\/21\/una-mujer-murio-en-un-choque-en-el-ingreso-a-santa-rosa-por-ruta-5\/#primaryimage"},"thumbnailUrl":"https:\/\/diariotextual.com\/inicio\/wp-content\/uploads\/2021\/12\/choqueruta5santarosa21diciembre2021-2.jpg","datePublished":"2021-12-21T16:00:43+00:00","dateModified":"2021-12-22T10:46:14+00:00","breadcrumb":{"@id":"https:\/\/diariotextual.com\/inicio\/index.php\/2021\/12\/21\/una-mujer-murio-en-un-choque-en-el-ingreso-a-santa-rosa-por-ruta-5\/#breadcrumb"},"inLanguage":"es","potentialAction":[{"@type":"ReadAction","target":["https:\/\/diariotextual.com\/inicio\/index.php\/2021\/12\/21\/una-mujer-murio-en-un-choque-en-el-ingreso-a-santa-rosa-por-ruta-5\/"]}]},{"@type":"ImageObject","inLanguage":"es","@id":"https:\/\/diariotextual.com\/inicio\/index.php\/2021\/12\/21\/una-mujer-murio-en-un-choque-en-el-ingreso-a-santa-rosa-por-ruta-5\/#primaryimage","url":"https:\/\/diariotextual.com\/inicio\/wp-content\/uploads\/2021\/12\/choqueruta5santarosa21diciembre2021-2.jpg","contentUrl":"https:\/\/diariotextual.com\/inicio\/wp-content\/uploads\/2021\/12\/choqueruta5santarosa21diciembre2021-2.jpg","width":1038,"height":593},{"@type":"BreadcrumbList","@id":"https:\/\/diariotextual.com\/inicio\/index.php\/2021\/12\/21\/una-mujer-murio-en-un-choque-en-el-ingreso-a-santa-rosa-por-ruta-5\/#breadcrumb","itemListElement":[{"@type":"ListItem","position":1,"name":"Portada","item":"https:\/\/diariotextual.com\/inicio\/"},{"@type":"ListItem","position":2,"name":"Cami\u00f3n se cruz\u00f3, choc\u00f3 y mat\u00f3 a una mujer en el ingreso a Santa Rosa"}]},{"@type":"WebSite","@id":"https:\/\/diariotextual.com\/inicio\/#website","url":"https:\/\/diariotextual.com\/inicio\/","name":"Diario Textual","description":"","publisher":{"@id":"https:\/\/diariotextual.com\/inicio\/#organization"},"potentialAction":[{"@type":"SearchAction","target":{"@type":"EntryPoint","urlTemplate":"https:\/\/diariotextual.com\/inicio\/?s={search_term_string}"},"query-input":{"@type":"PropertyValueSpecification","valueRequired":true,"valueName":"search_term_string"}}],"inLanguage":"es"},{"@type":"Organization","@id":"https:\/\/diariotextual.com\/inicio\/#organization","name":"Diario Textual","url":"https:\/\/diariotextual.com\/inicio\/","logo":{"@type":"ImageObject","inLanguage":"es","@id":"https:\/\/diariotextual.com\/inicio\/#\/schema\/logo\/image\/","url":"https:\/\/diariotextual.com\/inicio\/wp-content\/uploads\/2023\/05\/logotextual1.jpg","contentUrl":"https:\/\/diariotextual.com\/inicio\/wp-content\/uploads\/2023\/05\/logotextual1.jpg","width":516,"height":76,"caption":"Diario Textual"},"image":{"@id":"https:\/\/diariotextual.com\/inicio\/#\/schema\/logo\/image\/"},"sameAs":["https:\/\/www.facebook.com\/eltextual","https:\/\/x.com\/eltextual","http:\/\/www.instagram.com\/eltextual"]},{"@type":"Person","@id":"https:\/\/diariotextual.com\/inicio\/#\/schema\/person\/c7834961ad8b29b1d9cdbf4571299067","name":"diario5","image":{"@type":"ImageObject","inLanguage":"es","@id":"https:\/\/secure.gravatar.com\/avatar\/948c893b847ca6df68216ead81b63f363408ec9b0f600fefc0641ce78613b111?s=96&d=mm&r=g","url":"https:\/\/secure.gravatar.com\/avatar\/948c893b847ca6df68216ead81b63f363408ec9b0f600fefc0641ce78613b111?s=96&d=mm&r=g","contentUrl":"https:\/\/secure.gravatar.com\/avatar\/948c893b847ca6df68216ead81b63f363408ec9b0f600fefc0641ce78613b111?s=96&d=mm&r=g","caption":"diario5"},"url":"https:\/\/diariotextual.com\/inicio\/index.php\/author\/diario5\/"}]}},"_links":{"self":[{"href":"https:\/\/diariotextual.com\/inicio\/index.php\/wp-json\/wp\/v2\/posts\/173908","targetHints":{"allow":["GET"]}}],"collection":[{"href":"https:\/\/diariotextual.com\/inicio\/index.php\/wp-json\/wp\/v2\/posts"}],"about":[{"href":"https:\/\/diariotextual.com\/inicio\/index.php\/wp-json\/wp\/v2\/types\/post"}],"author":[{"embeddable":true,"href":"https:\/\/diariotextual.com\/inicio\/index.php\/wp-json\/wp\/v2\/users\/7"}],"replies":[{"embeddable":true,"href":"https:\/\/diariotextual.com\/inicio\/index.php\/wp-json\/wp\/v2\/comments?post=173908"}],"version-history":[{"count":12,"href":"https:\/\/diariotextual.com\/inicio\/index.php\/wp-json\/wp\/v2\/posts\/173908\/revisions"}],"predecessor-version":[{"id":174022,"href":"https:\/\/diariotextual.com\/inicio\/index.php\/wp-json\/wp\/v2\/posts\/173908\/revisions\/174022"}],"wp:featuredmedia":[{"embeddable":true,"href":"https:\/\/diariotextual.com\/inicio\/index.php\/wp-json\/wp\/v2\/media\/173929"}],"wp:attachment":[{"href":"https:\/\/diariotextual.com\/inicio\/index.php\/wp-json\/wp\/v2\/media?parent=173908"}],"wp:term":[{"taxonomy":"category","embeddable":true,"href":"https:\/\/diariotextual.com\/inicio\/index.php\/wp-json\/wp\/v2\/categories?post=173908"},{"taxonomy":"post_tag","embeddable":true,"href":"https:\/\/diariotextual.com\/inicio\/index.php\/wp-json\/wp\/v2\/tags?post=173908"}],"curies":[{"name":"wp","href":"https:\/\/api.w.org\/{rel}","templated":true}]}}