{"id":174162,"date":"2021-12-23T09:31:53","date_gmt":"2021-12-23T12:31:53","guid":{"rendered":"https:\/\/diariotextual.com\/inicio\/?p=174162"},"modified":"2021-12-23T16:18:34","modified_gmt":"2021-12-23T19:18:34","slug":"un-ano-de-la-ive-en-la-pampa-se-hicieron-unos-400-abortos","status":"publish","type":"post","link":"https:\/\/diariotextual.com\/inicio\/index.php\/2021\/12\/23\/un-ano-de-la-ive-en-la-pampa-se-hicieron-unos-400-abortos\/","title":{"rendered":"Un a\u00f1o de la IVE: en La Pampa se hicieron unos 400 abortos"},"content":{"rendered":"\n<p>A pocos d\u00edas de que se cumpla un a\u00f1o de la sanci\u00f3n de la Ley 26.710 de Interrupci\u00f3n Voluntaria del Embarazo, el Gobierno nacional difundi\u00f3 datos sobre los avances en todo el territorio nacional: se realizaron, dentro del sistema p\u00fablico, 32.758 abortos en condiciones seguras y ya hay 1.238 hospitales y centros de salud de todo el pa\u00eds que garantizan la pr\u00e1ctica (30% m\u00e1s que antes de la ley).\u00a0 En nuestra provincia, se hicieron poco m\u00e1s de 400 abortos. Esta cifra incluye los datos registrados hasta el mes de noviembre.\u00a0<br><\/p>\n\n\n\n<p>Adem\u00e1s, seg\u00fan la informaci\u00f3n dada a conocer ayer, la l\u00ednea de salud sexual y reproductiva recibi\u00f3 m\u00e1s consultas en 12 meses que en una d\u00e9cada; se distribuyeron 46.283 tratamientos de misoprostol (en 2020, 18.590); se capacitaron 904 efectores de salud y se recibieron, en la l\u00ednea 0800 de la Direcci\u00f3n de Salud Sexual y Reproductiva, 19 mil consultas sobre interrupci\u00f3n del embarazo, una cifra superior al total de las llamadas sobre el tema en los diez a\u00f1os anteriores (entre 2010 y 2020, la l\u00ednea respondi\u00f3 17.302 llamados vinculados al derecho a la interrupci\u00f3n legal).<br><\/p>\n\n\n\n<p>Estos datos fueron revelados en el marco de un desayuno de trabajo realizado en el Sal\u00f3n Sur de la Casa Rosada. Del encuentro participaron las ministras de Salud, Carla Vizzotti, y de Mujeres, G\u00e9neros y Diversidad, Elizabeth G\u00f3mez Alcorta; la secretaria de Legal y T\u00e9cnica de Presidencia, Vilma Ibarra, y un grupo de periodistas.\u00a0<br><\/p>\n\n\n\n<p>Las funcionarias coincidieron en que la sanci\u00f3n de la normativa significa un avance muy significativo en la ampliaci\u00f3n de derechos y destacaron que es imprescindible profundizar la comunicaci\u00f3n p\u00fablica sobre el acceso y la capacitaci\u00f3n a los equipos de salud.<br><\/p>\n\n\n\n<p>\u201cEl desaf\u00edo es ampliar insumos, fortalecer a efectores de salud y pelear contra el estigma que a\u00fan existe\u201d, dijo Vizzotti.\u00a0<br>La ministra de Salud anunci\u00f3 que se est\u00e1 iniciando el proceso de producci\u00f3n de mifepristona en los laboratorios p\u00fablicos (el medicamento que, combinado con el misoprostol, es recomendado por la OMS para interrumpir los embarazos de manera segura) y el financiamiento de las prestaciones de interrupci\u00f3n del embarazo y atenci\u00f3n posaborto a todas las jurisdicciones del pa\u00eds mediante el programa SUMAR. La titular de Salud se mostr\u00f3 conforme con lo conseguido, teniendo en cuenta que su sector tuvo que ponerse a disposici\u00f3n de la atenci\u00f3n de la crisis sanitaria y de la mayor campa\u00f1a de vacunaci\u00f3n de la historia argentina.<br><\/p>\n\n\n\n<p>Ibarra puso \u00e9nfasis en los beneficios de haber sancionado, casi a la vez que la IVE y por unanimidad en ambas c\u00e1maras, la ley de los 1.000 d\u00edas. Adem\u00e1s, record\u00f3 la articulaci\u00f3n imprescindible que se dio entre funcionarias del Ejecutivo, legisladoras oficialistas y de la oposici\u00f3n y referentes de la sociedad civil. \u201cHubo un trabajo transversal construido a partir de la confianza y con la convicci\u00f3n de que no iba a ser usado en beneficio partidario\u00bb, expres\u00f3 la secretaria de Legal y T\u00e9cnica y sostuvo que estas normas se enmarcan en la larga tradici\u00f3n de la Argentina en t\u00e9rminos de ampliaci\u00f3n de derechos.<br><\/p>\n\n\n\n<p>\u201cEl logro de la movilizaci\u00f3n callejera y la demanda de aborto legal en 2018 fue poner el tema en la agenda p\u00fablica\u201d, dijo G\u00f3mez Alcorta y cont\u00f3 que, en diversos pa\u00edses de la regi\u00f3n y aun en Espa\u00f1a, estudian el texto de la ley por su solidez.<br>Con relaci\u00f3n con los obst\u00e1culos para la implementaci\u00f3n de la IVE, las funcionarias se refirieron a las 35 acciones judiciales contra la ley, de las cuales s\u00f3lo prosperaron dos que esperan resoluci\u00f3n de la Corte, a\u00fan sin fecha. La que m\u00e1s preocupa al Gobierno y a las organizaciones feministas es la causa iniciada contra la m\u00e9dica salte\u00f1a Miranda Ruiz por realizar un aborto legal, considerado un caso claro en t\u00e9rminos de disciplinamiento.<br><\/p>\n\n\n\n<p>El intercambio en la Rosada sirvi\u00f3, tambi\u00e9n, para plantear los grandes desaf\u00edos a futuro: disminuir la mortalidad materna, impulsar la difusi\u00f3n de los contenidos de la ley tanto para las posibles usuarias como para el personal de salud y seguir ampliando la cantidad de centros de salud que realizan la pr\u00e1ctica para terminar con el estigma sobre las mujeres que necesitan abortar, as\u00ed como sobre el personal profesional que garantiza los abortos.<br><\/p>\n\n\n\n<p>La ley fue aprobada en la madrugada del 30 de diciembre de 2020 en el Senado, luego que recibiera la primera aprobaci\u00f3n en Diputados el 10 de ese mismo mes.\u00a0<\/p>\n\n\n\n<p><\/p>\n\n\n\n<p><\/p>\n","protected":false},"excerpt":{"rendered":"<p>A pocos d\u00edas de que se cumpla un a\u00f1o de la sanci\u00f3n de la Ley 26.710 de Interrupci\u00f3n Voluntaria del Embarazo, el Gobierno nacional difundi\u00f3 datos sobre los avances en&hellip;<\/p>\n","protected":false},"author":3,"featured_media":125284,"comment_status":"closed","ping_status":"open","sticky":false,"template":"","format":"standard","meta":{"_acf_changed":false,"footnotes":""},"categories":[10,12],"tags":[],"class_list":["post-174162","post","type-post","status-publish","format-standard","has-post-thumbnail","hentry","category-portada-2","category-sociedad"],"acf":[],"yoast_head":"<!-- This site is optimized with the Yoast SEO plugin v27.5 - https:\/\/yoast.com\/product\/yoast-seo-wordpress\/ -->\n<title>Un a\u00f1o de la IVE: en La Pampa se hicieron unos 400 abortos - Diario Textual<\/title>\n<meta name=\"robots\" content=\"index, follow, max-snippet:-1, max-image-preview:large, max-video-preview:-1\" \/>\n<link rel=\"canonical\" href=\"https:\/\/diariotextual.com\/inicio\/index.php\/2021\/12\/23\/un-ano-de-la-ive-en-la-pampa-se-hicieron-unos-400-abortos\/\" \/>\n<meta property=\"og:locale\" content=\"es_ES\" \/>\n<meta property=\"og:type\" content=\"article\" \/>\n<meta property=\"og:title\" content=\"Un a\u00f1o de la IVE: en La Pampa se hicieron unos 400 abortos - Diario Textual\" \/>\n<meta property=\"og:description\" content=\"A pocos d\u00edas de que se cumpla un a\u00f1o de la sanci\u00f3n de la Ley 26.710 de Interrupci\u00f3n Voluntaria del Embarazo, el Gobierno nacional difundi\u00f3 datos sobre los avances en&hellip;\" \/>\n<meta property=\"og:url\" content=\"https:\/\/diariotextual.com\/inicio\/index.php\/2021\/12\/23\/un-ano-de-la-ive-en-la-pampa-se-hicieron-unos-400-abortos\/\" \/>\n<meta property=\"og:site_name\" content=\"Diario Textual\" \/>\n<meta property=\"article:publisher\" content=\"https:\/\/www.facebook.com\/eltextual\" \/>\n<meta property=\"article:published_time\" content=\"2021-12-23T12:31:53+00:00\" \/>\n<meta property=\"article:modified_time\" content=\"2021-12-23T19:18:34+00:00\" \/>\n<meta property=\"og:image\" content=\"https:\/\/diariotextual.com\/inicio\/wp-content\/uploads\/2020\/12\/abortolegalcongresotelam2020-5.jpg\" \/>\n\t<meta property=\"og:image:width\" content=\"934\" \/>\n\t<meta property=\"og:image:height\" content=\"600\" \/>\n\t<meta property=\"og:image:type\" content=\"image\/jpeg\" \/>\n<meta name=\"author\" content=\"Diario1 Diario1\" \/>\n<meta name=\"twitter:card\" content=\"summary_large_image\" \/>\n<meta name=\"twitter:creator\" content=\"@eltextual\" \/>\n<meta name=\"twitter:site\" content=\"@eltextual\" \/>\n<meta name=\"twitter:label1\" content=\"Escrito por\" \/>\n\t<meta name=\"twitter:data1\" content=\"Diario1 Diario1\" \/>\n\t<meta name=\"twitter:label2\" content=\"Tiempo de lectura\" \/>\n\t<meta name=\"twitter:data2\" content=\"4 minutos\" \/>\n<script type=\"application\/ld+json\" class=\"yoast-schema-graph\">{\"@context\":\"https:\\\/\\\/schema.org\",\"@graph\":[{\"@type\":\"Article\",\"@id\":\"https:\\\/\\\/diariotextual.com\\\/inicio\\\/index.php\\\/2021\\\/12\\\/23\\\/un-ano-de-la-ive-en-la-pampa-se-hicieron-unos-400-abortos\\\/#article\",\"isPartOf\":{\"@id\":\"https:\\\/\\\/diariotextual.com\\\/inicio\\\/index.php\\\/2021\\\/12\\\/23\\\/un-ano-de-la-ive-en-la-pampa-se-hicieron-unos-400-abortos\\\/\"},\"author\":{\"name\":\"Diario1 Diario1\",\"@id\":\"https:\\\/\\\/diariotextual.com\\\/inicio\\\/#\\\/schema\\\/person\\\/418fc4093c33e86ed41562db3508f958\"},\"headline\":\"Un a\u00f1o de la IVE: en La Pampa se hicieron unos 400 abortos\",\"datePublished\":\"2021-12-23T12:31:53+00:00\",\"dateModified\":\"2021-12-23T19:18:34+00:00\",\"mainEntityOfPage\":{\"@id\":\"https:\\\/\\\/diariotextual.com\\\/inicio\\\/index.php\\\/2021\\\/12\\\/23\\\/un-ano-de-la-ive-en-la-pampa-se-hicieron-unos-400-abortos\\\/\"},\"wordCount\":786,\"publisher\":{\"@id\":\"https:\\\/\\\/diariotextual.com\\\/inicio\\\/#organization\"},\"image\":{\"@id\":\"https:\\\/\\\/diariotextual.com\\\/inicio\\\/index.php\\\/2021\\\/12\\\/23\\\/un-ano-de-la-ive-en-la-pampa-se-hicieron-unos-400-abortos\\\/#primaryimage\"},\"thumbnailUrl\":\"https:\\\/\\\/diariotextual.com\\\/inicio\\\/wp-content\\\/uploads\\\/2020\\\/12\\\/abortolegalcongresotelam2020-5.jpg\",\"articleSection\":[\"A - PORTADA2\",\"SOCIEDAD\"],\"inLanguage\":\"es\"},{\"@type\":\"WebPage\",\"@id\":\"https:\\\/\\\/diariotextual.com\\\/inicio\\\/index.php\\\/2021\\\/12\\\/23\\\/un-ano-de-la-ive-en-la-pampa-se-hicieron-unos-400-abortos\\\/\",\"url\":\"https:\\\/\\\/diariotextual.com\\\/inicio\\\/index.php\\\/2021\\\/12\\\/23\\\/un-ano-de-la-ive-en-la-pampa-se-hicieron-unos-400-abortos\\\/\",\"name\":\"Un a\u00f1o de la IVE: en La Pampa se hicieron unos 400 abortos - Diario Textual\",\"isPartOf\":{\"@id\":\"https:\\\/\\\/diariotextual.com\\\/inicio\\\/#website\"},\"primaryImageOfPage\":{\"@id\":\"https:\\\/\\\/diariotextual.com\\\/inicio\\\/index.php\\\/2021\\\/12\\\/23\\\/un-ano-de-la-ive-en-la-pampa-se-hicieron-unos-400-abortos\\\/#primaryimage\"},\"image\":{\"@id\":\"https:\\\/\\\/diariotextual.com\\\/inicio\\\/index.php\\\/2021\\\/12\\\/23\\\/un-ano-de-la-ive-en-la-pampa-se-hicieron-unos-400-abortos\\\/#primaryimage\"},\"thumbnailUrl\":\"https:\\\/\\\/diariotextual.com\\\/inicio\\\/wp-content\\\/uploads\\\/2020\\\/12\\\/abortolegalcongresotelam2020-5.jpg\",\"datePublished\":\"2021-12-23T12:31:53+00:00\",\"dateModified\":\"2021-12-23T19:18:34+00:00\",\"breadcrumb\":{\"@id\":\"https:\\\/\\\/diariotextual.com\\\/inicio\\\/index.php\\\/2021\\\/12\\\/23\\\/un-ano-de-la-ive-en-la-pampa-se-hicieron-unos-400-abortos\\\/#breadcrumb\"},\"inLanguage\":\"es\",\"potentialAction\":[{\"@type\":\"ReadAction\",\"target\":[\"https:\\\/\\\/diariotextual.com\\\/inicio\\\/index.php\\\/2021\\\/12\\\/23\\\/un-ano-de-la-ive-en-la-pampa-se-hicieron-unos-400-abortos\\\/\"]}]},{\"@type\":\"ImageObject\",\"inLanguage\":\"es\",\"@id\":\"https:\\\/\\\/diariotextual.com\\\/inicio\\\/index.php\\\/2021\\\/12\\\/23\\\/un-ano-de-la-ive-en-la-pampa-se-hicieron-unos-400-abortos\\\/#primaryimage\",\"url\":\"https:\\\/\\\/diariotextual.com\\\/inicio\\\/wp-content\\\/uploads\\\/2020\\\/12\\\/abortolegalcongresotelam2020-5.jpg\",\"contentUrl\":\"https:\\\/\\\/diariotextual.com\\\/inicio\\\/wp-content\\\/uploads\\\/2020\\\/12\\\/abortolegalcongresotelam2020-5.jpg\",\"width\":934,\"height\":600},{\"@type\":\"BreadcrumbList\",\"@id\":\"https:\\\/\\\/diariotextual.com\\\/inicio\\\/index.php\\\/2021\\\/12\\\/23\\\/un-ano-de-la-ive-en-la-pampa-se-hicieron-unos-400-abortos\\\/#breadcrumb\",\"itemListElement\":[{\"@type\":\"ListItem\",\"position\":1,\"name\":\"Portada\",\"item\":\"https:\\\/\\\/diariotextual.com\\\/inicio\\\/\"},{\"@type\":\"ListItem\",\"position\":2,\"name\":\"Un a\u00f1o de la IVE: en La Pampa se hicieron unos 400 abortos\"}]},{\"@type\":\"WebSite\",\"@id\":\"https:\\\/\\\/diariotextual.com\\\/inicio\\\/#website\",\"url\":\"https:\\\/\\\/diariotextual.com\\\/inicio\\\/\",\"name\":\"Diario Textual\",\"description\":\"\",\"publisher\":{\"@id\":\"https:\\\/\\\/diariotextual.com\\\/inicio\\\/#organization\"},\"potentialAction\":[{\"@type\":\"SearchAction\",\"target\":{\"@type\":\"EntryPoint\",\"urlTemplate\":\"https:\\\/\\\/diariotextual.com\\\/inicio\\\/?s={search_term_string}\"},\"query-input\":{\"@type\":\"PropertyValueSpecification\",\"valueRequired\":true,\"valueName\":\"search_term_string\"}}],\"inLanguage\":\"es\"},{\"@type\":\"Organization\",\"@id\":\"https:\\\/\\\/diariotextual.com\\\/inicio\\\/#organization\",\"name\":\"Diario Textual\",\"url\":\"https:\\\/\\\/diariotextual.com\\\/inicio\\\/\",\"logo\":{\"@type\":\"ImageObject\",\"inLanguage\":\"es\",\"@id\":\"https:\\\/\\\/diariotextual.com\\\/inicio\\\/#\\\/schema\\\/logo\\\/image\\\/\",\"url\":\"https:\\\/\\\/diariotextual.com\\\/inicio\\\/wp-content\\\/uploads\\\/2023\\\/05\\\/logotextual1.jpg\",\"contentUrl\":\"https:\\\/\\\/diariotextual.com\\\/inicio\\\/wp-content\\\/uploads\\\/2023\\\/05\\\/logotextual1.jpg\",\"width\":516,\"height\":76,\"caption\":\"Diario Textual\"},\"image\":{\"@id\":\"https:\\\/\\\/diariotextual.com\\\/inicio\\\/#\\\/schema\\\/logo\\\/image\\\/\"},\"sameAs\":[\"https:\\\/\\\/www.facebook.com\\\/eltextual\",\"https:\\\/\\\/x.com\\\/eltextual\",\"http:\\\/\\\/www.instagram.com\\\/eltextual\"]},{\"@type\":\"Person\",\"@id\":\"https:\\\/\\\/diariotextual.com\\\/inicio\\\/#\\\/schema\\\/person\\\/418fc4093c33e86ed41562db3508f958\",\"name\":\"Diario1 Diario1\",\"image\":{\"@type\":\"ImageObject\",\"inLanguage\":\"es\",\"@id\":\"https:\\\/\\\/secure.gravatar.com\\\/avatar\\\/9167d280179c85bc18be67aa7eda765854300033af4896dd779b608640f2ef7a?s=96&d=mm&r=g\",\"url\":\"https:\\\/\\\/secure.gravatar.com\\\/avatar\\\/9167d280179c85bc18be67aa7eda765854300033af4896dd779b608640f2ef7a?s=96&d=mm&r=g\",\"contentUrl\":\"https:\\\/\\\/secure.gravatar.com\\\/avatar\\\/9167d280179c85bc18be67aa7eda765854300033af4896dd779b608640f2ef7a?s=96&d=mm&r=g\",\"caption\":\"Diario1 Diario1\"},\"url\":\"https:\\\/\\\/diariotextual.com\\\/inicio\\\/index.php\\\/author\\\/diario1\\\/\"}]}<\/script>\n<!-- \/ Yoast SEO plugin. -->","yoast_head_json":{"title":"Un a\u00f1o de la IVE: en La Pampa se hicieron unos 400 abortos - Diario Textual","robots":{"index":"index","follow":"follow","max-snippet":"max-snippet:-1","max-image-preview":"max-image-preview:large","max-video-preview":"max-video-preview:-1"},"canonical":"https:\/\/diariotextual.com\/inicio\/index.php\/2021\/12\/23\/un-ano-de-la-ive-en-la-pampa-se-hicieron-unos-400-abortos\/","og_locale":"es_ES","og_type":"article","og_title":"Un a\u00f1o de la IVE: en La Pampa se hicieron unos 400 abortos - Diario Textual","og_description":"A pocos d\u00edas de que se cumpla un a\u00f1o de la sanci\u00f3n de la Ley 26.710 de Interrupci\u00f3n Voluntaria del Embarazo, el Gobierno nacional difundi\u00f3 datos sobre los avances en&hellip;","og_url":"https:\/\/diariotextual.com\/inicio\/index.php\/2021\/12\/23\/un-ano-de-la-ive-en-la-pampa-se-hicieron-unos-400-abortos\/","og_site_name":"Diario Textual","article_publisher":"https:\/\/www.facebook.com\/eltextual","article_published_time":"2021-12-23T12:31:53+00:00","article_modified_time":"2021-12-23T19:18:34+00:00","og_image":[{"width":934,"height":600,"url":"https:\/\/diariotextual.com\/inicio\/wp-content\/uploads\/2020\/12\/abortolegalcongresotelam2020-5.jpg","type":"image\/jpeg"}],"author":"Diario1 Diario1","twitter_card":"summary_large_image","twitter_creator":"@eltextual","twitter_site":"@eltextual","twitter_misc":{"Escrito por":"Diario1 Diario1","Tiempo de lectura":"4 minutos"},"schema":{"@context":"https:\/\/schema.org","@graph":[{"@type":"Article","@id":"https:\/\/diariotextual.com\/inicio\/index.php\/2021\/12\/23\/un-ano-de-la-ive-en-la-pampa-se-hicieron-unos-400-abortos\/#article","isPartOf":{"@id":"https:\/\/diariotextual.com\/inicio\/index.php\/2021\/12\/23\/un-ano-de-la-ive-en-la-pampa-se-hicieron-unos-400-abortos\/"},"author":{"name":"Diario1 Diario1","@id":"https:\/\/diariotextual.com\/inicio\/#\/schema\/person\/418fc4093c33e86ed41562db3508f958"},"headline":"Un a\u00f1o de la IVE: en La Pampa se hicieron unos 400 abortos","datePublished":"2021-12-23T12:31:53+00:00","dateModified":"2021-12-23T19:18:34+00:00","mainEntityOfPage":{"@id":"https:\/\/diariotextual.com\/inicio\/index.php\/2021\/12\/23\/un-ano-de-la-ive-en-la-pampa-se-hicieron-unos-400-abortos\/"},"wordCount":786,"publisher":{"@id":"https:\/\/diariotextual.com\/inicio\/#organization"},"image":{"@id":"https:\/\/diariotextual.com\/inicio\/index.php\/2021\/12\/23\/un-ano-de-la-ive-en-la-pampa-se-hicieron-unos-400-abortos\/#primaryimage"},"thumbnailUrl":"https:\/\/diariotextual.com\/inicio\/wp-content\/uploads\/2020\/12\/abortolegalcongresotelam2020-5.jpg","articleSection":["A - PORTADA2","SOCIEDAD"],"inLanguage":"es"},{"@type":"WebPage","@id":"https:\/\/diariotextual.com\/inicio\/index.php\/2021\/12\/23\/un-ano-de-la-ive-en-la-pampa-se-hicieron-unos-400-abortos\/","url":"https:\/\/diariotextual.com\/inicio\/index.php\/2021\/12\/23\/un-ano-de-la-ive-en-la-pampa-se-hicieron-unos-400-abortos\/","name":"Un a\u00f1o de la IVE: en La Pampa se hicieron unos 400 abortos - Diario Textual","isPartOf":{"@id":"https:\/\/diariotextual.com\/inicio\/#website"},"primaryImageOfPage":{"@id":"https:\/\/diariotextual.com\/inicio\/index.php\/2021\/12\/23\/un-ano-de-la-ive-en-la-pampa-se-hicieron-unos-400-abortos\/#primaryimage"},"image":{"@id":"https:\/\/diariotextual.com\/inicio\/index.php\/2021\/12\/23\/un-ano-de-la-ive-en-la-pampa-se-hicieron-unos-400-abortos\/#primaryimage"},"thumbnailUrl":"https:\/\/diariotextual.com\/inicio\/wp-content\/uploads\/2020\/12\/abortolegalcongresotelam2020-5.jpg","datePublished":"2021-12-23T12:31:53+00:00","dateModified":"2021-12-23T19:18:34+00:00","breadcrumb":{"@id":"https:\/\/diariotextual.com\/inicio\/index.php\/2021\/12\/23\/un-ano-de-la-ive-en-la-pampa-se-hicieron-unos-400-abortos\/#breadcrumb"},"inLanguage":"es","potentialAction":[{"@type":"ReadAction","target":["https:\/\/diariotextual.com\/inicio\/index.php\/2021\/12\/23\/un-ano-de-la-ive-en-la-pampa-se-hicieron-unos-400-abortos\/"]}]},{"@type":"ImageObject","inLanguage":"es","@id":"https:\/\/diariotextual.com\/inicio\/index.php\/2021\/12\/23\/un-ano-de-la-ive-en-la-pampa-se-hicieron-unos-400-abortos\/#primaryimage","url":"https:\/\/diariotextual.com\/inicio\/wp-content\/uploads\/2020\/12\/abortolegalcongresotelam2020-5.jpg","contentUrl":"https:\/\/diariotextual.com\/inicio\/wp-content\/uploads\/2020\/12\/abortolegalcongresotelam2020-5.jpg","width":934,"height":600},{"@type":"BreadcrumbList","@id":"https:\/\/diariotextual.com\/inicio\/index.php\/2021\/12\/23\/un-ano-de-la-ive-en-la-pampa-se-hicieron-unos-400-abortos\/#breadcrumb","itemListElement":[{"@type":"ListItem","position":1,"name":"Portada","item":"https:\/\/diariotextual.com\/inicio\/"},{"@type":"ListItem","position":2,"name":"Un a\u00f1o de la IVE: en La Pampa se hicieron unos 400 abortos"}]},{"@type":"WebSite","@id":"https:\/\/diariotextual.com\/inicio\/#website","url":"https:\/\/diariotextual.com\/inicio\/","name":"Diario Textual","description":"","publisher":{"@id":"https:\/\/diariotextual.com\/inicio\/#organization"},"potentialAction":[{"@type":"SearchAction","target":{"@type":"EntryPoint","urlTemplate":"https:\/\/diariotextual.com\/inicio\/?s={search_term_string}"},"query-input":{"@type":"PropertyValueSpecification","valueRequired":true,"valueName":"search_term_string"}}],"inLanguage":"es"},{"@type":"Organization","@id":"https:\/\/diariotextual.com\/inicio\/#organization","name":"Diario Textual","url":"https:\/\/diariotextual.com\/inicio\/","logo":{"@type":"ImageObject","inLanguage":"es","@id":"https:\/\/diariotextual.com\/inicio\/#\/schema\/logo\/image\/","url":"https:\/\/diariotextual.com\/inicio\/wp-content\/uploads\/2023\/05\/logotextual1.jpg","contentUrl":"https:\/\/diariotextual.com\/inicio\/wp-content\/uploads\/2023\/05\/logotextual1.jpg","width":516,"height":76,"caption":"Diario Textual"},"image":{"@id":"https:\/\/diariotextual.com\/inicio\/#\/schema\/logo\/image\/"},"sameAs":["https:\/\/www.facebook.com\/eltextual","https:\/\/x.com\/eltextual","http:\/\/www.instagram.com\/eltextual"]},{"@type":"Person","@id":"https:\/\/diariotextual.com\/inicio\/#\/schema\/person\/418fc4093c33e86ed41562db3508f958","name":"Diario1 Diario1","image":{"@type":"ImageObject","inLanguage":"es","@id":"https:\/\/secure.gravatar.com\/avatar\/9167d280179c85bc18be67aa7eda765854300033af4896dd779b608640f2ef7a?s=96&d=mm&r=g","url":"https:\/\/secure.gravatar.com\/avatar\/9167d280179c85bc18be67aa7eda765854300033af4896dd779b608640f2ef7a?s=96&d=mm&r=g","contentUrl":"https:\/\/secure.gravatar.com\/avatar\/9167d280179c85bc18be67aa7eda765854300033af4896dd779b608640f2ef7a?s=96&d=mm&r=g","caption":"Diario1 Diario1"},"url":"https:\/\/diariotextual.com\/inicio\/index.php\/author\/diario1\/"}]}},"_links":{"self":[{"href":"https:\/\/diariotextual.com\/inicio\/index.php\/wp-json\/wp\/v2\/posts\/174162","targetHints":{"allow":["GET"]}}],"collection":[{"href":"https:\/\/diariotextual.com\/inicio\/index.php\/wp-json\/wp\/v2\/posts"}],"about":[{"href":"https:\/\/diariotextual.com\/inicio\/index.php\/wp-json\/wp\/v2\/types\/post"}],"author":[{"embeddable":true,"href":"https:\/\/diariotextual.com\/inicio\/index.php\/wp-json\/wp\/v2\/users\/3"}],"replies":[{"embeddable":true,"href":"https:\/\/diariotextual.com\/inicio\/index.php\/wp-json\/wp\/v2\/comments?post=174162"}],"version-history":[{"count":1,"href":"https:\/\/diariotextual.com\/inicio\/index.php\/wp-json\/wp\/v2\/posts\/174162\/revisions"}],"predecessor-version":[{"id":174163,"href":"https:\/\/diariotextual.com\/inicio\/index.php\/wp-json\/wp\/v2\/posts\/174162\/revisions\/174163"}],"wp:featuredmedia":[{"embeddable":true,"href":"https:\/\/diariotextual.com\/inicio\/index.php\/wp-json\/wp\/v2\/media\/125284"}],"wp:attachment":[{"href":"https:\/\/diariotextual.com\/inicio\/index.php\/wp-json\/wp\/v2\/media?parent=174162"}],"wp:term":[{"taxonomy":"category","embeddable":true,"href":"https:\/\/diariotextual.com\/inicio\/index.php\/wp-json\/wp\/v2\/categories?post=174162"},{"taxonomy":"post_tag","embeddable":true,"href":"https:\/\/diariotextual.com\/inicio\/index.php\/wp-json\/wp\/v2\/tags?post=174162"}],"curies":[{"name":"wp","href":"https:\/\/api.w.org\/{rel}","templated":true}]}}