{"id":174175,"date":"2021-12-23T11:41:00","date_gmt":"2021-12-23T14:41:00","guid":{"rendered":"https:\/\/diariotextual.com\/inicio\/?p=174175"},"modified":"2021-12-24T08:27:53","modified_gmt":"2021-12-24T11:27:53","slug":"lucifuercistas-piden-ser-parte-de-los-proyectos-de-energia-renovable-en-la-provincia","status":"publish","type":"post","link":"https:\/\/diariotextual.com\/inicio\/index.php\/2021\/12\/23\/lucifuercistas-piden-ser-parte-de-los-proyectos-de-energia-renovable-en-la-provincia\/","title":{"rendered":"Lucifuercistas piden \u201cser parte\u201d de los proyectos de energ\u00eda renovable en la provincia"},"content":{"rendered":"\n<p>El gremio Luz y Fuerza Mercedes reclam\u00f3 que los trabajadores del sector \u201csean parte de los proyectos de energ\u00eda renovable\u201d y que las cooperativas el\u00e9ctricas sean los \u201cmostradores de venta\u201d. Recalc\u00f3 que el aporte que pueden hacer es \u201cinmenso\u201d y asegur\u00f3 que est\u00e1n dispuestos a involucrarse en el tema.<\/p>\n\n\n\n<p>Ignacio Busso, secretario general del sindicato de Luz y Fuerza Mercedes, celebr\u00f3 que Intendente Alvear sea&nbsp;desde hace una semana el primer usuario generador de La Pampa, a partir de la inauguraci\u00f3n y puesta en marcha de la planta solar acu\u00edfero Intendente Alvear \u2013 Ceballos, gestionada por la Cooperativa de Electricidad, Obras y Servicios P\u00fablicos de Intendente Alvear.<\/p>\n\n\n\n<p>Este emprendimiento signific\u00f3 una inversi\u00f3n de parte de la Administraci\u00f3n Provincial del Agua superior a los dos millones de pesos.&nbsp;Busso dijo que para los lucifuercistas estas energ\u00edas limpias que ayudan a reducir la dependencia energ\u00e9tica y contribuyen a su producci\u00f3n de forma mucho m\u00e1s sostenible, sin emitir gases de efecto invernadero, no son una opci\u00f3n, sino el camino que el mundo ya transita,&nbsp; especialmente con el aprovechamiento de la energ\u00eda solar y e\u00f3lica, que &nbsp;ha puesto en marcha una transici\u00f3n energ\u00e9tica global.<\/p>\n\n\n\n<p>\u201cAspiramos a que sea nuestra cooperativa y todas las cooperativas de todas las localidades de la provincia, las que se constituyan en mostradores para la comercializaci\u00f3n de las energ\u00edas renovables y que seamos los trabajadores de las mismas los que llevemos adelante esos proyectos\u201d, dijo Busso.<\/p>\n\n\n\n<p>El dirigente asegur\u00f3 que la Federaci\u00f3n Argentina de Trabajadores de Luz y Fuerza est\u00e1 abocada a la formaci\u00f3n en esa especialidad de sus trabajadores.<\/p>\n\n\n\n<p>\u201cFundaluz XXI viene llevando adelante, desde hace m\u00e1s de dos a\u00f1os,&nbsp;un programa de capacitaci\u00f3n en energ\u00edas renovables que nos permitir\u00e1 a todos los lucifuercistas poder contar con la misma y as\u00ed desarrollar estos trabajos en las diferentes cooperativas que en toda la provincia van a avanzar en proyectos en energ\u00edas renovables, en el marco del R\u00e9gimen Provincial de Fomento a la Generaci\u00f3n Distribuida de Energ\u00eda El\u00e9ctrica, impulsado por el gobierno de La Pampa\u201d, dijo.<\/p>\n","protected":false},"excerpt":{"rendered":"<p>El gremio Luz y Fuerza Mercedes reclam\u00f3 que los trabajadores del sector \u201csean parte de los proyectos de energ\u00eda renovable\u201d y que las cooperativas el\u00e9ctricas sean los \u201cmostradores de venta\u201d.&hellip;<\/p>\n","protected":false},"author":7,"featured_media":174177,"comment_status":"closed","ping_status":"open","sticky":false,"template":"","format":"standard","meta":{"_acf_changed":false,"footnotes":""},"categories":[10,12],"tags":[],"class_list":["post-174175","post","type-post","status-publish","format-standard","has-post-thumbnail","hentry","category-portada-2","category-sociedad"],"acf":[],"yoast_head":"<!-- This site is optimized with the Yoast SEO plugin v27.5 - https:\/\/yoast.com\/product\/yoast-seo-wordpress\/ -->\n<title>Lucifuercistas piden \u201cser parte\u201d de los proyectos de energ\u00eda renovable en la provincia - Diario Textual<\/title>\n<meta name=\"robots\" content=\"index, follow, max-snippet:-1, max-image-preview:large, max-video-preview:-1\" \/>\n<link rel=\"canonical\" href=\"https:\/\/diariotextual.com\/inicio\/index.php\/2021\/12\/23\/lucifuercistas-piden-ser-parte-de-los-proyectos-de-energia-renovable-en-la-provincia\/\" \/>\n<meta property=\"og:locale\" content=\"es_ES\" \/>\n<meta property=\"og:type\" content=\"article\" \/>\n<meta property=\"og:title\" content=\"Lucifuercistas piden \u201cser parte\u201d de los proyectos de energ\u00eda renovable en la provincia - Diario Textual\" \/>\n<meta property=\"og:description\" content=\"El gremio Luz y Fuerza Mercedes reclam\u00f3 que los trabajadores del sector \u201csean parte de los proyectos de energ\u00eda renovable\u201d y que las cooperativas el\u00e9ctricas sean los \u201cmostradores de venta\u201d.&hellip;\" \/>\n<meta property=\"og:url\" content=\"https:\/\/diariotextual.com\/inicio\/index.php\/2021\/12\/23\/lucifuercistas-piden-ser-parte-de-los-proyectos-de-energia-renovable-en-la-provincia\/\" \/>\n<meta property=\"og:site_name\" content=\"Diario Textual\" \/>\n<meta property=\"article:publisher\" content=\"https:\/\/www.facebook.com\/eltextual\" \/>\n<meta property=\"article:published_time\" content=\"2021-12-23T14:41:00+00:00\" \/>\n<meta property=\"article:modified_time\" content=\"2021-12-24T11:27:53+00:00\" \/>\n<meta property=\"og:image\" content=\"https:\/\/diariotextual.com\/inicio\/wp-content\/uploads\/2021\/12\/energiarenovablecoseria.jpg\" \/>\n\t<meta property=\"og:image:width\" content=\"1080\" \/>\n\t<meta property=\"og:image:height\" content=\"810\" \/>\n\t<meta property=\"og:image:type\" content=\"image\/jpeg\" \/>\n<meta name=\"author\" content=\"diario5\" \/>\n<meta name=\"twitter:card\" content=\"summary_large_image\" \/>\n<meta name=\"twitter:creator\" content=\"@eltextual\" \/>\n<meta name=\"twitter:site\" content=\"@eltextual\" \/>\n<meta name=\"twitter:label1\" content=\"Escrito por\" \/>\n\t<meta name=\"twitter:data1\" content=\"diario5\" \/>\n\t<meta name=\"twitter:label2\" content=\"Tiempo de lectura\" \/>\n\t<meta name=\"twitter:data2\" content=\"2 minutos\" \/>\n<script type=\"application\/ld+json\" class=\"yoast-schema-graph\">{\"@context\":\"https:\\\/\\\/schema.org\",\"@graph\":[{\"@type\":\"Article\",\"@id\":\"https:\\\/\\\/diariotextual.com\\\/inicio\\\/index.php\\\/2021\\\/12\\\/23\\\/lucifuercistas-piden-ser-parte-de-los-proyectos-de-energia-renovable-en-la-provincia\\\/#article\",\"isPartOf\":{\"@id\":\"https:\\\/\\\/diariotextual.com\\\/inicio\\\/index.php\\\/2021\\\/12\\\/23\\\/lucifuercistas-piden-ser-parte-de-los-proyectos-de-energia-renovable-en-la-provincia\\\/\"},\"author\":{\"name\":\"diario5\",\"@id\":\"https:\\\/\\\/diariotextual.com\\\/inicio\\\/#\\\/schema\\\/person\\\/c7834961ad8b29b1d9cdbf4571299067\"},\"headline\":\"Lucifuercistas piden \u201cser parte\u201d de los proyectos de energ\u00eda renovable en la provincia\",\"datePublished\":\"2021-12-23T14:41:00+00:00\",\"dateModified\":\"2021-12-24T11:27:53+00:00\",\"mainEntityOfPage\":{\"@id\":\"https:\\\/\\\/diariotextual.com\\\/inicio\\\/index.php\\\/2021\\\/12\\\/23\\\/lucifuercistas-piden-ser-parte-de-los-proyectos-de-energia-renovable-en-la-provincia\\\/\"},\"wordCount\":383,\"publisher\":{\"@id\":\"https:\\\/\\\/diariotextual.com\\\/inicio\\\/#organization\"},\"image\":{\"@id\":\"https:\\\/\\\/diariotextual.com\\\/inicio\\\/index.php\\\/2021\\\/12\\\/23\\\/lucifuercistas-piden-ser-parte-de-los-proyectos-de-energia-renovable-en-la-provincia\\\/#primaryimage\"},\"thumbnailUrl\":\"https:\\\/\\\/diariotextual.com\\\/inicio\\\/wp-content\\\/uploads\\\/2021\\\/12\\\/energiarenovablecoseria.jpg\",\"articleSection\":[\"A - PORTADA2\",\"SOCIEDAD\"],\"inLanguage\":\"es\"},{\"@type\":\"WebPage\",\"@id\":\"https:\\\/\\\/diariotextual.com\\\/inicio\\\/index.php\\\/2021\\\/12\\\/23\\\/lucifuercistas-piden-ser-parte-de-los-proyectos-de-energia-renovable-en-la-provincia\\\/\",\"url\":\"https:\\\/\\\/diariotextual.com\\\/inicio\\\/index.php\\\/2021\\\/12\\\/23\\\/lucifuercistas-piden-ser-parte-de-los-proyectos-de-energia-renovable-en-la-provincia\\\/\",\"name\":\"Lucifuercistas piden \u201cser parte\u201d de los proyectos de energ\u00eda renovable en la provincia - Diario Textual\",\"isPartOf\":{\"@id\":\"https:\\\/\\\/diariotextual.com\\\/inicio\\\/#website\"},\"primaryImageOfPage\":{\"@id\":\"https:\\\/\\\/diariotextual.com\\\/inicio\\\/index.php\\\/2021\\\/12\\\/23\\\/lucifuercistas-piden-ser-parte-de-los-proyectos-de-energia-renovable-en-la-provincia\\\/#primaryimage\"},\"image\":{\"@id\":\"https:\\\/\\\/diariotextual.com\\\/inicio\\\/index.php\\\/2021\\\/12\\\/23\\\/lucifuercistas-piden-ser-parte-de-los-proyectos-de-energia-renovable-en-la-provincia\\\/#primaryimage\"},\"thumbnailUrl\":\"https:\\\/\\\/diariotextual.com\\\/inicio\\\/wp-content\\\/uploads\\\/2021\\\/12\\\/energiarenovablecoseria.jpg\",\"datePublished\":\"2021-12-23T14:41:00+00:00\",\"dateModified\":\"2021-12-24T11:27:53+00:00\",\"breadcrumb\":{\"@id\":\"https:\\\/\\\/diariotextual.com\\\/inicio\\\/index.php\\\/2021\\\/12\\\/23\\\/lucifuercistas-piden-ser-parte-de-los-proyectos-de-energia-renovable-en-la-provincia\\\/#breadcrumb\"},\"inLanguage\":\"es\",\"potentialAction\":[{\"@type\":\"ReadAction\",\"target\":[\"https:\\\/\\\/diariotextual.com\\\/inicio\\\/index.php\\\/2021\\\/12\\\/23\\\/lucifuercistas-piden-ser-parte-de-los-proyectos-de-energia-renovable-en-la-provincia\\\/\"]}]},{\"@type\":\"ImageObject\",\"inLanguage\":\"es\",\"@id\":\"https:\\\/\\\/diariotextual.com\\\/inicio\\\/index.php\\\/2021\\\/12\\\/23\\\/lucifuercistas-piden-ser-parte-de-los-proyectos-de-energia-renovable-en-la-provincia\\\/#primaryimage\",\"url\":\"https:\\\/\\\/diariotextual.com\\\/inicio\\\/wp-content\\\/uploads\\\/2021\\\/12\\\/energiarenovablecoseria.jpg\",\"contentUrl\":\"https:\\\/\\\/diariotextual.com\\\/inicio\\\/wp-content\\\/uploads\\\/2021\\\/12\\\/energiarenovablecoseria.jpg\",\"width\":1080,\"height\":810},{\"@type\":\"BreadcrumbList\",\"@id\":\"https:\\\/\\\/diariotextual.com\\\/inicio\\\/index.php\\\/2021\\\/12\\\/23\\\/lucifuercistas-piden-ser-parte-de-los-proyectos-de-energia-renovable-en-la-provincia\\\/#breadcrumb\",\"itemListElement\":[{\"@type\":\"ListItem\",\"position\":1,\"name\":\"Portada\",\"item\":\"https:\\\/\\\/diariotextual.com\\\/inicio\\\/\"},{\"@type\":\"ListItem\",\"position\":2,\"name\":\"Lucifuercistas piden \u201cser parte\u201d de los proyectos de energ\u00eda renovable en la provincia\"}]},{\"@type\":\"WebSite\",\"@id\":\"https:\\\/\\\/diariotextual.com\\\/inicio\\\/#website\",\"url\":\"https:\\\/\\\/diariotextual.com\\\/inicio\\\/\",\"name\":\"Diario Textual\",\"description\":\"\",\"publisher\":{\"@id\":\"https:\\\/\\\/diariotextual.com\\\/inicio\\\/#organization\"},\"potentialAction\":[{\"@type\":\"SearchAction\",\"target\":{\"@type\":\"EntryPoint\",\"urlTemplate\":\"https:\\\/\\\/diariotextual.com\\\/inicio\\\/?s={search_term_string}\"},\"query-input\":{\"@type\":\"PropertyValueSpecification\",\"valueRequired\":true,\"valueName\":\"search_term_string\"}}],\"inLanguage\":\"es\"},{\"@type\":\"Organization\",\"@id\":\"https:\\\/\\\/diariotextual.com\\\/inicio\\\/#organization\",\"name\":\"Diario Textual\",\"url\":\"https:\\\/\\\/diariotextual.com\\\/inicio\\\/\",\"logo\":{\"@type\":\"ImageObject\",\"inLanguage\":\"es\",\"@id\":\"https:\\\/\\\/diariotextual.com\\\/inicio\\\/#\\\/schema\\\/logo\\\/image\\\/\",\"url\":\"https:\\\/\\\/diariotextual.com\\\/inicio\\\/wp-content\\\/uploads\\\/2023\\\/05\\\/logotextual1.jpg\",\"contentUrl\":\"https:\\\/\\\/diariotextual.com\\\/inicio\\\/wp-content\\\/uploads\\\/2023\\\/05\\\/logotextual1.jpg\",\"width\":516,\"height\":76,\"caption\":\"Diario Textual\"},\"image\":{\"@id\":\"https:\\\/\\\/diariotextual.com\\\/inicio\\\/#\\\/schema\\\/logo\\\/image\\\/\"},\"sameAs\":[\"https:\\\/\\\/www.facebook.com\\\/eltextual\",\"https:\\\/\\\/x.com\\\/eltextual\",\"http:\\\/\\\/www.instagram.com\\\/eltextual\"]},{\"@type\":\"Person\",\"@id\":\"https:\\\/\\\/diariotextual.com\\\/inicio\\\/#\\\/schema\\\/person\\\/c7834961ad8b29b1d9cdbf4571299067\",\"name\":\"diario5\",\"image\":{\"@type\":\"ImageObject\",\"inLanguage\":\"es\",\"@id\":\"https:\\\/\\\/secure.gravatar.com\\\/avatar\\\/948c893b847ca6df68216ead81b63f363408ec9b0f600fefc0641ce78613b111?s=96&d=mm&r=g\",\"url\":\"https:\\\/\\\/secure.gravatar.com\\\/avatar\\\/948c893b847ca6df68216ead81b63f363408ec9b0f600fefc0641ce78613b111?s=96&d=mm&r=g\",\"contentUrl\":\"https:\\\/\\\/secure.gravatar.com\\\/avatar\\\/948c893b847ca6df68216ead81b63f363408ec9b0f600fefc0641ce78613b111?s=96&d=mm&r=g\",\"caption\":\"diario5\"},\"url\":\"https:\\\/\\\/diariotextual.com\\\/inicio\\\/index.php\\\/author\\\/diario5\\\/\"}]}<\/script>\n<!-- \/ Yoast SEO plugin. -->","yoast_head_json":{"title":"Lucifuercistas piden \u201cser parte\u201d de los proyectos de energ\u00eda renovable en la provincia - Diario Textual","robots":{"index":"index","follow":"follow","max-snippet":"max-snippet:-1","max-image-preview":"max-image-preview:large","max-video-preview":"max-video-preview:-1"},"canonical":"https:\/\/diariotextual.com\/inicio\/index.php\/2021\/12\/23\/lucifuercistas-piden-ser-parte-de-los-proyectos-de-energia-renovable-en-la-provincia\/","og_locale":"es_ES","og_type":"article","og_title":"Lucifuercistas piden \u201cser parte\u201d de los proyectos de energ\u00eda renovable en la provincia - Diario Textual","og_description":"El gremio Luz y Fuerza Mercedes reclam\u00f3 que los trabajadores del sector \u201csean parte de los proyectos de energ\u00eda renovable\u201d y que las cooperativas el\u00e9ctricas sean los \u201cmostradores de venta\u201d.&hellip;","og_url":"https:\/\/diariotextual.com\/inicio\/index.php\/2021\/12\/23\/lucifuercistas-piden-ser-parte-de-los-proyectos-de-energia-renovable-en-la-provincia\/","og_site_name":"Diario Textual","article_publisher":"https:\/\/www.facebook.com\/eltextual","article_published_time":"2021-12-23T14:41:00+00:00","article_modified_time":"2021-12-24T11:27:53+00:00","og_image":[{"width":1080,"height":810,"url":"https:\/\/diariotextual.com\/inicio\/wp-content\/uploads\/2021\/12\/energiarenovablecoseria.jpg","type":"image\/jpeg"}],"author":"diario5","twitter_card":"summary_large_image","twitter_creator":"@eltextual","twitter_site":"@eltextual","twitter_misc":{"Escrito por":"diario5","Tiempo de lectura":"2 minutos"},"schema":{"@context":"https:\/\/schema.org","@graph":[{"@type":"Article","@id":"https:\/\/diariotextual.com\/inicio\/index.php\/2021\/12\/23\/lucifuercistas-piden-ser-parte-de-los-proyectos-de-energia-renovable-en-la-provincia\/#article","isPartOf":{"@id":"https:\/\/diariotextual.com\/inicio\/index.php\/2021\/12\/23\/lucifuercistas-piden-ser-parte-de-los-proyectos-de-energia-renovable-en-la-provincia\/"},"author":{"name":"diario5","@id":"https:\/\/diariotextual.com\/inicio\/#\/schema\/person\/c7834961ad8b29b1d9cdbf4571299067"},"headline":"Lucifuercistas piden \u201cser parte\u201d de los proyectos de energ\u00eda renovable en la provincia","datePublished":"2021-12-23T14:41:00+00:00","dateModified":"2021-12-24T11:27:53+00:00","mainEntityOfPage":{"@id":"https:\/\/diariotextual.com\/inicio\/index.php\/2021\/12\/23\/lucifuercistas-piden-ser-parte-de-los-proyectos-de-energia-renovable-en-la-provincia\/"},"wordCount":383,"publisher":{"@id":"https:\/\/diariotextual.com\/inicio\/#organization"},"image":{"@id":"https:\/\/diariotextual.com\/inicio\/index.php\/2021\/12\/23\/lucifuercistas-piden-ser-parte-de-los-proyectos-de-energia-renovable-en-la-provincia\/#primaryimage"},"thumbnailUrl":"https:\/\/diariotextual.com\/inicio\/wp-content\/uploads\/2021\/12\/energiarenovablecoseria.jpg","articleSection":["A - PORTADA2","SOCIEDAD"],"inLanguage":"es"},{"@type":"WebPage","@id":"https:\/\/diariotextual.com\/inicio\/index.php\/2021\/12\/23\/lucifuercistas-piden-ser-parte-de-los-proyectos-de-energia-renovable-en-la-provincia\/","url":"https:\/\/diariotextual.com\/inicio\/index.php\/2021\/12\/23\/lucifuercistas-piden-ser-parte-de-los-proyectos-de-energia-renovable-en-la-provincia\/","name":"Lucifuercistas piden \u201cser parte\u201d de los proyectos de energ\u00eda renovable en la provincia - Diario Textual","isPartOf":{"@id":"https:\/\/diariotextual.com\/inicio\/#website"},"primaryImageOfPage":{"@id":"https:\/\/diariotextual.com\/inicio\/index.php\/2021\/12\/23\/lucifuercistas-piden-ser-parte-de-los-proyectos-de-energia-renovable-en-la-provincia\/#primaryimage"},"image":{"@id":"https:\/\/diariotextual.com\/inicio\/index.php\/2021\/12\/23\/lucifuercistas-piden-ser-parte-de-los-proyectos-de-energia-renovable-en-la-provincia\/#primaryimage"},"thumbnailUrl":"https:\/\/diariotextual.com\/inicio\/wp-content\/uploads\/2021\/12\/energiarenovablecoseria.jpg","datePublished":"2021-12-23T14:41:00+00:00","dateModified":"2021-12-24T11:27:53+00:00","breadcrumb":{"@id":"https:\/\/diariotextual.com\/inicio\/index.php\/2021\/12\/23\/lucifuercistas-piden-ser-parte-de-los-proyectos-de-energia-renovable-en-la-provincia\/#breadcrumb"},"inLanguage":"es","potentialAction":[{"@type":"ReadAction","target":["https:\/\/diariotextual.com\/inicio\/index.php\/2021\/12\/23\/lucifuercistas-piden-ser-parte-de-los-proyectos-de-energia-renovable-en-la-provincia\/"]}]},{"@type":"ImageObject","inLanguage":"es","@id":"https:\/\/diariotextual.com\/inicio\/index.php\/2021\/12\/23\/lucifuercistas-piden-ser-parte-de-los-proyectos-de-energia-renovable-en-la-provincia\/#primaryimage","url":"https:\/\/diariotextual.com\/inicio\/wp-content\/uploads\/2021\/12\/energiarenovablecoseria.jpg","contentUrl":"https:\/\/diariotextual.com\/inicio\/wp-content\/uploads\/2021\/12\/energiarenovablecoseria.jpg","width":1080,"height":810},{"@type":"BreadcrumbList","@id":"https:\/\/diariotextual.com\/inicio\/index.php\/2021\/12\/23\/lucifuercistas-piden-ser-parte-de-los-proyectos-de-energia-renovable-en-la-provincia\/#breadcrumb","itemListElement":[{"@type":"ListItem","position":1,"name":"Portada","item":"https:\/\/diariotextual.com\/inicio\/"},{"@type":"ListItem","position":2,"name":"Lucifuercistas piden \u201cser parte\u201d de los proyectos de energ\u00eda renovable en la provincia"}]},{"@type":"WebSite","@id":"https:\/\/diariotextual.com\/inicio\/#website","url":"https:\/\/diariotextual.com\/inicio\/","name":"Diario Textual","description":"","publisher":{"@id":"https:\/\/diariotextual.com\/inicio\/#organization"},"potentialAction":[{"@type":"SearchAction","target":{"@type":"EntryPoint","urlTemplate":"https:\/\/diariotextual.com\/inicio\/?s={search_term_string}"},"query-input":{"@type":"PropertyValueSpecification","valueRequired":true,"valueName":"search_term_string"}}],"inLanguage":"es"},{"@type":"Organization","@id":"https:\/\/diariotextual.com\/inicio\/#organization","name":"Diario Textual","url":"https:\/\/diariotextual.com\/inicio\/","logo":{"@type":"ImageObject","inLanguage":"es","@id":"https:\/\/diariotextual.com\/inicio\/#\/schema\/logo\/image\/","url":"https:\/\/diariotextual.com\/inicio\/wp-content\/uploads\/2023\/05\/logotextual1.jpg","contentUrl":"https:\/\/diariotextual.com\/inicio\/wp-content\/uploads\/2023\/05\/logotextual1.jpg","width":516,"height":76,"caption":"Diario Textual"},"image":{"@id":"https:\/\/diariotextual.com\/inicio\/#\/schema\/logo\/image\/"},"sameAs":["https:\/\/www.facebook.com\/eltextual","https:\/\/x.com\/eltextual","http:\/\/www.instagram.com\/eltextual"]},{"@type":"Person","@id":"https:\/\/diariotextual.com\/inicio\/#\/schema\/person\/c7834961ad8b29b1d9cdbf4571299067","name":"diario5","image":{"@type":"ImageObject","inLanguage":"es","@id":"https:\/\/secure.gravatar.com\/avatar\/948c893b847ca6df68216ead81b63f363408ec9b0f600fefc0641ce78613b111?s=96&d=mm&r=g","url":"https:\/\/secure.gravatar.com\/avatar\/948c893b847ca6df68216ead81b63f363408ec9b0f600fefc0641ce78613b111?s=96&d=mm&r=g","contentUrl":"https:\/\/secure.gravatar.com\/avatar\/948c893b847ca6df68216ead81b63f363408ec9b0f600fefc0641ce78613b111?s=96&d=mm&r=g","caption":"diario5"},"url":"https:\/\/diariotextual.com\/inicio\/index.php\/author\/diario5\/"}]}},"_links":{"self":[{"href":"https:\/\/diariotextual.com\/inicio\/index.php\/wp-json\/wp\/v2\/posts\/174175","targetHints":{"allow":["GET"]}}],"collection":[{"href":"https:\/\/diariotextual.com\/inicio\/index.php\/wp-json\/wp\/v2\/posts"}],"about":[{"href":"https:\/\/diariotextual.com\/inicio\/index.php\/wp-json\/wp\/v2\/types\/post"}],"author":[{"embeddable":true,"href":"https:\/\/diariotextual.com\/inicio\/index.php\/wp-json\/wp\/v2\/users\/7"}],"replies":[{"embeddable":true,"href":"https:\/\/diariotextual.com\/inicio\/index.php\/wp-json\/wp\/v2\/comments?post=174175"}],"version-history":[{"count":2,"href":"https:\/\/diariotextual.com\/inicio\/index.php\/wp-json\/wp\/v2\/posts\/174175\/revisions"}],"predecessor-version":[{"id":174178,"href":"https:\/\/diariotextual.com\/inicio\/index.php\/wp-json\/wp\/v2\/posts\/174175\/revisions\/174178"}],"wp:featuredmedia":[{"embeddable":true,"href":"https:\/\/diariotextual.com\/inicio\/index.php\/wp-json\/wp\/v2\/media\/174177"}],"wp:attachment":[{"href":"https:\/\/diariotextual.com\/inicio\/index.php\/wp-json\/wp\/v2\/media?parent=174175"}],"wp:term":[{"taxonomy":"category","embeddable":true,"href":"https:\/\/diariotextual.com\/inicio\/index.php\/wp-json\/wp\/v2\/categories?post=174175"},{"taxonomy":"post_tag","embeddable":true,"href":"https:\/\/diariotextual.com\/inicio\/index.php\/wp-json\/wp\/v2\/tags?post=174175"}],"curies":[{"name":"wp","href":"https:\/\/api.w.org\/{rel}","templated":true}]}}