{"id":174214,"date":"2021-12-24T06:53:00","date_gmt":"2021-12-24T09:53:00","guid":{"rendered":"https:\/\/diariotextual.com\/inicio\/?p=174214"},"modified":"2021-12-24T17:37:33","modified_gmt":"2021-12-24T20:37:33","slug":"alberto-fernandez-prorrogo-el-presupuesto-2021","status":"publish","type":"post","link":"https:\/\/diariotextual.com\/inicio\/index.php\/2021\/12\/24\/alberto-fernandez-prorrogo-el-presupuesto-2021\/","title":{"rendered":"Alberto Fern\u00e1ndez prorrog\u00f3 el Presupuesto 2021"},"content":{"rendered":"\n<p>Finalmente, con la firma del Presidente<strong>&nbsp;Alberto Fern\u00e1ndez<\/strong>, el jefe de Gabinete,&nbsp;<strong>Juan Manzur<\/strong>, y el ministro de Econom\u00eda,&nbsp;<strong>Mart\u00edn Guzm\u00e1n<\/strong>,&nbsp;<strong>se prorrog\u00f3 mediante un decreto el Presupuesto 2021<\/strong>&nbsp;luego de la derrota del oficialismo en el Congreso cuando buscaba aprobar el del pr\u00f3ximo a\u00f1o.<\/p>\n\n\n\n<p>\u201cA partir del 1\u00b0 de enero de 2022 -indica el decreto- rigen, en virtud de lo establecido por el art\u00edculo 27 de la Ley de Administraci\u00f3n Financiera y de los Sistemas de Control del Sector P\u00fablico Nacional N\u00b0 24.156 y sus modificatorias, las disposiciones de la Ley N\u00b0 27.591 de Presupuesto General de la Administraci\u00f3n Nacional para el Ejercicio 2021, sus normas modificatorias y complementarias\u201d.<\/p>\n\n\n\n<figure class=\"wp-block-embed is-type-wp-embed is-provider-diario-textual wp-block-embed-diario-textual\"><div class=\"wp-block-embed__wrapper\">\n<blockquote class=\"wp-embedded-content\" data-secret=\"4vw7glrvqk\"><a href=\"https:\/\/diariotextual.com\/inicio\/index.php\/2021\/12\/20\/sin-presupuesto-2022-santa-rosa-pierde-90-millones-pico-54-millones-y-acha-10-millones\/\">Sin Presupuesto 2022: Santa Rosa pierde $90 millones, Pico $54 millones y Acha $10 millones<\/a><\/blockquote><iframe class=\"wp-embedded-content\" sandbox=\"allow-scripts\" security=\"restricted\" style=\"position: absolute; clip: rect(1px, 1px, 1px, 1px);\" title=\"\u00abSin Presupuesto 2022: Santa Rosa pierde $90 millones, Pico $54 millones y Acha $10 millones\u00bb \u2014 Diario Textual\" src=\"https:\/\/diariotextual.com\/inicio\/index.php\/2021\/12\/20\/sin-presupuesto-2022-santa-rosa-pierde-90-millones-pico-54-millones-y-acha-10-millones\/embed\/#?secret=4vw7glrvqk\" data-secret=\"4vw7glrvqk\" width=\"600\" height=\"338\" frameborder=\"0\" marginwidth=\"0\" marginheight=\"0\" scrolling=\"no\"><\/iframe>\n<\/div><\/figure>\n\n\n\n<p>En un segundo art\u00edculo,<strong>&nbsp;el breve decreto \u201cinstruye\u201d a la jefatura de Gabinete de Ministros a \u201cadecuar, oportunamente, el presupuesto que se prorroga\u201d<\/strong>&nbsp;mediante el art\u00edculo anterior con el fin de dar cumplimiento a \u201cla Ley de Administraci\u00f3n Financiera y los Sistemas de Control del Sector P\u00fablico Nacional\u201d.<\/p>\n\n\n\n<p>La ley de Administraci\u00f3n Financiera es la que establece un mecanismo espec\u00edfico para prorrogar la ley de Presupuesto de la Administraci\u00f3n Nacional de un per\u00edodo hacia el siguiente cuando un a\u00f1o comienza sin que el Congreso haya aprobado la \u201cley de leyes\u201d. En esa norma est\u00e1 basado el decreto que el Ejecutivo public\u00f3 hoy en el Bolet\u00edn Oficial.<\/p>\n\n\n\n<p>Luego de la dura derrota parlamentaria, la decisi\u00f3n del Gobierno de no presentar un nuevo proyecto hab\u00eda sido adelantada por el ministro Mart\u00edn Guzm\u00e1n apenas un par de horas despu\u00e9s de conocerse el resultado de la votaci\u00f3n.<\/p>\n\n\n\n<p>En un largo hilo de Twitter en el que responsabiliz\u00f3 con dureza a la oposici\u00f3n por la falta de aprobaci\u00f3n de la ley, el ministro de Econom\u00eda anticip\u00f3 la decisi\u00f3n consumada hoy a trav\u00e9s del decreto.<\/p>\n\n\n\n<p><strong>\u201cEl Presidente har\u00e1 uso de la ley 24.156 para prorrogar el Presupuesto vigente, y administrar los recursos&nbsp;<\/strong>de modo que el 2022 sea otro a\u00f1o de recuperaci\u00f3n, con m\u00e1s capital p\u00fablico, educaci\u00f3n, salud y conocimiento, y que podamos avanzar sobre una senda de progreso duradero\u201d, afirm\u00f3 Guzm\u00e1n.<\/p>\n\n\n\n<p><br>M\u00e1s all\u00e1 de los aspectos pol\u00edticos de la fallida negociaci\u00f3n, el proyecto del oficialismo ten\u00eda para 2022 previsiones de<strong>&nbsp;crecimiento de la econom\u00eda del 4%, una inflaci\u00f3n del 33%, un d\u00e9ficit fiscal del 3,5% del PBI y un d\u00f3lar a $131,10 para diciembre del a\u00f1o pr\u00f3ximo. Todas esos indicadores fueron considerados irrealistas por los legisladores opositores y por muchos analistas econ\u00f3micos.<\/strong><\/p>\n\n\n\n<p>En ese marco, y m\u00e1s all\u00e1 de estas metas, desde Juntos por el Cambio pretend\u00edan realizar modificaciones, entre ellas la revisi\u00f3n de los aquellos art\u00edculos que le permitir\u00edan al Gobierno prorrogar impuestos y retenciones, puntos clave en los cuales&nbsp;<strong>el oficialismo no estuvo dispuesto a ceder<\/strong>.<\/p>\n\n\n\n<p><\/p>\n","protected":false},"excerpt":{"rendered":"<p>Finalmente, con la firma del Presidente&nbsp;Alberto Fern\u00e1ndez, el jefe de Gabinete,&nbsp;Juan Manzur, y el ministro de Econom\u00eda,&nbsp;Mart\u00edn Guzm\u00e1n,&nbsp;se prorrog\u00f3 mediante un decreto el Presupuesto 2021&nbsp;luego de la derrota del oficialismo&hellip;<\/p>\n","protected":false},"author":3,"featured_media":168075,"comment_status":"closed","ping_status":"open","sticky":false,"template":"","format":"standard","meta":{"_acf_changed":false,"footnotes":""},"categories":[4,8],"tags":[],"class_list":["post-174214","post","type-post","status-publish","format-standard","has-post-thumbnail","hentry","category-destacadas","category-politica"],"acf":[],"yoast_head":"<!-- This site is optimized with the Yoast SEO plugin v27.5 - https:\/\/yoast.com\/product\/yoast-seo-wordpress\/ -->\n<title>Alberto Fern\u00e1ndez prorrog\u00f3 el Presupuesto 2021 - Diario Textual<\/title>\n<meta name=\"robots\" content=\"index, follow, max-snippet:-1, max-image-preview:large, max-video-preview:-1\" \/>\n<link rel=\"canonical\" href=\"https:\/\/diariotextual.com\/inicio\/index.php\/2021\/12\/24\/alberto-fernandez-prorrogo-el-presupuesto-2021\/\" \/>\n<meta property=\"og:locale\" content=\"es_ES\" \/>\n<meta property=\"og:type\" content=\"article\" \/>\n<meta property=\"og:title\" content=\"Alberto Fern\u00e1ndez prorrog\u00f3 el Presupuesto 2021 - Diario Textual\" \/>\n<meta property=\"og:description\" content=\"Finalmente, con la firma del Presidente&nbsp;Alberto Fern\u00e1ndez, el jefe de Gabinete,&nbsp;Juan Manzur, y el ministro de Econom\u00eda,&nbsp;Mart\u00edn Guzm\u00e1n,&nbsp;se prorrog\u00f3 mediante un decreto el Presupuesto 2021&nbsp;luego de la derrota del oficialismo&hellip;\" \/>\n<meta property=\"og:url\" content=\"https:\/\/diariotextual.com\/inicio\/index.php\/2021\/12\/24\/alberto-fernandez-prorrogo-el-presupuesto-2021\/\" \/>\n<meta property=\"og:site_name\" content=\"Diario Textual\" \/>\n<meta property=\"article:publisher\" content=\"https:\/\/www.facebook.com\/eltextual\" \/>\n<meta property=\"article:published_time\" content=\"2021-12-24T09:53:00+00:00\" \/>\n<meta property=\"article:modified_time\" content=\"2021-12-24T20:37:33+00:00\" \/>\n<meta property=\"og:image\" content=\"https:\/\/diariotextual.com\/inicio\/wp-content\/uploads\/2021\/11\/fernandezalbertotelam2021-2004.jpg\" \/>\n\t<meta property=\"og:image:width\" content=\"914\" \/>\n\t<meta property=\"og:image:height\" content=\"587\" \/>\n\t<meta property=\"og:image:type\" content=\"image\/jpeg\" \/>\n<meta name=\"author\" content=\"Diario1 Diario1\" \/>\n<meta name=\"twitter:card\" content=\"summary_large_image\" \/>\n<meta name=\"twitter:creator\" content=\"@eltextual\" \/>\n<meta name=\"twitter:site\" content=\"@eltextual\" \/>\n<meta name=\"twitter:label1\" content=\"Escrito por\" \/>\n\t<meta name=\"twitter:data1\" content=\"Diario1 Diario1\" \/>\n\t<meta name=\"twitter:label2\" content=\"Tiempo de lectura\" \/>\n\t<meta name=\"twitter:data2\" content=\"2 minutos\" \/>\n<script type=\"application\/ld+json\" class=\"yoast-schema-graph\">{\"@context\":\"https:\\\/\\\/schema.org\",\"@graph\":[{\"@type\":\"Article\",\"@id\":\"https:\\\/\\\/diariotextual.com\\\/inicio\\\/index.php\\\/2021\\\/12\\\/24\\\/alberto-fernandez-prorrogo-el-presupuesto-2021\\\/#article\",\"isPartOf\":{\"@id\":\"https:\\\/\\\/diariotextual.com\\\/inicio\\\/index.php\\\/2021\\\/12\\\/24\\\/alberto-fernandez-prorrogo-el-presupuesto-2021\\\/\"},\"author\":{\"name\":\"Diario1 Diario1\",\"@id\":\"https:\\\/\\\/diariotextual.com\\\/inicio\\\/#\\\/schema\\\/person\\\/418fc4093c33e86ed41562db3508f958\"},\"headline\":\"Alberto Fern\u00e1ndez prorrog\u00f3 el Presupuesto 2021\",\"datePublished\":\"2021-12-24T09:53:00+00:00\",\"dateModified\":\"2021-12-24T20:37:33+00:00\",\"mainEntityOfPage\":{\"@id\":\"https:\\\/\\\/diariotextual.com\\\/inicio\\\/index.php\\\/2021\\\/12\\\/24\\\/alberto-fernandez-prorrogo-el-presupuesto-2021\\\/\"},\"wordCount\":509,\"publisher\":{\"@id\":\"https:\\\/\\\/diariotextual.com\\\/inicio\\\/#organization\"},\"image\":{\"@id\":\"https:\\\/\\\/diariotextual.com\\\/inicio\\\/index.php\\\/2021\\\/12\\\/24\\\/alberto-fernandez-prorrogo-el-presupuesto-2021\\\/#primaryimage\"},\"thumbnailUrl\":\"https:\\\/\\\/diariotextual.com\\\/inicio\\\/wp-content\\\/uploads\\\/2021\\\/11\\\/fernandezalbertotelam2021-2004.jpg\",\"articleSection\":[\"A - DESTACADAS (mod 16)\",\"POLITICA\"],\"inLanguage\":\"es\"},{\"@type\":\"WebPage\",\"@id\":\"https:\\\/\\\/diariotextual.com\\\/inicio\\\/index.php\\\/2021\\\/12\\\/24\\\/alberto-fernandez-prorrogo-el-presupuesto-2021\\\/\",\"url\":\"https:\\\/\\\/diariotextual.com\\\/inicio\\\/index.php\\\/2021\\\/12\\\/24\\\/alberto-fernandez-prorrogo-el-presupuesto-2021\\\/\",\"name\":\"Alberto Fern\u00e1ndez prorrog\u00f3 el Presupuesto 2021 - Diario Textual\",\"isPartOf\":{\"@id\":\"https:\\\/\\\/diariotextual.com\\\/inicio\\\/#website\"},\"primaryImageOfPage\":{\"@id\":\"https:\\\/\\\/diariotextual.com\\\/inicio\\\/index.php\\\/2021\\\/12\\\/24\\\/alberto-fernandez-prorrogo-el-presupuesto-2021\\\/#primaryimage\"},\"image\":{\"@id\":\"https:\\\/\\\/diariotextual.com\\\/inicio\\\/index.php\\\/2021\\\/12\\\/24\\\/alberto-fernandez-prorrogo-el-presupuesto-2021\\\/#primaryimage\"},\"thumbnailUrl\":\"https:\\\/\\\/diariotextual.com\\\/inicio\\\/wp-content\\\/uploads\\\/2021\\\/11\\\/fernandezalbertotelam2021-2004.jpg\",\"datePublished\":\"2021-12-24T09:53:00+00:00\",\"dateModified\":\"2021-12-24T20:37:33+00:00\",\"breadcrumb\":{\"@id\":\"https:\\\/\\\/diariotextual.com\\\/inicio\\\/index.php\\\/2021\\\/12\\\/24\\\/alberto-fernandez-prorrogo-el-presupuesto-2021\\\/#breadcrumb\"},\"inLanguage\":\"es\",\"potentialAction\":[{\"@type\":\"ReadAction\",\"target\":[\"https:\\\/\\\/diariotextual.com\\\/inicio\\\/index.php\\\/2021\\\/12\\\/24\\\/alberto-fernandez-prorrogo-el-presupuesto-2021\\\/\"]}]},{\"@type\":\"ImageObject\",\"inLanguage\":\"es\",\"@id\":\"https:\\\/\\\/diariotextual.com\\\/inicio\\\/index.php\\\/2021\\\/12\\\/24\\\/alberto-fernandez-prorrogo-el-presupuesto-2021\\\/#primaryimage\",\"url\":\"https:\\\/\\\/diariotextual.com\\\/inicio\\\/wp-content\\\/uploads\\\/2021\\\/11\\\/fernandezalbertotelam2021-2004.jpg\",\"contentUrl\":\"https:\\\/\\\/diariotextual.com\\\/inicio\\\/wp-content\\\/uploads\\\/2021\\\/11\\\/fernandezalbertotelam2021-2004.jpg\",\"width\":914,\"height\":587},{\"@type\":\"BreadcrumbList\",\"@id\":\"https:\\\/\\\/diariotextual.com\\\/inicio\\\/index.php\\\/2021\\\/12\\\/24\\\/alberto-fernandez-prorrogo-el-presupuesto-2021\\\/#breadcrumb\",\"itemListElement\":[{\"@type\":\"ListItem\",\"position\":1,\"name\":\"Portada\",\"item\":\"https:\\\/\\\/diariotextual.com\\\/inicio\\\/\"},{\"@type\":\"ListItem\",\"position\":2,\"name\":\"Alberto Fern\u00e1ndez prorrog\u00f3 el Presupuesto 2021\"}]},{\"@type\":\"WebSite\",\"@id\":\"https:\\\/\\\/diariotextual.com\\\/inicio\\\/#website\",\"url\":\"https:\\\/\\\/diariotextual.com\\\/inicio\\\/\",\"name\":\"Diario Textual\",\"description\":\"\",\"publisher\":{\"@id\":\"https:\\\/\\\/diariotextual.com\\\/inicio\\\/#organization\"},\"potentialAction\":[{\"@type\":\"SearchAction\",\"target\":{\"@type\":\"EntryPoint\",\"urlTemplate\":\"https:\\\/\\\/diariotextual.com\\\/inicio\\\/?s={search_term_string}\"},\"query-input\":{\"@type\":\"PropertyValueSpecification\",\"valueRequired\":true,\"valueName\":\"search_term_string\"}}],\"inLanguage\":\"es\"},{\"@type\":\"Organization\",\"@id\":\"https:\\\/\\\/diariotextual.com\\\/inicio\\\/#organization\",\"name\":\"Diario Textual\",\"url\":\"https:\\\/\\\/diariotextual.com\\\/inicio\\\/\",\"logo\":{\"@type\":\"ImageObject\",\"inLanguage\":\"es\",\"@id\":\"https:\\\/\\\/diariotextual.com\\\/inicio\\\/#\\\/schema\\\/logo\\\/image\\\/\",\"url\":\"https:\\\/\\\/diariotextual.com\\\/inicio\\\/wp-content\\\/uploads\\\/2023\\\/05\\\/logotextual1.jpg\",\"contentUrl\":\"https:\\\/\\\/diariotextual.com\\\/inicio\\\/wp-content\\\/uploads\\\/2023\\\/05\\\/logotextual1.jpg\",\"width\":516,\"height\":76,\"caption\":\"Diario Textual\"},\"image\":{\"@id\":\"https:\\\/\\\/diariotextual.com\\\/inicio\\\/#\\\/schema\\\/logo\\\/image\\\/\"},\"sameAs\":[\"https:\\\/\\\/www.facebook.com\\\/eltextual\",\"https:\\\/\\\/x.com\\\/eltextual\",\"http:\\\/\\\/www.instagram.com\\\/eltextual\"]},{\"@type\":\"Person\",\"@id\":\"https:\\\/\\\/diariotextual.com\\\/inicio\\\/#\\\/schema\\\/person\\\/418fc4093c33e86ed41562db3508f958\",\"name\":\"Diario1 Diario1\",\"image\":{\"@type\":\"ImageObject\",\"inLanguage\":\"es\",\"@id\":\"https:\\\/\\\/secure.gravatar.com\\\/avatar\\\/9167d280179c85bc18be67aa7eda765854300033af4896dd779b608640f2ef7a?s=96&d=mm&r=g\",\"url\":\"https:\\\/\\\/secure.gravatar.com\\\/avatar\\\/9167d280179c85bc18be67aa7eda765854300033af4896dd779b608640f2ef7a?s=96&d=mm&r=g\",\"contentUrl\":\"https:\\\/\\\/secure.gravatar.com\\\/avatar\\\/9167d280179c85bc18be67aa7eda765854300033af4896dd779b608640f2ef7a?s=96&d=mm&r=g\",\"caption\":\"Diario1 Diario1\"},\"url\":\"https:\\\/\\\/diariotextual.com\\\/inicio\\\/index.php\\\/author\\\/diario1\\\/\"}]}<\/script>\n<!-- \/ Yoast SEO plugin. -->","yoast_head_json":{"title":"Alberto Fern\u00e1ndez prorrog\u00f3 el Presupuesto 2021 - Diario Textual","robots":{"index":"index","follow":"follow","max-snippet":"max-snippet:-1","max-image-preview":"max-image-preview:large","max-video-preview":"max-video-preview:-1"},"canonical":"https:\/\/diariotextual.com\/inicio\/index.php\/2021\/12\/24\/alberto-fernandez-prorrogo-el-presupuesto-2021\/","og_locale":"es_ES","og_type":"article","og_title":"Alberto Fern\u00e1ndez prorrog\u00f3 el Presupuesto 2021 - Diario Textual","og_description":"Finalmente, con la firma del Presidente&nbsp;Alberto Fern\u00e1ndez, el jefe de Gabinete,&nbsp;Juan Manzur, y el ministro de Econom\u00eda,&nbsp;Mart\u00edn Guzm\u00e1n,&nbsp;se prorrog\u00f3 mediante un decreto el Presupuesto 2021&nbsp;luego de la derrota del oficialismo&hellip;","og_url":"https:\/\/diariotextual.com\/inicio\/index.php\/2021\/12\/24\/alberto-fernandez-prorrogo-el-presupuesto-2021\/","og_site_name":"Diario Textual","article_publisher":"https:\/\/www.facebook.com\/eltextual","article_published_time":"2021-12-24T09:53:00+00:00","article_modified_time":"2021-12-24T20:37:33+00:00","og_image":[{"width":914,"height":587,"url":"https:\/\/diariotextual.com\/inicio\/wp-content\/uploads\/2021\/11\/fernandezalbertotelam2021-2004.jpg","type":"image\/jpeg"}],"author":"Diario1 Diario1","twitter_card":"summary_large_image","twitter_creator":"@eltextual","twitter_site":"@eltextual","twitter_misc":{"Escrito por":"Diario1 Diario1","Tiempo de lectura":"2 minutos"},"schema":{"@context":"https:\/\/schema.org","@graph":[{"@type":"Article","@id":"https:\/\/diariotextual.com\/inicio\/index.php\/2021\/12\/24\/alberto-fernandez-prorrogo-el-presupuesto-2021\/#article","isPartOf":{"@id":"https:\/\/diariotextual.com\/inicio\/index.php\/2021\/12\/24\/alberto-fernandez-prorrogo-el-presupuesto-2021\/"},"author":{"name":"Diario1 Diario1","@id":"https:\/\/diariotextual.com\/inicio\/#\/schema\/person\/418fc4093c33e86ed41562db3508f958"},"headline":"Alberto Fern\u00e1ndez prorrog\u00f3 el Presupuesto 2021","datePublished":"2021-12-24T09:53:00+00:00","dateModified":"2021-12-24T20:37:33+00:00","mainEntityOfPage":{"@id":"https:\/\/diariotextual.com\/inicio\/index.php\/2021\/12\/24\/alberto-fernandez-prorrogo-el-presupuesto-2021\/"},"wordCount":509,"publisher":{"@id":"https:\/\/diariotextual.com\/inicio\/#organization"},"image":{"@id":"https:\/\/diariotextual.com\/inicio\/index.php\/2021\/12\/24\/alberto-fernandez-prorrogo-el-presupuesto-2021\/#primaryimage"},"thumbnailUrl":"https:\/\/diariotextual.com\/inicio\/wp-content\/uploads\/2021\/11\/fernandezalbertotelam2021-2004.jpg","articleSection":["A - DESTACADAS (mod 16)","POLITICA"],"inLanguage":"es"},{"@type":"WebPage","@id":"https:\/\/diariotextual.com\/inicio\/index.php\/2021\/12\/24\/alberto-fernandez-prorrogo-el-presupuesto-2021\/","url":"https:\/\/diariotextual.com\/inicio\/index.php\/2021\/12\/24\/alberto-fernandez-prorrogo-el-presupuesto-2021\/","name":"Alberto Fern\u00e1ndez prorrog\u00f3 el Presupuesto 2021 - Diario Textual","isPartOf":{"@id":"https:\/\/diariotextual.com\/inicio\/#website"},"primaryImageOfPage":{"@id":"https:\/\/diariotextual.com\/inicio\/index.php\/2021\/12\/24\/alberto-fernandez-prorrogo-el-presupuesto-2021\/#primaryimage"},"image":{"@id":"https:\/\/diariotextual.com\/inicio\/index.php\/2021\/12\/24\/alberto-fernandez-prorrogo-el-presupuesto-2021\/#primaryimage"},"thumbnailUrl":"https:\/\/diariotextual.com\/inicio\/wp-content\/uploads\/2021\/11\/fernandezalbertotelam2021-2004.jpg","datePublished":"2021-12-24T09:53:00+00:00","dateModified":"2021-12-24T20:37:33+00:00","breadcrumb":{"@id":"https:\/\/diariotextual.com\/inicio\/index.php\/2021\/12\/24\/alberto-fernandez-prorrogo-el-presupuesto-2021\/#breadcrumb"},"inLanguage":"es","potentialAction":[{"@type":"ReadAction","target":["https:\/\/diariotextual.com\/inicio\/index.php\/2021\/12\/24\/alberto-fernandez-prorrogo-el-presupuesto-2021\/"]}]},{"@type":"ImageObject","inLanguage":"es","@id":"https:\/\/diariotextual.com\/inicio\/index.php\/2021\/12\/24\/alberto-fernandez-prorrogo-el-presupuesto-2021\/#primaryimage","url":"https:\/\/diariotextual.com\/inicio\/wp-content\/uploads\/2021\/11\/fernandezalbertotelam2021-2004.jpg","contentUrl":"https:\/\/diariotextual.com\/inicio\/wp-content\/uploads\/2021\/11\/fernandezalbertotelam2021-2004.jpg","width":914,"height":587},{"@type":"BreadcrumbList","@id":"https:\/\/diariotextual.com\/inicio\/index.php\/2021\/12\/24\/alberto-fernandez-prorrogo-el-presupuesto-2021\/#breadcrumb","itemListElement":[{"@type":"ListItem","position":1,"name":"Portada","item":"https:\/\/diariotextual.com\/inicio\/"},{"@type":"ListItem","position":2,"name":"Alberto Fern\u00e1ndez prorrog\u00f3 el Presupuesto 2021"}]},{"@type":"WebSite","@id":"https:\/\/diariotextual.com\/inicio\/#website","url":"https:\/\/diariotextual.com\/inicio\/","name":"Diario Textual","description":"","publisher":{"@id":"https:\/\/diariotextual.com\/inicio\/#organization"},"potentialAction":[{"@type":"SearchAction","target":{"@type":"EntryPoint","urlTemplate":"https:\/\/diariotextual.com\/inicio\/?s={search_term_string}"},"query-input":{"@type":"PropertyValueSpecification","valueRequired":true,"valueName":"search_term_string"}}],"inLanguage":"es"},{"@type":"Organization","@id":"https:\/\/diariotextual.com\/inicio\/#organization","name":"Diario Textual","url":"https:\/\/diariotextual.com\/inicio\/","logo":{"@type":"ImageObject","inLanguage":"es","@id":"https:\/\/diariotextual.com\/inicio\/#\/schema\/logo\/image\/","url":"https:\/\/diariotextual.com\/inicio\/wp-content\/uploads\/2023\/05\/logotextual1.jpg","contentUrl":"https:\/\/diariotextual.com\/inicio\/wp-content\/uploads\/2023\/05\/logotextual1.jpg","width":516,"height":76,"caption":"Diario Textual"},"image":{"@id":"https:\/\/diariotextual.com\/inicio\/#\/schema\/logo\/image\/"},"sameAs":["https:\/\/www.facebook.com\/eltextual","https:\/\/x.com\/eltextual","http:\/\/www.instagram.com\/eltextual"]},{"@type":"Person","@id":"https:\/\/diariotextual.com\/inicio\/#\/schema\/person\/418fc4093c33e86ed41562db3508f958","name":"Diario1 Diario1","image":{"@type":"ImageObject","inLanguage":"es","@id":"https:\/\/secure.gravatar.com\/avatar\/9167d280179c85bc18be67aa7eda765854300033af4896dd779b608640f2ef7a?s=96&d=mm&r=g","url":"https:\/\/secure.gravatar.com\/avatar\/9167d280179c85bc18be67aa7eda765854300033af4896dd779b608640f2ef7a?s=96&d=mm&r=g","contentUrl":"https:\/\/secure.gravatar.com\/avatar\/9167d280179c85bc18be67aa7eda765854300033af4896dd779b608640f2ef7a?s=96&d=mm&r=g","caption":"Diario1 Diario1"},"url":"https:\/\/diariotextual.com\/inicio\/index.php\/author\/diario1\/"}]}},"_links":{"self":[{"href":"https:\/\/diariotextual.com\/inicio\/index.php\/wp-json\/wp\/v2\/posts\/174214","targetHints":{"allow":["GET"]}}],"collection":[{"href":"https:\/\/diariotextual.com\/inicio\/index.php\/wp-json\/wp\/v2\/posts"}],"about":[{"href":"https:\/\/diariotextual.com\/inicio\/index.php\/wp-json\/wp\/v2\/types\/post"}],"author":[{"embeddable":true,"href":"https:\/\/diariotextual.com\/inicio\/index.php\/wp-json\/wp\/v2\/users\/3"}],"replies":[{"embeddable":true,"href":"https:\/\/diariotextual.com\/inicio\/index.php\/wp-json\/wp\/v2\/comments?post=174214"}],"version-history":[{"count":6,"href":"https:\/\/diariotextual.com\/inicio\/index.php\/wp-json\/wp\/v2\/posts\/174214\/revisions"}],"predecessor-version":[{"id":174224,"href":"https:\/\/diariotextual.com\/inicio\/index.php\/wp-json\/wp\/v2\/posts\/174214\/revisions\/174224"}],"wp:featuredmedia":[{"embeddable":true,"href":"https:\/\/diariotextual.com\/inicio\/index.php\/wp-json\/wp\/v2\/media\/168075"}],"wp:attachment":[{"href":"https:\/\/diariotextual.com\/inicio\/index.php\/wp-json\/wp\/v2\/media?parent=174214"}],"wp:term":[{"taxonomy":"category","embeddable":true,"href":"https:\/\/diariotextual.com\/inicio\/index.php\/wp-json\/wp\/v2\/categories?post=174214"},{"taxonomy":"post_tag","embeddable":true,"href":"https:\/\/diariotextual.com\/inicio\/index.php\/wp-json\/wp\/v2\/tags?post=174214"}],"curies":[{"name":"wp","href":"https:\/\/api.w.org\/{rel}","templated":true}]}}