{"id":174225,"date":"2021-12-24T07:06:46","date_gmt":"2021-12-24T10:06:46","guid":{"rendered":"https:\/\/diariotextual.com\/inicio\/?p=174225"},"modified":"2021-12-24T08:14:42","modified_gmt":"2021-12-24T11:14:42","slug":"plan-mi-casa-ocho-familias-de-quemu-quemu-recibieron-sus-viviendas","status":"publish","type":"post","link":"https:\/\/diariotextual.com\/inicio\/index.php\/2021\/12\/24\/plan-mi-casa-ocho-familias-de-quemu-quemu-recibieron-sus-viviendas\/","title":{"rendered":"Plan \u201cMi casa\u201d: ocho familias de Quem\u00fa Quem\u00fa recibieron sus viviendas"},"content":{"rendered":"\n<p>Ocho familias de Quem\u00fa Quem\u00fa recibieron nuevas viviendas construidas a trav\u00e9s del plan Mi Casa, ideado desde el Gobierno provincial y que es ejecutado por los distintos municipios y comisiones de fomento.<br><\/p>\n\n\n\n<p>Hasta esa localidad llegaron autoridades provinciales para hacer efectiva la entrega de las llaves a las familias adjudicatarias. Participaron del acto, el presidente del Instituto Provincial de la Vivienda (IPAV), Jorge Lezcano; el ministro de Gobierno, Justica y Derechos Humanos, Ariel Rauschenberger; el secretario de Asuntos Municipales, Rogelio Schanton; y el diputado Rodolfo Calvo. El anfitri\u00f3n fue el el intendente de la localidad, Alfredo Fern\u00e1ndez.<\/p>\n\n\n\n<p><br>De parte del Gobierno provincial, habl\u00f3 a los presentes el ministro Ariel Rauschenberger. \u201cHoy entregamos viviendas, les agradecemos que nos hayan permitido participar de lo que dec\u00eda la adjudicataria de cumplir con la casa propia\u00bb, dijo. \u00abHay un Estado provincial que a trav\u00e9s de los gobiernos justicialistas hizo de la construcci\u00f3n de viviendas una pol\u00edtica de Estado. Entendemos que la vivienda dignifica, genera trabajo y ayuda a consolidar la familia. Esto requiere de un esfuerzo econ\u00f3mico que hace el Gobierno provincial, pero cuenta con el acompa\u00f1amiento de todas las personas que viven en La Pampa que aportan con sus impuestos\u00bb.<br><\/p>\n\n\n\n<p>\u201cPero -afirm\u00f3 el ministro- para poder tomar decisiones tiene que haber presupuestos en todos los \u00f3rdenes: nacional, provincial y municipal. Estamos viviendo una situaci\u00f3n que no se entiende,\u00a0 donde hay un sector de la oposici\u00f3n que le pone trabas no solo al Gobierno nacional y al provincial sino a la gente porque no tener un Presupuesto afecta las obras y que hoy quedan en suspenso. Pero los pampeanos y pampeanas eligieron a nuestro Gobernador para que gobierne y vamos a seguir trabajando acompa\u00f1ados con todos los actores y sumando herramientas para cumplir con los objetivos para los que nos comprometimos\u201d.<br><br>El intendente Alfredo Fern\u00e1ndez destac\u00f3 \u00abel valor y el esfuerzo\u00bb de construir viviendas. \u00abCon estas casas -a\u00f1adi\u00f3- le estamos mejorando la calidad de vida a estas ocho familias. Hemos construido 28 unidades, aunque sabemos que falta y por eso tenemos la responsabilidad y la convicci\u00f3n para trabajar en darles soluciones\u00bb, dijo.<br><\/p>\n\n\n\n<p>\u00abYa tenemos los terrenos para seguir construyendo viviendas\u00bb, dijo. \u00abEstamos comprometidos y convencidos de la gesti\u00f3n que estamos llevando adelante y siempre con el apoyo de los gobiernos provincial y nacional\u00bb.<br><\/p>\n\n\n\n<p>\u201cEl Plan Mi Casa nos abri\u00f3 una puerta cuando otras estaban cerradas y poder as\u00ed una cadena para poder estar cerca le cubrir el d\u00e9ficit habitacional. Disfruten de sus casas y pasen unas felices fiestas\u00bb, culmin\u00f3.<br><\/p>\n","protected":false},"excerpt":{"rendered":"<p>Ocho familias de Quem\u00fa Quem\u00fa recibieron nuevas viviendas construidas a trav\u00e9s del plan Mi Casa, ideado desde el Gobierno provincial y que es ejecutado por los distintos municipios y comisiones&hellip;<\/p>\n","protected":false},"author":3,"featured_media":174227,"comment_status":"closed","ping_status":"open","sticky":false,"template":"","format":"standard","meta":{"_acf_changed":false,"footnotes":""},"categories":[10,12],"tags":[],"class_list":["post-174225","post","type-post","status-publish","format-standard","has-post-thumbnail","hentry","category-portada-2","category-sociedad"],"acf":[],"yoast_head":"<!-- This site is optimized with the Yoast SEO plugin v27.5 - https:\/\/yoast.com\/product\/yoast-seo-wordpress\/ -->\n<title>Plan \u201cMi casa\u201d: ocho familias de Quem\u00fa Quem\u00fa recibieron sus viviendas - Diario Textual<\/title>\n<meta name=\"robots\" content=\"index, follow, max-snippet:-1, max-image-preview:large, max-video-preview:-1\" \/>\n<link rel=\"canonical\" href=\"https:\/\/diariotextual.com\/inicio\/index.php\/2021\/12\/24\/plan-mi-casa-ocho-familias-de-quemu-quemu-recibieron-sus-viviendas\/\" \/>\n<meta property=\"og:locale\" content=\"es_ES\" \/>\n<meta property=\"og:type\" content=\"article\" \/>\n<meta property=\"og:title\" content=\"Plan \u201cMi casa\u201d: ocho familias de Quem\u00fa Quem\u00fa recibieron sus viviendas - Diario Textual\" \/>\n<meta property=\"og:description\" content=\"Ocho familias de Quem\u00fa Quem\u00fa recibieron nuevas viviendas construidas a trav\u00e9s del plan Mi Casa, ideado desde el Gobierno provincial y que es ejecutado por los distintos municipios y comisiones&hellip;\" \/>\n<meta property=\"og:url\" content=\"https:\/\/diariotextual.com\/inicio\/index.php\/2021\/12\/24\/plan-mi-casa-ocho-familias-de-quemu-quemu-recibieron-sus-viviendas\/\" \/>\n<meta property=\"og:site_name\" content=\"Diario Textual\" \/>\n<meta property=\"article:publisher\" content=\"https:\/\/www.facebook.com\/eltextual\" \/>\n<meta property=\"article:published_time\" content=\"2021-12-24T10:06:46+00:00\" \/>\n<meta property=\"article:modified_time\" content=\"2021-12-24T11:14:42+00:00\" \/>\n<meta property=\"og:image\" content=\"https:\/\/diariotextual.com\/inicio\/wp-content\/uploads\/2021\/12\/casaplanmicasaquemu2021-1.jpg\" \/>\n\t<meta property=\"og:image:width\" content=\"952\" \/>\n\t<meta property=\"og:image:height\" content=\"616\" \/>\n\t<meta property=\"og:image:type\" content=\"image\/jpeg\" \/>\n<meta name=\"author\" content=\"Diario1 Diario1\" \/>\n<meta name=\"twitter:card\" content=\"summary_large_image\" \/>\n<meta name=\"twitter:creator\" content=\"@eltextual\" \/>\n<meta name=\"twitter:site\" content=\"@eltextual\" \/>\n<meta name=\"twitter:label1\" content=\"Escrito por\" \/>\n\t<meta name=\"twitter:data1\" content=\"Diario1 Diario1\" \/>\n\t<meta name=\"twitter:label2\" content=\"Tiempo de lectura\" \/>\n\t<meta name=\"twitter:data2\" content=\"2 minutos\" \/>\n<script type=\"application\/ld+json\" class=\"yoast-schema-graph\">{\"@context\":\"https:\\\/\\\/schema.org\",\"@graph\":[{\"@type\":\"Article\",\"@id\":\"https:\\\/\\\/diariotextual.com\\\/inicio\\\/index.php\\\/2021\\\/12\\\/24\\\/plan-mi-casa-ocho-familias-de-quemu-quemu-recibieron-sus-viviendas\\\/#article\",\"isPartOf\":{\"@id\":\"https:\\\/\\\/diariotextual.com\\\/inicio\\\/index.php\\\/2021\\\/12\\\/24\\\/plan-mi-casa-ocho-familias-de-quemu-quemu-recibieron-sus-viviendas\\\/\"},\"author\":{\"name\":\"Diario1 Diario1\",\"@id\":\"https:\\\/\\\/diariotextual.com\\\/inicio\\\/#\\\/schema\\\/person\\\/418fc4093c33e86ed41562db3508f958\"},\"headline\":\"Plan \u201cMi casa\u201d: ocho familias de Quem\u00fa Quem\u00fa recibieron sus viviendas\",\"datePublished\":\"2021-12-24T10:06:46+00:00\",\"dateModified\":\"2021-12-24T11:14:42+00:00\",\"mainEntityOfPage\":{\"@id\":\"https:\\\/\\\/diariotextual.com\\\/inicio\\\/index.php\\\/2021\\\/12\\\/24\\\/plan-mi-casa-ocho-familias-de-quemu-quemu-recibieron-sus-viviendas\\\/\"},\"wordCount\":443,\"publisher\":{\"@id\":\"https:\\\/\\\/diariotextual.com\\\/inicio\\\/#organization\"},\"image\":{\"@id\":\"https:\\\/\\\/diariotextual.com\\\/inicio\\\/index.php\\\/2021\\\/12\\\/24\\\/plan-mi-casa-ocho-familias-de-quemu-quemu-recibieron-sus-viviendas\\\/#primaryimage\"},\"thumbnailUrl\":\"https:\\\/\\\/diariotextual.com\\\/inicio\\\/wp-content\\\/uploads\\\/2021\\\/12\\\/casaplanmicasaquemu2021-1.jpg\",\"articleSection\":[\"A - PORTADA2\",\"SOCIEDAD\"],\"inLanguage\":\"es\"},{\"@type\":\"WebPage\",\"@id\":\"https:\\\/\\\/diariotextual.com\\\/inicio\\\/index.php\\\/2021\\\/12\\\/24\\\/plan-mi-casa-ocho-familias-de-quemu-quemu-recibieron-sus-viviendas\\\/\",\"url\":\"https:\\\/\\\/diariotextual.com\\\/inicio\\\/index.php\\\/2021\\\/12\\\/24\\\/plan-mi-casa-ocho-familias-de-quemu-quemu-recibieron-sus-viviendas\\\/\",\"name\":\"Plan \u201cMi casa\u201d: ocho familias de Quem\u00fa Quem\u00fa recibieron sus viviendas - Diario Textual\",\"isPartOf\":{\"@id\":\"https:\\\/\\\/diariotextual.com\\\/inicio\\\/#website\"},\"primaryImageOfPage\":{\"@id\":\"https:\\\/\\\/diariotextual.com\\\/inicio\\\/index.php\\\/2021\\\/12\\\/24\\\/plan-mi-casa-ocho-familias-de-quemu-quemu-recibieron-sus-viviendas\\\/#primaryimage\"},\"image\":{\"@id\":\"https:\\\/\\\/diariotextual.com\\\/inicio\\\/index.php\\\/2021\\\/12\\\/24\\\/plan-mi-casa-ocho-familias-de-quemu-quemu-recibieron-sus-viviendas\\\/#primaryimage\"},\"thumbnailUrl\":\"https:\\\/\\\/diariotextual.com\\\/inicio\\\/wp-content\\\/uploads\\\/2021\\\/12\\\/casaplanmicasaquemu2021-1.jpg\",\"datePublished\":\"2021-12-24T10:06:46+00:00\",\"dateModified\":\"2021-12-24T11:14:42+00:00\",\"breadcrumb\":{\"@id\":\"https:\\\/\\\/diariotextual.com\\\/inicio\\\/index.php\\\/2021\\\/12\\\/24\\\/plan-mi-casa-ocho-familias-de-quemu-quemu-recibieron-sus-viviendas\\\/#breadcrumb\"},\"inLanguage\":\"es\",\"potentialAction\":[{\"@type\":\"ReadAction\",\"target\":[\"https:\\\/\\\/diariotextual.com\\\/inicio\\\/index.php\\\/2021\\\/12\\\/24\\\/plan-mi-casa-ocho-familias-de-quemu-quemu-recibieron-sus-viviendas\\\/\"]}]},{\"@type\":\"ImageObject\",\"inLanguage\":\"es\",\"@id\":\"https:\\\/\\\/diariotextual.com\\\/inicio\\\/index.php\\\/2021\\\/12\\\/24\\\/plan-mi-casa-ocho-familias-de-quemu-quemu-recibieron-sus-viviendas\\\/#primaryimage\",\"url\":\"https:\\\/\\\/diariotextual.com\\\/inicio\\\/wp-content\\\/uploads\\\/2021\\\/12\\\/casaplanmicasaquemu2021-1.jpg\",\"contentUrl\":\"https:\\\/\\\/diariotextual.com\\\/inicio\\\/wp-content\\\/uploads\\\/2021\\\/12\\\/casaplanmicasaquemu2021-1.jpg\",\"width\":952,\"height\":616},{\"@type\":\"BreadcrumbList\",\"@id\":\"https:\\\/\\\/diariotextual.com\\\/inicio\\\/index.php\\\/2021\\\/12\\\/24\\\/plan-mi-casa-ocho-familias-de-quemu-quemu-recibieron-sus-viviendas\\\/#breadcrumb\",\"itemListElement\":[{\"@type\":\"ListItem\",\"position\":1,\"name\":\"Portada\",\"item\":\"https:\\\/\\\/diariotextual.com\\\/inicio\\\/\"},{\"@type\":\"ListItem\",\"position\":2,\"name\":\"Plan \u201cMi casa\u201d: ocho familias de Quem\u00fa Quem\u00fa recibieron sus viviendas\"}]},{\"@type\":\"WebSite\",\"@id\":\"https:\\\/\\\/diariotextual.com\\\/inicio\\\/#website\",\"url\":\"https:\\\/\\\/diariotextual.com\\\/inicio\\\/\",\"name\":\"Diario Textual\",\"description\":\"\",\"publisher\":{\"@id\":\"https:\\\/\\\/diariotextual.com\\\/inicio\\\/#organization\"},\"potentialAction\":[{\"@type\":\"SearchAction\",\"target\":{\"@type\":\"EntryPoint\",\"urlTemplate\":\"https:\\\/\\\/diariotextual.com\\\/inicio\\\/?s={search_term_string}\"},\"query-input\":{\"@type\":\"PropertyValueSpecification\",\"valueRequired\":true,\"valueName\":\"search_term_string\"}}],\"inLanguage\":\"es\"},{\"@type\":\"Organization\",\"@id\":\"https:\\\/\\\/diariotextual.com\\\/inicio\\\/#organization\",\"name\":\"Diario Textual\",\"url\":\"https:\\\/\\\/diariotextual.com\\\/inicio\\\/\",\"logo\":{\"@type\":\"ImageObject\",\"inLanguage\":\"es\",\"@id\":\"https:\\\/\\\/diariotextual.com\\\/inicio\\\/#\\\/schema\\\/logo\\\/image\\\/\",\"url\":\"https:\\\/\\\/diariotextual.com\\\/inicio\\\/wp-content\\\/uploads\\\/2023\\\/05\\\/logotextual1.jpg\",\"contentUrl\":\"https:\\\/\\\/diariotextual.com\\\/inicio\\\/wp-content\\\/uploads\\\/2023\\\/05\\\/logotextual1.jpg\",\"width\":516,\"height\":76,\"caption\":\"Diario Textual\"},\"image\":{\"@id\":\"https:\\\/\\\/diariotextual.com\\\/inicio\\\/#\\\/schema\\\/logo\\\/image\\\/\"},\"sameAs\":[\"https:\\\/\\\/www.facebook.com\\\/eltextual\",\"https:\\\/\\\/x.com\\\/eltextual\",\"http:\\\/\\\/www.instagram.com\\\/eltextual\"]},{\"@type\":\"Person\",\"@id\":\"https:\\\/\\\/diariotextual.com\\\/inicio\\\/#\\\/schema\\\/person\\\/418fc4093c33e86ed41562db3508f958\",\"name\":\"Diario1 Diario1\",\"image\":{\"@type\":\"ImageObject\",\"inLanguage\":\"es\",\"@id\":\"https:\\\/\\\/secure.gravatar.com\\\/avatar\\\/9167d280179c85bc18be67aa7eda765854300033af4896dd779b608640f2ef7a?s=96&d=mm&r=g\",\"url\":\"https:\\\/\\\/secure.gravatar.com\\\/avatar\\\/9167d280179c85bc18be67aa7eda765854300033af4896dd779b608640f2ef7a?s=96&d=mm&r=g\",\"contentUrl\":\"https:\\\/\\\/secure.gravatar.com\\\/avatar\\\/9167d280179c85bc18be67aa7eda765854300033af4896dd779b608640f2ef7a?s=96&d=mm&r=g\",\"caption\":\"Diario1 Diario1\"},\"url\":\"https:\\\/\\\/diariotextual.com\\\/inicio\\\/index.php\\\/author\\\/diario1\\\/\"}]}<\/script>\n<!-- \/ Yoast SEO plugin. -->","yoast_head_json":{"title":"Plan \u201cMi casa\u201d: ocho familias de Quem\u00fa Quem\u00fa recibieron sus viviendas - Diario Textual","robots":{"index":"index","follow":"follow","max-snippet":"max-snippet:-1","max-image-preview":"max-image-preview:large","max-video-preview":"max-video-preview:-1"},"canonical":"https:\/\/diariotextual.com\/inicio\/index.php\/2021\/12\/24\/plan-mi-casa-ocho-familias-de-quemu-quemu-recibieron-sus-viviendas\/","og_locale":"es_ES","og_type":"article","og_title":"Plan \u201cMi casa\u201d: ocho familias de Quem\u00fa Quem\u00fa recibieron sus viviendas - Diario Textual","og_description":"Ocho familias de Quem\u00fa Quem\u00fa recibieron nuevas viviendas construidas a trav\u00e9s del plan Mi Casa, ideado desde el Gobierno provincial y que es ejecutado por los distintos municipios y comisiones&hellip;","og_url":"https:\/\/diariotextual.com\/inicio\/index.php\/2021\/12\/24\/plan-mi-casa-ocho-familias-de-quemu-quemu-recibieron-sus-viviendas\/","og_site_name":"Diario Textual","article_publisher":"https:\/\/www.facebook.com\/eltextual","article_published_time":"2021-12-24T10:06:46+00:00","article_modified_time":"2021-12-24T11:14:42+00:00","og_image":[{"width":952,"height":616,"url":"https:\/\/diariotextual.com\/inicio\/wp-content\/uploads\/2021\/12\/casaplanmicasaquemu2021-1.jpg","type":"image\/jpeg"}],"author":"Diario1 Diario1","twitter_card":"summary_large_image","twitter_creator":"@eltextual","twitter_site":"@eltextual","twitter_misc":{"Escrito por":"Diario1 Diario1","Tiempo de lectura":"2 minutos"},"schema":{"@context":"https:\/\/schema.org","@graph":[{"@type":"Article","@id":"https:\/\/diariotextual.com\/inicio\/index.php\/2021\/12\/24\/plan-mi-casa-ocho-familias-de-quemu-quemu-recibieron-sus-viviendas\/#article","isPartOf":{"@id":"https:\/\/diariotextual.com\/inicio\/index.php\/2021\/12\/24\/plan-mi-casa-ocho-familias-de-quemu-quemu-recibieron-sus-viviendas\/"},"author":{"name":"Diario1 Diario1","@id":"https:\/\/diariotextual.com\/inicio\/#\/schema\/person\/418fc4093c33e86ed41562db3508f958"},"headline":"Plan \u201cMi casa\u201d: ocho familias de Quem\u00fa Quem\u00fa recibieron sus viviendas","datePublished":"2021-12-24T10:06:46+00:00","dateModified":"2021-12-24T11:14:42+00:00","mainEntityOfPage":{"@id":"https:\/\/diariotextual.com\/inicio\/index.php\/2021\/12\/24\/plan-mi-casa-ocho-familias-de-quemu-quemu-recibieron-sus-viviendas\/"},"wordCount":443,"publisher":{"@id":"https:\/\/diariotextual.com\/inicio\/#organization"},"image":{"@id":"https:\/\/diariotextual.com\/inicio\/index.php\/2021\/12\/24\/plan-mi-casa-ocho-familias-de-quemu-quemu-recibieron-sus-viviendas\/#primaryimage"},"thumbnailUrl":"https:\/\/diariotextual.com\/inicio\/wp-content\/uploads\/2021\/12\/casaplanmicasaquemu2021-1.jpg","articleSection":["A - PORTADA2","SOCIEDAD"],"inLanguage":"es"},{"@type":"WebPage","@id":"https:\/\/diariotextual.com\/inicio\/index.php\/2021\/12\/24\/plan-mi-casa-ocho-familias-de-quemu-quemu-recibieron-sus-viviendas\/","url":"https:\/\/diariotextual.com\/inicio\/index.php\/2021\/12\/24\/plan-mi-casa-ocho-familias-de-quemu-quemu-recibieron-sus-viviendas\/","name":"Plan \u201cMi casa\u201d: ocho familias de Quem\u00fa Quem\u00fa recibieron sus viviendas - Diario Textual","isPartOf":{"@id":"https:\/\/diariotextual.com\/inicio\/#website"},"primaryImageOfPage":{"@id":"https:\/\/diariotextual.com\/inicio\/index.php\/2021\/12\/24\/plan-mi-casa-ocho-familias-de-quemu-quemu-recibieron-sus-viviendas\/#primaryimage"},"image":{"@id":"https:\/\/diariotextual.com\/inicio\/index.php\/2021\/12\/24\/plan-mi-casa-ocho-familias-de-quemu-quemu-recibieron-sus-viviendas\/#primaryimage"},"thumbnailUrl":"https:\/\/diariotextual.com\/inicio\/wp-content\/uploads\/2021\/12\/casaplanmicasaquemu2021-1.jpg","datePublished":"2021-12-24T10:06:46+00:00","dateModified":"2021-12-24T11:14:42+00:00","breadcrumb":{"@id":"https:\/\/diariotextual.com\/inicio\/index.php\/2021\/12\/24\/plan-mi-casa-ocho-familias-de-quemu-quemu-recibieron-sus-viviendas\/#breadcrumb"},"inLanguage":"es","potentialAction":[{"@type":"ReadAction","target":["https:\/\/diariotextual.com\/inicio\/index.php\/2021\/12\/24\/plan-mi-casa-ocho-familias-de-quemu-quemu-recibieron-sus-viviendas\/"]}]},{"@type":"ImageObject","inLanguage":"es","@id":"https:\/\/diariotextual.com\/inicio\/index.php\/2021\/12\/24\/plan-mi-casa-ocho-familias-de-quemu-quemu-recibieron-sus-viviendas\/#primaryimage","url":"https:\/\/diariotextual.com\/inicio\/wp-content\/uploads\/2021\/12\/casaplanmicasaquemu2021-1.jpg","contentUrl":"https:\/\/diariotextual.com\/inicio\/wp-content\/uploads\/2021\/12\/casaplanmicasaquemu2021-1.jpg","width":952,"height":616},{"@type":"BreadcrumbList","@id":"https:\/\/diariotextual.com\/inicio\/index.php\/2021\/12\/24\/plan-mi-casa-ocho-familias-de-quemu-quemu-recibieron-sus-viviendas\/#breadcrumb","itemListElement":[{"@type":"ListItem","position":1,"name":"Portada","item":"https:\/\/diariotextual.com\/inicio\/"},{"@type":"ListItem","position":2,"name":"Plan \u201cMi casa\u201d: ocho familias de Quem\u00fa Quem\u00fa recibieron sus viviendas"}]},{"@type":"WebSite","@id":"https:\/\/diariotextual.com\/inicio\/#website","url":"https:\/\/diariotextual.com\/inicio\/","name":"Diario Textual","description":"","publisher":{"@id":"https:\/\/diariotextual.com\/inicio\/#organization"},"potentialAction":[{"@type":"SearchAction","target":{"@type":"EntryPoint","urlTemplate":"https:\/\/diariotextual.com\/inicio\/?s={search_term_string}"},"query-input":{"@type":"PropertyValueSpecification","valueRequired":true,"valueName":"search_term_string"}}],"inLanguage":"es"},{"@type":"Organization","@id":"https:\/\/diariotextual.com\/inicio\/#organization","name":"Diario Textual","url":"https:\/\/diariotextual.com\/inicio\/","logo":{"@type":"ImageObject","inLanguage":"es","@id":"https:\/\/diariotextual.com\/inicio\/#\/schema\/logo\/image\/","url":"https:\/\/diariotextual.com\/inicio\/wp-content\/uploads\/2023\/05\/logotextual1.jpg","contentUrl":"https:\/\/diariotextual.com\/inicio\/wp-content\/uploads\/2023\/05\/logotextual1.jpg","width":516,"height":76,"caption":"Diario Textual"},"image":{"@id":"https:\/\/diariotextual.com\/inicio\/#\/schema\/logo\/image\/"},"sameAs":["https:\/\/www.facebook.com\/eltextual","https:\/\/x.com\/eltextual","http:\/\/www.instagram.com\/eltextual"]},{"@type":"Person","@id":"https:\/\/diariotextual.com\/inicio\/#\/schema\/person\/418fc4093c33e86ed41562db3508f958","name":"Diario1 Diario1","image":{"@type":"ImageObject","inLanguage":"es","@id":"https:\/\/secure.gravatar.com\/avatar\/9167d280179c85bc18be67aa7eda765854300033af4896dd779b608640f2ef7a?s=96&d=mm&r=g","url":"https:\/\/secure.gravatar.com\/avatar\/9167d280179c85bc18be67aa7eda765854300033af4896dd779b608640f2ef7a?s=96&d=mm&r=g","contentUrl":"https:\/\/secure.gravatar.com\/avatar\/9167d280179c85bc18be67aa7eda765854300033af4896dd779b608640f2ef7a?s=96&d=mm&r=g","caption":"Diario1 Diario1"},"url":"https:\/\/diariotextual.com\/inicio\/index.php\/author\/diario1\/"}]}},"_links":{"self":[{"href":"https:\/\/diariotextual.com\/inicio\/index.php\/wp-json\/wp\/v2\/posts\/174225","targetHints":{"allow":["GET"]}}],"collection":[{"href":"https:\/\/diariotextual.com\/inicio\/index.php\/wp-json\/wp\/v2\/posts"}],"about":[{"href":"https:\/\/diariotextual.com\/inicio\/index.php\/wp-json\/wp\/v2\/types\/post"}],"author":[{"embeddable":true,"href":"https:\/\/diariotextual.com\/inicio\/index.php\/wp-json\/wp\/v2\/users\/3"}],"replies":[{"embeddable":true,"href":"https:\/\/diariotextual.com\/inicio\/index.php\/wp-json\/wp\/v2\/comments?post=174225"}],"version-history":[{"count":2,"href":"https:\/\/diariotextual.com\/inicio\/index.php\/wp-json\/wp\/v2\/posts\/174225\/revisions"}],"predecessor-version":[{"id":174228,"href":"https:\/\/diariotextual.com\/inicio\/index.php\/wp-json\/wp\/v2\/posts\/174225\/revisions\/174228"}],"wp:featuredmedia":[{"embeddable":true,"href":"https:\/\/diariotextual.com\/inicio\/index.php\/wp-json\/wp\/v2\/media\/174227"}],"wp:attachment":[{"href":"https:\/\/diariotextual.com\/inicio\/index.php\/wp-json\/wp\/v2\/media?parent=174225"}],"wp:term":[{"taxonomy":"category","embeddable":true,"href":"https:\/\/diariotextual.com\/inicio\/index.php\/wp-json\/wp\/v2\/categories?post=174225"},{"taxonomy":"post_tag","embeddable":true,"href":"https:\/\/diariotextual.com\/inicio\/index.php\/wp-json\/wp\/v2\/tags?post=174225"}],"curies":[{"name":"wp","href":"https:\/\/api.w.org\/{rel}","templated":true}]}}