{"id":174231,"date":"2021-12-24T08:14:14","date_gmt":"2021-12-24T11:14:14","guid":{"rendered":"https:\/\/diariotextual.com\/inicio\/?p=174231"},"modified":"2021-12-24T12:03:56","modified_gmt":"2021-12-24T15:03:56","slug":"la-navidad-de-los-aislados-por-el-covid-unos-mil-pampeanos-la-pasan-solos","status":"publish","type":"post","link":"https:\/\/diariotextual.com\/inicio\/index.php\/2021\/12\/24\/la-navidad-de-los-aislados-por-el-covid-unos-mil-pampeanos-la-pasan-solos\/","title":{"rendered":"La Navidad de los aislados: por el covid unos mil pampeanos la pasan solos"},"content":{"rendered":"\n<p>Ten\u00edan planeado reencontrarse con sus familiares para pasar la Noche Buena y Navidad, pero dieron positivo de covid o son contacto estrecho de esos casos y deben estar, obligatoriamente, aislados. La pasar\u00e1n solos o, a lo sumo, con su c\u00edrculo m\u00e1s \u00edntimo, tambi\u00e9n aislado.<\/p>\n\n\n\n<p><strong>En La Pampa, hasta el jueves 23 eran 797 los aislados.<\/strong> Pero <strong>se descuenta que este viernes habr\u00e1 m\u00e1s casos positivos y, por ende, m\u00e1s aislados, que elevar\u00e1 la cifra a unos mil.<\/strong><\/p>\n\n\n\n<p>En la \u00faltima semana, ha habido un fuerte incremento de los casos de covid en La Pampa, principalmente en Santa Rosa.<\/p>\n\n\n\n<p>Hasta ayer eran 304 casos activos. Pertenecen a las siguientes localidades: 198 en Santa Rosa, 33 en Toay, 23 en General Pico, 10 en Realic\u00f3, 7 en Gobernador Duval, 7 en General Acha, 4 en Eduardo Castex,&nbsp; 2 en Falucho, 2 en Mauricio Mayer, 2 en Carro Quemado, 2 en Ingeniero Luiggi,&nbsp; 2 en Puel\u00e9n, 2 en Lonquimay,&nbsp; 2 en 25 de Mayo, 1 en Victorica, 1 en Bernardo Larroud\u00e9, 1 en Quem\u00fa Quem\u00fa, 1 en Doblas, 1 en Guatrach\u00e9, 1 en Algarrobo del \u00c1guila, 1 en Catril\u00f3 y 1 en Miguel Riglos.<\/p>\n\n\n\n<p>El decreto que prorrog\u00f3 este viernes la emergencia sanitaria hasta el 31 de diciembre de 2022 por la pandemia de coronavirus establece el aislamiento obligatorio, como medida de acci\u00f3n preventiva, en determinados casos.<\/p>\n\n\n\n<p>Seg\u00fan se indica en el art\u00edculo 7 de la norma publicada este viernes en el Bolet\u00edn Oficial, deber\u00e1n permanecer aisladas las siguientes personas:<\/p>\n\n\n\n<p>&#8211;&nbsp;<strong>Quienes revistan la condici\u00f3n de \u201ccasos sospechosos\u201d<\/strong>&nbsp;seg\u00fan la definici\u00f3n de la autoridad sanitaria nacional, hasta tanto se realice el diagn\u00f3stico confirmatorio o resultado negativo.<\/p>\n\n\n\n<p>&#8211;&nbsp;<strong>Quienes revistan la condici\u00f3n de \u201ccasos confirmados\u201d<\/strong>&nbsp;seg\u00fan la definici\u00f3n de la autoridad sanitaria nacional, por el plazo de 10 d\u00edas desde la fecha de inicio de s\u00edntomas o del diagn\u00f3stico, en casos asintom\u00e1ticos.<\/p>\n\n\n\n<p>&#8211;&nbsp;<strong>Quienes no est\u00e9n alcanzados por los dos primeros casos y revistan la condici\u00f3n de \u201ccontacto estrecho\u201d<\/strong>, seg\u00fan los define la autoridad sanitaria nacional, por un plazo de 10 d\u00edas, que podr\u00e1 ser reducido a siete d\u00edas en caso de contar con test de PCR negativo.<\/p>\n\n\n\n<p>&#8211;\u00a0<strong>Quienes arriben al pa\u00eds desde el exterior, cuando no cuenten con esquema de vacunaci\u00f3n completo<\/strong>\u00a0o cuando no hayan transcurrido 14 d\u00edas desde que hayan completado su esquema de vacunaci\u00f3n, por el plazo de 10 d\u00edas, contados desde la fecha de toma de muestra de la PCR realizada dentro de las 72 horas previas al viaje.<\/p>\n\n\n\n<p>En tanto, quedan exceptuados de cumplir el aislamiento:<\/p>\n\n\n\n<p>&#8211; Los y las menores de edad que no hayan completado el esquema de vacunaci\u00f3n en los t\u00e9rminos referidos en el presente apartado.<\/p>\n\n\n\n<p>&#8211; Las personas extranjeras no residentes, no vacunadas, mayores de 18 a\u00f1os que integren equipos deportivos y cuenten con los protocolos aprobados por la autoridad sanitaria nacional a pedido del Ministerio de Turismo y Deportes, que cuenten con una certificaci\u00f3n de su entidad deportiva que acredite el motivo del viaje.<\/p>\n\n\n\n<p>&#8211; Las personas nacionales o extranjeras en tr\u00e1nsito hacia otros pa\u00edses con una permanencia menor a 24 horas en aeropuertos nacionales o internacionales.<\/p>\n\n\n\n<p><\/p>\n","protected":false},"excerpt":{"rendered":"<p>Ten\u00edan planeado reencontrarse con sus familiares para pasar la Noche Buena y Navidad, pero dieron positivo de covid o son contacto estrecho de esos casos y deben estar, obligatoriamente, aislados.&hellip;<\/p>\n","protected":false},"author":3,"featured_media":173555,"comment_status":"closed","ping_status":"open","sticky":false,"template":"","format":"standard","meta":{"_acf_changed":false,"footnotes":""},"categories":[10,12],"tags":[],"class_list":["post-174231","post","type-post","status-publish","format-standard","has-post-thumbnail","hentry","category-portada-2","category-sociedad"],"acf":[],"yoast_head":"<!-- This site is optimized with the Yoast SEO plugin v27.5 - https:\/\/yoast.com\/product\/yoast-seo-wordpress\/ -->\n<title>La Navidad de los aislados: por el covid unos mil pampeanos la pasan solos - Diario Textual<\/title>\n<meta name=\"robots\" content=\"index, follow, max-snippet:-1, max-image-preview:large, max-video-preview:-1\" \/>\n<link rel=\"canonical\" href=\"https:\/\/diariotextual.com\/inicio\/index.php\/2021\/12\/24\/la-navidad-de-los-aislados-por-el-covid-unos-mil-pampeanos-la-pasan-solos\/\" \/>\n<meta property=\"og:locale\" content=\"es_ES\" \/>\n<meta property=\"og:type\" content=\"article\" \/>\n<meta property=\"og:title\" content=\"La Navidad de los aislados: por el covid unos mil pampeanos la pasan solos - Diario Textual\" \/>\n<meta property=\"og:description\" content=\"Ten\u00edan planeado reencontrarse con sus familiares para pasar la Noche Buena y Navidad, pero dieron positivo de covid o son contacto estrecho de esos casos y deben estar, obligatoriamente, aislados.&hellip;\" \/>\n<meta property=\"og:url\" content=\"https:\/\/diariotextual.com\/inicio\/index.php\/2021\/12\/24\/la-navidad-de-los-aislados-por-el-covid-unos-mil-pampeanos-la-pasan-solos\/\" \/>\n<meta property=\"og:site_name\" content=\"Diario Textual\" \/>\n<meta property=\"article:publisher\" content=\"https:\/\/www.facebook.com\/eltextual\" \/>\n<meta property=\"article:published_time\" content=\"2021-12-24T11:14:14+00:00\" \/>\n<meta property=\"article:modified_time\" content=\"2021-12-24T15:03:56+00:00\" \/>\n<meta property=\"og:image\" content=\"https:\/\/diariotextual.com\/inicio\/wp-content\/uploads\/2021\/12\/coronavirustelam2021-7058.jpg\" \/>\n\t<meta property=\"og:image:width\" content=\"1072\" \/>\n\t<meta property=\"og:image:height\" content=\"570\" \/>\n\t<meta property=\"og:image:type\" content=\"image\/jpeg\" \/>\n<meta name=\"author\" content=\"Diario1 Diario1\" \/>\n<meta name=\"twitter:card\" content=\"summary_large_image\" \/>\n<meta name=\"twitter:creator\" content=\"@eltextual\" \/>\n<meta name=\"twitter:site\" content=\"@eltextual\" \/>\n<meta name=\"twitter:label1\" content=\"Escrito por\" \/>\n\t<meta name=\"twitter:data1\" content=\"Diario1 Diario1\" \/>\n\t<meta name=\"twitter:label2\" content=\"Tiempo de lectura\" \/>\n\t<meta name=\"twitter:data2\" content=\"3 minutos\" \/>\n<script type=\"application\/ld+json\" class=\"yoast-schema-graph\">{\"@context\":\"https:\\\/\\\/schema.org\",\"@graph\":[{\"@type\":\"Article\",\"@id\":\"https:\\\/\\\/diariotextual.com\\\/inicio\\\/index.php\\\/2021\\\/12\\\/24\\\/la-navidad-de-los-aislados-por-el-covid-unos-mil-pampeanos-la-pasan-solos\\\/#article\",\"isPartOf\":{\"@id\":\"https:\\\/\\\/diariotextual.com\\\/inicio\\\/index.php\\\/2021\\\/12\\\/24\\\/la-navidad-de-los-aislados-por-el-covid-unos-mil-pampeanos-la-pasan-solos\\\/\"},\"author\":{\"name\":\"Diario1 Diario1\",\"@id\":\"https:\\\/\\\/diariotextual.com\\\/inicio\\\/#\\\/schema\\\/person\\\/418fc4093c33e86ed41562db3508f958\"},\"headline\":\"La Navidad de los aislados: por el covid unos mil pampeanos la pasan solos\",\"datePublished\":\"2021-12-24T11:14:14+00:00\",\"dateModified\":\"2021-12-24T15:03:56+00:00\",\"mainEntityOfPage\":{\"@id\":\"https:\\\/\\\/diariotextual.com\\\/inicio\\\/index.php\\\/2021\\\/12\\\/24\\\/la-navidad-de-los-aislados-por-el-covid-unos-mil-pampeanos-la-pasan-solos\\\/\"},\"wordCount\":541,\"publisher\":{\"@id\":\"https:\\\/\\\/diariotextual.com\\\/inicio\\\/#organization\"},\"image\":{\"@id\":\"https:\\\/\\\/diariotextual.com\\\/inicio\\\/index.php\\\/2021\\\/12\\\/24\\\/la-navidad-de-los-aislados-por-el-covid-unos-mil-pampeanos-la-pasan-solos\\\/#primaryimage\"},\"thumbnailUrl\":\"https:\\\/\\\/diariotextual.com\\\/inicio\\\/wp-content\\\/uploads\\\/2021\\\/12\\\/coronavirustelam2021-7058.jpg\",\"articleSection\":[\"A - PORTADA2\",\"SOCIEDAD\"],\"inLanguage\":\"es\"},{\"@type\":\"WebPage\",\"@id\":\"https:\\\/\\\/diariotextual.com\\\/inicio\\\/index.php\\\/2021\\\/12\\\/24\\\/la-navidad-de-los-aislados-por-el-covid-unos-mil-pampeanos-la-pasan-solos\\\/\",\"url\":\"https:\\\/\\\/diariotextual.com\\\/inicio\\\/index.php\\\/2021\\\/12\\\/24\\\/la-navidad-de-los-aislados-por-el-covid-unos-mil-pampeanos-la-pasan-solos\\\/\",\"name\":\"La Navidad de los aislados: por el covid unos mil pampeanos la pasan solos - Diario Textual\",\"isPartOf\":{\"@id\":\"https:\\\/\\\/diariotextual.com\\\/inicio\\\/#website\"},\"primaryImageOfPage\":{\"@id\":\"https:\\\/\\\/diariotextual.com\\\/inicio\\\/index.php\\\/2021\\\/12\\\/24\\\/la-navidad-de-los-aislados-por-el-covid-unos-mil-pampeanos-la-pasan-solos\\\/#primaryimage\"},\"image\":{\"@id\":\"https:\\\/\\\/diariotextual.com\\\/inicio\\\/index.php\\\/2021\\\/12\\\/24\\\/la-navidad-de-los-aislados-por-el-covid-unos-mil-pampeanos-la-pasan-solos\\\/#primaryimage\"},\"thumbnailUrl\":\"https:\\\/\\\/diariotextual.com\\\/inicio\\\/wp-content\\\/uploads\\\/2021\\\/12\\\/coronavirustelam2021-7058.jpg\",\"datePublished\":\"2021-12-24T11:14:14+00:00\",\"dateModified\":\"2021-12-24T15:03:56+00:00\",\"breadcrumb\":{\"@id\":\"https:\\\/\\\/diariotextual.com\\\/inicio\\\/index.php\\\/2021\\\/12\\\/24\\\/la-navidad-de-los-aislados-por-el-covid-unos-mil-pampeanos-la-pasan-solos\\\/#breadcrumb\"},\"inLanguage\":\"es\",\"potentialAction\":[{\"@type\":\"ReadAction\",\"target\":[\"https:\\\/\\\/diariotextual.com\\\/inicio\\\/index.php\\\/2021\\\/12\\\/24\\\/la-navidad-de-los-aislados-por-el-covid-unos-mil-pampeanos-la-pasan-solos\\\/\"]}]},{\"@type\":\"ImageObject\",\"inLanguage\":\"es\",\"@id\":\"https:\\\/\\\/diariotextual.com\\\/inicio\\\/index.php\\\/2021\\\/12\\\/24\\\/la-navidad-de-los-aislados-por-el-covid-unos-mil-pampeanos-la-pasan-solos\\\/#primaryimage\",\"url\":\"https:\\\/\\\/diariotextual.com\\\/inicio\\\/wp-content\\\/uploads\\\/2021\\\/12\\\/coronavirustelam2021-7058.jpg\",\"contentUrl\":\"https:\\\/\\\/diariotextual.com\\\/inicio\\\/wp-content\\\/uploads\\\/2021\\\/12\\\/coronavirustelam2021-7058.jpg\",\"width\":1072,\"height\":570},{\"@type\":\"BreadcrumbList\",\"@id\":\"https:\\\/\\\/diariotextual.com\\\/inicio\\\/index.php\\\/2021\\\/12\\\/24\\\/la-navidad-de-los-aislados-por-el-covid-unos-mil-pampeanos-la-pasan-solos\\\/#breadcrumb\",\"itemListElement\":[{\"@type\":\"ListItem\",\"position\":1,\"name\":\"Portada\",\"item\":\"https:\\\/\\\/diariotextual.com\\\/inicio\\\/\"},{\"@type\":\"ListItem\",\"position\":2,\"name\":\"La Navidad de los aislados: por el covid unos mil pampeanos la pasan solos\"}]},{\"@type\":\"WebSite\",\"@id\":\"https:\\\/\\\/diariotextual.com\\\/inicio\\\/#website\",\"url\":\"https:\\\/\\\/diariotextual.com\\\/inicio\\\/\",\"name\":\"Diario Textual\",\"description\":\"\",\"publisher\":{\"@id\":\"https:\\\/\\\/diariotextual.com\\\/inicio\\\/#organization\"},\"potentialAction\":[{\"@type\":\"SearchAction\",\"target\":{\"@type\":\"EntryPoint\",\"urlTemplate\":\"https:\\\/\\\/diariotextual.com\\\/inicio\\\/?s={search_term_string}\"},\"query-input\":{\"@type\":\"PropertyValueSpecification\",\"valueRequired\":true,\"valueName\":\"search_term_string\"}}],\"inLanguage\":\"es\"},{\"@type\":\"Organization\",\"@id\":\"https:\\\/\\\/diariotextual.com\\\/inicio\\\/#organization\",\"name\":\"Diario Textual\",\"url\":\"https:\\\/\\\/diariotextual.com\\\/inicio\\\/\",\"logo\":{\"@type\":\"ImageObject\",\"inLanguage\":\"es\",\"@id\":\"https:\\\/\\\/diariotextual.com\\\/inicio\\\/#\\\/schema\\\/logo\\\/image\\\/\",\"url\":\"https:\\\/\\\/diariotextual.com\\\/inicio\\\/wp-content\\\/uploads\\\/2023\\\/05\\\/logotextual1.jpg\",\"contentUrl\":\"https:\\\/\\\/diariotextual.com\\\/inicio\\\/wp-content\\\/uploads\\\/2023\\\/05\\\/logotextual1.jpg\",\"width\":516,\"height\":76,\"caption\":\"Diario Textual\"},\"image\":{\"@id\":\"https:\\\/\\\/diariotextual.com\\\/inicio\\\/#\\\/schema\\\/logo\\\/image\\\/\"},\"sameAs\":[\"https:\\\/\\\/www.facebook.com\\\/eltextual\",\"https:\\\/\\\/x.com\\\/eltextual\",\"http:\\\/\\\/www.instagram.com\\\/eltextual\"]},{\"@type\":\"Person\",\"@id\":\"https:\\\/\\\/diariotextual.com\\\/inicio\\\/#\\\/schema\\\/person\\\/418fc4093c33e86ed41562db3508f958\",\"name\":\"Diario1 Diario1\",\"image\":{\"@type\":\"ImageObject\",\"inLanguage\":\"es\",\"@id\":\"https:\\\/\\\/secure.gravatar.com\\\/avatar\\\/9167d280179c85bc18be67aa7eda765854300033af4896dd779b608640f2ef7a?s=96&d=mm&r=g\",\"url\":\"https:\\\/\\\/secure.gravatar.com\\\/avatar\\\/9167d280179c85bc18be67aa7eda765854300033af4896dd779b608640f2ef7a?s=96&d=mm&r=g\",\"contentUrl\":\"https:\\\/\\\/secure.gravatar.com\\\/avatar\\\/9167d280179c85bc18be67aa7eda765854300033af4896dd779b608640f2ef7a?s=96&d=mm&r=g\",\"caption\":\"Diario1 Diario1\"},\"url\":\"https:\\\/\\\/diariotextual.com\\\/inicio\\\/index.php\\\/author\\\/diario1\\\/\"}]}<\/script>\n<!-- \/ Yoast SEO plugin. -->","yoast_head_json":{"title":"La Navidad de los aislados: por el covid unos mil pampeanos la pasan solos - Diario Textual","robots":{"index":"index","follow":"follow","max-snippet":"max-snippet:-1","max-image-preview":"max-image-preview:large","max-video-preview":"max-video-preview:-1"},"canonical":"https:\/\/diariotextual.com\/inicio\/index.php\/2021\/12\/24\/la-navidad-de-los-aislados-por-el-covid-unos-mil-pampeanos-la-pasan-solos\/","og_locale":"es_ES","og_type":"article","og_title":"La Navidad de los aislados: por el covid unos mil pampeanos la pasan solos - Diario Textual","og_description":"Ten\u00edan planeado reencontrarse con sus familiares para pasar la Noche Buena y Navidad, pero dieron positivo de covid o son contacto estrecho de esos casos y deben estar, obligatoriamente, aislados.&hellip;","og_url":"https:\/\/diariotextual.com\/inicio\/index.php\/2021\/12\/24\/la-navidad-de-los-aislados-por-el-covid-unos-mil-pampeanos-la-pasan-solos\/","og_site_name":"Diario Textual","article_publisher":"https:\/\/www.facebook.com\/eltextual","article_published_time":"2021-12-24T11:14:14+00:00","article_modified_time":"2021-12-24T15:03:56+00:00","og_image":[{"width":1072,"height":570,"url":"https:\/\/diariotextual.com\/inicio\/wp-content\/uploads\/2021\/12\/coronavirustelam2021-7058.jpg","type":"image\/jpeg"}],"author":"Diario1 Diario1","twitter_card":"summary_large_image","twitter_creator":"@eltextual","twitter_site":"@eltextual","twitter_misc":{"Escrito por":"Diario1 Diario1","Tiempo de lectura":"3 minutos"},"schema":{"@context":"https:\/\/schema.org","@graph":[{"@type":"Article","@id":"https:\/\/diariotextual.com\/inicio\/index.php\/2021\/12\/24\/la-navidad-de-los-aislados-por-el-covid-unos-mil-pampeanos-la-pasan-solos\/#article","isPartOf":{"@id":"https:\/\/diariotextual.com\/inicio\/index.php\/2021\/12\/24\/la-navidad-de-los-aislados-por-el-covid-unos-mil-pampeanos-la-pasan-solos\/"},"author":{"name":"Diario1 Diario1","@id":"https:\/\/diariotextual.com\/inicio\/#\/schema\/person\/418fc4093c33e86ed41562db3508f958"},"headline":"La Navidad de los aislados: por el covid unos mil pampeanos la pasan solos","datePublished":"2021-12-24T11:14:14+00:00","dateModified":"2021-12-24T15:03:56+00:00","mainEntityOfPage":{"@id":"https:\/\/diariotextual.com\/inicio\/index.php\/2021\/12\/24\/la-navidad-de-los-aislados-por-el-covid-unos-mil-pampeanos-la-pasan-solos\/"},"wordCount":541,"publisher":{"@id":"https:\/\/diariotextual.com\/inicio\/#organization"},"image":{"@id":"https:\/\/diariotextual.com\/inicio\/index.php\/2021\/12\/24\/la-navidad-de-los-aislados-por-el-covid-unos-mil-pampeanos-la-pasan-solos\/#primaryimage"},"thumbnailUrl":"https:\/\/diariotextual.com\/inicio\/wp-content\/uploads\/2021\/12\/coronavirustelam2021-7058.jpg","articleSection":["A - PORTADA2","SOCIEDAD"],"inLanguage":"es"},{"@type":"WebPage","@id":"https:\/\/diariotextual.com\/inicio\/index.php\/2021\/12\/24\/la-navidad-de-los-aislados-por-el-covid-unos-mil-pampeanos-la-pasan-solos\/","url":"https:\/\/diariotextual.com\/inicio\/index.php\/2021\/12\/24\/la-navidad-de-los-aislados-por-el-covid-unos-mil-pampeanos-la-pasan-solos\/","name":"La Navidad de los aislados: por el covid unos mil pampeanos la pasan solos - Diario Textual","isPartOf":{"@id":"https:\/\/diariotextual.com\/inicio\/#website"},"primaryImageOfPage":{"@id":"https:\/\/diariotextual.com\/inicio\/index.php\/2021\/12\/24\/la-navidad-de-los-aislados-por-el-covid-unos-mil-pampeanos-la-pasan-solos\/#primaryimage"},"image":{"@id":"https:\/\/diariotextual.com\/inicio\/index.php\/2021\/12\/24\/la-navidad-de-los-aislados-por-el-covid-unos-mil-pampeanos-la-pasan-solos\/#primaryimage"},"thumbnailUrl":"https:\/\/diariotextual.com\/inicio\/wp-content\/uploads\/2021\/12\/coronavirustelam2021-7058.jpg","datePublished":"2021-12-24T11:14:14+00:00","dateModified":"2021-12-24T15:03:56+00:00","breadcrumb":{"@id":"https:\/\/diariotextual.com\/inicio\/index.php\/2021\/12\/24\/la-navidad-de-los-aislados-por-el-covid-unos-mil-pampeanos-la-pasan-solos\/#breadcrumb"},"inLanguage":"es","potentialAction":[{"@type":"ReadAction","target":["https:\/\/diariotextual.com\/inicio\/index.php\/2021\/12\/24\/la-navidad-de-los-aislados-por-el-covid-unos-mil-pampeanos-la-pasan-solos\/"]}]},{"@type":"ImageObject","inLanguage":"es","@id":"https:\/\/diariotextual.com\/inicio\/index.php\/2021\/12\/24\/la-navidad-de-los-aislados-por-el-covid-unos-mil-pampeanos-la-pasan-solos\/#primaryimage","url":"https:\/\/diariotextual.com\/inicio\/wp-content\/uploads\/2021\/12\/coronavirustelam2021-7058.jpg","contentUrl":"https:\/\/diariotextual.com\/inicio\/wp-content\/uploads\/2021\/12\/coronavirustelam2021-7058.jpg","width":1072,"height":570},{"@type":"BreadcrumbList","@id":"https:\/\/diariotextual.com\/inicio\/index.php\/2021\/12\/24\/la-navidad-de-los-aislados-por-el-covid-unos-mil-pampeanos-la-pasan-solos\/#breadcrumb","itemListElement":[{"@type":"ListItem","position":1,"name":"Portada","item":"https:\/\/diariotextual.com\/inicio\/"},{"@type":"ListItem","position":2,"name":"La Navidad de los aislados: por el covid unos mil pampeanos la pasan solos"}]},{"@type":"WebSite","@id":"https:\/\/diariotextual.com\/inicio\/#website","url":"https:\/\/diariotextual.com\/inicio\/","name":"Diario Textual","description":"","publisher":{"@id":"https:\/\/diariotextual.com\/inicio\/#organization"},"potentialAction":[{"@type":"SearchAction","target":{"@type":"EntryPoint","urlTemplate":"https:\/\/diariotextual.com\/inicio\/?s={search_term_string}"},"query-input":{"@type":"PropertyValueSpecification","valueRequired":true,"valueName":"search_term_string"}}],"inLanguage":"es"},{"@type":"Organization","@id":"https:\/\/diariotextual.com\/inicio\/#organization","name":"Diario Textual","url":"https:\/\/diariotextual.com\/inicio\/","logo":{"@type":"ImageObject","inLanguage":"es","@id":"https:\/\/diariotextual.com\/inicio\/#\/schema\/logo\/image\/","url":"https:\/\/diariotextual.com\/inicio\/wp-content\/uploads\/2023\/05\/logotextual1.jpg","contentUrl":"https:\/\/diariotextual.com\/inicio\/wp-content\/uploads\/2023\/05\/logotextual1.jpg","width":516,"height":76,"caption":"Diario Textual"},"image":{"@id":"https:\/\/diariotextual.com\/inicio\/#\/schema\/logo\/image\/"},"sameAs":["https:\/\/www.facebook.com\/eltextual","https:\/\/x.com\/eltextual","http:\/\/www.instagram.com\/eltextual"]},{"@type":"Person","@id":"https:\/\/diariotextual.com\/inicio\/#\/schema\/person\/418fc4093c33e86ed41562db3508f958","name":"Diario1 Diario1","image":{"@type":"ImageObject","inLanguage":"es","@id":"https:\/\/secure.gravatar.com\/avatar\/9167d280179c85bc18be67aa7eda765854300033af4896dd779b608640f2ef7a?s=96&d=mm&r=g","url":"https:\/\/secure.gravatar.com\/avatar\/9167d280179c85bc18be67aa7eda765854300033af4896dd779b608640f2ef7a?s=96&d=mm&r=g","contentUrl":"https:\/\/secure.gravatar.com\/avatar\/9167d280179c85bc18be67aa7eda765854300033af4896dd779b608640f2ef7a?s=96&d=mm&r=g","caption":"Diario1 Diario1"},"url":"https:\/\/diariotextual.com\/inicio\/index.php\/author\/diario1\/"}]}},"_links":{"self":[{"href":"https:\/\/diariotextual.com\/inicio\/index.php\/wp-json\/wp\/v2\/posts\/174231","targetHints":{"allow":["GET"]}}],"collection":[{"href":"https:\/\/diariotextual.com\/inicio\/index.php\/wp-json\/wp\/v2\/posts"}],"about":[{"href":"https:\/\/diariotextual.com\/inicio\/index.php\/wp-json\/wp\/v2\/types\/post"}],"author":[{"embeddable":true,"href":"https:\/\/diariotextual.com\/inicio\/index.php\/wp-json\/wp\/v2\/users\/3"}],"replies":[{"embeddable":true,"href":"https:\/\/diariotextual.com\/inicio\/index.php\/wp-json\/wp\/v2\/comments?post=174231"}],"version-history":[{"count":6,"href":"https:\/\/diariotextual.com\/inicio\/index.php\/wp-json\/wp\/v2\/posts\/174231\/revisions"}],"predecessor-version":[{"id":174246,"href":"https:\/\/diariotextual.com\/inicio\/index.php\/wp-json\/wp\/v2\/posts\/174231\/revisions\/174246"}],"wp:featuredmedia":[{"embeddable":true,"href":"https:\/\/diariotextual.com\/inicio\/index.php\/wp-json\/wp\/v2\/media\/173555"}],"wp:attachment":[{"href":"https:\/\/diariotextual.com\/inicio\/index.php\/wp-json\/wp\/v2\/media?parent=174231"}],"wp:term":[{"taxonomy":"category","embeddable":true,"href":"https:\/\/diariotextual.com\/inicio\/index.php\/wp-json\/wp\/v2\/categories?post=174231"},{"taxonomy":"post_tag","embeddable":true,"href":"https:\/\/diariotextual.com\/inicio\/index.php\/wp-json\/wp\/v2\/tags?post=174231"}],"curies":[{"name":"wp","href":"https:\/\/api.w.org\/{rel}","templated":true}]}}