{"id":174357,"date":"2021-12-26T18:09:11","date_gmt":"2021-12-26T21:09:11","guid":{"rendered":"https:\/\/diariotextual.com\/inicio\/?p=174357"},"modified":"2021-12-26T20:43:12","modified_gmt":"2021-12-26T23:43:12","slug":"covid-reducen-a-4-meses-el-tiempo-para-el-refuerzo-a-personal-de-salud-y-mayores-de-60-anos","status":"publish","type":"post","link":"https:\/\/diariotextual.com\/inicio\/index.php\/2021\/12\/26\/covid-reducen-a-4-meses-el-tiempo-para-el-refuerzo-a-personal-de-salud-y-mayores-de-60-anos\/","title":{"rendered":"Covid: reducen a 4 meses el plazo de la dosis de refuerzo a personal de Salud y mayores de 60 a\u00f1os"},"content":{"rendered":"\n<p>Las 24 jurisdicciones del pa\u00eds <strong>consensuaron este domingo la recomendaci\u00f3n de reducir a 4 meses el tiempo para el refuerzo de vacunaci\u00f3n contra el coronavirus <\/strong>a <strong>personal de Salud <\/strong>y <strong>mayores de 60 a\u00f1os<\/strong>, a ra\u00edz del avance de la variante <strong>\u00d3micron<\/strong>. Hasta ahora, <strong>al menos en La Pampa, el intervalo m\u00ednimo eran 5 meses.<\/strong><\/p>\n\n\n\n<p>El objetivo, se inform\u00f3 en un comunicado de prensa, es <strong>ofrecer la m\u00e1xima protecci\u00f3n a quienes presentan mayor riesgo de exposici\u00f3n y enfermedad grave.<\/strong><\/p>\n\n\n\n<p>\u201cEsto siempre en acuerdo con los planes provinciales y las posibilidades de implementaci\u00f3n. Recordando la fundamental importancia de acelerar las estrategias para alcanzar con la primera dosis a quien no se ha vacunado a\u00fan, completar los esquemas iniciados. La protecci\u00f3n de los esquemas completos es fundamental para minimizar cualquier forma de enfermedad grave, a\u00fan en adultos j\u00f3venes, ni\u00f1as, ni\u00f1os y adolescentes\u201d, comunicaron.<\/p>\n\n\n\n<p>\u201c<strong>Esta estrategia no est\u00e1 dirigida a disminuir el n\u00famero de casos sino a ofrecer la m\u00e1xima protecci\u00f3n para disminuir hospitalizaciones y muertes a quienes tienen m\u00e1s exposici\u00f3n y riesgo<\/strong>. Es muy importante sostener los cuidados y las recomendaciones vigentes\u201d, dijeron.<\/p>\n\n\n\n<p>Destacaron que la incidencia de mortalidad en las \u00faltimas cuatro semanas fue de 4,73 cada 1.000.000 de habitantes en personas vacunadas con dos dosis y de 10,76 cada 1.000.000 de habitantes en personas que no iniciaron esquema de vacunaci\u00f3n, lo que pone en valor la importancia de avanzar en las coberturas, en todas las edades, siendo la vacunaci\u00f3n la mejor herramienta, al momento, para reducir las hospitalizaciones por Covid-19 y la mortalidad.<\/p>\n\n\n\n<figure class=\"wp-block-embed is-type-wp-embed is-provider-diario-textual wp-block-embed-diario-textual\"><div class=\"wp-block-embed__wrapper\">\n<blockquote class=\"wp-embedded-content\" data-secret=\"yP3964uwEU\"><a href=\"https:\/\/diariotextual.com\/inicio\/index.php\/2021\/12\/25\/en-testeos-ya-dan-como-probable-que-la-variante-omicron-esta-en-la-pampa\/\">En testeos, ya dan como &#8220;probable&#8221; que la variante \u00d3micron est\u00e1 en La Pampa<\/a><\/blockquote><iframe class=\"wp-embedded-content\" sandbox=\"allow-scripts\" security=\"restricted\" style=\"position: absolute; clip: rect(1px, 1px, 1px, 1px);\" title=\"\u00abEn testeos, ya dan como &#8220;probable&#8221; que la variante \u00d3micron est\u00e1 en La Pampa\u00bb \u2014 Diario Textual\" src=\"https:\/\/diariotextual.com\/inicio\/index.php\/2021\/12\/25\/en-testeos-ya-dan-como-probable-que-la-variante-omicron-esta-en-la-pampa\/embed\/#?secret=yP3964uwEU\" data-secret=\"yP3964uwEU\" width=\"600\" height=\"338\" frameborder=\"0\" marginwidth=\"0\" marginheight=\"0\" scrolling=\"no\"><\/iframe>\n<\/div><\/figure>\n","protected":false},"excerpt":{"rendered":"<p>Las 24 jurisdicciones del pa\u00eds consensuaron este domingo la recomendaci\u00f3n de reducir a 4 meses el tiempo para el refuerzo de vacunaci\u00f3n contra el coronavirus a personal de Salud y&hellip;<\/p>\n","protected":false},"author":3,"featured_media":159579,"comment_status":"closed","ping_status":"open","sticky":false,"template":"","format":"standard","meta":{"_acf_changed":false,"footnotes":""},"categories":[10,12],"tags":[],"class_list":["post-174357","post","type-post","status-publish","format-standard","has-post-thumbnail","hentry","category-portada-2","category-sociedad"],"acf":[],"yoast_head":"<!-- This site is optimized with the Yoast SEO plugin v27.5 - https:\/\/yoast.com\/product\/yoast-seo-wordpress\/ -->\n<title>Covid: reducen a 4 meses el plazo de la dosis de refuerzo a personal de Salud y mayores de 60 a\u00f1os - Diario Textual<\/title>\n<meta name=\"robots\" content=\"index, follow, max-snippet:-1, max-image-preview:large, max-video-preview:-1\" \/>\n<link rel=\"canonical\" href=\"https:\/\/diariotextual.com\/inicio\/index.php\/2021\/12\/26\/covid-reducen-a-4-meses-el-tiempo-para-el-refuerzo-a-personal-de-salud-y-mayores-de-60-anos\/\" \/>\n<meta property=\"og:locale\" content=\"es_ES\" \/>\n<meta property=\"og:type\" content=\"article\" \/>\n<meta property=\"og:title\" content=\"Covid: reducen a 4 meses el plazo de la dosis de refuerzo a personal de Salud y mayores de 60 a\u00f1os - Diario Textual\" \/>\n<meta property=\"og:description\" content=\"Las 24 jurisdicciones del pa\u00eds consensuaron este domingo la recomendaci\u00f3n de reducir a 4 meses el tiempo para el refuerzo de vacunaci\u00f3n contra el coronavirus a personal de Salud y&hellip;\" \/>\n<meta property=\"og:url\" content=\"https:\/\/diariotextual.com\/inicio\/index.php\/2021\/12\/26\/covid-reducen-a-4-meses-el-tiempo-para-el-refuerzo-a-personal-de-salud-y-mayores-de-60-anos\/\" \/>\n<meta property=\"og:site_name\" content=\"Diario Textual\" \/>\n<meta property=\"article:publisher\" content=\"https:\/\/www.facebook.com\/eltextual\" \/>\n<meta property=\"article:published_time\" content=\"2021-12-26T21:09:11+00:00\" \/>\n<meta property=\"article:modified_time\" content=\"2021-12-26T23:43:12+00:00\" \/>\n<meta property=\"og:image\" content=\"https:\/\/diariotextual.com\/inicio\/wp-content\/uploads\/2021\/08\/coronavirusvacuna2021-1021.jpg\" \/>\n\t<meta property=\"og:image:width\" content=\"911\" \/>\n\t<meta property=\"og:image:height\" content=\"590\" \/>\n\t<meta property=\"og:image:type\" content=\"image\/jpeg\" \/>\n<meta name=\"author\" content=\"Diario1 Diario1\" \/>\n<meta name=\"twitter:card\" content=\"summary_large_image\" \/>\n<meta name=\"twitter:creator\" content=\"@eltextual\" \/>\n<meta name=\"twitter:site\" content=\"@eltextual\" \/>\n<meta name=\"twitter:label1\" content=\"Escrito por\" \/>\n\t<meta name=\"twitter:data1\" content=\"Diario1 Diario1\" \/>\n\t<meta name=\"twitter:label2\" content=\"Tiempo de lectura\" \/>\n\t<meta name=\"twitter:data2\" content=\"2 minutos\" \/>\n<script type=\"application\/ld+json\" class=\"yoast-schema-graph\">{\"@context\":\"https:\\\/\\\/schema.org\",\"@graph\":[{\"@type\":\"Article\",\"@id\":\"https:\\\/\\\/diariotextual.com\\\/inicio\\\/index.php\\\/2021\\\/12\\\/26\\\/covid-reducen-a-4-meses-el-tiempo-para-el-refuerzo-a-personal-de-salud-y-mayores-de-60-anos\\\/#article\",\"isPartOf\":{\"@id\":\"https:\\\/\\\/diariotextual.com\\\/inicio\\\/index.php\\\/2021\\\/12\\\/26\\\/covid-reducen-a-4-meses-el-tiempo-para-el-refuerzo-a-personal-de-salud-y-mayores-de-60-anos\\\/\"},\"author\":{\"name\":\"Diario1 Diario1\",\"@id\":\"https:\\\/\\\/diariotextual.com\\\/inicio\\\/#\\\/schema\\\/person\\\/418fc4093c33e86ed41562db3508f958\"},\"headline\":\"Covid: reducen a 4 meses el plazo de la dosis de refuerzo a personal de Salud y mayores de 60 a\u00f1os\",\"datePublished\":\"2021-12-26T21:09:11+00:00\",\"dateModified\":\"2021-12-26T23:43:12+00:00\",\"mainEntityOfPage\":{\"@id\":\"https:\\\/\\\/diariotextual.com\\\/inicio\\\/index.php\\\/2021\\\/12\\\/26\\\/covid-reducen-a-4-meses-el-tiempo-para-el-refuerzo-a-personal-de-salud-y-mayores-de-60-anos\\\/\"},\"wordCount\":295,\"publisher\":{\"@id\":\"https:\\\/\\\/diariotextual.com\\\/inicio\\\/#organization\"},\"image\":{\"@id\":\"https:\\\/\\\/diariotextual.com\\\/inicio\\\/index.php\\\/2021\\\/12\\\/26\\\/covid-reducen-a-4-meses-el-tiempo-para-el-refuerzo-a-personal-de-salud-y-mayores-de-60-anos\\\/#primaryimage\"},\"thumbnailUrl\":\"https:\\\/\\\/diariotextual.com\\\/inicio\\\/wp-content\\\/uploads\\\/2021\\\/08\\\/coronavirusvacuna2021-1021.jpg\",\"articleSection\":[\"A - PORTADA2\",\"SOCIEDAD\"],\"inLanguage\":\"es\"},{\"@type\":\"WebPage\",\"@id\":\"https:\\\/\\\/diariotextual.com\\\/inicio\\\/index.php\\\/2021\\\/12\\\/26\\\/covid-reducen-a-4-meses-el-tiempo-para-el-refuerzo-a-personal-de-salud-y-mayores-de-60-anos\\\/\",\"url\":\"https:\\\/\\\/diariotextual.com\\\/inicio\\\/index.php\\\/2021\\\/12\\\/26\\\/covid-reducen-a-4-meses-el-tiempo-para-el-refuerzo-a-personal-de-salud-y-mayores-de-60-anos\\\/\",\"name\":\"Covid: reducen a 4 meses el plazo de la dosis de refuerzo a personal de Salud y mayores de 60 a\u00f1os - Diario Textual\",\"isPartOf\":{\"@id\":\"https:\\\/\\\/diariotextual.com\\\/inicio\\\/#website\"},\"primaryImageOfPage\":{\"@id\":\"https:\\\/\\\/diariotextual.com\\\/inicio\\\/index.php\\\/2021\\\/12\\\/26\\\/covid-reducen-a-4-meses-el-tiempo-para-el-refuerzo-a-personal-de-salud-y-mayores-de-60-anos\\\/#primaryimage\"},\"image\":{\"@id\":\"https:\\\/\\\/diariotextual.com\\\/inicio\\\/index.php\\\/2021\\\/12\\\/26\\\/covid-reducen-a-4-meses-el-tiempo-para-el-refuerzo-a-personal-de-salud-y-mayores-de-60-anos\\\/#primaryimage\"},\"thumbnailUrl\":\"https:\\\/\\\/diariotextual.com\\\/inicio\\\/wp-content\\\/uploads\\\/2021\\\/08\\\/coronavirusvacuna2021-1021.jpg\",\"datePublished\":\"2021-12-26T21:09:11+00:00\",\"dateModified\":\"2021-12-26T23:43:12+00:00\",\"breadcrumb\":{\"@id\":\"https:\\\/\\\/diariotextual.com\\\/inicio\\\/index.php\\\/2021\\\/12\\\/26\\\/covid-reducen-a-4-meses-el-tiempo-para-el-refuerzo-a-personal-de-salud-y-mayores-de-60-anos\\\/#breadcrumb\"},\"inLanguage\":\"es\",\"potentialAction\":[{\"@type\":\"ReadAction\",\"target\":[\"https:\\\/\\\/diariotextual.com\\\/inicio\\\/index.php\\\/2021\\\/12\\\/26\\\/covid-reducen-a-4-meses-el-tiempo-para-el-refuerzo-a-personal-de-salud-y-mayores-de-60-anos\\\/\"]}]},{\"@type\":\"ImageObject\",\"inLanguage\":\"es\",\"@id\":\"https:\\\/\\\/diariotextual.com\\\/inicio\\\/index.php\\\/2021\\\/12\\\/26\\\/covid-reducen-a-4-meses-el-tiempo-para-el-refuerzo-a-personal-de-salud-y-mayores-de-60-anos\\\/#primaryimage\",\"url\":\"https:\\\/\\\/diariotextual.com\\\/inicio\\\/wp-content\\\/uploads\\\/2021\\\/08\\\/coronavirusvacuna2021-1021.jpg\",\"contentUrl\":\"https:\\\/\\\/diariotextual.com\\\/inicio\\\/wp-content\\\/uploads\\\/2021\\\/08\\\/coronavirusvacuna2021-1021.jpg\",\"width\":911,\"height\":590},{\"@type\":\"BreadcrumbList\",\"@id\":\"https:\\\/\\\/diariotextual.com\\\/inicio\\\/index.php\\\/2021\\\/12\\\/26\\\/covid-reducen-a-4-meses-el-tiempo-para-el-refuerzo-a-personal-de-salud-y-mayores-de-60-anos\\\/#breadcrumb\",\"itemListElement\":[{\"@type\":\"ListItem\",\"position\":1,\"name\":\"Portada\",\"item\":\"https:\\\/\\\/diariotextual.com\\\/inicio\\\/\"},{\"@type\":\"ListItem\",\"position\":2,\"name\":\"Covid: reducen a 4 meses el plazo de la dosis de refuerzo a personal de Salud y mayores de 60 a\u00f1os\"}]},{\"@type\":\"WebSite\",\"@id\":\"https:\\\/\\\/diariotextual.com\\\/inicio\\\/#website\",\"url\":\"https:\\\/\\\/diariotextual.com\\\/inicio\\\/\",\"name\":\"Diario Textual\",\"description\":\"\",\"publisher\":{\"@id\":\"https:\\\/\\\/diariotextual.com\\\/inicio\\\/#organization\"},\"potentialAction\":[{\"@type\":\"SearchAction\",\"target\":{\"@type\":\"EntryPoint\",\"urlTemplate\":\"https:\\\/\\\/diariotextual.com\\\/inicio\\\/?s={search_term_string}\"},\"query-input\":{\"@type\":\"PropertyValueSpecification\",\"valueRequired\":true,\"valueName\":\"search_term_string\"}}],\"inLanguage\":\"es\"},{\"@type\":\"Organization\",\"@id\":\"https:\\\/\\\/diariotextual.com\\\/inicio\\\/#organization\",\"name\":\"Diario Textual\",\"url\":\"https:\\\/\\\/diariotextual.com\\\/inicio\\\/\",\"logo\":{\"@type\":\"ImageObject\",\"inLanguage\":\"es\",\"@id\":\"https:\\\/\\\/diariotextual.com\\\/inicio\\\/#\\\/schema\\\/logo\\\/image\\\/\",\"url\":\"https:\\\/\\\/diariotextual.com\\\/inicio\\\/wp-content\\\/uploads\\\/2023\\\/05\\\/logotextual1.jpg\",\"contentUrl\":\"https:\\\/\\\/diariotextual.com\\\/inicio\\\/wp-content\\\/uploads\\\/2023\\\/05\\\/logotextual1.jpg\",\"width\":516,\"height\":76,\"caption\":\"Diario Textual\"},\"image\":{\"@id\":\"https:\\\/\\\/diariotextual.com\\\/inicio\\\/#\\\/schema\\\/logo\\\/image\\\/\"},\"sameAs\":[\"https:\\\/\\\/www.facebook.com\\\/eltextual\",\"https:\\\/\\\/x.com\\\/eltextual\",\"http:\\\/\\\/www.instagram.com\\\/eltextual\"]},{\"@type\":\"Person\",\"@id\":\"https:\\\/\\\/diariotextual.com\\\/inicio\\\/#\\\/schema\\\/person\\\/418fc4093c33e86ed41562db3508f958\",\"name\":\"Diario1 Diario1\",\"image\":{\"@type\":\"ImageObject\",\"inLanguage\":\"es\",\"@id\":\"https:\\\/\\\/secure.gravatar.com\\\/avatar\\\/9167d280179c85bc18be67aa7eda765854300033af4896dd779b608640f2ef7a?s=96&d=mm&r=g\",\"url\":\"https:\\\/\\\/secure.gravatar.com\\\/avatar\\\/9167d280179c85bc18be67aa7eda765854300033af4896dd779b608640f2ef7a?s=96&d=mm&r=g\",\"contentUrl\":\"https:\\\/\\\/secure.gravatar.com\\\/avatar\\\/9167d280179c85bc18be67aa7eda765854300033af4896dd779b608640f2ef7a?s=96&d=mm&r=g\",\"caption\":\"Diario1 Diario1\"},\"url\":\"https:\\\/\\\/diariotextual.com\\\/inicio\\\/index.php\\\/author\\\/diario1\\\/\"}]}<\/script>\n<!-- \/ Yoast SEO plugin. -->","yoast_head_json":{"title":"Covid: reducen a 4 meses el plazo de la dosis de refuerzo a personal de Salud y mayores de 60 a\u00f1os - Diario Textual","robots":{"index":"index","follow":"follow","max-snippet":"max-snippet:-1","max-image-preview":"max-image-preview:large","max-video-preview":"max-video-preview:-1"},"canonical":"https:\/\/diariotextual.com\/inicio\/index.php\/2021\/12\/26\/covid-reducen-a-4-meses-el-tiempo-para-el-refuerzo-a-personal-de-salud-y-mayores-de-60-anos\/","og_locale":"es_ES","og_type":"article","og_title":"Covid: reducen a 4 meses el plazo de la dosis de refuerzo a personal de Salud y mayores de 60 a\u00f1os - Diario Textual","og_description":"Las 24 jurisdicciones del pa\u00eds consensuaron este domingo la recomendaci\u00f3n de reducir a 4 meses el tiempo para el refuerzo de vacunaci\u00f3n contra el coronavirus a personal de Salud y&hellip;","og_url":"https:\/\/diariotextual.com\/inicio\/index.php\/2021\/12\/26\/covid-reducen-a-4-meses-el-tiempo-para-el-refuerzo-a-personal-de-salud-y-mayores-de-60-anos\/","og_site_name":"Diario Textual","article_publisher":"https:\/\/www.facebook.com\/eltextual","article_published_time":"2021-12-26T21:09:11+00:00","article_modified_time":"2021-12-26T23:43:12+00:00","og_image":[{"width":911,"height":590,"url":"https:\/\/diariotextual.com\/inicio\/wp-content\/uploads\/2021\/08\/coronavirusvacuna2021-1021.jpg","type":"image\/jpeg"}],"author":"Diario1 Diario1","twitter_card":"summary_large_image","twitter_creator":"@eltextual","twitter_site":"@eltextual","twitter_misc":{"Escrito por":"Diario1 Diario1","Tiempo de lectura":"2 minutos"},"schema":{"@context":"https:\/\/schema.org","@graph":[{"@type":"Article","@id":"https:\/\/diariotextual.com\/inicio\/index.php\/2021\/12\/26\/covid-reducen-a-4-meses-el-tiempo-para-el-refuerzo-a-personal-de-salud-y-mayores-de-60-anos\/#article","isPartOf":{"@id":"https:\/\/diariotextual.com\/inicio\/index.php\/2021\/12\/26\/covid-reducen-a-4-meses-el-tiempo-para-el-refuerzo-a-personal-de-salud-y-mayores-de-60-anos\/"},"author":{"name":"Diario1 Diario1","@id":"https:\/\/diariotextual.com\/inicio\/#\/schema\/person\/418fc4093c33e86ed41562db3508f958"},"headline":"Covid: reducen a 4 meses el plazo de la dosis de refuerzo a personal de Salud y mayores de 60 a\u00f1os","datePublished":"2021-12-26T21:09:11+00:00","dateModified":"2021-12-26T23:43:12+00:00","mainEntityOfPage":{"@id":"https:\/\/diariotextual.com\/inicio\/index.php\/2021\/12\/26\/covid-reducen-a-4-meses-el-tiempo-para-el-refuerzo-a-personal-de-salud-y-mayores-de-60-anos\/"},"wordCount":295,"publisher":{"@id":"https:\/\/diariotextual.com\/inicio\/#organization"},"image":{"@id":"https:\/\/diariotextual.com\/inicio\/index.php\/2021\/12\/26\/covid-reducen-a-4-meses-el-tiempo-para-el-refuerzo-a-personal-de-salud-y-mayores-de-60-anos\/#primaryimage"},"thumbnailUrl":"https:\/\/diariotextual.com\/inicio\/wp-content\/uploads\/2021\/08\/coronavirusvacuna2021-1021.jpg","articleSection":["A - PORTADA2","SOCIEDAD"],"inLanguage":"es"},{"@type":"WebPage","@id":"https:\/\/diariotextual.com\/inicio\/index.php\/2021\/12\/26\/covid-reducen-a-4-meses-el-tiempo-para-el-refuerzo-a-personal-de-salud-y-mayores-de-60-anos\/","url":"https:\/\/diariotextual.com\/inicio\/index.php\/2021\/12\/26\/covid-reducen-a-4-meses-el-tiempo-para-el-refuerzo-a-personal-de-salud-y-mayores-de-60-anos\/","name":"Covid: reducen a 4 meses el plazo de la dosis de refuerzo a personal de Salud y mayores de 60 a\u00f1os - Diario Textual","isPartOf":{"@id":"https:\/\/diariotextual.com\/inicio\/#website"},"primaryImageOfPage":{"@id":"https:\/\/diariotextual.com\/inicio\/index.php\/2021\/12\/26\/covid-reducen-a-4-meses-el-tiempo-para-el-refuerzo-a-personal-de-salud-y-mayores-de-60-anos\/#primaryimage"},"image":{"@id":"https:\/\/diariotextual.com\/inicio\/index.php\/2021\/12\/26\/covid-reducen-a-4-meses-el-tiempo-para-el-refuerzo-a-personal-de-salud-y-mayores-de-60-anos\/#primaryimage"},"thumbnailUrl":"https:\/\/diariotextual.com\/inicio\/wp-content\/uploads\/2021\/08\/coronavirusvacuna2021-1021.jpg","datePublished":"2021-12-26T21:09:11+00:00","dateModified":"2021-12-26T23:43:12+00:00","breadcrumb":{"@id":"https:\/\/diariotextual.com\/inicio\/index.php\/2021\/12\/26\/covid-reducen-a-4-meses-el-tiempo-para-el-refuerzo-a-personal-de-salud-y-mayores-de-60-anos\/#breadcrumb"},"inLanguage":"es","potentialAction":[{"@type":"ReadAction","target":["https:\/\/diariotextual.com\/inicio\/index.php\/2021\/12\/26\/covid-reducen-a-4-meses-el-tiempo-para-el-refuerzo-a-personal-de-salud-y-mayores-de-60-anos\/"]}]},{"@type":"ImageObject","inLanguage":"es","@id":"https:\/\/diariotextual.com\/inicio\/index.php\/2021\/12\/26\/covid-reducen-a-4-meses-el-tiempo-para-el-refuerzo-a-personal-de-salud-y-mayores-de-60-anos\/#primaryimage","url":"https:\/\/diariotextual.com\/inicio\/wp-content\/uploads\/2021\/08\/coronavirusvacuna2021-1021.jpg","contentUrl":"https:\/\/diariotextual.com\/inicio\/wp-content\/uploads\/2021\/08\/coronavirusvacuna2021-1021.jpg","width":911,"height":590},{"@type":"BreadcrumbList","@id":"https:\/\/diariotextual.com\/inicio\/index.php\/2021\/12\/26\/covid-reducen-a-4-meses-el-tiempo-para-el-refuerzo-a-personal-de-salud-y-mayores-de-60-anos\/#breadcrumb","itemListElement":[{"@type":"ListItem","position":1,"name":"Portada","item":"https:\/\/diariotextual.com\/inicio\/"},{"@type":"ListItem","position":2,"name":"Covid: reducen a 4 meses el plazo de la dosis de refuerzo a personal de Salud y mayores de 60 a\u00f1os"}]},{"@type":"WebSite","@id":"https:\/\/diariotextual.com\/inicio\/#website","url":"https:\/\/diariotextual.com\/inicio\/","name":"Diario Textual","description":"","publisher":{"@id":"https:\/\/diariotextual.com\/inicio\/#organization"},"potentialAction":[{"@type":"SearchAction","target":{"@type":"EntryPoint","urlTemplate":"https:\/\/diariotextual.com\/inicio\/?s={search_term_string}"},"query-input":{"@type":"PropertyValueSpecification","valueRequired":true,"valueName":"search_term_string"}}],"inLanguage":"es"},{"@type":"Organization","@id":"https:\/\/diariotextual.com\/inicio\/#organization","name":"Diario Textual","url":"https:\/\/diariotextual.com\/inicio\/","logo":{"@type":"ImageObject","inLanguage":"es","@id":"https:\/\/diariotextual.com\/inicio\/#\/schema\/logo\/image\/","url":"https:\/\/diariotextual.com\/inicio\/wp-content\/uploads\/2023\/05\/logotextual1.jpg","contentUrl":"https:\/\/diariotextual.com\/inicio\/wp-content\/uploads\/2023\/05\/logotextual1.jpg","width":516,"height":76,"caption":"Diario Textual"},"image":{"@id":"https:\/\/diariotextual.com\/inicio\/#\/schema\/logo\/image\/"},"sameAs":["https:\/\/www.facebook.com\/eltextual","https:\/\/x.com\/eltextual","http:\/\/www.instagram.com\/eltextual"]},{"@type":"Person","@id":"https:\/\/diariotextual.com\/inicio\/#\/schema\/person\/418fc4093c33e86ed41562db3508f958","name":"Diario1 Diario1","image":{"@type":"ImageObject","inLanguage":"es","@id":"https:\/\/secure.gravatar.com\/avatar\/9167d280179c85bc18be67aa7eda765854300033af4896dd779b608640f2ef7a?s=96&d=mm&r=g","url":"https:\/\/secure.gravatar.com\/avatar\/9167d280179c85bc18be67aa7eda765854300033af4896dd779b608640f2ef7a?s=96&d=mm&r=g","contentUrl":"https:\/\/secure.gravatar.com\/avatar\/9167d280179c85bc18be67aa7eda765854300033af4896dd779b608640f2ef7a?s=96&d=mm&r=g","caption":"Diario1 Diario1"},"url":"https:\/\/diariotextual.com\/inicio\/index.php\/author\/diario1\/"}]}},"_links":{"self":[{"href":"https:\/\/diariotextual.com\/inicio\/index.php\/wp-json\/wp\/v2\/posts\/174357","targetHints":{"allow":["GET"]}}],"collection":[{"href":"https:\/\/diariotextual.com\/inicio\/index.php\/wp-json\/wp\/v2\/posts"}],"about":[{"href":"https:\/\/diariotextual.com\/inicio\/index.php\/wp-json\/wp\/v2\/types\/post"}],"author":[{"embeddable":true,"href":"https:\/\/diariotextual.com\/inicio\/index.php\/wp-json\/wp\/v2\/users\/3"}],"replies":[{"embeddable":true,"href":"https:\/\/diariotextual.com\/inicio\/index.php\/wp-json\/wp\/v2\/comments?post=174357"}],"version-history":[{"count":3,"href":"https:\/\/diariotextual.com\/inicio\/index.php\/wp-json\/wp\/v2\/posts\/174357\/revisions"}],"predecessor-version":[{"id":174365,"href":"https:\/\/diariotextual.com\/inicio\/index.php\/wp-json\/wp\/v2\/posts\/174357\/revisions\/174365"}],"wp:featuredmedia":[{"embeddable":true,"href":"https:\/\/diariotextual.com\/inicio\/index.php\/wp-json\/wp\/v2\/media\/159579"}],"wp:attachment":[{"href":"https:\/\/diariotextual.com\/inicio\/index.php\/wp-json\/wp\/v2\/media?parent=174357"}],"wp:term":[{"taxonomy":"category","embeddable":true,"href":"https:\/\/diariotextual.com\/inicio\/index.php\/wp-json\/wp\/v2\/categories?post=174357"},{"taxonomy":"post_tag","embeddable":true,"href":"https:\/\/diariotextual.com\/inicio\/index.php\/wp-json\/wp\/v2\/tags?post=174357"}],"curies":[{"name":"wp","href":"https:\/\/api.w.org\/{rel}","templated":true}]}}