{"id":174485,"date":"2021-12-27T10:36:04","date_gmt":"2021-12-27T13:36:04","guid":{"rendered":"https:\/\/diariotextual.com\/inicio\/?p=174485"},"modified":"2021-12-27T17:49:11","modified_gmt":"2021-12-27T20:49:11","slug":"denunciaran-a-funcionarios-de-vidal-por-promover-un-armado-de-causas-a-distintos-gremios","status":"publish","type":"post","link":"https:\/\/diariotextual.com\/inicio\/index.php\/2021\/12\/27\/denunciaran-a-funcionarios-de-vidal-por-promover-un-armado-de-causas-a-distintos-gremios\/","title":{"rendered":"Denunciar\u00e1n a funcionarios de Vidal por promover un armado de causas a distintos gremios"},"content":{"rendered":"\n<p>La Agencia Federal de Inteligencia que conduce Cristina Cama\u00f1o presentar\u00e1 este lunes una <strong>denuncia contra funcionarios de la exgobernadora Mar\u00eda Eugenia Vidal<\/strong> al conocerse videos en los que quedaron registradas reuniones del entonces ministro de Trabajo bonaerense, Marcelo Villegas, promoviendo el <strong>armado de causas contra dirigentes gremiales<\/strong>, confirmaron fuentes oficiales.<\/p>\n\n\n\n<p><strong>\u201cCr\u00e9eme que si yo pudiera tener, y esto te lo voy a desmentir en cualquier parte, si yo pudiera tener una Gestapo, una fuerza de embestida para terminar con todos los gremios, lo har\u00eda\u201d<\/strong>, dijo el entonces ministro de Trabajo de la exgobernadora de la provincia de Buenos Aires, Mar\u00eda Eugenia Vidal.<\/p>\n\n\n\n<p>Las declaraciones las pronunci\u00f3 el 15 de junio de 2017 en una reuni\u00f3n en el Banco Provincia de La Plata, frente a empresarios de la construcci\u00f3n y acompa\u00f1ado del exministro de Infraestructura provincial, Roberto Gigante; de Adri\u00e1n Grassi, exsubsecretario de Justicia de Provincia de Buenos Aires; de Juan Pablo Allan, senador provincial y del intendente de La Plata, Julio Garro.<\/p>\n\n\n\n<p>En ese encuentro, los funcionarios garantizaban a los empresarios que ten\u00edan una estrategia coordinada con el Poder Judicial y \u201cavalada por Naci\u00f3n y provincia\u201d\u00a0para impulsar una investigaci\u00f3n en la que se logre el enjuiciamiento de diversas personas vinculadas a la pr\u00e1ctica sindical centralizada en la actividad de la construcci\u00f3n.<\/p>\n\n\n\n<p>La informaci\u00f3n fue hallada por la AFI en videos grabados durante el encuentro y forma parte de una denuncia que presentar\u00e1 en la ma\u00f1ana del lunes la interventora del organismo, Cristina Caama\u00f1o, ante la justicia federal de La Plata, para que el juez realice una investigaci\u00f3n por presunta comisi\u00f3n de un grave delito de acci\u00f3n p\u00fablica.<\/p>\n\n\n\n<p>En la reuni\u00f3n, de la que adem\u00e1s participaron Marcelo Jaworski, director general de Copetro; Fabi\u00e1n Cusini, constructor y organizador inmobiliario, presidente de Agrineco; Fernando Sacrachi, Director de ACIP; Guillermo Moretto, Presidente del Colegio de Arquitectos de La Plata, tres personas que no pudieron ser indentificadas y otras tres solo mencionadas con el nombre de pila,\u00a0el entonces ministro de Trabajo bonaerense tambi\u00e9n explic\u00f3 que el plan no era solo ir contra los sindicatos, sino tambi\u00e9n contra los trabajadores p\u00fablicos.<\/p>\n\n\n\n<p>\u201cLas leyes son las leyes, tengo que modificar la ley 10.430, sacarles estabilidad a los empleados p\u00fablicos de la provincia, cosa que por ah\u00ed dentro de 100 a\u00f1os un nieto m\u00edo lo vea\u201d, pregon\u00f3 Villegas.<\/p>\n\n\n\n<p>Los videos fueron encontrados por la AFI en un disco r\u00edgido, mientras realizaban tareas de mantenimiento.<\/p>\n\n\n\n<p>De acuerdo con la presentaci\u00f3n de la denuncia, en otro de los extractos de las declaraciones que se observan en el video, se lo escucha al exministro Villegas afirmar: \u201cEl esquema es el siguiente, nosotros necesitamos pre constituir una serie de elementos para impulsar una causa judicial, esa causa judicial se impulsa desde el punto de vista de lo que es laboral o desde el punto de vista de m\u00e1s que laborales, de amenaza y estas palabrejas se impulsa con testimonios de unas diez personas que nosotros ya estamos trabajando sobre ellos\u201d.<\/p>\n\n\n\n<p>\u201cLas presentaciones que ustedes nos hagan a nosotros como instituciones, con eso se le da volumen a una instancia judicial a partir de la cual la fiscal, con todo el soporte de la procuraci\u00f3n general, tiene que estar medidas para generar m\u00e1s volumen y despu\u00e9s aprobar esas medidas. Hemos chequeado con la procuraci\u00f3n, con la fiscal\u00eda, con el juez que eso va a funcionar\u201d, completaba su idea Villegas. \u201cLas leyes son las leyes, tengo que modificar la ley 10.430, sacarles estabilidad a los empleados p\u00fablicos de la provincia, cosa que por ah\u00ed dentro de 100 a\u00f1os un nieto m\u00edo lo vea\u201d<\/p>\n\n\n\n<p>Tres meses despu\u00e9s de esa reuni\u00f3n, el 27 de septiembre, el titular de la Uocra en La Plata, Juan Pablo \u201cPata\u201d Medina, fue detenido y en esa ocasi\u00f3n las c\u00e1maras empresarias y la exgobernadora, Mar\u00eda Eugenia Vidal, y el expresidente Mauricio Macri celebraron la situaci\u00f3n.<\/p>\n\n\n\n<p>\u201cLa amenaza no es el camino, hoy no hay lugar para el apriete; no vamos a convivir con eso, hay una Justicia que no est\u00e1 dispuesta a convivir con eso\u201d, dijo en ese entonces la gobernadora.<\/p>\n","protected":false},"excerpt":{"rendered":"<p>La Agencia Federal de Inteligencia que conduce Cristina Cama\u00f1o presentar\u00e1 este lunes una denuncia contra funcionarios de la exgobernadora Mar\u00eda Eugenia Vidal al conocerse videos en los que quedaron registradas&hellip;<\/p>\n","protected":false},"author":7,"featured_media":174486,"comment_status":"closed","ping_status":"open","sticky":false,"template":"","format":"standard","meta":{"_acf_changed":false,"footnotes":""},"categories":[10,8],"tags":[],"class_list":["post-174485","post","type-post","status-publish","format-standard","has-post-thumbnail","hentry","category-portada-2","category-politica"],"acf":[],"yoast_head":"<!-- This site is optimized with the Yoast SEO plugin v27.5 - https:\/\/yoast.com\/product\/yoast-seo-wordpress\/ -->\n<title>Denunciar\u00e1n a funcionarios de Vidal por promover un armado de causas a distintos gremios - Diario Textual<\/title>\n<meta name=\"robots\" content=\"index, follow, max-snippet:-1, max-image-preview:large, max-video-preview:-1\" \/>\n<link rel=\"canonical\" href=\"https:\/\/diariotextual.com\/inicio\/index.php\/2021\/12\/27\/denunciaran-a-funcionarios-de-vidal-por-promover-un-armado-de-causas-a-distintos-gremios\/\" \/>\n<meta property=\"og:locale\" content=\"es_ES\" \/>\n<meta property=\"og:type\" content=\"article\" \/>\n<meta property=\"og:title\" content=\"Denunciar\u00e1n a funcionarios de Vidal por promover un armado de causas a distintos gremios - Diario Textual\" \/>\n<meta property=\"og:description\" content=\"La Agencia Federal de Inteligencia que conduce Cristina Cama\u00f1o presentar\u00e1 este lunes una denuncia contra funcionarios de la exgobernadora Mar\u00eda Eugenia Vidal al conocerse videos en los que quedaron registradas&hellip;\" \/>\n<meta property=\"og:url\" content=\"https:\/\/diariotextual.com\/inicio\/index.php\/2021\/12\/27\/denunciaran-a-funcionarios-de-vidal-por-promover-un-armado-de-causas-a-distintos-gremios\/\" \/>\n<meta property=\"og:site_name\" content=\"Diario Textual\" \/>\n<meta property=\"article:publisher\" content=\"https:\/\/www.facebook.com\/eltextual\" \/>\n<meta property=\"article:published_time\" content=\"2021-12-27T13:36:04+00:00\" \/>\n<meta property=\"article:modified_time\" content=\"2021-12-27T20:49:11+00:00\" \/>\n<meta property=\"og:image\" content=\"https:\/\/diariotextual.com\/inicio\/wp-content\/uploads\/2021\/12\/villegasmarcelo.jpg\" \/>\n\t<meta property=\"og:image:width\" content=\"900\" \/>\n\t<meta property=\"og:image:height\" content=\"506\" \/>\n\t<meta property=\"og:image:type\" content=\"image\/jpeg\" \/>\n<meta name=\"author\" content=\"diario5\" \/>\n<meta name=\"twitter:card\" content=\"summary_large_image\" \/>\n<meta name=\"twitter:creator\" content=\"@eltextual\" \/>\n<meta name=\"twitter:site\" content=\"@eltextual\" \/>\n<meta name=\"twitter:label1\" content=\"Escrito por\" \/>\n\t<meta name=\"twitter:data1\" content=\"diario5\" \/>\n\t<meta name=\"twitter:label2\" content=\"Tiempo de lectura\" \/>\n\t<meta name=\"twitter:data2\" content=\"3 minutos\" \/>\n<script type=\"application\/ld+json\" class=\"yoast-schema-graph\">{\"@context\":\"https:\\\/\\\/schema.org\",\"@graph\":[{\"@type\":\"Article\",\"@id\":\"https:\\\/\\\/diariotextual.com\\\/inicio\\\/index.php\\\/2021\\\/12\\\/27\\\/denunciaran-a-funcionarios-de-vidal-por-promover-un-armado-de-causas-a-distintos-gremios\\\/#article\",\"isPartOf\":{\"@id\":\"https:\\\/\\\/diariotextual.com\\\/inicio\\\/index.php\\\/2021\\\/12\\\/27\\\/denunciaran-a-funcionarios-de-vidal-por-promover-un-armado-de-causas-a-distintos-gremios\\\/\"},\"author\":{\"name\":\"diario5\",\"@id\":\"https:\\\/\\\/diariotextual.com\\\/inicio\\\/#\\\/schema\\\/person\\\/c7834961ad8b29b1d9cdbf4571299067\"},\"headline\":\"Denunciar\u00e1n a funcionarios de Vidal por promover un armado de causas a distintos gremios\",\"datePublished\":\"2021-12-27T13:36:04+00:00\",\"dateModified\":\"2021-12-27T20:49:11+00:00\",\"mainEntityOfPage\":{\"@id\":\"https:\\\/\\\/diariotextual.com\\\/inicio\\\/index.php\\\/2021\\\/12\\\/27\\\/denunciaran-a-funcionarios-de-vidal-por-promover-un-armado-de-causas-a-distintos-gremios\\\/\"},\"wordCount\":727,\"publisher\":{\"@id\":\"https:\\\/\\\/diariotextual.com\\\/inicio\\\/#organization\"},\"image\":{\"@id\":\"https:\\\/\\\/diariotextual.com\\\/inicio\\\/index.php\\\/2021\\\/12\\\/27\\\/denunciaran-a-funcionarios-de-vidal-por-promover-un-armado-de-causas-a-distintos-gremios\\\/#primaryimage\"},\"thumbnailUrl\":\"https:\\\/\\\/diariotextual.com\\\/inicio\\\/wp-content\\\/uploads\\\/2021\\\/12\\\/villegasmarcelo.jpg\",\"articleSection\":[\"A - PORTADA2\",\"POLITICA\"],\"inLanguage\":\"es\"},{\"@type\":\"WebPage\",\"@id\":\"https:\\\/\\\/diariotextual.com\\\/inicio\\\/index.php\\\/2021\\\/12\\\/27\\\/denunciaran-a-funcionarios-de-vidal-por-promover-un-armado-de-causas-a-distintos-gremios\\\/\",\"url\":\"https:\\\/\\\/diariotextual.com\\\/inicio\\\/index.php\\\/2021\\\/12\\\/27\\\/denunciaran-a-funcionarios-de-vidal-por-promover-un-armado-de-causas-a-distintos-gremios\\\/\",\"name\":\"Denunciar\u00e1n a funcionarios de Vidal por promover un armado de causas a distintos gremios - Diario Textual\",\"isPartOf\":{\"@id\":\"https:\\\/\\\/diariotextual.com\\\/inicio\\\/#website\"},\"primaryImageOfPage\":{\"@id\":\"https:\\\/\\\/diariotextual.com\\\/inicio\\\/index.php\\\/2021\\\/12\\\/27\\\/denunciaran-a-funcionarios-de-vidal-por-promover-un-armado-de-causas-a-distintos-gremios\\\/#primaryimage\"},\"image\":{\"@id\":\"https:\\\/\\\/diariotextual.com\\\/inicio\\\/index.php\\\/2021\\\/12\\\/27\\\/denunciaran-a-funcionarios-de-vidal-por-promover-un-armado-de-causas-a-distintos-gremios\\\/#primaryimage\"},\"thumbnailUrl\":\"https:\\\/\\\/diariotextual.com\\\/inicio\\\/wp-content\\\/uploads\\\/2021\\\/12\\\/villegasmarcelo.jpg\",\"datePublished\":\"2021-12-27T13:36:04+00:00\",\"dateModified\":\"2021-12-27T20:49:11+00:00\",\"breadcrumb\":{\"@id\":\"https:\\\/\\\/diariotextual.com\\\/inicio\\\/index.php\\\/2021\\\/12\\\/27\\\/denunciaran-a-funcionarios-de-vidal-por-promover-un-armado-de-causas-a-distintos-gremios\\\/#breadcrumb\"},\"inLanguage\":\"es\",\"potentialAction\":[{\"@type\":\"ReadAction\",\"target\":[\"https:\\\/\\\/diariotextual.com\\\/inicio\\\/index.php\\\/2021\\\/12\\\/27\\\/denunciaran-a-funcionarios-de-vidal-por-promover-un-armado-de-causas-a-distintos-gremios\\\/\"]}]},{\"@type\":\"ImageObject\",\"inLanguage\":\"es\",\"@id\":\"https:\\\/\\\/diariotextual.com\\\/inicio\\\/index.php\\\/2021\\\/12\\\/27\\\/denunciaran-a-funcionarios-de-vidal-por-promover-un-armado-de-causas-a-distintos-gremios\\\/#primaryimage\",\"url\":\"https:\\\/\\\/diariotextual.com\\\/inicio\\\/wp-content\\\/uploads\\\/2021\\\/12\\\/villegasmarcelo.jpg\",\"contentUrl\":\"https:\\\/\\\/diariotextual.com\\\/inicio\\\/wp-content\\\/uploads\\\/2021\\\/12\\\/villegasmarcelo.jpg\",\"width\":900,\"height\":506},{\"@type\":\"BreadcrumbList\",\"@id\":\"https:\\\/\\\/diariotextual.com\\\/inicio\\\/index.php\\\/2021\\\/12\\\/27\\\/denunciaran-a-funcionarios-de-vidal-por-promover-un-armado-de-causas-a-distintos-gremios\\\/#breadcrumb\",\"itemListElement\":[{\"@type\":\"ListItem\",\"position\":1,\"name\":\"Portada\",\"item\":\"https:\\\/\\\/diariotextual.com\\\/inicio\\\/\"},{\"@type\":\"ListItem\",\"position\":2,\"name\":\"Denunciar\u00e1n a funcionarios de Vidal por promover un armado de causas a distintos gremios\"}]},{\"@type\":\"WebSite\",\"@id\":\"https:\\\/\\\/diariotextual.com\\\/inicio\\\/#website\",\"url\":\"https:\\\/\\\/diariotextual.com\\\/inicio\\\/\",\"name\":\"Diario Textual\",\"description\":\"\",\"publisher\":{\"@id\":\"https:\\\/\\\/diariotextual.com\\\/inicio\\\/#organization\"},\"potentialAction\":[{\"@type\":\"SearchAction\",\"target\":{\"@type\":\"EntryPoint\",\"urlTemplate\":\"https:\\\/\\\/diariotextual.com\\\/inicio\\\/?s={search_term_string}\"},\"query-input\":{\"@type\":\"PropertyValueSpecification\",\"valueRequired\":true,\"valueName\":\"search_term_string\"}}],\"inLanguage\":\"es\"},{\"@type\":\"Organization\",\"@id\":\"https:\\\/\\\/diariotextual.com\\\/inicio\\\/#organization\",\"name\":\"Diario Textual\",\"url\":\"https:\\\/\\\/diariotextual.com\\\/inicio\\\/\",\"logo\":{\"@type\":\"ImageObject\",\"inLanguage\":\"es\",\"@id\":\"https:\\\/\\\/diariotextual.com\\\/inicio\\\/#\\\/schema\\\/logo\\\/image\\\/\",\"url\":\"https:\\\/\\\/diariotextual.com\\\/inicio\\\/wp-content\\\/uploads\\\/2023\\\/05\\\/logotextual1.jpg\",\"contentUrl\":\"https:\\\/\\\/diariotextual.com\\\/inicio\\\/wp-content\\\/uploads\\\/2023\\\/05\\\/logotextual1.jpg\",\"width\":516,\"height\":76,\"caption\":\"Diario Textual\"},\"image\":{\"@id\":\"https:\\\/\\\/diariotextual.com\\\/inicio\\\/#\\\/schema\\\/logo\\\/image\\\/\"},\"sameAs\":[\"https:\\\/\\\/www.facebook.com\\\/eltextual\",\"https:\\\/\\\/x.com\\\/eltextual\",\"http:\\\/\\\/www.instagram.com\\\/eltextual\"]},{\"@type\":\"Person\",\"@id\":\"https:\\\/\\\/diariotextual.com\\\/inicio\\\/#\\\/schema\\\/person\\\/c7834961ad8b29b1d9cdbf4571299067\",\"name\":\"diario5\",\"image\":{\"@type\":\"ImageObject\",\"inLanguage\":\"es\",\"@id\":\"https:\\\/\\\/secure.gravatar.com\\\/avatar\\\/948c893b847ca6df68216ead81b63f363408ec9b0f600fefc0641ce78613b111?s=96&d=mm&r=g\",\"url\":\"https:\\\/\\\/secure.gravatar.com\\\/avatar\\\/948c893b847ca6df68216ead81b63f363408ec9b0f600fefc0641ce78613b111?s=96&d=mm&r=g\",\"contentUrl\":\"https:\\\/\\\/secure.gravatar.com\\\/avatar\\\/948c893b847ca6df68216ead81b63f363408ec9b0f600fefc0641ce78613b111?s=96&d=mm&r=g\",\"caption\":\"diario5\"},\"url\":\"https:\\\/\\\/diariotextual.com\\\/inicio\\\/index.php\\\/author\\\/diario5\\\/\"}]}<\/script>\n<!-- \/ Yoast SEO plugin. -->","yoast_head_json":{"title":"Denunciar\u00e1n a funcionarios de Vidal por promover un armado de causas a distintos gremios - Diario Textual","robots":{"index":"index","follow":"follow","max-snippet":"max-snippet:-1","max-image-preview":"max-image-preview:large","max-video-preview":"max-video-preview:-1"},"canonical":"https:\/\/diariotextual.com\/inicio\/index.php\/2021\/12\/27\/denunciaran-a-funcionarios-de-vidal-por-promover-un-armado-de-causas-a-distintos-gremios\/","og_locale":"es_ES","og_type":"article","og_title":"Denunciar\u00e1n a funcionarios de Vidal por promover un armado de causas a distintos gremios - Diario Textual","og_description":"La Agencia Federal de Inteligencia que conduce Cristina Cama\u00f1o presentar\u00e1 este lunes una denuncia contra funcionarios de la exgobernadora Mar\u00eda Eugenia Vidal al conocerse videos en los que quedaron registradas&hellip;","og_url":"https:\/\/diariotextual.com\/inicio\/index.php\/2021\/12\/27\/denunciaran-a-funcionarios-de-vidal-por-promover-un-armado-de-causas-a-distintos-gremios\/","og_site_name":"Diario Textual","article_publisher":"https:\/\/www.facebook.com\/eltextual","article_published_time":"2021-12-27T13:36:04+00:00","article_modified_time":"2021-12-27T20:49:11+00:00","og_image":[{"width":900,"height":506,"url":"https:\/\/diariotextual.com\/inicio\/wp-content\/uploads\/2021\/12\/villegasmarcelo.jpg","type":"image\/jpeg"}],"author":"diario5","twitter_card":"summary_large_image","twitter_creator":"@eltextual","twitter_site":"@eltextual","twitter_misc":{"Escrito por":"diario5","Tiempo de lectura":"3 minutos"},"schema":{"@context":"https:\/\/schema.org","@graph":[{"@type":"Article","@id":"https:\/\/diariotextual.com\/inicio\/index.php\/2021\/12\/27\/denunciaran-a-funcionarios-de-vidal-por-promover-un-armado-de-causas-a-distintos-gremios\/#article","isPartOf":{"@id":"https:\/\/diariotextual.com\/inicio\/index.php\/2021\/12\/27\/denunciaran-a-funcionarios-de-vidal-por-promover-un-armado-de-causas-a-distintos-gremios\/"},"author":{"name":"diario5","@id":"https:\/\/diariotextual.com\/inicio\/#\/schema\/person\/c7834961ad8b29b1d9cdbf4571299067"},"headline":"Denunciar\u00e1n a funcionarios de Vidal por promover un armado de causas a distintos gremios","datePublished":"2021-12-27T13:36:04+00:00","dateModified":"2021-12-27T20:49:11+00:00","mainEntityOfPage":{"@id":"https:\/\/diariotextual.com\/inicio\/index.php\/2021\/12\/27\/denunciaran-a-funcionarios-de-vidal-por-promover-un-armado-de-causas-a-distintos-gremios\/"},"wordCount":727,"publisher":{"@id":"https:\/\/diariotextual.com\/inicio\/#organization"},"image":{"@id":"https:\/\/diariotextual.com\/inicio\/index.php\/2021\/12\/27\/denunciaran-a-funcionarios-de-vidal-por-promover-un-armado-de-causas-a-distintos-gremios\/#primaryimage"},"thumbnailUrl":"https:\/\/diariotextual.com\/inicio\/wp-content\/uploads\/2021\/12\/villegasmarcelo.jpg","articleSection":["A - PORTADA2","POLITICA"],"inLanguage":"es"},{"@type":"WebPage","@id":"https:\/\/diariotextual.com\/inicio\/index.php\/2021\/12\/27\/denunciaran-a-funcionarios-de-vidal-por-promover-un-armado-de-causas-a-distintos-gremios\/","url":"https:\/\/diariotextual.com\/inicio\/index.php\/2021\/12\/27\/denunciaran-a-funcionarios-de-vidal-por-promover-un-armado-de-causas-a-distintos-gremios\/","name":"Denunciar\u00e1n a funcionarios de Vidal por promover un armado de causas a distintos gremios - Diario Textual","isPartOf":{"@id":"https:\/\/diariotextual.com\/inicio\/#website"},"primaryImageOfPage":{"@id":"https:\/\/diariotextual.com\/inicio\/index.php\/2021\/12\/27\/denunciaran-a-funcionarios-de-vidal-por-promover-un-armado-de-causas-a-distintos-gremios\/#primaryimage"},"image":{"@id":"https:\/\/diariotextual.com\/inicio\/index.php\/2021\/12\/27\/denunciaran-a-funcionarios-de-vidal-por-promover-un-armado-de-causas-a-distintos-gremios\/#primaryimage"},"thumbnailUrl":"https:\/\/diariotextual.com\/inicio\/wp-content\/uploads\/2021\/12\/villegasmarcelo.jpg","datePublished":"2021-12-27T13:36:04+00:00","dateModified":"2021-12-27T20:49:11+00:00","breadcrumb":{"@id":"https:\/\/diariotextual.com\/inicio\/index.php\/2021\/12\/27\/denunciaran-a-funcionarios-de-vidal-por-promover-un-armado-de-causas-a-distintos-gremios\/#breadcrumb"},"inLanguage":"es","potentialAction":[{"@type":"ReadAction","target":["https:\/\/diariotextual.com\/inicio\/index.php\/2021\/12\/27\/denunciaran-a-funcionarios-de-vidal-por-promover-un-armado-de-causas-a-distintos-gremios\/"]}]},{"@type":"ImageObject","inLanguage":"es","@id":"https:\/\/diariotextual.com\/inicio\/index.php\/2021\/12\/27\/denunciaran-a-funcionarios-de-vidal-por-promover-un-armado-de-causas-a-distintos-gremios\/#primaryimage","url":"https:\/\/diariotextual.com\/inicio\/wp-content\/uploads\/2021\/12\/villegasmarcelo.jpg","contentUrl":"https:\/\/diariotextual.com\/inicio\/wp-content\/uploads\/2021\/12\/villegasmarcelo.jpg","width":900,"height":506},{"@type":"BreadcrumbList","@id":"https:\/\/diariotextual.com\/inicio\/index.php\/2021\/12\/27\/denunciaran-a-funcionarios-de-vidal-por-promover-un-armado-de-causas-a-distintos-gremios\/#breadcrumb","itemListElement":[{"@type":"ListItem","position":1,"name":"Portada","item":"https:\/\/diariotextual.com\/inicio\/"},{"@type":"ListItem","position":2,"name":"Denunciar\u00e1n a funcionarios de Vidal por promover un armado de causas a distintos gremios"}]},{"@type":"WebSite","@id":"https:\/\/diariotextual.com\/inicio\/#website","url":"https:\/\/diariotextual.com\/inicio\/","name":"Diario Textual","description":"","publisher":{"@id":"https:\/\/diariotextual.com\/inicio\/#organization"},"potentialAction":[{"@type":"SearchAction","target":{"@type":"EntryPoint","urlTemplate":"https:\/\/diariotextual.com\/inicio\/?s={search_term_string}"},"query-input":{"@type":"PropertyValueSpecification","valueRequired":true,"valueName":"search_term_string"}}],"inLanguage":"es"},{"@type":"Organization","@id":"https:\/\/diariotextual.com\/inicio\/#organization","name":"Diario Textual","url":"https:\/\/diariotextual.com\/inicio\/","logo":{"@type":"ImageObject","inLanguage":"es","@id":"https:\/\/diariotextual.com\/inicio\/#\/schema\/logo\/image\/","url":"https:\/\/diariotextual.com\/inicio\/wp-content\/uploads\/2023\/05\/logotextual1.jpg","contentUrl":"https:\/\/diariotextual.com\/inicio\/wp-content\/uploads\/2023\/05\/logotextual1.jpg","width":516,"height":76,"caption":"Diario Textual"},"image":{"@id":"https:\/\/diariotextual.com\/inicio\/#\/schema\/logo\/image\/"},"sameAs":["https:\/\/www.facebook.com\/eltextual","https:\/\/x.com\/eltextual","http:\/\/www.instagram.com\/eltextual"]},{"@type":"Person","@id":"https:\/\/diariotextual.com\/inicio\/#\/schema\/person\/c7834961ad8b29b1d9cdbf4571299067","name":"diario5","image":{"@type":"ImageObject","inLanguage":"es","@id":"https:\/\/secure.gravatar.com\/avatar\/948c893b847ca6df68216ead81b63f363408ec9b0f600fefc0641ce78613b111?s=96&d=mm&r=g","url":"https:\/\/secure.gravatar.com\/avatar\/948c893b847ca6df68216ead81b63f363408ec9b0f600fefc0641ce78613b111?s=96&d=mm&r=g","contentUrl":"https:\/\/secure.gravatar.com\/avatar\/948c893b847ca6df68216ead81b63f363408ec9b0f600fefc0641ce78613b111?s=96&d=mm&r=g","caption":"diario5"},"url":"https:\/\/diariotextual.com\/inicio\/index.php\/author\/diario5\/"}]}},"_links":{"self":[{"href":"https:\/\/diariotextual.com\/inicio\/index.php\/wp-json\/wp\/v2\/posts\/174485","targetHints":{"allow":["GET"]}}],"collection":[{"href":"https:\/\/diariotextual.com\/inicio\/index.php\/wp-json\/wp\/v2\/posts"}],"about":[{"href":"https:\/\/diariotextual.com\/inicio\/index.php\/wp-json\/wp\/v2\/types\/post"}],"author":[{"embeddable":true,"href":"https:\/\/diariotextual.com\/inicio\/index.php\/wp-json\/wp\/v2\/users\/7"}],"replies":[{"embeddable":true,"href":"https:\/\/diariotextual.com\/inicio\/index.php\/wp-json\/wp\/v2\/comments?post=174485"}],"version-history":[{"count":1,"href":"https:\/\/diariotextual.com\/inicio\/index.php\/wp-json\/wp\/v2\/posts\/174485\/revisions"}],"predecessor-version":[{"id":174487,"href":"https:\/\/diariotextual.com\/inicio\/index.php\/wp-json\/wp\/v2\/posts\/174485\/revisions\/174487"}],"wp:featuredmedia":[{"embeddable":true,"href":"https:\/\/diariotextual.com\/inicio\/index.php\/wp-json\/wp\/v2\/media\/174486"}],"wp:attachment":[{"href":"https:\/\/diariotextual.com\/inicio\/index.php\/wp-json\/wp\/v2\/media?parent=174485"}],"wp:term":[{"taxonomy":"category","embeddable":true,"href":"https:\/\/diariotextual.com\/inicio\/index.php\/wp-json\/wp\/v2\/categories?post=174485"},{"taxonomy":"post_tag","embeddable":true,"href":"https:\/\/diariotextual.com\/inicio\/index.php\/wp-json\/wp\/v2\/tags?post=174485"}],"curies":[{"name":"wp","href":"https:\/\/api.w.org\/{rel}","templated":true}]}}