{"id":174569,"date":"2021-12-28T08:17:27","date_gmt":"2021-12-28T11:17:27","guid":{"rendered":"https:\/\/diariotextual.com\/inicio\/?p=174569"},"modified":"2021-12-28T12:21:13","modified_gmt":"2021-12-28T15:21:13","slug":"secretarios-van-al-concejo-a-explicar-el-presupuesto-2022-de-santa-rosa","status":"publish","type":"post","link":"https:\/\/diariotextual.com\/inicio\/index.php\/2021\/12\/28\/secretarios-van-al-concejo-a-explicar-el-presupuesto-2022-de-santa-rosa\/","title":{"rendered":"Santa Rosa: la tarifaria prev\u00e9 suba de tasas de un 45%"},"content":{"rendered":"\n<p>Los secretarios municipales de Santa Rosa concurrieron este martes al concejo deliberante a explicar el <strong>presupuesto 2022<\/strong>, que tuvo que ser modificado por la no aprobaci\u00f3n, por parte de la oposici\u00f3n, del presupuesto nacional. La <strong>tarifaria<\/strong> contiene un <strong>incremento de tasas del 45% promedio<\/strong> y el <strong>boleto de micros subir\u00e1 desde el 1 de enero de $34 a $54.<\/strong><\/p>\n\n\n\n<p>El proyecto de presupuesto fue enviado previo al rechazo opositor al presupuesto nacional y era de $6888 millones. El rev\u00e9s legislativo hizo que los n\u00fameros tuvieran que ser modificados: la comuna recibir\u00e1 $100 millones menos. <\/p>\n\n\n\n<p>En tanto, las tasas municipales subir\u00e1n entre un 45% y 48%, seg\u00fan la tarifaria 2022.<\/p>\n\n\n\n<p>El boleto de micros, que est\u00e1 en $34, pasar\u00e1 a $54, entre las principales modificaciones.<\/p>\n\n\n\n<p>Todos estos temas ser\u00e1n tratados el jueves en sesi\u00f3n extraordinaria.<\/p>\n\n\n\n<p>El secretario de Hacienda, Pablo Echeveste, dijo que el ajuste presupuestario no afectar\u00e1 en la pol\u00edtica salarial ni la operatividad del municipio pero, tal como anticip\u00f3 Diario Textual, afectar\u00e1 las inversiones en bienes de capital y en obras p\u00fablicas.<\/p>\n\n\n\n<p>Respecto al boleto de micros, confirm\u00f3 que desde el 1 de enero subir\u00e1 $20. \u201cDesde hace dos a\u00f1os est\u00e1 congelado. El estudio de costos que hicimos nos dio $69,52, pero el municipio lo subsidiar\u00e1 para que quede en $54,60\u201d, explic\u00f3.<\/p>\n\n\n\n<p>Las tasas municipales sufrir\u00e1n un incremento promedio del 45%, dijo Echeveste a este diario digital. \u201cSe va a acompa\u00f1ar el costo de la prestaci\u00f3n de los servicios y el \u00edndice inflacionario\u201d, dijo. <\/p>\n","protected":false},"excerpt":{"rendered":"<p>Los secretarios municipales de Santa Rosa concurrieron este martes al concejo deliberante a explicar el presupuesto 2022, que tuvo que ser modificado por la no aprobaci\u00f3n, por parte de la&hellip;<\/p>\n","protected":false},"author":7,"featured_media":0,"comment_status":"closed","ping_status":"open","sticky":false,"template":"","format":"standard","meta":{"_acf_changed":false,"footnotes":""},"categories":[10,8],"tags":[765],"class_list":["post-174569","post","type-post","status-publish","format-standard","hentry","category-portada-2","category-politica","tag-presupuesto"],"acf":[],"yoast_head":"<!-- This site is optimized with the Yoast SEO plugin v27.5 - https:\/\/yoast.com\/product\/yoast-seo-wordpress\/ -->\n<title>Santa Rosa: la tarifaria prev\u00e9 suba de tasas de un 45% - Diario Textual<\/title>\n<meta name=\"robots\" content=\"index, follow, max-snippet:-1, max-image-preview:large, max-video-preview:-1\" \/>\n<link rel=\"canonical\" href=\"https:\/\/diariotextual.com\/inicio\/index.php\/2021\/12\/28\/secretarios-van-al-concejo-a-explicar-el-presupuesto-2022-de-santa-rosa\/\" \/>\n<meta property=\"og:locale\" content=\"es_ES\" \/>\n<meta property=\"og:type\" content=\"article\" \/>\n<meta property=\"og:title\" content=\"Santa Rosa: la tarifaria prev\u00e9 suba de tasas de un 45% - Diario Textual\" \/>\n<meta property=\"og:description\" content=\"Los secretarios municipales de Santa Rosa concurrieron este martes al concejo deliberante a explicar el presupuesto 2022, que tuvo que ser modificado por la no aprobaci\u00f3n, por parte de la&hellip;\" \/>\n<meta property=\"og:url\" content=\"https:\/\/diariotextual.com\/inicio\/index.php\/2021\/12\/28\/secretarios-van-al-concejo-a-explicar-el-presupuesto-2022-de-santa-rosa\/\" \/>\n<meta property=\"og:site_name\" content=\"Diario Textual\" \/>\n<meta property=\"article:publisher\" content=\"https:\/\/www.facebook.com\/eltextual\" \/>\n<meta property=\"article:published_time\" content=\"2021-12-28T11:17:27+00:00\" \/>\n<meta property=\"article:modified_time\" content=\"2021-12-28T15:21:13+00:00\" \/>\n<meta property=\"og:image\" content=\"https:\/\/diariotextual.com\/inicio\/wp-content\/uploads\/2021\/11\/municipalidadsantarosa2021-100.jpg\" \/>\n\t<meta property=\"og:image:width\" content=\"1875\" \/>\n\t<meta property=\"og:image:height\" content=\"1368\" \/>\n\t<meta property=\"og:image:type\" content=\"image\/jpeg\" \/>\n<meta name=\"author\" content=\"diario5\" \/>\n<meta name=\"twitter:card\" content=\"summary_large_image\" \/>\n<meta name=\"twitter:creator\" content=\"@eltextual\" \/>\n<meta name=\"twitter:site\" content=\"@eltextual\" \/>\n<meta name=\"twitter:label1\" content=\"Escrito por\" \/>\n\t<meta name=\"twitter:data1\" content=\"diario5\" \/>\n\t<meta name=\"twitter:label2\" content=\"Tiempo de lectura\" \/>\n\t<meta name=\"twitter:data2\" content=\"2 minutos\" \/>\n<script type=\"application\/ld+json\" class=\"yoast-schema-graph\">{\"@context\":\"https:\\\/\\\/schema.org\",\"@graph\":[{\"@type\":\"Article\",\"@id\":\"https:\\\/\\\/diariotextual.com\\\/inicio\\\/index.php\\\/2021\\\/12\\\/28\\\/secretarios-van-al-concejo-a-explicar-el-presupuesto-2022-de-santa-rosa\\\/#article\",\"isPartOf\":{\"@id\":\"https:\\\/\\\/diariotextual.com\\\/inicio\\\/index.php\\\/2021\\\/12\\\/28\\\/secretarios-van-al-concejo-a-explicar-el-presupuesto-2022-de-santa-rosa\\\/\"},\"author\":{\"name\":\"diario5\",\"@id\":\"https:\\\/\\\/diariotextual.com\\\/inicio\\\/#\\\/schema\\\/person\\\/c7834961ad8b29b1d9cdbf4571299067\"},\"headline\":\"Santa Rosa: la tarifaria prev\u00e9 suba de tasas de un 45%\",\"datePublished\":\"2021-12-28T11:17:27+00:00\",\"dateModified\":\"2021-12-28T15:21:13+00:00\",\"mainEntityOfPage\":{\"@id\":\"https:\\\/\\\/diariotextual.com\\\/inicio\\\/index.php\\\/2021\\\/12\\\/28\\\/secretarios-van-al-concejo-a-explicar-el-presupuesto-2022-de-santa-rosa\\\/\"},\"wordCount\":252,\"publisher\":{\"@id\":\"https:\\\/\\\/diariotextual.com\\\/inicio\\\/#organization\"},\"keywords\":[\"presupuesto\"],\"articleSection\":[\"A - PORTADA2\",\"POLITICA\"],\"inLanguage\":\"es\"},{\"@type\":\"WebPage\",\"@id\":\"https:\\\/\\\/diariotextual.com\\\/inicio\\\/index.php\\\/2021\\\/12\\\/28\\\/secretarios-van-al-concejo-a-explicar-el-presupuesto-2022-de-santa-rosa\\\/\",\"url\":\"https:\\\/\\\/diariotextual.com\\\/inicio\\\/index.php\\\/2021\\\/12\\\/28\\\/secretarios-van-al-concejo-a-explicar-el-presupuesto-2022-de-santa-rosa\\\/\",\"name\":\"Santa Rosa: la tarifaria prev\u00e9 suba de tasas de un 45% - Diario Textual\",\"isPartOf\":{\"@id\":\"https:\\\/\\\/diariotextual.com\\\/inicio\\\/#website\"},\"datePublished\":\"2021-12-28T11:17:27+00:00\",\"dateModified\":\"2021-12-28T15:21:13+00:00\",\"breadcrumb\":{\"@id\":\"https:\\\/\\\/diariotextual.com\\\/inicio\\\/index.php\\\/2021\\\/12\\\/28\\\/secretarios-van-al-concejo-a-explicar-el-presupuesto-2022-de-santa-rosa\\\/#breadcrumb\"},\"inLanguage\":\"es\",\"potentialAction\":[{\"@type\":\"ReadAction\",\"target\":[\"https:\\\/\\\/diariotextual.com\\\/inicio\\\/index.php\\\/2021\\\/12\\\/28\\\/secretarios-van-al-concejo-a-explicar-el-presupuesto-2022-de-santa-rosa\\\/\"]}]},{\"@type\":\"BreadcrumbList\",\"@id\":\"https:\\\/\\\/diariotextual.com\\\/inicio\\\/index.php\\\/2021\\\/12\\\/28\\\/secretarios-van-al-concejo-a-explicar-el-presupuesto-2022-de-santa-rosa\\\/#breadcrumb\",\"itemListElement\":[{\"@type\":\"ListItem\",\"position\":1,\"name\":\"Portada\",\"item\":\"https:\\\/\\\/diariotextual.com\\\/inicio\\\/\"},{\"@type\":\"ListItem\",\"position\":2,\"name\":\"Santa Rosa: la tarifaria prev\u00e9 suba de tasas de un 45%\"}]},{\"@type\":\"WebSite\",\"@id\":\"https:\\\/\\\/diariotextual.com\\\/inicio\\\/#website\",\"url\":\"https:\\\/\\\/diariotextual.com\\\/inicio\\\/\",\"name\":\"Diario Textual\",\"description\":\"\",\"publisher\":{\"@id\":\"https:\\\/\\\/diariotextual.com\\\/inicio\\\/#organization\"},\"potentialAction\":[{\"@type\":\"SearchAction\",\"target\":{\"@type\":\"EntryPoint\",\"urlTemplate\":\"https:\\\/\\\/diariotextual.com\\\/inicio\\\/?s={search_term_string}\"},\"query-input\":{\"@type\":\"PropertyValueSpecification\",\"valueRequired\":true,\"valueName\":\"search_term_string\"}}],\"inLanguage\":\"es\"},{\"@type\":\"Organization\",\"@id\":\"https:\\\/\\\/diariotextual.com\\\/inicio\\\/#organization\",\"name\":\"Diario Textual\",\"url\":\"https:\\\/\\\/diariotextual.com\\\/inicio\\\/\",\"logo\":{\"@type\":\"ImageObject\",\"inLanguage\":\"es\",\"@id\":\"https:\\\/\\\/diariotextual.com\\\/inicio\\\/#\\\/schema\\\/logo\\\/image\\\/\",\"url\":\"https:\\\/\\\/diariotextual.com\\\/inicio\\\/wp-content\\\/uploads\\\/2023\\\/05\\\/logotextual1.jpg\",\"contentUrl\":\"https:\\\/\\\/diariotextual.com\\\/inicio\\\/wp-content\\\/uploads\\\/2023\\\/05\\\/logotextual1.jpg\",\"width\":516,\"height\":76,\"caption\":\"Diario Textual\"},\"image\":{\"@id\":\"https:\\\/\\\/diariotextual.com\\\/inicio\\\/#\\\/schema\\\/logo\\\/image\\\/\"},\"sameAs\":[\"https:\\\/\\\/www.facebook.com\\\/eltextual\",\"https:\\\/\\\/x.com\\\/eltextual\",\"http:\\\/\\\/www.instagram.com\\\/eltextual\"]},{\"@type\":\"Person\",\"@id\":\"https:\\\/\\\/diariotextual.com\\\/inicio\\\/#\\\/schema\\\/person\\\/c7834961ad8b29b1d9cdbf4571299067\",\"name\":\"diario5\",\"image\":{\"@type\":\"ImageObject\",\"inLanguage\":\"es\",\"@id\":\"https:\\\/\\\/secure.gravatar.com\\\/avatar\\\/948c893b847ca6df68216ead81b63f363408ec9b0f600fefc0641ce78613b111?s=96&d=mm&r=g\",\"url\":\"https:\\\/\\\/secure.gravatar.com\\\/avatar\\\/948c893b847ca6df68216ead81b63f363408ec9b0f600fefc0641ce78613b111?s=96&d=mm&r=g\",\"contentUrl\":\"https:\\\/\\\/secure.gravatar.com\\\/avatar\\\/948c893b847ca6df68216ead81b63f363408ec9b0f600fefc0641ce78613b111?s=96&d=mm&r=g\",\"caption\":\"diario5\"},\"url\":\"https:\\\/\\\/diariotextual.com\\\/inicio\\\/index.php\\\/author\\\/diario5\\\/\"}]}<\/script>\n<!-- \/ Yoast SEO plugin. -->","yoast_head_json":{"title":"Santa Rosa: la tarifaria prev\u00e9 suba de tasas de un 45% - Diario Textual","robots":{"index":"index","follow":"follow","max-snippet":"max-snippet:-1","max-image-preview":"max-image-preview:large","max-video-preview":"max-video-preview:-1"},"canonical":"https:\/\/diariotextual.com\/inicio\/index.php\/2021\/12\/28\/secretarios-van-al-concejo-a-explicar-el-presupuesto-2022-de-santa-rosa\/","og_locale":"es_ES","og_type":"article","og_title":"Santa Rosa: la tarifaria prev\u00e9 suba de tasas de un 45% - Diario Textual","og_description":"Los secretarios municipales de Santa Rosa concurrieron este martes al concejo deliberante a explicar el presupuesto 2022, que tuvo que ser modificado por la no aprobaci\u00f3n, por parte de la&hellip;","og_url":"https:\/\/diariotextual.com\/inicio\/index.php\/2021\/12\/28\/secretarios-van-al-concejo-a-explicar-el-presupuesto-2022-de-santa-rosa\/","og_site_name":"Diario Textual","article_publisher":"https:\/\/www.facebook.com\/eltextual","article_published_time":"2021-12-28T11:17:27+00:00","article_modified_time":"2021-12-28T15:21:13+00:00","og_image":[{"width":1875,"height":1368,"url":"https:\/\/diariotextual.com\/inicio\/wp-content\/uploads\/2021\/11\/municipalidadsantarosa2021-100.jpg","type":"image\/jpeg"}],"author":"diario5","twitter_card":"summary_large_image","twitter_creator":"@eltextual","twitter_site":"@eltextual","twitter_misc":{"Escrito por":"diario5","Tiempo de lectura":"2 minutos"},"schema":{"@context":"https:\/\/schema.org","@graph":[{"@type":"Article","@id":"https:\/\/diariotextual.com\/inicio\/index.php\/2021\/12\/28\/secretarios-van-al-concejo-a-explicar-el-presupuesto-2022-de-santa-rosa\/#article","isPartOf":{"@id":"https:\/\/diariotextual.com\/inicio\/index.php\/2021\/12\/28\/secretarios-van-al-concejo-a-explicar-el-presupuesto-2022-de-santa-rosa\/"},"author":{"name":"diario5","@id":"https:\/\/diariotextual.com\/inicio\/#\/schema\/person\/c7834961ad8b29b1d9cdbf4571299067"},"headline":"Santa Rosa: la tarifaria prev\u00e9 suba de tasas de un 45%","datePublished":"2021-12-28T11:17:27+00:00","dateModified":"2021-12-28T15:21:13+00:00","mainEntityOfPage":{"@id":"https:\/\/diariotextual.com\/inicio\/index.php\/2021\/12\/28\/secretarios-van-al-concejo-a-explicar-el-presupuesto-2022-de-santa-rosa\/"},"wordCount":252,"publisher":{"@id":"https:\/\/diariotextual.com\/inicio\/#organization"},"keywords":["presupuesto"],"articleSection":["A - PORTADA2","POLITICA"],"inLanguage":"es"},{"@type":"WebPage","@id":"https:\/\/diariotextual.com\/inicio\/index.php\/2021\/12\/28\/secretarios-van-al-concejo-a-explicar-el-presupuesto-2022-de-santa-rosa\/","url":"https:\/\/diariotextual.com\/inicio\/index.php\/2021\/12\/28\/secretarios-van-al-concejo-a-explicar-el-presupuesto-2022-de-santa-rosa\/","name":"Santa Rosa: la tarifaria prev\u00e9 suba de tasas de un 45% - Diario Textual","isPartOf":{"@id":"https:\/\/diariotextual.com\/inicio\/#website"},"datePublished":"2021-12-28T11:17:27+00:00","dateModified":"2021-12-28T15:21:13+00:00","breadcrumb":{"@id":"https:\/\/diariotextual.com\/inicio\/index.php\/2021\/12\/28\/secretarios-van-al-concejo-a-explicar-el-presupuesto-2022-de-santa-rosa\/#breadcrumb"},"inLanguage":"es","potentialAction":[{"@type":"ReadAction","target":["https:\/\/diariotextual.com\/inicio\/index.php\/2021\/12\/28\/secretarios-van-al-concejo-a-explicar-el-presupuesto-2022-de-santa-rosa\/"]}]},{"@type":"BreadcrumbList","@id":"https:\/\/diariotextual.com\/inicio\/index.php\/2021\/12\/28\/secretarios-van-al-concejo-a-explicar-el-presupuesto-2022-de-santa-rosa\/#breadcrumb","itemListElement":[{"@type":"ListItem","position":1,"name":"Portada","item":"https:\/\/diariotextual.com\/inicio\/"},{"@type":"ListItem","position":2,"name":"Santa Rosa: la tarifaria prev\u00e9 suba de tasas de un 45%"}]},{"@type":"WebSite","@id":"https:\/\/diariotextual.com\/inicio\/#website","url":"https:\/\/diariotextual.com\/inicio\/","name":"Diario Textual","description":"","publisher":{"@id":"https:\/\/diariotextual.com\/inicio\/#organization"},"potentialAction":[{"@type":"SearchAction","target":{"@type":"EntryPoint","urlTemplate":"https:\/\/diariotextual.com\/inicio\/?s={search_term_string}"},"query-input":{"@type":"PropertyValueSpecification","valueRequired":true,"valueName":"search_term_string"}}],"inLanguage":"es"},{"@type":"Organization","@id":"https:\/\/diariotextual.com\/inicio\/#organization","name":"Diario Textual","url":"https:\/\/diariotextual.com\/inicio\/","logo":{"@type":"ImageObject","inLanguage":"es","@id":"https:\/\/diariotextual.com\/inicio\/#\/schema\/logo\/image\/","url":"https:\/\/diariotextual.com\/inicio\/wp-content\/uploads\/2023\/05\/logotextual1.jpg","contentUrl":"https:\/\/diariotextual.com\/inicio\/wp-content\/uploads\/2023\/05\/logotextual1.jpg","width":516,"height":76,"caption":"Diario Textual"},"image":{"@id":"https:\/\/diariotextual.com\/inicio\/#\/schema\/logo\/image\/"},"sameAs":["https:\/\/www.facebook.com\/eltextual","https:\/\/x.com\/eltextual","http:\/\/www.instagram.com\/eltextual"]},{"@type":"Person","@id":"https:\/\/diariotextual.com\/inicio\/#\/schema\/person\/c7834961ad8b29b1d9cdbf4571299067","name":"diario5","image":{"@type":"ImageObject","inLanguage":"es","@id":"https:\/\/secure.gravatar.com\/avatar\/948c893b847ca6df68216ead81b63f363408ec9b0f600fefc0641ce78613b111?s=96&d=mm&r=g","url":"https:\/\/secure.gravatar.com\/avatar\/948c893b847ca6df68216ead81b63f363408ec9b0f600fefc0641ce78613b111?s=96&d=mm&r=g","contentUrl":"https:\/\/secure.gravatar.com\/avatar\/948c893b847ca6df68216ead81b63f363408ec9b0f600fefc0641ce78613b111?s=96&d=mm&r=g","caption":"diario5"},"url":"https:\/\/diariotextual.com\/inicio\/index.php\/author\/diario5\/"}]}},"_links":{"self":[{"href":"https:\/\/diariotextual.com\/inicio\/index.php\/wp-json\/wp\/v2\/posts\/174569","targetHints":{"allow":["GET"]}}],"collection":[{"href":"https:\/\/diariotextual.com\/inicio\/index.php\/wp-json\/wp\/v2\/posts"}],"about":[{"href":"https:\/\/diariotextual.com\/inicio\/index.php\/wp-json\/wp\/v2\/types\/post"}],"author":[{"embeddable":true,"href":"https:\/\/diariotextual.com\/inicio\/index.php\/wp-json\/wp\/v2\/users\/7"}],"replies":[{"embeddable":true,"href":"https:\/\/diariotextual.com\/inicio\/index.php\/wp-json\/wp\/v2\/comments?post=174569"}],"version-history":[{"count":3,"href":"https:\/\/diariotextual.com\/inicio\/index.php\/wp-json\/wp\/v2\/posts\/174569\/revisions"}],"predecessor-version":[{"id":174590,"href":"https:\/\/diariotextual.com\/inicio\/index.php\/wp-json\/wp\/v2\/posts\/174569\/revisions\/174590"}],"wp:attachment":[{"href":"https:\/\/diariotextual.com\/inicio\/index.php\/wp-json\/wp\/v2\/media?parent=174569"}],"wp:term":[{"taxonomy":"category","embeddable":true,"href":"https:\/\/diariotextual.com\/inicio\/index.php\/wp-json\/wp\/v2\/categories?post=174569"},{"taxonomy":"post_tag","embeddable":true,"href":"https:\/\/diariotextual.com\/inicio\/index.php\/wp-json\/wp\/v2\/tags?post=174569"}],"curies":[{"name":"wp","href":"https:\/\/api.w.org\/{rel}","templated":true}]}}