{"id":174585,"date":"2021-12-28T10:22:37","date_gmt":"2021-12-28T13:22:37","guid":{"rendered":"https:\/\/diariotextual.com\/inicio\/?p=174585"},"modified":"2021-12-28T14:15:25","modified_gmt":"2021-12-28T17:15:25","slug":"las-flojas-disculpas-del-exfuncionario-de-vidal-por-decir-que-queria-una-gestapo-contra-los-sindicatos","status":"publish","type":"post","link":"https:\/\/diariotextual.com\/inicio\/index.php\/2021\/12\/28\/las-flojas-disculpas-del-exfuncionario-de-vidal-por-decir-que-queria-una-gestapo-contra-los-sindicatos\/","title":{"rendered":"Las flojas disculpas del exfuncionario de Vidal por decir que quer\u00eda \u00abuna Gestapo\u00bb contra los sindicatos"},"content":{"rendered":"\n<p>El exministro de Trabajo de Mar\u00eda Eugenia Vidal, <strong>Marcelo Villegas<\/strong>, se vio obligado a salir a pedir disculpas despu\u00e9s de que se difundiera una filmaci\u00f3n en la que \u00e9l dec\u00eda que quer\u00eda crear<strong> \u00abuna Gestapo\u00bb <\/strong>para \u00abterminar con todos los gremios\u00bb de la provincia.<\/p>\n\n\n\n<p><strong>\u00abQuiero expresar de manera enf\u00e1tica que esa palabra no tiene nada que ver con mi forma de pensar y de actuar\u00bb<\/strong>, se defendi\u00f3 el exfuncionario.<\/p>\n\n\n\n<p>Sin embargo, en junio de 2017 Villegas y otros funcionarios macristas se reun\u00edan con empresarios para asegurarles que ten\u00edan una estrategia con el Poder Judicial para perseguir a l\u00edderes sindicalistas.<\/p>\n\n\n\n<p>\u00abCr\u00e9eme que si yo pudiera tener -y esto te lo voy a desmentir en cualquier parte-, si yo pudiera tener una Gestapo, una fuerza de embestida para terminar con todos los gremios, lo har\u00eda\u00bb, afirm\u00f3 Villegas en ese entonces.<\/p>\n\n\n\n<p>El exministro se disculp\u00f3 por hablar de una \u00abGestapo\u00bb pero no hizo menci\u00f3n a la estrategia judicial para debilitar a los sindicatos que propuso en esa reuni\u00f3n.<\/p>\n\n\n\n<p>Luego de conocerse la filmaci\u00f3n y de que sus expresiones fueran repudiadas por funcionarios y referentes del Frente de Todos, la CGT y organizaciones de la comunidad jud\u00eda en Argentina,<strong> Villegas aleg\u00f3 que las im\u00e1genes \u201cadem\u00e1s de ilegales pueden estar adulteradas\u201d.<\/strong><\/p>\n\n\n\n<p>\u201cLamento que aun en plena democracia se utilicen este tipo de pr\u00e1cticas ilegales y escuchas\u201d, agreg\u00f3.<\/p>\n\n\n\n<p>Desde el Gobierno le recordaron a Villegas que \u201cesta filmaci\u00f3n ilegal, parte del espionaje ilegal\u201d fue realizada por el gobierno del expresidente Mauricio Macri y la gobernadora Vidal y que ya est\u00e1 en poder de la Justicia.<\/p>\n\n\n\n<p>Este lunes, la Agencia Federal de Inteligencia (AFI), a cargo de Cristina Caama\u00f1o, present\u00f3 una denuncia en la Justicia para que se investigue a empresarios y funcionarios del gobierno de la exgobernadora bonaerense que formaban parte de una mesa judicial que promov\u00eda el armado de causas para terminar con los sindicatos.<\/p>\n\n\n\n<p><\/p>\n","protected":false},"excerpt":{"rendered":"<p>El exministro de Trabajo de Mar\u00eda Eugenia Vidal, Marcelo Villegas, se vio obligado a salir a pedir disculpas despu\u00e9s de que se difundiera una filmaci\u00f3n en la que \u00e9l dec\u00eda&hellip;<\/p>\n","protected":false},"author":3,"featured_media":174587,"comment_status":"closed","ping_status":"open","sticky":false,"template":"","format":"standard","meta":{"_acf_changed":false,"footnotes":""},"categories":[10,8],"tags":[6427,6426],"class_list":["post-174585","post","type-post","status-publish","format-standard","has-post-thumbnail","hentry","category-portada-2","category-politica","tag-gestapo","tag-villegas"],"acf":[],"yoast_head":"<!-- This site is optimized with the Yoast SEO plugin v27.5 - https:\/\/yoast.com\/product\/yoast-seo-wordpress\/ -->\n<title>Las flojas disculpas del exfuncionario de Vidal por decir que quer\u00eda &quot;una Gestapo&quot; contra los sindicatos - Diario Textual<\/title>\n<meta name=\"robots\" content=\"index, follow, max-snippet:-1, max-image-preview:large, max-video-preview:-1\" \/>\n<link rel=\"canonical\" href=\"https:\/\/diariotextual.com\/inicio\/index.php\/2021\/12\/28\/las-flojas-disculpas-del-exfuncionario-de-vidal-por-decir-que-queria-una-gestapo-contra-los-sindicatos\/\" \/>\n<meta property=\"og:locale\" content=\"es_ES\" \/>\n<meta property=\"og:type\" content=\"article\" \/>\n<meta property=\"og:title\" content=\"Las flojas disculpas del exfuncionario de Vidal por decir que quer\u00eda &quot;una Gestapo&quot; contra los sindicatos - Diario Textual\" \/>\n<meta property=\"og:description\" content=\"El exministro de Trabajo de Mar\u00eda Eugenia Vidal, Marcelo Villegas, se vio obligado a salir a pedir disculpas despu\u00e9s de que se difundiera una filmaci\u00f3n en la que \u00e9l dec\u00eda&hellip;\" \/>\n<meta property=\"og:url\" content=\"https:\/\/diariotextual.com\/inicio\/index.php\/2021\/12\/28\/las-flojas-disculpas-del-exfuncionario-de-vidal-por-decir-que-queria-una-gestapo-contra-los-sindicatos\/\" \/>\n<meta property=\"og:site_name\" content=\"Diario Textual\" \/>\n<meta property=\"article:publisher\" content=\"https:\/\/www.facebook.com\/eltextual\" \/>\n<meta property=\"article:published_time\" content=\"2021-12-28T13:22:37+00:00\" \/>\n<meta property=\"article:modified_time\" content=\"2021-12-28T17:15:25+00:00\" \/>\n<meta property=\"og:image\" content=\"https:\/\/diariotextual.com\/inicio\/wp-content\/uploads\/2021\/12\/villegasmarceloexministrogestapo2021-1.jpeg\" \/>\n\t<meta property=\"og:image:width\" content=\"960\" \/>\n\t<meta property=\"og:image:height\" content=\"640\" \/>\n\t<meta property=\"og:image:type\" content=\"image\/jpeg\" \/>\n<meta name=\"author\" content=\"Diario1 Diario1\" \/>\n<meta name=\"twitter:card\" content=\"summary_large_image\" \/>\n<meta name=\"twitter:creator\" content=\"@eltextual\" \/>\n<meta name=\"twitter:site\" content=\"@eltextual\" \/>\n<meta name=\"twitter:label1\" content=\"Escrito por\" \/>\n\t<meta name=\"twitter:data1\" content=\"Diario1 Diario1\" \/>\n\t<meta name=\"twitter:label2\" content=\"Tiempo de lectura\" \/>\n\t<meta name=\"twitter:data2\" content=\"2 minutos\" \/>\n<script type=\"application\/ld+json\" class=\"yoast-schema-graph\">{\"@context\":\"https:\\\/\\\/schema.org\",\"@graph\":[{\"@type\":\"Article\",\"@id\":\"https:\\\/\\\/diariotextual.com\\\/inicio\\\/index.php\\\/2021\\\/12\\\/28\\\/las-flojas-disculpas-del-exfuncionario-de-vidal-por-decir-que-queria-una-gestapo-contra-los-sindicatos\\\/#article\",\"isPartOf\":{\"@id\":\"https:\\\/\\\/diariotextual.com\\\/inicio\\\/index.php\\\/2021\\\/12\\\/28\\\/las-flojas-disculpas-del-exfuncionario-de-vidal-por-decir-que-queria-una-gestapo-contra-los-sindicatos\\\/\"},\"author\":{\"name\":\"Diario1 Diario1\",\"@id\":\"https:\\\/\\\/diariotextual.com\\\/inicio\\\/#\\\/schema\\\/person\\\/418fc4093c33e86ed41562db3508f958\"},\"headline\":\"Las flojas disculpas del exfuncionario de Vidal por decir que quer\u00eda \u00abuna Gestapo\u00bb contra los sindicatos\",\"datePublished\":\"2021-12-28T13:22:37+00:00\",\"dateModified\":\"2021-12-28T17:15:25+00:00\",\"mainEntityOfPage\":{\"@id\":\"https:\\\/\\\/diariotextual.com\\\/inicio\\\/index.php\\\/2021\\\/12\\\/28\\\/las-flojas-disculpas-del-exfuncionario-de-vidal-por-decir-que-queria-una-gestapo-contra-los-sindicatos\\\/\"},\"wordCount\":347,\"publisher\":{\"@id\":\"https:\\\/\\\/diariotextual.com\\\/inicio\\\/#organization\"},\"image\":{\"@id\":\"https:\\\/\\\/diariotextual.com\\\/inicio\\\/index.php\\\/2021\\\/12\\\/28\\\/las-flojas-disculpas-del-exfuncionario-de-vidal-por-decir-que-queria-una-gestapo-contra-los-sindicatos\\\/#primaryimage\"},\"thumbnailUrl\":\"https:\\\/\\\/diariotextual.com\\\/inicio\\\/wp-content\\\/uploads\\\/2021\\\/12\\\/villegasmarceloexministrogestapo2021-1.jpeg\",\"keywords\":[\"gestapo\",\"villegas\"],\"articleSection\":[\"A - PORTADA2\",\"POLITICA\"],\"inLanguage\":\"es\"},{\"@type\":\"WebPage\",\"@id\":\"https:\\\/\\\/diariotextual.com\\\/inicio\\\/index.php\\\/2021\\\/12\\\/28\\\/las-flojas-disculpas-del-exfuncionario-de-vidal-por-decir-que-queria-una-gestapo-contra-los-sindicatos\\\/\",\"url\":\"https:\\\/\\\/diariotextual.com\\\/inicio\\\/index.php\\\/2021\\\/12\\\/28\\\/las-flojas-disculpas-del-exfuncionario-de-vidal-por-decir-que-queria-una-gestapo-contra-los-sindicatos\\\/\",\"name\":\"Las flojas disculpas del exfuncionario de Vidal por decir que quer\u00eda \\\"una Gestapo\\\" contra los sindicatos - Diario Textual\",\"isPartOf\":{\"@id\":\"https:\\\/\\\/diariotextual.com\\\/inicio\\\/#website\"},\"primaryImageOfPage\":{\"@id\":\"https:\\\/\\\/diariotextual.com\\\/inicio\\\/index.php\\\/2021\\\/12\\\/28\\\/las-flojas-disculpas-del-exfuncionario-de-vidal-por-decir-que-queria-una-gestapo-contra-los-sindicatos\\\/#primaryimage\"},\"image\":{\"@id\":\"https:\\\/\\\/diariotextual.com\\\/inicio\\\/index.php\\\/2021\\\/12\\\/28\\\/las-flojas-disculpas-del-exfuncionario-de-vidal-por-decir-que-queria-una-gestapo-contra-los-sindicatos\\\/#primaryimage\"},\"thumbnailUrl\":\"https:\\\/\\\/diariotextual.com\\\/inicio\\\/wp-content\\\/uploads\\\/2021\\\/12\\\/villegasmarceloexministrogestapo2021-1.jpeg\",\"datePublished\":\"2021-12-28T13:22:37+00:00\",\"dateModified\":\"2021-12-28T17:15:25+00:00\",\"breadcrumb\":{\"@id\":\"https:\\\/\\\/diariotextual.com\\\/inicio\\\/index.php\\\/2021\\\/12\\\/28\\\/las-flojas-disculpas-del-exfuncionario-de-vidal-por-decir-que-queria-una-gestapo-contra-los-sindicatos\\\/#breadcrumb\"},\"inLanguage\":\"es\",\"potentialAction\":[{\"@type\":\"ReadAction\",\"target\":[\"https:\\\/\\\/diariotextual.com\\\/inicio\\\/index.php\\\/2021\\\/12\\\/28\\\/las-flojas-disculpas-del-exfuncionario-de-vidal-por-decir-que-queria-una-gestapo-contra-los-sindicatos\\\/\"]}]},{\"@type\":\"ImageObject\",\"inLanguage\":\"es\",\"@id\":\"https:\\\/\\\/diariotextual.com\\\/inicio\\\/index.php\\\/2021\\\/12\\\/28\\\/las-flojas-disculpas-del-exfuncionario-de-vidal-por-decir-que-queria-una-gestapo-contra-los-sindicatos\\\/#primaryimage\",\"url\":\"https:\\\/\\\/diariotextual.com\\\/inicio\\\/wp-content\\\/uploads\\\/2021\\\/12\\\/villegasmarceloexministrogestapo2021-1.jpeg\",\"contentUrl\":\"https:\\\/\\\/diariotextual.com\\\/inicio\\\/wp-content\\\/uploads\\\/2021\\\/12\\\/villegasmarceloexministrogestapo2021-1.jpeg\",\"width\":960,\"height\":640},{\"@type\":\"BreadcrumbList\",\"@id\":\"https:\\\/\\\/diariotextual.com\\\/inicio\\\/index.php\\\/2021\\\/12\\\/28\\\/las-flojas-disculpas-del-exfuncionario-de-vidal-por-decir-que-queria-una-gestapo-contra-los-sindicatos\\\/#breadcrumb\",\"itemListElement\":[{\"@type\":\"ListItem\",\"position\":1,\"name\":\"Portada\",\"item\":\"https:\\\/\\\/diariotextual.com\\\/inicio\\\/\"},{\"@type\":\"ListItem\",\"position\":2,\"name\":\"Las flojas disculpas del exfuncionario de Vidal por decir que quer\u00eda \u00abuna Gestapo\u00bb contra los sindicatos\"}]},{\"@type\":\"WebSite\",\"@id\":\"https:\\\/\\\/diariotextual.com\\\/inicio\\\/#website\",\"url\":\"https:\\\/\\\/diariotextual.com\\\/inicio\\\/\",\"name\":\"Diario Textual\",\"description\":\"\",\"publisher\":{\"@id\":\"https:\\\/\\\/diariotextual.com\\\/inicio\\\/#organization\"},\"potentialAction\":[{\"@type\":\"SearchAction\",\"target\":{\"@type\":\"EntryPoint\",\"urlTemplate\":\"https:\\\/\\\/diariotextual.com\\\/inicio\\\/?s={search_term_string}\"},\"query-input\":{\"@type\":\"PropertyValueSpecification\",\"valueRequired\":true,\"valueName\":\"search_term_string\"}}],\"inLanguage\":\"es\"},{\"@type\":\"Organization\",\"@id\":\"https:\\\/\\\/diariotextual.com\\\/inicio\\\/#organization\",\"name\":\"Diario Textual\",\"url\":\"https:\\\/\\\/diariotextual.com\\\/inicio\\\/\",\"logo\":{\"@type\":\"ImageObject\",\"inLanguage\":\"es\",\"@id\":\"https:\\\/\\\/diariotextual.com\\\/inicio\\\/#\\\/schema\\\/logo\\\/image\\\/\",\"url\":\"https:\\\/\\\/diariotextual.com\\\/inicio\\\/wp-content\\\/uploads\\\/2023\\\/05\\\/logotextual1.jpg\",\"contentUrl\":\"https:\\\/\\\/diariotextual.com\\\/inicio\\\/wp-content\\\/uploads\\\/2023\\\/05\\\/logotextual1.jpg\",\"width\":516,\"height\":76,\"caption\":\"Diario Textual\"},\"image\":{\"@id\":\"https:\\\/\\\/diariotextual.com\\\/inicio\\\/#\\\/schema\\\/logo\\\/image\\\/\"},\"sameAs\":[\"https:\\\/\\\/www.facebook.com\\\/eltextual\",\"https:\\\/\\\/x.com\\\/eltextual\",\"http:\\\/\\\/www.instagram.com\\\/eltextual\"]},{\"@type\":\"Person\",\"@id\":\"https:\\\/\\\/diariotextual.com\\\/inicio\\\/#\\\/schema\\\/person\\\/418fc4093c33e86ed41562db3508f958\",\"name\":\"Diario1 Diario1\",\"image\":{\"@type\":\"ImageObject\",\"inLanguage\":\"es\",\"@id\":\"https:\\\/\\\/secure.gravatar.com\\\/avatar\\\/9167d280179c85bc18be67aa7eda765854300033af4896dd779b608640f2ef7a?s=96&d=mm&r=g\",\"url\":\"https:\\\/\\\/secure.gravatar.com\\\/avatar\\\/9167d280179c85bc18be67aa7eda765854300033af4896dd779b608640f2ef7a?s=96&d=mm&r=g\",\"contentUrl\":\"https:\\\/\\\/secure.gravatar.com\\\/avatar\\\/9167d280179c85bc18be67aa7eda765854300033af4896dd779b608640f2ef7a?s=96&d=mm&r=g\",\"caption\":\"Diario1 Diario1\"},\"url\":\"https:\\\/\\\/diariotextual.com\\\/inicio\\\/index.php\\\/author\\\/diario1\\\/\"}]}<\/script>\n<!-- \/ Yoast SEO plugin. -->","yoast_head_json":{"title":"Las flojas disculpas del exfuncionario de Vidal por decir que quer\u00eda \"una Gestapo\" contra los sindicatos - Diario Textual","robots":{"index":"index","follow":"follow","max-snippet":"max-snippet:-1","max-image-preview":"max-image-preview:large","max-video-preview":"max-video-preview:-1"},"canonical":"https:\/\/diariotextual.com\/inicio\/index.php\/2021\/12\/28\/las-flojas-disculpas-del-exfuncionario-de-vidal-por-decir-que-queria-una-gestapo-contra-los-sindicatos\/","og_locale":"es_ES","og_type":"article","og_title":"Las flojas disculpas del exfuncionario de Vidal por decir que quer\u00eda \"una Gestapo\" contra los sindicatos - Diario Textual","og_description":"El exministro de Trabajo de Mar\u00eda Eugenia Vidal, Marcelo Villegas, se vio obligado a salir a pedir disculpas despu\u00e9s de que se difundiera una filmaci\u00f3n en la que \u00e9l dec\u00eda&hellip;","og_url":"https:\/\/diariotextual.com\/inicio\/index.php\/2021\/12\/28\/las-flojas-disculpas-del-exfuncionario-de-vidal-por-decir-que-queria-una-gestapo-contra-los-sindicatos\/","og_site_name":"Diario Textual","article_publisher":"https:\/\/www.facebook.com\/eltextual","article_published_time":"2021-12-28T13:22:37+00:00","article_modified_time":"2021-12-28T17:15:25+00:00","og_image":[{"width":960,"height":640,"url":"https:\/\/diariotextual.com\/inicio\/wp-content\/uploads\/2021\/12\/villegasmarceloexministrogestapo2021-1.jpeg","type":"image\/jpeg"}],"author":"Diario1 Diario1","twitter_card":"summary_large_image","twitter_creator":"@eltextual","twitter_site":"@eltextual","twitter_misc":{"Escrito por":"Diario1 Diario1","Tiempo de lectura":"2 minutos"},"schema":{"@context":"https:\/\/schema.org","@graph":[{"@type":"Article","@id":"https:\/\/diariotextual.com\/inicio\/index.php\/2021\/12\/28\/las-flojas-disculpas-del-exfuncionario-de-vidal-por-decir-que-queria-una-gestapo-contra-los-sindicatos\/#article","isPartOf":{"@id":"https:\/\/diariotextual.com\/inicio\/index.php\/2021\/12\/28\/las-flojas-disculpas-del-exfuncionario-de-vidal-por-decir-que-queria-una-gestapo-contra-los-sindicatos\/"},"author":{"name":"Diario1 Diario1","@id":"https:\/\/diariotextual.com\/inicio\/#\/schema\/person\/418fc4093c33e86ed41562db3508f958"},"headline":"Las flojas disculpas del exfuncionario de Vidal por decir que quer\u00eda \u00abuna Gestapo\u00bb contra los sindicatos","datePublished":"2021-12-28T13:22:37+00:00","dateModified":"2021-12-28T17:15:25+00:00","mainEntityOfPage":{"@id":"https:\/\/diariotextual.com\/inicio\/index.php\/2021\/12\/28\/las-flojas-disculpas-del-exfuncionario-de-vidal-por-decir-que-queria-una-gestapo-contra-los-sindicatos\/"},"wordCount":347,"publisher":{"@id":"https:\/\/diariotextual.com\/inicio\/#organization"},"image":{"@id":"https:\/\/diariotextual.com\/inicio\/index.php\/2021\/12\/28\/las-flojas-disculpas-del-exfuncionario-de-vidal-por-decir-que-queria-una-gestapo-contra-los-sindicatos\/#primaryimage"},"thumbnailUrl":"https:\/\/diariotextual.com\/inicio\/wp-content\/uploads\/2021\/12\/villegasmarceloexministrogestapo2021-1.jpeg","keywords":["gestapo","villegas"],"articleSection":["A - PORTADA2","POLITICA"],"inLanguage":"es"},{"@type":"WebPage","@id":"https:\/\/diariotextual.com\/inicio\/index.php\/2021\/12\/28\/las-flojas-disculpas-del-exfuncionario-de-vidal-por-decir-que-queria-una-gestapo-contra-los-sindicatos\/","url":"https:\/\/diariotextual.com\/inicio\/index.php\/2021\/12\/28\/las-flojas-disculpas-del-exfuncionario-de-vidal-por-decir-que-queria-una-gestapo-contra-los-sindicatos\/","name":"Las flojas disculpas del exfuncionario de Vidal por decir que quer\u00eda \"una Gestapo\" contra los sindicatos - Diario Textual","isPartOf":{"@id":"https:\/\/diariotextual.com\/inicio\/#website"},"primaryImageOfPage":{"@id":"https:\/\/diariotextual.com\/inicio\/index.php\/2021\/12\/28\/las-flojas-disculpas-del-exfuncionario-de-vidal-por-decir-que-queria-una-gestapo-contra-los-sindicatos\/#primaryimage"},"image":{"@id":"https:\/\/diariotextual.com\/inicio\/index.php\/2021\/12\/28\/las-flojas-disculpas-del-exfuncionario-de-vidal-por-decir-que-queria-una-gestapo-contra-los-sindicatos\/#primaryimage"},"thumbnailUrl":"https:\/\/diariotextual.com\/inicio\/wp-content\/uploads\/2021\/12\/villegasmarceloexministrogestapo2021-1.jpeg","datePublished":"2021-12-28T13:22:37+00:00","dateModified":"2021-12-28T17:15:25+00:00","breadcrumb":{"@id":"https:\/\/diariotextual.com\/inicio\/index.php\/2021\/12\/28\/las-flojas-disculpas-del-exfuncionario-de-vidal-por-decir-que-queria-una-gestapo-contra-los-sindicatos\/#breadcrumb"},"inLanguage":"es","potentialAction":[{"@type":"ReadAction","target":["https:\/\/diariotextual.com\/inicio\/index.php\/2021\/12\/28\/las-flojas-disculpas-del-exfuncionario-de-vidal-por-decir-que-queria-una-gestapo-contra-los-sindicatos\/"]}]},{"@type":"ImageObject","inLanguage":"es","@id":"https:\/\/diariotextual.com\/inicio\/index.php\/2021\/12\/28\/las-flojas-disculpas-del-exfuncionario-de-vidal-por-decir-que-queria-una-gestapo-contra-los-sindicatos\/#primaryimage","url":"https:\/\/diariotextual.com\/inicio\/wp-content\/uploads\/2021\/12\/villegasmarceloexministrogestapo2021-1.jpeg","contentUrl":"https:\/\/diariotextual.com\/inicio\/wp-content\/uploads\/2021\/12\/villegasmarceloexministrogestapo2021-1.jpeg","width":960,"height":640},{"@type":"BreadcrumbList","@id":"https:\/\/diariotextual.com\/inicio\/index.php\/2021\/12\/28\/las-flojas-disculpas-del-exfuncionario-de-vidal-por-decir-que-queria-una-gestapo-contra-los-sindicatos\/#breadcrumb","itemListElement":[{"@type":"ListItem","position":1,"name":"Portada","item":"https:\/\/diariotextual.com\/inicio\/"},{"@type":"ListItem","position":2,"name":"Las flojas disculpas del exfuncionario de Vidal por decir que quer\u00eda \u00abuna Gestapo\u00bb contra los sindicatos"}]},{"@type":"WebSite","@id":"https:\/\/diariotextual.com\/inicio\/#website","url":"https:\/\/diariotextual.com\/inicio\/","name":"Diario Textual","description":"","publisher":{"@id":"https:\/\/diariotextual.com\/inicio\/#organization"},"potentialAction":[{"@type":"SearchAction","target":{"@type":"EntryPoint","urlTemplate":"https:\/\/diariotextual.com\/inicio\/?s={search_term_string}"},"query-input":{"@type":"PropertyValueSpecification","valueRequired":true,"valueName":"search_term_string"}}],"inLanguage":"es"},{"@type":"Organization","@id":"https:\/\/diariotextual.com\/inicio\/#organization","name":"Diario Textual","url":"https:\/\/diariotextual.com\/inicio\/","logo":{"@type":"ImageObject","inLanguage":"es","@id":"https:\/\/diariotextual.com\/inicio\/#\/schema\/logo\/image\/","url":"https:\/\/diariotextual.com\/inicio\/wp-content\/uploads\/2023\/05\/logotextual1.jpg","contentUrl":"https:\/\/diariotextual.com\/inicio\/wp-content\/uploads\/2023\/05\/logotextual1.jpg","width":516,"height":76,"caption":"Diario Textual"},"image":{"@id":"https:\/\/diariotextual.com\/inicio\/#\/schema\/logo\/image\/"},"sameAs":["https:\/\/www.facebook.com\/eltextual","https:\/\/x.com\/eltextual","http:\/\/www.instagram.com\/eltextual"]},{"@type":"Person","@id":"https:\/\/diariotextual.com\/inicio\/#\/schema\/person\/418fc4093c33e86ed41562db3508f958","name":"Diario1 Diario1","image":{"@type":"ImageObject","inLanguage":"es","@id":"https:\/\/secure.gravatar.com\/avatar\/9167d280179c85bc18be67aa7eda765854300033af4896dd779b608640f2ef7a?s=96&d=mm&r=g","url":"https:\/\/secure.gravatar.com\/avatar\/9167d280179c85bc18be67aa7eda765854300033af4896dd779b608640f2ef7a?s=96&d=mm&r=g","contentUrl":"https:\/\/secure.gravatar.com\/avatar\/9167d280179c85bc18be67aa7eda765854300033af4896dd779b608640f2ef7a?s=96&d=mm&r=g","caption":"Diario1 Diario1"},"url":"https:\/\/diariotextual.com\/inicio\/index.php\/author\/diario1\/"}]}},"_links":{"self":[{"href":"https:\/\/diariotextual.com\/inicio\/index.php\/wp-json\/wp\/v2\/posts\/174585","targetHints":{"allow":["GET"]}}],"collection":[{"href":"https:\/\/diariotextual.com\/inicio\/index.php\/wp-json\/wp\/v2\/posts"}],"about":[{"href":"https:\/\/diariotextual.com\/inicio\/index.php\/wp-json\/wp\/v2\/types\/post"}],"author":[{"embeddable":true,"href":"https:\/\/diariotextual.com\/inicio\/index.php\/wp-json\/wp\/v2\/users\/3"}],"replies":[{"embeddable":true,"href":"https:\/\/diariotextual.com\/inicio\/index.php\/wp-json\/wp\/v2\/comments?post=174585"}],"version-history":[{"count":2,"href":"https:\/\/diariotextual.com\/inicio\/index.php\/wp-json\/wp\/v2\/posts\/174585\/revisions"}],"predecessor-version":[{"id":174589,"href":"https:\/\/diariotextual.com\/inicio\/index.php\/wp-json\/wp\/v2\/posts\/174585\/revisions\/174589"}],"wp:featuredmedia":[{"embeddable":true,"href":"https:\/\/diariotextual.com\/inicio\/index.php\/wp-json\/wp\/v2\/media\/174587"}],"wp:attachment":[{"href":"https:\/\/diariotextual.com\/inicio\/index.php\/wp-json\/wp\/v2\/media?parent=174585"}],"wp:term":[{"taxonomy":"category","embeddable":true,"href":"https:\/\/diariotextual.com\/inicio\/index.php\/wp-json\/wp\/v2\/categories?post=174585"},{"taxonomy":"post_tag","embeddable":true,"href":"https:\/\/diariotextual.com\/inicio\/index.php\/wp-json\/wp\/v2\/tags?post=174585"}],"curies":[{"name":"wp","href":"https:\/\/api.w.org\/{rel}","templated":true}]}}