{"id":174596,"date":"2021-12-28T12:20:54","date_gmt":"2021-12-28T15:20:54","guid":{"rendered":"https:\/\/diariotextual.com\/inicio\/?p=174596"},"modified":"2021-12-28T17:43:27","modified_gmt":"2021-12-28T20:43:27","slug":"covid-la-pampa-empieza-a-dar-dosis-de-refuerzos-a-todos-los-mayores-de-18-anos","status":"publish","type":"post","link":"https:\/\/diariotextual.com\/inicio\/index.php\/2021\/12\/28\/covid-la-pampa-empieza-a-dar-dosis-de-refuerzos-a-todos-los-mayores-de-18-anos\/","title":{"rendered":"Covid: La Pampa empieza a dar dosis de refuerzos a todos los mayores de 18 a\u00f1os"},"content":{"rendered":"\n<p>El Gobierno de la provincia de La Pampa, a trav\u00e9s del Ministerio de Salud, decidi\u00f3 <strong>la ampliaci\u00f3n de la\u00a0inmunizaci\u00f3n con dosis de refuerzo contra el coronavirus a todas aquellas personas que hayan superado el periodo de cuatro meses desde la aplicaci\u00f3n de la segunda dosis. Se har\u00e1 de\u00a0 modo decreciente hasta llegar al grupo etario de 18 a\u00f1os a trav\u00e9s del sistema de asignaci\u00f3n de turnos actual.<\/strong><br><\/p>\n\n\n\n<p>Salud inform\u00f3 que, ante cualquier duda o consulta, las personas pueden acercarse a los vacunatorios habilitados donde ser\u00e1n asesorados sobre el tema.<br><\/p>\n\n\n\n<p>La vacunaci\u00f3n contra la Covid-19 es la herramienta sanitaria que demostr\u00f3 disminuir ampliamente las formas graves de la enfermedad pero este objetivo se sostiene \u00fanicamente con altas coberturas de vacunaci\u00f3n en toda la poblaci\u00f3n. Por eso Salud inst\u00f3 a la poblaci\u00f3n, que a\u00fan no se vacun\u00f3, a inscribirse en la p\u00e1gina\u00a0<a href=\"https:\/\/vacunate.lapampa.gob.ar\/\">vacunate.lapampa.gob.ar<\/a>,\u00a0para recibir el turno, o acercarse al centro de vacunaci\u00f3n.<\/p>\n\n\n\n<p><br>Record\u00f3 que las vacunas son \u00abpoderosas\u00bb pero igual de necesarias para disminuir los contagios son las medidas de prevenci\u00f3n. Por este motivo resulta fundamental:<br><\/p>\n\n\n\n<p>&#8211; La correcta utilizaci\u00f3n del cubreboca nasal.<br><\/p>\n\n\n\n<p>&#8211; Mantener distanciamiento f\u00edsico de dos metros entre personas.<br><\/p>\n\n\n\n<p>&#8211; La ventilaci\u00f3n cruzada de los ambientes.<br><\/p>\n\n\n\n<p>&#8211; La frecuente higiene de manos.<br><\/p>\n\n\n\n<p>&#8211; Frente a la presencia de s\u00edntomas aislarse y consultar en los centros de detecci\u00f3n.<\/p>\n\n\n\n<p><\/p>\n","protected":false},"excerpt":{"rendered":"<p>El Gobierno de la provincia de La Pampa, a trav\u00e9s del Ministerio de Salud, decidi\u00f3 la ampliaci\u00f3n de la\u00a0inmunizaci\u00f3n con dosis de refuerzo contra el coronavirus a todas aquellas personas&hellip;<\/p>\n","protected":false},"author":3,"featured_media":132158,"comment_status":"closed","ping_status":"open","sticky":false,"template":"","format":"standard","meta":{"_acf_changed":false,"footnotes":""},"categories":[10,12],"tags":[],"class_list":["post-174596","post","type-post","status-publish","format-standard","has-post-thumbnail","hentry","category-portada-2","category-sociedad"],"acf":[],"yoast_head":"<!-- This site is optimized with the Yoast SEO plugin v27.5 - https:\/\/yoast.com\/product\/yoast-seo-wordpress\/ -->\n<title>Covid: La Pampa empieza a dar dosis de refuerzos a todos los mayores de 18 a\u00f1os - Diario Textual<\/title>\n<meta name=\"robots\" content=\"index, follow, max-snippet:-1, max-image-preview:large, max-video-preview:-1\" \/>\n<link rel=\"canonical\" href=\"https:\/\/diariotextual.com\/inicio\/index.php\/2021\/12\/28\/covid-la-pampa-empieza-a-dar-dosis-de-refuerzos-a-todos-los-mayores-de-18-anos\/\" \/>\n<meta property=\"og:locale\" content=\"es_ES\" \/>\n<meta property=\"og:type\" content=\"article\" \/>\n<meta property=\"og:title\" content=\"Covid: La Pampa empieza a dar dosis de refuerzos a todos los mayores de 18 a\u00f1os - Diario Textual\" \/>\n<meta property=\"og:description\" content=\"El Gobierno de la provincia de La Pampa, a trav\u00e9s del Ministerio de Salud, decidi\u00f3 la ampliaci\u00f3n de la\u00a0inmunizaci\u00f3n con dosis de refuerzo contra el coronavirus a todas aquellas personas&hellip;\" \/>\n<meta property=\"og:url\" content=\"https:\/\/diariotextual.com\/inicio\/index.php\/2021\/12\/28\/covid-la-pampa-empieza-a-dar-dosis-de-refuerzos-a-todos-los-mayores-de-18-anos\/\" \/>\n<meta property=\"og:site_name\" content=\"Diario Textual\" \/>\n<meta property=\"article:publisher\" content=\"https:\/\/www.facebook.com\/eltextual\" \/>\n<meta property=\"article:published_time\" content=\"2021-12-28T15:20:54+00:00\" \/>\n<meta property=\"article:modified_time\" content=\"2021-12-28T20:43:27+00:00\" \/>\n<meta property=\"og:image\" content=\"https:\/\/diariotextual.com\/inicio\/wp-content\/uploads\/2021\/01\/coronavirussputniklapampavacunacion2021-000007777.jpeg\" \/>\n\t<meta property=\"og:image:width\" content=\"1280\" \/>\n\t<meta property=\"og:image:height\" content=\"720\" \/>\n\t<meta property=\"og:image:type\" content=\"image\/jpeg\" \/>\n<meta name=\"author\" content=\"Diario1 Diario1\" \/>\n<meta name=\"twitter:card\" content=\"summary_large_image\" \/>\n<meta name=\"twitter:creator\" content=\"@eltextual\" \/>\n<meta name=\"twitter:site\" content=\"@eltextual\" \/>\n<meta name=\"twitter:label1\" content=\"Escrito por\" \/>\n\t<meta name=\"twitter:data1\" content=\"Diario1 Diario1\" \/>\n\t<meta name=\"twitter:label2\" content=\"Tiempo de lectura\" \/>\n\t<meta name=\"twitter:data2\" content=\"1 minuto\" \/>\n<script type=\"application\/ld+json\" class=\"yoast-schema-graph\">{\"@context\":\"https:\\\/\\\/schema.org\",\"@graph\":[{\"@type\":\"Article\",\"@id\":\"https:\\\/\\\/diariotextual.com\\\/inicio\\\/index.php\\\/2021\\\/12\\\/28\\\/covid-la-pampa-empieza-a-dar-dosis-de-refuerzos-a-todos-los-mayores-de-18-anos\\\/#article\",\"isPartOf\":{\"@id\":\"https:\\\/\\\/diariotextual.com\\\/inicio\\\/index.php\\\/2021\\\/12\\\/28\\\/covid-la-pampa-empieza-a-dar-dosis-de-refuerzos-a-todos-los-mayores-de-18-anos\\\/\"},\"author\":{\"name\":\"Diario1 Diario1\",\"@id\":\"https:\\\/\\\/diariotextual.com\\\/inicio\\\/#\\\/schema\\\/person\\\/418fc4093c33e86ed41562db3508f958\"},\"headline\":\"Covid: La Pampa empieza a dar dosis de refuerzos a todos los mayores de 18 a\u00f1os\",\"datePublished\":\"2021-12-28T15:20:54+00:00\",\"dateModified\":\"2021-12-28T20:43:27+00:00\",\"mainEntityOfPage\":{\"@id\":\"https:\\\/\\\/diariotextual.com\\\/inicio\\\/index.php\\\/2021\\\/12\\\/28\\\/covid-la-pampa-empieza-a-dar-dosis-de-refuerzos-a-todos-los-mayores-de-18-anos\\\/\"},\"wordCount\":259,\"publisher\":{\"@id\":\"https:\\\/\\\/diariotextual.com\\\/inicio\\\/#organization\"},\"image\":{\"@id\":\"https:\\\/\\\/diariotextual.com\\\/inicio\\\/index.php\\\/2021\\\/12\\\/28\\\/covid-la-pampa-empieza-a-dar-dosis-de-refuerzos-a-todos-los-mayores-de-18-anos\\\/#primaryimage\"},\"thumbnailUrl\":\"https:\\\/\\\/diariotextual.com\\\/inicio\\\/wp-content\\\/uploads\\\/2021\\\/01\\\/coronavirussputniklapampavacunacion2021-000007777.jpeg\",\"articleSection\":[\"A - PORTADA2\",\"SOCIEDAD\"],\"inLanguage\":\"es\"},{\"@type\":\"WebPage\",\"@id\":\"https:\\\/\\\/diariotextual.com\\\/inicio\\\/index.php\\\/2021\\\/12\\\/28\\\/covid-la-pampa-empieza-a-dar-dosis-de-refuerzos-a-todos-los-mayores-de-18-anos\\\/\",\"url\":\"https:\\\/\\\/diariotextual.com\\\/inicio\\\/index.php\\\/2021\\\/12\\\/28\\\/covid-la-pampa-empieza-a-dar-dosis-de-refuerzos-a-todos-los-mayores-de-18-anos\\\/\",\"name\":\"Covid: La Pampa empieza a dar dosis de refuerzos a todos los mayores de 18 a\u00f1os - Diario Textual\",\"isPartOf\":{\"@id\":\"https:\\\/\\\/diariotextual.com\\\/inicio\\\/#website\"},\"primaryImageOfPage\":{\"@id\":\"https:\\\/\\\/diariotextual.com\\\/inicio\\\/index.php\\\/2021\\\/12\\\/28\\\/covid-la-pampa-empieza-a-dar-dosis-de-refuerzos-a-todos-los-mayores-de-18-anos\\\/#primaryimage\"},\"image\":{\"@id\":\"https:\\\/\\\/diariotextual.com\\\/inicio\\\/index.php\\\/2021\\\/12\\\/28\\\/covid-la-pampa-empieza-a-dar-dosis-de-refuerzos-a-todos-los-mayores-de-18-anos\\\/#primaryimage\"},\"thumbnailUrl\":\"https:\\\/\\\/diariotextual.com\\\/inicio\\\/wp-content\\\/uploads\\\/2021\\\/01\\\/coronavirussputniklapampavacunacion2021-000007777.jpeg\",\"datePublished\":\"2021-12-28T15:20:54+00:00\",\"dateModified\":\"2021-12-28T20:43:27+00:00\",\"breadcrumb\":{\"@id\":\"https:\\\/\\\/diariotextual.com\\\/inicio\\\/index.php\\\/2021\\\/12\\\/28\\\/covid-la-pampa-empieza-a-dar-dosis-de-refuerzos-a-todos-los-mayores-de-18-anos\\\/#breadcrumb\"},\"inLanguage\":\"es\",\"potentialAction\":[{\"@type\":\"ReadAction\",\"target\":[\"https:\\\/\\\/diariotextual.com\\\/inicio\\\/index.php\\\/2021\\\/12\\\/28\\\/covid-la-pampa-empieza-a-dar-dosis-de-refuerzos-a-todos-los-mayores-de-18-anos\\\/\"]}]},{\"@type\":\"ImageObject\",\"inLanguage\":\"es\",\"@id\":\"https:\\\/\\\/diariotextual.com\\\/inicio\\\/index.php\\\/2021\\\/12\\\/28\\\/covid-la-pampa-empieza-a-dar-dosis-de-refuerzos-a-todos-los-mayores-de-18-anos\\\/#primaryimage\",\"url\":\"https:\\\/\\\/diariotextual.com\\\/inicio\\\/wp-content\\\/uploads\\\/2021\\\/01\\\/coronavirussputniklapampavacunacion2021-000007777.jpeg\",\"contentUrl\":\"https:\\\/\\\/diariotextual.com\\\/inicio\\\/wp-content\\\/uploads\\\/2021\\\/01\\\/coronavirussputniklapampavacunacion2021-000007777.jpeg\",\"width\":1280,\"height\":720},{\"@type\":\"BreadcrumbList\",\"@id\":\"https:\\\/\\\/diariotextual.com\\\/inicio\\\/index.php\\\/2021\\\/12\\\/28\\\/covid-la-pampa-empieza-a-dar-dosis-de-refuerzos-a-todos-los-mayores-de-18-anos\\\/#breadcrumb\",\"itemListElement\":[{\"@type\":\"ListItem\",\"position\":1,\"name\":\"Portada\",\"item\":\"https:\\\/\\\/diariotextual.com\\\/inicio\\\/\"},{\"@type\":\"ListItem\",\"position\":2,\"name\":\"Covid: La Pampa empieza a dar dosis de refuerzos a todos los mayores de 18 a\u00f1os\"}]},{\"@type\":\"WebSite\",\"@id\":\"https:\\\/\\\/diariotextual.com\\\/inicio\\\/#website\",\"url\":\"https:\\\/\\\/diariotextual.com\\\/inicio\\\/\",\"name\":\"Diario Textual\",\"description\":\"\",\"publisher\":{\"@id\":\"https:\\\/\\\/diariotextual.com\\\/inicio\\\/#organization\"},\"potentialAction\":[{\"@type\":\"SearchAction\",\"target\":{\"@type\":\"EntryPoint\",\"urlTemplate\":\"https:\\\/\\\/diariotextual.com\\\/inicio\\\/?s={search_term_string}\"},\"query-input\":{\"@type\":\"PropertyValueSpecification\",\"valueRequired\":true,\"valueName\":\"search_term_string\"}}],\"inLanguage\":\"es\"},{\"@type\":\"Organization\",\"@id\":\"https:\\\/\\\/diariotextual.com\\\/inicio\\\/#organization\",\"name\":\"Diario Textual\",\"url\":\"https:\\\/\\\/diariotextual.com\\\/inicio\\\/\",\"logo\":{\"@type\":\"ImageObject\",\"inLanguage\":\"es\",\"@id\":\"https:\\\/\\\/diariotextual.com\\\/inicio\\\/#\\\/schema\\\/logo\\\/image\\\/\",\"url\":\"https:\\\/\\\/diariotextual.com\\\/inicio\\\/wp-content\\\/uploads\\\/2023\\\/05\\\/logotextual1.jpg\",\"contentUrl\":\"https:\\\/\\\/diariotextual.com\\\/inicio\\\/wp-content\\\/uploads\\\/2023\\\/05\\\/logotextual1.jpg\",\"width\":516,\"height\":76,\"caption\":\"Diario Textual\"},\"image\":{\"@id\":\"https:\\\/\\\/diariotextual.com\\\/inicio\\\/#\\\/schema\\\/logo\\\/image\\\/\"},\"sameAs\":[\"https:\\\/\\\/www.facebook.com\\\/eltextual\",\"https:\\\/\\\/x.com\\\/eltextual\",\"http:\\\/\\\/www.instagram.com\\\/eltextual\"]},{\"@type\":\"Person\",\"@id\":\"https:\\\/\\\/diariotextual.com\\\/inicio\\\/#\\\/schema\\\/person\\\/418fc4093c33e86ed41562db3508f958\",\"name\":\"Diario1 Diario1\",\"image\":{\"@type\":\"ImageObject\",\"inLanguage\":\"es\",\"@id\":\"https:\\\/\\\/secure.gravatar.com\\\/avatar\\\/9167d280179c85bc18be67aa7eda765854300033af4896dd779b608640f2ef7a?s=96&d=mm&r=g\",\"url\":\"https:\\\/\\\/secure.gravatar.com\\\/avatar\\\/9167d280179c85bc18be67aa7eda765854300033af4896dd779b608640f2ef7a?s=96&d=mm&r=g\",\"contentUrl\":\"https:\\\/\\\/secure.gravatar.com\\\/avatar\\\/9167d280179c85bc18be67aa7eda765854300033af4896dd779b608640f2ef7a?s=96&d=mm&r=g\",\"caption\":\"Diario1 Diario1\"},\"url\":\"https:\\\/\\\/diariotextual.com\\\/inicio\\\/index.php\\\/author\\\/diario1\\\/\"}]}<\/script>\n<!-- \/ Yoast SEO plugin. -->","yoast_head_json":{"title":"Covid: La Pampa empieza a dar dosis de refuerzos a todos los mayores de 18 a\u00f1os - Diario Textual","robots":{"index":"index","follow":"follow","max-snippet":"max-snippet:-1","max-image-preview":"max-image-preview:large","max-video-preview":"max-video-preview:-1"},"canonical":"https:\/\/diariotextual.com\/inicio\/index.php\/2021\/12\/28\/covid-la-pampa-empieza-a-dar-dosis-de-refuerzos-a-todos-los-mayores-de-18-anos\/","og_locale":"es_ES","og_type":"article","og_title":"Covid: La Pampa empieza a dar dosis de refuerzos a todos los mayores de 18 a\u00f1os - Diario Textual","og_description":"El Gobierno de la provincia de La Pampa, a trav\u00e9s del Ministerio de Salud, decidi\u00f3 la ampliaci\u00f3n de la\u00a0inmunizaci\u00f3n con dosis de refuerzo contra el coronavirus a todas aquellas personas&hellip;","og_url":"https:\/\/diariotextual.com\/inicio\/index.php\/2021\/12\/28\/covid-la-pampa-empieza-a-dar-dosis-de-refuerzos-a-todos-los-mayores-de-18-anos\/","og_site_name":"Diario Textual","article_publisher":"https:\/\/www.facebook.com\/eltextual","article_published_time":"2021-12-28T15:20:54+00:00","article_modified_time":"2021-12-28T20:43:27+00:00","og_image":[{"width":1280,"height":720,"url":"https:\/\/diariotextual.com\/inicio\/wp-content\/uploads\/2021\/01\/coronavirussputniklapampavacunacion2021-000007777.jpeg","type":"image\/jpeg"}],"author":"Diario1 Diario1","twitter_card":"summary_large_image","twitter_creator":"@eltextual","twitter_site":"@eltextual","twitter_misc":{"Escrito por":"Diario1 Diario1","Tiempo de lectura":"1 minuto"},"schema":{"@context":"https:\/\/schema.org","@graph":[{"@type":"Article","@id":"https:\/\/diariotextual.com\/inicio\/index.php\/2021\/12\/28\/covid-la-pampa-empieza-a-dar-dosis-de-refuerzos-a-todos-los-mayores-de-18-anos\/#article","isPartOf":{"@id":"https:\/\/diariotextual.com\/inicio\/index.php\/2021\/12\/28\/covid-la-pampa-empieza-a-dar-dosis-de-refuerzos-a-todos-los-mayores-de-18-anos\/"},"author":{"name":"Diario1 Diario1","@id":"https:\/\/diariotextual.com\/inicio\/#\/schema\/person\/418fc4093c33e86ed41562db3508f958"},"headline":"Covid: La Pampa empieza a dar dosis de refuerzos a todos los mayores de 18 a\u00f1os","datePublished":"2021-12-28T15:20:54+00:00","dateModified":"2021-12-28T20:43:27+00:00","mainEntityOfPage":{"@id":"https:\/\/diariotextual.com\/inicio\/index.php\/2021\/12\/28\/covid-la-pampa-empieza-a-dar-dosis-de-refuerzos-a-todos-los-mayores-de-18-anos\/"},"wordCount":259,"publisher":{"@id":"https:\/\/diariotextual.com\/inicio\/#organization"},"image":{"@id":"https:\/\/diariotextual.com\/inicio\/index.php\/2021\/12\/28\/covid-la-pampa-empieza-a-dar-dosis-de-refuerzos-a-todos-los-mayores-de-18-anos\/#primaryimage"},"thumbnailUrl":"https:\/\/diariotextual.com\/inicio\/wp-content\/uploads\/2021\/01\/coronavirussputniklapampavacunacion2021-000007777.jpeg","articleSection":["A - PORTADA2","SOCIEDAD"],"inLanguage":"es"},{"@type":"WebPage","@id":"https:\/\/diariotextual.com\/inicio\/index.php\/2021\/12\/28\/covid-la-pampa-empieza-a-dar-dosis-de-refuerzos-a-todos-los-mayores-de-18-anos\/","url":"https:\/\/diariotextual.com\/inicio\/index.php\/2021\/12\/28\/covid-la-pampa-empieza-a-dar-dosis-de-refuerzos-a-todos-los-mayores-de-18-anos\/","name":"Covid: La Pampa empieza a dar dosis de refuerzos a todos los mayores de 18 a\u00f1os - Diario Textual","isPartOf":{"@id":"https:\/\/diariotextual.com\/inicio\/#website"},"primaryImageOfPage":{"@id":"https:\/\/diariotextual.com\/inicio\/index.php\/2021\/12\/28\/covid-la-pampa-empieza-a-dar-dosis-de-refuerzos-a-todos-los-mayores-de-18-anos\/#primaryimage"},"image":{"@id":"https:\/\/diariotextual.com\/inicio\/index.php\/2021\/12\/28\/covid-la-pampa-empieza-a-dar-dosis-de-refuerzos-a-todos-los-mayores-de-18-anos\/#primaryimage"},"thumbnailUrl":"https:\/\/diariotextual.com\/inicio\/wp-content\/uploads\/2021\/01\/coronavirussputniklapampavacunacion2021-000007777.jpeg","datePublished":"2021-12-28T15:20:54+00:00","dateModified":"2021-12-28T20:43:27+00:00","breadcrumb":{"@id":"https:\/\/diariotextual.com\/inicio\/index.php\/2021\/12\/28\/covid-la-pampa-empieza-a-dar-dosis-de-refuerzos-a-todos-los-mayores-de-18-anos\/#breadcrumb"},"inLanguage":"es","potentialAction":[{"@type":"ReadAction","target":["https:\/\/diariotextual.com\/inicio\/index.php\/2021\/12\/28\/covid-la-pampa-empieza-a-dar-dosis-de-refuerzos-a-todos-los-mayores-de-18-anos\/"]}]},{"@type":"ImageObject","inLanguage":"es","@id":"https:\/\/diariotextual.com\/inicio\/index.php\/2021\/12\/28\/covid-la-pampa-empieza-a-dar-dosis-de-refuerzos-a-todos-los-mayores-de-18-anos\/#primaryimage","url":"https:\/\/diariotextual.com\/inicio\/wp-content\/uploads\/2021\/01\/coronavirussputniklapampavacunacion2021-000007777.jpeg","contentUrl":"https:\/\/diariotextual.com\/inicio\/wp-content\/uploads\/2021\/01\/coronavirussputniklapampavacunacion2021-000007777.jpeg","width":1280,"height":720},{"@type":"BreadcrumbList","@id":"https:\/\/diariotextual.com\/inicio\/index.php\/2021\/12\/28\/covid-la-pampa-empieza-a-dar-dosis-de-refuerzos-a-todos-los-mayores-de-18-anos\/#breadcrumb","itemListElement":[{"@type":"ListItem","position":1,"name":"Portada","item":"https:\/\/diariotextual.com\/inicio\/"},{"@type":"ListItem","position":2,"name":"Covid: La Pampa empieza a dar dosis de refuerzos a todos los mayores de 18 a\u00f1os"}]},{"@type":"WebSite","@id":"https:\/\/diariotextual.com\/inicio\/#website","url":"https:\/\/diariotextual.com\/inicio\/","name":"Diario Textual","description":"","publisher":{"@id":"https:\/\/diariotextual.com\/inicio\/#organization"},"potentialAction":[{"@type":"SearchAction","target":{"@type":"EntryPoint","urlTemplate":"https:\/\/diariotextual.com\/inicio\/?s={search_term_string}"},"query-input":{"@type":"PropertyValueSpecification","valueRequired":true,"valueName":"search_term_string"}}],"inLanguage":"es"},{"@type":"Organization","@id":"https:\/\/diariotextual.com\/inicio\/#organization","name":"Diario Textual","url":"https:\/\/diariotextual.com\/inicio\/","logo":{"@type":"ImageObject","inLanguage":"es","@id":"https:\/\/diariotextual.com\/inicio\/#\/schema\/logo\/image\/","url":"https:\/\/diariotextual.com\/inicio\/wp-content\/uploads\/2023\/05\/logotextual1.jpg","contentUrl":"https:\/\/diariotextual.com\/inicio\/wp-content\/uploads\/2023\/05\/logotextual1.jpg","width":516,"height":76,"caption":"Diario Textual"},"image":{"@id":"https:\/\/diariotextual.com\/inicio\/#\/schema\/logo\/image\/"},"sameAs":["https:\/\/www.facebook.com\/eltextual","https:\/\/x.com\/eltextual","http:\/\/www.instagram.com\/eltextual"]},{"@type":"Person","@id":"https:\/\/diariotextual.com\/inicio\/#\/schema\/person\/418fc4093c33e86ed41562db3508f958","name":"Diario1 Diario1","image":{"@type":"ImageObject","inLanguage":"es","@id":"https:\/\/secure.gravatar.com\/avatar\/9167d280179c85bc18be67aa7eda765854300033af4896dd779b608640f2ef7a?s=96&d=mm&r=g","url":"https:\/\/secure.gravatar.com\/avatar\/9167d280179c85bc18be67aa7eda765854300033af4896dd779b608640f2ef7a?s=96&d=mm&r=g","contentUrl":"https:\/\/secure.gravatar.com\/avatar\/9167d280179c85bc18be67aa7eda765854300033af4896dd779b608640f2ef7a?s=96&d=mm&r=g","caption":"Diario1 Diario1"},"url":"https:\/\/diariotextual.com\/inicio\/index.php\/author\/diario1\/"}]}},"_links":{"self":[{"href":"https:\/\/diariotextual.com\/inicio\/index.php\/wp-json\/wp\/v2\/posts\/174596","targetHints":{"allow":["GET"]}}],"collection":[{"href":"https:\/\/diariotextual.com\/inicio\/index.php\/wp-json\/wp\/v2\/posts"}],"about":[{"href":"https:\/\/diariotextual.com\/inicio\/index.php\/wp-json\/wp\/v2\/types\/post"}],"author":[{"embeddable":true,"href":"https:\/\/diariotextual.com\/inicio\/index.php\/wp-json\/wp\/v2\/users\/3"}],"replies":[{"embeddable":true,"href":"https:\/\/diariotextual.com\/inicio\/index.php\/wp-json\/wp\/v2\/comments?post=174596"}],"version-history":[{"count":4,"href":"https:\/\/diariotextual.com\/inicio\/index.php\/wp-json\/wp\/v2\/posts\/174596\/revisions"}],"predecessor-version":[{"id":174600,"href":"https:\/\/diariotextual.com\/inicio\/index.php\/wp-json\/wp\/v2\/posts\/174596\/revisions\/174600"}],"wp:featuredmedia":[{"embeddable":true,"href":"https:\/\/diariotextual.com\/inicio\/index.php\/wp-json\/wp\/v2\/media\/132158"}],"wp:attachment":[{"href":"https:\/\/diariotextual.com\/inicio\/index.php\/wp-json\/wp\/v2\/media?parent=174596"}],"wp:term":[{"taxonomy":"category","embeddable":true,"href":"https:\/\/diariotextual.com\/inicio\/index.php\/wp-json\/wp\/v2\/categories?post=174596"},{"taxonomy":"post_tag","embeddable":true,"href":"https:\/\/diariotextual.com\/inicio\/index.php\/wp-json\/wp\/v2\/tags?post=174596"}],"curies":[{"name":"wp","href":"https:\/\/api.w.org\/{rel}","templated":true}]}}