{"id":17466,"date":"2018-08-21T11:46:32","date_gmt":"2018-08-21T14:46:32","guid":{"rendered":"http:\/\/diariotextual.com\/inicio\/?p=17466"},"modified":"2018-08-22T07:16:57","modified_gmt":"2018-08-22T10:16:57","slug":"la-pampa-quiere-sumar-bitrenes-rutas","status":"publish","type":"post","link":"https:\/\/diariotextual.com\/inicio\/index.php\/2018\/08\/21\/la-pampa-quiere-sumar-bitrenes-rutas\/","title":{"rendered":"La Pampa quiere sumar bitrenes a sus rutas"},"content":{"rendered":"<p>Una funcionaria de la Zona Franca de General Pico anunci\u00f3, desde San Luis, que <strong>La Pampa podr\u00eda habilitar el uso de bitrenes en las rutas<\/strong>. Buscan optimizar el transporte de cargas.<\/p>\n<p>Este tipo de camiones tienen acoplados m\u00e1s largo que los habituales y poseen m\u00e1s ejes para soportar y trasladar muchos m\u00e1s kilos de carga.<\/p>\n<p>La \u00faltima capacitaci\u00f3n brindada en la ciudad puntana de Villa Mercedes por la Escuela de Manejo de Bitrenes (EMaBi) cont\u00f3 con la participaci\u00f3n de<strong> Alejandra Alonso<\/strong>, directora de Relaciones Institucionales de la Zona Franca, dependiente del Ministerio de Producci\u00f3n de La Pampa.<\/p>\n<p>Su presencia all\u00ed, inform\u00f3 la <strong>Agencia de Noticias San Luis<\/strong>, obedeci\u00f3 a un proyecto del Gobierno pampeano destinado a la incorporaci\u00f3n de estos veh\u00edculos para su desarrollo log\u00edstico.<\/p>\n<p>\u201cEstoy muy contenta y agradecida por haber venido a esta capacitaci\u00f3n, como tambi\u00e9n por haber conocido el parque La Pedrera\u201d, coment\u00f3 la funcionaria. \u201cEstamos considerando en La Pampa la utilizaci\u00f3n de bitrenes, en cuyo marco trabajamos el proyecto destinado a bajar los costos log\u00edsticos. Estoy muy satisfecha con todo lo que se ha transmitido en este encuentro, con una muy buena recepci\u00f3n por parte de todo el equipo de EMaBi y de San Luis Log\u00edstica. Me llevo informaci\u00f3n muy \u00fatil, pues la idea es hacer crecer a los bitrenes a nivel nacional, algo que San Luis lo est\u00e1 demostrando con hechos. Transmitir\u00e9 la experiencia vivida a mi superior, el ministro de Producci\u00f3n, Ricardo Moralejo, y a nuestro gobernador, el ingeniero Carlos Verna, con la idea de replicar en nuestra provincia lo que se ha hecho y se est\u00e1 haciendo aqu\u00ed\u201d, dijo.<\/p>\n<p>La funcionaria pampeana no s\u00f3lo recopil\u00f3 informaci\u00f3n sino que hasta se ubic\u00f3 tras el volante de un bitr\u00e9n y lo condujo.<\/p>\n<p><strong>San Luis fue pionera en la habilitaci\u00f3n de estos veh\u00edculos. All\u00ed\u00a0circulan con buenos resultados desde hace unos cinco a\u00f1os, ya que la mayor\u00eda de sus rutas son autopistas y el resto, rutas de muy bajo tr\u00e1nsito.\u00a0 Y desde este a\u00f1o en otras zonas del pa\u00eds -principalmente las que conectan con Brasil- tambi\u00e9n se permite la circulaci\u00f3n de estos transportes. A\u00fan, sin embargo, no est\u00e1n autorizados para transitar en las rutas que pasan por nuestra provincia.<\/strong><\/p>\n<p>Entre otros beneficios del bitren -frente al cami\u00f3n tradicional- se destaca una mejora en un 78% el aumento de carga, sumado a 60% de reducci\u00f3n de las emisiones de di\u00f3xido de carbono (CO2) por tonelada transportada. A ello se agrega una minimiza a un 20% la carga por eje y el beneficio de contar con un sistema de suspensi\u00f3n neum\u00e1tica integral, por lo impacta en un 57% el aumento de la vida \u00fatil de la calzada.<\/p>\n<p>&nbsp;<\/p>\n<p>&nbsp;<\/p>\n<p>&nbsp;<\/p>\n<p>&nbsp;<\/p>\n","protected":false},"excerpt":{"rendered":"<p>Una funcionaria de la Zona Franca de General Pico anunci\u00f3, desde San Luis, que La Pampa podr\u00eda habilitar el uso de bitrenes en las rutas. Buscan optimizar el transporte de&hellip;<\/p>\n","protected":false},"author":3,"featured_media":17470,"comment_status":"closed","ping_status":"open","sticky":false,"template":"","format":"standard","meta":{"_acf_changed":false,"footnotes":""},"categories":[11,319,12],"tags":[206,703,196,704],"class_list":["post-17466","post","type-post","status-publish","format-standard","has-post-thumbnail","hentry","category-que-pasa","category-a-temporales","category-sociedad","tag-alonso","tag-bitren","tag-san-luis","tag-zona-franca"],"acf":[],"yoast_head":"<!-- This site is optimized with the Yoast SEO plugin v27.5 - https:\/\/yoast.com\/product\/yoast-seo-wordpress\/ -->\n<title>La Pampa quiere sumar bitrenes a sus rutas - Diario Textual<\/title>\n<meta name=\"robots\" content=\"index, follow, max-snippet:-1, max-image-preview:large, max-video-preview:-1\" \/>\n<link rel=\"canonical\" href=\"https:\/\/diariotextual.com\/inicio\/index.php\/2018\/08\/21\/la-pampa-quiere-sumar-bitrenes-rutas\/\" \/>\n<meta property=\"og:locale\" content=\"es_ES\" \/>\n<meta property=\"og:type\" content=\"article\" \/>\n<meta property=\"og:title\" content=\"La Pampa quiere sumar bitrenes a sus rutas - Diario Textual\" \/>\n<meta property=\"og:description\" content=\"Una funcionaria de la Zona Franca de General Pico anunci\u00f3, desde San Luis, que La Pampa podr\u00eda habilitar el uso de bitrenes en las rutas. Buscan optimizar el transporte de&hellip;\" \/>\n<meta property=\"og:url\" content=\"https:\/\/diariotextual.com\/inicio\/index.php\/2018\/08\/21\/la-pampa-quiere-sumar-bitrenes-rutas\/\" \/>\n<meta property=\"og:site_name\" content=\"Diario Textual\" \/>\n<meta property=\"article:publisher\" content=\"https:\/\/www.facebook.com\/eltextual\" \/>\n<meta property=\"article:published_time\" content=\"2018-08-21T14:46:32+00:00\" \/>\n<meta property=\"article:modified_time\" content=\"2018-08-22T10:16:57+00:00\" \/>\n<meta property=\"og:image\" content=\"https:\/\/diariotextual.com\/inicio\/wp-content\/uploads\/2018\/08\/bitrenessanluis1.jpg\" \/>\n\t<meta property=\"og:image:width\" content=\"630\" \/>\n\t<meta property=\"og:image:height\" content=\"375\" \/>\n\t<meta property=\"og:image:type\" content=\"image\/jpeg\" \/>\n<meta name=\"author\" content=\"Diario1 Diario1\" \/>\n<meta name=\"twitter:card\" content=\"summary_large_image\" \/>\n<meta name=\"twitter:creator\" content=\"@eltextual\" \/>\n<meta name=\"twitter:site\" content=\"@eltextual\" \/>\n<meta name=\"twitter:label1\" content=\"Escrito por\" \/>\n\t<meta name=\"twitter:data1\" content=\"Diario1 Diario1\" \/>\n\t<meta name=\"twitter:label2\" content=\"Tiempo de lectura\" \/>\n\t<meta name=\"twitter:data2\" content=\"2 minutos\" \/>\n<script type=\"application\/ld+json\" class=\"yoast-schema-graph\">{\"@context\":\"https:\\\/\\\/schema.org\",\"@graph\":[{\"@type\":\"Article\",\"@id\":\"https:\\\/\\\/diariotextual.com\\\/inicio\\\/index.php\\\/2018\\\/08\\\/21\\\/la-pampa-quiere-sumar-bitrenes-rutas\\\/#article\",\"isPartOf\":{\"@id\":\"https:\\\/\\\/diariotextual.com\\\/inicio\\\/index.php\\\/2018\\\/08\\\/21\\\/la-pampa-quiere-sumar-bitrenes-rutas\\\/\"},\"author\":{\"name\":\"Diario1 Diario1\",\"@id\":\"https:\\\/\\\/diariotextual.com\\\/inicio\\\/#\\\/schema\\\/person\\\/418fc4093c33e86ed41562db3508f958\"},\"headline\":\"La Pampa quiere sumar bitrenes a sus rutas\",\"datePublished\":\"2018-08-21T14:46:32+00:00\",\"dateModified\":\"2018-08-22T10:16:57+00:00\",\"mainEntityOfPage\":{\"@id\":\"https:\\\/\\\/diariotextual.com\\\/inicio\\\/index.php\\\/2018\\\/08\\\/21\\\/la-pampa-quiere-sumar-bitrenes-rutas\\\/\"},\"wordCount\":484,\"publisher\":{\"@id\":\"https:\\\/\\\/diariotextual.com\\\/inicio\\\/#organization\"},\"image\":{\"@id\":\"https:\\\/\\\/diariotextual.com\\\/inicio\\\/index.php\\\/2018\\\/08\\\/21\\\/la-pampa-quiere-sumar-bitrenes-rutas\\\/#primaryimage\"},\"thumbnailUrl\":\"https:\\\/\\\/diariotextual.com\\\/inicio\\\/wp-content\\\/uploads\\\/2018\\\/08\\\/bitrenessanluis1.jpg\",\"keywords\":[\"alonso\",\"bitren\",\"san luis\",\"zona franca\"],\"articleSection\":[\"A - QUE PASA (al costado)\",\"A - TEMPORALES\",\"SOCIEDAD\"],\"inLanguage\":\"es\"},{\"@type\":\"WebPage\",\"@id\":\"https:\\\/\\\/diariotextual.com\\\/inicio\\\/index.php\\\/2018\\\/08\\\/21\\\/la-pampa-quiere-sumar-bitrenes-rutas\\\/\",\"url\":\"https:\\\/\\\/diariotextual.com\\\/inicio\\\/index.php\\\/2018\\\/08\\\/21\\\/la-pampa-quiere-sumar-bitrenes-rutas\\\/\",\"name\":\"La Pampa quiere sumar bitrenes a sus rutas - Diario Textual\",\"isPartOf\":{\"@id\":\"https:\\\/\\\/diariotextual.com\\\/inicio\\\/#website\"},\"primaryImageOfPage\":{\"@id\":\"https:\\\/\\\/diariotextual.com\\\/inicio\\\/index.php\\\/2018\\\/08\\\/21\\\/la-pampa-quiere-sumar-bitrenes-rutas\\\/#primaryimage\"},\"image\":{\"@id\":\"https:\\\/\\\/diariotextual.com\\\/inicio\\\/index.php\\\/2018\\\/08\\\/21\\\/la-pampa-quiere-sumar-bitrenes-rutas\\\/#primaryimage\"},\"thumbnailUrl\":\"https:\\\/\\\/diariotextual.com\\\/inicio\\\/wp-content\\\/uploads\\\/2018\\\/08\\\/bitrenessanluis1.jpg\",\"datePublished\":\"2018-08-21T14:46:32+00:00\",\"dateModified\":\"2018-08-22T10:16:57+00:00\",\"breadcrumb\":{\"@id\":\"https:\\\/\\\/diariotextual.com\\\/inicio\\\/index.php\\\/2018\\\/08\\\/21\\\/la-pampa-quiere-sumar-bitrenes-rutas\\\/#breadcrumb\"},\"inLanguage\":\"es\",\"potentialAction\":[{\"@type\":\"ReadAction\",\"target\":[\"https:\\\/\\\/diariotextual.com\\\/inicio\\\/index.php\\\/2018\\\/08\\\/21\\\/la-pampa-quiere-sumar-bitrenes-rutas\\\/\"]}]},{\"@type\":\"ImageObject\",\"inLanguage\":\"es\",\"@id\":\"https:\\\/\\\/diariotextual.com\\\/inicio\\\/index.php\\\/2018\\\/08\\\/21\\\/la-pampa-quiere-sumar-bitrenes-rutas\\\/#primaryimage\",\"url\":\"https:\\\/\\\/diariotextual.com\\\/inicio\\\/wp-content\\\/uploads\\\/2018\\\/08\\\/bitrenessanluis1.jpg\",\"contentUrl\":\"https:\\\/\\\/diariotextual.com\\\/inicio\\\/wp-content\\\/uploads\\\/2018\\\/08\\\/bitrenessanluis1.jpg\",\"width\":630,\"height\":375},{\"@type\":\"BreadcrumbList\",\"@id\":\"https:\\\/\\\/diariotextual.com\\\/inicio\\\/index.php\\\/2018\\\/08\\\/21\\\/la-pampa-quiere-sumar-bitrenes-rutas\\\/#breadcrumb\",\"itemListElement\":[{\"@type\":\"ListItem\",\"position\":1,\"name\":\"Portada\",\"item\":\"https:\\\/\\\/diariotextual.com\\\/inicio\\\/\"},{\"@type\":\"ListItem\",\"position\":2,\"name\":\"La Pampa quiere sumar bitrenes a sus rutas\"}]},{\"@type\":\"WebSite\",\"@id\":\"https:\\\/\\\/diariotextual.com\\\/inicio\\\/#website\",\"url\":\"https:\\\/\\\/diariotextual.com\\\/inicio\\\/\",\"name\":\"Diario Textual\",\"description\":\"\",\"publisher\":{\"@id\":\"https:\\\/\\\/diariotextual.com\\\/inicio\\\/#organization\"},\"potentialAction\":[{\"@type\":\"SearchAction\",\"target\":{\"@type\":\"EntryPoint\",\"urlTemplate\":\"https:\\\/\\\/diariotextual.com\\\/inicio\\\/?s={search_term_string}\"},\"query-input\":{\"@type\":\"PropertyValueSpecification\",\"valueRequired\":true,\"valueName\":\"search_term_string\"}}],\"inLanguage\":\"es\"},{\"@type\":\"Organization\",\"@id\":\"https:\\\/\\\/diariotextual.com\\\/inicio\\\/#organization\",\"name\":\"Diario Textual\",\"url\":\"https:\\\/\\\/diariotextual.com\\\/inicio\\\/\",\"logo\":{\"@type\":\"ImageObject\",\"inLanguage\":\"es\",\"@id\":\"https:\\\/\\\/diariotextual.com\\\/inicio\\\/#\\\/schema\\\/logo\\\/image\\\/\",\"url\":\"https:\\\/\\\/diariotextual.com\\\/inicio\\\/wp-content\\\/uploads\\\/2023\\\/05\\\/logotextual1.jpg\",\"contentUrl\":\"https:\\\/\\\/diariotextual.com\\\/inicio\\\/wp-content\\\/uploads\\\/2023\\\/05\\\/logotextual1.jpg\",\"width\":516,\"height\":76,\"caption\":\"Diario Textual\"},\"image\":{\"@id\":\"https:\\\/\\\/diariotextual.com\\\/inicio\\\/#\\\/schema\\\/logo\\\/image\\\/\"},\"sameAs\":[\"https:\\\/\\\/www.facebook.com\\\/eltextual\",\"https:\\\/\\\/x.com\\\/eltextual\",\"http:\\\/\\\/www.instagram.com\\\/eltextual\"]},{\"@type\":\"Person\",\"@id\":\"https:\\\/\\\/diariotextual.com\\\/inicio\\\/#\\\/schema\\\/person\\\/418fc4093c33e86ed41562db3508f958\",\"name\":\"Diario1 Diario1\",\"image\":{\"@type\":\"ImageObject\",\"inLanguage\":\"es\",\"@id\":\"https:\\\/\\\/secure.gravatar.com\\\/avatar\\\/9167d280179c85bc18be67aa7eda765854300033af4896dd779b608640f2ef7a?s=96&d=mm&r=g\",\"url\":\"https:\\\/\\\/secure.gravatar.com\\\/avatar\\\/9167d280179c85bc18be67aa7eda765854300033af4896dd779b608640f2ef7a?s=96&d=mm&r=g\",\"contentUrl\":\"https:\\\/\\\/secure.gravatar.com\\\/avatar\\\/9167d280179c85bc18be67aa7eda765854300033af4896dd779b608640f2ef7a?s=96&d=mm&r=g\",\"caption\":\"Diario1 Diario1\"},\"url\":\"https:\\\/\\\/diariotextual.com\\\/inicio\\\/index.php\\\/author\\\/diario1\\\/\"}]}<\/script>\n<!-- \/ Yoast SEO plugin. -->","yoast_head_json":{"title":"La Pampa quiere sumar bitrenes a sus rutas - Diario Textual","robots":{"index":"index","follow":"follow","max-snippet":"max-snippet:-1","max-image-preview":"max-image-preview:large","max-video-preview":"max-video-preview:-1"},"canonical":"https:\/\/diariotextual.com\/inicio\/index.php\/2018\/08\/21\/la-pampa-quiere-sumar-bitrenes-rutas\/","og_locale":"es_ES","og_type":"article","og_title":"La Pampa quiere sumar bitrenes a sus rutas - Diario Textual","og_description":"Una funcionaria de la Zona Franca de General Pico anunci\u00f3, desde San Luis, que La Pampa podr\u00eda habilitar el uso de bitrenes en las rutas. Buscan optimizar el transporte de&hellip;","og_url":"https:\/\/diariotextual.com\/inicio\/index.php\/2018\/08\/21\/la-pampa-quiere-sumar-bitrenes-rutas\/","og_site_name":"Diario Textual","article_publisher":"https:\/\/www.facebook.com\/eltextual","article_published_time":"2018-08-21T14:46:32+00:00","article_modified_time":"2018-08-22T10:16:57+00:00","og_image":[{"width":630,"height":375,"url":"https:\/\/diariotextual.com\/inicio\/wp-content\/uploads\/2018\/08\/bitrenessanluis1.jpg","type":"image\/jpeg"}],"author":"Diario1 Diario1","twitter_card":"summary_large_image","twitter_creator":"@eltextual","twitter_site":"@eltextual","twitter_misc":{"Escrito por":"Diario1 Diario1","Tiempo de lectura":"2 minutos"},"schema":{"@context":"https:\/\/schema.org","@graph":[{"@type":"Article","@id":"https:\/\/diariotextual.com\/inicio\/index.php\/2018\/08\/21\/la-pampa-quiere-sumar-bitrenes-rutas\/#article","isPartOf":{"@id":"https:\/\/diariotextual.com\/inicio\/index.php\/2018\/08\/21\/la-pampa-quiere-sumar-bitrenes-rutas\/"},"author":{"name":"Diario1 Diario1","@id":"https:\/\/diariotextual.com\/inicio\/#\/schema\/person\/418fc4093c33e86ed41562db3508f958"},"headline":"La Pampa quiere sumar bitrenes a sus rutas","datePublished":"2018-08-21T14:46:32+00:00","dateModified":"2018-08-22T10:16:57+00:00","mainEntityOfPage":{"@id":"https:\/\/diariotextual.com\/inicio\/index.php\/2018\/08\/21\/la-pampa-quiere-sumar-bitrenes-rutas\/"},"wordCount":484,"publisher":{"@id":"https:\/\/diariotextual.com\/inicio\/#organization"},"image":{"@id":"https:\/\/diariotextual.com\/inicio\/index.php\/2018\/08\/21\/la-pampa-quiere-sumar-bitrenes-rutas\/#primaryimage"},"thumbnailUrl":"https:\/\/diariotextual.com\/inicio\/wp-content\/uploads\/2018\/08\/bitrenessanluis1.jpg","keywords":["alonso","bitren","san luis","zona franca"],"articleSection":["A - QUE PASA (al costado)","A - TEMPORALES","SOCIEDAD"],"inLanguage":"es"},{"@type":"WebPage","@id":"https:\/\/diariotextual.com\/inicio\/index.php\/2018\/08\/21\/la-pampa-quiere-sumar-bitrenes-rutas\/","url":"https:\/\/diariotextual.com\/inicio\/index.php\/2018\/08\/21\/la-pampa-quiere-sumar-bitrenes-rutas\/","name":"La Pampa quiere sumar bitrenes a sus rutas - Diario Textual","isPartOf":{"@id":"https:\/\/diariotextual.com\/inicio\/#website"},"primaryImageOfPage":{"@id":"https:\/\/diariotextual.com\/inicio\/index.php\/2018\/08\/21\/la-pampa-quiere-sumar-bitrenes-rutas\/#primaryimage"},"image":{"@id":"https:\/\/diariotextual.com\/inicio\/index.php\/2018\/08\/21\/la-pampa-quiere-sumar-bitrenes-rutas\/#primaryimage"},"thumbnailUrl":"https:\/\/diariotextual.com\/inicio\/wp-content\/uploads\/2018\/08\/bitrenessanluis1.jpg","datePublished":"2018-08-21T14:46:32+00:00","dateModified":"2018-08-22T10:16:57+00:00","breadcrumb":{"@id":"https:\/\/diariotextual.com\/inicio\/index.php\/2018\/08\/21\/la-pampa-quiere-sumar-bitrenes-rutas\/#breadcrumb"},"inLanguage":"es","potentialAction":[{"@type":"ReadAction","target":["https:\/\/diariotextual.com\/inicio\/index.php\/2018\/08\/21\/la-pampa-quiere-sumar-bitrenes-rutas\/"]}]},{"@type":"ImageObject","inLanguage":"es","@id":"https:\/\/diariotextual.com\/inicio\/index.php\/2018\/08\/21\/la-pampa-quiere-sumar-bitrenes-rutas\/#primaryimage","url":"https:\/\/diariotextual.com\/inicio\/wp-content\/uploads\/2018\/08\/bitrenessanluis1.jpg","contentUrl":"https:\/\/diariotextual.com\/inicio\/wp-content\/uploads\/2018\/08\/bitrenessanluis1.jpg","width":630,"height":375},{"@type":"BreadcrumbList","@id":"https:\/\/diariotextual.com\/inicio\/index.php\/2018\/08\/21\/la-pampa-quiere-sumar-bitrenes-rutas\/#breadcrumb","itemListElement":[{"@type":"ListItem","position":1,"name":"Portada","item":"https:\/\/diariotextual.com\/inicio\/"},{"@type":"ListItem","position":2,"name":"La Pampa quiere sumar bitrenes a sus rutas"}]},{"@type":"WebSite","@id":"https:\/\/diariotextual.com\/inicio\/#website","url":"https:\/\/diariotextual.com\/inicio\/","name":"Diario Textual","description":"","publisher":{"@id":"https:\/\/diariotextual.com\/inicio\/#organization"},"potentialAction":[{"@type":"SearchAction","target":{"@type":"EntryPoint","urlTemplate":"https:\/\/diariotextual.com\/inicio\/?s={search_term_string}"},"query-input":{"@type":"PropertyValueSpecification","valueRequired":true,"valueName":"search_term_string"}}],"inLanguage":"es"},{"@type":"Organization","@id":"https:\/\/diariotextual.com\/inicio\/#organization","name":"Diario Textual","url":"https:\/\/diariotextual.com\/inicio\/","logo":{"@type":"ImageObject","inLanguage":"es","@id":"https:\/\/diariotextual.com\/inicio\/#\/schema\/logo\/image\/","url":"https:\/\/diariotextual.com\/inicio\/wp-content\/uploads\/2023\/05\/logotextual1.jpg","contentUrl":"https:\/\/diariotextual.com\/inicio\/wp-content\/uploads\/2023\/05\/logotextual1.jpg","width":516,"height":76,"caption":"Diario Textual"},"image":{"@id":"https:\/\/diariotextual.com\/inicio\/#\/schema\/logo\/image\/"},"sameAs":["https:\/\/www.facebook.com\/eltextual","https:\/\/x.com\/eltextual","http:\/\/www.instagram.com\/eltextual"]},{"@type":"Person","@id":"https:\/\/diariotextual.com\/inicio\/#\/schema\/person\/418fc4093c33e86ed41562db3508f958","name":"Diario1 Diario1","image":{"@type":"ImageObject","inLanguage":"es","@id":"https:\/\/secure.gravatar.com\/avatar\/9167d280179c85bc18be67aa7eda765854300033af4896dd779b608640f2ef7a?s=96&d=mm&r=g","url":"https:\/\/secure.gravatar.com\/avatar\/9167d280179c85bc18be67aa7eda765854300033af4896dd779b608640f2ef7a?s=96&d=mm&r=g","contentUrl":"https:\/\/secure.gravatar.com\/avatar\/9167d280179c85bc18be67aa7eda765854300033af4896dd779b608640f2ef7a?s=96&d=mm&r=g","caption":"Diario1 Diario1"},"url":"https:\/\/diariotextual.com\/inicio\/index.php\/author\/diario1\/"}]}},"_links":{"self":[{"href":"https:\/\/diariotextual.com\/inicio\/index.php\/wp-json\/wp\/v2\/posts\/17466","targetHints":{"allow":["GET"]}}],"collection":[{"href":"https:\/\/diariotextual.com\/inicio\/index.php\/wp-json\/wp\/v2\/posts"}],"about":[{"href":"https:\/\/diariotextual.com\/inicio\/index.php\/wp-json\/wp\/v2\/types\/post"}],"author":[{"embeddable":true,"href":"https:\/\/diariotextual.com\/inicio\/index.php\/wp-json\/wp\/v2\/users\/3"}],"replies":[{"embeddable":true,"href":"https:\/\/diariotextual.com\/inicio\/index.php\/wp-json\/wp\/v2\/comments?post=17466"}],"version-history":[{"count":5,"href":"https:\/\/diariotextual.com\/inicio\/index.php\/wp-json\/wp\/v2\/posts\/17466\/revisions"}],"predecessor-version":[{"id":17473,"href":"https:\/\/diariotextual.com\/inicio\/index.php\/wp-json\/wp\/v2\/posts\/17466\/revisions\/17473"}],"wp:featuredmedia":[{"embeddable":true,"href":"https:\/\/diariotextual.com\/inicio\/index.php\/wp-json\/wp\/v2\/media\/17470"}],"wp:attachment":[{"href":"https:\/\/diariotextual.com\/inicio\/index.php\/wp-json\/wp\/v2\/media?parent=17466"}],"wp:term":[{"taxonomy":"category","embeddable":true,"href":"https:\/\/diariotextual.com\/inicio\/index.php\/wp-json\/wp\/v2\/categories?post=17466"},{"taxonomy":"post_tag","embeddable":true,"href":"https:\/\/diariotextual.com\/inicio\/index.php\/wp-json\/wp\/v2\/tags?post=17466"}],"curies":[{"name":"wp","href":"https:\/\/api.w.org\/{rel}","templated":true}]}}