{"id":174709,"date":"2021-12-29T12:10:07","date_gmt":"2021-12-29T15:10:07","guid":{"rendered":"https:\/\/diariotextual.com\/inicio\/?p=174709"},"modified":"2021-12-29T13:19:36","modified_gmt":"2021-12-29T16:19:36","slug":"choque-fatal-en-la-ruta-5-el-camionero-fue-acusado-de-homicidio-culposo","status":"publish","type":"post","link":"https:\/\/diariotextual.com\/inicio\/index.php\/2021\/12\/29\/choque-fatal-en-la-ruta-5-el-camionero-fue-acusado-de-homicidio-culposo\/","title":{"rendered":"Choque fatal en la ruta 5: el camionero fue acusado de homicidio culposo"},"content":{"rendered":"\n<p><strong>Jos\u00e9 Alejandro Romero<\/strong>, el hombre que conduc\u00eda <strong><a href=\"https:\/\/diariotextual.com\/inicio\/index.php\/2021\/12\/21\/camion-se-cruzo-y-mato-a-una-mujer-de-catrilo-dieron-a-conocer-la-identidad\/\" target=\"_blank\" rel=\"noreferrer noopener\">un cami\u00f3n que, al ingresar a Santa Rosa por la ruta nacional 5 se cruz\u00f3 de mano y choc\u00f3 y mat\u00f3 a una remisera de Catril\u00f3<\/a><\/strong>, fue acusado este mi\u00e9rcoles, luego de obtener el alta m\u00e9dica, <strong>del delito de homicidio culposo y lesiones culposas.<\/strong><\/p>\n\n\n\n<p>El choque se registr\u00f3 el martes 21 de diciembre, antes del mediod\u00eda, entre un Citro\u00ebn C4 -que se dirig\u00eda desde Santa Rosa a Catril\u00f3- y un Iveco -que ingresaba en direcci\u00f3n contraria a la capital pampeana-.<\/p>\n\n\n\n<p>La conductora del auto, de unos 74 a\u00f1os, muri\u00f3 en el acto. Era Susana Castro, una conocida remisera de Catril\u00f3.<\/p>\n\n\n\n<p>Llevaba dos pasajeras, tambi\u00e9n de Catril\u00f3, en el asiento trasero del auto: una mujer de 30 a\u00f1os, y su hija, de unos 3 meses, que sufrieron golpes.<\/p>\n\n\n\n<p>La audiencia de formalizaci\u00f3n se desarroll\u00f3 en el Centro Judicial de Santa Rosa. La fiscala <strong>Cecilia Martin\u00ed<\/strong> le comunic\u00f3 de qu\u00e9 se lo acusa.<\/p>\n\n\n\n<p>Posteriormente, el jue<strong>z Carlos Chapalcaz<\/strong>, a pedido de Martin\u00ed,<strong> le impuso una serie de medidas de restricci\u00f3n: entre otras, una prohibici\u00f3n absoluta para conducir veh\u00edculos y una prohibici\u00f3n de salida del pa\u00eds.<\/strong><\/p>\n\n\n\n<p><strong>Est\u00e1n pendiente ciertas pericias, entre ellas las mec\u00e1nicas.<\/strong> Est\u00e1n tratando de verificar si hubo fallas en el cami\u00f3n, que hayan provocado que avanzara sobre la mano contraria, dijo la fiscala Martin\u00ed a Diario Textual.<\/p>\n\n\n\n<p>En tanto, <strong>en principio los estudios toxicol\u00f3gicos hab\u00edan determinado que hab\u00eda consumido coca\u00edna.<\/strong> Sin embargo, posteriormente se ampliaron esos estudios y <strong>se determin\u00f3 que se deb\u00eda al mascado de hojas de coca.<\/strong> De hecho, en el cami\u00f3n se pudo encontrar una bolsa con hojas de coca.<\/p>\n\n\n\n<p>Es una pr\u00e1ctica relativamente habitual entre los camioneros y hasta en los conductores de colectivos.<\/p>\n\n\n\n<p>Para la legislaci\u00f3n argentina, <strong>el mascado de coca no constituye \u201cconsumo de sustancias estupefacientes\u201d. Por eso la calificaci\u00f3n penal de la acusaci\u00f3n a este camionero no es tan gravosa.<\/strong><\/p>\n\n\n\n<p>Otro dato: <strong>est\u00e1 confirmado que sufri\u00f3 un infarto<\/strong>, como adelant\u00f3 Diario Textual. Pero est\u00e1n tratando de determinar si eso provoc\u00f3 o no el siniestro. Otra de las posibilidades es que el infarto se haya producido luego del choque.<\/p>\n\n\n\n<figure class=\"wp-block-embed is-type-wp-embed is-provider-diario-textual wp-block-embed-diario-textual\"><div class=\"wp-block-embed__wrapper\">\n<blockquote class=\"wp-embedded-content\" data-secret=\"iJig9XBWRe\"><a href=\"https:\/\/diariotextual.com\/inicio\/index.php\/2021\/12\/23\/ruta-5-peligrosa-vecinos-reclaman-medidas-a-empresa-concesionaria\/\">Ruta 5 peligrosa: vecinos reclaman medidas a empresa concesionaria<\/a><\/blockquote><iframe class=\"wp-embedded-content\" sandbox=\"allow-scripts\" security=\"restricted\" style=\"position: absolute; clip: rect(1px, 1px, 1px, 1px);\" title=\"\u00abRuta 5 peligrosa: vecinos reclaman medidas a empresa concesionaria\u00bb \u2014 Diario Textual\" src=\"https:\/\/diariotextual.com\/inicio\/index.php\/2021\/12\/23\/ruta-5-peligrosa-vecinos-reclaman-medidas-a-empresa-concesionaria\/embed\/#?secret=iJig9XBWRe\" data-secret=\"iJig9XBWRe\" width=\"600\" height=\"338\" frameborder=\"0\" marginwidth=\"0\" marginheight=\"0\" scrolling=\"no\"><\/iframe>\n<\/div><\/figure>\n","protected":false},"excerpt":{"rendered":"<p>Jos\u00e9 Alejandro Romero, el hombre que conduc\u00eda un cami\u00f3n que, al ingresar a Santa Rosa por la ruta nacional 5 se cruz\u00f3 de mano y choc\u00f3 y mat\u00f3 a una&hellip;<\/p>\n","protected":false},"author":3,"featured_media":173929,"comment_status":"closed","ping_status":"open","sticky":false,"template":"","format":"standard","meta":{"_acf_changed":false,"footnotes":""},"categories":[10,12],"tags":[171],"class_list":["post-174709","post","type-post","status-publish","format-standard","has-post-thumbnail","hentry","category-portada-2","category-sociedad","tag-choque"],"acf":[],"yoast_head":"<!-- This site is optimized with the Yoast SEO plugin v27.5 - https:\/\/yoast.com\/product\/yoast-seo-wordpress\/ -->\n<title>Choque fatal en la ruta 5: el camionero fue acusado de homicidio culposo - Diario Textual<\/title>\n<meta name=\"robots\" content=\"index, follow, max-snippet:-1, max-image-preview:large, max-video-preview:-1\" \/>\n<link rel=\"canonical\" href=\"https:\/\/diariotextual.com\/inicio\/index.php\/2021\/12\/29\/choque-fatal-en-la-ruta-5-el-camionero-fue-acusado-de-homicidio-culposo\/\" \/>\n<meta property=\"og:locale\" content=\"es_ES\" \/>\n<meta property=\"og:type\" content=\"article\" \/>\n<meta property=\"og:title\" content=\"Choque fatal en la ruta 5: el camionero fue acusado de homicidio culposo - Diario Textual\" \/>\n<meta property=\"og:description\" content=\"Jos\u00e9 Alejandro Romero, el hombre que conduc\u00eda un cami\u00f3n que, al ingresar a Santa Rosa por la ruta nacional 5 se cruz\u00f3 de mano y choc\u00f3 y mat\u00f3 a una&hellip;\" \/>\n<meta property=\"og:url\" content=\"https:\/\/diariotextual.com\/inicio\/index.php\/2021\/12\/29\/choque-fatal-en-la-ruta-5-el-camionero-fue-acusado-de-homicidio-culposo\/\" \/>\n<meta property=\"og:site_name\" content=\"Diario Textual\" \/>\n<meta property=\"article:publisher\" content=\"https:\/\/www.facebook.com\/eltextual\" \/>\n<meta property=\"article:published_time\" content=\"2021-12-29T15:10:07+00:00\" \/>\n<meta property=\"article:modified_time\" content=\"2021-12-29T16:19:36+00:00\" \/>\n<meta property=\"og:image\" content=\"https:\/\/diariotextual.com\/inicio\/wp-content\/uploads\/2021\/12\/choqueruta5santarosa21diciembre2021-2.jpg\" \/>\n\t<meta property=\"og:image:width\" content=\"1038\" \/>\n\t<meta property=\"og:image:height\" content=\"593\" \/>\n\t<meta property=\"og:image:type\" content=\"image\/jpeg\" \/>\n<meta name=\"author\" content=\"Diario1 Diario1\" \/>\n<meta name=\"twitter:card\" content=\"summary_large_image\" \/>\n<meta name=\"twitter:creator\" content=\"@eltextual\" \/>\n<meta name=\"twitter:site\" content=\"@eltextual\" \/>\n<meta name=\"twitter:label1\" content=\"Escrito por\" \/>\n\t<meta name=\"twitter:data1\" content=\"Diario1 Diario1\" \/>\n\t<meta name=\"twitter:label2\" content=\"Tiempo de lectura\" \/>\n\t<meta name=\"twitter:data2\" content=\"2 minutos\" \/>\n<script type=\"application\/ld+json\" class=\"yoast-schema-graph\">{\"@context\":\"https:\\\/\\\/schema.org\",\"@graph\":[{\"@type\":\"Article\",\"@id\":\"https:\\\/\\\/diariotextual.com\\\/inicio\\\/index.php\\\/2021\\\/12\\\/29\\\/choque-fatal-en-la-ruta-5-el-camionero-fue-acusado-de-homicidio-culposo\\\/#article\",\"isPartOf\":{\"@id\":\"https:\\\/\\\/diariotextual.com\\\/inicio\\\/index.php\\\/2021\\\/12\\\/29\\\/choque-fatal-en-la-ruta-5-el-camionero-fue-acusado-de-homicidio-culposo\\\/\"},\"author\":{\"name\":\"Diario1 Diario1\",\"@id\":\"https:\\\/\\\/diariotextual.com\\\/inicio\\\/#\\\/schema\\\/person\\\/418fc4093c33e86ed41562db3508f958\"},\"headline\":\"Choque fatal en la ruta 5: el camionero fue acusado de homicidio culposo\",\"datePublished\":\"2021-12-29T15:10:07+00:00\",\"dateModified\":\"2021-12-29T16:19:36+00:00\",\"mainEntityOfPage\":{\"@id\":\"https:\\\/\\\/diariotextual.com\\\/inicio\\\/index.php\\\/2021\\\/12\\\/29\\\/choque-fatal-en-la-ruta-5-el-camionero-fue-acusado-de-homicidio-culposo\\\/\"},\"wordCount\":400,\"publisher\":{\"@id\":\"https:\\\/\\\/diariotextual.com\\\/inicio\\\/#organization\"},\"image\":{\"@id\":\"https:\\\/\\\/diariotextual.com\\\/inicio\\\/index.php\\\/2021\\\/12\\\/29\\\/choque-fatal-en-la-ruta-5-el-camionero-fue-acusado-de-homicidio-culposo\\\/#primaryimage\"},\"thumbnailUrl\":\"https:\\\/\\\/diariotextual.com\\\/inicio\\\/wp-content\\\/uploads\\\/2021\\\/12\\\/choqueruta5santarosa21diciembre2021-2.jpg\",\"keywords\":[\"choque\"],\"articleSection\":[\"A - PORTADA2\",\"SOCIEDAD\"],\"inLanguage\":\"es\"},{\"@type\":\"WebPage\",\"@id\":\"https:\\\/\\\/diariotextual.com\\\/inicio\\\/index.php\\\/2021\\\/12\\\/29\\\/choque-fatal-en-la-ruta-5-el-camionero-fue-acusado-de-homicidio-culposo\\\/\",\"url\":\"https:\\\/\\\/diariotextual.com\\\/inicio\\\/index.php\\\/2021\\\/12\\\/29\\\/choque-fatal-en-la-ruta-5-el-camionero-fue-acusado-de-homicidio-culposo\\\/\",\"name\":\"Choque fatal en la ruta 5: el camionero fue acusado de homicidio culposo - Diario Textual\",\"isPartOf\":{\"@id\":\"https:\\\/\\\/diariotextual.com\\\/inicio\\\/#website\"},\"primaryImageOfPage\":{\"@id\":\"https:\\\/\\\/diariotextual.com\\\/inicio\\\/index.php\\\/2021\\\/12\\\/29\\\/choque-fatal-en-la-ruta-5-el-camionero-fue-acusado-de-homicidio-culposo\\\/#primaryimage\"},\"image\":{\"@id\":\"https:\\\/\\\/diariotextual.com\\\/inicio\\\/index.php\\\/2021\\\/12\\\/29\\\/choque-fatal-en-la-ruta-5-el-camionero-fue-acusado-de-homicidio-culposo\\\/#primaryimage\"},\"thumbnailUrl\":\"https:\\\/\\\/diariotextual.com\\\/inicio\\\/wp-content\\\/uploads\\\/2021\\\/12\\\/choqueruta5santarosa21diciembre2021-2.jpg\",\"datePublished\":\"2021-12-29T15:10:07+00:00\",\"dateModified\":\"2021-12-29T16:19:36+00:00\",\"breadcrumb\":{\"@id\":\"https:\\\/\\\/diariotextual.com\\\/inicio\\\/index.php\\\/2021\\\/12\\\/29\\\/choque-fatal-en-la-ruta-5-el-camionero-fue-acusado-de-homicidio-culposo\\\/#breadcrumb\"},\"inLanguage\":\"es\",\"potentialAction\":[{\"@type\":\"ReadAction\",\"target\":[\"https:\\\/\\\/diariotextual.com\\\/inicio\\\/index.php\\\/2021\\\/12\\\/29\\\/choque-fatal-en-la-ruta-5-el-camionero-fue-acusado-de-homicidio-culposo\\\/\"]}]},{\"@type\":\"ImageObject\",\"inLanguage\":\"es\",\"@id\":\"https:\\\/\\\/diariotextual.com\\\/inicio\\\/index.php\\\/2021\\\/12\\\/29\\\/choque-fatal-en-la-ruta-5-el-camionero-fue-acusado-de-homicidio-culposo\\\/#primaryimage\",\"url\":\"https:\\\/\\\/diariotextual.com\\\/inicio\\\/wp-content\\\/uploads\\\/2021\\\/12\\\/choqueruta5santarosa21diciembre2021-2.jpg\",\"contentUrl\":\"https:\\\/\\\/diariotextual.com\\\/inicio\\\/wp-content\\\/uploads\\\/2021\\\/12\\\/choqueruta5santarosa21diciembre2021-2.jpg\",\"width\":1038,\"height\":593},{\"@type\":\"BreadcrumbList\",\"@id\":\"https:\\\/\\\/diariotextual.com\\\/inicio\\\/index.php\\\/2021\\\/12\\\/29\\\/choque-fatal-en-la-ruta-5-el-camionero-fue-acusado-de-homicidio-culposo\\\/#breadcrumb\",\"itemListElement\":[{\"@type\":\"ListItem\",\"position\":1,\"name\":\"Portada\",\"item\":\"https:\\\/\\\/diariotextual.com\\\/inicio\\\/\"},{\"@type\":\"ListItem\",\"position\":2,\"name\":\"Choque fatal en la ruta 5: el camionero fue acusado de homicidio culposo\"}]},{\"@type\":\"WebSite\",\"@id\":\"https:\\\/\\\/diariotextual.com\\\/inicio\\\/#website\",\"url\":\"https:\\\/\\\/diariotextual.com\\\/inicio\\\/\",\"name\":\"Diario Textual\",\"description\":\"\",\"publisher\":{\"@id\":\"https:\\\/\\\/diariotextual.com\\\/inicio\\\/#organization\"},\"potentialAction\":[{\"@type\":\"SearchAction\",\"target\":{\"@type\":\"EntryPoint\",\"urlTemplate\":\"https:\\\/\\\/diariotextual.com\\\/inicio\\\/?s={search_term_string}\"},\"query-input\":{\"@type\":\"PropertyValueSpecification\",\"valueRequired\":true,\"valueName\":\"search_term_string\"}}],\"inLanguage\":\"es\"},{\"@type\":\"Organization\",\"@id\":\"https:\\\/\\\/diariotextual.com\\\/inicio\\\/#organization\",\"name\":\"Diario Textual\",\"url\":\"https:\\\/\\\/diariotextual.com\\\/inicio\\\/\",\"logo\":{\"@type\":\"ImageObject\",\"inLanguage\":\"es\",\"@id\":\"https:\\\/\\\/diariotextual.com\\\/inicio\\\/#\\\/schema\\\/logo\\\/image\\\/\",\"url\":\"https:\\\/\\\/diariotextual.com\\\/inicio\\\/wp-content\\\/uploads\\\/2023\\\/05\\\/logotextual1.jpg\",\"contentUrl\":\"https:\\\/\\\/diariotextual.com\\\/inicio\\\/wp-content\\\/uploads\\\/2023\\\/05\\\/logotextual1.jpg\",\"width\":516,\"height\":76,\"caption\":\"Diario Textual\"},\"image\":{\"@id\":\"https:\\\/\\\/diariotextual.com\\\/inicio\\\/#\\\/schema\\\/logo\\\/image\\\/\"},\"sameAs\":[\"https:\\\/\\\/www.facebook.com\\\/eltextual\",\"https:\\\/\\\/x.com\\\/eltextual\",\"http:\\\/\\\/www.instagram.com\\\/eltextual\"]},{\"@type\":\"Person\",\"@id\":\"https:\\\/\\\/diariotextual.com\\\/inicio\\\/#\\\/schema\\\/person\\\/418fc4093c33e86ed41562db3508f958\",\"name\":\"Diario1 Diario1\",\"image\":{\"@type\":\"ImageObject\",\"inLanguage\":\"es\",\"@id\":\"https:\\\/\\\/secure.gravatar.com\\\/avatar\\\/9167d280179c85bc18be67aa7eda765854300033af4896dd779b608640f2ef7a?s=96&d=mm&r=g\",\"url\":\"https:\\\/\\\/secure.gravatar.com\\\/avatar\\\/9167d280179c85bc18be67aa7eda765854300033af4896dd779b608640f2ef7a?s=96&d=mm&r=g\",\"contentUrl\":\"https:\\\/\\\/secure.gravatar.com\\\/avatar\\\/9167d280179c85bc18be67aa7eda765854300033af4896dd779b608640f2ef7a?s=96&d=mm&r=g\",\"caption\":\"Diario1 Diario1\"},\"url\":\"https:\\\/\\\/diariotextual.com\\\/inicio\\\/index.php\\\/author\\\/diario1\\\/\"}]}<\/script>\n<!-- \/ Yoast SEO plugin. -->","yoast_head_json":{"title":"Choque fatal en la ruta 5: el camionero fue acusado de homicidio culposo - Diario Textual","robots":{"index":"index","follow":"follow","max-snippet":"max-snippet:-1","max-image-preview":"max-image-preview:large","max-video-preview":"max-video-preview:-1"},"canonical":"https:\/\/diariotextual.com\/inicio\/index.php\/2021\/12\/29\/choque-fatal-en-la-ruta-5-el-camionero-fue-acusado-de-homicidio-culposo\/","og_locale":"es_ES","og_type":"article","og_title":"Choque fatal en la ruta 5: el camionero fue acusado de homicidio culposo - Diario Textual","og_description":"Jos\u00e9 Alejandro Romero, el hombre que conduc\u00eda un cami\u00f3n que, al ingresar a Santa Rosa por la ruta nacional 5 se cruz\u00f3 de mano y choc\u00f3 y mat\u00f3 a una&hellip;","og_url":"https:\/\/diariotextual.com\/inicio\/index.php\/2021\/12\/29\/choque-fatal-en-la-ruta-5-el-camionero-fue-acusado-de-homicidio-culposo\/","og_site_name":"Diario Textual","article_publisher":"https:\/\/www.facebook.com\/eltextual","article_published_time":"2021-12-29T15:10:07+00:00","article_modified_time":"2021-12-29T16:19:36+00:00","og_image":[{"width":1038,"height":593,"url":"https:\/\/diariotextual.com\/inicio\/wp-content\/uploads\/2021\/12\/choqueruta5santarosa21diciembre2021-2.jpg","type":"image\/jpeg"}],"author":"Diario1 Diario1","twitter_card":"summary_large_image","twitter_creator":"@eltextual","twitter_site":"@eltextual","twitter_misc":{"Escrito por":"Diario1 Diario1","Tiempo de lectura":"2 minutos"},"schema":{"@context":"https:\/\/schema.org","@graph":[{"@type":"Article","@id":"https:\/\/diariotextual.com\/inicio\/index.php\/2021\/12\/29\/choque-fatal-en-la-ruta-5-el-camionero-fue-acusado-de-homicidio-culposo\/#article","isPartOf":{"@id":"https:\/\/diariotextual.com\/inicio\/index.php\/2021\/12\/29\/choque-fatal-en-la-ruta-5-el-camionero-fue-acusado-de-homicidio-culposo\/"},"author":{"name":"Diario1 Diario1","@id":"https:\/\/diariotextual.com\/inicio\/#\/schema\/person\/418fc4093c33e86ed41562db3508f958"},"headline":"Choque fatal en la ruta 5: el camionero fue acusado de homicidio culposo","datePublished":"2021-12-29T15:10:07+00:00","dateModified":"2021-12-29T16:19:36+00:00","mainEntityOfPage":{"@id":"https:\/\/diariotextual.com\/inicio\/index.php\/2021\/12\/29\/choque-fatal-en-la-ruta-5-el-camionero-fue-acusado-de-homicidio-culposo\/"},"wordCount":400,"publisher":{"@id":"https:\/\/diariotextual.com\/inicio\/#organization"},"image":{"@id":"https:\/\/diariotextual.com\/inicio\/index.php\/2021\/12\/29\/choque-fatal-en-la-ruta-5-el-camionero-fue-acusado-de-homicidio-culposo\/#primaryimage"},"thumbnailUrl":"https:\/\/diariotextual.com\/inicio\/wp-content\/uploads\/2021\/12\/choqueruta5santarosa21diciembre2021-2.jpg","keywords":["choque"],"articleSection":["A - PORTADA2","SOCIEDAD"],"inLanguage":"es"},{"@type":"WebPage","@id":"https:\/\/diariotextual.com\/inicio\/index.php\/2021\/12\/29\/choque-fatal-en-la-ruta-5-el-camionero-fue-acusado-de-homicidio-culposo\/","url":"https:\/\/diariotextual.com\/inicio\/index.php\/2021\/12\/29\/choque-fatal-en-la-ruta-5-el-camionero-fue-acusado-de-homicidio-culposo\/","name":"Choque fatal en la ruta 5: el camionero fue acusado de homicidio culposo - Diario Textual","isPartOf":{"@id":"https:\/\/diariotextual.com\/inicio\/#website"},"primaryImageOfPage":{"@id":"https:\/\/diariotextual.com\/inicio\/index.php\/2021\/12\/29\/choque-fatal-en-la-ruta-5-el-camionero-fue-acusado-de-homicidio-culposo\/#primaryimage"},"image":{"@id":"https:\/\/diariotextual.com\/inicio\/index.php\/2021\/12\/29\/choque-fatal-en-la-ruta-5-el-camionero-fue-acusado-de-homicidio-culposo\/#primaryimage"},"thumbnailUrl":"https:\/\/diariotextual.com\/inicio\/wp-content\/uploads\/2021\/12\/choqueruta5santarosa21diciembre2021-2.jpg","datePublished":"2021-12-29T15:10:07+00:00","dateModified":"2021-12-29T16:19:36+00:00","breadcrumb":{"@id":"https:\/\/diariotextual.com\/inicio\/index.php\/2021\/12\/29\/choque-fatal-en-la-ruta-5-el-camionero-fue-acusado-de-homicidio-culposo\/#breadcrumb"},"inLanguage":"es","potentialAction":[{"@type":"ReadAction","target":["https:\/\/diariotextual.com\/inicio\/index.php\/2021\/12\/29\/choque-fatal-en-la-ruta-5-el-camionero-fue-acusado-de-homicidio-culposo\/"]}]},{"@type":"ImageObject","inLanguage":"es","@id":"https:\/\/diariotextual.com\/inicio\/index.php\/2021\/12\/29\/choque-fatal-en-la-ruta-5-el-camionero-fue-acusado-de-homicidio-culposo\/#primaryimage","url":"https:\/\/diariotextual.com\/inicio\/wp-content\/uploads\/2021\/12\/choqueruta5santarosa21diciembre2021-2.jpg","contentUrl":"https:\/\/diariotextual.com\/inicio\/wp-content\/uploads\/2021\/12\/choqueruta5santarosa21diciembre2021-2.jpg","width":1038,"height":593},{"@type":"BreadcrumbList","@id":"https:\/\/diariotextual.com\/inicio\/index.php\/2021\/12\/29\/choque-fatal-en-la-ruta-5-el-camionero-fue-acusado-de-homicidio-culposo\/#breadcrumb","itemListElement":[{"@type":"ListItem","position":1,"name":"Portada","item":"https:\/\/diariotextual.com\/inicio\/"},{"@type":"ListItem","position":2,"name":"Choque fatal en la ruta 5: el camionero fue acusado de homicidio culposo"}]},{"@type":"WebSite","@id":"https:\/\/diariotextual.com\/inicio\/#website","url":"https:\/\/diariotextual.com\/inicio\/","name":"Diario Textual","description":"","publisher":{"@id":"https:\/\/diariotextual.com\/inicio\/#organization"},"potentialAction":[{"@type":"SearchAction","target":{"@type":"EntryPoint","urlTemplate":"https:\/\/diariotextual.com\/inicio\/?s={search_term_string}"},"query-input":{"@type":"PropertyValueSpecification","valueRequired":true,"valueName":"search_term_string"}}],"inLanguage":"es"},{"@type":"Organization","@id":"https:\/\/diariotextual.com\/inicio\/#organization","name":"Diario Textual","url":"https:\/\/diariotextual.com\/inicio\/","logo":{"@type":"ImageObject","inLanguage":"es","@id":"https:\/\/diariotextual.com\/inicio\/#\/schema\/logo\/image\/","url":"https:\/\/diariotextual.com\/inicio\/wp-content\/uploads\/2023\/05\/logotextual1.jpg","contentUrl":"https:\/\/diariotextual.com\/inicio\/wp-content\/uploads\/2023\/05\/logotextual1.jpg","width":516,"height":76,"caption":"Diario Textual"},"image":{"@id":"https:\/\/diariotextual.com\/inicio\/#\/schema\/logo\/image\/"},"sameAs":["https:\/\/www.facebook.com\/eltextual","https:\/\/x.com\/eltextual","http:\/\/www.instagram.com\/eltextual"]},{"@type":"Person","@id":"https:\/\/diariotextual.com\/inicio\/#\/schema\/person\/418fc4093c33e86ed41562db3508f958","name":"Diario1 Diario1","image":{"@type":"ImageObject","inLanguage":"es","@id":"https:\/\/secure.gravatar.com\/avatar\/9167d280179c85bc18be67aa7eda765854300033af4896dd779b608640f2ef7a?s=96&d=mm&r=g","url":"https:\/\/secure.gravatar.com\/avatar\/9167d280179c85bc18be67aa7eda765854300033af4896dd779b608640f2ef7a?s=96&d=mm&r=g","contentUrl":"https:\/\/secure.gravatar.com\/avatar\/9167d280179c85bc18be67aa7eda765854300033af4896dd779b608640f2ef7a?s=96&d=mm&r=g","caption":"Diario1 Diario1"},"url":"https:\/\/diariotextual.com\/inicio\/index.php\/author\/diario1\/"}]}},"_links":{"self":[{"href":"https:\/\/diariotextual.com\/inicio\/index.php\/wp-json\/wp\/v2\/posts\/174709","targetHints":{"allow":["GET"]}}],"collection":[{"href":"https:\/\/diariotextual.com\/inicio\/index.php\/wp-json\/wp\/v2\/posts"}],"about":[{"href":"https:\/\/diariotextual.com\/inicio\/index.php\/wp-json\/wp\/v2\/types\/post"}],"author":[{"embeddable":true,"href":"https:\/\/diariotextual.com\/inicio\/index.php\/wp-json\/wp\/v2\/users\/3"}],"replies":[{"embeddable":true,"href":"https:\/\/diariotextual.com\/inicio\/index.php\/wp-json\/wp\/v2\/comments?post=174709"}],"version-history":[{"count":3,"href":"https:\/\/diariotextual.com\/inicio\/index.php\/wp-json\/wp\/v2\/posts\/174709\/revisions"}],"predecessor-version":[{"id":174712,"href":"https:\/\/diariotextual.com\/inicio\/index.php\/wp-json\/wp\/v2\/posts\/174709\/revisions\/174712"}],"wp:featuredmedia":[{"embeddable":true,"href":"https:\/\/diariotextual.com\/inicio\/index.php\/wp-json\/wp\/v2\/media\/173929"}],"wp:attachment":[{"href":"https:\/\/diariotextual.com\/inicio\/index.php\/wp-json\/wp\/v2\/media?parent=174709"}],"wp:term":[{"taxonomy":"category","embeddable":true,"href":"https:\/\/diariotextual.com\/inicio\/index.php\/wp-json\/wp\/v2\/categories?post=174709"},{"taxonomy":"post_tag","embeddable":true,"href":"https:\/\/diariotextual.com\/inicio\/index.php\/wp-json\/wp\/v2\/tags?post=174709"}],"curies":[{"name":"wp","href":"https:\/\/api.w.org\/{rel}","templated":true}]}}