{"id":17482,"date":"2018-08-21T15:07:14","date_gmt":"2018-08-21T18:07:14","guid":{"rendered":"http:\/\/diariotextual.com\/inicio\/?p=17482"},"modified":"2018-08-21T15:52:40","modified_gmt":"2018-08-21T18:52:40","slug":"la-corte-suprema-los-conductores-uber-no-cometen-delitos","status":"publish","type":"post","link":"https:\/\/diariotextual.com\/inicio\/index.php\/2018\/08\/21\/la-corte-suprema-los-conductores-uber-no-cometen-delitos\/","title":{"rendered":"Para la Corte Suprema, los conductores de Uber no cometen delitos"},"content":{"rendered":"<p>La <strong>Corte Suprema de Justicia de la Naci\u00f3n<\/strong> rechaz\u00f3 por defectos formales una queja presentada por el Sindicato de Peones de Taxi y <strong>dej\u00f3 firme un fallo que dice que quienes conducen un Uber realizan una actividad comercial lic\u00edta<\/strong>.<\/p>\n<p>Se trata de un fallo de primera instancia de agosto de 2016 del juez porte\u00f1o Luis Alberto Zelaya, en el que hab\u00eda afirmado que<strong> la actividad que realiza la empresa de transporte es l\u00edcita ya que la prestaci\u00f3n del servicio de transporte de pasajeros sin contar con habilitaci\u00f3n oficial \u00abno configura una conducta tipificada por la legislaci\u00f3n punitiva<\/strong>\u00ab. De esta forma, podr\u00edan existir faltas administrativas o infracciones de tr\u00e1nsito, pero no delitos. <strong>Igual, a pesar de esto, la Corte no se expidi\u00f3 sobre la legalidad o ilegalidad de Uber.<\/strong><\/p>\n<p>Mendoza fue la primera provincia argentina en aprobar la utilizaci\u00f3n de Uber en julio. E<strong>n La Pampa, por su parte, ya el Gobierno provincial ha dicho que no tiene intenciones de avalar la aplicaci\u00f3n.<\/strong><\/p>\n<p>En un comunicado, Uber record\u00f3 que desde el inicio de sus operaciones en marzo de 2016 afirma que su actividad \u00abes perfectamente legal de acuerdo al C\u00f3digo Civil y Comercial\u00bb de la Rep\u00fablica Argentina.<\/p>\n<p>\u00abEste fallo de la Corte Suprema confirma nuestra operaci\u00f3n en el pa\u00eds y nos impulsa a seguir trabajando para brindar un mejor servicio a los miles de conductores y usuarios que nos eligen. Apoyamos todas las iniciativas para avanzar en reglamentaciones espec\u00edficas para este nuevo servicio como la que aprob\u00f3 la provincia de Mendoza y las que avanzan en diversos distritos del pa\u00eds que quieren incorporar a Uber como una soluci\u00f3n m\u00e1s a los desaf\u00edos de movilidad\u00bb, afirm\u00f3 Mariano Otero, gerente general de Uber para el Cono Sur.<\/p>\n<p>&nbsp;<\/p>\n","protected":false},"excerpt":{"rendered":"<p>La Corte Suprema de Justicia de la Naci\u00f3n rechaz\u00f3 por defectos formales una queja presentada por el Sindicato de Peones de Taxi y dej\u00f3 firme un fallo que dice que&hellip;<\/p>\n","protected":false},"author":3,"featured_media":6376,"comment_status":"closed","ping_status":"open","sticky":false,"template":"","format":"standard","meta":{"_acf_changed":false,"footnotes":""},"categories":[11,319,6],"tags":[],"class_list":["post-17482","post","type-post","status-publish","format-standard","has-post-thumbnail","hentry","category-que-pasa","category-a-temporales","category-tecno"],"acf":[],"yoast_head":"<!-- This site is optimized with the Yoast SEO plugin v27.4 - https:\/\/yoast.com\/product\/yoast-seo-wordpress\/ -->\n<title>Para la Corte Suprema, los conductores de Uber no cometen delitos - Diario Textual<\/title>\n<meta name=\"robots\" content=\"index, follow, max-snippet:-1, max-image-preview:large, max-video-preview:-1\" \/>\n<link rel=\"canonical\" href=\"https:\/\/diariotextual.com\/inicio\/index.php\/2018\/08\/21\/la-corte-suprema-los-conductores-uber-no-cometen-delitos\/\" \/>\n<meta property=\"og:locale\" content=\"es_ES\" \/>\n<meta property=\"og:type\" content=\"article\" \/>\n<meta property=\"og:title\" content=\"Para la Corte Suprema, los conductores de Uber no cometen delitos - Diario Textual\" \/>\n<meta property=\"og:description\" content=\"La Corte Suprema de Justicia de la Naci\u00f3n rechaz\u00f3 por defectos formales una queja presentada por el Sindicato de Peones de Taxi y dej\u00f3 firme un fallo que dice que&hellip;\" \/>\n<meta property=\"og:url\" content=\"https:\/\/diariotextual.com\/inicio\/index.php\/2018\/08\/21\/la-corte-suprema-los-conductores-uber-no-cometen-delitos\/\" \/>\n<meta property=\"og:site_name\" content=\"Diario Textual\" \/>\n<meta property=\"article:publisher\" content=\"https:\/\/www.facebook.com\/eltextual\" \/>\n<meta property=\"article:published_time\" content=\"2018-08-21T18:07:14+00:00\" \/>\n<meta property=\"article:modified_time\" content=\"2018-08-21T18:52:40+00:00\" \/>\n<meta property=\"og:image\" content=\"https:\/\/diariotextual.com\/inicio\/wp-content\/uploads\/2018\/05\/uber754545.jpg\" \/>\n\t<meta property=\"og:image:width\" content=\"992\" \/>\n\t<meta property=\"og:image:height\" content=\"558\" \/>\n\t<meta property=\"og:image:type\" content=\"image\/jpeg\" \/>\n<meta name=\"author\" content=\"Diario1 Diario1\" \/>\n<meta name=\"twitter:card\" content=\"summary_large_image\" \/>\n<meta name=\"twitter:creator\" content=\"@eltextual\" \/>\n<meta name=\"twitter:site\" content=\"@eltextual\" \/>\n<meta name=\"twitter:label1\" content=\"Escrito por\" \/>\n\t<meta name=\"twitter:data1\" content=\"Diario1 Diario1\" \/>\n\t<meta name=\"twitter:label2\" content=\"Tiempo de lectura\" \/>\n\t<meta name=\"twitter:data2\" content=\"2 minutos\" \/>\n<script type=\"application\/ld+json\" class=\"yoast-schema-graph\">{\"@context\":\"https:\\\/\\\/schema.org\",\"@graph\":[{\"@type\":\"Article\",\"@id\":\"https:\\\/\\\/diariotextual.com\\\/inicio\\\/index.php\\\/2018\\\/08\\\/21\\\/la-corte-suprema-los-conductores-uber-no-cometen-delitos\\\/#article\",\"isPartOf\":{\"@id\":\"https:\\\/\\\/diariotextual.com\\\/inicio\\\/index.php\\\/2018\\\/08\\\/21\\\/la-corte-suprema-los-conductores-uber-no-cometen-delitos\\\/\"},\"author\":{\"name\":\"Diario1 Diario1\",\"@id\":\"https:\\\/\\\/diariotextual.com\\\/inicio\\\/#\\\/schema\\\/person\\\/418fc4093c33e86ed41562db3508f958\"},\"headline\":\"Para la Corte Suprema, los conductores de Uber no cometen delitos\",\"datePublished\":\"2018-08-21T18:07:14+00:00\",\"dateModified\":\"2018-08-21T18:52:40+00:00\",\"mainEntityOfPage\":{\"@id\":\"https:\\\/\\\/diariotextual.com\\\/inicio\\\/index.php\\\/2018\\\/08\\\/21\\\/la-corte-suprema-los-conductores-uber-no-cometen-delitos\\\/\"},\"wordCount\":315,\"publisher\":{\"@id\":\"https:\\\/\\\/diariotextual.com\\\/inicio\\\/#organization\"},\"image\":{\"@id\":\"https:\\\/\\\/diariotextual.com\\\/inicio\\\/index.php\\\/2018\\\/08\\\/21\\\/la-corte-suprema-los-conductores-uber-no-cometen-delitos\\\/#primaryimage\"},\"thumbnailUrl\":\"https:\\\/\\\/diariotextual.com\\\/inicio\\\/wp-content\\\/uploads\\\/2018\\\/05\\\/uber754545.jpg\",\"articleSection\":[\"A - QUE PASA (al costado)\",\"A - TEMPORALES\",\"TECNO\"],\"inLanguage\":\"es\"},{\"@type\":\"WebPage\",\"@id\":\"https:\\\/\\\/diariotextual.com\\\/inicio\\\/index.php\\\/2018\\\/08\\\/21\\\/la-corte-suprema-los-conductores-uber-no-cometen-delitos\\\/\",\"url\":\"https:\\\/\\\/diariotextual.com\\\/inicio\\\/index.php\\\/2018\\\/08\\\/21\\\/la-corte-suprema-los-conductores-uber-no-cometen-delitos\\\/\",\"name\":\"Para la Corte Suprema, los conductores de Uber no cometen delitos - Diario Textual\",\"isPartOf\":{\"@id\":\"https:\\\/\\\/diariotextual.com\\\/inicio\\\/#website\"},\"primaryImageOfPage\":{\"@id\":\"https:\\\/\\\/diariotextual.com\\\/inicio\\\/index.php\\\/2018\\\/08\\\/21\\\/la-corte-suprema-los-conductores-uber-no-cometen-delitos\\\/#primaryimage\"},\"image\":{\"@id\":\"https:\\\/\\\/diariotextual.com\\\/inicio\\\/index.php\\\/2018\\\/08\\\/21\\\/la-corte-suprema-los-conductores-uber-no-cometen-delitos\\\/#primaryimage\"},\"thumbnailUrl\":\"https:\\\/\\\/diariotextual.com\\\/inicio\\\/wp-content\\\/uploads\\\/2018\\\/05\\\/uber754545.jpg\",\"datePublished\":\"2018-08-21T18:07:14+00:00\",\"dateModified\":\"2018-08-21T18:52:40+00:00\",\"breadcrumb\":{\"@id\":\"https:\\\/\\\/diariotextual.com\\\/inicio\\\/index.php\\\/2018\\\/08\\\/21\\\/la-corte-suprema-los-conductores-uber-no-cometen-delitos\\\/#breadcrumb\"},\"inLanguage\":\"es\",\"potentialAction\":[{\"@type\":\"ReadAction\",\"target\":[\"https:\\\/\\\/diariotextual.com\\\/inicio\\\/index.php\\\/2018\\\/08\\\/21\\\/la-corte-suprema-los-conductores-uber-no-cometen-delitos\\\/\"]}]},{\"@type\":\"ImageObject\",\"inLanguage\":\"es\",\"@id\":\"https:\\\/\\\/diariotextual.com\\\/inicio\\\/index.php\\\/2018\\\/08\\\/21\\\/la-corte-suprema-los-conductores-uber-no-cometen-delitos\\\/#primaryimage\",\"url\":\"https:\\\/\\\/diariotextual.com\\\/inicio\\\/wp-content\\\/uploads\\\/2018\\\/05\\\/uber754545.jpg\",\"contentUrl\":\"https:\\\/\\\/diariotextual.com\\\/inicio\\\/wp-content\\\/uploads\\\/2018\\\/05\\\/uber754545.jpg\",\"width\":992,\"height\":558},{\"@type\":\"BreadcrumbList\",\"@id\":\"https:\\\/\\\/diariotextual.com\\\/inicio\\\/index.php\\\/2018\\\/08\\\/21\\\/la-corte-suprema-los-conductores-uber-no-cometen-delitos\\\/#breadcrumb\",\"itemListElement\":[{\"@type\":\"ListItem\",\"position\":1,\"name\":\"Portada\",\"item\":\"https:\\\/\\\/diariotextual.com\\\/inicio\\\/\"},{\"@type\":\"ListItem\",\"position\":2,\"name\":\"Para la Corte Suprema, los conductores de Uber no cometen delitos\"}]},{\"@type\":\"WebSite\",\"@id\":\"https:\\\/\\\/diariotextual.com\\\/inicio\\\/#website\",\"url\":\"https:\\\/\\\/diariotextual.com\\\/inicio\\\/\",\"name\":\"Diario Textual\",\"description\":\"\",\"publisher\":{\"@id\":\"https:\\\/\\\/diariotextual.com\\\/inicio\\\/#organization\"},\"potentialAction\":[{\"@type\":\"SearchAction\",\"target\":{\"@type\":\"EntryPoint\",\"urlTemplate\":\"https:\\\/\\\/diariotextual.com\\\/inicio\\\/?s={search_term_string}\"},\"query-input\":{\"@type\":\"PropertyValueSpecification\",\"valueRequired\":true,\"valueName\":\"search_term_string\"}}],\"inLanguage\":\"es\"},{\"@type\":\"Organization\",\"@id\":\"https:\\\/\\\/diariotextual.com\\\/inicio\\\/#organization\",\"name\":\"Diario Textual\",\"url\":\"https:\\\/\\\/diariotextual.com\\\/inicio\\\/\",\"logo\":{\"@type\":\"ImageObject\",\"inLanguage\":\"es\",\"@id\":\"https:\\\/\\\/diariotextual.com\\\/inicio\\\/#\\\/schema\\\/logo\\\/image\\\/\",\"url\":\"https:\\\/\\\/diariotextual.com\\\/inicio\\\/wp-content\\\/uploads\\\/2023\\\/05\\\/logotextual1.jpg\",\"contentUrl\":\"https:\\\/\\\/diariotextual.com\\\/inicio\\\/wp-content\\\/uploads\\\/2023\\\/05\\\/logotextual1.jpg\",\"width\":516,\"height\":76,\"caption\":\"Diario Textual\"},\"image\":{\"@id\":\"https:\\\/\\\/diariotextual.com\\\/inicio\\\/#\\\/schema\\\/logo\\\/image\\\/\"},\"sameAs\":[\"https:\\\/\\\/www.facebook.com\\\/eltextual\",\"https:\\\/\\\/x.com\\\/eltextual\",\"http:\\\/\\\/www.instagram.com\\\/eltextual\"]},{\"@type\":\"Person\",\"@id\":\"https:\\\/\\\/diariotextual.com\\\/inicio\\\/#\\\/schema\\\/person\\\/418fc4093c33e86ed41562db3508f958\",\"name\":\"Diario1 Diario1\",\"image\":{\"@type\":\"ImageObject\",\"inLanguage\":\"es\",\"@id\":\"https:\\\/\\\/secure.gravatar.com\\\/avatar\\\/9167d280179c85bc18be67aa7eda765854300033af4896dd779b608640f2ef7a?s=96&d=mm&r=g\",\"url\":\"https:\\\/\\\/secure.gravatar.com\\\/avatar\\\/9167d280179c85bc18be67aa7eda765854300033af4896dd779b608640f2ef7a?s=96&d=mm&r=g\",\"contentUrl\":\"https:\\\/\\\/secure.gravatar.com\\\/avatar\\\/9167d280179c85bc18be67aa7eda765854300033af4896dd779b608640f2ef7a?s=96&d=mm&r=g\",\"caption\":\"Diario1 Diario1\"},\"url\":\"https:\\\/\\\/diariotextual.com\\\/inicio\\\/index.php\\\/author\\\/diario1\\\/\"}]}<\/script>\n<!-- \/ Yoast SEO plugin. -->","yoast_head_json":{"title":"Para la Corte Suprema, los conductores de Uber no cometen delitos - Diario Textual","robots":{"index":"index","follow":"follow","max-snippet":"max-snippet:-1","max-image-preview":"max-image-preview:large","max-video-preview":"max-video-preview:-1"},"canonical":"https:\/\/diariotextual.com\/inicio\/index.php\/2018\/08\/21\/la-corte-suprema-los-conductores-uber-no-cometen-delitos\/","og_locale":"es_ES","og_type":"article","og_title":"Para la Corte Suprema, los conductores de Uber no cometen delitos - Diario Textual","og_description":"La Corte Suprema de Justicia de la Naci\u00f3n rechaz\u00f3 por defectos formales una queja presentada por el Sindicato de Peones de Taxi y dej\u00f3 firme un fallo que dice que&hellip;","og_url":"https:\/\/diariotextual.com\/inicio\/index.php\/2018\/08\/21\/la-corte-suprema-los-conductores-uber-no-cometen-delitos\/","og_site_name":"Diario Textual","article_publisher":"https:\/\/www.facebook.com\/eltextual","article_published_time":"2018-08-21T18:07:14+00:00","article_modified_time":"2018-08-21T18:52:40+00:00","og_image":[{"width":992,"height":558,"url":"https:\/\/diariotextual.com\/inicio\/wp-content\/uploads\/2018\/05\/uber754545.jpg","type":"image\/jpeg"}],"author":"Diario1 Diario1","twitter_card":"summary_large_image","twitter_creator":"@eltextual","twitter_site":"@eltextual","twitter_misc":{"Escrito por":"Diario1 Diario1","Tiempo de lectura":"2 minutos"},"schema":{"@context":"https:\/\/schema.org","@graph":[{"@type":"Article","@id":"https:\/\/diariotextual.com\/inicio\/index.php\/2018\/08\/21\/la-corte-suprema-los-conductores-uber-no-cometen-delitos\/#article","isPartOf":{"@id":"https:\/\/diariotextual.com\/inicio\/index.php\/2018\/08\/21\/la-corte-suprema-los-conductores-uber-no-cometen-delitos\/"},"author":{"name":"Diario1 Diario1","@id":"https:\/\/diariotextual.com\/inicio\/#\/schema\/person\/418fc4093c33e86ed41562db3508f958"},"headline":"Para la Corte Suprema, los conductores de Uber no cometen delitos","datePublished":"2018-08-21T18:07:14+00:00","dateModified":"2018-08-21T18:52:40+00:00","mainEntityOfPage":{"@id":"https:\/\/diariotextual.com\/inicio\/index.php\/2018\/08\/21\/la-corte-suprema-los-conductores-uber-no-cometen-delitos\/"},"wordCount":315,"publisher":{"@id":"https:\/\/diariotextual.com\/inicio\/#organization"},"image":{"@id":"https:\/\/diariotextual.com\/inicio\/index.php\/2018\/08\/21\/la-corte-suprema-los-conductores-uber-no-cometen-delitos\/#primaryimage"},"thumbnailUrl":"https:\/\/diariotextual.com\/inicio\/wp-content\/uploads\/2018\/05\/uber754545.jpg","articleSection":["A - QUE PASA (al costado)","A - TEMPORALES","TECNO"],"inLanguage":"es"},{"@type":"WebPage","@id":"https:\/\/diariotextual.com\/inicio\/index.php\/2018\/08\/21\/la-corte-suprema-los-conductores-uber-no-cometen-delitos\/","url":"https:\/\/diariotextual.com\/inicio\/index.php\/2018\/08\/21\/la-corte-suprema-los-conductores-uber-no-cometen-delitos\/","name":"Para la Corte Suprema, los conductores de Uber no cometen delitos - Diario Textual","isPartOf":{"@id":"https:\/\/diariotextual.com\/inicio\/#website"},"primaryImageOfPage":{"@id":"https:\/\/diariotextual.com\/inicio\/index.php\/2018\/08\/21\/la-corte-suprema-los-conductores-uber-no-cometen-delitos\/#primaryimage"},"image":{"@id":"https:\/\/diariotextual.com\/inicio\/index.php\/2018\/08\/21\/la-corte-suprema-los-conductores-uber-no-cometen-delitos\/#primaryimage"},"thumbnailUrl":"https:\/\/diariotextual.com\/inicio\/wp-content\/uploads\/2018\/05\/uber754545.jpg","datePublished":"2018-08-21T18:07:14+00:00","dateModified":"2018-08-21T18:52:40+00:00","breadcrumb":{"@id":"https:\/\/diariotextual.com\/inicio\/index.php\/2018\/08\/21\/la-corte-suprema-los-conductores-uber-no-cometen-delitos\/#breadcrumb"},"inLanguage":"es","potentialAction":[{"@type":"ReadAction","target":["https:\/\/diariotextual.com\/inicio\/index.php\/2018\/08\/21\/la-corte-suprema-los-conductores-uber-no-cometen-delitos\/"]}]},{"@type":"ImageObject","inLanguage":"es","@id":"https:\/\/diariotextual.com\/inicio\/index.php\/2018\/08\/21\/la-corte-suprema-los-conductores-uber-no-cometen-delitos\/#primaryimage","url":"https:\/\/diariotextual.com\/inicio\/wp-content\/uploads\/2018\/05\/uber754545.jpg","contentUrl":"https:\/\/diariotextual.com\/inicio\/wp-content\/uploads\/2018\/05\/uber754545.jpg","width":992,"height":558},{"@type":"BreadcrumbList","@id":"https:\/\/diariotextual.com\/inicio\/index.php\/2018\/08\/21\/la-corte-suprema-los-conductores-uber-no-cometen-delitos\/#breadcrumb","itemListElement":[{"@type":"ListItem","position":1,"name":"Portada","item":"https:\/\/diariotextual.com\/inicio\/"},{"@type":"ListItem","position":2,"name":"Para la Corte Suprema, los conductores de Uber no cometen delitos"}]},{"@type":"WebSite","@id":"https:\/\/diariotextual.com\/inicio\/#website","url":"https:\/\/diariotextual.com\/inicio\/","name":"Diario Textual","description":"","publisher":{"@id":"https:\/\/diariotextual.com\/inicio\/#organization"},"potentialAction":[{"@type":"SearchAction","target":{"@type":"EntryPoint","urlTemplate":"https:\/\/diariotextual.com\/inicio\/?s={search_term_string}"},"query-input":{"@type":"PropertyValueSpecification","valueRequired":true,"valueName":"search_term_string"}}],"inLanguage":"es"},{"@type":"Organization","@id":"https:\/\/diariotextual.com\/inicio\/#organization","name":"Diario Textual","url":"https:\/\/diariotextual.com\/inicio\/","logo":{"@type":"ImageObject","inLanguage":"es","@id":"https:\/\/diariotextual.com\/inicio\/#\/schema\/logo\/image\/","url":"https:\/\/diariotextual.com\/inicio\/wp-content\/uploads\/2023\/05\/logotextual1.jpg","contentUrl":"https:\/\/diariotextual.com\/inicio\/wp-content\/uploads\/2023\/05\/logotextual1.jpg","width":516,"height":76,"caption":"Diario Textual"},"image":{"@id":"https:\/\/diariotextual.com\/inicio\/#\/schema\/logo\/image\/"},"sameAs":["https:\/\/www.facebook.com\/eltextual","https:\/\/x.com\/eltextual","http:\/\/www.instagram.com\/eltextual"]},{"@type":"Person","@id":"https:\/\/diariotextual.com\/inicio\/#\/schema\/person\/418fc4093c33e86ed41562db3508f958","name":"Diario1 Diario1","image":{"@type":"ImageObject","inLanguage":"es","@id":"https:\/\/secure.gravatar.com\/avatar\/9167d280179c85bc18be67aa7eda765854300033af4896dd779b608640f2ef7a?s=96&d=mm&r=g","url":"https:\/\/secure.gravatar.com\/avatar\/9167d280179c85bc18be67aa7eda765854300033af4896dd779b608640f2ef7a?s=96&d=mm&r=g","contentUrl":"https:\/\/secure.gravatar.com\/avatar\/9167d280179c85bc18be67aa7eda765854300033af4896dd779b608640f2ef7a?s=96&d=mm&r=g","caption":"Diario1 Diario1"},"url":"https:\/\/diariotextual.com\/inicio\/index.php\/author\/diario1\/"}]}},"_links":{"self":[{"href":"https:\/\/diariotextual.com\/inicio\/index.php\/wp-json\/wp\/v2\/posts\/17482","targetHints":{"allow":["GET"]}}],"collection":[{"href":"https:\/\/diariotextual.com\/inicio\/index.php\/wp-json\/wp\/v2\/posts"}],"about":[{"href":"https:\/\/diariotextual.com\/inicio\/index.php\/wp-json\/wp\/v2\/types\/post"}],"author":[{"embeddable":true,"href":"https:\/\/diariotextual.com\/inicio\/index.php\/wp-json\/wp\/v2\/users\/3"}],"replies":[{"embeddable":true,"href":"https:\/\/diariotextual.com\/inicio\/index.php\/wp-json\/wp\/v2\/comments?post=17482"}],"version-history":[{"count":3,"href":"https:\/\/diariotextual.com\/inicio\/index.php\/wp-json\/wp\/v2\/posts\/17482\/revisions"}],"predecessor-version":[{"id":17485,"href":"https:\/\/diariotextual.com\/inicio\/index.php\/wp-json\/wp\/v2\/posts\/17482\/revisions\/17485"}],"wp:featuredmedia":[{"embeddable":true,"href":"https:\/\/diariotextual.com\/inicio\/index.php\/wp-json\/wp\/v2\/media\/6376"}],"wp:attachment":[{"href":"https:\/\/diariotextual.com\/inicio\/index.php\/wp-json\/wp\/v2\/media?parent=17482"}],"wp:term":[{"taxonomy":"category","embeddable":true,"href":"https:\/\/diariotextual.com\/inicio\/index.php\/wp-json\/wp\/v2\/categories?post=17482"},{"taxonomy":"post_tag","embeddable":true,"href":"https:\/\/diariotextual.com\/inicio\/index.php\/wp-json\/wp\/v2\/tags?post=17482"}],"curies":[{"name":"wp","href":"https:\/\/api.w.org\/{rel}","templated":true}]}}