{"id":174848,"date":"2021-12-30T10:06:08","date_gmt":"2021-12-30T13:06:08","guid":{"rendered":"https:\/\/diariotextual.com\/inicio\/?p=174848"},"modified":"2021-12-30T12:15:55","modified_gmt":"2021-12-30T15:15:55","slug":"el-2021-politico-los-peros-el-tropezon-y-la-gran-ola","status":"publish","type":"post","link":"https:\/\/diariotextual.com\/inicio\/index.php\/2021\/12\/30\/el-2021-politico-los-peros-el-tropezon-y-la-gran-ola\/","title":{"rendered":"El 2021 pol\u00edtico: los peros, el tropez\u00f3n y la gran ola"},"content":{"rendered":"\n<h2 class=\"wp-block-heading\">Norberto G. Asquini<\/h2>\n\n\n\n<div style=\"height:100px\" aria-hidden=\"true\" class=\"wp-block-spacer\"><\/div>\n\n\n\n<p>En pol\u00edtica, el 2021 fue un a\u00f1o at\u00edpico para La Pampa: sobrevino en la elecci\u00f3n legislativa una tormenta perfecta, como la calificaron desde el oficialismo, que le peg\u00f3 de lleno al imbatible peronismo provincial. Es cierto, fue una votaci\u00f3n intermedia que en los hechos no cambia nada sobre el territorio y en el escenario del poder real, pero encendi\u00f3 las alertas de cara a 2023 cuando se jueguen los cargos.<\/p>\n\n\n\n<div style=\"height:100px\" aria-hidden=\"true\" class=\"wp-block-spacer\"><\/div>\n\n\n\n<p><strong>Semestre pand\u00e9mico<\/strong><\/p>\n\n\n\n<p>El 2021, como todo a\u00f1o signado por la pandemia covid-19, fue complejo y extra\u00f1o de punta a punta. Podemos dividirlo en dos: en el primer semestre, los debates y discusiones en torno a la nueva normalidad que llegaba al pa\u00eds y a La Pampa; en el segundo semestre, a partir de la decisi\u00f3n de Carlos Verna de no ser candidato, fue todo electoral.<\/p>\n\n\n\n<p>Vamos al primer semestre. Fue el de la \u201cguerra de las vacunas\u201d. La discusi\u00f3n por la apertura de la nueva normalidad. La vuelta a clases. La segunda ola de contagios que sacudi\u00f3 a todos los gobiernos. La campa\u00f1a de vacunaci\u00f3n. Tambi\u00e9n la crisis econ\u00f3mica y sus secuelas. Fue una extensi\u00f3n de lo sucedido en el terrible 2020, pero ahora m\u00e1s distendido y con el malestar de una poblaci\u00f3n cansada de las restricciones. Y con se\u00f1ales raras: los locos sueltos que irrump\u00edan en la conferencia de prensa del gobernador o simulaban poner una bomba en Casa de Gobierno.<\/p>\n\n\n\n<p>En lo pol\u00edtico ten\u00edamos un gobierno provincial que marcaba el rumbo y que hab\u00eda sobrellevado la gesti\u00f3n de la pandemia con creces. Hasta funcionarios nacionales de gira en la provincia afirmaban que \u201cLa Pampa es un ejemplo\u201d. El gobernador Sergio Ziliotto asum\u00eda la presidencia del PJ y la unidad era la norma al interior del oficialismo. Todos y todas estaban dentro. La oposici\u00f3n continuaba dividida, y por dem\u00e1s dividida. No solamente entre UCR y PRO, sino hacia adentro de cada sector. Peeero, dijimos que 2021 fue un a\u00f1o at\u00edpico.<\/p>\n\n\n\n<div style=\"height:100px\" aria-hidden=\"true\" class=\"wp-block-spacer\"><\/div>\n\n\n\n<p><strong>Verna no va, \u00bfy ahora?<\/strong><\/p>\n\n\n\n<p>Vamos a la fecha que inici\u00f3 todo el calendario electoral. No fue una resoluci\u00f3n de la C\u00e1mara Nacional Electoral. Fue el d\u00eda que Verna levant\u00f3 el tel\u00e9fono, se comunic\u00f3 con un programa radial de General Pico y anunci\u00f3 la decisi\u00f3n que todos esperaban. Pero que no fue la que muchos quer\u00edan. El 3 de julio toda la provincia, o por lo menos los que est\u00e1n en el c\u00edrculo rojo, escucharon de su boca que no iba a ser el candidato a senador. Y ah\u00ed cambi\u00f3 todo el mapa electoral.<\/p>\n\n\n\n<p>Su figura, central en la pol\u00edtica provincial, ordenaba la lista del PJ. Desde ese momento la boleta fue otra. Ziliotto se tuvo que poner al frente de la campa\u00f1a, casi plebiscitando su figura, y comenz\u00f3 a agrietarse la relaci\u00f3n entre el mandatario y Verna.<\/p>\n\n\n\n<p>La lista del Frente de Todos que se present\u00f3 dio cuenta de la nueva configuraci\u00f3n del peronismo nacida en 2019. Encabezada para el Senado por un plural, el ministro de Gobierno Daniel Bensus\u00e1n, y en segundo lugar la referente de Cristina Fern\u00e1ndez y el kirchnerismo, Mar\u00eda Luz Alonso. Para diputados primera estuvo Varinia Mar\u00edn del marinismo y segundo Ariel Rauschenberger de Compromiso Peronista. Se ratificaba la alianza estrat\u00e9gica entre el gobernador y el sector K, y la inclusi\u00f3n de las otras dos l\u00edneas. Una lista con todos y todas adentro. Peeero\u2026<\/p>\n\n\n\n<div style=\"height:100px\" aria-hidden=\"true\" class=\"wp-block-spacer\"><\/div>\n\n\n\n<p><strong>Los que patearon el tablero<\/strong><\/p>\n\n\n\n<p>En la oposici\u00f3n pareci\u00f3 repetirse la f\u00f3rmula de un frente por conveniencia entre la UCR y el PRO, m\u00e1s sus aliados. La sorpresa fue el renunciamiento de Juan Carlos Marino a ser candidato a senador despu\u00e9s de 18 a\u00f1os en el cargo, lo que abri\u00f3 el panorama para la competencia para el cargo dentro del radicalismo. La divisi\u00f3n anunciaba una nueva frustraci\u00f3n: listas radicales por su lado y listas del PRO por el otro. En la UCR, celestes, azules y Marino hicieron una boleta competitiva, dejando afuera a Daniel Kroneberger, y disput\u00e1ndole los cargos al PRO que ten\u00eda a Mart\u00edn Maquieyra como su principal figura. Peeero\u2026<\/p>\n\n\n\n<p>Es f\u00e1cil analizarlo en retrospectiva, pero en el d\u00eda a d\u00eda fue todo sorpresa. Una realidad que arras\u00f3 con lo dado hasta ese momento. Primero en la oposici\u00f3n hubo una alianza entre Kroneberger y Maquieyra que descoloc\u00f3 a las otras cuatro listas (dos radicales y dos del PRO). Despu\u00e9s empuj\u00f3 el contexto de una sociedad molesta con el gobierno nacional por la crisis econ\u00f3mica y por una serie de errores propios como la fiesta del presidente en Olivos en plena pandemia. En La Pampa, se agitaba desde la oposici\u00f3n un discurso anti kirchnerista que acicateaba al votante embroncado.<\/p>\n\n\n\n<p>El 12 de septiembre una ola amarilla se derram\u00f3 en la geograf\u00eda pol\u00edtica nacional y La Pampa no qued\u00f3 exenta. Las listas de Juntos por el Cambio sumaron m\u00e1s que la del Frente de Todos. Y en la oposici\u00f3n gan\u00f3 la alianza del consenso que llevaba al radical Kroneberger a senador y al larretista Maquieyra a diputado.<\/p>\n\n\n\n<p>Nota aparte. Un dirigente radical molesto mand\u00f3 un mensaje al autor por Whatsapp: \u201c\u00bfPor qu\u00e9 ola amarilla si encabeza un radical y somos m\u00e1s?\u201d. Porque la estrategia y la comunicaci\u00f3n fueron del PRO, y porque los medios concentrados instalaron ese color porque los candidatos de las principales jurisdicciones fueron del PRO.<\/p>\n\n\n\n<div style=\"height:100px\" aria-hidden=\"true\" class=\"wp-block-spacer\"><\/div>\n\n\n\n<p><strong>El tropez\u00f3n y los envalentonados<\/strong><\/p>\n\n\n\n<p>Mientras a nivel nacional comenz\u00f3 la discusi\u00f3n por un cambio de rumbo en la gesti\u00f3n presidencial entre Alberto Fern\u00e1ndez y CFK, que llev\u00f3 a cambios en el gabinete, en La Pampa se sacaba cuentas si el peronismo, como hab\u00eda ocurrido en 2017, pod\u00eda dar vuelta la elecci\u00f3n. Peeero\u2026<\/p>\n\n\n\n<p>Los medios empezaron a difundir que la relaci\u00f3n entre Ziliotto y Verna no pasaba por el mejor momento. Ziliotto, se hab\u00eda puesto a la cabeza de la campa\u00f1a mientras Verna decidi\u00f3 hacer silencio y no participar. En medio, la intendenta de General Pico, Fernanda Alonso, abandon\u00f3 la conducci\u00f3n de las tareas proselitistas a d\u00edas de la votaci\u00f3n y se acus\u00f3 a vernistas de \u201chacer la plancha\u201d. El 14 de noviembre, el peronismo pampeano no pudo evitar la ola nacional a pesar de querer provincializar la campa\u00f1a y fue derrotado en una legislativa nacional despu\u00e9s de 36 a\u00f1os. Un tropez\u00f3n para el peronismo.<\/p>\n\n\n\n<p>Juntos por el Cambio festej\u00f3 ese domingo. La victoria marc\u00f3 el camino pol\u00edtico hacia 2023: los sectores del consenso de la coalici\u00f3n opositora, con Maquieyra y Kroneberger a la cabeza, ganaron terreno, y perdieron aquellos que prefieren marcar las diferencias. La oposici\u00f3n, como ocurri\u00f3 a nivel nacional, se envalenton\u00f3 con el resultado. En las \u00faltimas semanas del a\u00f1o hubo gestos de unidad y tambi\u00e9n una estrategia de ir al choque contra las gestiones del PJ. Sus diputados no votaron leyes enviadas por Ziliotto a la legislatura y hasta casi dejaron sin Presupuesto a la provincia, como ocurri\u00f3 a nivel nacional. La puesta en marcha de la mesa provincial de JxC es otra se\u00f1al de que est\u00e1n tomando en serio el 2023.<\/p>\n\n\n\n<div style=\"height:100px\" aria-hidden=\"true\" class=\"wp-block-spacer\"><\/div>\n\n\n\n<p><strong>Discusiones pensando en 2023<\/strong><\/p>\n\n\n\n<p>La campa\u00f1a hizo crujir al frente interno de la mayoritaria l\u00ednea Plural. Las diferencias entre Ziliotto, el que gobierna, y Verna, el que conduce ese sector, dieron cuenta de la distancia que hay entre el grado de autonom\u00eda pol\u00edtica que pretende la gesti\u00f3n del primero y de la influencia en las decisiones y el rumbo del gobierno que procura el segundo. Ziliotto mantuvo el rumbo de su gobierno y los \u00fanicos cambios que se produjeron en su gabinete fueron obligados por quienes ten\u00edan que irse como Bensus\u00e1n al Senado. En esos lugares asumieron dirigentes cercanos al mandatario. El mensaje fue claro: se perdi\u00f3 por el contexto nacional, las encuestas siguen marcando la buena imagen del mandatario.<\/p>\n\n\n\n<p>La discusi\u00f3n interna en la L\u00ednea Plural no es la \u00fanica latente en el PJ, pero si la que sacude m\u00e1s la estructura porque est\u00e1n involucrados los dos dirigentes centrales de la pol\u00edtica provincial. Por poner algunos ejemplos, en Santa Rosa hay diferencias de criterios entre el intendente Luciano Di N\u00e1poli y Luz Alonso, aunque mantengan una misma l\u00ednea; en General Pico entre la intendenta Alonso y otros sectores del vernismo; en el marinismo, que comenz\u00f3 a disputar con el kirchnerismo lugares para 2023, tambi\u00e9n hay diferencias entre los Mar\u00edn y el vicegobernador. Todo est\u00e1 en discusi\u00f3n, lo que no significa que dirigentes o espacios hayan perdido poder o legitimidad.<\/p>\n\n\n\n<p>El 2021, dijimos, fue at\u00edpico y el a\u00f1o que comienza no parece que vaya a ser muy diferente. La pandemia no deja de amenazar con sus cepas y la crisis econ\u00f3mica sigue golpeando. Igualmente, todos los sectores tienen que empezar a hacer cuentas pronto pensando en 2023, cuando se disputen los cargos. Otro a\u00f1o movido parece asomarse en la pol\u00edtica provincial.<\/p>\n","protected":false},"excerpt":{"rendered":"<p>Norberto G. Asquini En pol\u00edtica, el 2021 fue un a\u00f1o at\u00edpico para La Pampa: sobrevino en la elecci\u00f3n legislativa una tormenta perfecta, como la calificaron desde el oficialismo, que le&hellip;<\/p>\n","protected":false},"author":3,"featured_media":140892,"comment_status":"closed","ping_status":"open","sticky":false,"template":"","format":"standard","meta":{"_acf_changed":false,"footnotes":""},"categories":[10,8],"tags":[2052,424],"class_list":["post-174848","post","type-post","status-publish","format-standard","has-post-thumbnail","hentry","category-portada-2","category-politica","tag-sergio","tag-ziliotto"],"acf":[],"yoast_head":"<!-- This site is optimized with the Yoast SEO plugin v27.5 - https:\/\/yoast.com\/product\/yoast-seo-wordpress\/ -->\n<title>El 2021 pol\u00edtico: los peros, el tropez\u00f3n y la gran ola - Diario Textual<\/title>\n<meta name=\"robots\" content=\"index, follow, max-snippet:-1, max-image-preview:large, max-video-preview:-1\" \/>\n<link rel=\"canonical\" href=\"https:\/\/diariotextual.com\/inicio\/index.php\/2021\/12\/30\/el-2021-politico-los-peros-el-tropezon-y-la-gran-ola\/\" \/>\n<meta property=\"og:locale\" content=\"es_ES\" \/>\n<meta property=\"og:type\" content=\"article\" \/>\n<meta property=\"og:title\" content=\"El 2021 pol\u00edtico: los peros, el tropez\u00f3n y la gran ola - Diario Textual\" \/>\n<meta property=\"og:description\" content=\"Norberto G. Asquini En pol\u00edtica, el 2021 fue un a\u00f1o at\u00edpico para La Pampa: sobrevino en la elecci\u00f3n legislativa una tormenta perfecta, como la calificaron desde el oficialismo, que le&hellip;\" \/>\n<meta property=\"og:url\" content=\"https:\/\/diariotextual.com\/inicio\/index.php\/2021\/12\/30\/el-2021-politico-los-peros-el-tropezon-y-la-gran-ola\/\" \/>\n<meta property=\"og:site_name\" content=\"Diario Textual\" \/>\n<meta property=\"article:publisher\" content=\"https:\/\/www.facebook.com\/eltextual\" \/>\n<meta property=\"article:published_time\" content=\"2021-12-30T13:06:08+00:00\" \/>\n<meta property=\"article:modified_time\" content=\"2021-12-30T15:15:55+00:00\" \/>\n<meta property=\"og:image\" content=\"https:\/\/diariotextual.com\/inicio\/wp-content\/uploads\/2021\/04\/ziliottosergio70002.png\" \/>\n\t<meta property=\"og:image:width\" content=\"850\" \/>\n\t<meta property=\"og:image:height\" content=\"582\" \/>\n\t<meta property=\"og:image:type\" content=\"image\/png\" \/>\n<meta name=\"author\" content=\"Diario1 Diario1\" \/>\n<meta name=\"twitter:card\" content=\"summary_large_image\" \/>\n<meta name=\"twitter:creator\" content=\"@eltextual\" \/>\n<meta name=\"twitter:site\" content=\"@eltextual\" \/>\n<meta name=\"twitter:label1\" content=\"Escrito por\" \/>\n\t<meta name=\"twitter:data1\" content=\"Diario1 Diario1\" \/>\n\t<meta name=\"twitter:label2\" content=\"Tiempo de lectura\" \/>\n\t<meta name=\"twitter:data2\" content=\"7 minutos\" \/>\n<script type=\"application\/ld+json\" class=\"yoast-schema-graph\">{\"@context\":\"https:\\\/\\\/schema.org\",\"@graph\":[{\"@type\":\"Article\",\"@id\":\"https:\\\/\\\/diariotextual.com\\\/inicio\\\/index.php\\\/2021\\\/12\\\/30\\\/el-2021-politico-los-peros-el-tropezon-y-la-gran-ola\\\/#article\",\"isPartOf\":{\"@id\":\"https:\\\/\\\/diariotextual.com\\\/inicio\\\/index.php\\\/2021\\\/12\\\/30\\\/el-2021-politico-los-peros-el-tropezon-y-la-gran-ola\\\/\"},\"author\":{\"name\":\"Diario1 Diario1\",\"@id\":\"https:\\\/\\\/diariotextual.com\\\/inicio\\\/#\\\/schema\\\/person\\\/418fc4093c33e86ed41562db3508f958\"},\"headline\":\"El 2021 pol\u00edtico: los peros, el tropez\u00f3n y la gran ola\",\"datePublished\":\"2021-12-30T13:06:08+00:00\",\"dateModified\":\"2021-12-30T15:15:55+00:00\",\"mainEntityOfPage\":{\"@id\":\"https:\\\/\\\/diariotextual.com\\\/inicio\\\/index.php\\\/2021\\\/12\\\/30\\\/el-2021-politico-los-peros-el-tropezon-y-la-gran-ola\\\/\"},\"wordCount\":1548,\"publisher\":{\"@id\":\"https:\\\/\\\/diariotextual.com\\\/inicio\\\/#organization\"},\"image\":{\"@id\":\"https:\\\/\\\/diariotextual.com\\\/inicio\\\/index.php\\\/2021\\\/12\\\/30\\\/el-2021-politico-los-peros-el-tropezon-y-la-gran-ola\\\/#primaryimage\"},\"thumbnailUrl\":\"https:\\\/\\\/diariotextual.com\\\/inicio\\\/wp-content\\\/uploads\\\/2021\\\/04\\\/ziliottosergio70002.png\",\"keywords\":[\"sergio\",\"ziliotto\"],\"articleSection\":[\"A - PORTADA2\",\"POLITICA\"],\"inLanguage\":\"es\"},{\"@type\":\"WebPage\",\"@id\":\"https:\\\/\\\/diariotextual.com\\\/inicio\\\/index.php\\\/2021\\\/12\\\/30\\\/el-2021-politico-los-peros-el-tropezon-y-la-gran-ola\\\/\",\"url\":\"https:\\\/\\\/diariotextual.com\\\/inicio\\\/index.php\\\/2021\\\/12\\\/30\\\/el-2021-politico-los-peros-el-tropezon-y-la-gran-ola\\\/\",\"name\":\"El 2021 pol\u00edtico: los peros, el tropez\u00f3n y la gran ola - Diario Textual\",\"isPartOf\":{\"@id\":\"https:\\\/\\\/diariotextual.com\\\/inicio\\\/#website\"},\"primaryImageOfPage\":{\"@id\":\"https:\\\/\\\/diariotextual.com\\\/inicio\\\/index.php\\\/2021\\\/12\\\/30\\\/el-2021-politico-los-peros-el-tropezon-y-la-gran-ola\\\/#primaryimage\"},\"image\":{\"@id\":\"https:\\\/\\\/diariotextual.com\\\/inicio\\\/index.php\\\/2021\\\/12\\\/30\\\/el-2021-politico-los-peros-el-tropezon-y-la-gran-ola\\\/#primaryimage\"},\"thumbnailUrl\":\"https:\\\/\\\/diariotextual.com\\\/inicio\\\/wp-content\\\/uploads\\\/2021\\\/04\\\/ziliottosergio70002.png\",\"datePublished\":\"2021-12-30T13:06:08+00:00\",\"dateModified\":\"2021-12-30T15:15:55+00:00\",\"breadcrumb\":{\"@id\":\"https:\\\/\\\/diariotextual.com\\\/inicio\\\/index.php\\\/2021\\\/12\\\/30\\\/el-2021-politico-los-peros-el-tropezon-y-la-gran-ola\\\/#breadcrumb\"},\"inLanguage\":\"es\",\"potentialAction\":[{\"@type\":\"ReadAction\",\"target\":[\"https:\\\/\\\/diariotextual.com\\\/inicio\\\/index.php\\\/2021\\\/12\\\/30\\\/el-2021-politico-los-peros-el-tropezon-y-la-gran-ola\\\/\"]}]},{\"@type\":\"ImageObject\",\"inLanguage\":\"es\",\"@id\":\"https:\\\/\\\/diariotextual.com\\\/inicio\\\/index.php\\\/2021\\\/12\\\/30\\\/el-2021-politico-los-peros-el-tropezon-y-la-gran-ola\\\/#primaryimage\",\"url\":\"https:\\\/\\\/diariotextual.com\\\/inicio\\\/wp-content\\\/uploads\\\/2021\\\/04\\\/ziliottosergio70002.png\",\"contentUrl\":\"https:\\\/\\\/diariotextual.com\\\/inicio\\\/wp-content\\\/uploads\\\/2021\\\/04\\\/ziliottosergio70002.png\",\"width\":850,\"height\":582},{\"@type\":\"BreadcrumbList\",\"@id\":\"https:\\\/\\\/diariotextual.com\\\/inicio\\\/index.php\\\/2021\\\/12\\\/30\\\/el-2021-politico-los-peros-el-tropezon-y-la-gran-ola\\\/#breadcrumb\",\"itemListElement\":[{\"@type\":\"ListItem\",\"position\":1,\"name\":\"Portada\",\"item\":\"https:\\\/\\\/diariotextual.com\\\/inicio\\\/\"},{\"@type\":\"ListItem\",\"position\":2,\"name\":\"El 2021 pol\u00edtico: los peros, el tropez\u00f3n y la gran ola\"}]},{\"@type\":\"WebSite\",\"@id\":\"https:\\\/\\\/diariotextual.com\\\/inicio\\\/#website\",\"url\":\"https:\\\/\\\/diariotextual.com\\\/inicio\\\/\",\"name\":\"Diario Textual\",\"description\":\"\",\"publisher\":{\"@id\":\"https:\\\/\\\/diariotextual.com\\\/inicio\\\/#organization\"},\"potentialAction\":[{\"@type\":\"SearchAction\",\"target\":{\"@type\":\"EntryPoint\",\"urlTemplate\":\"https:\\\/\\\/diariotextual.com\\\/inicio\\\/?s={search_term_string}\"},\"query-input\":{\"@type\":\"PropertyValueSpecification\",\"valueRequired\":true,\"valueName\":\"search_term_string\"}}],\"inLanguage\":\"es\"},{\"@type\":\"Organization\",\"@id\":\"https:\\\/\\\/diariotextual.com\\\/inicio\\\/#organization\",\"name\":\"Diario Textual\",\"url\":\"https:\\\/\\\/diariotextual.com\\\/inicio\\\/\",\"logo\":{\"@type\":\"ImageObject\",\"inLanguage\":\"es\",\"@id\":\"https:\\\/\\\/diariotextual.com\\\/inicio\\\/#\\\/schema\\\/logo\\\/image\\\/\",\"url\":\"https:\\\/\\\/diariotextual.com\\\/inicio\\\/wp-content\\\/uploads\\\/2023\\\/05\\\/logotextual1.jpg\",\"contentUrl\":\"https:\\\/\\\/diariotextual.com\\\/inicio\\\/wp-content\\\/uploads\\\/2023\\\/05\\\/logotextual1.jpg\",\"width\":516,\"height\":76,\"caption\":\"Diario Textual\"},\"image\":{\"@id\":\"https:\\\/\\\/diariotextual.com\\\/inicio\\\/#\\\/schema\\\/logo\\\/image\\\/\"},\"sameAs\":[\"https:\\\/\\\/www.facebook.com\\\/eltextual\",\"https:\\\/\\\/x.com\\\/eltextual\",\"http:\\\/\\\/www.instagram.com\\\/eltextual\"]},{\"@type\":\"Person\",\"@id\":\"https:\\\/\\\/diariotextual.com\\\/inicio\\\/#\\\/schema\\\/person\\\/418fc4093c33e86ed41562db3508f958\",\"name\":\"Diario1 Diario1\",\"image\":{\"@type\":\"ImageObject\",\"inLanguage\":\"es\",\"@id\":\"https:\\\/\\\/secure.gravatar.com\\\/avatar\\\/9167d280179c85bc18be67aa7eda765854300033af4896dd779b608640f2ef7a?s=96&d=mm&r=g\",\"url\":\"https:\\\/\\\/secure.gravatar.com\\\/avatar\\\/9167d280179c85bc18be67aa7eda765854300033af4896dd779b608640f2ef7a?s=96&d=mm&r=g\",\"contentUrl\":\"https:\\\/\\\/secure.gravatar.com\\\/avatar\\\/9167d280179c85bc18be67aa7eda765854300033af4896dd779b608640f2ef7a?s=96&d=mm&r=g\",\"caption\":\"Diario1 Diario1\"},\"url\":\"https:\\\/\\\/diariotextual.com\\\/inicio\\\/index.php\\\/author\\\/diario1\\\/\"}]}<\/script>\n<!-- \/ Yoast SEO plugin. -->","yoast_head_json":{"title":"El 2021 pol\u00edtico: los peros, el tropez\u00f3n y la gran ola - Diario Textual","robots":{"index":"index","follow":"follow","max-snippet":"max-snippet:-1","max-image-preview":"max-image-preview:large","max-video-preview":"max-video-preview:-1"},"canonical":"https:\/\/diariotextual.com\/inicio\/index.php\/2021\/12\/30\/el-2021-politico-los-peros-el-tropezon-y-la-gran-ola\/","og_locale":"es_ES","og_type":"article","og_title":"El 2021 pol\u00edtico: los peros, el tropez\u00f3n y la gran ola - Diario Textual","og_description":"Norberto G. Asquini En pol\u00edtica, el 2021 fue un a\u00f1o at\u00edpico para La Pampa: sobrevino en la elecci\u00f3n legislativa una tormenta perfecta, como la calificaron desde el oficialismo, que le&hellip;","og_url":"https:\/\/diariotextual.com\/inicio\/index.php\/2021\/12\/30\/el-2021-politico-los-peros-el-tropezon-y-la-gran-ola\/","og_site_name":"Diario Textual","article_publisher":"https:\/\/www.facebook.com\/eltextual","article_published_time":"2021-12-30T13:06:08+00:00","article_modified_time":"2021-12-30T15:15:55+00:00","og_image":[{"width":850,"height":582,"url":"https:\/\/diariotextual.com\/inicio\/wp-content\/uploads\/2021\/04\/ziliottosergio70002.png","type":"image\/png"}],"author":"Diario1 Diario1","twitter_card":"summary_large_image","twitter_creator":"@eltextual","twitter_site":"@eltextual","twitter_misc":{"Escrito por":"Diario1 Diario1","Tiempo de lectura":"7 minutos"},"schema":{"@context":"https:\/\/schema.org","@graph":[{"@type":"Article","@id":"https:\/\/diariotextual.com\/inicio\/index.php\/2021\/12\/30\/el-2021-politico-los-peros-el-tropezon-y-la-gran-ola\/#article","isPartOf":{"@id":"https:\/\/diariotextual.com\/inicio\/index.php\/2021\/12\/30\/el-2021-politico-los-peros-el-tropezon-y-la-gran-ola\/"},"author":{"name":"Diario1 Diario1","@id":"https:\/\/diariotextual.com\/inicio\/#\/schema\/person\/418fc4093c33e86ed41562db3508f958"},"headline":"El 2021 pol\u00edtico: los peros, el tropez\u00f3n y la gran ola","datePublished":"2021-12-30T13:06:08+00:00","dateModified":"2021-12-30T15:15:55+00:00","mainEntityOfPage":{"@id":"https:\/\/diariotextual.com\/inicio\/index.php\/2021\/12\/30\/el-2021-politico-los-peros-el-tropezon-y-la-gran-ola\/"},"wordCount":1548,"publisher":{"@id":"https:\/\/diariotextual.com\/inicio\/#organization"},"image":{"@id":"https:\/\/diariotextual.com\/inicio\/index.php\/2021\/12\/30\/el-2021-politico-los-peros-el-tropezon-y-la-gran-ola\/#primaryimage"},"thumbnailUrl":"https:\/\/diariotextual.com\/inicio\/wp-content\/uploads\/2021\/04\/ziliottosergio70002.png","keywords":["sergio","ziliotto"],"articleSection":["A - PORTADA2","POLITICA"],"inLanguage":"es"},{"@type":"WebPage","@id":"https:\/\/diariotextual.com\/inicio\/index.php\/2021\/12\/30\/el-2021-politico-los-peros-el-tropezon-y-la-gran-ola\/","url":"https:\/\/diariotextual.com\/inicio\/index.php\/2021\/12\/30\/el-2021-politico-los-peros-el-tropezon-y-la-gran-ola\/","name":"El 2021 pol\u00edtico: los peros, el tropez\u00f3n y la gran ola - Diario Textual","isPartOf":{"@id":"https:\/\/diariotextual.com\/inicio\/#website"},"primaryImageOfPage":{"@id":"https:\/\/diariotextual.com\/inicio\/index.php\/2021\/12\/30\/el-2021-politico-los-peros-el-tropezon-y-la-gran-ola\/#primaryimage"},"image":{"@id":"https:\/\/diariotextual.com\/inicio\/index.php\/2021\/12\/30\/el-2021-politico-los-peros-el-tropezon-y-la-gran-ola\/#primaryimage"},"thumbnailUrl":"https:\/\/diariotextual.com\/inicio\/wp-content\/uploads\/2021\/04\/ziliottosergio70002.png","datePublished":"2021-12-30T13:06:08+00:00","dateModified":"2021-12-30T15:15:55+00:00","breadcrumb":{"@id":"https:\/\/diariotextual.com\/inicio\/index.php\/2021\/12\/30\/el-2021-politico-los-peros-el-tropezon-y-la-gran-ola\/#breadcrumb"},"inLanguage":"es","potentialAction":[{"@type":"ReadAction","target":["https:\/\/diariotextual.com\/inicio\/index.php\/2021\/12\/30\/el-2021-politico-los-peros-el-tropezon-y-la-gran-ola\/"]}]},{"@type":"ImageObject","inLanguage":"es","@id":"https:\/\/diariotextual.com\/inicio\/index.php\/2021\/12\/30\/el-2021-politico-los-peros-el-tropezon-y-la-gran-ola\/#primaryimage","url":"https:\/\/diariotextual.com\/inicio\/wp-content\/uploads\/2021\/04\/ziliottosergio70002.png","contentUrl":"https:\/\/diariotextual.com\/inicio\/wp-content\/uploads\/2021\/04\/ziliottosergio70002.png","width":850,"height":582},{"@type":"BreadcrumbList","@id":"https:\/\/diariotextual.com\/inicio\/index.php\/2021\/12\/30\/el-2021-politico-los-peros-el-tropezon-y-la-gran-ola\/#breadcrumb","itemListElement":[{"@type":"ListItem","position":1,"name":"Portada","item":"https:\/\/diariotextual.com\/inicio\/"},{"@type":"ListItem","position":2,"name":"El 2021 pol\u00edtico: los peros, el tropez\u00f3n y la gran ola"}]},{"@type":"WebSite","@id":"https:\/\/diariotextual.com\/inicio\/#website","url":"https:\/\/diariotextual.com\/inicio\/","name":"Diario Textual","description":"","publisher":{"@id":"https:\/\/diariotextual.com\/inicio\/#organization"},"potentialAction":[{"@type":"SearchAction","target":{"@type":"EntryPoint","urlTemplate":"https:\/\/diariotextual.com\/inicio\/?s={search_term_string}"},"query-input":{"@type":"PropertyValueSpecification","valueRequired":true,"valueName":"search_term_string"}}],"inLanguage":"es"},{"@type":"Organization","@id":"https:\/\/diariotextual.com\/inicio\/#organization","name":"Diario Textual","url":"https:\/\/diariotextual.com\/inicio\/","logo":{"@type":"ImageObject","inLanguage":"es","@id":"https:\/\/diariotextual.com\/inicio\/#\/schema\/logo\/image\/","url":"https:\/\/diariotextual.com\/inicio\/wp-content\/uploads\/2023\/05\/logotextual1.jpg","contentUrl":"https:\/\/diariotextual.com\/inicio\/wp-content\/uploads\/2023\/05\/logotextual1.jpg","width":516,"height":76,"caption":"Diario Textual"},"image":{"@id":"https:\/\/diariotextual.com\/inicio\/#\/schema\/logo\/image\/"},"sameAs":["https:\/\/www.facebook.com\/eltextual","https:\/\/x.com\/eltextual","http:\/\/www.instagram.com\/eltextual"]},{"@type":"Person","@id":"https:\/\/diariotextual.com\/inicio\/#\/schema\/person\/418fc4093c33e86ed41562db3508f958","name":"Diario1 Diario1","image":{"@type":"ImageObject","inLanguage":"es","@id":"https:\/\/secure.gravatar.com\/avatar\/9167d280179c85bc18be67aa7eda765854300033af4896dd779b608640f2ef7a?s=96&d=mm&r=g","url":"https:\/\/secure.gravatar.com\/avatar\/9167d280179c85bc18be67aa7eda765854300033af4896dd779b608640f2ef7a?s=96&d=mm&r=g","contentUrl":"https:\/\/secure.gravatar.com\/avatar\/9167d280179c85bc18be67aa7eda765854300033af4896dd779b608640f2ef7a?s=96&d=mm&r=g","caption":"Diario1 Diario1"},"url":"https:\/\/diariotextual.com\/inicio\/index.php\/author\/diario1\/"}]}},"_links":{"self":[{"href":"https:\/\/diariotextual.com\/inicio\/index.php\/wp-json\/wp\/v2\/posts\/174848","targetHints":{"allow":["GET"]}}],"collection":[{"href":"https:\/\/diariotextual.com\/inicio\/index.php\/wp-json\/wp\/v2\/posts"}],"about":[{"href":"https:\/\/diariotextual.com\/inicio\/index.php\/wp-json\/wp\/v2\/types\/post"}],"author":[{"embeddable":true,"href":"https:\/\/diariotextual.com\/inicio\/index.php\/wp-json\/wp\/v2\/users\/3"}],"replies":[{"embeddable":true,"href":"https:\/\/diariotextual.com\/inicio\/index.php\/wp-json\/wp\/v2\/comments?post=174848"}],"version-history":[{"count":2,"href":"https:\/\/diariotextual.com\/inicio\/index.php\/wp-json\/wp\/v2\/posts\/174848\/revisions"}],"predecessor-version":[{"id":174853,"href":"https:\/\/diariotextual.com\/inicio\/index.php\/wp-json\/wp\/v2\/posts\/174848\/revisions\/174853"}],"wp:featuredmedia":[{"embeddable":true,"href":"https:\/\/diariotextual.com\/inicio\/index.php\/wp-json\/wp\/v2\/media\/140892"}],"wp:attachment":[{"href":"https:\/\/diariotextual.com\/inicio\/index.php\/wp-json\/wp\/v2\/media?parent=174848"}],"wp:term":[{"taxonomy":"category","embeddable":true,"href":"https:\/\/diariotextual.com\/inicio\/index.php\/wp-json\/wp\/v2\/categories?post=174848"},{"taxonomy":"post_tag","embeddable":true,"href":"https:\/\/diariotextual.com\/inicio\/index.php\/wp-json\/wp\/v2\/tags?post=174848"}],"curies":[{"name":"wp","href":"https:\/\/api.w.org\/{rel}","templated":true}]}}