{"id":174873,"date":"2021-12-30T12:36:24","date_gmt":"2021-12-30T15:36:24","guid":{"rendered":"https:\/\/diariotextual.com\/inicio\/?p=174873"},"modified":"2021-12-30T20:13:06","modified_gmt":"2021-12-30T23:13:06","slug":"ziliotto-no-faltan-vacunas-faltan-brazos-y-en-algunos-casos-cabezas","status":"publish","type":"post","link":"https:\/\/diariotextual.com\/inicio\/index.php\/2021\/12\/30\/ziliotto-no-faltan-vacunas-faltan-brazos-y-en-algunos-casos-cabezas\/","title":{"rendered":"Ziliotto: \u00abNo faltan vacunas, faltan brazos y en algunos casos cabezas\u00bb"},"content":{"rendered":"\n<p>El gobernador Sergio Ziliotto dijo este jueves, en el brindis de fin de a\u00f1o con los periodistas, que est\u00e1n acentuando el plan de vacunaci\u00f3n contra el coronavirus y cuestion\u00f3 a los antivacunas. \u00abNo faltan vacunas, faltan brazos y, en algunos casos, cabezas\u00bb, dijo.<\/p>\n\n\n\n<p>La Pampa tiene m\u00e1s del 90 por ciento de su poblaci\u00f3n con una dosis, el 86% con dos y el 26% con tres dosis.<\/p>\n\n\n\n<p>Dijo que por el momento no est\u00e1n pensado en el Gobierno de aplicar restricciones por la subida de casos de coronavirus. \u00abUno de los principales activos que tenemos en el manejo de la crisis sanitaria es la coherencia y siempre haber tratado de inculcar un mensaje que protegernos es una construcci\u00f3n colectiva. El rol del Estado fue preponderante. A la sociedad le pedimos que se cuidara y en este an\u00e1lisis no cambia nada. Pero ahora tenemos otras herramientas la sociedad cuid\u00e1ndose yendo a vacunarse. Entendiendo que podemos hacer lo que hace mucho no hacemos. Permitir que los sectores golpeados por la pandemia puedan desarrollar la actividad. Hoy pasa por el cuidado personal\u00bb, expres\u00f3.<\/p>\n\n\n\n<p>En otro tramo de su discurso, se refiri\u00f3 a la actividad econ\u00f3mica. \u00abCuando vemos el balance de gesti\u00f3n vemos indices positivos a partir de que estamos en niveles de producci\u00f3n y actividad econ\u00f3mica y laborales superiores a antes de la pandemia. Pero es positivo desde el an\u00e1lisis, no desde la conducta que debemos tener a partir de ahora; hay que ir por m\u00e1s, vamos a ir por mucho m\u00e1s\u00bb, inst\u00f3.<\/p>\n\n\n\n<p> &nbsp;&nbsp;<\/p>\n","protected":false},"excerpt":{"rendered":"<p>El gobernador Sergio Ziliotto dijo este jueves, en el brindis de fin de a\u00f1o con los periodistas, que est\u00e1n acentuando el plan de vacunaci\u00f3n contra el coronavirus y cuestion\u00f3 a&hellip;<\/p>\n","protected":false},"author":3,"featured_media":168861,"comment_status":"closed","ping_status":"open","sticky":false,"template":"","format":"standard","meta":{"_acf_changed":false,"footnotes":""},"categories":[10,8],"tags":[6438,424],"class_list":["post-174873","post","type-post","status-publish","format-standard","has-post-thumbnail","hentry","category-portada-2","category-politica","tag-fin-de-ano","tag-ziliotto"],"acf":[],"yoast_head":"<!-- This site is optimized with the Yoast SEO plugin v27.5 - https:\/\/yoast.com\/product\/yoast-seo-wordpress\/ -->\n<title>Ziliotto: &quot;No faltan vacunas, faltan brazos y en algunos casos cabezas&quot; - Diario Textual<\/title>\n<meta name=\"robots\" content=\"index, follow, max-snippet:-1, max-image-preview:large, max-video-preview:-1\" \/>\n<link rel=\"canonical\" href=\"https:\/\/diariotextual.com\/inicio\/index.php\/2021\/12\/30\/ziliotto-no-faltan-vacunas-faltan-brazos-y-en-algunos-casos-cabezas\/\" \/>\n<meta property=\"og:locale\" content=\"es_ES\" \/>\n<meta property=\"og:type\" content=\"article\" \/>\n<meta property=\"og:title\" content=\"Ziliotto: &quot;No faltan vacunas, faltan brazos y en algunos casos cabezas&quot; - Diario Textual\" \/>\n<meta property=\"og:description\" content=\"El gobernador Sergio Ziliotto dijo este jueves, en el brindis de fin de a\u00f1o con los periodistas, que est\u00e1n acentuando el plan de vacunaci\u00f3n contra el coronavirus y cuestion\u00f3 a&hellip;\" \/>\n<meta property=\"og:url\" content=\"https:\/\/diariotextual.com\/inicio\/index.php\/2021\/12\/30\/ziliotto-no-faltan-vacunas-faltan-brazos-y-en-algunos-casos-cabezas\/\" \/>\n<meta property=\"og:site_name\" content=\"Diario Textual\" \/>\n<meta property=\"article:publisher\" content=\"https:\/\/www.facebook.com\/eltextual\" \/>\n<meta property=\"article:published_time\" content=\"2021-12-30T15:36:24+00:00\" \/>\n<meta property=\"article:modified_time\" content=\"2021-12-30T23:13:06+00:00\" \/>\n<meta property=\"og:image\" content=\"https:\/\/diariotextual.com\/inicio\/wp-content\/uploads\/2021\/11\/ziliottosergio2021-716.jpeg\" \/>\n\t<meta property=\"og:image:width\" content=\"1600\" \/>\n\t<meta property=\"og:image:height\" content=\"1066\" \/>\n\t<meta property=\"og:image:type\" content=\"image\/jpeg\" \/>\n<meta name=\"author\" content=\"Diario1 Diario1\" \/>\n<meta name=\"twitter:card\" content=\"summary_large_image\" \/>\n<meta name=\"twitter:creator\" content=\"@eltextual\" \/>\n<meta name=\"twitter:site\" content=\"@eltextual\" \/>\n<meta name=\"twitter:label1\" content=\"Escrito por\" \/>\n\t<meta name=\"twitter:data1\" content=\"Diario1 Diario1\" \/>\n\t<meta name=\"twitter:label2\" content=\"Tiempo de lectura\" \/>\n\t<meta name=\"twitter:data2\" content=\"2 minutos\" \/>\n<script type=\"application\/ld+json\" class=\"yoast-schema-graph\">{\"@context\":\"https:\\\/\\\/schema.org\",\"@graph\":[{\"@type\":\"Article\",\"@id\":\"https:\\\/\\\/diariotextual.com\\\/inicio\\\/index.php\\\/2021\\\/12\\\/30\\\/ziliotto-no-faltan-vacunas-faltan-brazos-y-en-algunos-casos-cabezas\\\/#article\",\"isPartOf\":{\"@id\":\"https:\\\/\\\/diariotextual.com\\\/inicio\\\/index.php\\\/2021\\\/12\\\/30\\\/ziliotto-no-faltan-vacunas-faltan-brazos-y-en-algunos-casos-cabezas\\\/\"},\"author\":{\"name\":\"Diario1 Diario1\",\"@id\":\"https:\\\/\\\/diariotextual.com\\\/inicio\\\/#\\\/schema\\\/person\\\/418fc4093c33e86ed41562db3508f958\"},\"headline\":\"Ziliotto: \u00abNo faltan vacunas, faltan brazos y en algunos casos cabezas\u00bb\",\"datePublished\":\"2021-12-30T15:36:24+00:00\",\"dateModified\":\"2021-12-30T23:13:06+00:00\",\"mainEntityOfPage\":{\"@id\":\"https:\\\/\\\/diariotextual.com\\\/inicio\\\/index.php\\\/2021\\\/12\\\/30\\\/ziliotto-no-faltan-vacunas-faltan-brazos-y-en-algunos-casos-cabezas\\\/\"},\"wordCount\":276,\"publisher\":{\"@id\":\"https:\\\/\\\/diariotextual.com\\\/inicio\\\/#organization\"},\"image\":{\"@id\":\"https:\\\/\\\/diariotextual.com\\\/inicio\\\/index.php\\\/2021\\\/12\\\/30\\\/ziliotto-no-faltan-vacunas-faltan-brazos-y-en-algunos-casos-cabezas\\\/#primaryimage\"},\"thumbnailUrl\":\"https:\\\/\\\/diariotextual.com\\\/inicio\\\/wp-content\\\/uploads\\\/2021\\\/11\\\/ziliottosergio2021-716.jpeg\",\"keywords\":[\"fin de a\u00f1o\",\"ziliotto\"],\"articleSection\":[\"A - PORTADA2\",\"POLITICA\"],\"inLanguage\":\"es\"},{\"@type\":\"WebPage\",\"@id\":\"https:\\\/\\\/diariotextual.com\\\/inicio\\\/index.php\\\/2021\\\/12\\\/30\\\/ziliotto-no-faltan-vacunas-faltan-brazos-y-en-algunos-casos-cabezas\\\/\",\"url\":\"https:\\\/\\\/diariotextual.com\\\/inicio\\\/index.php\\\/2021\\\/12\\\/30\\\/ziliotto-no-faltan-vacunas-faltan-brazos-y-en-algunos-casos-cabezas\\\/\",\"name\":\"Ziliotto: \\\"No faltan vacunas, faltan brazos y en algunos casos cabezas\\\" - Diario Textual\",\"isPartOf\":{\"@id\":\"https:\\\/\\\/diariotextual.com\\\/inicio\\\/#website\"},\"primaryImageOfPage\":{\"@id\":\"https:\\\/\\\/diariotextual.com\\\/inicio\\\/index.php\\\/2021\\\/12\\\/30\\\/ziliotto-no-faltan-vacunas-faltan-brazos-y-en-algunos-casos-cabezas\\\/#primaryimage\"},\"image\":{\"@id\":\"https:\\\/\\\/diariotextual.com\\\/inicio\\\/index.php\\\/2021\\\/12\\\/30\\\/ziliotto-no-faltan-vacunas-faltan-brazos-y-en-algunos-casos-cabezas\\\/#primaryimage\"},\"thumbnailUrl\":\"https:\\\/\\\/diariotextual.com\\\/inicio\\\/wp-content\\\/uploads\\\/2021\\\/11\\\/ziliottosergio2021-716.jpeg\",\"datePublished\":\"2021-12-30T15:36:24+00:00\",\"dateModified\":\"2021-12-30T23:13:06+00:00\",\"breadcrumb\":{\"@id\":\"https:\\\/\\\/diariotextual.com\\\/inicio\\\/index.php\\\/2021\\\/12\\\/30\\\/ziliotto-no-faltan-vacunas-faltan-brazos-y-en-algunos-casos-cabezas\\\/#breadcrumb\"},\"inLanguage\":\"es\",\"potentialAction\":[{\"@type\":\"ReadAction\",\"target\":[\"https:\\\/\\\/diariotextual.com\\\/inicio\\\/index.php\\\/2021\\\/12\\\/30\\\/ziliotto-no-faltan-vacunas-faltan-brazos-y-en-algunos-casos-cabezas\\\/\"]}]},{\"@type\":\"ImageObject\",\"inLanguage\":\"es\",\"@id\":\"https:\\\/\\\/diariotextual.com\\\/inicio\\\/index.php\\\/2021\\\/12\\\/30\\\/ziliotto-no-faltan-vacunas-faltan-brazos-y-en-algunos-casos-cabezas\\\/#primaryimage\",\"url\":\"https:\\\/\\\/diariotextual.com\\\/inicio\\\/wp-content\\\/uploads\\\/2021\\\/11\\\/ziliottosergio2021-716.jpeg\",\"contentUrl\":\"https:\\\/\\\/diariotextual.com\\\/inicio\\\/wp-content\\\/uploads\\\/2021\\\/11\\\/ziliottosergio2021-716.jpeg\",\"width\":1600,\"height\":1066},{\"@type\":\"BreadcrumbList\",\"@id\":\"https:\\\/\\\/diariotextual.com\\\/inicio\\\/index.php\\\/2021\\\/12\\\/30\\\/ziliotto-no-faltan-vacunas-faltan-brazos-y-en-algunos-casos-cabezas\\\/#breadcrumb\",\"itemListElement\":[{\"@type\":\"ListItem\",\"position\":1,\"name\":\"Portada\",\"item\":\"https:\\\/\\\/diariotextual.com\\\/inicio\\\/\"},{\"@type\":\"ListItem\",\"position\":2,\"name\":\"Ziliotto: \u00abNo faltan vacunas, faltan brazos y en algunos casos cabezas\u00bb\"}]},{\"@type\":\"WebSite\",\"@id\":\"https:\\\/\\\/diariotextual.com\\\/inicio\\\/#website\",\"url\":\"https:\\\/\\\/diariotextual.com\\\/inicio\\\/\",\"name\":\"Diario Textual\",\"description\":\"\",\"publisher\":{\"@id\":\"https:\\\/\\\/diariotextual.com\\\/inicio\\\/#organization\"},\"potentialAction\":[{\"@type\":\"SearchAction\",\"target\":{\"@type\":\"EntryPoint\",\"urlTemplate\":\"https:\\\/\\\/diariotextual.com\\\/inicio\\\/?s={search_term_string}\"},\"query-input\":{\"@type\":\"PropertyValueSpecification\",\"valueRequired\":true,\"valueName\":\"search_term_string\"}}],\"inLanguage\":\"es\"},{\"@type\":\"Organization\",\"@id\":\"https:\\\/\\\/diariotextual.com\\\/inicio\\\/#organization\",\"name\":\"Diario Textual\",\"url\":\"https:\\\/\\\/diariotextual.com\\\/inicio\\\/\",\"logo\":{\"@type\":\"ImageObject\",\"inLanguage\":\"es\",\"@id\":\"https:\\\/\\\/diariotextual.com\\\/inicio\\\/#\\\/schema\\\/logo\\\/image\\\/\",\"url\":\"https:\\\/\\\/diariotextual.com\\\/inicio\\\/wp-content\\\/uploads\\\/2023\\\/05\\\/logotextual1.jpg\",\"contentUrl\":\"https:\\\/\\\/diariotextual.com\\\/inicio\\\/wp-content\\\/uploads\\\/2023\\\/05\\\/logotextual1.jpg\",\"width\":516,\"height\":76,\"caption\":\"Diario Textual\"},\"image\":{\"@id\":\"https:\\\/\\\/diariotextual.com\\\/inicio\\\/#\\\/schema\\\/logo\\\/image\\\/\"},\"sameAs\":[\"https:\\\/\\\/www.facebook.com\\\/eltextual\",\"https:\\\/\\\/x.com\\\/eltextual\",\"http:\\\/\\\/www.instagram.com\\\/eltextual\"]},{\"@type\":\"Person\",\"@id\":\"https:\\\/\\\/diariotextual.com\\\/inicio\\\/#\\\/schema\\\/person\\\/418fc4093c33e86ed41562db3508f958\",\"name\":\"Diario1 Diario1\",\"image\":{\"@type\":\"ImageObject\",\"inLanguage\":\"es\",\"@id\":\"https:\\\/\\\/secure.gravatar.com\\\/avatar\\\/9167d280179c85bc18be67aa7eda765854300033af4896dd779b608640f2ef7a?s=96&d=mm&r=g\",\"url\":\"https:\\\/\\\/secure.gravatar.com\\\/avatar\\\/9167d280179c85bc18be67aa7eda765854300033af4896dd779b608640f2ef7a?s=96&d=mm&r=g\",\"contentUrl\":\"https:\\\/\\\/secure.gravatar.com\\\/avatar\\\/9167d280179c85bc18be67aa7eda765854300033af4896dd779b608640f2ef7a?s=96&d=mm&r=g\",\"caption\":\"Diario1 Diario1\"},\"url\":\"https:\\\/\\\/diariotextual.com\\\/inicio\\\/index.php\\\/author\\\/diario1\\\/\"}]}<\/script>\n<!-- \/ Yoast SEO plugin. -->","yoast_head_json":{"title":"Ziliotto: \"No faltan vacunas, faltan brazos y en algunos casos cabezas\" - Diario Textual","robots":{"index":"index","follow":"follow","max-snippet":"max-snippet:-1","max-image-preview":"max-image-preview:large","max-video-preview":"max-video-preview:-1"},"canonical":"https:\/\/diariotextual.com\/inicio\/index.php\/2021\/12\/30\/ziliotto-no-faltan-vacunas-faltan-brazos-y-en-algunos-casos-cabezas\/","og_locale":"es_ES","og_type":"article","og_title":"Ziliotto: \"No faltan vacunas, faltan brazos y en algunos casos cabezas\" - Diario Textual","og_description":"El gobernador Sergio Ziliotto dijo este jueves, en el brindis de fin de a\u00f1o con los periodistas, que est\u00e1n acentuando el plan de vacunaci\u00f3n contra el coronavirus y cuestion\u00f3 a&hellip;","og_url":"https:\/\/diariotextual.com\/inicio\/index.php\/2021\/12\/30\/ziliotto-no-faltan-vacunas-faltan-brazos-y-en-algunos-casos-cabezas\/","og_site_name":"Diario Textual","article_publisher":"https:\/\/www.facebook.com\/eltextual","article_published_time":"2021-12-30T15:36:24+00:00","article_modified_time":"2021-12-30T23:13:06+00:00","og_image":[{"width":1600,"height":1066,"url":"https:\/\/diariotextual.com\/inicio\/wp-content\/uploads\/2021\/11\/ziliottosergio2021-716.jpeg","type":"image\/jpeg"}],"author":"Diario1 Diario1","twitter_card":"summary_large_image","twitter_creator":"@eltextual","twitter_site":"@eltextual","twitter_misc":{"Escrito por":"Diario1 Diario1","Tiempo de lectura":"2 minutos"},"schema":{"@context":"https:\/\/schema.org","@graph":[{"@type":"Article","@id":"https:\/\/diariotextual.com\/inicio\/index.php\/2021\/12\/30\/ziliotto-no-faltan-vacunas-faltan-brazos-y-en-algunos-casos-cabezas\/#article","isPartOf":{"@id":"https:\/\/diariotextual.com\/inicio\/index.php\/2021\/12\/30\/ziliotto-no-faltan-vacunas-faltan-brazos-y-en-algunos-casos-cabezas\/"},"author":{"name":"Diario1 Diario1","@id":"https:\/\/diariotextual.com\/inicio\/#\/schema\/person\/418fc4093c33e86ed41562db3508f958"},"headline":"Ziliotto: \u00abNo faltan vacunas, faltan brazos y en algunos casos cabezas\u00bb","datePublished":"2021-12-30T15:36:24+00:00","dateModified":"2021-12-30T23:13:06+00:00","mainEntityOfPage":{"@id":"https:\/\/diariotextual.com\/inicio\/index.php\/2021\/12\/30\/ziliotto-no-faltan-vacunas-faltan-brazos-y-en-algunos-casos-cabezas\/"},"wordCount":276,"publisher":{"@id":"https:\/\/diariotextual.com\/inicio\/#organization"},"image":{"@id":"https:\/\/diariotextual.com\/inicio\/index.php\/2021\/12\/30\/ziliotto-no-faltan-vacunas-faltan-brazos-y-en-algunos-casos-cabezas\/#primaryimage"},"thumbnailUrl":"https:\/\/diariotextual.com\/inicio\/wp-content\/uploads\/2021\/11\/ziliottosergio2021-716.jpeg","keywords":["fin de a\u00f1o","ziliotto"],"articleSection":["A - PORTADA2","POLITICA"],"inLanguage":"es"},{"@type":"WebPage","@id":"https:\/\/diariotextual.com\/inicio\/index.php\/2021\/12\/30\/ziliotto-no-faltan-vacunas-faltan-brazos-y-en-algunos-casos-cabezas\/","url":"https:\/\/diariotextual.com\/inicio\/index.php\/2021\/12\/30\/ziliotto-no-faltan-vacunas-faltan-brazos-y-en-algunos-casos-cabezas\/","name":"Ziliotto: \"No faltan vacunas, faltan brazos y en algunos casos cabezas\" - Diario Textual","isPartOf":{"@id":"https:\/\/diariotextual.com\/inicio\/#website"},"primaryImageOfPage":{"@id":"https:\/\/diariotextual.com\/inicio\/index.php\/2021\/12\/30\/ziliotto-no-faltan-vacunas-faltan-brazos-y-en-algunos-casos-cabezas\/#primaryimage"},"image":{"@id":"https:\/\/diariotextual.com\/inicio\/index.php\/2021\/12\/30\/ziliotto-no-faltan-vacunas-faltan-brazos-y-en-algunos-casos-cabezas\/#primaryimage"},"thumbnailUrl":"https:\/\/diariotextual.com\/inicio\/wp-content\/uploads\/2021\/11\/ziliottosergio2021-716.jpeg","datePublished":"2021-12-30T15:36:24+00:00","dateModified":"2021-12-30T23:13:06+00:00","breadcrumb":{"@id":"https:\/\/diariotextual.com\/inicio\/index.php\/2021\/12\/30\/ziliotto-no-faltan-vacunas-faltan-brazos-y-en-algunos-casos-cabezas\/#breadcrumb"},"inLanguage":"es","potentialAction":[{"@type":"ReadAction","target":["https:\/\/diariotextual.com\/inicio\/index.php\/2021\/12\/30\/ziliotto-no-faltan-vacunas-faltan-brazos-y-en-algunos-casos-cabezas\/"]}]},{"@type":"ImageObject","inLanguage":"es","@id":"https:\/\/diariotextual.com\/inicio\/index.php\/2021\/12\/30\/ziliotto-no-faltan-vacunas-faltan-brazos-y-en-algunos-casos-cabezas\/#primaryimage","url":"https:\/\/diariotextual.com\/inicio\/wp-content\/uploads\/2021\/11\/ziliottosergio2021-716.jpeg","contentUrl":"https:\/\/diariotextual.com\/inicio\/wp-content\/uploads\/2021\/11\/ziliottosergio2021-716.jpeg","width":1600,"height":1066},{"@type":"BreadcrumbList","@id":"https:\/\/diariotextual.com\/inicio\/index.php\/2021\/12\/30\/ziliotto-no-faltan-vacunas-faltan-brazos-y-en-algunos-casos-cabezas\/#breadcrumb","itemListElement":[{"@type":"ListItem","position":1,"name":"Portada","item":"https:\/\/diariotextual.com\/inicio\/"},{"@type":"ListItem","position":2,"name":"Ziliotto: \u00abNo faltan vacunas, faltan brazos y en algunos casos cabezas\u00bb"}]},{"@type":"WebSite","@id":"https:\/\/diariotextual.com\/inicio\/#website","url":"https:\/\/diariotextual.com\/inicio\/","name":"Diario Textual","description":"","publisher":{"@id":"https:\/\/diariotextual.com\/inicio\/#organization"},"potentialAction":[{"@type":"SearchAction","target":{"@type":"EntryPoint","urlTemplate":"https:\/\/diariotextual.com\/inicio\/?s={search_term_string}"},"query-input":{"@type":"PropertyValueSpecification","valueRequired":true,"valueName":"search_term_string"}}],"inLanguage":"es"},{"@type":"Organization","@id":"https:\/\/diariotextual.com\/inicio\/#organization","name":"Diario Textual","url":"https:\/\/diariotextual.com\/inicio\/","logo":{"@type":"ImageObject","inLanguage":"es","@id":"https:\/\/diariotextual.com\/inicio\/#\/schema\/logo\/image\/","url":"https:\/\/diariotextual.com\/inicio\/wp-content\/uploads\/2023\/05\/logotextual1.jpg","contentUrl":"https:\/\/diariotextual.com\/inicio\/wp-content\/uploads\/2023\/05\/logotextual1.jpg","width":516,"height":76,"caption":"Diario Textual"},"image":{"@id":"https:\/\/diariotextual.com\/inicio\/#\/schema\/logo\/image\/"},"sameAs":["https:\/\/www.facebook.com\/eltextual","https:\/\/x.com\/eltextual","http:\/\/www.instagram.com\/eltextual"]},{"@type":"Person","@id":"https:\/\/diariotextual.com\/inicio\/#\/schema\/person\/418fc4093c33e86ed41562db3508f958","name":"Diario1 Diario1","image":{"@type":"ImageObject","inLanguage":"es","@id":"https:\/\/secure.gravatar.com\/avatar\/9167d280179c85bc18be67aa7eda765854300033af4896dd779b608640f2ef7a?s=96&d=mm&r=g","url":"https:\/\/secure.gravatar.com\/avatar\/9167d280179c85bc18be67aa7eda765854300033af4896dd779b608640f2ef7a?s=96&d=mm&r=g","contentUrl":"https:\/\/secure.gravatar.com\/avatar\/9167d280179c85bc18be67aa7eda765854300033af4896dd779b608640f2ef7a?s=96&d=mm&r=g","caption":"Diario1 Diario1"},"url":"https:\/\/diariotextual.com\/inicio\/index.php\/author\/diario1\/"}]}},"_links":{"self":[{"href":"https:\/\/diariotextual.com\/inicio\/index.php\/wp-json\/wp\/v2\/posts\/174873","targetHints":{"allow":["GET"]}}],"collection":[{"href":"https:\/\/diariotextual.com\/inicio\/index.php\/wp-json\/wp\/v2\/posts"}],"about":[{"href":"https:\/\/diariotextual.com\/inicio\/index.php\/wp-json\/wp\/v2\/types\/post"}],"author":[{"embeddable":true,"href":"https:\/\/diariotextual.com\/inicio\/index.php\/wp-json\/wp\/v2\/users\/3"}],"replies":[{"embeddable":true,"href":"https:\/\/diariotextual.com\/inicio\/index.php\/wp-json\/wp\/v2\/comments?post=174873"}],"version-history":[{"count":5,"href":"https:\/\/diariotextual.com\/inicio\/index.php\/wp-json\/wp\/v2\/posts\/174873\/revisions"}],"predecessor-version":[{"id":174892,"href":"https:\/\/diariotextual.com\/inicio\/index.php\/wp-json\/wp\/v2\/posts\/174873\/revisions\/174892"}],"wp:featuredmedia":[{"embeddable":true,"href":"https:\/\/diariotextual.com\/inicio\/index.php\/wp-json\/wp\/v2\/media\/168861"}],"wp:attachment":[{"href":"https:\/\/diariotextual.com\/inicio\/index.php\/wp-json\/wp\/v2\/media?parent=174873"}],"wp:term":[{"taxonomy":"category","embeddable":true,"href":"https:\/\/diariotextual.com\/inicio\/index.php\/wp-json\/wp\/v2\/categories?post=174873"},{"taxonomy":"post_tag","embeddable":true,"href":"https:\/\/diariotextual.com\/inicio\/index.php\/wp-json\/wp\/v2\/tags?post=174873"}],"curies":[{"name":"wp","href":"https:\/\/api.w.org\/{rel}","templated":true}]}}