{"id":174880,"date":"2021-12-30T12:48:38","date_gmt":"2021-12-30T15:48:38","guid":{"rendered":"https:\/\/diariotextual.com\/inicio\/?p=174880"},"modified":"2021-12-30T21:51:49","modified_gmt":"2021-12-31T00:51:49","slug":"zilotto-que-falta-hacer-desarrollar-mas-la-pampa-y-dar-mas-trabajo","status":"publish","type":"post","link":"https:\/\/diariotextual.com\/inicio\/index.php\/2021\/12\/30\/zilotto-que-falta-hacer-desarrollar-mas-la-pampa-y-dar-mas-trabajo\/","title":{"rendered":"Ziliotto: \u00ab\u00bfQu\u00e9 falta hacer? Desarrollar m\u00e1s La Pampa y dar m\u00e1s trabajo\u00bb"},"content":{"rendered":"\n<p><strong>Desarrollar La Pampa y dar m\u00e1s empleo. <\/strong>Esos son los dos ejes que plante\u00f3 como prioridad el gobernador Sergio Ziliotto para este 2022. <\/p>\n\n\n\n<p>\u201cQue haya menos desocupaci\u00f3n, que haya trabajo de calidad, que hay un crecimiento con equidad, distributivo para que no siga agrand\u00e1ndose la brecha entre los que m\u00e1s tienen y menos tienen. <strong>Ese es el desaf\u00edo: desarrollar la provincia y eso es inclusi\u00f3n, trabajo y calidad de vida\u201d,<\/strong> plante\u00f3 en el brindis de finde a\u00f1o con periodistas.<\/p>\n\n\n\n<p>Ziliotto, al hacer un balance de los dos a\u00f1os de gesti\u00f3n, dijo que el 2021 fue peor que el 2020. \u00abFue el a\u00f1o m\u00e1s duro, el que m\u00e1s nos golpe\u00f3 por la pandemia de coronavirus. Tuvimos que despedir amigos, familiares\u00bb, dijo.<\/p>\n\n\n\n<p>A su vez, sostuvo que en los \u00faltimos meses hay una recuperaci\u00f3n econ\u00f3mica incluso superior a antes del coronavirus. \u00abPero hay que ir por mucho m\u00e1s, vamos a ir por mucho m\u00e1s\u00bb, dijo.<\/p>\n\n\n\n<p>\u00abEl a\u00f1o pasado ped\u00edamos casi en forma generalizada que el 2021 sea mejor que el 2020, y nos equivocamos. Siempre lo decimos que esta pandemia inesperada, imprevisible, agresiva nos hab\u00eda cambiado la agenda de lo que eran los objetivos de gesti\u00f3n y en estos dos a\u00f1os, de 24 meses, 21 estuvimos conviviendo con la pandemia. De los dos a\u00f1os de gesti\u00f3n fue el m\u00e1s duro, el que m\u00e1s nos golpe\u00f3. De la forma m\u00e1s dura de tener que despedir amigos, familiares, tuvimos la peor repercusi\u00f3n de la crisis sanitaria en el 2021\u00bb, sostuvo.<\/p>\n\n\n\n<p>El gobernador tambi\u00e9n asegur\u00f3 que est\u00e1n acentuando el plan de vacunaci\u00f3n contra el coronavirus y cuestion\u00f3 a los antivacunas. \u201cNo faltan vacunas, faltan brazos y, en algunos casos, cabezas\u201d, dijo.<\/p>\n\n\n\n<p>Ziliotto destac\u00f3 el rol de la prensa local y provincial y agradeci\u00f3 la tarea de comunicar las pol\u00edticas p\u00fablicas.\u00a0<strong>\u00abNosotros nos hacemos eco de toda la tarea de ustedes, respetamos mucho el rol de la prensa y le damos lugar a todos, en el marco de lo que podemos\u00bb<\/strong>, dijo.<\/p>\n\n\n\n<figure class=\"wp-block-embed is-type-wp-embed is-provider-diario-textual wp-block-embed-diario-textual\"><div class=\"wp-block-embed__wrapper\">\n<blockquote class=\"wp-embedded-content\" data-secret=\"HyT1Xq35Qv\"><a href=\"https:\/\/diariotextual.com\/inicio\/index.php\/2021\/12\/30\/ziliotto-no-faltan-vacunas-faltan-brazos-y-en-algunos-casos-cabezas\/\">Ziliotto: &#8220;No faltan vacunas, faltan brazos y en algunos casos cabezas&#8221;<\/a><\/blockquote><iframe class=\"wp-embedded-content\" sandbox=\"allow-scripts\" security=\"restricted\" style=\"position: absolute; clip: rect(1px, 1px, 1px, 1px);\" title=\"\u00abZiliotto: &#8220;No faltan vacunas, faltan brazos y en algunos casos cabezas&#8221;\u00bb \u2014 Diario Textual\" src=\"https:\/\/diariotextual.com\/inicio\/index.php\/2021\/12\/30\/ziliotto-no-faltan-vacunas-faltan-brazos-y-en-algunos-casos-cabezas\/embed\/#?secret=HyT1Xq35Qv\" data-secret=\"HyT1Xq35Qv\" width=\"600\" height=\"338\" frameborder=\"0\" marginwidth=\"0\" marginheight=\"0\" scrolling=\"no\"><\/iframe>\n<\/div><\/figure>\n","protected":false},"excerpt":{"rendered":"<p>Desarrollar La Pampa y dar m\u00e1s empleo. Esos son los dos ejes que plante\u00f3 como prioridad el gobernador Sergio Ziliotto para este 2022. \u201cQue haya menos desocupaci\u00f3n, que haya trabajo&hellip;<\/p>\n","protected":false},"author":4,"featured_media":168588,"comment_status":"closed","ping_status":"open","sticky":false,"template":"","format":"standard","meta":{"_acf_changed":false,"footnotes":""},"categories":[10,8],"tags":[],"class_list":["post-174880","post","type-post","status-publish","format-standard","has-post-thumbnail","hentry","category-portada-2","category-politica"],"acf":[],"yoast_head":"<!-- This site is optimized with the Yoast SEO plugin v27.5 - https:\/\/yoast.com\/product\/yoast-seo-wordpress\/ -->\n<title>Ziliotto: &quot;\u00bfQu\u00e9 falta hacer? Desarrollar m\u00e1s La Pampa y dar m\u00e1s trabajo&quot; - Diario Textual<\/title>\n<meta name=\"robots\" content=\"index, follow, max-snippet:-1, max-image-preview:large, max-video-preview:-1\" \/>\n<link rel=\"canonical\" href=\"https:\/\/diariotextual.com\/inicio\/index.php\/2021\/12\/30\/zilotto-que-falta-hacer-desarrollar-mas-la-pampa-y-dar-mas-trabajo\/\" \/>\n<meta property=\"og:locale\" content=\"es_ES\" \/>\n<meta property=\"og:type\" content=\"article\" \/>\n<meta property=\"og:title\" content=\"Ziliotto: &quot;\u00bfQu\u00e9 falta hacer? Desarrollar m\u00e1s La Pampa y dar m\u00e1s trabajo&quot; - Diario Textual\" \/>\n<meta property=\"og:description\" content=\"Desarrollar La Pampa y dar m\u00e1s empleo. Esos son los dos ejes que plante\u00f3 como prioridad el gobernador Sergio Ziliotto para este 2022. \u201cQue haya menos desocupaci\u00f3n, que haya trabajo&hellip;\" \/>\n<meta property=\"og:url\" content=\"https:\/\/diariotextual.com\/inicio\/index.php\/2021\/12\/30\/zilotto-que-falta-hacer-desarrollar-mas-la-pampa-y-dar-mas-trabajo\/\" \/>\n<meta property=\"og:site_name\" content=\"Diario Textual\" \/>\n<meta property=\"article:publisher\" content=\"https:\/\/www.facebook.com\/eltextual\" \/>\n<meta property=\"article:published_time\" content=\"2021-12-30T15:48:38+00:00\" \/>\n<meta property=\"article:modified_time\" content=\"2021-12-31T00:51:49+00:00\" \/>\n<meta property=\"og:image\" content=\"https:\/\/diariotextual.com\/inicio\/wp-content\/uploads\/2021\/11\/ziliottosergio2021-715.jpg\" \/>\n\t<meta property=\"og:image:width\" content=\"910\" \/>\n\t<meta property=\"og:image:height\" content=\"575\" \/>\n\t<meta property=\"og:image:type\" content=\"image\/jpeg\" \/>\n<meta name=\"author\" content=\"diario2\" \/>\n<meta name=\"twitter:card\" content=\"summary_large_image\" \/>\n<meta name=\"twitter:creator\" content=\"@eltextual\" \/>\n<meta name=\"twitter:site\" content=\"@eltextual\" \/>\n<meta name=\"twitter:label1\" content=\"Escrito por\" \/>\n\t<meta name=\"twitter:data1\" content=\"diario2\" \/>\n\t<meta name=\"twitter:label2\" content=\"Tiempo de lectura\" \/>\n\t<meta name=\"twitter:data2\" content=\"2 minutos\" \/>\n<script type=\"application\/ld+json\" class=\"yoast-schema-graph\">{\"@context\":\"https:\\\/\\\/schema.org\",\"@graph\":[{\"@type\":\"Article\",\"@id\":\"https:\\\/\\\/diariotextual.com\\\/inicio\\\/index.php\\\/2021\\\/12\\\/30\\\/zilotto-que-falta-hacer-desarrollar-mas-la-pampa-y-dar-mas-trabajo\\\/#article\",\"isPartOf\":{\"@id\":\"https:\\\/\\\/diariotextual.com\\\/inicio\\\/index.php\\\/2021\\\/12\\\/30\\\/zilotto-que-falta-hacer-desarrollar-mas-la-pampa-y-dar-mas-trabajo\\\/\"},\"author\":{\"name\":\"diario2\",\"@id\":\"https:\\\/\\\/diariotextual.com\\\/inicio\\\/#\\\/schema\\\/person\\\/694f60677f23c4a530867a98f22b3768\"},\"headline\":\"Ziliotto: \u00ab\u00bfQu\u00e9 falta hacer? Desarrollar m\u00e1s La Pampa y dar m\u00e1s trabajo\u00bb\",\"datePublished\":\"2021-12-30T15:48:38+00:00\",\"dateModified\":\"2021-12-31T00:51:49+00:00\",\"mainEntityOfPage\":{\"@id\":\"https:\\\/\\\/diariotextual.com\\\/inicio\\\/index.php\\\/2021\\\/12\\\/30\\\/zilotto-que-falta-hacer-desarrollar-mas-la-pampa-y-dar-mas-trabajo\\\/\"},\"wordCount\":371,\"publisher\":{\"@id\":\"https:\\\/\\\/diariotextual.com\\\/inicio\\\/#organization\"},\"image\":{\"@id\":\"https:\\\/\\\/diariotextual.com\\\/inicio\\\/index.php\\\/2021\\\/12\\\/30\\\/zilotto-que-falta-hacer-desarrollar-mas-la-pampa-y-dar-mas-trabajo\\\/#primaryimage\"},\"thumbnailUrl\":\"https:\\\/\\\/diariotextual.com\\\/inicio\\\/wp-content\\\/uploads\\\/2021\\\/11\\\/ziliottosergio2021-715.jpg\",\"articleSection\":[\"A - PORTADA2\",\"POLITICA\"],\"inLanguage\":\"es\"},{\"@type\":\"WebPage\",\"@id\":\"https:\\\/\\\/diariotextual.com\\\/inicio\\\/index.php\\\/2021\\\/12\\\/30\\\/zilotto-que-falta-hacer-desarrollar-mas-la-pampa-y-dar-mas-trabajo\\\/\",\"url\":\"https:\\\/\\\/diariotextual.com\\\/inicio\\\/index.php\\\/2021\\\/12\\\/30\\\/zilotto-que-falta-hacer-desarrollar-mas-la-pampa-y-dar-mas-trabajo\\\/\",\"name\":\"Ziliotto: \\\"\u00bfQu\u00e9 falta hacer? Desarrollar m\u00e1s La Pampa y dar m\u00e1s trabajo\\\" - Diario Textual\",\"isPartOf\":{\"@id\":\"https:\\\/\\\/diariotextual.com\\\/inicio\\\/#website\"},\"primaryImageOfPage\":{\"@id\":\"https:\\\/\\\/diariotextual.com\\\/inicio\\\/index.php\\\/2021\\\/12\\\/30\\\/zilotto-que-falta-hacer-desarrollar-mas-la-pampa-y-dar-mas-trabajo\\\/#primaryimage\"},\"image\":{\"@id\":\"https:\\\/\\\/diariotextual.com\\\/inicio\\\/index.php\\\/2021\\\/12\\\/30\\\/zilotto-que-falta-hacer-desarrollar-mas-la-pampa-y-dar-mas-trabajo\\\/#primaryimage\"},\"thumbnailUrl\":\"https:\\\/\\\/diariotextual.com\\\/inicio\\\/wp-content\\\/uploads\\\/2021\\\/11\\\/ziliottosergio2021-715.jpg\",\"datePublished\":\"2021-12-30T15:48:38+00:00\",\"dateModified\":\"2021-12-31T00:51:49+00:00\",\"breadcrumb\":{\"@id\":\"https:\\\/\\\/diariotextual.com\\\/inicio\\\/index.php\\\/2021\\\/12\\\/30\\\/zilotto-que-falta-hacer-desarrollar-mas-la-pampa-y-dar-mas-trabajo\\\/#breadcrumb\"},\"inLanguage\":\"es\",\"potentialAction\":[{\"@type\":\"ReadAction\",\"target\":[\"https:\\\/\\\/diariotextual.com\\\/inicio\\\/index.php\\\/2021\\\/12\\\/30\\\/zilotto-que-falta-hacer-desarrollar-mas-la-pampa-y-dar-mas-trabajo\\\/\"]}]},{\"@type\":\"ImageObject\",\"inLanguage\":\"es\",\"@id\":\"https:\\\/\\\/diariotextual.com\\\/inicio\\\/index.php\\\/2021\\\/12\\\/30\\\/zilotto-que-falta-hacer-desarrollar-mas-la-pampa-y-dar-mas-trabajo\\\/#primaryimage\",\"url\":\"https:\\\/\\\/diariotextual.com\\\/inicio\\\/wp-content\\\/uploads\\\/2021\\\/11\\\/ziliottosergio2021-715.jpg\",\"contentUrl\":\"https:\\\/\\\/diariotextual.com\\\/inicio\\\/wp-content\\\/uploads\\\/2021\\\/11\\\/ziliottosergio2021-715.jpg\",\"width\":910,\"height\":575},{\"@type\":\"BreadcrumbList\",\"@id\":\"https:\\\/\\\/diariotextual.com\\\/inicio\\\/index.php\\\/2021\\\/12\\\/30\\\/zilotto-que-falta-hacer-desarrollar-mas-la-pampa-y-dar-mas-trabajo\\\/#breadcrumb\",\"itemListElement\":[{\"@type\":\"ListItem\",\"position\":1,\"name\":\"Portada\",\"item\":\"https:\\\/\\\/diariotextual.com\\\/inicio\\\/\"},{\"@type\":\"ListItem\",\"position\":2,\"name\":\"Ziliotto: \u00ab\u00bfQu\u00e9 falta hacer? Desarrollar m\u00e1s La Pampa y dar m\u00e1s trabajo\u00bb\"}]},{\"@type\":\"WebSite\",\"@id\":\"https:\\\/\\\/diariotextual.com\\\/inicio\\\/#website\",\"url\":\"https:\\\/\\\/diariotextual.com\\\/inicio\\\/\",\"name\":\"Diario Textual\",\"description\":\"\",\"publisher\":{\"@id\":\"https:\\\/\\\/diariotextual.com\\\/inicio\\\/#organization\"},\"potentialAction\":[{\"@type\":\"SearchAction\",\"target\":{\"@type\":\"EntryPoint\",\"urlTemplate\":\"https:\\\/\\\/diariotextual.com\\\/inicio\\\/?s={search_term_string}\"},\"query-input\":{\"@type\":\"PropertyValueSpecification\",\"valueRequired\":true,\"valueName\":\"search_term_string\"}}],\"inLanguage\":\"es\"},{\"@type\":\"Organization\",\"@id\":\"https:\\\/\\\/diariotextual.com\\\/inicio\\\/#organization\",\"name\":\"Diario Textual\",\"url\":\"https:\\\/\\\/diariotextual.com\\\/inicio\\\/\",\"logo\":{\"@type\":\"ImageObject\",\"inLanguage\":\"es\",\"@id\":\"https:\\\/\\\/diariotextual.com\\\/inicio\\\/#\\\/schema\\\/logo\\\/image\\\/\",\"url\":\"https:\\\/\\\/diariotextual.com\\\/inicio\\\/wp-content\\\/uploads\\\/2023\\\/05\\\/logotextual1.jpg\",\"contentUrl\":\"https:\\\/\\\/diariotextual.com\\\/inicio\\\/wp-content\\\/uploads\\\/2023\\\/05\\\/logotextual1.jpg\",\"width\":516,\"height\":76,\"caption\":\"Diario Textual\"},\"image\":{\"@id\":\"https:\\\/\\\/diariotextual.com\\\/inicio\\\/#\\\/schema\\\/logo\\\/image\\\/\"},\"sameAs\":[\"https:\\\/\\\/www.facebook.com\\\/eltextual\",\"https:\\\/\\\/x.com\\\/eltextual\",\"http:\\\/\\\/www.instagram.com\\\/eltextual\"]},{\"@type\":\"Person\",\"@id\":\"https:\\\/\\\/diariotextual.com\\\/inicio\\\/#\\\/schema\\\/person\\\/694f60677f23c4a530867a98f22b3768\",\"name\":\"diario2\",\"image\":{\"@type\":\"ImageObject\",\"inLanguage\":\"es\",\"@id\":\"https:\\\/\\\/secure.gravatar.com\\\/avatar\\\/5a2567495ba16b852fcd8f1ed006a2e24fcace936018ed8237e95f488ad6e0a7?s=96&d=mm&r=g\",\"url\":\"https:\\\/\\\/secure.gravatar.com\\\/avatar\\\/5a2567495ba16b852fcd8f1ed006a2e24fcace936018ed8237e95f488ad6e0a7?s=96&d=mm&r=g\",\"contentUrl\":\"https:\\\/\\\/secure.gravatar.com\\\/avatar\\\/5a2567495ba16b852fcd8f1ed006a2e24fcace936018ed8237e95f488ad6e0a7?s=96&d=mm&r=g\",\"caption\":\"diario2\"},\"url\":\"https:\\\/\\\/diariotextual.com\\\/inicio\\\/index.php\\\/author\\\/diario2\\\/\"}]}<\/script>\n<!-- \/ Yoast SEO plugin. -->","yoast_head_json":{"title":"Ziliotto: \"\u00bfQu\u00e9 falta hacer? Desarrollar m\u00e1s La Pampa y dar m\u00e1s trabajo\" - Diario Textual","robots":{"index":"index","follow":"follow","max-snippet":"max-snippet:-1","max-image-preview":"max-image-preview:large","max-video-preview":"max-video-preview:-1"},"canonical":"https:\/\/diariotextual.com\/inicio\/index.php\/2021\/12\/30\/zilotto-que-falta-hacer-desarrollar-mas-la-pampa-y-dar-mas-trabajo\/","og_locale":"es_ES","og_type":"article","og_title":"Ziliotto: \"\u00bfQu\u00e9 falta hacer? Desarrollar m\u00e1s La Pampa y dar m\u00e1s trabajo\" - Diario Textual","og_description":"Desarrollar La Pampa y dar m\u00e1s empleo. Esos son los dos ejes que plante\u00f3 como prioridad el gobernador Sergio Ziliotto para este 2022. \u201cQue haya menos desocupaci\u00f3n, que haya trabajo&hellip;","og_url":"https:\/\/diariotextual.com\/inicio\/index.php\/2021\/12\/30\/zilotto-que-falta-hacer-desarrollar-mas-la-pampa-y-dar-mas-trabajo\/","og_site_name":"Diario Textual","article_publisher":"https:\/\/www.facebook.com\/eltextual","article_published_time":"2021-12-30T15:48:38+00:00","article_modified_time":"2021-12-31T00:51:49+00:00","og_image":[{"width":910,"height":575,"url":"https:\/\/diariotextual.com\/inicio\/wp-content\/uploads\/2021\/11\/ziliottosergio2021-715.jpg","type":"image\/jpeg"}],"author":"diario2","twitter_card":"summary_large_image","twitter_creator":"@eltextual","twitter_site":"@eltextual","twitter_misc":{"Escrito por":"diario2","Tiempo de lectura":"2 minutos"},"schema":{"@context":"https:\/\/schema.org","@graph":[{"@type":"Article","@id":"https:\/\/diariotextual.com\/inicio\/index.php\/2021\/12\/30\/zilotto-que-falta-hacer-desarrollar-mas-la-pampa-y-dar-mas-trabajo\/#article","isPartOf":{"@id":"https:\/\/diariotextual.com\/inicio\/index.php\/2021\/12\/30\/zilotto-que-falta-hacer-desarrollar-mas-la-pampa-y-dar-mas-trabajo\/"},"author":{"name":"diario2","@id":"https:\/\/diariotextual.com\/inicio\/#\/schema\/person\/694f60677f23c4a530867a98f22b3768"},"headline":"Ziliotto: \u00ab\u00bfQu\u00e9 falta hacer? Desarrollar m\u00e1s La Pampa y dar m\u00e1s trabajo\u00bb","datePublished":"2021-12-30T15:48:38+00:00","dateModified":"2021-12-31T00:51:49+00:00","mainEntityOfPage":{"@id":"https:\/\/diariotextual.com\/inicio\/index.php\/2021\/12\/30\/zilotto-que-falta-hacer-desarrollar-mas-la-pampa-y-dar-mas-trabajo\/"},"wordCount":371,"publisher":{"@id":"https:\/\/diariotextual.com\/inicio\/#organization"},"image":{"@id":"https:\/\/diariotextual.com\/inicio\/index.php\/2021\/12\/30\/zilotto-que-falta-hacer-desarrollar-mas-la-pampa-y-dar-mas-trabajo\/#primaryimage"},"thumbnailUrl":"https:\/\/diariotextual.com\/inicio\/wp-content\/uploads\/2021\/11\/ziliottosergio2021-715.jpg","articleSection":["A - PORTADA2","POLITICA"],"inLanguage":"es"},{"@type":"WebPage","@id":"https:\/\/diariotextual.com\/inicio\/index.php\/2021\/12\/30\/zilotto-que-falta-hacer-desarrollar-mas-la-pampa-y-dar-mas-trabajo\/","url":"https:\/\/diariotextual.com\/inicio\/index.php\/2021\/12\/30\/zilotto-que-falta-hacer-desarrollar-mas-la-pampa-y-dar-mas-trabajo\/","name":"Ziliotto: \"\u00bfQu\u00e9 falta hacer? Desarrollar m\u00e1s La Pampa y dar m\u00e1s trabajo\" - Diario Textual","isPartOf":{"@id":"https:\/\/diariotextual.com\/inicio\/#website"},"primaryImageOfPage":{"@id":"https:\/\/diariotextual.com\/inicio\/index.php\/2021\/12\/30\/zilotto-que-falta-hacer-desarrollar-mas-la-pampa-y-dar-mas-trabajo\/#primaryimage"},"image":{"@id":"https:\/\/diariotextual.com\/inicio\/index.php\/2021\/12\/30\/zilotto-que-falta-hacer-desarrollar-mas-la-pampa-y-dar-mas-trabajo\/#primaryimage"},"thumbnailUrl":"https:\/\/diariotextual.com\/inicio\/wp-content\/uploads\/2021\/11\/ziliottosergio2021-715.jpg","datePublished":"2021-12-30T15:48:38+00:00","dateModified":"2021-12-31T00:51:49+00:00","breadcrumb":{"@id":"https:\/\/diariotextual.com\/inicio\/index.php\/2021\/12\/30\/zilotto-que-falta-hacer-desarrollar-mas-la-pampa-y-dar-mas-trabajo\/#breadcrumb"},"inLanguage":"es","potentialAction":[{"@type":"ReadAction","target":["https:\/\/diariotextual.com\/inicio\/index.php\/2021\/12\/30\/zilotto-que-falta-hacer-desarrollar-mas-la-pampa-y-dar-mas-trabajo\/"]}]},{"@type":"ImageObject","inLanguage":"es","@id":"https:\/\/diariotextual.com\/inicio\/index.php\/2021\/12\/30\/zilotto-que-falta-hacer-desarrollar-mas-la-pampa-y-dar-mas-trabajo\/#primaryimage","url":"https:\/\/diariotextual.com\/inicio\/wp-content\/uploads\/2021\/11\/ziliottosergio2021-715.jpg","contentUrl":"https:\/\/diariotextual.com\/inicio\/wp-content\/uploads\/2021\/11\/ziliottosergio2021-715.jpg","width":910,"height":575},{"@type":"BreadcrumbList","@id":"https:\/\/diariotextual.com\/inicio\/index.php\/2021\/12\/30\/zilotto-que-falta-hacer-desarrollar-mas-la-pampa-y-dar-mas-trabajo\/#breadcrumb","itemListElement":[{"@type":"ListItem","position":1,"name":"Portada","item":"https:\/\/diariotextual.com\/inicio\/"},{"@type":"ListItem","position":2,"name":"Ziliotto: \u00ab\u00bfQu\u00e9 falta hacer? Desarrollar m\u00e1s La Pampa y dar m\u00e1s trabajo\u00bb"}]},{"@type":"WebSite","@id":"https:\/\/diariotextual.com\/inicio\/#website","url":"https:\/\/diariotextual.com\/inicio\/","name":"Diario Textual","description":"","publisher":{"@id":"https:\/\/diariotextual.com\/inicio\/#organization"},"potentialAction":[{"@type":"SearchAction","target":{"@type":"EntryPoint","urlTemplate":"https:\/\/diariotextual.com\/inicio\/?s={search_term_string}"},"query-input":{"@type":"PropertyValueSpecification","valueRequired":true,"valueName":"search_term_string"}}],"inLanguage":"es"},{"@type":"Organization","@id":"https:\/\/diariotextual.com\/inicio\/#organization","name":"Diario Textual","url":"https:\/\/diariotextual.com\/inicio\/","logo":{"@type":"ImageObject","inLanguage":"es","@id":"https:\/\/diariotextual.com\/inicio\/#\/schema\/logo\/image\/","url":"https:\/\/diariotextual.com\/inicio\/wp-content\/uploads\/2023\/05\/logotextual1.jpg","contentUrl":"https:\/\/diariotextual.com\/inicio\/wp-content\/uploads\/2023\/05\/logotextual1.jpg","width":516,"height":76,"caption":"Diario Textual"},"image":{"@id":"https:\/\/diariotextual.com\/inicio\/#\/schema\/logo\/image\/"},"sameAs":["https:\/\/www.facebook.com\/eltextual","https:\/\/x.com\/eltextual","http:\/\/www.instagram.com\/eltextual"]},{"@type":"Person","@id":"https:\/\/diariotextual.com\/inicio\/#\/schema\/person\/694f60677f23c4a530867a98f22b3768","name":"diario2","image":{"@type":"ImageObject","inLanguage":"es","@id":"https:\/\/secure.gravatar.com\/avatar\/5a2567495ba16b852fcd8f1ed006a2e24fcace936018ed8237e95f488ad6e0a7?s=96&d=mm&r=g","url":"https:\/\/secure.gravatar.com\/avatar\/5a2567495ba16b852fcd8f1ed006a2e24fcace936018ed8237e95f488ad6e0a7?s=96&d=mm&r=g","contentUrl":"https:\/\/secure.gravatar.com\/avatar\/5a2567495ba16b852fcd8f1ed006a2e24fcace936018ed8237e95f488ad6e0a7?s=96&d=mm&r=g","caption":"diario2"},"url":"https:\/\/diariotextual.com\/inicio\/index.php\/author\/diario2\/"}]}},"_links":{"self":[{"href":"https:\/\/diariotextual.com\/inicio\/index.php\/wp-json\/wp\/v2\/posts\/174880","targetHints":{"allow":["GET"]}}],"collection":[{"href":"https:\/\/diariotextual.com\/inicio\/index.php\/wp-json\/wp\/v2\/posts"}],"about":[{"href":"https:\/\/diariotextual.com\/inicio\/index.php\/wp-json\/wp\/v2\/types\/post"}],"author":[{"embeddable":true,"href":"https:\/\/diariotextual.com\/inicio\/index.php\/wp-json\/wp\/v2\/users\/4"}],"replies":[{"embeddable":true,"href":"https:\/\/diariotextual.com\/inicio\/index.php\/wp-json\/wp\/v2\/comments?post=174880"}],"version-history":[{"count":7,"href":"https:\/\/diariotextual.com\/inicio\/index.php\/wp-json\/wp\/v2\/posts\/174880\/revisions"}],"predecessor-version":[{"id":174893,"href":"https:\/\/diariotextual.com\/inicio\/index.php\/wp-json\/wp\/v2\/posts\/174880\/revisions\/174893"}],"wp:featuredmedia":[{"embeddable":true,"href":"https:\/\/diariotextual.com\/inicio\/index.php\/wp-json\/wp\/v2\/media\/168588"}],"wp:attachment":[{"href":"https:\/\/diariotextual.com\/inicio\/index.php\/wp-json\/wp\/v2\/media?parent=174880"}],"wp:term":[{"taxonomy":"category","embeddable":true,"href":"https:\/\/diariotextual.com\/inicio\/index.php\/wp-json\/wp\/v2\/categories?post=174880"},{"taxonomy":"post_tag","embeddable":true,"href":"https:\/\/diariotextual.com\/inicio\/index.php\/wp-json\/wp\/v2\/tags?post=174880"}],"curies":[{"name":"wp","href":"https:\/\/api.w.org\/{rel}","templated":true}]}}