{"id":174903,"date":"2021-12-30T17:28:02","date_gmt":"2021-12-30T20:28:02","guid":{"rendered":"https:\/\/diariotextual.com\/inicio\/?p=174903"},"modified":"2021-12-31T08:33:54","modified_gmt":"2021-12-31T11:33:54","slug":"tiraron-los-juguetes-de-lucio-a-la-calle-y-se-los-llevaron","status":"publish","type":"post","link":"https:\/\/diariotextual.com\/inicio\/index.php\/2021\/12\/30\/tiraron-los-juguetes-de-lucio-a-la-calle-y-se-los-llevaron\/","title":{"rendered":"Tiraron los juguetes de Lucio a la calle y se los llevaron"},"content":{"rendered":"\n<p>Indignaci\u00f3n y bronca. Este jueves, personas ingresaron al departamento, se llevaron muebles y ropa y tiraron a la calle los juguetes de Lucio Dupuy, el nene asesinado en Santa Rosa.<\/p>\n\n\n\n<p>Una bici azul se la llev\u00f3 una vecina, para sus nenes. No habr\u00eda sabido que era de Lucio. Vecinos alertaron de la situaci\u00f3n y resguardaron algunos juguetes -entre otros, un monopat\u00edn-, a la espera del padre y de los abuelos del nene que est\u00e1n en General Pico.<\/p>\n\n\n\n<p>Adem\u00e1s de los juguetes, tiraron un colch\u00f3n grande, el colch\u00f3n rojo de Lucio, ropa, botellas y otros elementos. El colch\u00f3n del nene tambi\u00e9n se lo llev\u00f3 gente que pasaba por Allan Kardec al 2300.<\/p>\n\n\n\n<p>El departamento donde golpearon brutalmente a Lucio estuvo bajo custodia judicial hasta hace algunos d\u00edas. Una vez finalizadas todas las pericias, la propiedad fue liberada.<\/p>\n\n\n\n<figure class=\"wp-block-image size-large\"><img fetchpriority=\"high\" decoding=\"async\" width=\"408\" height=\"290\" src=\"https:\/\/diariotextual.com\/inicio\/wp-content\/uploads\/2021\/12\/luciodupuyjuguetes2021-1.jpg\" alt=\"\" class=\"wp-image-174906\" srcset=\"https:\/\/diariotextual.com\/inicio\/wp-content\/uploads\/2021\/12\/luciodupuyjuguetes2021-1.jpg 408w, https:\/\/diariotextual.com\/inicio\/wp-content\/uploads\/2021\/12\/luciodupuyjuguetes2021-1-300x213.jpg 300w\" sizes=\"(max-width: 408px) 100vw, 408px\" \/><\/figure>\n\n\n\n<p>\u00bfQui\u00e9nes fueron? En las redes, sindicaron a los due\u00f1os del departamento. Pero <strong>vecinos lo negaron terminantemente. \u00abLos due\u00f1os no fueron. Los conozco y no eran ellos. Ser\u00edan familiares de las dos detenidas. Trajeron un flete cerca de las 11 de la ma\u00f1ana y se llevaron varias cosas. Principalmente muebles<\/strong>. Lo que no les serv\u00eda, lo tiraron en la vereda. Mucha gente se llev\u00f3 cosas, como algunos juguetes\u00bb, cont\u00f3 una vecina a Diario Textual.<\/p>\n\n\n\n<p><strong>Silvia G\u00f3mez, la abuela paterna, agradeci\u00f3 a los vecinos. \u00abMil gracias a la gente que se comunic\u00f3. Pudimos recuperar cosas de mi nieto. Algunas cosas llevaron pero entiendo y nos reconforta que pueden jugar algunos ni\u00f1os con los juguetes de Lucito. Pasada una semana del crimen la Polic\u00eda nos entreg\u00f3 varias cosas de \u00e9l\u00bb, cont\u00f3.<\/strong><\/p>\n\n\n\n<p>Lucio, de 5 a\u00f1os de edad, muri\u00f3 el viernes 26 de noviembre por la noche, luego de ser brutalmente golpeado. Viv\u00eda en una casa de la calle Allan Kardec al 2300, de Santa Rosa, junto a su madre, Magdalena Esp\u00f3sito Valenti, y a la novia de su mam\u00e1, Abigail P\u00e1ez.<\/p>\n\n\n\n<p>Ambas est\u00e1n detenidas, en la Penitenciar\u00eda de San Luis. Magdalena Esp\u00f3sito Valenti est\u00e1 acusada del delito de&nbsp;<strong>homicidio calificado por el v\u00ednculo&nbsp;<\/strong>-que prev\u00e9 una pena de perpetua-, en tanto que P\u00e1ez est\u00e1 apuntada por<strong>&nbsp;homicidio simple&nbsp;<\/strong>-de 8 a 25 a\u00f1os-. Se espera, sin embargo, que la calificaci\u00f3n de los delitos se agrave.<\/p>\n\n\n\n<p><strong>El ni\u00f1o fue llevado por Abigail el viernes 26 de noviembre, por la noche, convulsionando, a la posta sanitaria&nbsp;<\/strong>del barrio Atuel. En ese momento,&nbsp;<strong>la madre de Lucio estaba trabajando de moza en un hotel.<\/strong><\/p>\n\n\n\n<p>Posteriormente<strong>&nbsp;el ni\u00f1o fue trasladado por una vecina, en su auto, al Hospital Evita, ya sin signos vitales<\/strong>, donde se constat\u00f3 su fallecimiento.<\/p>\n\n\n\n<p>Seg\u00fan se pudo determinar en la autopsia,<strong>&nbsp;Lucio muri\u00f3 por \u201cm\u00faltiples golpes\u201d y, adem\u00e1s, se comprob\u00f3 que ten\u00eda -de vieja data- mordeduras y quemaduras de cigarrillo.<\/strong><\/p>\n\n\n\n<p>Era un nene constantemente maltratado. De acuerdo a lo que revelaron fuentes m\u00e9dicas, Lucio ingres\u00f3 en su corta vida en reiteradas oportunidades a Enfermer\u00eda del Hospital Evita: hab\u00eda sufrido una fractura en una mano y la quebradura de un dedo. Sin embargo, esas se\u00f1ales no fueron advertidas.<\/p>\n\n\n\n<p>Tampoco en la Justicia se hicieron denuncias o se presentaron indicios que alertaran situaciones de violencia.<\/p>\n","protected":false},"excerpt":{"rendered":"<p>Indignaci\u00f3n y bronca. Este jueves, personas ingresaron al departamento, se llevaron muebles y ropa y tiraron a la calle los juguetes de Lucio Dupuy, el nene asesinado en Santa Rosa.&hellip;<\/p>\n","protected":false},"author":3,"featured_media":174911,"comment_status":"closed","ping_status":"open","sticky":false,"template":"","format":"standard","meta":{"_acf_changed":false,"footnotes":""},"categories":[10,12],"tags":[6330],"class_list":["post-174903","post","type-post","status-publish","format-standard","has-post-thumbnail","hentry","category-portada-2","category-sociedad","tag-lucio"],"acf":[],"yoast_head":"<!-- This site is optimized with the Yoast SEO plugin v27.5 - https:\/\/yoast.com\/product\/yoast-seo-wordpress\/ -->\n<title>Tiraron los juguetes de Lucio a la calle y se los llevaron - Diario Textual<\/title>\n<meta name=\"robots\" content=\"index, follow, max-snippet:-1, max-image-preview:large, max-video-preview:-1\" \/>\n<link rel=\"canonical\" href=\"https:\/\/diariotextual.com\/inicio\/index.php\/2021\/12\/30\/tiraron-los-juguetes-de-lucio-a-la-calle-y-se-los-llevaron\/\" \/>\n<meta property=\"og:locale\" content=\"es_ES\" \/>\n<meta property=\"og:type\" content=\"article\" \/>\n<meta property=\"og:title\" content=\"Tiraron los juguetes de Lucio a la calle y se los llevaron - Diario Textual\" \/>\n<meta property=\"og:description\" content=\"Indignaci\u00f3n y bronca. Este jueves, personas ingresaron al departamento, se llevaron muebles y ropa y tiraron a la calle los juguetes de Lucio Dupuy, el nene asesinado en Santa Rosa.&hellip;\" \/>\n<meta property=\"og:url\" content=\"https:\/\/diariotextual.com\/inicio\/index.php\/2021\/12\/30\/tiraron-los-juguetes-de-lucio-a-la-calle-y-se-los-llevaron\/\" \/>\n<meta property=\"og:site_name\" content=\"Diario Textual\" \/>\n<meta property=\"article:publisher\" content=\"https:\/\/www.facebook.com\/eltextual\" \/>\n<meta property=\"article:published_time\" content=\"2021-12-30T20:28:02+00:00\" \/>\n<meta property=\"article:modified_time\" content=\"2021-12-31T11:33:54+00:00\" \/>\n<meta property=\"og:image\" content=\"https:\/\/diariotextual.com\/inicio\/wp-content\/uploads\/2021\/12\/20211230_171141-scaled.jpg\" \/>\n\t<meta property=\"og:image:width\" content=\"2560\" \/>\n\t<meta property=\"og:image:height\" content=\"1440\" \/>\n\t<meta property=\"og:image:type\" content=\"image\/jpeg\" \/>\n<meta name=\"author\" content=\"Diario1 Diario1\" \/>\n<meta name=\"twitter:card\" content=\"summary_large_image\" \/>\n<meta name=\"twitter:creator\" content=\"@eltextual\" \/>\n<meta name=\"twitter:site\" content=\"@eltextual\" \/>\n<meta name=\"twitter:label1\" content=\"Escrito por\" \/>\n\t<meta name=\"twitter:data1\" content=\"Diario1 Diario1\" \/>\n\t<meta name=\"twitter:label2\" content=\"Tiempo de lectura\" \/>\n\t<meta name=\"twitter:data2\" content=\"3 minutos\" \/>\n<script type=\"application\/ld+json\" class=\"yoast-schema-graph\">{\"@context\":\"https:\\\/\\\/schema.org\",\"@graph\":[{\"@type\":\"Article\",\"@id\":\"https:\\\/\\\/diariotextual.com\\\/inicio\\\/index.php\\\/2021\\\/12\\\/30\\\/tiraron-los-juguetes-de-lucio-a-la-calle-y-se-los-llevaron\\\/#article\",\"isPartOf\":{\"@id\":\"https:\\\/\\\/diariotextual.com\\\/inicio\\\/index.php\\\/2021\\\/12\\\/30\\\/tiraron-los-juguetes-de-lucio-a-la-calle-y-se-los-llevaron\\\/\"},\"author\":{\"name\":\"Diario1 Diario1\",\"@id\":\"https:\\\/\\\/diariotextual.com\\\/inicio\\\/#\\\/schema\\\/person\\\/418fc4093c33e86ed41562db3508f958\"},\"headline\":\"Tiraron los juguetes de Lucio a la calle y se los llevaron\",\"datePublished\":\"2021-12-30T20:28:02+00:00\",\"dateModified\":\"2021-12-31T11:33:54+00:00\",\"mainEntityOfPage\":{\"@id\":\"https:\\\/\\\/diariotextual.com\\\/inicio\\\/index.php\\\/2021\\\/12\\\/30\\\/tiraron-los-juguetes-de-lucio-a-la-calle-y-se-los-llevaron\\\/\"},\"wordCount\":569,\"publisher\":{\"@id\":\"https:\\\/\\\/diariotextual.com\\\/inicio\\\/#organization\"},\"image\":{\"@id\":\"https:\\\/\\\/diariotextual.com\\\/inicio\\\/index.php\\\/2021\\\/12\\\/30\\\/tiraron-los-juguetes-de-lucio-a-la-calle-y-se-los-llevaron\\\/#primaryimage\"},\"thumbnailUrl\":\"https:\\\/\\\/diariotextual.com\\\/inicio\\\/wp-content\\\/uploads\\\/2021\\\/12\\\/20211230_171141-scaled.jpg\",\"keywords\":[\"lucio\"],\"articleSection\":[\"A - PORTADA2\",\"SOCIEDAD\"],\"inLanguage\":\"es\"},{\"@type\":\"WebPage\",\"@id\":\"https:\\\/\\\/diariotextual.com\\\/inicio\\\/index.php\\\/2021\\\/12\\\/30\\\/tiraron-los-juguetes-de-lucio-a-la-calle-y-se-los-llevaron\\\/\",\"url\":\"https:\\\/\\\/diariotextual.com\\\/inicio\\\/index.php\\\/2021\\\/12\\\/30\\\/tiraron-los-juguetes-de-lucio-a-la-calle-y-se-los-llevaron\\\/\",\"name\":\"Tiraron los juguetes de Lucio a la calle y se los llevaron - Diario Textual\",\"isPartOf\":{\"@id\":\"https:\\\/\\\/diariotextual.com\\\/inicio\\\/#website\"},\"primaryImageOfPage\":{\"@id\":\"https:\\\/\\\/diariotextual.com\\\/inicio\\\/index.php\\\/2021\\\/12\\\/30\\\/tiraron-los-juguetes-de-lucio-a-la-calle-y-se-los-llevaron\\\/#primaryimage\"},\"image\":{\"@id\":\"https:\\\/\\\/diariotextual.com\\\/inicio\\\/index.php\\\/2021\\\/12\\\/30\\\/tiraron-los-juguetes-de-lucio-a-la-calle-y-se-los-llevaron\\\/#primaryimage\"},\"thumbnailUrl\":\"https:\\\/\\\/diariotextual.com\\\/inicio\\\/wp-content\\\/uploads\\\/2021\\\/12\\\/20211230_171141-scaled.jpg\",\"datePublished\":\"2021-12-30T20:28:02+00:00\",\"dateModified\":\"2021-12-31T11:33:54+00:00\",\"breadcrumb\":{\"@id\":\"https:\\\/\\\/diariotextual.com\\\/inicio\\\/index.php\\\/2021\\\/12\\\/30\\\/tiraron-los-juguetes-de-lucio-a-la-calle-y-se-los-llevaron\\\/#breadcrumb\"},\"inLanguage\":\"es\",\"potentialAction\":[{\"@type\":\"ReadAction\",\"target\":[\"https:\\\/\\\/diariotextual.com\\\/inicio\\\/index.php\\\/2021\\\/12\\\/30\\\/tiraron-los-juguetes-de-lucio-a-la-calle-y-se-los-llevaron\\\/\"]}]},{\"@type\":\"ImageObject\",\"inLanguage\":\"es\",\"@id\":\"https:\\\/\\\/diariotextual.com\\\/inicio\\\/index.php\\\/2021\\\/12\\\/30\\\/tiraron-los-juguetes-de-lucio-a-la-calle-y-se-los-llevaron\\\/#primaryimage\",\"url\":\"https:\\\/\\\/diariotextual.com\\\/inicio\\\/wp-content\\\/uploads\\\/2021\\\/12\\\/20211230_171141-scaled.jpg\",\"contentUrl\":\"https:\\\/\\\/diariotextual.com\\\/inicio\\\/wp-content\\\/uploads\\\/2021\\\/12\\\/20211230_171141-scaled.jpg\",\"width\":2560,\"height\":1440},{\"@type\":\"BreadcrumbList\",\"@id\":\"https:\\\/\\\/diariotextual.com\\\/inicio\\\/index.php\\\/2021\\\/12\\\/30\\\/tiraron-los-juguetes-de-lucio-a-la-calle-y-se-los-llevaron\\\/#breadcrumb\",\"itemListElement\":[{\"@type\":\"ListItem\",\"position\":1,\"name\":\"Portada\",\"item\":\"https:\\\/\\\/diariotextual.com\\\/inicio\\\/\"},{\"@type\":\"ListItem\",\"position\":2,\"name\":\"Tiraron los juguetes de Lucio a la calle y se los llevaron\"}]},{\"@type\":\"WebSite\",\"@id\":\"https:\\\/\\\/diariotextual.com\\\/inicio\\\/#website\",\"url\":\"https:\\\/\\\/diariotextual.com\\\/inicio\\\/\",\"name\":\"Diario Textual\",\"description\":\"\",\"publisher\":{\"@id\":\"https:\\\/\\\/diariotextual.com\\\/inicio\\\/#organization\"},\"potentialAction\":[{\"@type\":\"SearchAction\",\"target\":{\"@type\":\"EntryPoint\",\"urlTemplate\":\"https:\\\/\\\/diariotextual.com\\\/inicio\\\/?s={search_term_string}\"},\"query-input\":{\"@type\":\"PropertyValueSpecification\",\"valueRequired\":true,\"valueName\":\"search_term_string\"}}],\"inLanguage\":\"es\"},{\"@type\":\"Organization\",\"@id\":\"https:\\\/\\\/diariotextual.com\\\/inicio\\\/#organization\",\"name\":\"Diario Textual\",\"url\":\"https:\\\/\\\/diariotextual.com\\\/inicio\\\/\",\"logo\":{\"@type\":\"ImageObject\",\"inLanguage\":\"es\",\"@id\":\"https:\\\/\\\/diariotextual.com\\\/inicio\\\/#\\\/schema\\\/logo\\\/image\\\/\",\"url\":\"https:\\\/\\\/diariotextual.com\\\/inicio\\\/wp-content\\\/uploads\\\/2023\\\/05\\\/logotextual1.jpg\",\"contentUrl\":\"https:\\\/\\\/diariotextual.com\\\/inicio\\\/wp-content\\\/uploads\\\/2023\\\/05\\\/logotextual1.jpg\",\"width\":516,\"height\":76,\"caption\":\"Diario Textual\"},\"image\":{\"@id\":\"https:\\\/\\\/diariotextual.com\\\/inicio\\\/#\\\/schema\\\/logo\\\/image\\\/\"},\"sameAs\":[\"https:\\\/\\\/www.facebook.com\\\/eltextual\",\"https:\\\/\\\/x.com\\\/eltextual\",\"http:\\\/\\\/www.instagram.com\\\/eltextual\"]},{\"@type\":\"Person\",\"@id\":\"https:\\\/\\\/diariotextual.com\\\/inicio\\\/#\\\/schema\\\/person\\\/418fc4093c33e86ed41562db3508f958\",\"name\":\"Diario1 Diario1\",\"image\":{\"@type\":\"ImageObject\",\"inLanguage\":\"es\",\"@id\":\"https:\\\/\\\/secure.gravatar.com\\\/avatar\\\/9167d280179c85bc18be67aa7eda765854300033af4896dd779b608640f2ef7a?s=96&d=mm&r=g\",\"url\":\"https:\\\/\\\/secure.gravatar.com\\\/avatar\\\/9167d280179c85bc18be67aa7eda765854300033af4896dd779b608640f2ef7a?s=96&d=mm&r=g\",\"contentUrl\":\"https:\\\/\\\/secure.gravatar.com\\\/avatar\\\/9167d280179c85bc18be67aa7eda765854300033af4896dd779b608640f2ef7a?s=96&d=mm&r=g\",\"caption\":\"Diario1 Diario1\"},\"url\":\"https:\\\/\\\/diariotextual.com\\\/inicio\\\/index.php\\\/author\\\/diario1\\\/\"}]}<\/script>\n<!-- \/ Yoast SEO plugin. -->","yoast_head_json":{"title":"Tiraron los juguetes de Lucio a la calle y se los llevaron - Diario Textual","robots":{"index":"index","follow":"follow","max-snippet":"max-snippet:-1","max-image-preview":"max-image-preview:large","max-video-preview":"max-video-preview:-1"},"canonical":"https:\/\/diariotextual.com\/inicio\/index.php\/2021\/12\/30\/tiraron-los-juguetes-de-lucio-a-la-calle-y-se-los-llevaron\/","og_locale":"es_ES","og_type":"article","og_title":"Tiraron los juguetes de Lucio a la calle y se los llevaron - Diario Textual","og_description":"Indignaci\u00f3n y bronca. Este jueves, personas ingresaron al departamento, se llevaron muebles y ropa y tiraron a la calle los juguetes de Lucio Dupuy, el nene asesinado en Santa Rosa.&hellip;","og_url":"https:\/\/diariotextual.com\/inicio\/index.php\/2021\/12\/30\/tiraron-los-juguetes-de-lucio-a-la-calle-y-se-los-llevaron\/","og_site_name":"Diario Textual","article_publisher":"https:\/\/www.facebook.com\/eltextual","article_published_time":"2021-12-30T20:28:02+00:00","article_modified_time":"2021-12-31T11:33:54+00:00","og_image":[{"width":2560,"height":1440,"url":"https:\/\/diariotextual.com\/inicio\/wp-content\/uploads\/2021\/12\/20211230_171141-scaled.jpg","type":"image\/jpeg"}],"author":"Diario1 Diario1","twitter_card":"summary_large_image","twitter_creator":"@eltextual","twitter_site":"@eltextual","twitter_misc":{"Escrito por":"Diario1 Diario1","Tiempo de lectura":"3 minutos"},"schema":{"@context":"https:\/\/schema.org","@graph":[{"@type":"Article","@id":"https:\/\/diariotextual.com\/inicio\/index.php\/2021\/12\/30\/tiraron-los-juguetes-de-lucio-a-la-calle-y-se-los-llevaron\/#article","isPartOf":{"@id":"https:\/\/diariotextual.com\/inicio\/index.php\/2021\/12\/30\/tiraron-los-juguetes-de-lucio-a-la-calle-y-se-los-llevaron\/"},"author":{"name":"Diario1 Diario1","@id":"https:\/\/diariotextual.com\/inicio\/#\/schema\/person\/418fc4093c33e86ed41562db3508f958"},"headline":"Tiraron los juguetes de Lucio a la calle y se los llevaron","datePublished":"2021-12-30T20:28:02+00:00","dateModified":"2021-12-31T11:33:54+00:00","mainEntityOfPage":{"@id":"https:\/\/diariotextual.com\/inicio\/index.php\/2021\/12\/30\/tiraron-los-juguetes-de-lucio-a-la-calle-y-se-los-llevaron\/"},"wordCount":569,"publisher":{"@id":"https:\/\/diariotextual.com\/inicio\/#organization"},"image":{"@id":"https:\/\/diariotextual.com\/inicio\/index.php\/2021\/12\/30\/tiraron-los-juguetes-de-lucio-a-la-calle-y-se-los-llevaron\/#primaryimage"},"thumbnailUrl":"https:\/\/diariotextual.com\/inicio\/wp-content\/uploads\/2021\/12\/20211230_171141-scaled.jpg","keywords":["lucio"],"articleSection":["A - PORTADA2","SOCIEDAD"],"inLanguage":"es"},{"@type":"WebPage","@id":"https:\/\/diariotextual.com\/inicio\/index.php\/2021\/12\/30\/tiraron-los-juguetes-de-lucio-a-la-calle-y-se-los-llevaron\/","url":"https:\/\/diariotextual.com\/inicio\/index.php\/2021\/12\/30\/tiraron-los-juguetes-de-lucio-a-la-calle-y-se-los-llevaron\/","name":"Tiraron los juguetes de Lucio a la calle y se los llevaron - Diario Textual","isPartOf":{"@id":"https:\/\/diariotextual.com\/inicio\/#website"},"primaryImageOfPage":{"@id":"https:\/\/diariotextual.com\/inicio\/index.php\/2021\/12\/30\/tiraron-los-juguetes-de-lucio-a-la-calle-y-se-los-llevaron\/#primaryimage"},"image":{"@id":"https:\/\/diariotextual.com\/inicio\/index.php\/2021\/12\/30\/tiraron-los-juguetes-de-lucio-a-la-calle-y-se-los-llevaron\/#primaryimage"},"thumbnailUrl":"https:\/\/diariotextual.com\/inicio\/wp-content\/uploads\/2021\/12\/20211230_171141-scaled.jpg","datePublished":"2021-12-30T20:28:02+00:00","dateModified":"2021-12-31T11:33:54+00:00","breadcrumb":{"@id":"https:\/\/diariotextual.com\/inicio\/index.php\/2021\/12\/30\/tiraron-los-juguetes-de-lucio-a-la-calle-y-se-los-llevaron\/#breadcrumb"},"inLanguage":"es","potentialAction":[{"@type":"ReadAction","target":["https:\/\/diariotextual.com\/inicio\/index.php\/2021\/12\/30\/tiraron-los-juguetes-de-lucio-a-la-calle-y-se-los-llevaron\/"]}]},{"@type":"ImageObject","inLanguage":"es","@id":"https:\/\/diariotextual.com\/inicio\/index.php\/2021\/12\/30\/tiraron-los-juguetes-de-lucio-a-la-calle-y-se-los-llevaron\/#primaryimage","url":"https:\/\/diariotextual.com\/inicio\/wp-content\/uploads\/2021\/12\/20211230_171141-scaled.jpg","contentUrl":"https:\/\/diariotextual.com\/inicio\/wp-content\/uploads\/2021\/12\/20211230_171141-scaled.jpg","width":2560,"height":1440},{"@type":"BreadcrumbList","@id":"https:\/\/diariotextual.com\/inicio\/index.php\/2021\/12\/30\/tiraron-los-juguetes-de-lucio-a-la-calle-y-se-los-llevaron\/#breadcrumb","itemListElement":[{"@type":"ListItem","position":1,"name":"Portada","item":"https:\/\/diariotextual.com\/inicio\/"},{"@type":"ListItem","position":2,"name":"Tiraron los juguetes de Lucio a la calle y se los llevaron"}]},{"@type":"WebSite","@id":"https:\/\/diariotextual.com\/inicio\/#website","url":"https:\/\/diariotextual.com\/inicio\/","name":"Diario Textual","description":"","publisher":{"@id":"https:\/\/diariotextual.com\/inicio\/#organization"},"potentialAction":[{"@type":"SearchAction","target":{"@type":"EntryPoint","urlTemplate":"https:\/\/diariotextual.com\/inicio\/?s={search_term_string}"},"query-input":{"@type":"PropertyValueSpecification","valueRequired":true,"valueName":"search_term_string"}}],"inLanguage":"es"},{"@type":"Organization","@id":"https:\/\/diariotextual.com\/inicio\/#organization","name":"Diario Textual","url":"https:\/\/diariotextual.com\/inicio\/","logo":{"@type":"ImageObject","inLanguage":"es","@id":"https:\/\/diariotextual.com\/inicio\/#\/schema\/logo\/image\/","url":"https:\/\/diariotextual.com\/inicio\/wp-content\/uploads\/2023\/05\/logotextual1.jpg","contentUrl":"https:\/\/diariotextual.com\/inicio\/wp-content\/uploads\/2023\/05\/logotextual1.jpg","width":516,"height":76,"caption":"Diario Textual"},"image":{"@id":"https:\/\/diariotextual.com\/inicio\/#\/schema\/logo\/image\/"},"sameAs":["https:\/\/www.facebook.com\/eltextual","https:\/\/x.com\/eltextual","http:\/\/www.instagram.com\/eltextual"]},{"@type":"Person","@id":"https:\/\/diariotextual.com\/inicio\/#\/schema\/person\/418fc4093c33e86ed41562db3508f958","name":"Diario1 Diario1","image":{"@type":"ImageObject","inLanguage":"es","@id":"https:\/\/secure.gravatar.com\/avatar\/9167d280179c85bc18be67aa7eda765854300033af4896dd779b608640f2ef7a?s=96&d=mm&r=g","url":"https:\/\/secure.gravatar.com\/avatar\/9167d280179c85bc18be67aa7eda765854300033af4896dd779b608640f2ef7a?s=96&d=mm&r=g","contentUrl":"https:\/\/secure.gravatar.com\/avatar\/9167d280179c85bc18be67aa7eda765854300033af4896dd779b608640f2ef7a?s=96&d=mm&r=g","caption":"Diario1 Diario1"},"url":"https:\/\/diariotextual.com\/inicio\/index.php\/author\/diario1\/"}]}},"_links":{"self":[{"href":"https:\/\/diariotextual.com\/inicio\/index.php\/wp-json\/wp\/v2\/posts\/174903","targetHints":{"allow":["GET"]}}],"collection":[{"href":"https:\/\/diariotextual.com\/inicio\/index.php\/wp-json\/wp\/v2\/posts"}],"about":[{"href":"https:\/\/diariotextual.com\/inicio\/index.php\/wp-json\/wp\/v2\/types\/post"}],"author":[{"embeddable":true,"href":"https:\/\/diariotextual.com\/inicio\/index.php\/wp-json\/wp\/v2\/users\/3"}],"replies":[{"embeddable":true,"href":"https:\/\/diariotextual.com\/inicio\/index.php\/wp-json\/wp\/v2\/comments?post=174903"}],"version-history":[{"count":12,"href":"https:\/\/diariotextual.com\/inicio\/index.php\/wp-json\/wp\/v2\/posts\/174903\/revisions"}],"predecessor-version":[{"id":174921,"href":"https:\/\/diariotextual.com\/inicio\/index.php\/wp-json\/wp\/v2\/posts\/174903\/revisions\/174921"}],"wp:featuredmedia":[{"embeddable":true,"href":"https:\/\/diariotextual.com\/inicio\/index.php\/wp-json\/wp\/v2\/media\/174911"}],"wp:attachment":[{"href":"https:\/\/diariotextual.com\/inicio\/index.php\/wp-json\/wp\/v2\/media?parent=174903"}],"wp:term":[{"taxonomy":"category","embeddable":true,"href":"https:\/\/diariotextual.com\/inicio\/index.php\/wp-json\/wp\/v2\/categories?post=174903"},{"taxonomy":"post_tag","embeddable":true,"href":"https:\/\/diariotextual.com\/inicio\/index.php\/wp-json\/wp\/v2\/tags?post=174903"}],"curies":[{"name":"wp","href":"https:\/\/api.w.org\/{rel}","templated":true}]}}