{"id":175046,"date":"2022-01-01T20:28:27","date_gmt":"2022-01-01T23:28:27","guid":{"rendered":"https:\/\/diariotextual.com\/inicio\/?p=175046"},"modified":"2022-01-02T19:59:59","modified_gmt":"2022-01-02T22:59:59","slug":"covid-347-nuevos-positivos-en-la-pampa","status":"publish","type":"post","link":"https:\/\/diariotextual.com\/inicio\/index.php\/2022\/01\/01\/covid-347-nuevos-positivos-en-la-pampa\/","title":{"rendered":"Covid: 347 nuevos positivos en La Pampa"},"content":{"rendered":"\n<p><strong>La tercera ola de coronavirus sigue pegando con fuerza:<\/strong> el Ministerio de Salud de La Pampa inform\u00f3 que<strong>\u00a0este s\u00e1bado 1\u00b0 se registraron 347 nuevos casos de coronavirus\u00a0<\/strong>en la provincia.<\/p>\n\n\n\n<p>Hoy se analizaron 1808 muestras. De los nuevos casos, <strong>204 residen en la ciudad de Santa Rosa, 46 en General Pico, 18 en Quem\u00fa Quem\u00fa, 8 en Toay, 6 en Ingeniero Luiggi, 5 en Realic\u00f3, 5 en Trenel, 5 en Miguel Can\u00e9, 4 en Intendente Alvear, 4 en Catril\u00f3, 4 en Macach\u00edn, 3 en Eduardo Castex, 3 en General Acha, 3 en Embajador Martini, 2 en Doblas, 2 en Guatrach\u00e9, 2 en Gobernador Duval, 2 en Mauricio Mayer, 2 en Arata, 2 en Uriburu, 2 en Anchorena, 1 en Winifreda, 1 en Casa de Piedra, 1 en 25 de Mayo, 1 en Bernardo Larroud\u00e9, 1 en Alta Italia, 1 en Rancul, 1 en Anguil, 1 en Bernasconi, 1 en Rol\u00f3n, 1 en Dorila, 1 en Lonquimay, 1 en Alpachiri, 1 en General Campos, 1 en Quehu\u00e9 y 1 en Falucho.<\/strong><\/p>\n\n\n\n<p>Desde el inicio de la pandemia, en la provincia se registraron 71.297 casos positivos para Covid-19, de los cuales 2896 permanecen activos, 894 han fallecido y 67.507&nbsp; se han recuperado (85 en el d\u00eda de hoy).<br><\/p>\n\n\n\n<p>Los casos confirmados activos pertenecen a las siguientes localidades: 1413 en Santa Rosa, 518 en General Pico, 142 en Toay, 134 en Quem\u00fa Quem\u00fa, 95 en Realic\u00f3, 85 en Eduardo Castex, 55 en Intendente Alvear, 42 en General Acha, 38 en Winifreda, 37 en Parera, 29 en Trenel, 28 en Ingeniero Luiggi, 28 en Doblas, 27 en Casa de Piedra, 16 en Miguel Can\u00e9, 16 en Catril\u00f3, 15 en Macach\u00edn, 15 en Embajador Martini, 11 en Gobernador Duval, 10 en 25 de Mayo, 10 en Caleuf\u00fa, 9 en Mauricio Mayer, 8 en Guatrach\u00e9, 8 en Arata, 8 en Bernardo Larroud\u00e9, 7 en Alta Italia, 7 en Rancul, 6 en Colonia Bar\u00f3n, 6 en La Maruja, 6 en General San Martin, 5 en Anguil, 5 en Bernasconi, 5 en Victorica, 4 en Rol\u00f3n, 4 en Dorila, 4 en Metileo, 4 en Speluzzi, 3 en Uriburu, 3 en V\u00e9rtiz, 3 en Carro Quemado, 3 en Ceballos, 2 en Anchorena, 2 en Lonquimay, 2 en Alpachiri, 2 en General Campos, 2 en Quehu\u00e9, 2 en Rucanelo, 2 en Jacinto Arauz. 1 en Falucho, 1 en Miguel Riglos, 1 en Quetrequ\u00e9n, 1 en Ataliva Roca, 1 en Pichi Huinca, 1 en Agustoni, 1 en Conhello, 1 en Coronel Hilario Lagos, 1 en Villa Mirasol y 1 en Maisonnave.<\/p>\n\n\n\n<p>A su vez, hay siete internados y 7622 aislados, siempre seg\u00fan el reporte de Salud.<\/p>\n\n\n\n<figure class=\"wp-block-embed is-type-wp-embed is-provider-diario-textual wp-block-embed-diario-textual\"><div class=\"wp-block-embed__wrapper\">\n<blockquote class=\"wp-embedded-content\" data-secret=\"X8I76HCF60\"><a href=\"https:\/\/diariotextual.com\/inicio\/index.php\/2022\/01\/01\/la-pampa-ya-supero-la-aplicacion-de-100-mil-terceras-dosis\/\">La Pampa ya super\u00f3 la aplicaci\u00f3n de 100 mil terceras dosis<\/a><\/blockquote><iframe class=\"wp-embedded-content\" sandbox=\"allow-scripts\" security=\"restricted\" style=\"position: absolute; clip: rect(1px, 1px, 1px, 1px);\" title=\"\u00abLa Pampa ya super\u00f3 la aplicaci\u00f3n de 100 mil terceras dosis\u00bb \u2014 Diario Textual\" src=\"https:\/\/diariotextual.com\/inicio\/index.php\/2022\/01\/01\/la-pampa-ya-supero-la-aplicacion-de-100-mil-terceras-dosis\/embed\/#?secret=X8I76HCF60\" data-secret=\"X8I76HCF60\" width=\"600\" height=\"338\" frameborder=\"0\" marginwidth=\"0\" marginheight=\"0\" scrolling=\"no\"><\/iframe>\n<\/div><\/figure>\n","protected":false},"excerpt":{"rendered":"<p>La tercera ola de coronavirus sigue pegando con fuerza: el Ministerio de Salud de La Pampa inform\u00f3 que\u00a0este s\u00e1bado 1\u00b0 se registraron 347 nuevos casos de coronavirus\u00a0en la provincia. Hoy&hellip;<\/p>\n","protected":false},"author":3,"featured_media":175047,"comment_status":"closed","ping_status":"open","sticky":false,"template":"","format":"standard","meta":{"_acf_changed":false,"footnotes":""},"categories":[12],"tags":[2662,2899],"class_list":["post-175046","post","type-post","status-publish","format-standard","has-post-thumbnail","hentry","category-sociedad","tag-coronavirus","tag-covid"],"acf":[],"yoast_head":"<!-- This site is optimized with the Yoast SEO plugin v27.4 - https:\/\/yoast.com\/product\/yoast-seo-wordpress\/ -->\n<title>Covid: 347 nuevos positivos en La Pampa - Diario Textual<\/title>\n<meta name=\"robots\" content=\"index, follow, max-snippet:-1, max-image-preview:large, max-video-preview:-1\" \/>\n<link rel=\"canonical\" href=\"https:\/\/diariotextual.com\/inicio\/index.php\/2022\/01\/01\/covid-347-nuevos-positivos-en-la-pampa\/\" \/>\n<meta property=\"og:locale\" content=\"es_ES\" \/>\n<meta property=\"og:type\" content=\"article\" \/>\n<meta property=\"og:title\" content=\"Covid: 347 nuevos positivos en La Pampa - Diario Textual\" \/>\n<meta property=\"og:description\" content=\"La tercera ola de coronavirus sigue pegando con fuerza: el Ministerio de Salud de La Pampa inform\u00f3 que\u00a0este s\u00e1bado 1\u00b0 se registraron 347 nuevos casos de coronavirus\u00a0en la provincia. Hoy&hellip;\" \/>\n<meta property=\"og:url\" content=\"https:\/\/diariotextual.com\/inicio\/index.php\/2022\/01\/01\/covid-347-nuevos-positivos-en-la-pampa\/\" \/>\n<meta property=\"og:site_name\" content=\"Diario Textual\" \/>\n<meta property=\"article:publisher\" content=\"https:\/\/www.facebook.com\/eltextual\" \/>\n<meta property=\"article:published_time\" content=\"2022-01-01T23:28:27+00:00\" \/>\n<meta property=\"article:modified_time\" content=\"2022-01-02T22:59:59+00:00\" \/>\n<meta property=\"og:image\" content=\"https:\/\/diariotextual.com\/inicio\/wp-content\/uploads\/2022\/01\/coronavirustelam2022-1.jpg\" \/>\n\t<meta property=\"og:image:width\" content=\"878\" \/>\n\t<meta property=\"og:image:height\" content=\"573\" \/>\n\t<meta property=\"og:image:type\" content=\"image\/jpeg\" \/>\n<meta name=\"author\" content=\"Diario1 Diario1\" \/>\n<meta name=\"twitter:card\" content=\"summary_large_image\" \/>\n<meta name=\"twitter:creator\" content=\"@eltextual\" \/>\n<meta name=\"twitter:site\" content=\"@eltextual\" \/>\n<meta name=\"twitter:label1\" content=\"Escrito por\" \/>\n\t<meta name=\"twitter:data1\" content=\"Diario1 Diario1\" \/>\n\t<meta name=\"twitter:label2\" content=\"Tiempo de lectura\" \/>\n\t<meta name=\"twitter:data2\" content=\"2 minutos\" \/>\n<script type=\"application\/ld+json\" class=\"yoast-schema-graph\">{\"@context\":\"https:\\\/\\\/schema.org\",\"@graph\":[{\"@type\":\"Article\",\"@id\":\"https:\\\/\\\/diariotextual.com\\\/inicio\\\/index.php\\\/2022\\\/01\\\/01\\\/covid-347-nuevos-positivos-en-la-pampa\\\/#article\",\"isPartOf\":{\"@id\":\"https:\\\/\\\/diariotextual.com\\\/inicio\\\/index.php\\\/2022\\\/01\\\/01\\\/covid-347-nuevos-positivos-en-la-pampa\\\/\"},\"author\":{\"name\":\"Diario1 Diario1\",\"@id\":\"https:\\\/\\\/diariotextual.com\\\/inicio\\\/#\\\/schema\\\/person\\\/418fc4093c33e86ed41562db3508f958\"},\"headline\":\"Covid: 347 nuevos positivos en La Pampa\",\"datePublished\":\"2022-01-01T23:28:27+00:00\",\"dateModified\":\"2022-01-02T22:59:59+00:00\",\"mainEntityOfPage\":{\"@id\":\"https:\\\/\\\/diariotextual.com\\\/inicio\\\/index.php\\\/2022\\\/01\\\/01\\\/covid-347-nuevos-positivos-en-la-pampa\\\/\"},\"wordCount\":356,\"publisher\":{\"@id\":\"https:\\\/\\\/diariotextual.com\\\/inicio\\\/#organization\"},\"image\":{\"@id\":\"https:\\\/\\\/diariotextual.com\\\/inicio\\\/index.php\\\/2022\\\/01\\\/01\\\/covid-347-nuevos-positivos-en-la-pampa\\\/#primaryimage\"},\"thumbnailUrl\":\"https:\\\/\\\/diariotextual.com\\\/inicio\\\/wp-content\\\/uploads\\\/2022\\\/01\\\/coronavirustelam2022-1.jpg\",\"keywords\":[\"coronavirus\",\"covid\"],\"articleSection\":[\"SOCIEDAD\"],\"inLanguage\":\"es\"},{\"@type\":\"WebPage\",\"@id\":\"https:\\\/\\\/diariotextual.com\\\/inicio\\\/index.php\\\/2022\\\/01\\\/01\\\/covid-347-nuevos-positivos-en-la-pampa\\\/\",\"url\":\"https:\\\/\\\/diariotextual.com\\\/inicio\\\/index.php\\\/2022\\\/01\\\/01\\\/covid-347-nuevos-positivos-en-la-pampa\\\/\",\"name\":\"Covid: 347 nuevos positivos en La Pampa - Diario Textual\",\"isPartOf\":{\"@id\":\"https:\\\/\\\/diariotextual.com\\\/inicio\\\/#website\"},\"primaryImageOfPage\":{\"@id\":\"https:\\\/\\\/diariotextual.com\\\/inicio\\\/index.php\\\/2022\\\/01\\\/01\\\/covid-347-nuevos-positivos-en-la-pampa\\\/#primaryimage\"},\"image\":{\"@id\":\"https:\\\/\\\/diariotextual.com\\\/inicio\\\/index.php\\\/2022\\\/01\\\/01\\\/covid-347-nuevos-positivos-en-la-pampa\\\/#primaryimage\"},\"thumbnailUrl\":\"https:\\\/\\\/diariotextual.com\\\/inicio\\\/wp-content\\\/uploads\\\/2022\\\/01\\\/coronavirustelam2022-1.jpg\",\"datePublished\":\"2022-01-01T23:28:27+00:00\",\"dateModified\":\"2022-01-02T22:59:59+00:00\",\"breadcrumb\":{\"@id\":\"https:\\\/\\\/diariotextual.com\\\/inicio\\\/index.php\\\/2022\\\/01\\\/01\\\/covid-347-nuevos-positivos-en-la-pampa\\\/#breadcrumb\"},\"inLanguage\":\"es\",\"potentialAction\":[{\"@type\":\"ReadAction\",\"target\":[\"https:\\\/\\\/diariotextual.com\\\/inicio\\\/index.php\\\/2022\\\/01\\\/01\\\/covid-347-nuevos-positivos-en-la-pampa\\\/\"]}]},{\"@type\":\"ImageObject\",\"inLanguage\":\"es\",\"@id\":\"https:\\\/\\\/diariotextual.com\\\/inicio\\\/index.php\\\/2022\\\/01\\\/01\\\/covid-347-nuevos-positivos-en-la-pampa\\\/#primaryimage\",\"url\":\"https:\\\/\\\/diariotextual.com\\\/inicio\\\/wp-content\\\/uploads\\\/2022\\\/01\\\/coronavirustelam2022-1.jpg\",\"contentUrl\":\"https:\\\/\\\/diariotextual.com\\\/inicio\\\/wp-content\\\/uploads\\\/2022\\\/01\\\/coronavirustelam2022-1.jpg\",\"width\":878,\"height\":573},{\"@type\":\"BreadcrumbList\",\"@id\":\"https:\\\/\\\/diariotextual.com\\\/inicio\\\/index.php\\\/2022\\\/01\\\/01\\\/covid-347-nuevos-positivos-en-la-pampa\\\/#breadcrumb\",\"itemListElement\":[{\"@type\":\"ListItem\",\"position\":1,\"name\":\"Portada\",\"item\":\"https:\\\/\\\/diariotextual.com\\\/inicio\\\/\"},{\"@type\":\"ListItem\",\"position\":2,\"name\":\"Covid: 347 nuevos positivos en La Pampa\"}]},{\"@type\":\"WebSite\",\"@id\":\"https:\\\/\\\/diariotextual.com\\\/inicio\\\/#website\",\"url\":\"https:\\\/\\\/diariotextual.com\\\/inicio\\\/\",\"name\":\"Diario Textual\",\"description\":\"\",\"publisher\":{\"@id\":\"https:\\\/\\\/diariotextual.com\\\/inicio\\\/#organization\"},\"potentialAction\":[{\"@type\":\"SearchAction\",\"target\":{\"@type\":\"EntryPoint\",\"urlTemplate\":\"https:\\\/\\\/diariotextual.com\\\/inicio\\\/?s={search_term_string}\"},\"query-input\":{\"@type\":\"PropertyValueSpecification\",\"valueRequired\":true,\"valueName\":\"search_term_string\"}}],\"inLanguage\":\"es\"},{\"@type\":\"Organization\",\"@id\":\"https:\\\/\\\/diariotextual.com\\\/inicio\\\/#organization\",\"name\":\"Diario Textual\",\"url\":\"https:\\\/\\\/diariotextual.com\\\/inicio\\\/\",\"logo\":{\"@type\":\"ImageObject\",\"inLanguage\":\"es\",\"@id\":\"https:\\\/\\\/diariotextual.com\\\/inicio\\\/#\\\/schema\\\/logo\\\/image\\\/\",\"url\":\"https:\\\/\\\/diariotextual.com\\\/inicio\\\/wp-content\\\/uploads\\\/2023\\\/05\\\/logotextual1.jpg\",\"contentUrl\":\"https:\\\/\\\/diariotextual.com\\\/inicio\\\/wp-content\\\/uploads\\\/2023\\\/05\\\/logotextual1.jpg\",\"width\":516,\"height\":76,\"caption\":\"Diario Textual\"},\"image\":{\"@id\":\"https:\\\/\\\/diariotextual.com\\\/inicio\\\/#\\\/schema\\\/logo\\\/image\\\/\"},\"sameAs\":[\"https:\\\/\\\/www.facebook.com\\\/eltextual\",\"https:\\\/\\\/x.com\\\/eltextual\",\"http:\\\/\\\/www.instagram.com\\\/eltextual\"]},{\"@type\":\"Person\",\"@id\":\"https:\\\/\\\/diariotextual.com\\\/inicio\\\/#\\\/schema\\\/person\\\/418fc4093c33e86ed41562db3508f958\",\"name\":\"Diario1 Diario1\",\"image\":{\"@type\":\"ImageObject\",\"inLanguage\":\"es\",\"@id\":\"https:\\\/\\\/secure.gravatar.com\\\/avatar\\\/9167d280179c85bc18be67aa7eda765854300033af4896dd779b608640f2ef7a?s=96&d=mm&r=g\",\"url\":\"https:\\\/\\\/secure.gravatar.com\\\/avatar\\\/9167d280179c85bc18be67aa7eda765854300033af4896dd779b608640f2ef7a?s=96&d=mm&r=g\",\"contentUrl\":\"https:\\\/\\\/secure.gravatar.com\\\/avatar\\\/9167d280179c85bc18be67aa7eda765854300033af4896dd779b608640f2ef7a?s=96&d=mm&r=g\",\"caption\":\"Diario1 Diario1\"},\"url\":\"https:\\\/\\\/diariotextual.com\\\/inicio\\\/index.php\\\/author\\\/diario1\\\/\"}]}<\/script>\n<!-- \/ Yoast SEO plugin. -->","yoast_head_json":{"title":"Covid: 347 nuevos positivos en La Pampa - Diario Textual","robots":{"index":"index","follow":"follow","max-snippet":"max-snippet:-1","max-image-preview":"max-image-preview:large","max-video-preview":"max-video-preview:-1"},"canonical":"https:\/\/diariotextual.com\/inicio\/index.php\/2022\/01\/01\/covid-347-nuevos-positivos-en-la-pampa\/","og_locale":"es_ES","og_type":"article","og_title":"Covid: 347 nuevos positivos en La Pampa - Diario Textual","og_description":"La tercera ola de coronavirus sigue pegando con fuerza: el Ministerio de Salud de La Pampa inform\u00f3 que\u00a0este s\u00e1bado 1\u00b0 se registraron 347 nuevos casos de coronavirus\u00a0en la provincia. Hoy&hellip;","og_url":"https:\/\/diariotextual.com\/inicio\/index.php\/2022\/01\/01\/covid-347-nuevos-positivos-en-la-pampa\/","og_site_name":"Diario Textual","article_publisher":"https:\/\/www.facebook.com\/eltextual","article_published_time":"2022-01-01T23:28:27+00:00","article_modified_time":"2022-01-02T22:59:59+00:00","og_image":[{"width":878,"height":573,"url":"https:\/\/diariotextual.com\/inicio\/wp-content\/uploads\/2022\/01\/coronavirustelam2022-1.jpg","type":"image\/jpeg"}],"author":"Diario1 Diario1","twitter_card":"summary_large_image","twitter_creator":"@eltextual","twitter_site":"@eltextual","twitter_misc":{"Escrito por":"Diario1 Diario1","Tiempo de lectura":"2 minutos"},"schema":{"@context":"https:\/\/schema.org","@graph":[{"@type":"Article","@id":"https:\/\/diariotextual.com\/inicio\/index.php\/2022\/01\/01\/covid-347-nuevos-positivos-en-la-pampa\/#article","isPartOf":{"@id":"https:\/\/diariotextual.com\/inicio\/index.php\/2022\/01\/01\/covid-347-nuevos-positivos-en-la-pampa\/"},"author":{"name":"Diario1 Diario1","@id":"https:\/\/diariotextual.com\/inicio\/#\/schema\/person\/418fc4093c33e86ed41562db3508f958"},"headline":"Covid: 347 nuevos positivos en La Pampa","datePublished":"2022-01-01T23:28:27+00:00","dateModified":"2022-01-02T22:59:59+00:00","mainEntityOfPage":{"@id":"https:\/\/diariotextual.com\/inicio\/index.php\/2022\/01\/01\/covid-347-nuevos-positivos-en-la-pampa\/"},"wordCount":356,"publisher":{"@id":"https:\/\/diariotextual.com\/inicio\/#organization"},"image":{"@id":"https:\/\/diariotextual.com\/inicio\/index.php\/2022\/01\/01\/covid-347-nuevos-positivos-en-la-pampa\/#primaryimage"},"thumbnailUrl":"https:\/\/diariotextual.com\/inicio\/wp-content\/uploads\/2022\/01\/coronavirustelam2022-1.jpg","keywords":["coronavirus","covid"],"articleSection":["SOCIEDAD"],"inLanguage":"es"},{"@type":"WebPage","@id":"https:\/\/diariotextual.com\/inicio\/index.php\/2022\/01\/01\/covid-347-nuevos-positivos-en-la-pampa\/","url":"https:\/\/diariotextual.com\/inicio\/index.php\/2022\/01\/01\/covid-347-nuevos-positivos-en-la-pampa\/","name":"Covid: 347 nuevos positivos en La Pampa - Diario Textual","isPartOf":{"@id":"https:\/\/diariotextual.com\/inicio\/#website"},"primaryImageOfPage":{"@id":"https:\/\/diariotextual.com\/inicio\/index.php\/2022\/01\/01\/covid-347-nuevos-positivos-en-la-pampa\/#primaryimage"},"image":{"@id":"https:\/\/diariotextual.com\/inicio\/index.php\/2022\/01\/01\/covid-347-nuevos-positivos-en-la-pampa\/#primaryimage"},"thumbnailUrl":"https:\/\/diariotextual.com\/inicio\/wp-content\/uploads\/2022\/01\/coronavirustelam2022-1.jpg","datePublished":"2022-01-01T23:28:27+00:00","dateModified":"2022-01-02T22:59:59+00:00","breadcrumb":{"@id":"https:\/\/diariotextual.com\/inicio\/index.php\/2022\/01\/01\/covid-347-nuevos-positivos-en-la-pampa\/#breadcrumb"},"inLanguage":"es","potentialAction":[{"@type":"ReadAction","target":["https:\/\/diariotextual.com\/inicio\/index.php\/2022\/01\/01\/covid-347-nuevos-positivos-en-la-pampa\/"]}]},{"@type":"ImageObject","inLanguage":"es","@id":"https:\/\/diariotextual.com\/inicio\/index.php\/2022\/01\/01\/covid-347-nuevos-positivos-en-la-pampa\/#primaryimage","url":"https:\/\/diariotextual.com\/inicio\/wp-content\/uploads\/2022\/01\/coronavirustelam2022-1.jpg","contentUrl":"https:\/\/diariotextual.com\/inicio\/wp-content\/uploads\/2022\/01\/coronavirustelam2022-1.jpg","width":878,"height":573},{"@type":"BreadcrumbList","@id":"https:\/\/diariotextual.com\/inicio\/index.php\/2022\/01\/01\/covid-347-nuevos-positivos-en-la-pampa\/#breadcrumb","itemListElement":[{"@type":"ListItem","position":1,"name":"Portada","item":"https:\/\/diariotextual.com\/inicio\/"},{"@type":"ListItem","position":2,"name":"Covid: 347 nuevos positivos en La Pampa"}]},{"@type":"WebSite","@id":"https:\/\/diariotextual.com\/inicio\/#website","url":"https:\/\/diariotextual.com\/inicio\/","name":"Diario Textual","description":"","publisher":{"@id":"https:\/\/diariotextual.com\/inicio\/#organization"},"potentialAction":[{"@type":"SearchAction","target":{"@type":"EntryPoint","urlTemplate":"https:\/\/diariotextual.com\/inicio\/?s={search_term_string}"},"query-input":{"@type":"PropertyValueSpecification","valueRequired":true,"valueName":"search_term_string"}}],"inLanguage":"es"},{"@type":"Organization","@id":"https:\/\/diariotextual.com\/inicio\/#organization","name":"Diario Textual","url":"https:\/\/diariotextual.com\/inicio\/","logo":{"@type":"ImageObject","inLanguage":"es","@id":"https:\/\/diariotextual.com\/inicio\/#\/schema\/logo\/image\/","url":"https:\/\/diariotextual.com\/inicio\/wp-content\/uploads\/2023\/05\/logotextual1.jpg","contentUrl":"https:\/\/diariotextual.com\/inicio\/wp-content\/uploads\/2023\/05\/logotextual1.jpg","width":516,"height":76,"caption":"Diario Textual"},"image":{"@id":"https:\/\/diariotextual.com\/inicio\/#\/schema\/logo\/image\/"},"sameAs":["https:\/\/www.facebook.com\/eltextual","https:\/\/x.com\/eltextual","http:\/\/www.instagram.com\/eltextual"]},{"@type":"Person","@id":"https:\/\/diariotextual.com\/inicio\/#\/schema\/person\/418fc4093c33e86ed41562db3508f958","name":"Diario1 Diario1","image":{"@type":"ImageObject","inLanguage":"es","@id":"https:\/\/secure.gravatar.com\/avatar\/9167d280179c85bc18be67aa7eda765854300033af4896dd779b608640f2ef7a?s=96&d=mm&r=g","url":"https:\/\/secure.gravatar.com\/avatar\/9167d280179c85bc18be67aa7eda765854300033af4896dd779b608640f2ef7a?s=96&d=mm&r=g","contentUrl":"https:\/\/secure.gravatar.com\/avatar\/9167d280179c85bc18be67aa7eda765854300033af4896dd779b608640f2ef7a?s=96&d=mm&r=g","caption":"Diario1 Diario1"},"url":"https:\/\/diariotextual.com\/inicio\/index.php\/author\/diario1\/"}]}},"_links":{"self":[{"href":"https:\/\/diariotextual.com\/inicio\/index.php\/wp-json\/wp\/v2\/posts\/175046","targetHints":{"allow":["GET"]}}],"collection":[{"href":"https:\/\/diariotextual.com\/inicio\/index.php\/wp-json\/wp\/v2\/posts"}],"about":[{"href":"https:\/\/diariotextual.com\/inicio\/index.php\/wp-json\/wp\/v2\/types\/post"}],"author":[{"embeddable":true,"href":"https:\/\/diariotextual.com\/inicio\/index.php\/wp-json\/wp\/v2\/users\/3"}],"replies":[{"embeddable":true,"href":"https:\/\/diariotextual.com\/inicio\/index.php\/wp-json\/wp\/v2\/comments?post=175046"}],"version-history":[{"count":10,"href":"https:\/\/diariotextual.com\/inicio\/index.php\/wp-json\/wp\/v2\/posts\/175046\/revisions"}],"predecessor-version":[{"id":175065,"href":"https:\/\/diariotextual.com\/inicio\/index.php\/wp-json\/wp\/v2\/posts\/175046\/revisions\/175065"}],"wp:featuredmedia":[{"embeddable":true,"href":"https:\/\/diariotextual.com\/inicio\/index.php\/wp-json\/wp\/v2\/media\/175047"}],"wp:attachment":[{"href":"https:\/\/diariotextual.com\/inicio\/index.php\/wp-json\/wp\/v2\/media?parent=175046"}],"wp:term":[{"taxonomy":"category","embeddable":true,"href":"https:\/\/diariotextual.com\/inicio\/index.php\/wp-json\/wp\/v2\/categories?post=175046"},{"taxonomy":"post_tag","embeddable":true,"href":"https:\/\/diariotextual.com\/inicio\/index.php\/wp-json\/wp\/v2\/tags?post=175046"}],"curies":[{"name":"wp","href":"https:\/\/api.w.org\/{rel}","templated":true}]}}