{"id":175050,"date":"2022-01-01T12:00:34","date_gmt":"2022-01-01T15:00:34","guid":{"rendered":"https:\/\/diariotextual.com\/inicio\/?p=175050"},"modified":"2022-01-03T08:48:43","modified_gmt":"2022-01-03T11:48:43","slug":"ahora-mendoza-admite-que-podria-no-hacer-portezuelo","status":"publish","type":"post","link":"https:\/\/diariotextual.com\/inicio\/index.php\/2022\/01\/01\/ahora-mendoza-admite-que-podria-no-hacer-portezuelo\/","title":{"rendered":"Ahora Mendoza admite que podr\u00eda no hacer Portezuelo"},"content":{"rendered":"\n<p>El gobernador mendocino<strong> Rodolfo Suarez<\/strong> admiti\u00f3 p\u00fablicamente, por primera vez, la posibilidad concreta de no avanzar con la construcci\u00f3n de la cuestionada represa hidroel\u00e9ctrica Portezuelo del Viento y destinar esos fondos para encarar otras obras h\u00eddricas en toda la provincia. <strong>Es una buena noticia para La Pampa, que se resiste a la obra porque va a menguar el caudal del r\u00edo Colorado.<\/strong><\/p>\n\n\n\n<p>La licitaci\u00f3n avanz\u00f3 a tal punto que est\u00e1 lista para ser adjudicada al consorcio Malal-Hue, la uni\u00f3n transitoria de empresas (UTE) encabezada por la china Sinohydro Corporation junto a las firmas locales IMPSA, CEOSA y Obras Andinas. <strong>Pero tras el rechazo de La Pampa, el Gobierno nacional puso en duda la autorizaci\u00f3n para realizar la obra<\/strong>.<\/p>\n\n\n\n<p>Ahora, ante la demora de la Casa Rosada para dar una respuesta, el 21 de diciembre Suarez present\u00f3 una nota de \u00abpronto despacho\u00bb en Presidencia para que Alberto Fern\u00e1ndez defina el laudo.<\/p>\n\n\n\n<p><strong>\u00abAs\u00ed no se puede adjudicar. Tienen que resolver, decir s\u00ed o no\u00bb<\/strong>, explic\u00f3 Suarez este viernes en di\u00e1logo con Opini\u00f3n, de LVDiez.<\/p>\n\n\n\n<p>El mandatario, ante la consulta de periodista Marcelo Torrez sobre las alternativas en an\u00e1lisis en caso de que Fern\u00e1ndez laude a favor del reclamo pampeano,\u00a0<strong>el gobernador mendocino reconoci\u00f3 que efectivamente se est\u00e1 estudiando la posibilidad de avanzar en otras obras<\/strong>.<\/p>\n\n\n\n<p>\u00abEstamos trabajando en una Mendoza para los pr\u00f3ximos 30 o 50 a\u00f1os\u00bb, respondi\u00f3 Suarez. \u00abEl objetivo de ese ambicioso plan es hacer todas las obras que necesitamos para optimizar el uso del agua y tambi\u00e9n generar energ\u00eda\u00bb.<\/p>\n\n\n\n<p><strong>Luego blanque\u00f3 la posibilidad de cancelar la megaobra del sur mendocino<\/strong>. \u00abCon esa plata puede haber una distribuici\u00f3n en toda la provincia de obras de optimizaci\u00f3n del uso de agua\u00bb, dijo. En tal sentido explic\u00f3 que as\u00ed se podr\u00edan generar \u00ablos mismos megas que \u00edbamos a tener con Portezuelo del Viento\u00bb.<\/p>\n\n\n\n<p>\u00abEst\u00e1 todo el equipo trabajando en ese sentido, en el caso de que (Fern\u00e1ndez) diga que no o si dilata (el laudo) en el tiempo\u00bb, agreg\u00f3.<\/p>\n\n\n\n<p>El 28 de octubre Mendoza recibi\u00f3 la novena cuota del cronograma de amortizaciones fijado con la Naci\u00f3n. Fueron m\u00e1s de 57 millones de d\u00f3lares, por lo que la cifra total depositada en un fideicomiso ya asciende a 318,8 millones de d\u00f3lares. El pr\u00f3ximo vencimiento de la Letra del Tesoro emitida por el Gobierno nacional se producir\u00e1 el 28 de enero, fecha en la que se har\u00e1 efectivo el primer pago de 2022, por 52,7 millones de d\u00f3lares.<\/p>\n\n\n\n<p><strong>\u00abNo podemos tener esa plata inmovilizada. Necesitamos que haya trabajo, que la econom\u00eda se empiece a mover. Una forma de hacerlo es con la obra p\u00fablica inteligente y consensuada\u00bb,<\/strong> adelant\u00f3 Suarez. En este sentido, afirm\u00f3 que convocar\u00e1 a la oposici\u00f3n y a diferentes organismos para que opinen sobre este eventual cambio de planes.<\/p>\n\n\n\n<p>\u00abIremos a la Legislatura con este tema y lo hablaremos con la Naci\u00f3n. A esos fondos se les puede dar otro destino que no sea Portezuelo. No podemos comenzar la obra con una incertidumbre de un laudo que puede salir en contra, yo no me lo perdonar\u00eda\u00bb, dijo.<\/p>\n\n\n\n<p>Una de las obras a la que se apuntar\u00eda es la represa El Baqueano, sobre el r\u00edo Diamante, cuyos estudios t\u00e9cnicos est\u00e1n avanzados. Tambi\u00e9n los fondos alcanzar\u00edan, seg\u00fan Suarez, \u00abpara impermeabilizar todos los canales de Mendoza\u00bb y para avanzar en proyectos de peque\u00f1os aprovechamientos hidroel\u00e9ctricos (PAH) en los canales.<\/p>\n\n\n\n<figure class=\"wp-block-embed is-type-wp-embed is-provider-diario-textual wp-block-embed-diario-textual\"><div class=\"wp-block-embed__wrapper\">\n<blockquote class=\"wp-embedded-content\" data-secret=\"tFlqN6izNu\"><a href=\"https:\/\/diariotextual.com\/inicio\/index.php\/2021\/10\/15\/la-pampa-mendoza-confirmo-que-el-verdadero-motivo-de-portezuelo-es-el-trasvase\/\">La Pampa: Mendoza confirm\u00f3 que \u201cel verdadero motivo\u201d de Portezuelo es el trasvase<\/a><\/blockquote><iframe class=\"wp-embedded-content\" sandbox=\"allow-scripts\" security=\"restricted\" style=\"position: absolute; clip: rect(1px, 1px, 1px, 1px);\" title=\"\u00abLa Pampa: Mendoza confirm\u00f3 que \u201cel verdadero motivo\u201d de Portezuelo es el trasvase\u00bb \u2014 Diario Textual\" src=\"https:\/\/diariotextual.com\/inicio\/index.php\/2021\/10\/15\/la-pampa-mendoza-confirmo-que-el-verdadero-motivo-de-portezuelo-es-el-trasvase\/embed\/#?secret=tFlqN6izNu\" data-secret=\"tFlqN6izNu\" width=\"600\" height=\"338\" frameborder=\"0\" marginwidth=\"0\" marginheight=\"0\" scrolling=\"no\"><\/iframe>\n<\/div><\/figure>\n","protected":false},"excerpt":{"rendered":"<p>El gobernador mendocino Rodolfo Suarez admiti\u00f3 p\u00fablicamente, por primera vez, la posibilidad concreta de no avanzar con la construcci\u00f3n de la cuestionada represa hidroel\u00e9ctrica Portezuelo del Viento y destinar esos&hellip;<\/p>\n","protected":false},"author":3,"featured_media":78238,"comment_status":"closed","ping_status":"open","sticky":false,"template":"","format":"standard","meta":{"_acf_changed":false,"footnotes":""},"categories":[1,8,5928],"tags":[259],"class_list":["post-175050","post","type-post","status-publish","format-standard","has-post-thumbnail","hentry","category-es-noticia","category-politica","category-posicion-4","tag-portezuelo"],"acf":[],"yoast_head":"<!-- This site is optimized with the Yoast SEO plugin v27.4 - https:\/\/yoast.com\/product\/yoast-seo-wordpress\/ -->\n<title>Ahora Mendoza admite que podr\u00eda no hacer Portezuelo - Diario Textual<\/title>\n<meta name=\"robots\" content=\"index, follow, max-snippet:-1, max-image-preview:large, max-video-preview:-1\" \/>\n<link rel=\"canonical\" href=\"https:\/\/diariotextual.com\/inicio\/index.php\/2022\/01\/01\/ahora-mendoza-admite-que-podria-no-hacer-portezuelo\/\" \/>\n<meta property=\"og:locale\" content=\"es_ES\" \/>\n<meta property=\"og:type\" content=\"article\" \/>\n<meta property=\"og:title\" content=\"Ahora Mendoza admite que podr\u00eda no hacer Portezuelo - Diario Textual\" \/>\n<meta property=\"og:description\" content=\"El gobernador mendocino Rodolfo Suarez admiti\u00f3 p\u00fablicamente, por primera vez, la posibilidad concreta de no avanzar con la construcci\u00f3n de la cuestionada represa hidroel\u00e9ctrica Portezuelo del Viento y destinar esos&hellip;\" \/>\n<meta property=\"og:url\" content=\"https:\/\/diariotextual.com\/inicio\/index.php\/2022\/01\/01\/ahora-mendoza-admite-que-podria-no-hacer-portezuelo\/\" \/>\n<meta property=\"og:site_name\" content=\"Diario Textual\" \/>\n<meta property=\"article:publisher\" content=\"https:\/\/www.facebook.com\/eltextual\" \/>\n<meta property=\"article:published_time\" content=\"2022-01-01T15:00:34+00:00\" \/>\n<meta property=\"article:modified_time\" content=\"2022-01-03T11:48:43+00:00\" \/>\n<meta property=\"og:image\" content=\"https:\/\/diariotextual.com\/inicio\/wp-content\/uploads\/2020\/01\/suarezrodolfo2019-2.jpeg\" \/>\n\t<meta property=\"og:image:width\" content=\"1275\" \/>\n\t<meta property=\"og:image:height\" content=\"808\" \/>\n\t<meta property=\"og:image:type\" content=\"image\/jpeg\" \/>\n<meta name=\"author\" content=\"Diario1 Diario1\" \/>\n<meta name=\"twitter:card\" content=\"summary_large_image\" \/>\n<meta name=\"twitter:creator\" content=\"@eltextual\" \/>\n<meta name=\"twitter:site\" content=\"@eltextual\" \/>\n<meta name=\"twitter:label1\" content=\"Escrito por\" \/>\n\t<meta name=\"twitter:data1\" content=\"Diario1 Diario1\" \/>\n\t<meta name=\"twitter:label2\" content=\"Tiempo de lectura\" \/>\n\t<meta name=\"twitter:data2\" content=\"3 minutos\" \/>\n<script type=\"application\/ld+json\" class=\"yoast-schema-graph\">{\"@context\":\"https:\\\/\\\/schema.org\",\"@graph\":[{\"@type\":\"Article\",\"@id\":\"https:\\\/\\\/diariotextual.com\\\/inicio\\\/index.php\\\/2022\\\/01\\\/01\\\/ahora-mendoza-admite-que-podria-no-hacer-portezuelo\\\/#article\",\"isPartOf\":{\"@id\":\"https:\\\/\\\/diariotextual.com\\\/inicio\\\/index.php\\\/2022\\\/01\\\/01\\\/ahora-mendoza-admite-que-podria-no-hacer-portezuelo\\\/\"},\"author\":{\"name\":\"Diario1 Diario1\",\"@id\":\"https:\\\/\\\/diariotextual.com\\\/inicio\\\/#\\\/schema\\\/person\\\/418fc4093c33e86ed41562db3508f958\"},\"headline\":\"Ahora Mendoza admite que podr\u00eda no hacer Portezuelo\",\"datePublished\":\"2022-01-01T15:00:34+00:00\",\"dateModified\":\"2022-01-03T11:48:43+00:00\",\"mainEntityOfPage\":{\"@id\":\"https:\\\/\\\/diariotextual.com\\\/inicio\\\/index.php\\\/2022\\\/01\\\/01\\\/ahora-mendoza-admite-que-podria-no-hacer-portezuelo\\\/\"},\"wordCount\":602,\"publisher\":{\"@id\":\"https:\\\/\\\/diariotextual.com\\\/inicio\\\/#organization\"},\"image\":{\"@id\":\"https:\\\/\\\/diariotextual.com\\\/inicio\\\/index.php\\\/2022\\\/01\\\/01\\\/ahora-mendoza-admite-que-podria-no-hacer-portezuelo\\\/#primaryimage\"},\"thumbnailUrl\":\"https:\\\/\\\/diariotextual.com\\\/inicio\\\/wp-content\\\/uploads\\\/2020\\\/01\\\/suarezrodolfo2019-2.jpeg\",\"keywords\":[\"portezuelo\"],\"articleSection\":[\"A - ES NOTICIA (van abajo)\",\"POLITICA\",\"Posici\u00f3n 4\"],\"inLanguage\":\"es\"},{\"@type\":\"WebPage\",\"@id\":\"https:\\\/\\\/diariotextual.com\\\/inicio\\\/index.php\\\/2022\\\/01\\\/01\\\/ahora-mendoza-admite-que-podria-no-hacer-portezuelo\\\/\",\"url\":\"https:\\\/\\\/diariotextual.com\\\/inicio\\\/index.php\\\/2022\\\/01\\\/01\\\/ahora-mendoza-admite-que-podria-no-hacer-portezuelo\\\/\",\"name\":\"Ahora Mendoza admite que podr\u00eda no hacer Portezuelo - Diario Textual\",\"isPartOf\":{\"@id\":\"https:\\\/\\\/diariotextual.com\\\/inicio\\\/#website\"},\"primaryImageOfPage\":{\"@id\":\"https:\\\/\\\/diariotextual.com\\\/inicio\\\/index.php\\\/2022\\\/01\\\/01\\\/ahora-mendoza-admite-que-podria-no-hacer-portezuelo\\\/#primaryimage\"},\"image\":{\"@id\":\"https:\\\/\\\/diariotextual.com\\\/inicio\\\/index.php\\\/2022\\\/01\\\/01\\\/ahora-mendoza-admite-que-podria-no-hacer-portezuelo\\\/#primaryimage\"},\"thumbnailUrl\":\"https:\\\/\\\/diariotextual.com\\\/inicio\\\/wp-content\\\/uploads\\\/2020\\\/01\\\/suarezrodolfo2019-2.jpeg\",\"datePublished\":\"2022-01-01T15:00:34+00:00\",\"dateModified\":\"2022-01-03T11:48:43+00:00\",\"breadcrumb\":{\"@id\":\"https:\\\/\\\/diariotextual.com\\\/inicio\\\/index.php\\\/2022\\\/01\\\/01\\\/ahora-mendoza-admite-que-podria-no-hacer-portezuelo\\\/#breadcrumb\"},\"inLanguage\":\"es\",\"potentialAction\":[{\"@type\":\"ReadAction\",\"target\":[\"https:\\\/\\\/diariotextual.com\\\/inicio\\\/index.php\\\/2022\\\/01\\\/01\\\/ahora-mendoza-admite-que-podria-no-hacer-portezuelo\\\/\"]}]},{\"@type\":\"ImageObject\",\"inLanguage\":\"es\",\"@id\":\"https:\\\/\\\/diariotextual.com\\\/inicio\\\/index.php\\\/2022\\\/01\\\/01\\\/ahora-mendoza-admite-que-podria-no-hacer-portezuelo\\\/#primaryimage\",\"url\":\"https:\\\/\\\/diariotextual.com\\\/inicio\\\/wp-content\\\/uploads\\\/2020\\\/01\\\/suarezrodolfo2019-2.jpeg\",\"contentUrl\":\"https:\\\/\\\/diariotextual.com\\\/inicio\\\/wp-content\\\/uploads\\\/2020\\\/01\\\/suarezrodolfo2019-2.jpeg\",\"width\":1275,\"height\":808},{\"@type\":\"BreadcrumbList\",\"@id\":\"https:\\\/\\\/diariotextual.com\\\/inicio\\\/index.php\\\/2022\\\/01\\\/01\\\/ahora-mendoza-admite-que-podria-no-hacer-portezuelo\\\/#breadcrumb\",\"itemListElement\":[{\"@type\":\"ListItem\",\"position\":1,\"name\":\"Portada\",\"item\":\"https:\\\/\\\/diariotextual.com\\\/inicio\\\/\"},{\"@type\":\"ListItem\",\"position\":2,\"name\":\"Ahora Mendoza admite que podr\u00eda no hacer Portezuelo\"}]},{\"@type\":\"WebSite\",\"@id\":\"https:\\\/\\\/diariotextual.com\\\/inicio\\\/#website\",\"url\":\"https:\\\/\\\/diariotextual.com\\\/inicio\\\/\",\"name\":\"Diario Textual\",\"description\":\"\",\"publisher\":{\"@id\":\"https:\\\/\\\/diariotextual.com\\\/inicio\\\/#organization\"},\"potentialAction\":[{\"@type\":\"SearchAction\",\"target\":{\"@type\":\"EntryPoint\",\"urlTemplate\":\"https:\\\/\\\/diariotextual.com\\\/inicio\\\/?s={search_term_string}\"},\"query-input\":{\"@type\":\"PropertyValueSpecification\",\"valueRequired\":true,\"valueName\":\"search_term_string\"}}],\"inLanguage\":\"es\"},{\"@type\":\"Organization\",\"@id\":\"https:\\\/\\\/diariotextual.com\\\/inicio\\\/#organization\",\"name\":\"Diario Textual\",\"url\":\"https:\\\/\\\/diariotextual.com\\\/inicio\\\/\",\"logo\":{\"@type\":\"ImageObject\",\"inLanguage\":\"es\",\"@id\":\"https:\\\/\\\/diariotextual.com\\\/inicio\\\/#\\\/schema\\\/logo\\\/image\\\/\",\"url\":\"https:\\\/\\\/diariotextual.com\\\/inicio\\\/wp-content\\\/uploads\\\/2023\\\/05\\\/logotextual1.jpg\",\"contentUrl\":\"https:\\\/\\\/diariotextual.com\\\/inicio\\\/wp-content\\\/uploads\\\/2023\\\/05\\\/logotextual1.jpg\",\"width\":516,\"height\":76,\"caption\":\"Diario Textual\"},\"image\":{\"@id\":\"https:\\\/\\\/diariotextual.com\\\/inicio\\\/#\\\/schema\\\/logo\\\/image\\\/\"},\"sameAs\":[\"https:\\\/\\\/www.facebook.com\\\/eltextual\",\"https:\\\/\\\/x.com\\\/eltextual\",\"http:\\\/\\\/www.instagram.com\\\/eltextual\"]},{\"@type\":\"Person\",\"@id\":\"https:\\\/\\\/diariotextual.com\\\/inicio\\\/#\\\/schema\\\/person\\\/418fc4093c33e86ed41562db3508f958\",\"name\":\"Diario1 Diario1\",\"image\":{\"@type\":\"ImageObject\",\"inLanguage\":\"es\",\"@id\":\"https:\\\/\\\/secure.gravatar.com\\\/avatar\\\/9167d280179c85bc18be67aa7eda765854300033af4896dd779b608640f2ef7a?s=96&d=mm&r=g\",\"url\":\"https:\\\/\\\/secure.gravatar.com\\\/avatar\\\/9167d280179c85bc18be67aa7eda765854300033af4896dd779b608640f2ef7a?s=96&d=mm&r=g\",\"contentUrl\":\"https:\\\/\\\/secure.gravatar.com\\\/avatar\\\/9167d280179c85bc18be67aa7eda765854300033af4896dd779b608640f2ef7a?s=96&d=mm&r=g\",\"caption\":\"Diario1 Diario1\"},\"url\":\"https:\\\/\\\/diariotextual.com\\\/inicio\\\/index.php\\\/author\\\/diario1\\\/\"}]}<\/script>\n<!-- \/ Yoast SEO plugin. -->","yoast_head_json":{"title":"Ahora Mendoza admite que podr\u00eda no hacer Portezuelo - Diario Textual","robots":{"index":"index","follow":"follow","max-snippet":"max-snippet:-1","max-image-preview":"max-image-preview:large","max-video-preview":"max-video-preview:-1"},"canonical":"https:\/\/diariotextual.com\/inicio\/index.php\/2022\/01\/01\/ahora-mendoza-admite-que-podria-no-hacer-portezuelo\/","og_locale":"es_ES","og_type":"article","og_title":"Ahora Mendoza admite que podr\u00eda no hacer Portezuelo - Diario Textual","og_description":"El gobernador mendocino Rodolfo Suarez admiti\u00f3 p\u00fablicamente, por primera vez, la posibilidad concreta de no avanzar con la construcci\u00f3n de la cuestionada represa hidroel\u00e9ctrica Portezuelo del Viento y destinar esos&hellip;","og_url":"https:\/\/diariotextual.com\/inicio\/index.php\/2022\/01\/01\/ahora-mendoza-admite-que-podria-no-hacer-portezuelo\/","og_site_name":"Diario Textual","article_publisher":"https:\/\/www.facebook.com\/eltextual","article_published_time":"2022-01-01T15:00:34+00:00","article_modified_time":"2022-01-03T11:48:43+00:00","og_image":[{"width":1275,"height":808,"url":"https:\/\/diariotextual.com\/inicio\/wp-content\/uploads\/2020\/01\/suarezrodolfo2019-2.jpeg","type":"image\/jpeg"}],"author":"Diario1 Diario1","twitter_card":"summary_large_image","twitter_creator":"@eltextual","twitter_site":"@eltextual","twitter_misc":{"Escrito por":"Diario1 Diario1","Tiempo de lectura":"3 minutos"},"schema":{"@context":"https:\/\/schema.org","@graph":[{"@type":"Article","@id":"https:\/\/diariotextual.com\/inicio\/index.php\/2022\/01\/01\/ahora-mendoza-admite-que-podria-no-hacer-portezuelo\/#article","isPartOf":{"@id":"https:\/\/diariotextual.com\/inicio\/index.php\/2022\/01\/01\/ahora-mendoza-admite-que-podria-no-hacer-portezuelo\/"},"author":{"name":"Diario1 Diario1","@id":"https:\/\/diariotextual.com\/inicio\/#\/schema\/person\/418fc4093c33e86ed41562db3508f958"},"headline":"Ahora Mendoza admite que podr\u00eda no hacer Portezuelo","datePublished":"2022-01-01T15:00:34+00:00","dateModified":"2022-01-03T11:48:43+00:00","mainEntityOfPage":{"@id":"https:\/\/diariotextual.com\/inicio\/index.php\/2022\/01\/01\/ahora-mendoza-admite-que-podria-no-hacer-portezuelo\/"},"wordCount":602,"publisher":{"@id":"https:\/\/diariotextual.com\/inicio\/#organization"},"image":{"@id":"https:\/\/diariotextual.com\/inicio\/index.php\/2022\/01\/01\/ahora-mendoza-admite-que-podria-no-hacer-portezuelo\/#primaryimage"},"thumbnailUrl":"https:\/\/diariotextual.com\/inicio\/wp-content\/uploads\/2020\/01\/suarezrodolfo2019-2.jpeg","keywords":["portezuelo"],"articleSection":["A - ES NOTICIA (van abajo)","POLITICA","Posici\u00f3n 4"],"inLanguage":"es"},{"@type":"WebPage","@id":"https:\/\/diariotextual.com\/inicio\/index.php\/2022\/01\/01\/ahora-mendoza-admite-que-podria-no-hacer-portezuelo\/","url":"https:\/\/diariotextual.com\/inicio\/index.php\/2022\/01\/01\/ahora-mendoza-admite-que-podria-no-hacer-portezuelo\/","name":"Ahora Mendoza admite que podr\u00eda no hacer Portezuelo - Diario Textual","isPartOf":{"@id":"https:\/\/diariotextual.com\/inicio\/#website"},"primaryImageOfPage":{"@id":"https:\/\/diariotextual.com\/inicio\/index.php\/2022\/01\/01\/ahora-mendoza-admite-que-podria-no-hacer-portezuelo\/#primaryimage"},"image":{"@id":"https:\/\/diariotextual.com\/inicio\/index.php\/2022\/01\/01\/ahora-mendoza-admite-que-podria-no-hacer-portezuelo\/#primaryimage"},"thumbnailUrl":"https:\/\/diariotextual.com\/inicio\/wp-content\/uploads\/2020\/01\/suarezrodolfo2019-2.jpeg","datePublished":"2022-01-01T15:00:34+00:00","dateModified":"2022-01-03T11:48:43+00:00","breadcrumb":{"@id":"https:\/\/diariotextual.com\/inicio\/index.php\/2022\/01\/01\/ahora-mendoza-admite-que-podria-no-hacer-portezuelo\/#breadcrumb"},"inLanguage":"es","potentialAction":[{"@type":"ReadAction","target":["https:\/\/diariotextual.com\/inicio\/index.php\/2022\/01\/01\/ahora-mendoza-admite-que-podria-no-hacer-portezuelo\/"]}]},{"@type":"ImageObject","inLanguage":"es","@id":"https:\/\/diariotextual.com\/inicio\/index.php\/2022\/01\/01\/ahora-mendoza-admite-que-podria-no-hacer-portezuelo\/#primaryimage","url":"https:\/\/diariotextual.com\/inicio\/wp-content\/uploads\/2020\/01\/suarezrodolfo2019-2.jpeg","contentUrl":"https:\/\/diariotextual.com\/inicio\/wp-content\/uploads\/2020\/01\/suarezrodolfo2019-2.jpeg","width":1275,"height":808},{"@type":"BreadcrumbList","@id":"https:\/\/diariotextual.com\/inicio\/index.php\/2022\/01\/01\/ahora-mendoza-admite-que-podria-no-hacer-portezuelo\/#breadcrumb","itemListElement":[{"@type":"ListItem","position":1,"name":"Portada","item":"https:\/\/diariotextual.com\/inicio\/"},{"@type":"ListItem","position":2,"name":"Ahora Mendoza admite que podr\u00eda no hacer Portezuelo"}]},{"@type":"WebSite","@id":"https:\/\/diariotextual.com\/inicio\/#website","url":"https:\/\/diariotextual.com\/inicio\/","name":"Diario Textual","description":"","publisher":{"@id":"https:\/\/diariotextual.com\/inicio\/#organization"},"potentialAction":[{"@type":"SearchAction","target":{"@type":"EntryPoint","urlTemplate":"https:\/\/diariotextual.com\/inicio\/?s={search_term_string}"},"query-input":{"@type":"PropertyValueSpecification","valueRequired":true,"valueName":"search_term_string"}}],"inLanguage":"es"},{"@type":"Organization","@id":"https:\/\/diariotextual.com\/inicio\/#organization","name":"Diario Textual","url":"https:\/\/diariotextual.com\/inicio\/","logo":{"@type":"ImageObject","inLanguage":"es","@id":"https:\/\/diariotextual.com\/inicio\/#\/schema\/logo\/image\/","url":"https:\/\/diariotextual.com\/inicio\/wp-content\/uploads\/2023\/05\/logotextual1.jpg","contentUrl":"https:\/\/diariotextual.com\/inicio\/wp-content\/uploads\/2023\/05\/logotextual1.jpg","width":516,"height":76,"caption":"Diario Textual"},"image":{"@id":"https:\/\/diariotextual.com\/inicio\/#\/schema\/logo\/image\/"},"sameAs":["https:\/\/www.facebook.com\/eltextual","https:\/\/x.com\/eltextual","http:\/\/www.instagram.com\/eltextual"]},{"@type":"Person","@id":"https:\/\/diariotextual.com\/inicio\/#\/schema\/person\/418fc4093c33e86ed41562db3508f958","name":"Diario1 Diario1","image":{"@type":"ImageObject","inLanguage":"es","@id":"https:\/\/secure.gravatar.com\/avatar\/9167d280179c85bc18be67aa7eda765854300033af4896dd779b608640f2ef7a?s=96&d=mm&r=g","url":"https:\/\/secure.gravatar.com\/avatar\/9167d280179c85bc18be67aa7eda765854300033af4896dd779b608640f2ef7a?s=96&d=mm&r=g","contentUrl":"https:\/\/secure.gravatar.com\/avatar\/9167d280179c85bc18be67aa7eda765854300033af4896dd779b608640f2ef7a?s=96&d=mm&r=g","caption":"Diario1 Diario1"},"url":"https:\/\/diariotextual.com\/inicio\/index.php\/author\/diario1\/"}]}},"_links":{"self":[{"href":"https:\/\/diariotextual.com\/inicio\/index.php\/wp-json\/wp\/v2\/posts\/175050","targetHints":{"allow":["GET"]}}],"collection":[{"href":"https:\/\/diariotextual.com\/inicio\/index.php\/wp-json\/wp\/v2\/posts"}],"about":[{"href":"https:\/\/diariotextual.com\/inicio\/index.php\/wp-json\/wp\/v2\/types\/post"}],"author":[{"embeddable":true,"href":"https:\/\/diariotextual.com\/inicio\/index.php\/wp-json\/wp\/v2\/users\/3"}],"replies":[{"embeddable":true,"href":"https:\/\/diariotextual.com\/inicio\/index.php\/wp-json\/wp\/v2\/comments?post=175050"}],"version-history":[{"count":2,"href":"https:\/\/diariotextual.com\/inicio\/index.php\/wp-json\/wp\/v2\/posts\/175050\/revisions"}],"predecessor-version":[{"id":175052,"href":"https:\/\/diariotextual.com\/inicio\/index.php\/wp-json\/wp\/v2\/posts\/175050\/revisions\/175052"}],"wp:featuredmedia":[{"embeddable":true,"href":"https:\/\/diariotextual.com\/inicio\/index.php\/wp-json\/wp\/v2\/media\/78238"}],"wp:attachment":[{"href":"https:\/\/diariotextual.com\/inicio\/index.php\/wp-json\/wp\/v2\/media?parent=175050"}],"wp:term":[{"taxonomy":"category","embeddable":true,"href":"https:\/\/diariotextual.com\/inicio\/index.php\/wp-json\/wp\/v2\/categories?post=175050"},{"taxonomy":"post_tag","embeddable":true,"href":"https:\/\/diariotextual.com\/inicio\/index.php\/wp-json\/wp\/v2\/tags?post=175050"}],"curies":[{"name":"wp","href":"https:\/\/api.w.org\/{rel}","templated":true}]}}