{"id":175104,"date":"2022-01-02T19:59:21","date_gmt":"2022-01-02T22:59:21","guid":{"rendered":"https:\/\/diariotextual.com\/inicio\/?p=175104"},"modified":"2022-01-03T08:48:32","modified_gmt":"2022-01-03T11:48:32","slug":"la-tercera-ola-del-covid-en-la-pampa-489-nuevos-positivos","status":"publish","type":"post","link":"https:\/\/diariotextual.com\/inicio\/index.php\/2022\/01\/02\/la-tercera-ola-del-covid-en-la-pampa-489-nuevos-positivos\/","title":{"rendered":"La tercera ola del covid en La Pampa: 489 nuevos positivos"},"content":{"rendered":"\n<p>El Ministerio de Salud de La Pampa inform\u00f3 que este domingo <strong>se registraron 489 nuevos casos de coronavirus <\/strong>en la provincia.<\/p>\n\n\n\n<p>De los nuevos casos,<strong> 252 residen en Santa Rosa, 93 en General Pico, 21 en Quem\u00fa Quem\u00fa, 15 en Intendente Alvear, 10 en Realic\u00f3, 10 en Macach\u00edn, 9 en Catril\u00f3, 8 en Eduardo Castex, 8 en Parera, 8 en Bernardo Larroud\u00e9, 7 en Toay, 7 en Ingeniero Luiggi, 7 en Caleuf\u00fa, 6 en Winifreda, 3 en Doblas, 3 en Guatrach\u00e9, 3 en Alta Italia, 3 en Victorica, 3 en Dorila, 3 en Colonia Santa Teresa, 2 en Trenel, 2 en 25 de Mayo, 2 en Rancul, 1 en General Acha, 1 en Anguil, 1 en V\u00e9rtiz y 1 en Quehu\u00e9.<\/strong><\/p>\n\n\n\n<p>Desde el inicio de la pandemia, en la provincia se registraron 71.786\u00a0 casos positivos para Covid-19, de los cuales 3.269 permanecen activos, 894 han fallecido y 67.623\u00a0 se han recuperado (116 en el d\u00eda de hoy).<br><\/p>\n\n\n\n<p>Los casos confirmados activos pertenecen a las siguientes localidades 1618 en Santa Rosa, 592 en General Pico, 155 en Quem\u00fa Quem\u00fa, 149 en Toay, 90 en Realic\u00f3, 81 en Eduardo Castex, 70 en Intendente Alvear, 44 en Winifreda, 37 en Parera, 36 en General Acha, 32 en Ingeniero Luiggi, 31 en Doblas, 31 en Trenel, 28 en Macach\u00edn, 27 en Casa de Piedra, 25 en Catril\u00f3, 17 en Caleuf\u00fa, 16 en Bernardo Larroud\u00e9, 16 en Miguel Can\u00e9, 15 en Embajador Martini, 11 en Guatrach\u00e9, 11 en 25 de Mayo, 10 en Alta Italia, 9 en Rancul, 9 en Mauricio Mayer, 8 en Victorica, 8 en Arata, 7 en Dorila, 6 en Duval, 6 en Colonia Bar\u00f3n, 6 en La Maruja, 6 en General San Mart\u00edn, 5 en Bernasconi, 4 en Anguil, 4 en V\u00e9rtiz, 4 en Rol\u00f3n, 4 en Metileo, 4 en Speluzzi, 3 en Colonia Santa Teresa, 3 en Quehu\u00e9, 3 en Uriburu, 3 en Carro Quemado, 3 en Ceballos, 2 en Anchorena, 2 en Lonquimay, 2 en Alpachiri, 2 en General Campos, 2 en Rucanelo, 2 en Jacinto Arauz, 1 en Falucho, 1 en Miguel Riglos, 1 en Quetrequ\u00e9n, 1 en Ataliva Roca, 1 en Pichi Huinca, 1 en Agustoni, 1 en Conhello, 1 en Coronel Hilario Lagos, 1 en Villa Mirasol y 1 en Maisonnave.<\/p>\n\n\n\n<p>A su vez,<strong> hay diez internados y 8.314 aislados<\/strong>, siempre seg\u00fan el reporte de Salud.<\/p>\n","protected":false},"excerpt":{"rendered":"<p>El Ministerio de Salud de La Pampa inform\u00f3 que este domingo se registraron 489 nuevos casos de coronavirus en la provincia. De los nuevos casos, 252 residen en Santa Rosa,&hellip;<\/p>\n","protected":false},"author":3,"featured_media":161564,"comment_status":"closed","ping_status":"open","sticky":false,"template":"","format":"standard","meta":{"_acf_changed":false,"footnotes":""},"categories":[10,12],"tags":[2899],"class_list":["post-175104","post","type-post","status-publish","format-standard","has-post-thumbnail","hentry","category-portada-2","category-sociedad","tag-covid"],"acf":[],"yoast_head":"<!-- This site is optimized with the Yoast SEO plugin v27.5 - https:\/\/yoast.com\/product\/yoast-seo-wordpress\/ -->\n<title>La tercera ola del covid en La Pampa: 489 nuevos positivos - Diario Textual<\/title>\n<meta name=\"robots\" content=\"index, follow, max-snippet:-1, max-image-preview:large, max-video-preview:-1\" \/>\n<link rel=\"canonical\" href=\"https:\/\/diariotextual.com\/inicio\/index.php\/2022\/01\/02\/la-tercera-ola-del-covid-en-la-pampa-489-nuevos-positivos\/\" \/>\n<meta property=\"og:locale\" content=\"es_ES\" \/>\n<meta property=\"og:type\" content=\"article\" \/>\n<meta property=\"og:title\" content=\"La tercera ola del covid en La Pampa: 489 nuevos positivos - Diario Textual\" \/>\n<meta property=\"og:description\" content=\"El Ministerio de Salud de La Pampa inform\u00f3 que este domingo se registraron 489 nuevos casos de coronavirus en la provincia. De los nuevos casos, 252 residen en Santa Rosa,&hellip;\" \/>\n<meta property=\"og:url\" content=\"https:\/\/diariotextual.com\/inicio\/index.php\/2022\/01\/02\/la-tercera-ola-del-covid-en-la-pampa-489-nuevos-positivos\/\" \/>\n<meta property=\"og:site_name\" content=\"Diario Textual\" \/>\n<meta property=\"article:publisher\" content=\"https:\/\/www.facebook.com\/eltextual\" \/>\n<meta property=\"article:published_time\" content=\"2022-01-02T22:59:21+00:00\" \/>\n<meta property=\"article:modified_time\" content=\"2022-01-03T11:48:32+00:00\" \/>\n<meta property=\"og:image\" content=\"https:\/\/diariotextual.com\/inicio\/wp-content\/uploads\/2021\/09\/coronavirustelam2021-7034.jpg\" \/>\n\t<meta property=\"og:image:width\" content=\"723\" \/>\n\t<meta property=\"og:image:height\" content=\"481\" \/>\n\t<meta property=\"og:image:type\" content=\"image\/jpeg\" \/>\n<meta name=\"author\" content=\"Diario1 Diario1\" \/>\n<meta name=\"twitter:card\" content=\"summary_large_image\" \/>\n<meta name=\"twitter:creator\" content=\"@eltextual\" \/>\n<meta name=\"twitter:site\" content=\"@eltextual\" \/>\n<meta name=\"twitter:label1\" content=\"Escrito por\" \/>\n\t<meta name=\"twitter:data1\" content=\"Diario1 Diario1\" \/>\n\t<meta name=\"twitter:label2\" content=\"Tiempo de lectura\" \/>\n\t<meta name=\"twitter:data2\" content=\"2 minutos\" \/>\n<script type=\"application\/ld+json\" class=\"yoast-schema-graph\">{\"@context\":\"https:\\\/\\\/schema.org\",\"@graph\":[{\"@type\":\"Article\",\"@id\":\"https:\\\/\\\/diariotextual.com\\\/inicio\\\/index.php\\\/2022\\\/01\\\/02\\\/la-tercera-ola-del-covid-en-la-pampa-489-nuevos-positivos\\\/#article\",\"isPartOf\":{\"@id\":\"https:\\\/\\\/diariotextual.com\\\/inicio\\\/index.php\\\/2022\\\/01\\\/02\\\/la-tercera-ola-del-covid-en-la-pampa-489-nuevos-positivos\\\/\"},\"author\":{\"name\":\"Diario1 Diario1\",\"@id\":\"https:\\\/\\\/diariotextual.com\\\/inicio\\\/#\\\/schema\\\/person\\\/418fc4093c33e86ed41562db3508f958\"},\"headline\":\"La tercera ola del covid en La Pampa: 489 nuevos positivos\",\"datePublished\":\"2022-01-02T22:59:21+00:00\",\"dateModified\":\"2022-01-03T11:48:32+00:00\",\"mainEntityOfPage\":{\"@id\":\"https:\\\/\\\/diariotextual.com\\\/inicio\\\/index.php\\\/2022\\\/01\\\/02\\\/la-tercera-ola-del-covid-en-la-pampa-489-nuevos-positivos\\\/\"},\"wordCount\":315,\"publisher\":{\"@id\":\"https:\\\/\\\/diariotextual.com\\\/inicio\\\/#organization\"},\"image\":{\"@id\":\"https:\\\/\\\/diariotextual.com\\\/inicio\\\/index.php\\\/2022\\\/01\\\/02\\\/la-tercera-ola-del-covid-en-la-pampa-489-nuevos-positivos\\\/#primaryimage\"},\"thumbnailUrl\":\"https:\\\/\\\/diariotextual.com\\\/inicio\\\/wp-content\\\/uploads\\\/2021\\\/09\\\/coronavirustelam2021-7034.jpg\",\"keywords\":[\"covid\"],\"articleSection\":[\"A - PORTADA2\",\"SOCIEDAD\"],\"inLanguage\":\"es\"},{\"@type\":\"WebPage\",\"@id\":\"https:\\\/\\\/diariotextual.com\\\/inicio\\\/index.php\\\/2022\\\/01\\\/02\\\/la-tercera-ola-del-covid-en-la-pampa-489-nuevos-positivos\\\/\",\"url\":\"https:\\\/\\\/diariotextual.com\\\/inicio\\\/index.php\\\/2022\\\/01\\\/02\\\/la-tercera-ola-del-covid-en-la-pampa-489-nuevos-positivos\\\/\",\"name\":\"La tercera ola del covid en La Pampa: 489 nuevos positivos - Diario Textual\",\"isPartOf\":{\"@id\":\"https:\\\/\\\/diariotextual.com\\\/inicio\\\/#website\"},\"primaryImageOfPage\":{\"@id\":\"https:\\\/\\\/diariotextual.com\\\/inicio\\\/index.php\\\/2022\\\/01\\\/02\\\/la-tercera-ola-del-covid-en-la-pampa-489-nuevos-positivos\\\/#primaryimage\"},\"image\":{\"@id\":\"https:\\\/\\\/diariotextual.com\\\/inicio\\\/index.php\\\/2022\\\/01\\\/02\\\/la-tercera-ola-del-covid-en-la-pampa-489-nuevos-positivos\\\/#primaryimage\"},\"thumbnailUrl\":\"https:\\\/\\\/diariotextual.com\\\/inicio\\\/wp-content\\\/uploads\\\/2021\\\/09\\\/coronavirustelam2021-7034.jpg\",\"datePublished\":\"2022-01-02T22:59:21+00:00\",\"dateModified\":\"2022-01-03T11:48:32+00:00\",\"breadcrumb\":{\"@id\":\"https:\\\/\\\/diariotextual.com\\\/inicio\\\/index.php\\\/2022\\\/01\\\/02\\\/la-tercera-ola-del-covid-en-la-pampa-489-nuevos-positivos\\\/#breadcrumb\"},\"inLanguage\":\"es\",\"potentialAction\":[{\"@type\":\"ReadAction\",\"target\":[\"https:\\\/\\\/diariotextual.com\\\/inicio\\\/index.php\\\/2022\\\/01\\\/02\\\/la-tercera-ola-del-covid-en-la-pampa-489-nuevos-positivos\\\/\"]}]},{\"@type\":\"ImageObject\",\"inLanguage\":\"es\",\"@id\":\"https:\\\/\\\/diariotextual.com\\\/inicio\\\/index.php\\\/2022\\\/01\\\/02\\\/la-tercera-ola-del-covid-en-la-pampa-489-nuevos-positivos\\\/#primaryimage\",\"url\":\"https:\\\/\\\/diariotextual.com\\\/inicio\\\/wp-content\\\/uploads\\\/2021\\\/09\\\/coronavirustelam2021-7034.jpg\",\"contentUrl\":\"https:\\\/\\\/diariotextual.com\\\/inicio\\\/wp-content\\\/uploads\\\/2021\\\/09\\\/coronavirustelam2021-7034.jpg\",\"width\":723,\"height\":481},{\"@type\":\"BreadcrumbList\",\"@id\":\"https:\\\/\\\/diariotextual.com\\\/inicio\\\/index.php\\\/2022\\\/01\\\/02\\\/la-tercera-ola-del-covid-en-la-pampa-489-nuevos-positivos\\\/#breadcrumb\",\"itemListElement\":[{\"@type\":\"ListItem\",\"position\":1,\"name\":\"Portada\",\"item\":\"https:\\\/\\\/diariotextual.com\\\/inicio\\\/\"},{\"@type\":\"ListItem\",\"position\":2,\"name\":\"La tercera ola del covid en La Pampa: 489 nuevos positivos\"}]},{\"@type\":\"WebSite\",\"@id\":\"https:\\\/\\\/diariotextual.com\\\/inicio\\\/#website\",\"url\":\"https:\\\/\\\/diariotextual.com\\\/inicio\\\/\",\"name\":\"Diario Textual\",\"description\":\"\",\"publisher\":{\"@id\":\"https:\\\/\\\/diariotextual.com\\\/inicio\\\/#organization\"},\"potentialAction\":[{\"@type\":\"SearchAction\",\"target\":{\"@type\":\"EntryPoint\",\"urlTemplate\":\"https:\\\/\\\/diariotextual.com\\\/inicio\\\/?s={search_term_string}\"},\"query-input\":{\"@type\":\"PropertyValueSpecification\",\"valueRequired\":true,\"valueName\":\"search_term_string\"}}],\"inLanguage\":\"es\"},{\"@type\":\"Organization\",\"@id\":\"https:\\\/\\\/diariotextual.com\\\/inicio\\\/#organization\",\"name\":\"Diario Textual\",\"url\":\"https:\\\/\\\/diariotextual.com\\\/inicio\\\/\",\"logo\":{\"@type\":\"ImageObject\",\"inLanguage\":\"es\",\"@id\":\"https:\\\/\\\/diariotextual.com\\\/inicio\\\/#\\\/schema\\\/logo\\\/image\\\/\",\"url\":\"https:\\\/\\\/diariotextual.com\\\/inicio\\\/wp-content\\\/uploads\\\/2023\\\/05\\\/logotextual1.jpg\",\"contentUrl\":\"https:\\\/\\\/diariotextual.com\\\/inicio\\\/wp-content\\\/uploads\\\/2023\\\/05\\\/logotextual1.jpg\",\"width\":516,\"height\":76,\"caption\":\"Diario Textual\"},\"image\":{\"@id\":\"https:\\\/\\\/diariotextual.com\\\/inicio\\\/#\\\/schema\\\/logo\\\/image\\\/\"},\"sameAs\":[\"https:\\\/\\\/www.facebook.com\\\/eltextual\",\"https:\\\/\\\/x.com\\\/eltextual\",\"http:\\\/\\\/www.instagram.com\\\/eltextual\"]},{\"@type\":\"Person\",\"@id\":\"https:\\\/\\\/diariotextual.com\\\/inicio\\\/#\\\/schema\\\/person\\\/418fc4093c33e86ed41562db3508f958\",\"name\":\"Diario1 Diario1\",\"image\":{\"@type\":\"ImageObject\",\"inLanguage\":\"es\",\"@id\":\"https:\\\/\\\/secure.gravatar.com\\\/avatar\\\/9167d280179c85bc18be67aa7eda765854300033af4896dd779b608640f2ef7a?s=96&d=mm&r=g\",\"url\":\"https:\\\/\\\/secure.gravatar.com\\\/avatar\\\/9167d280179c85bc18be67aa7eda765854300033af4896dd779b608640f2ef7a?s=96&d=mm&r=g\",\"contentUrl\":\"https:\\\/\\\/secure.gravatar.com\\\/avatar\\\/9167d280179c85bc18be67aa7eda765854300033af4896dd779b608640f2ef7a?s=96&d=mm&r=g\",\"caption\":\"Diario1 Diario1\"},\"url\":\"https:\\\/\\\/diariotextual.com\\\/inicio\\\/index.php\\\/author\\\/diario1\\\/\"}]}<\/script>\n<!-- \/ Yoast SEO plugin. -->","yoast_head_json":{"title":"La tercera ola del covid en La Pampa: 489 nuevos positivos - Diario Textual","robots":{"index":"index","follow":"follow","max-snippet":"max-snippet:-1","max-image-preview":"max-image-preview:large","max-video-preview":"max-video-preview:-1"},"canonical":"https:\/\/diariotextual.com\/inicio\/index.php\/2022\/01\/02\/la-tercera-ola-del-covid-en-la-pampa-489-nuevos-positivos\/","og_locale":"es_ES","og_type":"article","og_title":"La tercera ola del covid en La Pampa: 489 nuevos positivos - Diario Textual","og_description":"El Ministerio de Salud de La Pampa inform\u00f3 que este domingo se registraron 489 nuevos casos de coronavirus en la provincia. De los nuevos casos, 252 residen en Santa Rosa,&hellip;","og_url":"https:\/\/diariotextual.com\/inicio\/index.php\/2022\/01\/02\/la-tercera-ola-del-covid-en-la-pampa-489-nuevos-positivos\/","og_site_name":"Diario Textual","article_publisher":"https:\/\/www.facebook.com\/eltextual","article_published_time":"2022-01-02T22:59:21+00:00","article_modified_time":"2022-01-03T11:48:32+00:00","og_image":[{"width":723,"height":481,"url":"https:\/\/diariotextual.com\/inicio\/wp-content\/uploads\/2021\/09\/coronavirustelam2021-7034.jpg","type":"image\/jpeg"}],"author":"Diario1 Diario1","twitter_card":"summary_large_image","twitter_creator":"@eltextual","twitter_site":"@eltextual","twitter_misc":{"Escrito por":"Diario1 Diario1","Tiempo de lectura":"2 minutos"},"schema":{"@context":"https:\/\/schema.org","@graph":[{"@type":"Article","@id":"https:\/\/diariotextual.com\/inicio\/index.php\/2022\/01\/02\/la-tercera-ola-del-covid-en-la-pampa-489-nuevos-positivos\/#article","isPartOf":{"@id":"https:\/\/diariotextual.com\/inicio\/index.php\/2022\/01\/02\/la-tercera-ola-del-covid-en-la-pampa-489-nuevos-positivos\/"},"author":{"name":"Diario1 Diario1","@id":"https:\/\/diariotextual.com\/inicio\/#\/schema\/person\/418fc4093c33e86ed41562db3508f958"},"headline":"La tercera ola del covid en La Pampa: 489 nuevos positivos","datePublished":"2022-01-02T22:59:21+00:00","dateModified":"2022-01-03T11:48:32+00:00","mainEntityOfPage":{"@id":"https:\/\/diariotextual.com\/inicio\/index.php\/2022\/01\/02\/la-tercera-ola-del-covid-en-la-pampa-489-nuevos-positivos\/"},"wordCount":315,"publisher":{"@id":"https:\/\/diariotextual.com\/inicio\/#organization"},"image":{"@id":"https:\/\/diariotextual.com\/inicio\/index.php\/2022\/01\/02\/la-tercera-ola-del-covid-en-la-pampa-489-nuevos-positivos\/#primaryimage"},"thumbnailUrl":"https:\/\/diariotextual.com\/inicio\/wp-content\/uploads\/2021\/09\/coronavirustelam2021-7034.jpg","keywords":["covid"],"articleSection":["A - PORTADA2","SOCIEDAD"],"inLanguage":"es"},{"@type":"WebPage","@id":"https:\/\/diariotextual.com\/inicio\/index.php\/2022\/01\/02\/la-tercera-ola-del-covid-en-la-pampa-489-nuevos-positivos\/","url":"https:\/\/diariotextual.com\/inicio\/index.php\/2022\/01\/02\/la-tercera-ola-del-covid-en-la-pampa-489-nuevos-positivos\/","name":"La tercera ola del covid en La Pampa: 489 nuevos positivos - Diario Textual","isPartOf":{"@id":"https:\/\/diariotextual.com\/inicio\/#website"},"primaryImageOfPage":{"@id":"https:\/\/diariotextual.com\/inicio\/index.php\/2022\/01\/02\/la-tercera-ola-del-covid-en-la-pampa-489-nuevos-positivos\/#primaryimage"},"image":{"@id":"https:\/\/diariotextual.com\/inicio\/index.php\/2022\/01\/02\/la-tercera-ola-del-covid-en-la-pampa-489-nuevos-positivos\/#primaryimage"},"thumbnailUrl":"https:\/\/diariotextual.com\/inicio\/wp-content\/uploads\/2021\/09\/coronavirustelam2021-7034.jpg","datePublished":"2022-01-02T22:59:21+00:00","dateModified":"2022-01-03T11:48:32+00:00","breadcrumb":{"@id":"https:\/\/diariotextual.com\/inicio\/index.php\/2022\/01\/02\/la-tercera-ola-del-covid-en-la-pampa-489-nuevos-positivos\/#breadcrumb"},"inLanguage":"es","potentialAction":[{"@type":"ReadAction","target":["https:\/\/diariotextual.com\/inicio\/index.php\/2022\/01\/02\/la-tercera-ola-del-covid-en-la-pampa-489-nuevos-positivos\/"]}]},{"@type":"ImageObject","inLanguage":"es","@id":"https:\/\/diariotextual.com\/inicio\/index.php\/2022\/01\/02\/la-tercera-ola-del-covid-en-la-pampa-489-nuevos-positivos\/#primaryimage","url":"https:\/\/diariotextual.com\/inicio\/wp-content\/uploads\/2021\/09\/coronavirustelam2021-7034.jpg","contentUrl":"https:\/\/diariotextual.com\/inicio\/wp-content\/uploads\/2021\/09\/coronavirustelam2021-7034.jpg","width":723,"height":481},{"@type":"BreadcrumbList","@id":"https:\/\/diariotextual.com\/inicio\/index.php\/2022\/01\/02\/la-tercera-ola-del-covid-en-la-pampa-489-nuevos-positivos\/#breadcrumb","itemListElement":[{"@type":"ListItem","position":1,"name":"Portada","item":"https:\/\/diariotextual.com\/inicio\/"},{"@type":"ListItem","position":2,"name":"La tercera ola del covid en La Pampa: 489 nuevos positivos"}]},{"@type":"WebSite","@id":"https:\/\/diariotextual.com\/inicio\/#website","url":"https:\/\/diariotextual.com\/inicio\/","name":"Diario Textual","description":"","publisher":{"@id":"https:\/\/diariotextual.com\/inicio\/#organization"},"potentialAction":[{"@type":"SearchAction","target":{"@type":"EntryPoint","urlTemplate":"https:\/\/diariotextual.com\/inicio\/?s={search_term_string}"},"query-input":{"@type":"PropertyValueSpecification","valueRequired":true,"valueName":"search_term_string"}}],"inLanguage":"es"},{"@type":"Organization","@id":"https:\/\/diariotextual.com\/inicio\/#organization","name":"Diario Textual","url":"https:\/\/diariotextual.com\/inicio\/","logo":{"@type":"ImageObject","inLanguage":"es","@id":"https:\/\/diariotextual.com\/inicio\/#\/schema\/logo\/image\/","url":"https:\/\/diariotextual.com\/inicio\/wp-content\/uploads\/2023\/05\/logotextual1.jpg","contentUrl":"https:\/\/diariotextual.com\/inicio\/wp-content\/uploads\/2023\/05\/logotextual1.jpg","width":516,"height":76,"caption":"Diario Textual"},"image":{"@id":"https:\/\/diariotextual.com\/inicio\/#\/schema\/logo\/image\/"},"sameAs":["https:\/\/www.facebook.com\/eltextual","https:\/\/x.com\/eltextual","http:\/\/www.instagram.com\/eltextual"]},{"@type":"Person","@id":"https:\/\/diariotextual.com\/inicio\/#\/schema\/person\/418fc4093c33e86ed41562db3508f958","name":"Diario1 Diario1","image":{"@type":"ImageObject","inLanguage":"es","@id":"https:\/\/secure.gravatar.com\/avatar\/9167d280179c85bc18be67aa7eda765854300033af4896dd779b608640f2ef7a?s=96&d=mm&r=g","url":"https:\/\/secure.gravatar.com\/avatar\/9167d280179c85bc18be67aa7eda765854300033af4896dd779b608640f2ef7a?s=96&d=mm&r=g","contentUrl":"https:\/\/secure.gravatar.com\/avatar\/9167d280179c85bc18be67aa7eda765854300033af4896dd779b608640f2ef7a?s=96&d=mm&r=g","caption":"Diario1 Diario1"},"url":"https:\/\/diariotextual.com\/inicio\/index.php\/author\/diario1\/"}]}},"_links":{"self":[{"href":"https:\/\/diariotextual.com\/inicio\/index.php\/wp-json\/wp\/v2\/posts\/175104","targetHints":{"allow":["GET"]}}],"collection":[{"href":"https:\/\/diariotextual.com\/inicio\/index.php\/wp-json\/wp\/v2\/posts"}],"about":[{"href":"https:\/\/diariotextual.com\/inicio\/index.php\/wp-json\/wp\/v2\/types\/post"}],"author":[{"embeddable":true,"href":"https:\/\/diariotextual.com\/inicio\/index.php\/wp-json\/wp\/v2\/users\/3"}],"replies":[{"embeddable":true,"href":"https:\/\/diariotextual.com\/inicio\/index.php\/wp-json\/wp\/v2\/comments?post=175104"}],"version-history":[{"count":6,"href":"https:\/\/diariotextual.com\/inicio\/index.php\/wp-json\/wp\/v2\/posts\/175104\/revisions"}],"predecessor-version":[{"id":175113,"href":"https:\/\/diariotextual.com\/inicio\/index.php\/wp-json\/wp\/v2\/posts\/175104\/revisions\/175113"}],"wp:featuredmedia":[{"embeddable":true,"href":"https:\/\/diariotextual.com\/inicio\/index.php\/wp-json\/wp\/v2\/media\/161564"}],"wp:attachment":[{"href":"https:\/\/diariotextual.com\/inicio\/index.php\/wp-json\/wp\/v2\/media?parent=175104"}],"wp:term":[{"taxonomy":"category","embeddable":true,"href":"https:\/\/diariotextual.com\/inicio\/index.php\/wp-json\/wp\/v2\/categories?post=175104"},{"taxonomy":"post_tag","embeddable":true,"href":"https:\/\/diariotextual.com\/inicio\/index.php\/wp-json\/wp\/v2\/tags?post=175104"}],"curies":[{"name":"wp","href":"https:\/\/api.w.org\/{rel}","templated":true}]}}