{"id":175147,"date":"2022-01-03T11:06:24","date_gmt":"2022-01-03T14:06:24","guid":{"rendered":"https:\/\/diariotextual.com\/inicio\/?p=175147"},"modified":"2022-01-03T17:11:31","modified_gmt":"2022-01-03T20:11:31","slug":"gastronomicos-aguardan-directivas-de-como-aplicar-el-pase-sanitario","status":"publish","type":"post","link":"https:\/\/diariotextual.com\/inicio\/index.php\/2022\/01\/03\/gastronomicos-aguardan-directivas-de-como-aplicar-el-pase-sanitario\/","title":{"rendered":"Gastron\u00f3micos aguardan \u201cdirectivas\u201d de c\u00f3mo aplicar el pase sanitario"},"content":{"rendered":"\n<p>Los <strong>empresarios gastron\u00f3micos<\/strong> de Santa Rosa aguardan <strong>\u201cdirectivas\u201d<\/strong> para la <strong>aplicaci\u00f3n del pase sanitario<\/strong> en los locales. \u201cHasta ahora no sabemos nada\u201d, dijo a Diario Textual Miguel Felice, empresario del sector.<\/p>\n\n\n\n<p><strong><a href=\"https:\/\/diariotextual.com\/inicio\/index.php\/2022\/01\/01\/la-pampa-empieza-a-pedir-el-pase-sanitario-como-funciona\/\" target=\"_blank\" rel=\"noreferrer noopener\">Desde el pasado 1 de enero el\u00a0pase sanitario es obligatorio en La Pampa<\/a><\/strong>. Implica el pedido de un\u00a0esquema completo de vacunaci\u00f3n Covid-19 a toda persona, a partir de los 13 a\u00f1os de edad, para poder realizar actividades consideradas de riesgo epidemiol\u00f3gico. As\u00ed, se busca promover que todas las personas completen sus esquemas de vacunaci\u00f3n y se reduzcan los riesgos de internaciones y la mortalidad.<\/p>\n\n\n\n<p>Las autoridades provinciales dijeron que la intenci\u00f3n es que, al menos inicialmente, no sea un mecanismo compulsivo y\u00a0se invite a la gente a vacunarse contra el coronavirus.<\/p>\n\n\n\n<p>\u201cM\u00e1s de lo que dijo el gobernador no sabemos. Directiva no ha llegado ninguna en cuanto a pedir carn\u00e9 sanitario. Estamos esperando. No sabemos nada. Hab\u00eda una intenci\u00f3n de que pidi\u00e9ramos el carn\u00e9 de vacunaci\u00f3n, pero oficialmente no tenemos nada. Pero, insisto, hay pocas precisiones\u201d, dijo el empresario gastron\u00f3mico santarroser\u00f1o Miguel Felice a Diario Textual.<\/p>\n","protected":false},"excerpt":{"rendered":"<p>Los empresarios gastron\u00f3micos de Santa Rosa aguardan \u201cdirectivas\u201d para la aplicaci\u00f3n del pase sanitario en los locales. \u201cHasta ahora no sabemos nada\u201d, dijo a Diario Textual Miguel Felice, empresario del&hellip;<\/p>\n","protected":false},"author":7,"featured_media":129648,"comment_status":"closed","ping_status":"open","sticky":false,"template":"","format":"standard","meta":{"_acf_changed":false,"footnotes":""},"categories":[10,12],"tags":[],"class_list":["post-175147","post","type-post","status-publish","format-standard","has-post-thumbnail","hentry","category-portada-2","category-sociedad"],"acf":[],"yoast_head":"<!-- This site is optimized with the Yoast SEO plugin v27.5 - https:\/\/yoast.com\/product\/yoast-seo-wordpress\/ -->\n<title>Gastron\u00f3micos aguardan \u201cdirectivas\u201d de c\u00f3mo aplicar el pase sanitario - Diario Textual<\/title>\n<meta name=\"robots\" content=\"index, follow, max-snippet:-1, max-image-preview:large, max-video-preview:-1\" \/>\n<link rel=\"canonical\" href=\"https:\/\/diariotextual.com\/inicio\/index.php\/2022\/01\/03\/gastronomicos-aguardan-directivas-de-como-aplicar-el-pase-sanitario\/\" \/>\n<meta property=\"og:locale\" content=\"es_ES\" \/>\n<meta property=\"og:type\" content=\"article\" \/>\n<meta property=\"og:title\" content=\"Gastron\u00f3micos aguardan \u201cdirectivas\u201d de c\u00f3mo aplicar el pase sanitario - Diario Textual\" \/>\n<meta property=\"og:description\" content=\"Los empresarios gastron\u00f3micos de Santa Rosa aguardan \u201cdirectivas\u201d para la aplicaci\u00f3n del pase sanitario en los locales. \u201cHasta ahora no sabemos nada\u201d, dijo a Diario Textual Miguel Felice, empresario del&hellip;\" \/>\n<meta property=\"og:url\" content=\"https:\/\/diariotextual.com\/inicio\/index.php\/2022\/01\/03\/gastronomicos-aguardan-directivas-de-como-aplicar-el-pase-sanitario\/\" \/>\n<meta property=\"og:site_name\" content=\"Diario Textual\" \/>\n<meta property=\"article:publisher\" content=\"https:\/\/www.facebook.com\/eltextual\" \/>\n<meta property=\"article:published_time\" content=\"2022-01-03T14:06:24+00:00\" \/>\n<meta property=\"article:modified_time\" content=\"2022-01-03T20:11:31+00:00\" \/>\n<meta property=\"og:image\" content=\"https:\/\/diariotextual.com\/inicio\/wp-content\/uploads\/2021\/01\/gastronomico.jpg\" \/>\n\t<meta property=\"og:image:width\" content=\"700\" \/>\n\t<meta property=\"og:image:height\" content=\"481\" \/>\n\t<meta property=\"og:image:type\" content=\"image\/jpeg\" \/>\n<meta name=\"author\" content=\"diario5\" \/>\n<meta name=\"twitter:card\" content=\"summary_large_image\" \/>\n<meta name=\"twitter:creator\" content=\"@eltextual\" \/>\n<meta name=\"twitter:site\" content=\"@eltextual\" \/>\n<meta name=\"twitter:label1\" content=\"Escrito por\" \/>\n\t<meta name=\"twitter:data1\" content=\"diario5\" \/>\n\t<meta name=\"twitter:label2\" content=\"Tiempo de lectura\" \/>\n\t<meta name=\"twitter:data2\" content=\"1 minuto\" \/>\n<script type=\"application\/ld+json\" class=\"yoast-schema-graph\">{\"@context\":\"https:\\\/\\\/schema.org\",\"@graph\":[{\"@type\":\"Article\",\"@id\":\"https:\\\/\\\/diariotextual.com\\\/inicio\\\/index.php\\\/2022\\\/01\\\/03\\\/gastronomicos-aguardan-directivas-de-como-aplicar-el-pase-sanitario\\\/#article\",\"isPartOf\":{\"@id\":\"https:\\\/\\\/diariotextual.com\\\/inicio\\\/index.php\\\/2022\\\/01\\\/03\\\/gastronomicos-aguardan-directivas-de-como-aplicar-el-pase-sanitario\\\/\"},\"author\":{\"name\":\"diario5\",\"@id\":\"https:\\\/\\\/diariotextual.com\\\/inicio\\\/#\\\/schema\\\/person\\\/c7834961ad8b29b1d9cdbf4571299067\"},\"headline\":\"Gastron\u00f3micos aguardan \u201cdirectivas\u201d de c\u00f3mo aplicar el pase sanitario\",\"datePublished\":\"2022-01-03T14:06:24+00:00\",\"dateModified\":\"2022-01-03T20:11:31+00:00\",\"mainEntityOfPage\":{\"@id\":\"https:\\\/\\\/diariotextual.com\\\/inicio\\\/index.php\\\/2022\\\/01\\\/03\\\/gastronomicos-aguardan-directivas-de-como-aplicar-el-pase-sanitario\\\/\"},\"wordCount\":203,\"publisher\":{\"@id\":\"https:\\\/\\\/diariotextual.com\\\/inicio\\\/#organization\"},\"image\":{\"@id\":\"https:\\\/\\\/diariotextual.com\\\/inicio\\\/index.php\\\/2022\\\/01\\\/03\\\/gastronomicos-aguardan-directivas-de-como-aplicar-el-pase-sanitario\\\/#primaryimage\"},\"thumbnailUrl\":\"https:\\\/\\\/diariotextual.com\\\/inicio\\\/wp-content\\\/uploads\\\/2021\\\/01\\\/gastronomico.jpg\",\"articleSection\":[\"A - PORTADA2\",\"SOCIEDAD\"],\"inLanguage\":\"es\"},{\"@type\":\"WebPage\",\"@id\":\"https:\\\/\\\/diariotextual.com\\\/inicio\\\/index.php\\\/2022\\\/01\\\/03\\\/gastronomicos-aguardan-directivas-de-como-aplicar-el-pase-sanitario\\\/\",\"url\":\"https:\\\/\\\/diariotextual.com\\\/inicio\\\/index.php\\\/2022\\\/01\\\/03\\\/gastronomicos-aguardan-directivas-de-como-aplicar-el-pase-sanitario\\\/\",\"name\":\"Gastron\u00f3micos aguardan \u201cdirectivas\u201d de c\u00f3mo aplicar el pase sanitario - Diario Textual\",\"isPartOf\":{\"@id\":\"https:\\\/\\\/diariotextual.com\\\/inicio\\\/#website\"},\"primaryImageOfPage\":{\"@id\":\"https:\\\/\\\/diariotextual.com\\\/inicio\\\/index.php\\\/2022\\\/01\\\/03\\\/gastronomicos-aguardan-directivas-de-como-aplicar-el-pase-sanitario\\\/#primaryimage\"},\"image\":{\"@id\":\"https:\\\/\\\/diariotextual.com\\\/inicio\\\/index.php\\\/2022\\\/01\\\/03\\\/gastronomicos-aguardan-directivas-de-como-aplicar-el-pase-sanitario\\\/#primaryimage\"},\"thumbnailUrl\":\"https:\\\/\\\/diariotextual.com\\\/inicio\\\/wp-content\\\/uploads\\\/2021\\\/01\\\/gastronomico.jpg\",\"datePublished\":\"2022-01-03T14:06:24+00:00\",\"dateModified\":\"2022-01-03T20:11:31+00:00\",\"breadcrumb\":{\"@id\":\"https:\\\/\\\/diariotextual.com\\\/inicio\\\/index.php\\\/2022\\\/01\\\/03\\\/gastronomicos-aguardan-directivas-de-como-aplicar-el-pase-sanitario\\\/#breadcrumb\"},\"inLanguage\":\"es\",\"potentialAction\":[{\"@type\":\"ReadAction\",\"target\":[\"https:\\\/\\\/diariotextual.com\\\/inicio\\\/index.php\\\/2022\\\/01\\\/03\\\/gastronomicos-aguardan-directivas-de-como-aplicar-el-pase-sanitario\\\/\"]}]},{\"@type\":\"ImageObject\",\"inLanguage\":\"es\",\"@id\":\"https:\\\/\\\/diariotextual.com\\\/inicio\\\/index.php\\\/2022\\\/01\\\/03\\\/gastronomicos-aguardan-directivas-de-como-aplicar-el-pase-sanitario\\\/#primaryimage\",\"url\":\"https:\\\/\\\/diariotextual.com\\\/inicio\\\/wp-content\\\/uploads\\\/2021\\\/01\\\/gastronomico.jpg\",\"contentUrl\":\"https:\\\/\\\/diariotextual.com\\\/inicio\\\/wp-content\\\/uploads\\\/2021\\\/01\\\/gastronomico.jpg\",\"width\":700,\"height\":481},{\"@type\":\"BreadcrumbList\",\"@id\":\"https:\\\/\\\/diariotextual.com\\\/inicio\\\/index.php\\\/2022\\\/01\\\/03\\\/gastronomicos-aguardan-directivas-de-como-aplicar-el-pase-sanitario\\\/#breadcrumb\",\"itemListElement\":[{\"@type\":\"ListItem\",\"position\":1,\"name\":\"Portada\",\"item\":\"https:\\\/\\\/diariotextual.com\\\/inicio\\\/\"},{\"@type\":\"ListItem\",\"position\":2,\"name\":\"Gastron\u00f3micos aguardan \u201cdirectivas\u201d de c\u00f3mo aplicar el pase sanitario\"}]},{\"@type\":\"WebSite\",\"@id\":\"https:\\\/\\\/diariotextual.com\\\/inicio\\\/#website\",\"url\":\"https:\\\/\\\/diariotextual.com\\\/inicio\\\/\",\"name\":\"Diario Textual\",\"description\":\"\",\"publisher\":{\"@id\":\"https:\\\/\\\/diariotextual.com\\\/inicio\\\/#organization\"},\"potentialAction\":[{\"@type\":\"SearchAction\",\"target\":{\"@type\":\"EntryPoint\",\"urlTemplate\":\"https:\\\/\\\/diariotextual.com\\\/inicio\\\/?s={search_term_string}\"},\"query-input\":{\"@type\":\"PropertyValueSpecification\",\"valueRequired\":true,\"valueName\":\"search_term_string\"}}],\"inLanguage\":\"es\"},{\"@type\":\"Organization\",\"@id\":\"https:\\\/\\\/diariotextual.com\\\/inicio\\\/#organization\",\"name\":\"Diario Textual\",\"url\":\"https:\\\/\\\/diariotextual.com\\\/inicio\\\/\",\"logo\":{\"@type\":\"ImageObject\",\"inLanguage\":\"es\",\"@id\":\"https:\\\/\\\/diariotextual.com\\\/inicio\\\/#\\\/schema\\\/logo\\\/image\\\/\",\"url\":\"https:\\\/\\\/diariotextual.com\\\/inicio\\\/wp-content\\\/uploads\\\/2023\\\/05\\\/logotextual1.jpg\",\"contentUrl\":\"https:\\\/\\\/diariotextual.com\\\/inicio\\\/wp-content\\\/uploads\\\/2023\\\/05\\\/logotextual1.jpg\",\"width\":516,\"height\":76,\"caption\":\"Diario Textual\"},\"image\":{\"@id\":\"https:\\\/\\\/diariotextual.com\\\/inicio\\\/#\\\/schema\\\/logo\\\/image\\\/\"},\"sameAs\":[\"https:\\\/\\\/www.facebook.com\\\/eltextual\",\"https:\\\/\\\/x.com\\\/eltextual\",\"http:\\\/\\\/www.instagram.com\\\/eltextual\"]},{\"@type\":\"Person\",\"@id\":\"https:\\\/\\\/diariotextual.com\\\/inicio\\\/#\\\/schema\\\/person\\\/c7834961ad8b29b1d9cdbf4571299067\",\"name\":\"diario5\",\"image\":{\"@type\":\"ImageObject\",\"inLanguage\":\"es\",\"@id\":\"https:\\\/\\\/secure.gravatar.com\\\/avatar\\\/948c893b847ca6df68216ead81b63f363408ec9b0f600fefc0641ce78613b111?s=96&d=mm&r=g\",\"url\":\"https:\\\/\\\/secure.gravatar.com\\\/avatar\\\/948c893b847ca6df68216ead81b63f363408ec9b0f600fefc0641ce78613b111?s=96&d=mm&r=g\",\"contentUrl\":\"https:\\\/\\\/secure.gravatar.com\\\/avatar\\\/948c893b847ca6df68216ead81b63f363408ec9b0f600fefc0641ce78613b111?s=96&d=mm&r=g\",\"caption\":\"diario5\"},\"url\":\"https:\\\/\\\/diariotextual.com\\\/inicio\\\/index.php\\\/author\\\/diario5\\\/\"}]}<\/script>\n<!-- \/ Yoast SEO plugin. -->","yoast_head_json":{"title":"Gastron\u00f3micos aguardan \u201cdirectivas\u201d de c\u00f3mo aplicar el pase sanitario - Diario Textual","robots":{"index":"index","follow":"follow","max-snippet":"max-snippet:-1","max-image-preview":"max-image-preview:large","max-video-preview":"max-video-preview:-1"},"canonical":"https:\/\/diariotextual.com\/inicio\/index.php\/2022\/01\/03\/gastronomicos-aguardan-directivas-de-como-aplicar-el-pase-sanitario\/","og_locale":"es_ES","og_type":"article","og_title":"Gastron\u00f3micos aguardan \u201cdirectivas\u201d de c\u00f3mo aplicar el pase sanitario - Diario Textual","og_description":"Los empresarios gastron\u00f3micos de Santa Rosa aguardan \u201cdirectivas\u201d para la aplicaci\u00f3n del pase sanitario en los locales. \u201cHasta ahora no sabemos nada\u201d, dijo a Diario Textual Miguel Felice, empresario del&hellip;","og_url":"https:\/\/diariotextual.com\/inicio\/index.php\/2022\/01\/03\/gastronomicos-aguardan-directivas-de-como-aplicar-el-pase-sanitario\/","og_site_name":"Diario Textual","article_publisher":"https:\/\/www.facebook.com\/eltextual","article_published_time":"2022-01-03T14:06:24+00:00","article_modified_time":"2022-01-03T20:11:31+00:00","og_image":[{"width":700,"height":481,"url":"https:\/\/diariotextual.com\/inicio\/wp-content\/uploads\/2021\/01\/gastronomico.jpg","type":"image\/jpeg"}],"author":"diario5","twitter_card":"summary_large_image","twitter_creator":"@eltextual","twitter_site":"@eltextual","twitter_misc":{"Escrito por":"diario5","Tiempo de lectura":"1 minuto"},"schema":{"@context":"https:\/\/schema.org","@graph":[{"@type":"Article","@id":"https:\/\/diariotextual.com\/inicio\/index.php\/2022\/01\/03\/gastronomicos-aguardan-directivas-de-como-aplicar-el-pase-sanitario\/#article","isPartOf":{"@id":"https:\/\/diariotextual.com\/inicio\/index.php\/2022\/01\/03\/gastronomicos-aguardan-directivas-de-como-aplicar-el-pase-sanitario\/"},"author":{"name":"diario5","@id":"https:\/\/diariotextual.com\/inicio\/#\/schema\/person\/c7834961ad8b29b1d9cdbf4571299067"},"headline":"Gastron\u00f3micos aguardan \u201cdirectivas\u201d de c\u00f3mo aplicar el pase sanitario","datePublished":"2022-01-03T14:06:24+00:00","dateModified":"2022-01-03T20:11:31+00:00","mainEntityOfPage":{"@id":"https:\/\/diariotextual.com\/inicio\/index.php\/2022\/01\/03\/gastronomicos-aguardan-directivas-de-como-aplicar-el-pase-sanitario\/"},"wordCount":203,"publisher":{"@id":"https:\/\/diariotextual.com\/inicio\/#organization"},"image":{"@id":"https:\/\/diariotextual.com\/inicio\/index.php\/2022\/01\/03\/gastronomicos-aguardan-directivas-de-como-aplicar-el-pase-sanitario\/#primaryimage"},"thumbnailUrl":"https:\/\/diariotextual.com\/inicio\/wp-content\/uploads\/2021\/01\/gastronomico.jpg","articleSection":["A - PORTADA2","SOCIEDAD"],"inLanguage":"es"},{"@type":"WebPage","@id":"https:\/\/diariotextual.com\/inicio\/index.php\/2022\/01\/03\/gastronomicos-aguardan-directivas-de-como-aplicar-el-pase-sanitario\/","url":"https:\/\/diariotextual.com\/inicio\/index.php\/2022\/01\/03\/gastronomicos-aguardan-directivas-de-como-aplicar-el-pase-sanitario\/","name":"Gastron\u00f3micos aguardan \u201cdirectivas\u201d de c\u00f3mo aplicar el pase sanitario - Diario Textual","isPartOf":{"@id":"https:\/\/diariotextual.com\/inicio\/#website"},"primaryImageOfPage":{"@id":"https:\/\/diariotextual.com\/inicio\/index.php\/2022\/01\/03\/gastronomicos-aguardan-directivas-de-como-aplicar-el-pase-sanitario\/#primaryimage"},"image":{"@id":"https:\/\/diariotextual.com\/inicio\/index.php\/2022\/01\/03\/gastronomicos-aguardan-directivas-de-como-aplicar-el-pase-sanitario\/#primaryimage"},"thumbnailUrl":"https:\/\/diariotextual.com\/inicio\/wp-content\/uploads\/2021\/01\/gastronomico.jpg","datePublished":"2022-01-03T14:06:24+00:00","dateModified":"2022-01-03T20:11:31+00:00","breadcrumb":{"@id":"https:\/\/diariotextual.com\/inicio\/index.php\/2022\/01\/03\/gastronomicos-aguardan-directivas-de-como-aplicar-el-pase-sanitario\/#breadcrumb"},"inLanguage":"es","potentialAction":[{"@type":"ReadAction","target":["https:\/\/diariotextual.com\/inicio\/index.php\/2022\/01\/03\/gastronomicos-aguardan-directivas-de-como-aplicar-el-pase-sanitario\/"]}]},{"@type":"ImageObject","inLanguage":"es","@id":"https:\/\/diariotextual.com\/inicio\/index.php\/2022\/01\/03\/gastronomicos-aguardan-directivas-de-como-aplicar-el-pase-sanitario\/#primaryimage","url":"https:\/\/diariotextual.com\/inicio\/wp-content\/uploads\/2021\/01\/gastronomico.jpg","contentUrl":"https:\/\/diariotextual.com\/inicio\/wp-content\/uploads\/2021\/01\/gastronomico.jpg","width":700,"height":481},{"@type":"BreadcrumbList","@id":"https:\/\/diariotextual.com\/inicio\/index.php\/2022\/01\/03\/gastronomicos-aguardan-directivas-de-como-aplicar-el-pase-sanitario\/#breadcrumb","itemListElement":[{"@type":"ListItem","position":1,"name":"Portada","item":"https:\/\/diariotextual.com\/inicio\/"},{"@type":"ListItem","position":2,"name":"Gastron\u00f3micos aguardan \u201cdirectivas\u201d de c\u00f3mo aplicar el pase sanitario"}]},{"@type":"WebSite","@id":"https:\/\/diariotextual.com\/inicio\/#website","url":"https:\/\/diariotextual.com\/inicio\/","name":"Diario Textual","description":"","publisher":{"@id":"https:\/\/diariotextual.com\/inicio\/#organization"},"potentialAction":[{"@type":"SearchAction","target":{"@type":"EntryPoint","urlTemplate":"https:\/\/diariotextual.com\/inicio\/?s={search_term_string}"},"query-input":{"@type":"PropertyValueSpecification","valueRequired":true,"valueName":"search_term_string"}}],"inLanguage":"es"},{"@type":"Organization","@id":"https:\/\/diariotextual.com\/inicio\/#organization","name":"Diario Textual","url":"https:\/\/diariotextual.com\/inicio\/","logo":{"@type":"ImageObject","inLanguage":"es","@id":"https:\/\/diariotextual.com\/inicio\/#\/schema\/logo\/image\/","url":"https:\/\/diariotextual.com\/inicio\/wp-content\/uploads\/2023\/05\/logotextual1.jpg","contentUrl":"https:\/\/diariotextual.com\/inicio\/wp-content\/uploads\/2023\/05\/logotextual1.jpg","width":516,"height":76,"caption":"Diario Textual"},"image":{"@id":"https:\/\/diariotextual.com\/inicio\/#\/schema\/logo\/image\/"},"sameAs":["https:\/\/www.facebook.com\/eltextual","https:\/\/x.com\/eltextual","http:\/\/www.instagram.com\/eltextual"]},{"@type":"Person","@id":"https:\/\/diariotextual.com\/inicio\/#\/schema\/person\/c7834961ad8b29b1d9cdbf4571299067","name":"diario5","image":{"@type":"ImageObject","inLanguage":"es","@id":"https:\/\/secure.gravatar.com\/avatar\/948c893b847ca6df68216ead81b63f363408ec9b0f600fefc0641ce78613b111?s=96&d=mm&r=g","url":"https:\/\/secure.gravatar.com\/avatar\/948c893b847ca6df68216ead81b63f363408ec9b0f600fefc0641ce78613b111?s=96&d=mm&r=g","contentUrl":"https:\/\/secure.gravatar.com\/avatar\/948c893b847ca6df68216ead81b63f363408ec9b0f600fefc0641ce78613b111?s=96&d=mm&r=g","caption":"diario5"},"url":"https:\/\/diariotextual.com\/inicio\/index.php\/author\/diario5\/"}]}},"_links":{"self":[{"href":"https:\/\/diariotextual.com\/inicio\/index.php\/wp-json\/wp\/v2\/posts\/175147","targetHints":{"allow":["GET"]}}],"collection":[{"href":"https:\/\/diariotextual.com\/inicio\/index.php\/wp-json\/wp\/v2\/posts"}],"about":[{"href":"https:\/\/diariotextual.com\/inicio\/index.php\/wp-json\/wp\/v2\/types\/post"}],"author":[{"embeddable":true,"href":"https:\/\/diariotextual.com\/inicio\/index.php\/wp-json\/wp\/v2\/users\/7"}],"replies":[{"embeddable":true,"href":"https:\/\/diariotextual.com\/inicio\/index.php\/wp-json\/wp\/v2\/comments?post=175147"}],"version-history":[{"count":1,"href":"https:\/\/diariotextual.com\/inicio\/index.php\/wp-json\/wp\/v2\/posts\/175147\/revisions"}],"predecessor-version":[{"id":175148,"href":"https:\/\/diariotextual.com\/inicio\/index.php\/wp-json\/wp\/v2\/posts\/175147\/revisions\/175148"}],"wp:featuredmedia":[{"embeddable":true,"href":"https:\/\/diariotextual.com\/inicio\/index.php\/wp-json\/wp\/v2\/media\/129648"}],"wp:attachment":[{"href":"https:\/\/diariotextual.com\/inicio\/index.php\/wp-json\/wp\/v2\/media?parent=175147"}],"wp:term":[{"taxonomy":"category","embeddable":true,"href":"https:\/\/diariotextual.com\/inicio\/index.php\/wp-json\/wp\/v2\/categories?post=175147"},{"taxonomy":"post_tag","embeddable":true,"href":"https:\/\/diariotextual.com\/inicio\/index.php\/wp-json\/wp\/v2\/tags?post=175147"}],"curies":[{"name":"wp","href":"https:\/\/api.w.org\/{rel}","templated":true}]}}