{"id":17518,"date":"2018-08-21T19:10:46","date_gmt":"2018-08-21T22:10:46","guid":{"rendered":"http:\/\/diariotextual.com\/inicio\/?p=17518"},"modified":"2018-08-21T19:14:06","modified_gmt":"2018-08-21T22:14:06","slug":"estrellas-amarillas-presenta-nuevo-protocolo-la-atencion-familiares-victimas","status":"publish","type":"post","link":"https:\/\/diariotextual.com\/inicio\/index.php\/2018\/08\/21\/estrellas-amarillas-presenta-nuevo-protocolo-la-atencion-familiares-victimas\/","title":{"rendered":"Estrellas Amarillas presenta nuevo protocolo para la atenci\u00f3n de familiares de v\u00edctimas"},"content":{"rendered":"<p>La presidenta de la <strong>Fundaci\u00f3n Estrellas Amarillas de La Pampa<\/strong>, <strong>Silvia Gonz\u00e1lez<\/strong>, mantuvo en la ciudad aut\u00f3noma de Buenos Aires distintas reuniones de vital relevancia institucional.<\/p>\n<p>En el marco de la Ley Nacional N\u00ba 27.372 de Atenci\u00f3n Integral a las V\u00edctimas de Delitos, se reuni\u00f3 la coordinadora del Programa Nacional de Lucha Contra la Impunidad, Sandra Furio, y la coordinadora del\u00a0Centro Nacional de Asistencia a las V\u00edctimas de Delitos (Cenavid), Natalia Figueroa.<\/p>\n<p>El Cenavid es un organismo creado para brindar asesoramiento jur\u00eddico, psicol\u00f3gico y social con el objetivo de dar contenci\u00f3n, orientaci\u00f3n y acompa\u00f1amiento de las personas que sufrieron delitos de competencia federal en todo el pa\u00eds.<\/p>\n<p><strong>\u00abEstrellas Amarillas le hizo entrega a la coordinadora un pedido con los diversos problemas que viven las v\u00edctimas de siniestros viales, desde el inicio de los hechos, con la notificaci\u00f3n, pasando por el reconocimiento de la v\u00edctima (cad\u00e1veres), la desprotecci\u00f3n de los familiares ante lamentable suceso, las dificultades de conseguir representantes legales, la falta de contenci\u00f3n psicol\u00f3gica en cada una de estas etapas, como la falta de comprensi\u00f3n de lo sucedido, debido a las terminolog\u00edas legales y t\u00e9cnicas utilizadas por el personal interviniente, quedando los familiares con la angustia de no comprender cabalmente lo ocurrido\u00bb<\/strong>, dijo Gonz\u00e1lez.<\/p>\n<p>\u00abSi bien hace unas semanas en la ex Esma se present\u00f3 el Protocolo de Actuaci\u00f3n en Siniestros Viales, elaborado por familiares y el Ministerio de Justicia de la Naci\u00f3n, que es una herramienta netamente valiosa para la protecci\u00f3n de pruebas que ayuden a la concreci\u00f3n de juicios, <strong>queda marginalizada una contenci\u00f3n integral a las familias de las v\u00edctimas<\/strong>\u00ab, asegur\u00f3.<\/p>\n<p>Por esa raz\u00f3n, Silvia Gonz\u00e1lez entreg\u00f3 a las dos representantes<strong> otro protocolo realizado conjuntamente con la Federaci\u00f3n Iberoamericana de Asociaciones de V\u00edctimas contra la Violencia Vial y financiado por el Banco de Desarrollo de Am\u00e9rica Latina (CAF) y la Fundaci\u00f3n Mapfre<\/strong>, denominado<strong> \u201cUnidad de atenci\u00f3n a v\u00edctimas de siniestros de tr\u00e1nsito<\/strong>. \u00abLa intenci\u00f3n es generar mesas de trabajo y tratar de poder aplicar esto en el pa\u00eds. Cabe destacar que ambos protocolos, la Fundaci\u00f3n Estrellas Amarillas los present\u00f3 hace dos meses en la reuni\u00f3n del Consejo Provincial de Tr\u00e1nsito\u00bb, dijo.<\/p>\n<p>Por otra parte,\u00a0 mantuvo una reuni\u00f3n en la sede de la Agencia Nacional de Seguridad Vial. All\u00ed se present\u00f3 un informe elaborado por el Observatorio Vial que recopila, estudia y genera informaci\u00f3n que contribuyen a la toma de decisiones para mejorar la seguridad vial.<\/p>\n<p>&nbsp;<\/p>\n","protected":false},"excerpt":{"rendered":"<p>La presidenta de la Fundaci\u00f3n Estrellas Amarillas de La Pampa, Silvia Gonz\u00e1lez, mantuvo en la ciudad aut\u00f3noma de Buenos Aires distintas reuniones de vital relevancia institucional. En el marco de&hellip;<\/p>\n","protected":false},"author":3,"featured_media":17520,"comment_status":"closed","ping_status":"open","sticky":false,"template":"","format":"standard","meta":{"_acf_changed":false,"footnotes":""},"categories":[1,11,319,12],"tags":[],"class_list":["post-17518","post","type-post","status-publish","format-standard","has-post-thumbnail","hentry","category-es-noticia","category-que-pasa","category-a-temporales","category-sociedad"],"acf":[],"yoast_head":"<!-- This site is optimized with the Yoast SEO plugin v27.5 - https:\/\/yoast.com\/product\/yoast-seo-wordpress\/ -->\n<title>Estrellas Amarillas presenta nuevo protocolo para la atenci\u00f3n de familiares de v\u00edctimas - Diario Textual<\/title>\n<meta name=\"robots\" content=\"index, follow, max-snippet:-1, max-image-preview:large, max-video-preview:-1\" \/>\n<link rel=\"canonical\" href=\"https:\/\/diariotextual.com\/inicio\/index.php\/2018\/08\/21\/estrellas-amarillas-presenta-nuevo-protocolo-la-atencion-familiares-victimas\/\" \/>\n<meta property=\"og:locale\" content=\"es_ES\" \/>\n<meta property=\"og:type\" content=\"article\" \/>\n<meta property=\"og:title\" content=\"Estrellas Amarillas presenta nuevo protocolo para la atenci\u00f3n de familiares de v\u00edctimas - Diario Textual\" \/>\n<meta property=\"og:description\" content=\"La presidenta de la Fundaci\u00f3n Estrellas Amarillas de La Pampa, Silvia Gonz\u00e1lez, mantuvo en la ciudad aut\u00f3noma de Buenos Aires distintas reuniones de vital relevancia institucional. En el marco de&hellip;\" \/>\n<meta property=\"og:url\" content=\"https:\/\/diariotextual.com\/inicio\/index.php\/2018\/08\/21\/estrellas-amarillas-presenta-nuevo-protocolo-la-atencion-familiares-victimas\/\" \/>\n<meta property=\"og:site_name\" content=\"Diario Textual\" \/>\n<meta property=\"article:publisher\" content=\"https:\/\/www.facebook.com\/eltextual\" \/>\n<meta property=\"article:published_time\" content=\"2018-08-21T22:10:46+00:00\" \/>\n<meta property=\"article:modified_time\" content=\"2018-08-21T22:14:06+00:00\" \/>\n<meta property=\"og:image\" content=\"https:\/\/diariotextual.com\/inicio\/wp-content\/uploads\/2018\/08\/estrellascoordinadoras1.jpg\" \/>\n\t<meta property=\"og:image:width\" content=\"689\" \/>\n\t<meta property=\"og:image:height\" content=\"495\" \/>\n\t<meta property=\"og:image:type\" content=\"image\/jpeg\" \/>\n<meta name=\"author\" content=\"Diario1 Diario1\" \/>\n<meta name=\"twitter:card\" content=\"summary_large_image\" \/>\n<meta name=\"twitter:creator\" content=\"@eltextual\" \/>\n<meta name=\"twitter:site\" content=\"@eltextual\" \/>\n<meta name=\"twitter:label1\" content=\"Escrito por\" \/>\n\t<meta name=\"twitter:data1\" content=\"Diario1 Diario1\" \/>\n\t<meta name=\"twitter:label2\" content=\"Tiempo de lectura\" \/>\n\t<meta name=\"twitter:data2\" content=\"2 minutos\" \/>\n<script type=\"application\/ld+json\" class=\"yoast-schema-graph\">{\"@context\":\"https:\\\/\\\/schema.org\",\"@graph\":[{\"@type\":\"Article\",\"@id\":\"https:\\\/\\\/diariotextual.com\\\/inicio\\\/index.php\\\/2018\\\/08\\\/21\\\/estrellas-amarillas-presenta-nuevo-protocolo-la-atencion-familiares-victimas\\\/#article\",\"isPartOf\":{\"@id\":\"https:\\\/\\\/diariotextual.com\\\/inicio\\\/index.php\\\/2018\\\/08\\\/21\\\/estrellas-amarillas-presenta-nuevo-protocolo-la-atencion-familiares-victimas\\\/\"},\"author\":{\"name\":\"Diario1 Diario1\",\"@id\":\"https:\\\/\\\/diariotextual.com\\\/inicio\\\/#\\\/schema\\\/person\\\/418fc4093c33e86ed41562db3508f958\"},\"headline\":\"Estrellas Amarillas presenta nuevo protocolo para la atenci\u00f3n de familiares de v\u00edctimas\",\"datePublished\":\"2018-08-21T22:10:46+00:00\",\"dateModified\":\"2018-08-21T22:14:06+00:00\",\"mainEntityOfPage\":{\"@id\":\"https:\\\/\\\/diariotextual.com\\\/inicio\\\/index.php\\\/2018\\\/08\\\/21\\\/estrellas-amarillas-presenta-nuevo-protocolo-la-atencion-familiares-victimas\\\/\"},\"wordCount\":457,\"publisher\":{\"@id\":\"https:\\\/\\\/diariotextual.com\\\/inicio\\\/#organization\"},\"image\":{\"@id\":\"https:\\\/\\\/diariotextual.com\\\/inicio\\\/index.php\\\/2018\\\/08\\\/21\\\/estrellas-amarillas-presenta-nuevo-protocolo-la-atencion-familiares-victimas\\\/#primaryimage\"},\"thumbnailUrl\":\"https:\\\/\\\/diariotextual.com\\\/inicio\\\/wp-content\\\/uploads\\\/2018\\\/08\\\/estrellascoordinadoras1.jpg\",\"articleSection\":[\"A - ES NOTICIA (van abajo)\",\"A - QUE PASA (al costado)\",\"A - TEMPORALES\",\"SOCIEDAD\"],\"inLanguage\":\"es\"},{\"@type\":\"WebPage\",\"@id\":\"https:\\\/\\\/diariotextual.com\\\/inicio\\\/index.php\\\/2018\\\/08\\\/21\\\/estrellas-amarillas-presenta-nuevo-protocolo-la-atencion-familiares-victimas\\\/\",\"url\":\"https:\\\/\\\/diariotextual.com\\\/inicio\\\/index.php\\\/2018\\\/08\\\/21\\\/estrellas-amarillas-presenta-nuevo-protocolo-la-atencion-familiares-victimas\\\/\",\"name\":\"Estrellas Amarillas presenta nuevo protocolo para la atenci\u00f3n de familiares de v\u00edctimas - Diario Textual\",\"isPartOf\":{\"@id\":\"https:\\\/\\\/diariotextual.com\\\/inicio\\\/#website\"},\"primaryImageOfPage\":{\"@id\":\"https:\\\/\\\/diariotextual.com\\\/inicio\\\/index.php\\\/2018\\\/08\\\/21\\\/estrellas-amarillas-presenta-nuevo-protocolo-la-atencion-familiares-victimas\\\/#primaryimage\"},\"image\":{\"@id\":\"https:\\\/\\\/diariotextual.com\\\/inicio\\\/index.php\\\/2018\\\/08\\\/21\\\/estrellas-amarillas-presenta-nuevo-protocolo-la-atencion-familiares-victimas\\\/#primaryimage\"},\"thumbnailUrl\":\"https:\\\/\\\/diariotextual.com\\\/inicio\\\/wp-content\\\/uploads\\\/2018\\\/08\\\/estrellascoordinadoras1.jpg\",\"datePublished\":\"2018-08-21T22:10:46+00:00\",\"dateModified\":\"2018-08-21T22:14:06+00:00\",\"breadcrumb\":{\"@id\":\"https:\\\/\\\/diariotextual.com\\\/inicio\\\/index.php\\\/2018\\\/08\\\/21\\\/estrellas-amarillas-presenta-nuevo-protocolo-la-atencion-familiares-victimas\\\/#breadcrumb\"},\"inLanguage\":\"es\",\"potentialAction\":[{\"@type\":\"ReadAction\",\"target\":[\"https:\\\/\\\/diariotextual.com\\\/inicio\\\/index.php\\\/2018\\\/08\\\/21\\\/estrellas-amarillas-presenta-nuevo-protocolo-la-atencion-familiares-victimas\\\/\"]}]},{\"@type\":\"ImageObject\",\"inLanguage\":\"es\",\"@id\":\"https:\\\/\\\/diariotextual.com\\\/inicio\\\/index.php\\\/2018\\\/08\\\/21\\\/estrellas-amarillas-presenta-nuevo-protocolo-la-atencion-familiares-victimas\\\/#primaryimage\",\"url\":\"https:\\\/\\\/diariotextual.com\\\/inicio\\\/wp-content\\\/uploads\\\/2018\\\/08\\\/estrellascoordinadoras1.jpg\",\"contentUrl\":\"https:\\\/\\\/diariotextual.com\\\/inicio\\\/wp-content\\\/uploads\\\/2018\\\/08\\\/estrellascoordinadoras1.jpg\",\"width\":689,\"height\":495},{\"@type\":\"BreadcrumbList\",\"@id\":\"https:\\\/\\\/diariotextual.com\\\/inicio\\\/index.php\\\/2018\\\/08\\\/21\\\/estrellas-amarillas-presenta-nuevo-protocolo-la-atencion-familiares-victimas\\\/#breadcrumb\",\"itemListElement\":[{\"@type\":\"ListItem\",\"position\":1,\"name\":\"Portada\",\"item\":\"https:\\\/\\\/diariotextual.com\\\/inicio\\\/\"},{\"@type\":\"ListItem\",\"position\":2,\"name\":\"Estrellas Amarillas presenta nuevo protocolo para la atenci\u00f3n de familiares de v\u00edctimas\"}]},{\"@type\":\"WebSite\",\"@id\":\"https:\\\/\\\/diariotextual.com\\\/inicio\\\/#website\",\"url\":\"https:\\\/\\\/diariotextual.com\\\/inicio\\\/\",\"name\":\"Diario Textual\",\"description\":\"\",\"publisher\":{\"@id\":\"https:\\\/\\\/diariotextual.com\\\/inicio\\\/#organization\"},\"potentialAction\":[{\"@type\":\"SearchAction\",\"target\":{\"@type\":\"EntryPoint\",\"urlTemplate\":\"https:\\\/\\\/diariotextual.com\\\/inicio\\\/?s={search_term_string}\"},\"query-input\":{\"@type\":\"PropertyValueSpecification\",\"valueRequired\":true,\"valueName\":\"search_term_string\"}}],\"inLanguage\":\"es\"},{\"@type\":\"Organization\",\"@id\":\"https:\\\/\\\/diariotextual.com\\\/inicio\\\/#organization\",\"name\":\"Diario Textual\",\"url\":\"https:\\\/\\\/diariotextual.com\\\/inicio\\\/\",\"logo\":{\"@type\":\"ImageObject\",\"inLanguage\":\"es\",\"@id\":\"https:\\\/\\\/diariotextual.com\\\/inicio\\\/#\\\/schema\\\/logo\\\/image\\\/\",\"url\":\"https:\\\/\\\/diariotextual.com\\\/inicio\\\/wp-content\\\/uploads\\\/2023\\\/05\\\/logotextual1.jpg\",\"contentUrl\":\"https:\\\/\\\/diariotextual.com\\\/inicio\\\/wp-content\\\/uploads\\\/2023\\\/05\\\/logotextual1.jpg\",\"width\":516,\"height\":76,\"caption\":\"Diario Textual\"},\"image\":{\"@id\":\"https:\\\/\\\/diariotextual.com\\\/inicio\\\/#\\\/schema\\\/logo\\\/image\\\/\"},\"sameAs\":[\"https:\\\/\\\/www.facebook.com\\\/eltextual\",\"https:\\\/\\\/x.com\\\/eltextual\",\"http:\\\/\\\/www.instagram.com\\\/eltextual\"]},{\"@type\":\"Person\",\"@id\":\"https:\\\/\\\/diariotextual.com\\\/inicio\\\/#\\\/schema\\\/person\\\/418fc4093c33e86ed41562db3508f958\",\"name\":\"Diario1 Diario1\",\"image\":{\"@type\":\"ImageObject\",\"inLanguage\":\"es\",\"@id\":\"https:\\\/\\\/secure.gravatar.com\\\/avatar\\\/9167d280179c85bc18be67aa7eda765854300033af4896dd779b608640f2ef7a?s=96&d=mm&r=g\",\"url\":\"https:\\\/\\\/secure.gravatar.com\\\/avatar\\\/9167d280179c85bc18be67aa7eda765854300033af4896dd779b608640f2ef7a?s=96&d=mm&r=g\",\"contentUrl\":\"https:\\\/\\\/secure.gravatar.com\\\/avatar\\\/9167d280179c85bc18be67aa7eda765854300033af4896dd779b608640f2ef7a?s=96&d=mm&r=g\",\"caption\":\"Diario1 Diario1\"},\"url\":\"https:\\\/\\\/diariotextual.com\\\/inicio\\\/index.php\\\/author\\\/diario1\\\/\"}]}<\/script>\n<!-- \/ Yoast SEO plugin. -->","yoast_head_json":{"title":"Estrellas Amarillas presenta nuevo protocolo para la atenci\u00f3n de familiares de v\u00edctimas - Diario Textual","robots":{"index":"index","follow":"follow","max-snippet":"max-snippet:-1","max-image-preview":"max-image-preview:large","max-video-preview":"max-video-preview:-1"},"canonical":"https:\/\/diariotextual.com\/inicio\/index.php\/2018\/08\/21\/estrellas-amarillas-presenta-nuevo-protocolo-la-atencion-familiares-victimas\/","og_locale":"es_ES","og_type":"article","og_title":"Estrellas Amarillas presenta nuevo protocolo para la atenci\u00f3n de familiares de v\u00edctimas - Diario Textual","og_description":"La presidenta de la Fundaci\u00f3n Estrellas Amarillas de La Pampa, Silvia Gonz\u00e1lez, mantuvo en la ciudad aut\u00f3noma de Buenos Aires distintas reuniones de vital relevancia institucional. En el marco de&hellip;","og_url":"https:\/\/diariotextual.com\/inicio\/index.php\/2018\/08\/21\/estrellas-amarillas-presenta-nuevo-protocolo-la-atencion-familiares-victimas\/","og_site_name":"Diario Textual","article_publisher":"https:\/\/www.facebook.com\/eltextual","article_published_time":"2018-08-21T22:10:46+00:00","article_modified_time":"2018-08-21T22:14:06+00:00","og_image":[{"width":689,"height":495,"url":"https:\/\/diariotextual.com\/inicio\/wp-content\/uploads\/2018\/08\/estrellascoordinadoras1.jpg","type":"image\/jpeg"}],"author":"Diario1 Diario1","twitter_card":"summary_large_image","twitter_creator":"@eltextual","twitter_site":"@eltextual","twitter_misc":{"Escrito por":"Diario1 Diario1","Tiempo de lectura":"2 minutos"},"schema":{"@context":"https:\/\/schema.org","@graph":[{"@type":"Article","@id":"https:\/\/diariotextual.com\/inicio\/index.php\/2018\/08\/21\/estrellas-amarillas-presenta-nuevo-protocolo-la-atencion-familiares-victimas\/#article","isPartOf":{"@id":"https:\/\/diariotextual.com\/inicio\/index.php\/2018\/08\/21\/estrellas-amarillas-presenta-nuevo-protocolo-la-atencion-familiares-victimas\/"},"author":{"name":"Diario1 Diario1","@id":"https:\/\/diariotextual.com\/inicio\/#\/schema\/person\/418fc4093c33e86ed41562db3508f958"},"headline":"Estrellas Amarillas presenta nuevo protocolo para la atenci\u00f3n de familiares de v\u00edctimas","datePublished":"2018-08-21T22:10:46+00:00","dateModified":"2018-08-21T22:14:06+00:00","mainEntityOfPage":{"@id":"https:\/\/diariotextual.com\/inicio\/index.php\/2018\/08\/21\/estrellas-amarillas-presenta-nuevo-protocolo-la-atencion-familiares-victimas\/"},"wordCount":457,"publisher":{"@id":"https:\/\/diariotextual.com\/inicio\/#organization"},"image":{"@id":"https:\/\/diariotextual.com\/inicio\/index.php\/2018\/08\/21\/estrellas-amarillas-presenta-nuevo-protocolo-la-atencion-familiares-victimas\/#primaryimage"},"thumbnailUrl":"https:\/\/diariotextual.com\/inicio\/wp-content\/uploads\/2018\/08\/estrellascoordinadoras1.jpg","articleSection":["A - ES NOTICIA (van abajo)","A - QUE PASA (al costado)","A - TEMPORALES","SOCIEDAD"],"inLanguage":"es"},{"@type":"WebPage","@id":"https:\/\/diariotextual.com\/inicio\/index.php\/2018\/08\/21\/estrellas-amarillas-presenta-nuevo-protocolo-la-atencion-familiares-victimas\/","url":"https:\/\/diariotextual.com\/inicio\/index.php\/2018\/08\/21\/estrellas-amarillas-presenta-nuevo-protocolo-la-atencion-familiares-victimas\/","name":"Estrellas Amarillas presenta nuevo protocolo para la atenci\u00f3n de familiares de v\u00edctimas - Diario Textual","isPartOf":{"@id":"https:\/\/diariotextual.com\/inicio\/#website"},"primaryImageOfPage":{"@id":"https:\/\/diariotextual.com\/inicio\/index.php\/2018\/08\/21\/estrellas-amarillas-presenta-nuevo-protocolo-la-atencion-familiares-victimas\/#primaryimage"},"image":{"@id":"https:\/\/diariotextual.com\/inicio\/index.php\/2018\/08\/21\/estrellas-amarillas-presenta-nuevo-protocolo-la-atencion-familiares-victimas\/#primaryimage"},"thumbnailUrl":"https:\/\/diariotextual.com\/inicio\/wp-content\/uploads\/2018\/08\/estrellascoordinadoras1.jpg","datePublished":"2018-08-21T22:10:46+00:00","dateModified":"2018-08-21T22:14:06+00:00","breadcrumb":{"@id":"https:\/\/diariotextual.com\/inicio\/index.php\/2018\/08\/21\/estrellas-amarillas-presenta-nuevo-protocolo-la-atencion-familiares-victimas\/#breadcrumb"},"inLanguage":"es","potentialAction":[{"@type":"ReadAction","target":["https:\/\/diariotextual.com\/inicio\/index.php\/2018\/08\/21\/estrellas-amarillas-presenta-nuevo-protocolo-la-atencion-familiares-victimas\/"]}]},{"@type":"ImageObject","inLanguage":"es","@id":"https:\/\/diariotextual.com\/inicio\/index.php\/2018\/08\/21\/estrellas-amarillas-presenta-nuevo-protocolo-la-atencion-familiares-victimas\/#primaryimage","url":"https:\/\/diariotextual.com\/inicio\/wp-content\/uploads\/2018\/08\/estrellascoordinadoras1.jpg","contentUrl":"https:\/\/diariotextual.com\/inicio\/wp-content\/uploads\/2018\/08\/estrellascoordinadoras1.jpg","width":689,"height":495},{"@type":"BreadcrumbList","@id":"https:\/\/diariotextual.com\/inicio\/index.php\/2018\/08\/21\/estrellas-amarillas-presenta-nuevo-protocolo-la-atencion-familiares-victimas\/#breadcrumb","itemListElement":[{"@type":"ListItem","position":1,"name":"Portada","item":"https:\/\/diariotextual.com\/inicio\/"},{"@type":"ListItem","position":2,"name":"Estrellas Amarillas presenta nuevo protocolo para la atenci\u00f3n de familiares de v\u00edctimas"}]},{"@type":"WebSite","@id":"https:\/\/diariotextual.com\/inicio\/#website","url":"https:\/\/diariotextual.com\/inicio\/","name":"Diario Textual","description":"","publisher":{"@id":"https:\/\/diariotextual.com\/inicio\/#organization"},"potentialAction":[{"@type":"SearchAction","target":{"@type":"EntryPoint","urlTemplate":"https:\/\/diariotextual.com\/inicio\/?s={search_term_string}"},"query-input":{"@type":"PropertyValueSpecification","valueRequired":true,"valueName":"search_term_string"}}],"inLanguage":"es"},{"@type":"Organization","@id":"https:\/\/diariotextual.com\/inicio\/#organization","name":"Diario Textual","url":"https:\/\/diariotextual.com\/inicio\/","logo":{"@type":"ImageObject","inLanguage":"es","@id":"https:\/\/diariotextual.com\/inicio\/#\/schema\/logo\/image\/","url":"https:\/\/diariotextual.com\/inicio\/wp-content\/uploads\/2023\/05\/logotextual1.jpg","contentUrl":"https:\/\/diariotextual.com\/inicio\/wp-content\/uploads\/2023\/05\/logotextual1.jpg","width":516,"height":76,"caption":"Diario Textual"},"image":{"@id":"https:\/\/diariotextual.com\/inicio\/#\/schema\/logo\/image\/"},"sameAs":["https:\/\/www.facebook.com\/eltextual","https:\/\/x.com\/eltextual","http:\/\/www.instagram.com\/eltextual"]},{"@type":"Person","@id":"https:\/\/diariotextual.com\/inicio\/#\/schema\/person\/418fc4093c33e86ed41562db3508f958","name":"Diario1 Diario1","image":{"@type":"ImageObject","inLanguage":"es","@id":"https:\/\/secure.gravatar.com\/avatar\/9167d280179c85bc18be67aa7eda765854300033af4896dd779b608640f2ef7a?s=96&d=mm&r=g","url":"https:\/\/secure.gravatar.com\/avatar\/9167d280179c85bc18be67aa7eda765854300033af4896dd779b608640f2ef7a?s=96&d=mm&r=g","contentUrl":"https:\/\/secure.gravatar.com\/avatar\/9167d280179c85bc18be67aa7eda765854300033af4896dd779b608640f2ef7a?s=96&d=mm&r=g","caption":"Diario1 Diario1"},"url":"https:\/\/diariotextual.com\/inicio\/index.php\/author\/diario1\/"}]}},"_links":{"self":[{"href":"https:\/\/diariotextual.com\/inicio\/index.php\/wp-json\/wp\/v2\/posts\/17518","targetHints":{"allow":["GET"]}}],"collection":[{"href":"https:\/\/diariotextual.com\/inicio\/index.php\/wp-json\/wp\/v2\/posts"}],"about":[{"href":"https:\/\/diariotextual.com\/inicio\/index.php\/wp-json\/wp\/v2\/types\/post"}],"author":[{"embeddable":true,"href":"https:\/\/diariotextual.com\/inicio\/index.php\/wp-json\/wp\/v2\/users\/3"}],"replies":[{"embeddable":true,"href":"https:\/\/diariotextual.com\/inicio\/index.php\/wp-json\/wp\/v2\/comments?post=17518"}],"version-history":[{"count":3,"href":"https:\/\/diariotextual.com\/inicio\/index.php\/wp-json\/wp\/v2\/posts\/17518\/revisions"}],"predecessor-version":[{"id":17522,"href":"https:\/\/diariotextual.com\/inicio\/index.php\/wp-json\/wp\/v2\/posts\/17518\/revisions\/17522"}],"wp:featuredmedia":[{"embeddable":true,"href":"https:\/\/diariotextual.com\/inicio\/index.php\/wp-json\/wp\/v2\/media\/17520"}],"wp:attachment":[{"href":"https:\/\/diariotextual.com\/inicio\/index.php\/wp-json\/wp\/v2\/media?parent=17518"}],"wp:term":[{"taxonomy":"category","embeddable":true,"href":"https:\/\/diariotextual.com\/inicio\/index.php\/wp-json\/wp\/v2\/categories?post=17518"},{"taxonomy":"post_tag","embeddable":true,"href":"https:\/\/diariotextual.com\/inicio\/index.php\/wp-json\/wp\/v2\/tags?post=17518"}],"curies":[{"name":"wp","href":"https:\/\/api.w.org\/{rel}","templated":true}]}}