{"id":175275,"date":"2022-01-04T14:33:37","date_gmt":"2022-01-04T17:33:37","guid":{"rendered":"https:\/\/diariotextual.com\/inicio\/?p=175275"},"modified":"2022-01-04T17:17:00","modified_gmt":"2022-01-04T20:17:00","slug":"siniestros-viales-en-2021-se-registraron-46-victimas-fatales-en-la-pampa","status":"publish","type":"post","link":"https:\/\/diariotextual.com\/inicio\/index.php\/2022\/01\/04\/siniestros-viales-en-2021-se-registraron-46-victimas-fatales-en-la-pampa\/","title":{"rendered":"Siniestros viales en 2021: se registraron 46 v\u00edctimas fatales en La Pampa"},"content":{"rendered":"\n<p>Seg\u00fan datos relevados por el Departamento de Operaciones Policiales, dependiente de la Jefatura de la Polic\u00eda de La Pampa, <strong>durante el a\u00f1o 2021 se registraron un total de 46 v\u00edctimas fatales en siniestros viales <\/strong>en nuestra provincia.&nbsp;<\/p>\n\n\n\n<p>Si bien las cifras <strong>sobrepasan las registradas el 2020 (37 v\u00edctimas) y el 2019 (41) se registra una baja significativa con los a\u00f1os anteriores<\/strong>. Esto se relaciona, adem\u00e1s de con el trabajo estrat\u00e9gico, con los fuertes mecanismos preventivos impulsados durante la pandemia y la merma de circulaci\u00f3n social registrada durante los meses de entrada en vigencia de las normativas de aislamiento social, preventivo y obligatorio, por la suba de casos, detall\u00f3 el Ministerio de Seguridad de La Pampa.<\/p>\n\n\n\n<p>De esta forma, <strong>el 2021 se ubic\u00f3 dentro de las tres cifras m\u00e1s bajas de v\u00edctimas fatales de los \u00faltimos 10 a\u00f1os<\/strong>, donde la m\u00e1s baja fue la del 2020, seguida por las 41 registradas en 2019. En contraposici\u00f3n, la <strong>estad\u00edstica m\u00e1s alta corresponde al a\u00f1o 2013 con 104 muertes.<\/strong><\/p>\n\n\n\n<p>Recorriendo los \u00faltimos 11 a\u00f1os se aprecia que en 2009 el n\u00famero total de v\u00edctimas mortales fue de 90, en 2010 de 88, en 2011 de 78, en 2012 de 81, en 2013 de 104, en 2014 de 60, en 2015 de 86, en 2016 de 73, en 2017 de 73, en 2018 de 69, 2019 de 41, en 2020 se registraron un total de 37, y en el reciente 2021 de 46.<\/p>\n\n\n\n<p>Conjuntamente se utiliza el software inteligente de fiscalizaci\u00f3n Pampa Seguridad Activa a trav\u00e9s del cual durante el saliente a\u00f1o se registr\u00f3 el paso de 404.521 veh\u00edculos con la correspondiente fiscalizaci\u00f3n de los conductores y un total de 306.640 acompa\u00f1antes. Adem\u00e1s, se registraron 213 veh\u00edculos con pedido de secuestro, 1634 prohibiciones de circulaci\u00f3n y 85 inhabilitaciones para circular.<\/p>\n\n\n\n<p>Adem\u00e1s, junto a la Agencia Nacional de Seguridad Vial (ANSV), las provincias de todo el pa\u00eds y diferentes municipios se realiza de forma mensual la Alcoholemia Federal donde se realizan controles de forma en simult\u00e1nea en todo el pa\u00eds.<\/p>\n\n\n\n<p>Estas acciones cuentan con puestos fijos de controles vehiculares y m\u00faltiples operativos m\u00f3viles, rotativos y patrullajes preventivos, con el fin de abarcar un mayor rango de inspecci\u00f3n para persuadir y evitar cualquier tipo de infracci\u00f3n de tr\u00e1nsito.<\/p>\n\n\n\n<p>Adem\u00e1s, actualmente est\u00e1 en marcha el Programa Cuidar Vidas edici\u00f3n Verano 2021\/22 que responde a una pol\u00edtica de Estado del Gobierno de La Pampa que se debe a la gran cantidad de veh\u00edculos que circulan durante el per\u00edodo de vacaciones.<\/p>\n","protected":false},"excerpt":{"rendered":"<p>Seg\u00fan datos relevados por el Departamento de Operaciones Policiales, dependiente de la Jefatura de la Polic\u00eda de La Pampa, durante el a\u00f1o 2021 se registraron un total de 46 v\u00edctimas&hellip;<\/p>\n","protected":false},"author":5,"featured_media":173928,"comment_status":"closed","ping_status":"open","sticky":false,"template":"","format":"standard","meta":{"_acf_changed":false,"footnotes":""},"categories":[10,12],"tags":[100,2535,6445],"class_list":["post-175275","post","type-post","status-publish","format-standard","has-post-thumbnail","hentry","category-portada-2","category-sociedad","tag-la-pampa","tag-siniestros-viales","tag-victimas-fatales"],"acf":[],"yoast_head":"<!-- This site is optimized with the Yoast SEO plugin v27.5 - https:\/\/yoast.com\/product\/yoast-seo-wordpress\/ -->\n<title>Siniestros viales en 2021: se registraron 46 v\u00edctimas fatales en La Pampa - Diario Textual<\/title>\n<meta name=\"robots\" content=\"index, follow, max-snippet:-1, max-image-preview:large, max-video-preview:-1\" \/>\n<link rel=\"canonical\" href=\"https:\/\/diariotextual.com\/inicio\/index.php\/2022\/01\/04\/siniestros-viales-en-2021-se-registraron-46-victimas-fatales-en-la-pampa\/\" \/>\n<meta property=\"og:locale\" content=\"es_ES\" \/>\n<meta property=\"og:type\" content=\"article\" \/>\n<meta property=\"og:title\" content=\"Siniestros viales en 2021: se registraron 46 v\u00edctimas fatales en La Pampa - Diario Textual\" \/>\n<meta property=\"og:description\" content=\"Seg\u00fan datos relevados por el Departamento de Operaciones Policiales, dependiente de la Jefatura de la Polic\u00eda de La Pampa, durante el a\u00f1o 2021 se registraron un total de 46 v\u00edctimas&hellip;\" \/>\n<meta property=\"og:url\" content=\"https:\/\/diariotextual.com\/inicio\/index.php\/2022\/01\/04\/siniestros-viales-en-2021-se-registraron-46-victimas-fatales-en-la-pampa\/\" \/>\n<meta property=\"og:site_name\" content=\"Diario Textual\" \/>\n<meta property=\"article:publisher\" content=\"https:\/\/www.facebook.com\/eltextual\" \/>\n<meta property=\"article:published_time\" content=\"2022-01-04T17:33:37+00:00\" \/>\n<meta property=\"article:modified_time\" content=\"2022-01-04T20:17:00+00:00\" \/>\n<meta property=\"og:image\" content=\"https:\/\/diariotextual.com\/inicio\/wp-content\/uploads\/2021\/12\/choqueruta5santarosa21diciembre2021-1.jpg\" \/>\n\t<meta property=\"og:image:width\" content=\"868\" \/>\n\t<meta property=\"og:image:height\" content=\"491\" \/>\n\t<meta property=\"og:image:type\" content=\"image\/jpeg\" \/>\n<meta name=\"author\" content=\"diario3\" \/>\n<meta name=\"twitter:card\" content=\"summary_large_image\" \/>\n<meta name=\"twitter:creator\" content=\"@eltextual\" \/>\n<meta name=\"twitter:site\" content=\"@eltextual\" \/>\n<meta name=\"twitter:label1\" content=\"Escrito por\" \/>\n\t<meta name=\"twitter:data1\" content=\"diario3\" \/>\n\t<meta name=\"twitter:label2\" content=\"Tiempo de lectura\" \/>\n\t<meta name=\"twitter:data2\" content=\"2 minutos\" \/>\n<script type=\"application\/ld+json\" class=\"yoast-schema-graph\">{\"@context\":\"https:\\\/\\\/schema.org\",\"@graph\":[{\"@type\":\"Article\",\"@id\":\"https:\\\/\\\/diariotextual.com\\\/inicio\\\/index.php\\\/2022\\\/01\\\/04\\\/siniestros-viales-en-2021-se-registraron-46-victimas-fatales-en-la-pampa\\\/#article\",\"isPartOf\":{\"@id\":\"https:\\\/\\\/diariotextual.com\\\/inicio\\\/index.php\\\/2022\\\/01\\\/04\\\/siniestros-viales-en-2021-se-registraron-46-victimas-fatales-en-la-pampa\\\/\"},\"author\":{\"name\":\"diario3\",\"@id\":\"https:\\\/\\\/diariotextual.com\\\/inicio\\\/#\\\/schema\\\/person\\\/a1b6f563e0ee944c60f98119389a4d9f\"},\"headline\":\"Siniestros viales en 2021: se registraron 46 v\u00edctimas fatales en La Pampa\",\"datePublished\":\"2022-01-04T17:33:37+00:00\",\"dateModified\":\"2022-01-04T20:17:00+00:00\",\"mainEntityOfPage\":{\"@id\":\"https:\\\/\\\/diariotextual.com\\\/inicio\\\/index.php\\\/2022\\\/01\\\/04\\\/siniestros-viales-en-2021-se-registraron-46-victimas-fatales-en-la-pampa\\\/\"},\"wordCount\":420,\"publisher\":{\"@id\":\"https:\\\/\\\/diariotextual.com\\\/inicio\\\/#organization\"},\"image\":{\"@id\":\"https:\\\/\\\/diariotextual.com\\\/inicio\\\/index.php\\\/2022\\\/01\\\/04\\\/siniestros-viales-en-2021-se-registraron-46-victimas-fatales-en-la-pampa\\\/#primaryimage\"},\"thumbnailUrl\":\"https:\\\/\\\/diariotextual.com\\\/inicio\\\/wp-content\\\/uploads\\\/2021\\\/12\\\/choqueruta5santarosa21diciembre2021-1.jpg\",\"keywords\":[\"la pampa\",\"siniestros viales\",\"victimas fatales\"],\"articleSection\":[\"A - PORTADA2\",\"SOCIEDAD\"],\"inLanguage\":\"es\"},{\"@type\":\"WebPage\",\"@id\":\"https:\\\/\\\/diariotextual.com\\\/inicio\\\/index.php\\\/2022\\\/01\\\/04\\\/siniestros-viales-en-2021-se-registraron-46-victimas-fatales-en-la-pampa\\\/\",\"url\":\"https:\\\/\\\/diariotextual.com\\\/inicio\\\/index.php\\\/2022\\\/01\\\/04\\\/siniestros-viales-en-2021-se-registraron-46-victimas-fatales-en-la-pampa\\\/\",\"name\":\"Siniestros viales en 2021: se registraron 46 v\u00edctimas fatales en La Pampa - Diario Textual\",\"isPartOf\":{\"@id\":\"https:\\\/\\\/diariotextual.com\\\/inicio\\\/#website\"},\"primaryImageOfPage\":{\"@id\":\"https:\\\/\\\/diariotextual.com\\\/inicio\\\/index.php\\\/2022\\\/01\\\/04\\\/siniestros-viales-en-2021-se-registraron-46-victimas-fatales-en-la-pampa\\\/#primaryimage\"},\"image\":{\"@id\":\"https:\\\/\\\/diariotextual.com\\\/inicio\\\/index.php\\\/2022\\\/01\\\/04\\\/siniestros-viales-en-2021-se-registraron-46-victimas-fatales-en-la-pampa\\\/#primaryimage\"},\"thumbnailUrl\":\"https:\\\/\\\/diariotextual.com\\\/inicio\\\/wp-content\\\/uploads\\\/2021\\\/12\\\/choqueruta5santarosa21diciembre2021-1.jpg\",\"datePublished\":\"2022-01-04T17:33:37+00:00\",\"dateModified\":\"2022-01-04T20:17:00+00:00\",\"breadcrumb\":{\"@id\":\"https:\\\/\\\/diariotextual.com\\\/inicio\\\/index.php\\\/2022\\\/01\\\/04\\\/siniestros-viales-en-2021-se-registraron-46-victimas-fatales-en-la-pampa\\\/#breadcrumb\"},\"inLanguage\":\"es\",\"potentialAction\":[{\"@type\":\"ReadAction\",\"target\":[\"https:\\\/\\\/diariotextual.com\\\/inicio\\\/index.php\\\/2022\\\/01\\\/04\\\/siniestros-viales-en-2021-se-registraron-46-victimas-fatales-en-la-pampa\\\/\"]}]},{\"@type\":\"ImageObject\",\"inLanguage\":\"es\",\"@id\":\"https:\\\/\\\/diariotextual.com\\\/inicio\\\/index.php\\\/2022\\\/01\\\/04\\\/siniestros-viales-en-2021-se-registraron-46-victimas-fatales-en-la-pampa\\\/#primaryimage\",\"url\":\"https:\\\/\\\/diariotextual.com\\\/inicio\\\/wp-content\\\/uploads\\\/2021\\\/12\\\/choqueruta5santarosa21diciembre2021-1.jpg\",\"contentUrl\":\"https:\\\/\\\/diariotextual.com\\\/inicio\\\/wp-content\\\/uploads\\\/2021\\\/12\\\/choqueruta5santarosa21diciembre2021-1.jpg\",\"width\":868,\"height\":491},{\"@type\":\"BreadcrumbList\",\"@id\":\"https:\\\/\\\/diariotextual.com\\\/inicio\\\/index.php\\\/2022\\\/01\\\/04\\\/siniestros-viales-en-2021-se-registraron-46-victimas-fatales-en-la-pampa\\\/#breadcrumb\",\"itemListElement\":[{\"@type\":\"ListItem\",\"position\":1,\"name\":\"Portada\",\"item\":\"https:\\\/\\\/diariotextual.com\\\/inicio\\\/\"},{\"@type\":\"ListItem\",\"position\":2,\"name\":\"Siniestros viales en 2021: se registraron 46 v\u00edctimas fatales en La Pampa\"}]},{\"@type\":\"WebSite\",\"@id\":\"https:\\\/\\\/diariotextual.com\\\/inicio\\\/#website\",\"url\":\"https:\\\/\\\/diariotextual.com\\\/inicio\\\/\",\"name\":\"Diario Textual\",\"description\":\"\",\"publisher\":{\"@id\":\"https:\\\/\\\/diariotextual.com\\\/inicio\\\/#organization\"},\"potentialAction\":[{\"@type\":\"SearchAction\",\"target\":{\"@type\":\"EntryPoint\",\"urlTemplate\":\"https:\\\/\\\/diariotextual.com\\\/inicio\\\/?s={search_term_string}\"},\"query-input\":{\"@type\":\"PropertyValueSpecification\",\"valueRequired\":true,\"valueName\":\"search_term_string\"}}],\"inLanguage\":\"es\"},{\"@type\":\"Organization\",\"@id\":\"https:\\\/\\\/diariotextual.com\\\/inicio\\\/#organization\",\"name\":\"Diario Textual\",\"url\":\"https:\\\/\\\/diariotextual.com\\\/inicio\\\/\",\"logo\":{\"@type\":\"ImageObject\",\"inLanguage\":\"es\",\"@id\":\"https:\\\/\\\/diariotextual.com\\\/inicio\\\/#\\\/schema\\\/logo\\\/image\\\/\",\"url\":\"https:\\\/\\\/diariotextual.com\\\/inicio\\\/wp-content\\\/uploads\\\/2023\\\/05\\\/logotextual1.jpg\",\"contentUrl\":\"https:\\\/\\\/diariotextual.com\\\/inicio\\\/wp-content\\\/uploads\\\/2023\\\/05\\\/logotextual1.jpg\",\"width\":516,\"height\":76,\"caption\":\"Diario Textual\"},\"image\":{\"@id\":\"https:\\\/\\\/diariotextual.com\\\/inicio\\\/#\\\/schema\\\/logo\\\/image\\\/\"},\"sameAs\":[\"https:\\\/\\\/www.facebook.com\\\/eltextual\",\"https:\\\/\\\/x.com\\\/eltextual\",\"http:\\\/\\\/www.instagram.com\\\/eltextual\"]},{\"@type\":\"Person\",\"@id\":\"https:\\\/\\\/diariotextual.com\\\/inicio\\\/#\\\/schema\\\/person\\\/a1b6f563e0ee944c60f98119389a4d9f\",\"name\":\"diario3\",\"image\":{\"@type\":\"ImageObject\",\"inLanguage\":\"es\",\"@id\":\"https:\\\/\\\/secure.gravatar.com\\\/avatar\\\/5e7ee62c82fc04d9dd79d746a390d93c69c43223e5faeeb3ea9461ef752bfc5d?s=96&d=mm&r=g\",\"url\":\"https:\\\/\\\/secure.gravatar.com\\\/avatar\\\/5e7ee62c82fc04d9dd79d746a390d93c69c43223e5faeeb3ea9461ef752bfc5d?s=96&d=mm&r=g\",\"contentUrl\":\"https:\\\/\\\/secure.gravatar.com\\\/avatar\\\/5e7ee62c82fc04d9dd79d746a390d93c69c43223e5faeeb3ea9461ef752bfc5d?s=96&d=mm&r=g\",\"caption\":\"diario3\"},\"url\":\"https:\\\/\\\/diariotextual.com\\\/inicio\\\/index.php\\\/author\\\/diario3\\\/\"}]}<\/script>\n<!-- \/ Yoast SEO plugin. -->","yoast_head_json":{"title":"Siniestros viales en 2021: se registraron 46 v\u00edctimas fatales en La Pampa - Diario Textual","robots":{"index":"index","follow":"follow","max-snippet":"max-snippet:-1","max-image-preview":"max-image-preview:large","max-video-preview":"max-video-preview:-1"},"canonical":"https:\/\/diariotextual.com\/inicio\/index.php\/2022\/01\/04\/siniestros-viales-en-2021-se-registraron-46-victimas-fatales-en-la-pampa\/","og_locale":"es_ES","og_type":"article","og_title":"Siniestros viales en 2021: se registraron 46 v\u00edctimas fatales en La Pampa - Diario Textual","og_description":"Seg\u00fan datos relevados por el Departamento de Operaciones Policiales, dependiente de la Jefatura de la Polic\u00eda de La Pampa, durante el a\u00f1o 2021 se registraron un total de 46 v\u00edctimas&hellip;","og_url":"https:\/\/diariotextual.com\/inicio\/index.php\/2022\/01\/04\/siniestros-viales-en-2021-se-registraron-46-victimas-fatales-en-la-pampa\/","og_site_name":"Diario Textual","article_publisher":"https:\/\/www.facebook.com\/eltextual","article_published_time":"2022-01-04T17:33:37+00:00","article_modified_time":"2022-01-04T20:17:00+00:00","og_image":[{"width":868,"height":491,"url":"https:\/\/diariotextual.com\/inicio\/wp-content\/uploads\/2021\/12\/choqueruta5santarosa21diciembre2021-1.jpg","type":"image\/jpeg"}],"author":"diario3","twitter_card":"summary_large_image","twitter_creator":"@eltextual","twitter_site":"@eltextual","twitter_misc":{"Escrito por":"diario3","Tiempo de lectura":"2 minutos"},"schema":{"@context":"https:\/\/schema.org","@graph":[{"@type":"Article","@id":"https:\/\/diariotextual.com\/inicio\/index.php\/2022\/01\/04\/siniestros-viales-en-2021-se-registraron-46-victimas-fatales-en-la-pampa\/#article","isPartOf":{"@id":"https:\/\/diariotextual.com\/inicio\/index.php\/2022\/01\/04\/siniestros-viales-en-2021-se-registraron-46-victimas-fatales-en-la-pampa\/"},"author":{"name":"diario3","@id":"https:\/\/diariotextual.com\/inicio\/#\/schema\/person\/a1b6f563e0ee944c60f98119389a4d9f"},"headline":"Siniestros viales en 2021: se registraron 46 v\u00edctimas fatales en La Pampa","datePublished":"2022-01-04T17:33:37+00:00","dateModified":"2022-01-04T20:17:00+00:00","mainEntityOfPage":{"@id":"https:\/\/diariotextual.com\/inicio\/index.php\/2022\/01\/04\/siniestros-viales-en-2021-se-registraron-46-victimas-fatales-en-la-pampa\/"},"wordCount":420,"publisher":{"@id":"https:\/\/diariotextual.com\/inicio\/#organization"},"image":{"@id":"https:\/\/diariotextual.com\/inicio\/index.php\/2022\/01\/04\/siniestros-viales-en-2021-se-registraron-46-victimas-fatales-en-la-pampa\/#primaryimage"},"thumbnailUrl":"https:\/\/diariotextual.com\/inicio\/wp-content\/uploads\/2021\/12\/choqueruta5santarosa21diciembre2021-1.jpg","keywords":["la pampa","siniestros viales","victimas fatales"],"articleSection":["A - PORTADA2","SOCIEDAD"],"inLanguage":"es"},{"@type":"WebPage","@id":"https:\/\/diariotextual.com\/inicio\/index.php\/2022\/01\/04\/siniestros-viales-en-2021-se-registraron-46-victimas-fatales-en-la-pampa\/","url":"https:\/\/diariotextual.com\/inicio\/index.php\/2022\/01\/04\/siniestros-viales-en-2021-se-registraron-46-victimas-fatales-en-la-pampa\/","name":"Siniestros viales en 2021: se registraron 46 v\u00edctimas fatales en La Pampa - Diario Textual","isPartOf":{"@id":"https:\/\/diariotextual.com\/inicio\/#website"},"primaryImageOfPage":{"@id":"https:\/\/diariotextual.com\/inicio\/index.php\/2022\/01\/04\/siniestros-viales-en-2021-se-registraron-46-victimas-fatales-en-la-pampa\/#primaryimage"},"image":{"@id":"https:\/\/diariotextual.com\/inicio\/index.php\/2022\/01\/04\/siniestros-viales-en-2021-se-registraron-46-victimas-fatales-en-la-pampa\/#primaryimage"},"thumbnailUrl":"https:\/\/diariotextual.com\/inicio\/wp-content\/uploads\/2021\/12\/choqueruta5santarosa21diciembre2021-1.jpg","datePublished":"2022-01-04T17:33:37+00:00","dateModified":"2022-01-04T20:17:00+00:00","breadcrumb":{"@id":"https:\/\/diariotextual.com\/inicio\/index.php\/2022\/01\/04\/siniestros-viales-en-2021-se-registraron-46-victimas-fatales-en-la-pampa\/#breadcrumb"},"inLanguage":"es","potentialAction":[{"@type":"ReadAction","target":["https:\/\/diariotextual.com\/inicio\/index.php\/2022\/01\/04\/siniestros-viales-en-2021-se-registraron-46-victimas-fatales-en-la-pampa\/"]}]},{"@type":"ImageObject","inLanguage":"es","@id":"https:\/\/diariotextual.com\/inicio\/index.php\/2022\/01\/04\/siniestros-viales-en-2021-se-registraron-46-victimas-fatales-en-la-pampa\/#primaryimage","url":"https:\/\/diariotextual.com\/inicio\/wp-content\/uploads\/2021\/12\/choqueruta5santarosa21diciembre2021-1.jpg","contentUrl":"https:\/\/diariotextual.com\/inicio\/wp-content\/uploads\/2021\/12\/choqueruta5santarosa21diciembre2021-1.jpg","width":868,"height":491},{"@type":"BreadcrumbList","@id":"https:\/\/diariotextual.com\/inicio\/index.php\/2022\/01\/04\/siniestros-viales-en-2021-se-registraron-46-victimas-fatales-en-la-pampa\/#breadcrumb","itemListElement":[{"@type":"ListItem","position":1,"name":"Portada","item":"https:\/\/diariotextual.com\/inicio\/"},{"@type":"ListItem","position":2,"name":"Siniestros viales en 2021: se registraron 46 v\u00edctimas fatales en La Pampa"}]},{"@type":"WebSite","@id":"https:\/\/diariotextual.com\/inicio\/#website","url":"https:\/\/diariotextual.com\/inicio\/","name":"Diario Textual","description":"","publisher":{"@id":"https:\/\/diariotextual.com\/inicio\/#organization"},"potentialAction":[{"@type":"SearchAction","target":{"@type":"EntryPoint","urlTemplate":"https:\/\/diariotextual.com\/inicio\/?s={search_term_string}"},"query-input":{"@type":"PropertyValueSpecification","valueRequired":true,"valueName":"search_term_string"}}],"inLanguage":"es"},{"@type":"Organization","@id":"https:\/\/diariotextual.com\/inicio\/#organization","name":"Diario Textual","url":"https:\/\/diariotextual.com\/inicio\/","logo":{"@type":"ImageObject","inLanguage":"es","@id":"https:\/\/diariotextual.com\/inicio\/#\/schema\/logo\/image\/","url":"https:\/\/diariotextual.com\/inicio\/wp-content\/uploads\/2023\/05\/logotextual1.jpg","contentUrl":"https:\/\/diariotextual.com\/inicio\/wp-content\/uploads\/2023\/05\/logotextual1.jpg","width":516,"height":76,"caption":"Diario Textual"},"image":{"@id":"https:\/\/diariotextual.com\/inicio\/#\/schema\/logo\/image\/"},"sameAs":["https:\/\/www.facebook.com\/eltextual","https:\/\/x.com\/eltextual","http:\/\/www.instagram.com\/eltextual"]},{"@type":"Person","@id":"https:\/\/diariotextual.com\/inicio\/#\/schema\/person\/a1b6f563e0ee944c60f98119389a4d9f","name":"diario3","image":{"@type":"ImageObject","inLanguage":"es","@id":"https:\/\/secure.gravatar.com\/avatar\/5e7ee62c82fc04d9dd79d746a390d93c69c43223e5faeeb3ea9461ef752bfc5d?s=96&d=mm&r=g","url":"https:\/\/secure.gravatar.com\/avatar\/5e7ee62c82fc04d9dd79d746a390d93c69c43223e5faeeb3ea9461ef752bfc5d?s=96&d=mm&r=g","contentUrl":"https:\/\/secure.gravatar.com\/avatar\/5e7ee62c82fc04d9dd79d746a390d93c69c43223e5faeeb3ea9461ef752bfc5d?s=96&d=mm&r=g","caption":"diario3"},"url":"https:\/\/diariotextual.com\/inicio\/index.php\/author\/diario3\/"}]}},"_links":{"self":[{"href":"https:\/\/diariotextual.com\/inicio\/index.php\/wp-json\/wp\/v2\/posts\/175275","targetHints":{"allow":["GET"]}}],"collection":[{"href":"https:\/\/diariotextual.com\/inicio\/index.php\/wp-json\/wp\/v2\/posts"}],"about":[{"href":"https:\/\/diariotextual.com\/inicio\/index.php\/wp-json\/wp\/v2\/types\/post"}],"author":[{"embeddable":true,"href":"https:\/\/diariotextual.com\/inicio\/index.php\/wp-json\/wp\/v2\/users\/5"}],"replies":[{"embeddable":true,"href":"https:\/\/diariotextual.com\/inicio\/index.php\/wp-json\/wp\/v2\/comments?post=175275"}],"version-history":[{"count":2,"href":"https:\/\/diariotextual.com\/inicio\/index.php\/wp-json\/wp\/v2\/posts\/175275\/revisions"}],"predecessor-version":[{"id":175284,"href":"https:\/\/diariotextual.com\/inicio\/index.php\/wp-json\/wp\/v2\/posts\/175275\/revisions\/175284"}],"wp:featuredmedia":[{"embeddable":true,"href":"https:\/\/diariotextual.com\/inicio\/index.php\/wp-json\/wp\/v2\/media\/173928"}],"wp:attachment":[{"href":"https:\/\/diariotextual.com\/inicio\/index.php\/wp-json\/wp\/v2\/media?parent=175275"}],"wp:term":[{"taxonomy":"category","embeddable":true,"href":"https:\/\/diariotextual.com\/inicio\/index.php\/wp-json\/wp\/v2\/categories?post=175275"},{"taxonomy":"post_tag","embeddable":true,"href":"https:\/\/diariotextual.com\/inicio\/index.php\/wp-json\/wp\/v2\/tags?post=175275"}],"curies":[{"name":"wp","href":"https:\/\/api.w.org\/{rel}","templated":true}]}}