{"id":175471,"date":"2022-01-06T09:54:48","date_gmt":"2022-01-06T12:54:48","guid":{"rendered":"https:\/\/diariotextual.com\/inicio\/?p=175471"},"modified":"2022-01-06T12:26:55","modified_gmt":"2022-01-06T15:26:55","slug":"telecomunicaciones-priorizara-la-atencion-de-usuarios-con-turno","status":"publish","type":"post","link":"https:\/\/diariotextual.com\/inicio\/index.php\/2022\/01\/06\/telecomunicaciones-priorizara-la-atencion-de-usuarios-con-turno\/","title":{"rendered":"Telecomunicaciones de la CPE priorizar\u00e1 la atenci\u00f3n de usuarios con turno"},"content":{"rendered":"\n<p>El \u00e1rea de Telecomunicaciones de la CPE informa que se est\u00e1 dando prioridad a la atenci\u00f3n de las y los usuarios que hayan solicitado previamente el turno correspondiente.<\/p>\n\n\n\n<p>Telecomunicaciones CPE sigue atendiendo en forma presencial en el sal\u00f3n de la Usina, sobre calle 1\u00ba de Mayo, de lunes a viernes de 8 a 14 horas. Los turnos se pueden solicitar en forma autom\u00e1tica ingresando al sitio\u00a0<a href=\"http:\/\/www.cpe.com.ar\/\" target=\"_blank\" rel=\"noreferrer noopener\">www.cpe.com.ar<\/a>.<\/p>\n\n\n\n<p>Tambi\u00e9n se puede&nbsp;requerir&nbsp;colaboraci\u00f3n&nbsp;en el n\u00famero de tel\u00e9fono 388100, del&nbsp;Centro de&nbsp;Llamados.<\/p>\n\n\n\n<p>Atentos al creciente n\u00famero de contagios y aislamientos de trabajadores\/as del \u00e1rea, la actual etapa de licencias del personal, y el respeto de las medidas de cuidados sanitarios, se requiere a nuestros asociados\/as la mayor colaboraci\u00f3n posible. Se solicita no generar aglomeraciones, el uso correcto de barbijos y el mantenimiento de la distancia social.<\/p>\n","protected":false},"excerpt":{"rendered":"<p>El \u00e1rea de Telecomunicaciones de la CPE informa que se est\u00e1 dando prioridad a la atenci\u00f3n de las y los usuarios que hayan solicitado previamente el turno correspondiente. Telecomunicaciones CPE&hellip;<\/p>\n","protected":false},"author":4,"featured_media":143036,"comment_status":"closed","ping_status":"open","sticky":false,"template":"","format":"standard","meta":{"_acf_changed":false,"footnotes":""},"categories":[10,12],"tags":[],"class_list":["post-175471","post","type-post","status-publish","format-standard","has-post-thumbnail","hentry","category-portada-2","category-sociedad"],"acf":[],"yoast_head":"<!-- This site is optimized with the Yoast SEO plugin v27.5 - https:\/\/yoast.com\/product\/yoast-seo-wordpress\/ -->\n<title>Telecomunicaciones de la CPE priorizar\u00e1 la atenci\u00f3n de usuarios con turno - Diario Textual<\/title>\n<meta name=\"robots\" content=\"index, follow, max-snippet:-1, max-image-preview:large, max-video-preview:-1\" \/>\n<link rel=\"canonical\" href=\"https:\/\/diariotextual.com\/inicio\/index.php\/2022\/01\/06\/telecomunicaciones-priorizara-la-atencion-de-usuarios-con-turno\/\" \/>\n<meta property=\"og:locale\" content=\"es_ES\" \/>\n<meta property=\"og:type\" content=\"article\" \/>\n<meta property=\"og:title\" content=\"Telecomunicaciones de la CPE priorizar\u00e1 la atenci\u00f3n de usuarios con turno - Diario Textual\" \/>\n<meta property=\"og:description\" content=\"El \u00e1rea de Telecomunicaciones de la CPE informa que se est\u00e1 dando prioridad a la atenci\u00f3n de las y los usuarios que hayan solicitado previamente el turno correspondiente. Telecomunicaciones CPE&hellip;\" \/>\n<meta property=\"og:url\" content=\"https:\/\/diariotextual.com\/inicio\/index.php\/2022\/01\/06\/telecomunicaciones-priorizara-la-atencion-de-usuarios-con-turno\/\" \/>\n<meta property=\"og:site_name\" content=\"Diario Textual\" \/>\n<meta property=\"article:publisher\" content=\"https:\/\/www.facebook.com\/eltextual\" \/>\n<meta property=\"article:published_time\" content=\"2022-01-06T12:54:48+00:00\" \/>\n<meta property=\"article:modified_time\" content=\"2022-01-06T15:26:55+00:00\" \/>\n<meta property=\"og:image\" content=\"https:\/\/diariotextual.com\/inicio\/wp-content\/uploads\/2021\/04\/cpetelecomunicacionesfactura2021-1.jpg\" \/>\n\t<meta property=\"og:image:width\" content=\"786\" \/>\n\t<meta property=\"og:image:height\" content=\"494\" \/>\n\t<meta property=\"og:image:type\" content=\"image\/jpeg\" \/>\n<meta name=\"author\" content=\"diario2\" \/>\n<meta name=\"twitter:card\" content=\"summary_large_image\" \/>\n<meta name=\"twitter:creator\" content=\"@eltextual\" \/>\n<meta name=\"twitter:site\" content=\"@eltextual\" \/>\n<meta name=\"twitter:label1\" content=\"Escrito por\" \/>\n\t<meta name=\"twitter:data1\" content=\"diario2\" \/>\n\t<meta name=\"twitter:label2\" content=\"Tiempo de lectura\" \/>\n\t<meta name=\"twitter:data2\" content=\"1 minuto\" \/>\n<script type=\"application\/ld+json\" class=\"yoast-schema-graph\">{\"@context\":\"https:\\\/\\\/schema.org\",\"@graph\":[{\"@type\":\"Article\",\"@id\":\"https:\\\/\\\/diariotextual.com\\\/inicio\\\/index.php\\\/2022\\\/01\\\/06\\\/telecomunicaciones-priorizara-la-atencion-de-usuarios-con-turno\\\/#article\",\"isPartOf\":{\"@id\":\"https:\\\/\\\/diariotextual.com\\\/inicio\\\/index.php\\\/2022\\\/01\\\/06\\\/telecomunicaciones-priorizara-la-atencion-de-usuarios-con-turno\\\/\"},\"author\":{\"name\":\"diario2\",\"@id\":\"https:\\\/\\\/diariotextual.com\\\/inicio\\\/#\\\/schema\\\/person\\\/694f60677f23c4a530867a98f22b3768\"},\"headline\":\"Telecomunicaciones de la CPE priorizar\u00e1 la atenci\u00f3n de usuarios con turno\",\"datePublished\":\"2022-01-06T12:54:48+00:00\",\"dateModified\":\"2022-01-06T15:26:55+00:00\",\"mainEntityOfPage\":{\"@id\":\"https:\\\/\\\/diariotextual.com\\\/inicio\\\/index.php\\\/2022\\\/01\\\/06\\\/telecomunicaciones-priorizara-la-atencion-de-usuarios-con-turno\\\/\"},\"wordCount\":163,\"publisher\":{\"@id\":\"https:\\\/\\\/diariotextual.com\\\/inicio\\\/#organization\"},\"image\":{\"@id\":\"https:\\\/\\\/diariotextual.com\\\/inicio\\\/index.php\\\/2022\\\/01\\\/06\\\/telecomunicaciones-priorizara-la-atencion-de-usuarios-con-turno\\\/#primaryimage\"},\"thumbnailUrl\":\"https:\\\/\\\/diariotextual.com\\\/inicio\\\/wp-content\\\/uploads\\\/2021\\\/04\\\/cpetelecomunicacionesfactura2021-1.jpg\",\"articleSection\":[\"A - PORTADA2\",\"SOCIEDAD\"],\"inLanguage\":\"es\"},{\"@type\":\"WebPage\",\"@id\":\"https:\\\/\\\/diariotextual.com\\\/inicio\\\/index.php\\\/2022\\\/01\\\/06\\\/telecomunicaciones-priorizara-la-atencion-de-usuarios-con-turno\\\/\",\"url\":\"https:\\\/\\\/diariotextual.com\\\/inicio\\\/index.php\\\/2022\\\/01\\\/06\\\/telecomunicaciones-priorizara-la-atencion-de-usuarios-con-turno\\\/\",\"name\":\"Telecomunicaciones de la CPE priorizar\u00e1 la atenci\u00f3n de usuarios con turno - Diario Textual\",\"isPartOf\":{\"@id\":\"https:\\\/\\\/diariotextual.com\\\/inicio\\\/#website\"},\"primaryImageOfPage\":{\"@id\":\"https:\\\/\\\/diariotextual.com\\\/inicio\\\/index.php\\\/2022\\\/01\\\/06\\\/telecomunicaciones-priorizara-la-atencion-de-usuarios-con-turno\\\/#primaryimage\"},\"image\":{\"@id\":\"https:\\\/\\\/diariotextual.com\\\/inicio\\\/index.php\\\/2022\\\/01\\\/06\\\/telecomunicaciones-priorizara-la-atencion-de-usuarios-con-turno\\\/#primaryimage\"},\"thumbnailUrl\":\"https:\\\/\\\/diariotextual.com\\\/inicio\\\/wp-content\\\/uploads\\\/2021\\\/04\\\/cpetelecomunicacionesfactura2021-1.jpg\",\"datePublished\":\"2022-01-06T12:54:48+00:00\",\"dateModified\":\"2022-01-06T15:26:55+00:00\",\"breadcrumb\":{\"@id\":\"https:\\\/\\\/diariotextual.com\\\/inicio\\\/index.php\\\/2022\\\/01\\\/06\\\/telecomunicaciones-priorizara-la-atencion-de-usuarios-con-turno\\\/#breadcrumb\"},\"inLanguage\":\"es\",\"potentialAction\":[{\"@type\":\"ReadAction\",\"target\":[\"https:\\\/\\\/diariotextual.com\\\/inicio\\\/index.php\\\/2022\\\/01\\\/06\\\/telecomunicaciones-priorizara-la-atencion-de-usuarios-con-turno\\\/\"]}]},{\"@type\":\"ImageObject\",\"inLanguage\":\"es\",\"@id\":\"https:\\\/\\\/diariotextual.com\\\/inicio\\\/index.php\\\/2022\\\/01\\\/06\\\/telecomunicaciones-priorizara-la-atencion-de-usuarios-con-turno\\\/#primaryimage\",\"url\":\"https:\\\/\\\/diariotextual.com\\\/inicio\\\/wp-content\\\/uploads\\\/2021\\\/04\\\/cpetelecomunicacionesfactura2021-1.jpg\",\"contentUrl\":\"https:\\\/\\\/diariotextual.com\\\/inicio\\\/wp-content\\\/uploads\\\/2021\\\/04\\\/cpetelecomunicacionesfactura2021-1.jpg\",\"width\":786,\"height\":494},{\"@type\":\"BreadcrumbList\",\"@id\":\"https:\\\/\\\/diariotextual.com\\\/inicio\\\/index.php\\\/2022\\\/01\\\/06\\\/telecomunicaciones-priorizara-la-atencion-de-usuarios-con-turno\\\/#breadcrumb\",\"itemListElement\":[{\"@type\":\"ListItem\",\"position\":1,\"name\":\"Portada\",\"item\":\"https:\\\/\\\/diariotextual.com\\\/inicio\\\/\"},{\"@type\":\"ListItem\",\"position\":2,\"name\":\"Telecomunicaciones de la CPE priorizar\u00e1 la atenci\u00f3n de usuarios con turno\"}]},{\"@type\":\"WebSite\",\"@id\":\"https:\\\/\\\/diariotextual.com\\\/inicio\\\/#website\",\"url\":\"https:\\\/\\\/diariotextual.com\\\/inicio\\\/\",\"name\":\"Diario Textual\",\"description\":\"\",\"publisher\":{\"@id\":\"https:\\\/\\\/diariotextual.com\\\/inicio\\\/#organization\"},\"potentialAction\":[{\"@type\":\"SearchAction\",\"target\":{\"@type\":\"EntryPoint\",\"urlTemplate\":\"https:\\\/\\\/diariotextual.com\\\/inicio\\\/?s={search_term_string}\"},\"query-input\":{\"@type\":\"PropertyValueSpecification\",\"valueRequired\":true,\"valueName\":\"search_term_string\"}}],\"inLanguage\":\"es\"},{\"@type\":\"Organization\",\"@id\":\"https:\\\/\\\/diariotextual.com\\\/inicio\\\/#organization\",\"name\":\"Diario Textual\",\"url\":\"https:\\\/\\\/diariotextual.com\\\/inicio\\\/\",\"logo\":{\"@type\":\"ImageObject\",\"inLanguage\":\"es\",\"@id\":\"https:\\\/\\\/diariotextual.com\\\/inicio\\\/#\\\/schema\\\/logo\\\/image\\\/\",\"url\":\"https:\\\/\\\/diariotextual.com\\\/inicio\\\/wp-content\\\/uploads\\\/2023\\\/05\\\/logotextual1.jpg\",\"contentUrl\":\"https:\\\/\\\/diariotextual.com\\\/inicio\\\/wp-content\\\/uploads\\\/2023\\\/05\\\/logotextual1.jpg\",\"width\":516,\"height\":76,\"caption\":\"Diario Textual\"},\"image\":{\"@id\":\"https:\\\/\\\/diariotextual.com\\\/inicio\\\/#\\\/schema\\\/logo\\\/image\\\/\"},\"sameAs\":[\"https:\\\/\\\/www.facebook.com\\\/eltextual\",\"https:\\\/\\\/x.com\\\/eltextual\",\"http:\\\/\\\/www.instagram.com\\\/eltextual\"]},{\"@type\":\"Person\",\"@id\":\"https:\\\/\\\/diariotextual.com\\\/inicio\\\/#\\\/schema\\\/person\\\/694f60677f23c4a530867a98f22b3768\",\"name\":\"diario2\",\"image\":{\"@type\":\"ImageObject\",\"inLanguage\":\"es\",\"@id\":\"https:\\\/\\\/secure.gravatar.com\\\/avatar\\\/5a2567495ba16b852fcd8f1ed006a2e24fcace936018ed8237e95f488ad6e0a7?s=96&d=mm&r=g\",\"url\":\"https:\\\/\\\/secure.gravatar.com\\\/avatar\\\/5a2567495ba16b852fcd8f1ed006a2e24fcace936018ed8237e95f488ad6e0a7?s=96&d=mm&r=g\",\"contentUrl\":\"https:\\\/\\\/secure.gravatar.com\\\/avatar\\\/5a2567495ba16b852fcd8f1ed006a2e24fcace936018ed8237e95f488ad6e0a7?s=96&d=mm&r=g\",\"caption\":\"diario2\"},\"url\":\"https:\\\/\\\/diariotextual.com\\\/inicio\\\/index.php\\\/author\\\/diario2\\\/\"}]}<\/script>\n<!-- \/ Yoast SEO plugin. -->","yoast_head_json":{"title":"Telecomunicaciones de la CPE priorizar\u00e1 la atenci\u00f3n de usuarios con turno - Diario Textual","robots":{"index":"index","follow":"follow","max-snippet":"max-snippet:-1","max-image-preview":"max-image-preview:large","max-video-preview":"max-video-preview:-1"},"canonical":"https:\/\/diariotextual.com\/inicio\/index.php\/2022\/01\/06\/telecomunicaciones-priorizara-la-atencion-de-usuarios-con-turno\/","og_locale":"es_ES","og_type":"article","og_title":"Telecomunicaciones de la CPE priorizar\u00e1 la atenci\u00f3n de usuarios con turno - Diario Textual","og_description":"El \u00e1rea de Telecomunicaciones de la CPE informa que se est\u00e1 dando prioridad a la atenci\u00f3n de las y los usuarios que hayan solicitado previamente el turno correspondiente. Telecomunicaciones CPE&hellip;","og_url":"https:\/\/diariotextual.com\/inicio\/index.php\/2022\/01\/06\/telecomunicaciones-priorizara-la-atencion-de-usuarios-con-turno\/","og_site_name":"Diario Textual","article_publisher":"https:\/\/www.facebook.com\/eltextual","article_published_time":"2022-01-06T12:54:48+00:00","article_modified_time":"2022-01-06T15:26:55+00:00","og_image":[{"width":786,"height":494,"url":"https:\/\/diariotextual.com\/inicio\/wp-content\/uploads\/2021\/04\/cpetelecomunicacionesfactura2021-1.jpg","type":"image\/jpeg"}],"author":"diario2","twitter_card":"summary_large_image","twitter_creator":"@eltextual","twitter_site":"@eltextual","twitter_misc":{"Escrito por":"diario2","Tiempo de lectura":"1 minuto"},"schema":{"@context":"https:\/\/schema.org","@graph":[{"@type":"Article","@id":"https:\/\/diariotextual.com\/inicio\/index.php\/2022\/01\/06\/telecomunicaciones-priorizara-la-atencion-de-usuarios-con-turno\/#article","isPartOf":{"@id":"https:\/\/diariotextual.com\/inicio\/index.php\/2022\/01\/06\/telecomunicaciones-priorizara-la-atencion-de-usuarios-con-turno\/"},"author":{"name":"diario2","@id":"https:\/\/diariotextual.com\/inicio\/#\/schema\/person\/694f60677f23c4a530867a98f22b3768"},"headline":"Telecomunicaciones de la CPE priorizar\u00e1 la atenci\u00f3n de usuarios con turno","datePublished":"2022-01-06T12:54:48+00:00","dateModified":"2022-01-06T15:26:55+00:00","mainEntityOfPage":{"@id":"https:\/\/diariotextual.com\/inicio\/index.php\/2022\/01\/06\/telecomunicaciones-priorizara-la-atencion-de-usuarios-con-turno\/"},"wordCount":163,"publisher":{"@id":"https:\/\/diariotextual.com\/inicio\/#organization"},"image":{"@id":"https:\/\/diariotextual.com\/inicio\/index.php\/2022\/01\/06\/telecomunicaciones-priorizara-la-atencion-de-usuarios-con-turno\/#primaryimage"},"thumbnailUrl":"https:\/\/diariotextual.com\/inicio\/wp-content\/uploads\/2021\/04\/cpetelecomunicacionesfactura2021-1.jpg","articleSection":["A - PORTADA2","SOCIEDAD"],"inLanguage":"es"},{"@type":"WebPage","@id":"https:\/\/diariotextual.com\/inicio\/index.php\/2022\/01\/06\/telecomunicaciones-priorizara-la-atencion-de-usuarios-con-turno\/","url":"https:\/\/diariotextual.com\/inicio\/index.php\/2022\/01\/06\/telecomunicaciones-priorizara-la-atencion-de-usuarios-con-turno\/","name":"Telecomunicaciones de la CPE priorizar\u00e1 la atenci\u00f3n de usuarios con turno - Diario Textual","isPartOf":{"@id":"https:\/\/diariotextual.com\/inicio\/#website"},"primaryImageOfPage":{"@id":"https:\/\/diariotextual.com\/inicio\/index.php\/2022\/01\/06\/telecomunicaciones-priorizara-la-atencion-de-usuarios-con-turno\/#primaryimage"},"image":{"@id":"https:\/\/diariotextual.com\/inicio\/index.php\/2022\/01\/06\/telecomunicaciones-priorizara-la-atencion-de-usuarios-con-turno\/#primaryimage"},"thumbnailUrl":"https:\/\/diariotextual.com\/inicio\/wp-content\/uploads\/2021\/04\/cpetelecomunicacionesfactura2021-1.jpg","datePublished":"2022-01-06T12:54:48+00:00","dateModified":"2022-01-06T15:26:55+00:00","breadcrumb":{"@id":"https:\/\/diariotextual.com\/inicio\/index.php\/2022\/01\/06\/telecomunicaciones-priorizara-la-atencion-de-usuarios-con-turno\/#breadcrumb"},"inLanguage":"es","potentialAction":[{"@type":"ReadAction","target":["https:\/\/diariotextual.com\/inicio\/index.php\/2022\/01\/06\/telecomunicaciones-priorizara-la-atencion-de-usuarios-con-turno\/"]}]},{"@type":"ImageObject","inLanguage":"es","@id":"https:\/\/diariotextual.com\/inicio\/index.php\/2022\/01\/06\/telecomunicaciones-priorizara-la-atencion-de-usuarios-con-turno\/#primaryimage","url":"https:\/\/diariotextual.com\/inicio\/wp-content\/uploads\/2021\/04\/cpetelecomunicacionesfactura2021-1.jpg","contentUrl":"https:\/\/diariotextual.com\/inicio\/wp-content\/uploads\/2021\/04\/cpetelecomunicacionesfactura2021-1.jpg","width":786,"height":494},{"@type":"BreadcrumbList","@id":"https:\/\/diariotextual.com\/inicio\/index.php\/2022\/01\/06\/telecomunicaciones-priorizara-la-atencion-de-usuarios-con-turno\/#breadcrumb","itemListElement":[{"@type":"ListItem","position":1,"name":"Portada","item":"https:\/\/diariotextual.com\/inicio\/"},{"@type":"ListItem","position":2,"name":"Telecomunicaciones de la CPE priorizar\u00e1 la atenci\u00f3n de usuarios con turno"}]},{"@type":"WebSite","@id":"https:\/\/diariotextual.com\/inicio\/#website","url":"https:\/\/diariotextual.com\/inicio\/","name":"Diario Textual","description":"","publisher":{"@id":"https:\/\/diariotextual.com\/inicio\/#organization"},"potentialAction":[{"@type":"SearchAction","target":{"@type":"EntryPoint","urlTemplate":"https:\/\/diariotextual.com\/inicio\/?s={search_term_string}"},"query-input":{"@type":"PropertyValueSpecification","valueRequired":true,"valueName":"search_term_string"}}],"inLanguage":"es"},{"@type":"Organization","@id":"https:\/\/diariotextual.com\/inicio\/#organization","name":"Diario Textual","url":"https:\/\/diariotextual.com\/inicio\/","logo":{"@type":"ImageObject","inLanguage":"es","@id":"https:\/\/diariotextual.com\/inicio\/#\/schema\/logo\/image\/","url":"https:\/\/diariotextual.com\/inicio\/wp-content\/uploads\/2023\/05\/logotextual1.jpg","contentUrl":"https:\/\/diariotextual.com\/inicio\/wp-content\/uploads\/2023\/05\/logotextual1.jpg","width":516,"height":76,"caption":"Diario Textual"},"image":{"@id":"https:\/\/diariotextual.com\/inicio\/#\/schema\/logo\/image\/"},"sameAs":["https:\/\/www.facebook.com\/eltextual","https:\/\/x.com\/eltextual","http:\/\/www.instagram.com\/eltextual"]},{"@type":"Person","@id":"https:\/\/diariotextual.com\/inicio\/#\/schema\/person\/694f60677f23c4a530867a98f22b3768","name":"diario2","image":{"@type":"ImageObject","inLanguage":"es","@id":"https:\/\/secure.gravatar.com\/avatar\/5a2567495ba16b852fcd8f1ed006a2e24fcace936018ed8237e95f488ad6e0a7?s=96&d=mm&r=g","url":"https:\/\/secure.gravatar.com\/avatar\/5a2567495ba16b852fcd8f1ed006a2e24fcace936018ed8237e95f488ad6e0a7?s=96&d=mm&r=g","contentUrl":"https:\/\/secure.gravatar.com\/avatar\/5a2567495ba16b852fcd8f1ed006a2e24fcace936018ed8237e95f488ad6e0a7?s=96&d=mm&r=g","caption":"diario2"},"url":"https:\/\/diariotextual.com\/inicio\/index.php\/author\/diario2\/"}]}},"_links":{"self":[{"href":"https:\/\/diariotextual.com\/inicio\/index.php\/wp-json\/wp\/v2\/posts\/175471","targetHints":{"allow":["GET"]}}],"collection":[{"href":"https:\/\/diariotextual.com\/inicio\/index.php\/wp-json\/wp\/v2\/posts"}],"about":[{"href":"https:\/\/diariotextual.com\/inicio\/index.php\/wp-json\/wp\/v2\/types\/post"}],"author":[{"embeddable":true,"href":"https:\/\/diariotextual.com\/inicio\/index.php\/wp-json\/wp\/v2\/users\/4"}],"replies":[{"embeddable":true,"href":"https:\/\/diariotextual.com\/inicio\/index.php\/wp-json\/wp\/v2\/comments?post=175471"}],"version-history":[{"count":3,"href":"https:\/\/diariotextual.com\/inicio\/index.php\/wp-json\/wp\/v2\/posts\/175471\/revisions"}],"predecessor-version":[{"id":175478,"href":"https:\/\/diariotextual.com\/inicio\/index.php\/wp-json\/wp\/v2\/posts\/175471\/revisions\/175478"}],"wp:featuredmedia":[{"embeddable":true,"href":"https:\/\/diariotextual.com\/inicio\/index.php\/wp-json\/wp\/v2\/media\/143036"}],"wp:attachment":[{"href":"https:\/\/diariotextual.com\/inicio\/index.php\/wp-json\/wp\/v2\/media?parent=175471"}],"wp:term":[{"taxonomy":"category","embeddable":true,"href":"https:\/\/diariotextual.com\/inicio\/index.php\/wp-json\/wp\/v2\/categories?post=175471"},{"taxonomy":"post_tag","embeddable":true,"href":"https:\/\/diariotextual.com\/inicio\/index.php\/wp-json\/wp\/v2\/tags?post=175471"}],"curies":[{"name":"wp","href":"https:\/\/api.w.org\/{rel}","templated":true}]}}