{"id":175477,"date":"2022-01-06T10:05:53","date_gmt":"2022-01-06T13:05:53","guid":{"rendered":"https:\/\/diariotextual.com\/inicio\/?p=175477"},"modified":"2022-01-06T17:12:52","modified_gmt":"2022-01-06T20:12:52","slug":"covid-como-quedo-el-nuevo-esquema-de-aislamiento-en-la-provincia","status":"publish","type":"post","link":"https:\/\/diariotextual.com\/inicio\/index.php\/2022\/01\/06\/covid-como-quedo-el-nuevo-esquema-de-aislamiento-en-la-provincia\/","title":{"rendered":"Covid: c\u00f3mo qued\u00f3 el nuevo esquema de aislamiento en la provincia"},"content":{"rendered":"\n<p>En esta semana, <strong>La Pampa implement\u00f3 cambios en el esquema de aislamiento de los casos positivos y los contactos estrechos.<\/strong><\/p>\n\n\n\n<p>Esa medida fue avalada ayer, tambi\u00e9n, por la ministra de Salud de la Naci\u00f3n, <strong>Carla Vizzotti<\/strong>, y sus pares de las 24 jurisdicciones en el marco del Consejo Federal de Salud (Cofesa).<\/p>\n\n\n\n<p>Adem\u00e1s, se defini\u00f3 que el intervalo para la aplicaci\u00f3n de las dosis de refuerzo baje de 6 a cuatro meses en todo el pa\u00eds. Esa medida ya se estaba aplicando tambi\u00e9n en La Pampa.<\/p>\n\n\n\n<p>El esquema de aislamiento qued\u00f3 de la siguiente manera:<\/p>\n\n\n\n<p><em>-Casos confirmados con esquema de vacunaci\u00f3n completa (dos dosis): el aislamiento es por 7 d\u00edas, m\u00e1s 3 d\u00edas de extremar cuidados.<\/em><\/p>\n\n\n\n<p><em>-Casos confirmados sin vacunaci\u00f3n o con esquema incompleto (una dosis): deben aislarse por 10 d\u00edas.<\/em><\/p>\n\n\n\n<p><em>-Contacto estrecho con esquema de vacunaci\u00f3n completo (dos dosis):  deben aislarse por 5 d\u00edas y otros 5 d\u00edas de extremar cuidados (es decir,  hasta completar los 10 d\u00edas se deben reforzar los cuidados).<\/em><\/p>\n\n\n\n<p><em>-Contacto estrecho sin vacunaci\u00f3n o con esquema incompleto (una sola dosis): debe realizar los 10 d\u00edas de aislamiento.<\/em><\/p>\n\n\n\n<figure class=\"wp-block-gallery columns-2 is-cropped wp-block-gallery-1 is-layout-flex wp-block-gallery-is-layout-flex\"><ul class=\"blocks-gallery-grid\"><li class=\"blocks-gallery-item\"><figure><img fetchpriority=\"high\" decoding=\"async\" width=\"1024\" height=\"1024\" src=\"https:\/\/diariotextual.com\/inicio\/wp-content\/uploads\/2022\/01\/coronavirusplacas6enero2022-1-1024x1024.jpeg\" alt=\"\" data-id=\"175500\" data-full-url=\"https:\/\/diariotextual.com\/inicio\/wp-content\/uploads\/2022\/01\/coronavirusplacas6enero2022-1.jpeg\" data-link=\"https:\/\/diariotextual.com\/inicio\/index.php\/2022\/01\/06\/covid-como-quedo-el-nuevo-esquema-de-aislamiento-en-la-provincia\/coronavirusplacas6enero2022-1\/\" class=\"wp-image-175500\" srcset=\"https:\/\/diariotextual.com\/inicio\/wp-content\/uploads\/2022\/01\/coronavirusplacas6enero2022-1-1024x1024.jpeg 1024w, https:\/\/diariotextual.com\/inicio\/wp-content\/uploads\/2022\/01\/coronavirusplacas6enero2022-1-300x300.jpeg 300w, https:\/\/diariotextual.com\/inicio\/wp-content\/uploads\/2022\/01\/coronavirusplacas6enero2022-1-150x150.jpeg 150w, https:\/\/diariotextual.com\/inicio\/wp-content\/uploads\/2022\/01\/coronavirusplacas6enero2022-1-768x768.jpeg 768w, https:\/\/diariotextual.com\/inicio\/wp-content\/uploads\/2022\/01\/coronavirusplacas6enero2022-1-1170x1170.jpeg 1170w, https:\/\/diariotextual.com\/inicio\/wp-content\/uploads\/2022\/01\/coronavirusplacas6enero2022-1-585x585.jpeg 585w, https:\/\/diariotextual.com\/inicio\/wp-content\/uploads\/2022\/01\/coronavirusplacas6enero2022-1.jpeg 1280w\" sizes=\"(max-width: 1024px) 100vw, 1024px\" \/><\/figure><\/li><li class=\"blocks-gallery-item\"><figure><img decoding=\"async\" width=\"1024\" height=\"1024\" src=\"https:\/\/diariotextual.com\/inicio\/wp-content\/uploads\/2022\/01\/coronavirusplacas6enero2022-2-1024x1024.jpeg\" alt=\"\" data-id=\"175499\" data-full-url=\"https:\/\/diariotextual.com\/inicio\/wp-content\/uploads\/2022\/01\/coronavirusplacas6enero2022-2.jpeg\" data-link=\"https:\/\/diariotextual.com\/inicio\/index.php\/2022\/01\/06\/covid-como-quedo-el-nuevo-esquema-de-aislamiento-en-la-provincia\/coronavirusplacas6enero2022-2\/\" class=\"wp-image-175499\" srcset=\"https:\/\/diariotextual.com\/inicio\/wp-content\/uploads\/2022\/01\/coronavirusplacas6enero2022-2-1024x1024.jpeg 1024w, https:\/\/diariotextual.com\/inicio\/wp-content\/uploads\/2022\/01\/coronavirusplacas6enero2022-2-300x300.jpeg 300w, https:\/\/diariotextual.com\/inicio\/wp-content\/uploads\/2022\/01\/coronavirusplacas6enero2022-2-150x150.jpeg 150w, https:\/\/diariotextual.com\/inicio\/wp-content\/uploads\/2022\/01\/coronavirusplacas6enero2022-2-768x767.jpeg 768w, https:\/\/diariotextual.com\/inicio\/wp-content\/uploads\/2022\/01\/coronavirusplacas6enero2022-2-1170x1169.jpeg 1170w, https:\/\/diariotextual.com\/inicio\/wp-content\/uploads\/2022\/01\/coronavirusplacas6enero2022-2-585x585.jpeg 585w, https:\/\/diariotextual.com\/inicio\/wp-content\/uploads\/2022\/01\/coronavirusplacas6enero2022-2.jpeg 1280w\" sizes=\"(max-width: 1024px) 100vw, 1024px\" \/><\/figure><\/li><\/ul><\/figure>\n\n\n\n<p>En tanto, el Ministerio de Salud de La Pampa decidi\u00f3 que, <strong>debido a la cantidad de hisopados realizados y con el fin de garantizar la capacidad diagn\u00f3stica, se realizan ant\u00edgenos \u00fanicamente a casos sospechosos de coronavirus y contactos estrechos sintom\u00e1ticos.<\/strong><\/p>\n\n\n\n<p>Es decir, da prioridad a la detecci\u00f3n de casos que tengan sospecha cl\u00ednica epidemiol\u00f3gica y no se realizan hisopados a aquellas personas que sean contactos estrechos asintom\u00e1ticos en aislamiento, o aquellos ciudadanos que soliciten la prueba por otro motivo que no sean cuestiones de salud.<\/p>\n\n\n\n<figure class=\"wp-block-embed is-type-wp-embed is-provider-diario-textual wp-block-embed-diario-textual\"><div class=\"wp-block-embed__wrapper\">\n<blockquote class=\"wp-embedded-content\" data-secret=\"dx93Q9n051\"><a href=\"https:\/\/diariotextual.com\/inicio\/index.php\/2022\/01\/06\/habilitan-nuevo-puesto-de-hisopados-en-santa-rosa\/\">Habilitan nuevo puesto de hisopados en Santa Rosa<\/a><\/blockquote><iframe class=\"wp-embedded-content\" sandbox=\"allow-scripts\" security=\"restricted\" style=\"position: absolute; clip: rect(1px, 1px, 1px, 1px);\" title=\"\u00abHabilitan nuevo puesto de hisopados en Santa Rosa\u00bb \u2014 Diario Textual\" src=\"https:\/\/diariotextual.com\/inicio\/index.php\/2022\/01\/06\/habilitan-nuevo-puesto-de-hisopados-en-santa-rosa\/embed\/#?secret=dx93Q9n051\" data-secret=\"dx93Q9n051\" width=\"600\" height=\"338\" frameborder=\"0\" marginwidth=\"0\" marginheight=\"0\" scrolling=\"no\"><\/iframe>\n<\/div><\/figure>\n","protected":false},"excerpt":{"rendered":"<p>En esta semana, La Pampa implement\u00f3 cambios en el esquema de aislamiento de los casos positivos y los contactos estrechos. Esa medida fue avalada ayer, tambi\u00e9n, por la ministra de&hellip;<\/p>\n","protected":false},"author":3,"featured_media":175484,"comment_status":"closed","ping_status":"open","sticky":false,"template":"","format":"standard","meta":{"_acf_changed":false,"footnotes":""},"categories":[10,12],"tags":[2662,2899],"class_list":["post-175477","post","type-post","status-publish","format-standard","has-post-thumbnail","hentry","category-portada-2","category-sociedad","tag-coronavirus","tag-covid"],"acf":[],"yoast_head":"<!-- This site is optimized with the Yoast SEO plugin v27.5 - https:\/\/yoast.com\/product\/yoast-seo-wordpress\/ -->\n<title>Covid: c\u00f3mo qued\u00f3 el nuevo esquema de aislamiento en la provincia - Diario Textual<\/title>\n<meta name=\"robots\" content=\"index, follow, max-snippet:-1, max-image-preview:large, max-video-preview:-1\" \/>\n<link rel=\"canonical\" href=\"https:\/\/diariotextual.com\/inicio\/index.php\/2022\/01\/06\/covid-como-quedo-el-nuevo-esquema-de-aislamiento-en-la-provincia\/\" \/>\n<meta property=\"og:locale\" content=\"es_ES\" \/>\n<meta property=\"og:type\" content=\"article\" \/>\n<meta property=\"og:title\" content=\"Covid: c\u00f3mo qued\u00f3 el nuevo esquema de aislamiento en la provincia - Diario Textual\" \/>\n<meta property=\"og:description\" content=\"En esta semana, La Pampa implement\u00f3 cambios en el esquema de aislamiento de los casos positivos y los contactos estrechos. Esa medida fue avalada ayer, tambi\u00e9n, por la ministra de&hellip;\" \/>\n<meta property=\"og:url\" content=\"https:\/\/diariotextual.com\/inicio\/index.php\/2022\/01\/06\/covid-como-quedo-el-nuevo-esquema-de-aislamiento-en-la-provincia\/\" \/>\n<meta property=\"og:site_name\" content=\"Diario Textual\" \/>\n<meta property=\"article:publisher\" content=\"https:\/\/www.facebook.com\/eltextual\" \/>\n<meta property=\"article:published_time\" content=\"2022-01-06T13:05:53+00:00\" \/>\n<meta property=\"article:modified_time\" content=\"2022-01-06T20:12:52+00:00\" \/>\n<meta property=\"og:image\" content=\"https:\/\/diariotextual.com\/inicio\/wp-content\/uploads\/2022\/01\/coronaviruslapampa2022-2.jpeg\" \/>\n\t<meta property=\"og:image:width\" content=\"1280\" \/>\n\t<meta property=\"og:image:height\" content=\"853\" \/>\n\t<meta property=\"og:image:type\" content=\"image\/jpeg\" \/>\n<meta name=\"author\" content=\"Diario1 Diario1\" \/>\n<meta name=\"twitter:card\" content=\"summary_large_image\" \/>\n<meta name=\"twitter:creator\" content=\"@eltextual\" \/>\n<meta name=\"twitter:site\" content=\"@eltextual\" \/>\n<meta name=\"twitter:label1\" content=\"Escrito por\" \/>\n\t<meta name=\"twitter:data1\" content=\"Diario1 Diario1\" \/>\n\t<meta name=\"twitter:label2\" content=\"Tiempo de lectura\" \/>\n\t<meta name=\"twitter:data2\" content=\"2 minutos\" \/>\n<script type=\"application\/ld+json\" class=\"yoast-schema-graph\">{\"@context\":\"https:\\\/\\\/schema.org\",\"@graph\":[{\"@type\":\"Article\",\"@id\":\"https:\\\/\\\/diariotextual.com\\\/inicio\\\/index.php\\\/2022\\\/01\\\/06\\\/covid-como-quedo-el-nuevo-esquema-de-aislamiento-en-la-provincia\\\/#article\",\"isPartOf\":{\"@id\":\"https:\\\/\\\/diariotextual.com\\\/inicio\\\/index.php\\\/2022\\\/01\\\/06\\\/covid-como-quedo-el-nuevo-esquema-de-aislamiento-en-la-provincia\\\/\"},\"author\":{\"name\":\"Diario1 Diario1\",\"@id\":\"https:\\\/\\\/diariotextual.com\\\/inicio\\\/#\\\/schema\\\/person\\\/418fc4093c33e86ed41562db3508f958\"},\"headline\":\"Covid: c\u00f3mo qued\u00f3 el nuevo esquema de aislamiento en la provincia\",\"datePublished\":\"2022-01-06T13:05:53+00:00\",\"dateModified\":\"2022-01-06T20:12:52+00:00\",\"mainEntityOfPage\":{\"@id\":\"https:\\\/\\\/diariotextual.com\\\/inicio\\\/index.php\\\/2022\\\/01\\\/06\\\/covid-como-quedo-el-nuevo-esquema-de-aislamiento-en-la-provincia\\\/\"},\"wordCount\":302,\"publisher\":{\"@id\":\"https:\\\/\\\/diariotextual.com\\\/inicio\\\/#organization\"},\"image\":{\"@id\":\"https:\\\/\\\/diariotextual.com\\\/inicio\\\/index.php\\\/2022\\\/01\\\/06\\\/covid-como-quedo-el-nuevo-esquema-de-aislamiento-en-la-provincia\\\/#primaryimage\"},\"thumbnailUrl\":\"https:\\\/\\\/diariotextual.com\\\/inicio\\\/wp-content\\\/uploads\\\/2022\\\/01\\\/coronaviruslapampa2022-2.jpeg\",\"keywords\":[\"coronavirus\",\"covid\"],\"articleSection\":[\"A - PORTADA2\",\"SOCIEDAD\"],\"inLanguage\":\"es\"},{\"@type\":\"WebPage\",\"@id\":\"https:\\\/\\\/diariotextual.com\\\/inicio\\\/index.php\\\/2022\\\/01\\\/06\\\/covid-como-quedo-el-nuevo-esquema-de-aislamiento-en-la-provincia\\\/\",\"url\":\"https:\\\/\\\/diariotextual.com\\\/inicio\\\/index.php\\\/2022\\\/01\\\/06\\\/covid-como-quedo-el-nuevo-esquema-de-aislamiento-en-la-provincia\\\/\",\"name\":\"Covid: c\u00f3mo qued\u00f3 el nuevo esquema de aislamiento en la provincia - Diario Textual\",\"isPartOf\":{\"@id\":\"https:\\\/\\\/diariotextual.com\\\/inicio\\\/#website\"},\"primaryImageOfPage\":{\"@id\":\"https:\\\/\\\/diariotextual.com\\\/inicio\\\/index.php\\\/2022\\\/01\\\/06\\\/covid-como-quedo-el-nuevo-esquema-de-aislamiento-en-la-provincia\\\/#primaryimage\"},\"image\":{\"@id\":\"https:\\\/\\\/diariotextual.com\\\/inicio\\\/index.php\\\/2022\\\/01\\\/06\\\/covid-como-quedo-el-nuevo-esquema-de-aislamiento-en-la-provincia\\\/#primaryimage\"},\"thumbnailUrl\":\"https:\\\/\\\/diariotextual.com\\\/inicio\\\/wp-content\\\/uploads\\\/2022\\\/01\\\/coronaviruslapampa2022-2.jpeg\",\"datePublished\":\"2022-01-06T13:05:53+00:00\",\"dateModified\":\"2022-01-06T20:12:52+00:00\",\"breadcrumb\":{\"@id\":\"https:\\\/\\\/diariotextual.com\\\/inicio\\\/index.php\\\/2022\\\/01\\\/06\\\/covid-como-quedo-el-nuevo-esquema-de-aislamiento-en-la-provincia\\\/#breadcrumb\"},\"inLanguage\":\"es\",\"potentialAction\":[{\"@type\":\"ReadAction\",\"target\":[\"https:\\\/\\\/diariotextual.com\\\/inicio\\\/index.php\\\/2022\\\/01\\\/06\\\/covid-como-quedo-el-nuevo-esquema-de-aislamiento-en-la-provincia\\\/\"]}]},{\"@type\":\"ImageObject\",\"inLanguage\":\"es\",\"@id\":\"https:\\\/\\\/diariotextual.com\\\/inicio\\\/index.php\\\/2022\\\/01\\\/06\\\/covid-como-quedo-el-nuevo-esquema-de-aislamiento-en-la-provincia\\\/#primaryimage\",\"url\":\"https:\\\/\\\/diariotextual.com\\\/inicio\\\/wp-content\\\/uploads\\\/2022\\\/01\\\/coronaviruslapampa2022-2.jpeg\",\"contentUrl\":\"https:\\\/\\\/diariotextual.com\\\/inicio\\\/wp-content\\\/uploads\\\/2022\\\/01\\\/coronaviruslapampa2022-2.jpeg\",\"width\":1280,\"height\":853},{\"@type\":\"BreadcrumbList\",\"@id\":\"https:\\\/\\\/diariotextual.com\\\/inicio\\\/index.php\\\/2022\\\/01\\\/06\\\/covid-como-quedo-el-nuevo-esquema-de-aislamiento-en-la-provincia\\\/#breadcrumb\",\"itemListElement\":[{\"@type\":\"ListItem\",\"position\":1,\"name\":\"Portada\",\"item\":\"https:\\\/\\\/diariotextual.com\\\/inicio\\\/\"},{\"@type\":\"ListItem\",\"position\":2,\"name\":\"Covid: c\u00f3mo qued\u00f3 el nuevo esquema de aislamiento en la provincia\"}]},{\"@type\":\"WebSite\",\"@id\":\"https:\\\/\\\/diariotextual.com\\\/inicio\\\/#website\",\"url\":\"https:\\\/\\\/diariotextual.com\\\/inicio\\\/\",\"name\":\"Diario Textual\",\"description\":\"\",\"publisher\":{\"@id\":\"https:\\\/\\\/diariotextual.com\\\/inicio\\\/#organization\"},\"potentialAction\":[{\"@type\":\"SearchAction\",\"target\":{\"@type\":\"EntryPoint\",\"urlTemplate\":\"https:\\\/\\\/diariotextual.com\\\/inicio\\\/?s={search_term_string}\"},\"query-input\":{\"@type\":\"PropertyValueSpecification\",\"valueRequired\":true,\"valueName\":\"search_term_string\"}}],\"inLanguage\":\"es\"},{\"@type\":\"Organization\",\"@id\":\"https:\\\/\\\/diariotextual.com\\\/inicio\\\/#organization\",\"name\":\"Diario Textual\",\"url\":\"https:\\\/\\\/diariotextual.com\\\/inicio\\\/\",\"logo\":{\"@type\":\"ImageObject\",\"inLanguage\":\"es\",\"@id\":\"https:\\\/\\\/diariotextual.com\\\/inicio\\\/#\\\/schema\\\/logo\\\/image\\\/\",\"url\":\"https:\\\/\\\/diariotextual.com\\\/inicio\\\/wp-content\\\/uploads\\\/2023\\\/05\\\/logotextual1.jpg\",\"contentUrl\":\"https:\\\/\\\/diariotextual.com\\\/inicio\\\/wp-content\\\/uploads\\\/2023\\\/05\\\/logotextual1.jpg\",\"width\":516,\"height\":76,\"caption\":\"Diario Textual\"},\"image\":{\"@id\":\"https:\\\/\\\/diariotextual.com\\\/inicio\\\/#\\\/schema\\\/logo\\\/image\\\/\"},\"sameAs\":[\"https:\\\/\\\/www.facebook.com\\\/eltextual\",\"https:\\\/\\\/x.com\\\/eltextual\",\"http:\\\/\\\/www.instagram.com\\\/eltextual\"]},{\"@type\":\"Person\",\"@id\":\"https:\\\/\\\/diariotextual.com\\\/inicio\\\/#\\\/schema\\\/person\\\/418fc4093c33e86ed41562db3508f958\",\"name\":\"Diario1 Diario1\",\"image\":{\"@type\":\"ImageObject\",\"inLanguage\":\"es\",\"@id\":\"https:\\\/\\\/secure.gravatar.com\\\/avatar\\\/9167d280179c85bc18be67aa7eda765854300033af4896dd779b608640f2ef7a?s=96&d=mm&r=g\",\"url\":\"https:\\\/\\\/secure.gravatar.com\\\/avatar\\\/9167d280179c85bc18be67aa7eda765854300033af4896dd779b608640f2ef7a?s=96&d=mm&r=g\",\"contentUrl\":\"https:\\\/\\\/secure.gravatar.com\\\/avatar\\\/9167d280179c85bc18be67aa7eda765854300033af4896dd779b608640f2ef7a?s=96&d=mm&r=g\",\"caption\":\"Diario1 Diario1\"},\"url\":\"https:\\\/\\\/diariotextual.com\\\/inicio\\\/index.php\\\/author\\\/diario1\\\/\"}]}<\/script>\n<!-- \/ Yoast SEO plugin. -->","yoast_head_json":{"title":"Covid: c\u00f3mo qued\u00f3 el nuevo esquema de aislamiento en la provincia - Diario Textual","robots":{"index":"index","follow":"follow","max-snippet":"max-snippet:-1","max-image-preview":"max-image-preview:large","max-video-preview":"max-video-preview:-1"},"canonical":"https:\/\/diariotextual.com\/inicio\/index.php\/2022\/01\/06\/covid-como-quedo-el-nuevo-esquema-de-aislamiento-en-la-provincia\/","og_locale":"es_ES","og_type":"article","og_title":"Covid: c\u00f3mo qued\u00f3 el nuevo esquema de aislamiento en la provincia - Diario Textual","og_description":"En esta semana, La Pampa implement\u00f3 cambios en el esquema de aislamiento de los casos positivos y los contactos estrechos. Esa medida fue avalada ayer, tambi\u00e9n, por la ministra de&hellip;","og_url":"https:\/\/diariotextual.com\/inicio\/index.php\/2022\/01\/06\/covid-como-quedo-el-nuevo-esquema-de-aislamiento-en-la-provincia\/","og_site_name":"Diario Textual","article_publisher":"https:\/\/www.facebook.com\/eltextual","article_published_time":"2022-01-06T13:05:53+00:00","article_modified_time":"2022-01-06T20:12:52+00:00","og_image":[{"width":1280,"height":853,"url":"https:\/\/diariotextual.com\/inicio\/wp-content\/uploads\/2022\/01\/coronaviruslapampa2022-2.jpeg","type":"image\/jpeg"}],"author":"Diario1 Diario1","twitter_card":"summary_large_image","twitter_creator":"@eltextual","twitter_site":"@eltextual","twitter_misc":{"Escrito por":"Diario1 Diario1","Tiempo de lectura":"2 minutos"},"schema":{"@context":"https:\/\/schema.org","@graph":[{"@type":"Article","@id":"https:\/\/diariotextual.com\/inicio\/index.php\/2022\/01\/06\/covid-como-quedo-el-nuevo-esquema-de-aislamiento-en-la-provincia\/#article","isPartOf":{"@id":"https:\/\/diariotextual.com\/inicio\/index.php\/2022\/01\/06\/covid-como-quedo-el-nuevo-esquema-de-aislamiento-en-la-provincia\/"},"author":{"name":"Diario1 Diario1","@id":"https:\/\/diariotextual.com\/inicio\/#\/schema\/person\/418fc4093c33e86ed41562db3508f958"},"headline":"Covid: c\u00f3mo qued\u00f3 el nuevo esquema de aislamiento en la provincia","datePublished":"2022-01-06T13:05:53+00:00","dateModified":"2022-01-06T20:12:52+00:00","mainEntityOfPage":{"@id":"https:\/\/diariotextual.com\/inicio\/index.php\/2022\/01\/06\/covid-como-quedo-el-nuevo-esquema-de-aislamiento-en-la-provincia\/"},"wordCount":302,"publisher":{"@id":"https:\/\/diariotextual.com\/inicio\/#organization"},"image":{"@id":"https:\/\/diariotextual.com\/inicio\/index.php\/2022\/01\/06\/covid-como-quedo-el-nuevo-esquema-de-aislamiento-en-la-provincia\/#primaryimage"},"thumbnailUrl":"https:\/\/diariotextual.com\/inicio\/wp-content\/uploads\/2022\/01\/coronaviruslapampa2022-2.jpeg","keywords":["coronavirus","covid"],"articleSection":["A - PORTADA2","SOCIEDAD"],"inLanguage":"es"},{"@type":"WebPage","@id":"https:\/\/diariotextual.com\/inicio\/index.php\/2022\/01\/06\/covid-como-quedo-el-nuevo-esquema-de-aislamiento-en-la-provincia\/","url":"https:\/\/diariotextual.com\/inicio\/index.php\/2022\/01\/06\/covid-como-quedo-el-nuevo-esquema-de-aislamiento-en-la-provincia\/","name":"Covid: c\u00f3mo qued\u00f3 el nuevo esquema de aislamiento en la provincia - Diario Textual","isPartOf":{"@id":"https:\/\/diariotextual.com\/inicio\/#website"},"primaryImageOfPage":{"@id":"https:\/\/diariotextual.com\/inicio\/index.php\/2022\/01\/06\/covid-como-quedo-el-nuevo-esquema-de-aislamiento-en-la-provincia\/#primaryimage"},"image":{"@id":"https:\/\/diariotextual.com\/inicio\/index.php\/2022\/01\/06\/covid-como-quedo-el-nuevo-esquema-de-aislamiento-en-la-provincia\/#primaryimage"},"thumbnailUrl":"https:\/\/diariotextual.com\/inicio\/wp-content\/uploads\/2022\/01\/coronaviruslapampa2022-2.jpeg","datePublished":"2022-01-06T13:05:53+00:00","dateModified":"2022-01-06T20:12:52+00:00","breadcrumb":{"@id":"https:\/\/diariotextual.com\/inicio\/index.php\/2022\/01\/06\/covid-como-quedo-el-nuevo-esquema-de-aislamiento-en-la-provincia\/#breadcrumb"},"inLanguage":"es","potentialAction":[{"@type":"ReadAction","target":["https:\/\/diariotextual.com\/inicio\/index.php\/2022\/01\/06\/covid-como-quedo-el-nuevo-esquema-de-aislamiento-en-la-provincia\/"]}]},{"@type":"ImageObject","inLanguage":"es","@id":"https:\/\/diariotextual.com\/inicio\/index.php\/2022\/01\/06\/covid-como-quedo-el-nuevo-esquema-de-aislamiento-en-la-provincia\/#primaryimage","url":"https:\/\/diariotextual.com\/inicio\/wp-content\/uploads\/2022\/01\/coronaviruslapampa2022-2.jpeg","contentUrl":"https:\/\/diariotextual.com\/inicio\/wp-content\/uploads\/2022\/01\/coronaviruslapampa2022-2.jpeg","width":1280,"height":853},{"@type":"BreadcrumbList","@id":"https:\/\/diariotextual.com\/inicio\/index.php\/2022\/01\/06\/covid-como-quedo-el-nuevo-esquema-de-aislamiento-en-la-provincia\/#breadcrumb","itemListElement":[{"@type":"ListItem","position":1,"name":"Portada","item":"https:\/\/diariotextual.com\/inicio\/"},{"@type":"ListItem","position":2,"name":"Covid: c\u00f3mo qued\u00f3 el nuevo esquema de aislamiento en la provincia"}]},{"@type":"WebSite","@id":"https:\/\/diariotextual.com\/inicio\/#website","url":"https:\/\/diariotextual.com\/inicio\/","name":"Diario Textual","description":"","publisher":{"@id":"https:\/\/diariotextual.com\/inicio\/#organization"},"potentialAction":[{"@type":"SearchAction","target":{"@type":"EntryPoint","urlTemplate":"https:\/\/diariotextual.com\/inicio\/?s={search_term_string}"},"query-input":{"@type":"PropertyValueSpecification","valueRequired":true,"valueName":"search_term_string"}}],"inLanguage":"es"},{"@type":"Organization","@id":"https:\/\/diariotextual.com\/inicio\/#organization","name":"Diario Textual","url":"https:\/\/diariotextual.com\/inicio\/","logo":{"@type":"ImageObject","inLanguage":"es","@id":"https:\/\/diariotextual.com\/inicio\/#\/schema\/logo\/image\/","url":"https:\/\/diariotextual.com\/inicio\/wp-content\/uploads\/2023\/05\/logotextual1.jpg","contentUrl":"https:\/\/diariotextual.com\/inicio\/wp-content\/uploads\/2023\/05\/logotextual1.jpg","width":516,"height":76,"caption":"Diario Textual"},"image":{"@id":"https:\/\/diariotextual.com\/inicio\/#\/schema\/logo\/image\/"},"sameAs":["https:\/\/www.facebook.com\/eltextual","https:\/\/x.com\/eltextual","http:\/\/www.instagram.com\/eltextual"]},{"@type":"Person","@id":"https:\/\/diariotextual.com\/inicio\/#\/schema\/person\/418fc4093c33e86ed41562db3508f958","name":"Diario1 Diario1","image":{"@type":"ImageObject","inLanguage":"es","@id":"https:\/\/secure.gravatar.com\/avatar\/9167d280179c85bc18be67aa7eda765854300033af4896dd779b608640f2ef7a?s=96&d=mm&r=g","url":"https:\/\/secure.gravatar.com\/avatar\/9167d280179c85bc18be67aa7eda765854300033af4896dd779b608640f2ef7a?s=96&d=mm&r=g","contentUrl":"https:\/\/secure.gravatar.com\/avatar\/9167d280179c85bc18be67aa7eda765854300033af4896dd779b608640f2ef7a?s=96&d=mm&r=g","caption":"Diario1 Diario1"},"url":"https:\/\/diariotextual.com\/inicio\/index.php\/author\/diario1\/"}]}},"_links":{"self":[{"href":"https:\/\/diariotextual.com\/inicio\/index.php\/wp-json\/wp\/v2\/posts\/175477","targetHints":{"allow":["GET"]}}],"collection":[{"href":"https:\/\/diariotextual.com\/inicio\/index.php\/wp-json\/wp\/v2\/posts"}],"about":[{"href":"https:\/\/diariotextual.com\/inicio\/index.php\/wp-json\/wp\/v2\/types\/post"}],"author":[{"embeddable":true,"href":"https:\/\/diariotextual.com\/inicio\/index.php\/wp-json\/wp\/v2\/users\/3"}],"replies":[{"embeddable":true,"href":"https:\/\/diariotextual.com\/inicio\/index.php\/wp-json\/wp\/v2\/comments?post=175477"}],"version-history":[{"count":14,"href":"https:\/\/diariotextual.com\/inicio\/index.php\/wp-json\/wp\/v2\/posts\/175477\/revisions"}],"predecessor-version":[{"id":175505,"href":"https:\/\/diariotextual.com\/inicio\/index.php\/wp-json\/wp\/v2\/posts\/175477\/revisions\/175505"}],"wp:featuredmedia":[{"embeddable":true,"href":"https:\/\/diariotextual.com\/inicio\/index.php\/wp-json\/wp\/v2\/media\/175484"}],"wp:attachment":[{"href":"https:\/\/diariotextual.com\/inicio\/index.php\/wp-json\/wp\/v2\/media?parent=175477"}],"wp:term":[{"taxonomy":"category","embeddable":true,"href":"https:\/\/diariotextual.com\/inicio\/index.php\/wp-json\/wp\/v2\/categories?post=175477"},{"taxonomy":"post_tag","embeddable":true,"href":"https:\/\/diariotextual.com\/inicio\/index.php\/wp-json\/wp\/v2\/tags?post=175477"}],"curies":[{"name":"wp","href":"https:\/\/api.w.org\/{rel}","templated":true}]}}