{"id":17557,"date":"2018-08-22T08:37:45","date_gmt":"2018-08-22T11:37:45","guid":{"rendered":"http:\/\/diariotextual.com\/inicio\/?p=17557"},"modified":"2018-08-22T11:05:20","modified_gmt":"2018-08-22T14:05:20","slug":"la-suba-precios-complica-reparticiones-gubernamentales","status":"publish","type":"post","link":"https:\/\/diariotextual.com\/inicio\/index.php\/2018\/08\/22\/la-suba-precios-complica-reparticiones-gubernamentales\/","title":{"rendered":"La suba de precios complica a reparticiones gubernamentales"},"content":{"rendered":"<p>La <strong>inflaci\u00f3n<\/strong> y el <strong>aumento constante de precios<\/strong> no solo golpea el bolsillo de la gente, sino que est\u00e1 complicando el normal desenvolvimiento de algunas reparticiones gubernamentales de La Pampa, debido a que <strong>las previsiones presupuestarias que se hicieron para la adquisici\u00f3n de algunos insumos, como el combustible, no alcanzan<\/strong>. Los problemas se sienten en la Polic\u00eda, en Salud y en Desarrollo Social.<\/p>\n<p>La disparada de los precios rompi\u00f3 con todas las previsiones que hicieron las autoridades del Ministerio de Hacienda a la hora de elaborar el Presupuesto 2018.<\/p>\n<p>Sucede que en base a las pautas que envi\u00f3 Naci\u00f3n, los t\u00e9cnicos elaboraron una estimaci\u00f3n presupuestaria con un d\u00f3lar a 19 pesos, una previsi\u00f3n de crecimiento del 3,5% y una inflaci\u00f3n del 15%. Nada de eso se cumpli\u00f3: el d\u00f3lar est\u00e1 en 31 pesos, la inflaci\u00f3n cerrar\u00e1 en no menos del 32% y no habr\u00e1 crecimiento.<\/p>\n<p>Seg\u00fan cont\u00f3 el subsecretario de Hacienda, Guido Bisterfeld, <strong>la inflaci\u00f3n trajo dificultades en la provisi\u00f3n de algunos insumos en reparticiones como la Polic\u00eda, Salud y Desarrollo social<\/strong>.<\/p>\n<p>Uno de los inconvenientes es el <strong>combustible<\/strong>. Las previsiones que se hicieron para todo el a\u00f1o pr\u00e1cticamente ya se consumieron en el primer semestre y <strong>se deben reestructurar partidas para poder cubrir las necesidades<\/strong>.<\/p>\n<p>Donde m\u00e1s golpea es en la Polic\u00eda, que dispone de una flota muy grande de m\u00f3viles que patrullan ciudades, pueblos y el \u00e1rea rural. Pero tambi\u00e9n hay preocupaci\u00f3n en los ministerios de Salud y de Desarrollo Social, que tienen muchos veh\u00edculos que viajan diariamente al interior provincial.<\/p>\n<p>Otro de los rubros donde pega la inflaci\u00f3n es en la<strong> comida<\/strong>. Seg\u00fan explic\u00f3 Bisterfeld, muchas empresas proveedoras no quieren presentarse en las licitaciones para hospitales por las constantes variaciones de precios. <strong>\u201cNo quieren poner un precio para todo un a\u00f1o por temor a perder. Y en otros casos ofrecen un valor diez veces m\u00e1s alto para cubrirse ante eventuales aumentos\u201d,<\/strong> revel\u00f3.<\/p>\n<p>Por este motivo y por el corte en el env\u00edo de fondos de Naci\u00f3n, el Gobierno provincial envi\u00f3 la semana pasada un proyecto a la Legislatura para\u00a0incrementar el Presupuesto 2018 en unos 2.900 millones de pesos.<\/p>\n","protected":false},"excerpt":{"rendered":"<p>La inflaci\u00f3n y el aumento constante de precios no solo golpea el bolsillo de la gente, sino que est\u00e1 complicando el normal desenvolvimiento de algunas reparticiones gubernamentales de La Pampa,&hellip;<\/p>\n","protected":false},"author":7,"featured_media":628,"comment_status":"closed","ping_status":"open","sticky":false,"template":"","format":"standard","meta":{"_acf_changed":false,"footnotes":""},"categories":[4,11,12],"tags":[],"class_list":["post-17557","post","type-post","status-publish","format-standard","has-post-thumbnail","hentry","category-destacadas","category-que-pasa","category-sociedad"],"acf":[],"yoast_head":"<!-- This site is optimized with the Yoast SEO plugin v27.5 - https:\/\/yoast.com\/product\/yoast-seo-wordpress\/ -->\n<title>La suba de precios complica a reparticiones gubernamentales - Diario Textual<\/title>\n<meta name=\"robots\" content=\"index, follow, max-snippet:-1, max-image-preview:large, max-video-preview:-1\" \/>\n<link rel=\"canonical\" href=\"https:\/\/diariotextual.com\/inicio\/index.php\/2018\/08\/22\/la-suba-precios-complica-reparticiones-gubernamentales\/\" \/>\n<meta property=\"og:locale\" content=\"es_ES\" \/>\n<meta property=\"og:type\" content=\"article\" \/>\n<meta property=\"og:title\" content=\"La suba de precios complica a reparticiones gubernamentales - Diario Textual\" \/>\n<meta property=\"og:description\" content=\"La inflaci\u00f3n y el aumento constante de precios no solo golpea el bolsillo de la gente, sino que est\u00e1 complicando el normal desenvolvimiento de algunas reparticiones gubernamentales de La Pampa,&hellip;\" \/>\n<meta property=\"og:url\" content=\"https:\/\/diariotextual.com\/inicio\/index.php\/2018\/08\/22\/la-suba-precios-complica-reparticiones-gubernamentales\/\" \/>\n<meta property=\"og:site_name\" content=\"Diario Textual\" \/>\n<meta property=\"article:publisher\" content=\"https:\/\/www.facebook.com\/eltextual\" \/>\n<meta property=\"article:published_time\" content=\"2018-08-22T11:37:45+00:00\" \/>\n<meta property=\"article:modified_time\" content=\"2018-08-22T14:05:20+00:00\" \/>\n<meta property=\"og:image\" content=\"https:\/\/diariotextual.com\/inicio\/wp-content\/uploads\/2018\/03\/policiapatrullero3111.jpg\" \/>\n\t<meta property=\"og:image:width\" content=\"624\" \/>\n\t<meta property=\"og:image:height\" content=\"410\" \/>\n\t<meta property=\"og:image:type\" content=\"image\/jpeg\" \/>\n<meta name=\"author\" content=\"diario5\" \/>\n<meta name=\"twitter:card\" content=\"summary_large_image\" \/>\n<meta name=\"twitter:creator\" content=\"@eltextual\" \/>\n<meta name=\"twitter:site\" content=\"@eltextual\" \/>\n<meta name=\"twitter:label1\" content=\"Escrito por\" \/>\n\t<meta name=\"twitter:data1\" content=\"diario5\" \/>\n\t<meta name=\"twitter:label2\" content=\"Tiempo de lectura\" \/>\n\t<meta name=\"twitter:data2\" content=\"2 minutos\" \/>\n<script type=\"application\/ld+json\" class=\"yoast-schema-graph\">{\"@context\":\"https:\\\/\\\/schema.org\",\"@graph\":[{\"@type\":\"Article\",\"@id\":\"https:\\\/\\\/diariotextual.com\\\/inicio\\\/index.php\\\/2018\\\/08\\\/22\\\/la-suba-precios-complica-reparticiones-gubernamentales\\\/#article\",\"isPartOf\":{\"@id\":\"https:\\\/\\\/diariotextual.com\\\/inicio\\\/index.php\\\/2018\\\/08\\\/22\\\/la-suba-precios-complica-reparticiones-gubernamentales\\\/\"},\"author\":{\"name\":\"diario5\",\"@id\":\"https:\\\/\\\/diariotextual.com\\\/inicio\\\/#\\\/schema\\\/person\\\/c7834961ad8b29b1d9cdbf4571299067\"},\"headline\":\"La suba de precios complica a reparticiones gubernamentales\",\"datePublished\":\"2018-08-22T11:37:45+00:00\",\"dateModified\":\"2018-08-22T14:05:20+00:00\",\"mainEntityOfPage\":{\"@id\":\"https:\\\/\\\/diariotextual.com\\\/inicio\\\/index.php\\\/2018\\\/08\\\/22\\\/la-suba-precios-complica-reparticiones-gubernamentales\\\/\"},\"wordCount\":381,\"publisher\":{\"@id\":\"https:\\\/\\\/diariotextual.com\\\/inicio\\\/#organization\"},\"image\":{\"@id\":\"https:\\\/\\\/diariotextual.com\\\/inicio\\\/index.php\\\/2018\\\/08\\\/22\\\/la-suba-precios-complica-reparticiones-gubernamentales\\\/#primaryimage\"},\"thumbnailUrl\":\"https:\\\/\\\/diariotextual.com\\\/inicio\\\/wp-content\\\/uploads\\\/2018\\\/03\\\/policiapatrullero3111.jpg\",\"articleSection\":[\"A - DESTACADAS (mod 16)\",\"A - QUE PASA (al costado)\",\"SOCIEDAD\"],\"inLanguage\":\"es\"},{\"@type\":\"WebPage\",\"@id\":\"https:\\\/\\\/diariotextual.com\\\/inicio\\\/index.php\\\/2018\\\/08\\\/22\\\/la-suba-precios-complica-reparticiones-gubernamentales\\\/\",\"url\":\"https:\\\/\\\/diariotextual.com\\\/inicio\\\/index.php\\\/2018\\\/08\\\/22\\\/la-suba-precios-complica-reparticiones-gubernamentales\\\/\",\"name\":\"La suba de precios complica a reparticiones gubernamentales - Diario Textual\",\"isPartOf\":{\"@id\":\"https:\\\/\\\/diariotextual.com\\\/inicio\\\/#website\"},\"primaryImageOfPage\":{\"@id\":\"https:\\\/\\\/diariotextual.com\\\/inicio\\\/index.php\\\/2018\\\/08\\\/22\\\/la-suba-precios-complica-reparticiones-gubernamentales\\\/#primaryimage\"},\"image\":{\"@id\":\"https:\\\/\\\/diariotextual.com\\\/inicio\\\/index.php\\\/2018\\\/08\\\/22\\\/la-suba-precios-complica-reparticiones-gubernamentales\\\/#primaryimage\"},\"thumbnailUrl\":\"https:\\\/\\\/diariotextual.com\\\/inicio\\\/wp-content\\\/uploads\\\/2018\\\/03\\\/policiapatrullero3111.jpg\",\"datePublished\":\"2018-08-22T11:37:45+00:00\",\"dateModified\":\"2018-08-22T14:05:20+00:00\",\"breadcrumb\":{\"@id\":\"https:\\\/\\\/diariotextual.com\\\/inicio\\\/index.php\\\/2018\\\/08\\\/22\\\/la-suba-precios-complica-reparticiones-gubernamentales\\\/#breadcrumb\"},\"inLanguage\":\"es\",\"potentialAction\":[{\"@type\":\"ReadAction\",\"target\":[\"https:\\\/\\\/diariotextual.com\\\/inicio\\\/index.php\\\/2018\\\/08\\\/22\\\/la-suba-precios-complica-reparticiones-gubernamentales\\\/\"]}]},{\"@type\":\"ImageObject\",\"inLanguage\":\"es\",\"@id\":\"https:\\\/\\\/diariotextual.com\\\/inicio\\\/index.php\\\/2018\\\/08\\\/22\\\/la-suba-precios-complica-reparticiones-gubernamentales\\\/#primaryimage\",\"url\":\"https:\\\/\\\/diariotextual.com\\\/inicio\\\/wp-content\\\/uploads\\\/2018\\\/03\\\/policiapatrullero3111.jpg\",\"contentUrl\":\"https:\\\/\\\/diariotextual.com\\\/inicio\\\/wp-content\\\/uploads\\\/2018\\\/03\\\/policiapatrullero3111.jpg\",\"width\":624,\"height\":410},{\"@type\":\"BreadcrumbList\",\"@id\":\"https:\\\/\\\/diariotextual.com\\\/inicio\\\/index.php\\\/2018\\\/08\\\/22\\\/la-suba-precios-complica-reparticiones-gubernamentales\\\/#breadcrumb\",\"itemListElement\":[{\"@type\":\"ListItem\",\"position\":1,\"name\":\"Portada\",\"item\":\"https:\\\/\\\/diariotextual.com\\\/inicio\\\/\"},{\"@type\":\"ListItem\",\"position\":2,\"name\":\"La suba de precios complica a reparticiones gubernamentales\"}]},{\"@type\":\"WebSite\",\"@id\":\"https:\\\/\\\/diariotextual.com\\\/inicio\\\/#website\",\"url\":\"https:\\\/\\\/diariotextual.com\\\/inicio\\\/\",\"name\":\"Diario Textual\",\"description\":\"\",\"publisher\":{\"@id\":\"https:\\\/\\\/diariotextual.com\\\/inicio\\\/#organization\"},\"potentialAction\":[{\"@type\":\"SearchAction\",\"target\":{\"@type\":\"EntryPoint\",\"urlTemplate\":\"https:\\\/\\\/diariotextual.com\\\/inicio\\\/?s={search_term_string}\"},\"query-input\":{\"@type\":\"PropertyValueSpecification\",\"valueRequired\":true,\"valueName\":\"search_term_string\"}}],\"inLanguage\":\"es\"},{\"@type\":\"Organization\",\"@id\":\"https:\\\/\\\/diariotextual.com\\\/inicio\\\/#organization\",\"name\":\"Diario Textual\",\"url\":\"https:\\\/\\\/diariotextual.com\\\/inicio\\\/\",\"logo\":{\"@type\":\"ImageObject\",\"inLanguage\":\"es\",\"@id\":\"https:\\\/\\\/diariotextual.com\\\/inicio\\\/#\\\/schema\\\/logo\\\/image\\\/\",\"url\":\"https:\\\/\\\/diariotextual.com\\\/inicio\\\/wp-content\\\/uploads\\\/2023\\\/05\\\/logotextual1.jpg\",\"contentUrl\":\"https:\\\/\\\/diariotextual.com\\\/inicio\\\/wp-content\\\/uploads\\\/2023\\\/05\\\/logotextual1.jpg\",\"width\":516,\"height\":76,\"caption\":\"Diario Textual\"},\"image\":{\"@id\":\"https:\\\/\\\/diariotextual.com\\\/inicio\\\/#\\\/schema\\\/logo\\\/image\\\/\"},\"sameAs\":[\"https:\\\/\\\/www.facebook.com\\\/eltextual\",\"https:\\\/\\\/x.com\\\/eltextual\",\"http:\\\/\\\/www.instagram.com\\\/eltextual\"]},{\"@type\":\"Person\",\"@id\":\"https:\\\/\\\/diariotextual.com\\\/inicio\\\/#\\\/schema\\\/person\\\/c7834961ad8b29b1d9cdbf4571299067\",\"name\":\"diario5\",\"image\":{\"@type\":\"ImageObject\",\"inLanguage\":\"es\",\"@id\":\"https:\\\/\\\/secure.gravatar.com\\\/avatar\\\/948c893b847ca6df68216ead81b63f363408ec9b0f600fefc0641ce78613b111?s=96&d=mm&r=g\",\"url\":\"https:\\\/\\\/secure.gravatar.com\\\/avatar\\\/948c893b847ca6df68216ead81b63f363408ec9b0f600fefc0641ce78613b111?s=96&d=mm&r=g\",\"contentUrl\":\"https:\\\/\\\/secure.gravatar.com\\\/avatar\\\/948c893b847ca6df68216ead81b63f363408ec9b0f600fefc0641ce78613b111?s=96&d=mm&r=g\",\"caption\":\"diario5\"},\"url\":\"https:\\\/\\\/diariotextual.com\\\/inicio\\\/index.php\\\/author\\\/diario5\\\/\"}]}<\/script>\n<!-- \/ Yoast SEO plugin. -->","yoast_head_json":{"title":"La suba de precios complica a reparticiones gubernamentales - Diario Textual","robots":{"index":"index","follow":"follow","max-snippet":"max-snippet:-1","max-image-preview":"max-image-preview:large","max-video-preview":"max-video-preview:-1"},"canonical":"https:\/\/diariotextual.com\/inicio\/index.php\/2018\/08\/22\/la-suba-precios-complica-reparticiones-gubernamentales\/","og_locale":"es_ES","og_type":"article","og_title":"La suba de precios complica a reparticiones gubernamentales - Diario Textual","og_description":"La inflaci\u00f3n y el aumento constante de precios no solo golpea el bolsillo de la gente, sino que est\u00e1 complicando el normal desenvolvimiento de algunas reparticiones gubernamentales de La Pampa,&hellip;","og_url":"https:\/\/diariotextual.com\/inicio\/index.php\/2018\/08\/22\/la-suba-precios-complica-reparticiones-gubernamentales\/","og_site_name":"Diario Textual","article_publisher":"https:\/\/www.facebook.com\/eltextual","article_published_time":"2018-08-22T11:37:45+00:00","article_modified_time":"2018-08-22T14:05:20+00:00","og_image":[{"width":624,"height":410,"url":"https:\/\/diariotextual.com\/inicio\/wp-content\/uploads\/2018\/03\/policiapatrullero3111.jpg","type":"image\/jpeg"}],"author":"diario5","twitter_card":"summary_large_image","twitter_creator":"@eltextual","twitter_site":"@eltextual","twitter_misc":{"Escrito por":"diario5","Tiempo de lectura":"2 minutos"},"schema":{"@context":"https:\/\/schema.org","@graph":[{"@type":"Article","@id":"https:\/\/diariotextual.com\/inicio\/index.php\/2018\/08\/22\/la-suba-precios-complica-reparticiones-gubernamentales\/#article","isPartOf":{"@id":"https:\/\/diariotextual.com\/inicio\/index.php\/2018\/08\/22\/la-suba-precios-complica-reparticiones-gubernamentales\/"},"author":{"name":"diario5","@id":"https:\/\/diariotextual.com\/inicio\/#\/schema\/person\/c7834961ad8b29b1d9cdbf4571299067"},"headline":"La suba de precios complica a reparticiones gubernamentales","datePublished":"2018-08-22T11:37:45+00:00","dateModified":"2018-08-22T14:05:20+00:00","mainEntityOfPage":{"@id":"https:\/\/diariotextual.com\/inicio\/index.php\/2018\/08\/22\/la-suba-precios-complica-reparticiones-gubernamentales\/"},"wordCount":381,"publisher":{"@id":"https:\/\/diariotextual.com\/inicio\/#organization"},"image":{"@id":"https:\/\/diariotextual.com\/inicio\/index.php\/2018\/08\/22\/la-suba-precios-complica-reparticiones-gubernamentales\/#primaryimage"},"thumbnailUrl":"https:\/\/diariotextual.com\/inicio\/wp-content\/uploads\/2018\/03\/policiapatrullero3111.jpg","articleSection":["A - DESTACADAS (mod 16)","A - QUE PASA (al costado)","SOCIEDAD"],"inLanguage":"es"},{"@type":"WebPage","@id":"https:\/\/diariotextual.com\/inicio\/index.php\/2018\/08\/22\/la-suba-precios-complica-reparticiones-gubernamentales\/","url":"https:\/\/diariotextual.com\/inicio\/index.php\/2018\/08\/22\/la-suba-precios-complica-reparticiones-gubernamentales\/","name":"La suba de precios complica a reparticiones gubernamentales - Diario Textual","isPartOf":{"@id":"https:\/\/diariotextual.com\/inicio\/#website"},"primaryImageOfPage":{"@id":"https:\/\/diariotextual.com\/inicio\/index.php\/2018\/08\/22\/la-suba-precios-complica-reparticiones-gubernamentales\/#primaryimage"},"image":{"@id":"https:\/\/diariotextual.com\/inicio\/index.php\/2018\/08\/22\/la-suba-precios-complica-reparticiones-gubernamentales\/#primaryimage"},"thumbnailUrl":"https:\/\/diariotextual.com\/inicio\/wp-content\/uploads\/2018\/03\/policiapatrullero3111.jpg","datePublished":"2018-08-22T11:37:45+00:00","dateModified":"2018-08-22T14:05:20+00:00","breadcrumb":{"@id":"https:\/\/diariotextual.com\/inicio\/index.php\/2018\/08\/22\/la-suba-precios-complica-reparticiones-gubernamentales\/#breadcrumb"},"inLanguage":"es","potentialAction":[{"@type":"ReadAction","target":["https:\/\/diariotextual.com\/inicio\/index.php\/2018\/08\/22\/la-suba-precios-complica-reparticiones-gubernamentales\/"]}]},{"@type":"ImageObject","inLanguage":"es","@id":"https:\/\/diariotextual.com\/inicio\/index.php\/2018\/08\/22\/la-suba-precios-complica-reparticiones-gubernamentales\/#primaryimage","url":"https:\/\/diariotextual.com\/inicio\/wp-content\/uploads\/2018\/03\/policiapatrullero3111.jpg","contentUrl":"https:\/\/diariotextual.com\/inicio\/wp-content\/uploads\/2018\/03\/policiapatrullero3111.jpg","width":624,"height":410},{"@type":"BreadcrumbList","@id":"https:\/\/diariotextual.com\/inicio\/index.php\/2018\/08\/22\/la-suba-precios-complica-reparticiones-gubernamentales\/#breadcrumb","itemListElement":[{"@type":"ListItem","position":1,"name":"Portada","item":"https:\/\/diariotextual.com\/inicio\/"},{"@type":"ListItem","position":2,"name":"La suba de precios complica a reparticiones gubernamentales"}]},{"@type":"WebSite","@id":"https:\/\/diariotextual.com\/inicio\/#website","url":"https:\/\/diariotextual.com\/inicio\/","name":"Diario Textual","description":"","publisher":{"@id":"https:\/\/diariotextual.com\/inicio\/#organization"},"potentialAction":[{"@type":"SearchAction","target":{"@type":"EntryPoint","urlTemplate":"https:\/\/diariotextual.com\/inicio\/?s={search_term_string}"},"query-input":{"@type":"PropertyValueSpecification","valueRequired":true,"valueName":"search_term_string"}}],"inLanguage":"es"},{"@type":"Organization","@id":"https:\/\/diariotextual.com\/inicio\/#organization","name":"Diario Textual","url":"https:\/\/diariotextual.com\/inicio\/","logo":{"@type":"ImageObject","inLanguage":"es","@id":"https:\/\/diariotextual.com\/inicio\/#\/schema\/logo\/image\/","url":"https:\/\/diariotextual.com\/inicio\/wp-content\/uploads\/2023\/05\/logotextual1.jpg","contentUrl":"https:\/\/diariotextual.com\/inicio\/wp-content\/uploads\/2023\/05\/logotextual1.jpg","width":516,"height":76,"caption":"Diario Textual"},"image":{"@id":"https:\/\/diariotextual.com\/inicio\/#\/schema\/logo\/image\/"},"sameAs":["https:\/\/www.facebook.com\/eltextual","https:\/\/x.com\/eltextual","http:\/\/www.instagram.com\/eltextual"]},{"@type":"Person","@id":"https:\/\/diariotextual.com\/inicio\/#\/schema\/person\/c7834961ad8b29b1d9cdbf4571299067","name":"diario5","image":{"@type":"ImageObject","inLanguage":"es","@id":"https:\/\/secure.gravatar.com\/avatar\/948c893b847ca6df68216ead81b63f363408ec9b0f600fefc0641ce78613b111?s=96&d=mm&r=g","url":"https:\/\/secure.gravatar.com\/avatar\/948c893b847ca6df68216ead81b63f363408ec9b0f600fefc0641ce78613b111?s=96&d=mm&r=g","contentUrl":"https:\/\/secure.gravatar.com\/avatar\/948c893b847ca6df68216ead81b63f363408ec9b0f600fefc0641ce78613b111?s=96&d=mm&r=g","caption":"diario5"},"url":"https:\/\/diariotextual.com\/inicio\/index.php\/author\/diario5\/"}]}},"_links":{"self":[{"href":"https:\/\/diariotextual.com\/inicio\/index.php\/wp-json\/wp\/v2\/posts\/17557","targetHints":{"allow":["GET"]}}],"collection":[{"href":"https:\/\/diariotextual.com\/inicio\/index.php\/wp-json\/wp\/v2\/posts"}],"about":[{"href":"https:\/\/diariotextual.com\/inicio\/index.php\/wp-json\/wp\/v2\/types\/post"}],"author":[{"embeddable":true,"href":"https:\/\/diariotextual.com\/inicio\/index.php\/wp-json\/wp\/v2\/users\/7"}],"replies":[{"embeddable":true,"href":"https:\/\/diariotextual.com\/inicio\/index.php\/wp-json\/wp\/v2\/comments?post=17557"}],"version-history":[{"count":1,"href":"https:\/\/diariotextual.com\/inicio\/index.php\/wp-json\/wp\/v2\/posts\/17557\/revisions"}],"predecessor-version":[{"id":17558,"href":"https:\/\/diariotextual.com\/inicio\/index.php\/wp-json\/wp\/v2\/posts\/17557\/revisions\/17558"}],"wp:featuredmedia":[{"embeddable":true,"href":"https:\/\/diariotextual.com\/inicio\/index.php\/wp-json\/wp\/v2\/media\/628"}],"wp:attachment":[{"href":"https:\/\/diariotextual.com\/inicio\/index.php\/wp-json\/wp\/v2\/media?parent=17557"}],"wp:term":[{"taxonomy":"category","embeddable":true,"href":"https:\/\/diariotextual.com\/inicio\/index.php\/wp-json\/wp\/v2\/categories?post=17557"},{"taxonomy":"post_tag","embeddable":true,"href":"https:\/\/diariotextual.com\/inicio\/index.php\/wp-json\/wp\/v2\/tags?post=17557"}],"curies":[{"name":"wp","href":"https:\/\/api.w.org\/{rel}","templated":true}]}}