{"id":175791,"date":"2022-01-09T20:42:36","date_gmt":"2022-01-09T23:42:36","guid":{"rendered":"https:\/\/diariotextual.com\/inicio\/?p=175791"},"modified":"2022-01-10T09:56:29","modified_gmt":"2022-01-10T12:56:29","slug":"covid-en-la-pampa-993-nuevos-positivos-y-22700-aislados","status":"publish","type":"post","link":"https:\/\/diariotextual.com\/inicio\/index.php\/2022\/01\/09\/covid-en-la-pampa-993-nuevos-positivos-y-22700-aislados\/","title":{"rendered":"Covid en La Pampa: 993 nuevos positivos y otro muerto"},"content":{"rendered":"\n<p>El <strong>Ministerio de Salud de La Pampa<\/strong> inform\u00f3 que este domingo se registraron <strong>993 nuevos casos de coronavirus <\/strong>y <strong>report\u00f3 un fallecimiento<\/strong>.<\/p>\n\n\n\n<p>Seg\u00fan comunic\u00f3,<strong> la persona fallecida es un hombre de 82 a\u00f1os de General Pico<\/strong>. En tanto, hay 25 internados (cuatro en terapia intensiva).<\/p>\n\n\n\n<p>Hoy se analizaron 2.753 muestras. De los casos positivos,<strong> 507 personas residen en Santa Rosa, 187 en General Pico, 35 en Toay, 33 en Macach\u00edn, 32 en Eduardo Castex, 29 en 25 de Mayo, 27 en General Acha, 26 en Realic\u00f3, 17 en Rancul, 13 en Victorica, 9 en Quehu\u00e9, 7 en Parera, 7 en Colonia Bar\u00f3n, 6 en Uriburu, 6 en General Campos, 5 en Doblas, 5 en Ataliva Roca, 5 en Quetrequ\u00e9n, 4 en Quem\u00fa Quem\u00fa, 4 en Caleuf\u00fa, 4 en General San Martin, 3 en Miguel Can\u00e9, 3 en Arata, 2 en Intendente Alvear, 2 en Alta Italia, 2 en Villa Mirasol, 2 en Miguel Riglos, 2 en V\u00e9rtiz, 2 en Carro Quemado, 1 en Ingeniero Luiggi, 1 en Guatrach\u00e9, 1 en Catril\u00f3, 1 en Bernardo Larroud\u00e9, 1 en Rol\u00f3n, 1 en Mauricio Mayer y 1 en La Reforma.<\/strong><\/p>\n\n\n\n<p>Desde el inicio de la pandemia, en la provincia se registraron 81.336 casos positivos para Covid-19, de los cuales 9.640 permanecen activos, 896 han fallecido y 70.800 se han recuperado (645 en el d\u00eda de hoy).<\/p>\n\n\n\n<p>Los casos confirmados activos pertenecen a las siguientes localidades: 4170 a Santa Rosa, 1952 a General Pico, 390 a Toay, 228 a Realic\u00f3, 220 a General Acha, 202 a Quem\u00fa Quem\u00fa, 199 a Macach\u00edn, 179 a Intendente Alvear,163 a 25 de Mayo, 162 a Trenel, 154 a Ingeniero Luiggi, 151 a Eduardo Castex, 131 a Victorica, 105 a Rancul, 73 a Doblas, 72 a Parera, 69 a Caleuf\u00fa, 69 a Winifreda, 61 a Guatrach\u00e9, 60 a Colonia Bar\u00f3n, 55 a Embajador Martini, 40 a La Adela, 38 a Catril\u00f3, 37 a Anguil, 35 a Alta Italia, 35 a Santa Isabel, 32 a Alpachiri, 31 a Villa Mirasol, 31 a Bernardo Larroud\u00e9, 30 a Quehu\u00e9, 29 a Miguel Riglos, 28 a Uriburu, 26 a Miguel Can\u00e9, 26 a Bernasconi, 25 a Speluzzi, 24 a Ataliva Roca, 23 a Dorila, 22 a Arata, 17 a General Campos, 17 a Rol\u00f3n, 14 a Lonquimay, 13 a Gobernador Duval, 12 a General San Martin, 12 a V\u00e9rtiz, 12 a Casa de Piedra, 10 a Metileo, 10 a Jacinto Arauz, 9 a Puelches,8 a Quetrequ\u00e9n, 8 a Colonia Santa Maria, 7 a La Reforma, 6 a Mauricio Mayer, 6 a Falucho, 6 a Coronel Hilario Lagos, 6 a Anchorena, 6 a Luan Toro, 6 a Sarah, 6 a Conhello, 5 a Maisonnave, 5 a Chaccharramendi, 5 a Relmo, 5 a Abramo, 5 a Colonia Santa Teresa, 5 a Pichi Huinca, 5 a Rucanelo, 5 a Unanue, 4 a Adolfo Van Praet, 4 a Agustoni, 4 a Algarrobo del \u00c1guila, 4 a Puel\u00e9n, 3 a Carro Quemado, 3 a Cuchillo C\u00f3, 3 a Tel\u00e9n, 3 a La Maruja, 2 a Loventuel, 1 a La Gloria y 1 a Ceballos.<\/p>\n\n\n\n<p>A su vez, al d\u00eda de la fecha se encuentran aisladas un total de 22.789 personas en toda la provincia.<\/p>\n\n\n\n<p><\/p>\n\n\n\n<p><\/p>\n","protected":false},"excerpt":{"rendered":"<p>El Ministerio de Salud de La Pampa inform\u00f3 que este domingo se registraron 993 nuevos casos de coronavirus y report\u00f3 un fallecimiento. Seg\u00fan comunic\u00f3, la persona fallecida es un hombre&hellip;<\/p>\n","protected":false},"author":3,"featured_media":174302,"comment_status":"closed","ping_status":"open","sticky":false,"template":"","format":"standard","meta":{"_acf_changed":false,"footnotes":""},"categories":[4,12],"tags":[2899],"class_list":["post-175791","post","type-post","status-publish","format-standard","has-post-thumbnail","hentry","category-destacadas","category-sociedad","tag-covid"],"acf":[],"yoast_head":"<!-- This site is optimized with the Yoast SEO plugin v27.5 - https:\/\/yoast.com\/product\/yoast-seo-wordpress\/ -->\n<title>Covid en La Pampa: 993 nuevos positivos y otro muerto - Diario Textual<\/title>\n<meta name=\"robots\" content=\"index, follow, max-snippet:-1, max-image-preview:large, max-video-preview:-1\" \/>\n<link rel=\"canonical\" href=\"https:\/\/diariotextual.com\/inicio\/index.php\/2022\/01\/09\/covid-en-la-pampa-993-nuevos-positivos-y-22700-aislados\/\" \/>\n<meta property=\"og:locale\" content=\"es_ES\" \/>\n<meta property=\"og:type\" content=\"article\" \/>\n<meta property=\"og:title\" content=\"Covid en La Pampa: 993 nuevos positivos y otro muerto - Diario Textual\" \/>\n<meta property=\"og:description\" content=\"El Ministerio de Salud de La Pampa inform\u00f3 que este domingo se registraron 993 nuevos casos de coronavirus y report\u00f3 un fallecimiento. Seg\u00fan comunic\u00f3, la persona fallecida es un hombre&hellip;\" \/>\n<meta property=\"og:url\" content=\"https:\/\/diariotextual.com\/inicio\/index.php\/2022\/01\/09\/covid-en-la-pampa-993-nuevos-positivos-y-22700-aislados\/\" \/>\n<meta property=\"og:site_name\" content=\"Diario Textual\" \/>\n<meta property=\"article:publisher\" content=\"https:\/\/www.facebook.com\/eltextual\" \/>\n<meta property=\"article:published_time\" content=\"2022-01-09T23:42:36+00:00\" \/>\n<meta property=\"article:modified_time\" content=\"2022-01-10T12:56:29+00:00\" \/>\n<meta property=\"og:image\" content=\"https:\/\/diariotextual.com\/inicio\/wp-content\/uploads\/2021\/12\/coronavirustelam2021-7062.jpg\" \/>\n\t<meta property=\"og:image:width\" content=\"933\" \/>\n\t<meta property=\"og:image:height\" content=\"589\" \/>\n\t<meta property=\"og:image:type\" content=\"image\/jpeg\" \/>\n<meta name=\"author\" content=\"Diario1 Diario1\" \/>\n<meta name=\"twitter:card\" content=\"summary_large_image\" \/>\n<meta name=\"twitter:creator\" content=\"@eltextual\" \/>\n<meta name=\"twitter:site\" content=\"@eltextual\" \/>\n<meta name=\"twitter:label1\" content=\"Escrito por\" \/>\n\t<meta name=\"twitter:data1\" content=\"Diario1 Diario1\" \/>\n\t<meta name=\"twitter:label2\" content=\"Tiempo de lectura\" \/>\n\t<meta name=\"twitter:data2\" content=\"3 minutos\" \/>\n<script type=\"application\/ld+json\" class=\"yoast-schema-graph\">{\"@context\":\"https:\\\/\\\/schema.org\",\"@graph\":[{\"@type\":\"Article\",\"@id\":\"https:\\\/\\\/diariotextual.com\\\/inicio\\\/index.php\\\/2022\\\/01\\\/09\\\/covid-en-la-pampa-993-nuevos-positivos-y-22700-aislados\\\/#article\",\"isPartOf\":{\"@id\":\"https:\\\/\\\/diariotextual.com\\\/inicio\\\/index.php\\\/2022\\\/01\\\/09\\\/covid-en-la-pampa-993-nuevos-positivos-y-22700-aislados\\\/\"},\"author\":{\"name\":\"Diario1 Diario1\",\"@id\":\"https:\\\/\\\/diariotextual.com\\\/inicio\\\/#\\\/schema\\\/person\\\/418fc4093c33e86ed41562db3508f958\"},\"headline\":\"Covid en La Pampa: 993 nuevos positivos y otro muerto\",\"datePublished\":\"2022-01-09T23:42:36+00:00\",\"dateModified\":\"2022-01-10T12:56:29+00:00\",\"mainEntityOfPage\":{\"@id\":\"https:\\\/\\\/diariotextual.com\\\/inicio\\\/index.php\\\/2022\\\/01\\\/09\\\/covid-en-la-pampa-993-nuevos-positivos-y-22700-aislados\\\/\"},\"wordCount\":428,\"publisher\":{\"@id\":\"https:\\\/\\\/diariotextual.com\\\/inicio\\\/#organization\"},\"image\":{\"@id\":\"https:\\\/\\\/diariotextual.com\\\/inicio\\\/index.php\\\/2022\\\/01\\\/09\\\/covid-en-la-pampa-993-nuevos-positivos-y-22700-aislados\\\/#primaryimage\"},\"thumbnailUrl\":\"https:\\\/\\\/diariotextual.com\\\/inicio\\\/wp-content\\\/uploads\\\/2021\\\/12\\\/coronavirustelam2021-7062.jpg\",\"keywords\":[\"covid\"],\"articleSection\":[\"A - DESTACADAS (mod 16)\",\"SOCIEDAD\"],\"inLanguage\":\"es\"},{\"@type\":\"WebPage\",\"@id\":\"https:\\\/\\\/diariotextual.com\\\/inicio\\\/index.php\\\/2022\\\/01\\\/09\\\/covid-en-la-pampa-993-nuevos-positivos-y-22700-aislados\\\/\",\"url\":\"https:\\\/\\\/diariotextual.com\\\/inicio\\\/index.php\\\/2022\\\/01\\\/09\\\/covid-en-la-pampa-993-nuevos-positivos-y-22700-aislados\\\/\",\"name\":\"Covid en La Pampa: 993 nuevos positivos y otro muerto - Diario Textual\",\"isPartOf\":{\"@id\":\"https:\\\/\\\/diariotextual.com\\\/inicio\\\/#website\"},\"primaryImageOfPage\":{\"@id\":\"https:\\\/\\\/diariotextual.com\\\/inicio\\\/index.php\\\/2022\\\/01\\\/09\\\/covid-en-la-pampa-993-nuevos-positivos-y-22700-aislados\\\/#primaryimage\"},\"image\":{\"@id\":\"https:\\\/\\\/diariotextual.com\\\/inicio\\\/index.php\\\/2022\\\/01\\\/09\\\/covid-en-la-pampa-993-nuevos-positivos-y-22700-aislados\\\/#primaryimage\"},\"thumbnailUrl\":\"https:\\\/\\\/diariotextual.com\\\/inicio\\\/wp-content\\\/uploads\\\/2021\\\/12\\\/coronavirustelam2021-7062.jpg\",\"datePublished\":\"2022-01-09T23:42:36+00:00\",\"dateModified\":\"2022-01-10T12:56:29+00:00\",\"breadcrumb\":{\"@id\":\"https:\\\/\\\/diariotextual.com\\\/inicio\\\/index.php\\\/2022\\\/01\\\/09\\\/covid-en-la-pampa-993-nuevos-positivos-y-22700-aislados\\\/#breadcrumb\"},\"inLanguage\":\"es\",\"potentialAction\":[{\"@type\":\"ReadAction\",\"target\":[\"https:\\\/\\\/diariotextual.com\\\/inicio\\\/index.php\\\/2022\\\/01\\\/09\\\/covid-en-la-pampa-993-nuevos-positivos-y-22700-aislados\\\/\"]}]},{\"@type\":\"ImageObject\",\"inLanguage\":\"es\",\"@id\":\"https:\\\/\\\/diariotextual.com\\\/inicio\\\/index.php\\\/2022\\\/01\\\/09\\\/covid-en-la-pampa-993-nuevos-positivos-y-22700-aislados\\\/#primaryimage\",\"url\":\"https:\\\/\\\/diariotextual.com\\\/inicio\\\/wp-content\\\/uploads\\\/2021\\\/12\\\/coronavirustelam2021-7062.jpg\",\"contentUrl\":\"https:\\\/\\\/diariotextual.com\\\/inicio\\\/wp-content\\\/uploads\\\/2021\\\/12\\\/coronavirustelam2021-7062.jpg\",\"width\":933,\"height\":589},{\"@type\":\"BreadcrumbList\",\"@id\":\"https:\\\/\\\/diariotextual.com\\\/inicio\\\/index.php\\\/2022\\\/01\\\/09\\\/covid-en-la-pampa-993-nuevos-positivos-y-22700-aislados\\\/#breadcrumb\",\"itemListElement\":[{\"@type\":\"ListItem\",\"position\":1,\"name\":\"Portada\",\"item\":\"https:\\\/\\\/diariotextual.com\\\/inicio\\\/\"},{\"@type\":\"ListItem\",\"position\":2,\"name\":\"Covid en La Pampa: 993 nuevos positivos y otro muerto\"}]},{\"@type\":\"WebSite\",\"@id\":\"https:\\\/\\\/diariotextual.com\\\/inicio\\\/#website\",\"url\":\"https:\\\/\\\/diariotextual.com\\\/inicio\\\/\",\"name\":\"Diario Textual\",\"description\":\"\",\"publisher\":{\"@id\":\"https:\\\/\\\/diariotextual.com\\\/inicio\\\/#organization\"},\"potentialAction\":[{\"@type\":\"SearchAction\",\"target\":{\"@type\":\"EntryPoint\",\"urlTemplate\":\"https:\\\/\\\/diariotextual.com\\\/inicio\\\/?s={search_term_string}\"},\"query-input\":{\"@type\":\"PropertyValueSpecification\",\"valueRequired\":true,\"valueName\":\"search_term_string\"}}],\"inLanguage\":\"es\"},{\"@type\":\"Organization\",\"@id\":\"https:\\\/\\\/diariotextual.com\\\/inicio\\\/#organization\",\"name\":\"Diario Textual\",\"url\":\"https:\\\/\\\/diariotextual.com\\\/inicio\\\/\",\"logo\":{\"@type\":\"ImageObject\",\"inLanguage\":\"es\",\"@id\":\"https:\\\/\\\/diariotextual.com\\\/inicio\\\/#\\\/schema\\\/logo\\\/image\\\/\",\"url\":\"https:\\\/\\\/diariotextual.com\\\/inicio\\\/wp-content\\\/uploads\\\/2023\\\/05\\\/logotextual1.jpg\",\"contentUrl\":\"https:\\\/\\\/diariotextual.com\\\/inicio\\\/wp-content\\\/uploads\\\/2023\\\/05\\\/logotextual1.jpg\",\"width\":516,\"height\":76,\"caption\":\"Diario Textual\"},\"image\":{\"@id\":\"https:\\\/\\\/diariotextual.com\\\/inicio\\\/#\\\/schema\\\/logo\\\/image\\\/\"},\"sameAs\":[\"https:\\\/\\\/www.facebook.com\\\/eltextual\",\"https:\\\/\\\/x.com\\\/eltextual\",\"http:\\\/\\\/www.instagram.com\\\/eltextual\"]},{\"@type\":\"Person\",\"@id\":\"https:\\\/\\\/diariotextual.com\\\/inicio\\\/#\\\/schema\\\/person\\\/418fc4093c33e86ed41562db3508f958\",\"name\":\"Diario1 Diario1\",\"image\":{\"@type\":\"ImageObject\",\"inLanguage\":\"es\",\"@id\":\"https:\\\/\\\/secure.gravatar.com\\\/avatar\\\/9167d280179c85bc18be67aa7eda765854300033af4896dd779b608640f2ef7a?s=96&d=mm&r=g\",\"url\":\"https:\\\/\\\/secure.gravatar.com\\\/avatar\\\/9167d280179c85bc18be67aa7eda765854300033af4896dd779b608640f2ef7a?s=96&d=mm&r=g\",\"contentUrl\":\"https:\\\/\\\/secure.gravatar.com\\\/avatar\\\/9167d280179c85bc18be67aa7eda765854300033af4896dd779b608640f2ef7a?s=96&d=mm&r=g\",\"caption\":\"Diario1 Diario1\"},\"url\":\"https:\\\/\\\/diariotextual.com\\\/inicio\\\/index.php\\\/author\\\/diario1\\\/\"}]}<\/script>\n<!-- \/ Yoast SEO plugin. -->","yoast_head_json":{"title":"Covid en La Pampa: 993 nuevos positivos y otro muerto - Diario Textual","robots":{"index":"index","follow":"follow","max-snippet":"max-snippet:-1","max-image-preview":"max-image-preview:large","max-video-preview":"max-video-preview:-1"},"canonical":"https:\/\/diariotextual.com\/inicio\/index.php\/2022\/01\/09\/covid-en-la-pampa-993-nuevos-positivos-y-22700-aislados\/","og_locale":"es_ES","og_type":"article","og_title":"Covid en La Pampa: 993 nuevos positivos y otro muerto - Diario Textual","og_description":"El Ministerio de Salud de La Pampa inform\u00f3 que este domingo se registraron 993 nuevos casos de coronavirus y report\u00f3 un fallecimiento. Seg\u00fan comunic\u00f3, la persona fallecida es un hombre&hellip;","og_url":"https:\/\/diariotextual.com\/inicio\/index.php\/2022\/01\/09\/covid-en-la-pampa-993-nuevos-positivos-y-22700-aislados\/","og_site_name":"Diario Textual","article_publisher":"https:\/\/www.facebook.com\/eltextual","article_published_time":"2022-01-09T23:42:36+00:00","article_modified_time":"2022-01-10T12:56:29+00:00","og_image":[{"width":933,"height":589,"url":"https:\/\/diariotextual.com\/inicio\/wp-content\/uploads\/2021\/12\/coronavirustelam2021-7062.jpg","type":"image\/jpeg"}],"author":"Diario1 Diario1","twitter_card":"summary_large_image","twitter_creator":"@eltextual","twitter_site":"@eltextual","twitter_misc":{"Escrito por":"Diario1 Diario1","Tiempo de lectura":"3 minutos"},"schema":{"@context":"https:\/\/schema.org","@graph":[{"@type":"Article","@id":"https:\/\/diariotextual.com\/inicio\/index.php\/2022\/01\/09\/covid-en-la-pampa-993-nuevos-positivos-y-22700-aislados\/#article","isPartOf":{"@id":"https:\/\/diariotextual.com\/inicio\/index.php\/2022\/01\/09\/covid-en-la-pampa-993-nuevos-positivos-y-22700-aislados\/"},"author":{"name":"Diario1 Diario1","@id":"https:\/\/diariotextual.com\/inicio\/#\/schema\/person\/418fc4093c33e86ed41562db3508f958"},"headline":"Covid en La Pampa: 993 nuevos positivos y otro muerto","datePublished":"2022-01-09T23:42:36+00:00","dateModified":"2022-01-10T12:56:29+00:00","mainEntityOfPage":{"@id":"https:\/\/diariotextual.com\/inicio\/index.php\/2022\/01\/09\/covid-en-la-pampa-993-nuevos-positivos-y-22700-aislados\/"},"wordCount":428,"publisher":{"@id":"https:\/\/diariotextual.com\/inicio\/#organization"},"image":{"@id":"https:\/\/diariotextual.com\/inicio\/index.php\/2022\/01\/09\/covid-en-la-pampa-993-nuevos-positivos-y-22700-aislados\/#primaryimage"},"thumbnailUrl":"https:\/\/diariotextual.com\/inicio\/wp-content\/uploads\/2021\/12\/coronavirustelam2021-7062.jpg","keywords":["covid"],"articleSection":["A - DESTACADAS (mod 16)","SOCIEDAD"],"inLanguage":"es"},{"@type":"WebPage","@id":"https:\/\/diariotextual.com\/inicio\/index.php\/2022\/01\/09\/covid-en-la-pampa-993-nuevos-positivos-y-22700-aislados\/","url":"https:\/\/diariotextual.com\/inicio\/index.php\/2022\/01\/09\/covid-en-la-pampa-993-nuevos-positivos-y-22700-aislados\/","name":"Covid en La Pampa: 993 nuevos positivos y otro muerto - Diario Textual","isPartOf":{"@id":"https:\/\/diariotextual.com\/inicio\/#website"},"primaryImageOfPage":{"@id":"https:\/\/diariotextual.com\/inicio\/index.php\/2022\/01\/09\/covid-en-la-pampa-993-nuevos-positivos-y-22700-aislados\/#primaryimage"},"image":{"@id":"https:\/\/diariotextual.com\/inicio\/index.php\/2022\/01\/09\/covid-en-la-pampa-993-nuevos-positivos-y-22700-aislados\/#primaryimage"},"thumbnailUrl":"https:\/\/diariotextual.com\/inicio\/wp-content\/uploads\/2021\/12\/coronavirustelam2021-7062.jpg","datePublished":"2022-01-09T23:42:36+00:00","dateModified":"2022-01-10T12:56:29+00:00","breadcrumb":{"@id":"https:\/\/diariotextual.com\/inicio\/index.php\/2022\/01\/09\/covid-en-la-pampa-993-nuevos-positivos-y-22700-aislados\/#breadcrumb"},"inLanguage":"es","potentialAction":[{"@type":"ReadAction","target":["https:\/\/diariotextual.com\/inicio\/index.php\/2022\/01\/09\/covid-en-la-pampa-993-nuevos-positivos-y-22700-aislados\/"]}]},{"@type":"ImageObject","inLanguage":"es","@id":"https:\/\/diariotextual.com\/inicio\/index.php\/2022\/01\/09\/covid-en-la-pampa-993-nuevos-positivos-y-22700-aislados\/#primaryimage","url":"https:\/\/diariotextual.com\/inicio\/wp-content\/uploads\/2021\/12\/coronavirustelam2021-7062.jpg","contentUrl":"https:\/\/diariotextual.com\/inicio\/wp-content\/uploads\/2021\/12\/coronavirustelam2021-7062.jpg","width":933,"height":589},{"@type":"BreadcrumbList","@id":"https:\/\/diariotextual.com\/inicio\/index.php\/2022\/01\/09\/covid-en-la-pampa-993-nuevos-positivos-y-22700-aislados\/#breadcrumb","itemListElement":[{"@type":"ListItem","position":1,"name":"Portada","item":"https:\/\/diariotextual.com\/inicio\/"},{"@type":"ListItem","position":2,"name":"Covid en La Pampa: 993 nuevos positivos y otro muerto"}]},{"@type":"WebSite","@id":"https:\/\/diariotextual.com\/inicio\/#website","url":"https:\/\/diariotextual.com\/inicio\/","name":"Diario Textual","description":"","publisher":{"@id":"https:\/\/diariotextual.com\/inicio\/#organization"},"potentialAction":[{"@type":"SearchAction","target":{"@type":"EntryPoint","urlTemplate":"https:\/\/diariotextual.com\/inicio\/?s={search_term_string}"},"query-input":{"@type":"PropertyValueSpecification","valueRequired":true,"valueName":"search_term_string"}}],"inLanguage":"es"},{"@type":"Organization","@id":"https:\/\/diariotextual.com\/inicio\/#organization","name":"Diario Textual","url":"https:\/\/diariotextual.com\/inicio\/","logo":{"@type":"ImageObject","inLanguage":"es","@id":"https:\/\/diariotextual.com\/inicio\/#\/schema\/logo\/image\/","url":"https:\/\/diariotextual.com\/inicio\/wp-content\/uploads\/2023\/05\/logotextual1.jpg","contentUrl":"https:\/\/diariotextual.com\/inicio\/wp-content\/uploads\/2023\/05\/logotextual1.jpg","width":516,"height":76,"caption":"Diario Textual"},"image":{"@id":"https:\/\/diariotextual.com\/inicio\/#\/schema\/logo\/image\/"},"sameAs":["https:\/\/www.facebook.com\/eltextual","https:\/\/x.com\/eltextual","http:\/\/www.instagram.com\/eltextual"]},{"@type":"Person","@id":"https:\/\/diariotextual.com\/inicio\/#\/schema\/person\/418fc4093c33e86ed41562db3508f958","name":"Diario1 Diario1","image":{"@type":"ImageObject","inLanguage":"es","@id":"https:\/\/secure.gravatar.com\/avatar\/9167d280179c85bc18be67aa7eda765854300033af4896dd779b608640f2ef7a?s=96&d=mm&r=g","url":"https:\/\/secure.gravatar.com\/avatar\/9167d280179c85bc18be67aa7eda765854300033af4896dd779b608640f2ef7a?s=96&d=mm&r=g","contentUrl":"https:\/\/secure.gravatar.com\/avatar\/9167d280179c85bc18be67aa7eda765854300033af4896dd779b608640f2ef7a?s=96&d=mm&r=g","caption":"Diario1 Diario1"},"url":"https:\/\/diariotextual.com\/inicio\/index.php\/author\/diario1\/"}]}},"_links":{"self":[{"href":"https:\/\/diariotextual.com\/inicio\/index.php\/wp-json\/wp\/v2\/posts\/175791","targetHints":{"allow":["GET"]}}],"collection":[{"href":"https:\/\/diariotextual.com\/inicio\/index.php\/wp-json\/wp\/v2\/posts"}],"about":[{"href":"https:\/\/diariotextual.com\/inicio\/index.php\/wp-json\/wp\/v2\/types\/post"}],"author":[{"embeddable":true,"href":"https:\/\/diariotextual.com\/inicio\/index.php\/wp-json\/wp\/v2\/users\/3"}],"replies":[{"embeddable":true,"href":"https:\/\/diariotextual.com\/inicio\/index.php\/wp-json\/wp\/v2\/comments?post=175791"}],"version-history":[{"count":8,"href":"https:\/\/diariotextual.com\/inicio\/index.php\/wp-json\/wp\/v2\/posts\/175791\/revisions"}],"predecessor-version":[{"id":175802,"href":"https:\/\/diariotextual.com\/inicio\/index.php\/wp-json\/wp\/v2\/posts\/175791\/revisions\/175802"}],"wp:featuredmedia":[{"embeddable":true,"href":"https:\/\/diariotextual.com\/inicio\/index.php\/wp-json\/wp\/v2\/media\/174302"}],"wp:attachment":[{"href":"https:\/\/diariotextual.com\/inicio\/index.php\/wp-json\/wp\/v2\/media?parent=175791"}],"wp:term":[{"taxonomy":"category","embeddable":true,"href":"https:\/\/diariotextual.com\/inicio\/index.php\/wp-json\/wp\/v2\/categories?post=175791"},{"taxonomy":"post_tag","embeddable":true,"href":"https:\/\/diariotextual.com\/inicio\/index.php\/wp-json\/wp\/v2\/tags?post=175791"}],"curies":[{"name":"wp","href":"https:\/\/api.w.org\/{rel}","templated":true}]}}