{"id":177971,"date":"2022-02-01T20:39:34","date_gmt":"2022-02-01T23:39:34","guid":{"rendered":"https:\/\/diariotextual.com\/inicio\/?p=177971"},"modified":"2022-02-01T20:42:55","modified_gmt":"2022-02-01T23:42:55","slug":"covid-dos-fallecimientos-y-310-nuevos-positivos","status":"publish","type":"post","link":"https:\/\/diariotextual.com\/inicio\/index.php\/2022\/02\/01\/covid-dos-fallecimientos-y-310-nuevos-positivos\/","title":{"rendered":"Covid en La Pampa: dos fallecimientos y 310 nuevos positivos"},"content":{"rendered":"\n<p>El Ministerio de Salud de La Pampa inform\u00f3 que este martes se registraron<strong> 310 nuevos casos de coronavirus<\/strong> en la provincia.<\/p>\n\n\n\n<p>Adem\u00e1s, hasta el momento del cierre del parte diario<strong> se informaron dos fallecimientos: un hombre de 90 a\u00f1os de Arauz y otro hombre de 81 de Santa Rosa.<\/strong><br><\/p>\n\n\n\n<p>Hoy se analizaron 1136 muestras. De los positivos, <strong>114 residen en Santa Rosa, 58 en General Pico, 15 en Victorica, 13 en 25 de Mayo, 13 en Macach\u00edn, 11 en Guatrach\u00e9, 10 en Catril\u00f3, 8 en La Humada, 5 en General Acha, 5 en Ingeniero Luiggi, 5 en Realic\u00f3, 5 en Parera, 5 en Rol\u00f3n, 4 en General San Martin, 4 en Colonia Bar\u00f3n, 3 en Toay, 3 en Eduardo Castex, 3 en Lonquimay, 3 en Doblas, 3 en Miguel Riglos, 2 en Bernasconi, 2 en Uriburu, 2 en Tel\u00e9n, 2 en Ataliva Roca, 2 en Anguil, 2 en Carro Quemado, 2 en Bernardo Larroud\u00e9, 2 en Villa Mirasol, 1 en Alpachiri, 1 en Alta Italia, 1 en La Maruja y 1 en Coronel Hilario Lagos.<\/strong><\/p>\n\n\n\n<p>Desde el inicio de la pandemia, en la provincia se registraron 102.082 casos positivos para Covid-19, de los cuales 3.952 permanecen activos, 931 han fallecido y 97.199 se han recuperado, 776 en el d\u00eda de hoy). En tanto, hay 46 internados (6 en terapia intensiva).<\/p>\n\n\n\n<p>Los casos confirmados activos pertenecen a las siguientes localidades: 1803 Santa Rosa, 444 General Pico, 229 Toay, 118 General Acha, 106 Eduardo Castex, 87 La Adela, 82 Guatrach\u00e9, 71 General Campos, 67 Rancul, 60 Victorica, 59 25 de Mayo, 55 Intendente Alvear, 49 Catril\u00f3, 41 Trenel, 40 Jacinto Arauz, 35 Macach\u00edn, 34 General San Martin, 29 Ingeniero Luiggi, 28 La Humada, 28 Quem\u00fa Quem\u00fa, 27 Bernasconi, 27 Alpachiri, 25 Realic\u00f3, 23 Uriburu, 23 Tel\u00e9n, 22 Lonquimay, 22 Winifreda, 20 Colonia Bar\u00f3n, 20 Santa Isabel, 18 Ataliva Roca, 17 Chacharramendi, 16 Alta Italia, 15 Parera, 13 Rol\u00f3n, 13 Anguil, 12 Carro Quemado, 11 La Reforma, 11 V\u00e9rtiz, 9 Doblas, 9 Arata, 8 Miguel Riglos, 8 Bernardo Larroud\u00e9, 8 Caleuf\u00fa, 8 Embajador Martini, 7 Rucanelo, 7 Conhello, 6 Villa Mirasol, 6 La Maruja, 6 Miguel Can\u00e9, 6 Puelches, 6 Quetrequ\u00e9n, 5 Agustoni, 5 Ceballos, 4 Coronel Hilario Lagos, 4 Gobernador Duval, 4 Luan Toro, 4 Anchorena, 3 Dorila, 3 Loventuel, 3 Monte Nievas, 3 Casa de Piedra, 3 Per\u00fa, 3 Puel\u00e9n, 3 Speluzzi, 2 Colonia Santa Teresa, 2 Limay Mahuida, 2 Quehu\u00e9, 1 Abramo, 1 Algarrobo del \u00c1guila, 1 Metileo, 1 Ojeda y 1 Relmo.<\/p>\n\n\n\n<p><\/p>\n\n\n\n<p><\/p>\n\n\n\n<p><\/p>\n","protected":false},"excerpt":{"rendered":"<p>El Ministerio de Salud de La Pampa inform\u00f3 que este martes se registraron 310 nuevos casos de coronavirus en la provincia. Adem\u00e1s, hasta el momento del cierre del parte diario&hellip;<\/p>\n","protected":false},"author":3,"featured_media":122528,"comment_status":"closed","ping_status":"open","sticky":false,"template":"","format":"standard","meta":{"_acf_changed":false,"footnotes":""},"categories":[4,12],"tags":[2662,2899],"class_list":["post-177971","post","type-post","status-publish","format-standard","has-post-thumbnail","hentry","category-destacadas","category-sociedad","tag-coronavirus","tag-covid"],"acf":[],"yoast_head":"<!-- This site is optimized with the Yoast SEO plugin v27.5 - https:\/\/yoast.com\/product\/yoast-seo-wordpress\/ -->\n<title>Covid en La Pampa: dos fallecimientos y 310 nuevos positivos - Diario Textual<\/title>\n<meta name=\"robots\" content=\"index, follow, max-snippet:-1, max-image-preview:large, max-video-preview:-1\" \/>\n<link rel=\"canonical\" href=\"https:\/\/diariotextual.com\/inicio\/index.php\/2022\/02\/01\/covid-dos-fallecimientos-y-310-nuevos-positivos\/\" \/>\n<meta property=\"og:locale\" content=\"es_ES\" \/>\n<meta property=\"og:type\" content=\"article\" \/>\n<meta property=\"og:title\" content=\"Covid en La Pampa: dos fallecimientos y 310 nuevos positivos - Diario Textual\" \/>\n<meta property=\"og:description\" content=\"El Ministerio de Salud de La Pampa inform\u00f3 que este martes se registraron 310 nuevos casos de coronavirus en la provincia. Adem\u00e1s, hasta el momento del cierre del parte diario&hellip;\" \/>\n<meta property=\"og:url\" content=\"https:\/\/diariotextual.com\/inicio\/index.php\/2022\/02\/01\/covid-dos-fallecimientos-y-310-nuevos-positivos\/\" \/>\n<meta property=\"og:site_name\" content=\"Diario Textual\" \/>\n<meta property=\"article:publisher\" content=\"https:\/\/www.facebook.com\/eltextual\" \/>\n<meta property=\"article:published_time\" content=\"2022-02-01T23:39:34+00:00\" \/>\n<meta property=\"article:modified_time\" content=\"2022-02-01T23:42:55+00:00\" \/>\n<meta property=\"og:image\" content=\"https:\/\/diariotextual.com\/inicio\/wp-content\/uploads\/2020\/11\/coronaviruslapampa2020-9015.jpg\" \/>\n\t<meta property=\"og:image:width\" content=\"1949\" \/>\n\t<meta property=\"og:image:height\" content=\"1299\" \/>\n\t<meta property=\"og:image:type\" content=\"image\/jpeg\" \/>\n<meta name=\"author\" content=\"Diario1 Diario1\" \/>\n<meta name=\"twitter:card\" content=\"summary_large_image\" \/>\n<meta name=\"twitter:creator\" content=\"@eltextual\" \/>\n<meta name=\"twitter:site\" content=\"@eltextual\" \/>\n<meta name=\"twitter:label1\" content=\"Escrito por\" \/>\n\t<meta name=\"twitter:data1\" content=\"Diario1 Diario1\" \/>\n\t<meta name=\"twitter:label2\" content=\"Tiempo de lectura\" \/>\n\t<meta name=\"twitter:data2\" content=\"2 minutos\" \/>\n<script type=\"application\/ld+json\" class=\"yoast-schema-graph\">{\"@context\":\"https:\\\/\\\/schema.org\",\"@graph\":[{\"@type\":\"Article\",\"@id\":\"https:\\\/\\\/diariotextual.com\\\/inicio\\\/index.php\\\/2022\\\/02\\\/01\\\/covid-dos-fallecimientos-y-310-nuevos-positivos\\\/#article\",\"isPartOf\":{\"@id\":\"https:\\\/\\\/diariotextual.com\\\/inicio\\\/index.php\\\/2022\\\/02\\\/01\\\/covid-dos-fallecimientos-y-310-nuevos-positivos\\\/\"},\"author\":{\"name\":\"Diario1 Diario1\",\"@id\":\"https:\\\/\\\/diariotextual.com\\\/inicio\\\/#\\\/schema\\\/person\\\/418fc4093c33e86ed41562db3508f958\"},\"headline\":\"Covid en La Pampa: dos fallecimientos y 310 nuevos positivos\",\"datePublished\":\"2022-02-01T23:39:34+00:00\",\"dateModified\":\"2022-02-01T23:42:55+00:00\",\"mainEntityOfPage\":{\"@id\":\"https:\\\/\\\/diariotextual.com\\\/inicio\\\/index.php\\\/2022\\\/02\\\/01\\\/covid-dos-fallecimientos-y-310-nuevos-positivos\\\/\"},\"wordCount\":319,\"publisher\":{\"@id\":\"https:\\\/\\\/diariotextual.com\\\/inicio\\\/#organization\"},\"image\":{\"@id\":\"https:\\\/\\\/diariotextual.com\\\/inicio\\\/index.php\\\/2022\\\/02\\\/01\\\/covid-dos-fallecimientos-y-310-nuevos-positivos\\\/#primaryimage\"},\"thumbnailUrl\":\"https:\\\/\\\/diariotextual.com\\\/inicio\\\/wp-content\\\/uploads\\\/2020\\\/11\\\/coronaviruslapampa2020-9015.jpg\",\"keywords\":[\"coronavirus\",\"covid\"],\"articleSection\":[\"A - DESTACADAS (mod 16)\",\"SOCIEDAD\"],\"inLanguage\":\"es\"},{\"@type\":\"WebPage\",\"@id\":\"https:\\\/\\\/diariotextual.com\\\/inicio\\\/index.php\\\/2022\\\/02\\\/01\\\/covid-dos-fallecimientos-y-310-nuevos-positivos\\\/\",\"url\":\"https:\\\/\\\/diariotextual.com\\\/inicio\\\/index.php\\\/2022\\\/02\\\/01\\\/covid-dos-fallecimientos-y-310-nuevos-positivos\\\/\",\"name\":\"Covid en La Pampa: dos fallecimientos y 310 nuevos positivos - Diario Textual\",\"isPartOf\":{\"@id\":\"https:\\\/\\\/diariotextual.com\\\/inicio\\\/#website\"},\"primaryImageOfPage\":{\"@id\":\"https:\\\/\\\/diariotextual.com\\\/inicio\\\/index.php\\\/2022\\\/02\\\/01\\\/covid-dos-fallecimientos-y-310-nuevos-positivos\\\/#primaryimage\"},\"image\":{\"@id\":\"https:\\\/\\\/diariotextual.com\\\/inicio\\\/index.php\\\/2022\\\/02\\\/01\\\/covid-dos-fallecimientos-y-310-nuevos-positivos\\\/#primaryimage\"},\"thumbnailUrl\":\"https:\\\/\\\/diariotextual.com\\\/inicio\\\/wp-content\\\/uploads\\\/2020\\\/11\\\/coronaviruslapampa2020-9015.jpg\",\"datePublished\":\"2022-02-01T23:39:34+00:00\",\"dateModified\":\"2022-02-01T23:42:55+00:00\",\"breadcrumb\":{\"@id\":\"https:\\\/\\\/diariotextual.com\\\/inicio\\\/index.php\\\/2022\\\/02\\\/01\\\/covid-dos-fallecimientos-y-310-nuevos-positivos\\\/#breadcrumb\"},\"inLanguage\":\"es\",\"potentialAction\":[{\"@type\":\"ReadAction\",\"target\":[\"https:\\\/\\\/diariotextual.com\\\/inicio\\\/index.php\\\/2022\\\/02\\\/01\\\/covid-dos-fallecimientos-y-310-nuevos-positivos\\\/\"]}]},{\"@type\":\"ImageObject\",\"inLanguage\":\"es\",\"@id\":\"https:\\\/\\\/diariotextual.com\\\/inicio\\\/index.php\\\/2022\\\/02\\\/01\\\/covid-dos-fallecimientos-y-310-nuevos-positivos\\\/#primaryimage\",\"url\":\"https:\\\/\\\/diariotextual.com\\\/inicio\\\/wp-content\\\/uploads\\\/2020\\\/11\\\/coronaviruslapampa2020-9015.jpg\",\"contentUrl\":\"https:\\\/\\\/diariotextual.com\\\/inicio\\\/wp-content\\\/uploads\\\/2020\\\/11\\\/coronaviruslapampa2020-9015.jpg\",\"width\":1949,\"height\":1299},{\"@type\":\"BreadcrumbList\",\"@id\":\"https:\\\/\\\/diariotextual.com\\\/inicio\\\/index.php\\\/2022\\\/02\\\/01\\\/covid-dos-fallecimientos-y-310-nuevos-positivos\\\/#breadcrumb\",\"itemListElement\":[{\"@type\":\"ListItem\",\"position\":1,\"name\":\"Portada\",\"item\":\"https:\\\/\\\/diariotextual.com\\\/inicio\\\/\"},{\"@type\":\"ListItem\",\"position\":2,\"name\":\"Covid en La Pampa: dos fallecimientos y 310 nuevos positivos\"}]},{\"@type\":\"WebSite\",\"@id\":\"https:\\\/\\\/diariotextual.com\\\/inicio\\\/#website\",\"url\":\"https:\\\/\\\/diariotextual.com\\\/inicio\\\/\",\"name\":\"Diario Textual\",\"description\":\"\",\"publisher\":{\"@id\":\"https:\\\/\\\/diariotextual.com\\\/inicio\\\/#organization\"},\"potentialAction\":[{\"@type\":\"SearchAction\",\"target\":{\"@type\":\"EntryPoint\",\"urlTemplate\":\"https:\\\/\\\/diariotextual.com\\\/inicio\\\/?s={search_term_string}\"},\"query-input\":{\"@type\":\"PropertyValueSpecification\",\"valueRequired\":true,\"valueName\":\"search_term_string\"}}],\"inLanguage\":\"es\"},{\"@type\":\"Organization\",\"@id\":\"https:\\\/\\\/diariotextual.com\\\/inicio\\\/#organization\",\"name\":\"Diario Textual\",\"url\":\"https:\\\/\\\/diariotextual.com\\\/inicio\\\/\",\"logo\":{\"@type\":\"ImageObject\",\"inLanguage\":\"es\",\"@id\":\"https:\\\/\\\/diariotextual.com\\\/inicio\\\/#\\\/schema\\\/logo\\\/image\\\/\",\"url\":\"https:\\\/\\\/diariotextual.com\\\/inicio\\\/wp-content\\\/uploads\\\/2023\\\/05\\\/logotextual1.jpg\",\"contentUrl\":\"https:\\\/\\\/diariotextual.com\\\/inicio\\\/wp-content\\\/uploads\\\/2023\\\/05\\\/logotextual1.jpg\",\"width\":516,\"height\":76,\"caption\":\"Diario Textual\"},\"image\":{\"@id\":\"https:\\\/\\\/diariotextual.com\\\/inicio\\\/#\\\/schema\\\/logo\\\/image\\\/\"},\"sameAs\":[\"https:\\\/\\\/www.facebook.com\\\/eltextual\",\"https:\\\/\\\/x.com\\\/eltextual\",\"http:\\\/\\\/www.instagram.com\\\/eltextual\"]},{\"@type\":\"Person\",\"@id\":\"https:\\\/\\\/diariotextual.com\\\/inicio\\\/#\\\/schema\\\/person\\\/418fc4093c33e86ed41562db3508f958\",\"name\":\"Diario1 Diario1\",\"image\":{\"@type\":\"ImageObject\",\"inLanguage\":\"es\",\"@id\":\"https:\\\/\\\/secure.gravatar.com\\\/avatar\\\/9167d280179c85bc18be67aa7eda765854300033af4896dd779b608640f2ef7a?s=96&d=mm&r=g\",\"url\":\"https:\\\/\\\/secure.gravatar.com\\\/avatar\\\/9167d280179c85bc18be67aa7eda765854300033af4896dd779b608640f2ef7a?s=96&d=mm&r=g\",\"contentUrl\":\"https:\\\/\\\/secure.gravatar.com\\\/avatar\\\/9167d280179c85bc18be67aa7eda765854300033af4896dd779b608640f2ef7a?s=96&d=mm&r=g\",\"caption\":\"Diario1 Diario1\"},\"url\":\"https:\\\/\\\/diariotextual.com\\\/inicio\\\/index.php\\\/author\\\/diario1\\\/\"}]}<\/script>\n<!-- \/ Yoast SEO plugin. -->","yoast_head_json":{"title":"Covid en La Pampa: dos fallecimientos y 310 nuevos positivos - Diario Textual","robots":{"index":"index","follow":"follow","max-snippet":"max-snippet:-1","max-image-preview":"max-image-preview:large","max-video-preview":"max-video-preview:-1"},"canonical":"https:\/\/diariotextual.com\/inicio\/index.php\/2022\/02\/01\/covid-dos-fallecimientos-y-310-nuevos-positivos\/","og_locale":"es_ES","og_type":"article","og_title":"Covid en La Pampa: dos fallecimientos y 310 nuevos positivos - Diario Textual","og_description":"El Ministerio de Salud de La Pampa inform\u00f3 que este martes se registraron 310 nuevos casos de coronavirus en la provincia. Adem\u00e1s, hasta el momento del cierre del parte diario&hellip;","og_url":"https:\/\/diariotextual.com\/inicio\/index.php\/2022\/02\/01\/covid-dos-fallecimientos-y-310-nuevos-positivos\/","og_site_name":"Diario Textual","article_publisher":"https:\/\/www.facebook.com\/eltextual","article_published_time":"2022-02-01T23:39:34+00:00","article_modified_time":"2022-02-01T23:42:55+00:00","og_image":[{"width":1949,"height":1299,"url":"https:\/\/diariotextual.com\/inicio\/wp-content\/uploads\/2020\/11\/coronaviruslapampa2020-9015.jpg","type":"image\/jpeg"}],"author":"Diario1 Diario1","twitter_card":"summary_large_image","twitter_creator":"@eltextual","twitter_site":"@eltextual","twitter_misc":{"Escrito por":"Diario1 Diario1","Tiempo de lectura":"2 minutos"},"schema":{"@context":"https:\/\/schema.org","@graph":[{"@type":"Article","@id":"https:\/\/diariotextual.com\/inicio\/index.php\/2022\/02\/01\/covid-dos-fallecimientos-y-310-nuevos-positivos\/#article","isPartOf":{"@id":"https:\/\/diariotextual.com\/inicio\/index.php\/2022\/02\/01\/covid-dos-fallecimientos-y-310-nuevos-positivos\/"},"author":{"name":"Diario1 Diario1","@id":"https:\/\/diariotextual.com\/inicio\/#\/schema\/person\/418fc4093c33e86ed41562db3508f958"},"headline":"Covid en La Pampa: dos fallecimientos y 310 nuevos positivos","datePublished":"2022-02-01T23:39:34+00:00","dateModified":"2022-02-01T23:42:55+00:00","mainEntityOfPage":{"@id":"https:\/\/diariotextual.com\/inicio\/index.php\/2022\/02\/01\/covid-dos-fallecimientos-y-310-nuevos-positivos\/"},"wordCount":319,"publisher":{"@id":"https:\/\/diariotextual.com\/inicio\/#organization"},"image":{"@id":"https:\/\/diariotextual.com\/inicio\/index.php\/2022\/02\/01\/covid-dos-fallecimientos-y-310-nuevos-positivos\/#primaryimage"},"thumbnailUrl":"https:\/\/diariotextual.com\/inicio\/wp-content\/uploads\/2020\/11\/coronaviruslapampa2020-9015.jpg","keywords":["coronavirus","covid"],"articleSection":["A - DESTACADAS (mod 16)","SOCIEDAD"],"inLanguage":"es"},{"@type":"WebPage","@id":"https:\/\/diariotextual.com\/inicio\/index.php\/2022\/02\/01\/covid-dos-fallecimientos-y-310-nuevos-positivos\/","url":"https:\/\/diariotextual.com\/inicio\/index.php\/2022\/02\/01\/covid-dos-fallecimientos-y-310-nuevos-positivos\/","name":"Covid en La Pampa: dos fallecimientos y 310 nuevos positivos - Diario Textual","isPartOf":{"@id":"https:\/\/diariotextual.com\/inicio\/#website"},"primaryImageOfPage":{"@id":"https:\/\/diariotextual.com\/inicio\/index.php\/2022\/02\/01\/covid-dos-fallecimientos-y-310-nuevos-positivos\/#primaryimage"},"image":{"@id":"https:\/\/diariotextual.com\/inicio\/index.php\/2022\/02\/01\/covid-dos-fallecimientos-y-310-nuevos-positivos\/#primaryimage"},"thumbnailUrl":"https:\/\/diariotextual.com\/inicio\/wp-content\/uploads\/2020\/11\/coronaviruslapampa2020-9015.jpg","datePublished":"2022-02-01T23:39:34+00:00","dateModified":"2022-02-01T23:42:55+00:00","breadcrumb":{"@id":"https:\/\/diariotextual.com\/inicio\/index.php\/2022\/02\/01\/covid-dos-fallecimientos-y-310-nuevos-positivos\/#breadcrumb"},"inLanguage":"es","potentialAction":[{"@type":"ReadAction","target":["https:\/\/diariotextual.com\/inicio\/index.php\/2022\/02\/01\/covid-dos-fallecimientos-y-310-nuevos-positivos\/"]}]},{"@type":"ImageObject","inLanguage":"es","@id":"https:\/\/diariotextual.com\/inicio\/index.php\/2022\/02\/01\/covid-dos-fallecimientos-y-310-nuevos-positivos\/#primaryimage","url":"https:\/\/diariotextual.com\/inicio\/wp-content\/uploads\/2020\/11\/coronaviruslapampa2020-9015.jpg","contentUrl":"https:\/\/diariotextual.com\/inicio\/wp-content\/uploads\/2020\/11\/coronaviruslapampa2020-9015.jpg","width":1949,"height":1299},{"@type":"BreadcrumbList","@id":"https:\/\/diariotextual.com\/inicio\/index.php\/2022\/02\/01\/covid-dos-fallecimientos-y-310-nuevos-positivos\/#breadcrumb","itemListElement":[{"@type":"ListItem","position":1,"name":"Portada","item":"https:\/\/diariotextual.com\/inicio\/"},{"@type":"ListItem","position":2,"name":"Covid en La Pampa: dos fallecimientos y 310 nuevos positivos"}]},{"@type":"WebSite","@id":"https:\/\/diariotextual.com\/inicio\/#website","url":"https:\/\/diariotextual.com\/inicio\/","name":"Diario Textual","description":"","publisher":{"@id":"https:\/\/diariotextual.com\/inicio\/#organization"},"potentialAction":[{"@type":"SearchAction","target":{"@type":"EntryPoint","urlTemplate":"https:\/\/diariotextual.com\/inicio\/?s={search_term_string}"},"query-input":{"@type":"PropertyValueSpecification","valueRequired":true,"valueName":"search_term_string"}}],"inLanguage":"es"},{"@type":"Organization","@id":"https:\/\/diariotextual.com\/inicio\/#organization","name":"Diario Textual","url":"https:\/\/diariotextual.com\/inicio\/","logo":{"@type":"ImageObject","inLanguage":"es","@id":"https:\/\/diariotextual.com\/inicio\/#\/schema\/logo\/image\/","url":"https:\/\/diariotextual.com\/inicio\/wp-content\/uploads\/2023\/05\/logotextual1.jpg","contentUrl":"https:\/\/diariotextual.com\/inicio\/wp-content\/uploads\/2023\/05\/logotextual1.jpg","width":516,"height":76,"caption":"Diario Textual"},"image":{"@id":"https:\/\/diariotextual.com\/inicio\/#\/schema\/logo\/image\/"},"sameAs":["https:\/\/www.facebook.com\/eltextual","https:\/\/x.com\/eltextual","http:\/\/www.instagram.com\/eltextual"]},{"@type":"Person","@id":"https:\/\/diariotextual.com\/inicio\/#\/schema\/person\/418fc4093c33e86ed41562db3508f958","name":"Diario1 Diario1","image":{"@type":"ImageObject","inLanguage":"es","@id":"https:\/\/secure.gravatar.com\/avatar\/9167d280179c85bc18be67aa7eda765854300033af4896dd779b608640f2ef7a?s=96&d=mm&r=g","url":"https:\/\/secure.gravatar.com\/avatar\/9167d280179c85bc18be67aa7eda765854300033af4896dd779b608640f2ef7a?s=96&d=mm&r=g","contentUrl":"https:\/\/secure.gravatar.com\/avatar\/9167d280179c85bc18be67aa7eda765854300033af4896dd779b608640f2ef7a?s=96&d=mm&r=g","caption":"Diario1 Diario1"},"url":"https:\/\/diariotextual.com\/inicio\/index.php\/author\/diario1\/"}]}},"_links":{"self":[{"href":"https:\/\/diariotextual.com\/inicio\/index.php\/wp-json\/wp\/v2\/posts\/177971","targetHints":{"allow":["GET"]}}],"collection":[{"href":"https:\/\/diariotextual.com\/inicio\/index.php\/wp-json\/wp\/v2\/posts"}],"about":[{"href":"https:\/\/diariotextual.com\/inicio\/index.php\/wp-json\/wp\/v2\/types\/post"}],"author":[{"embeddable":true,"href":"https:\/\/diariotextual.com\/inicio\/index.php\/wp-json\/wp\/v2\/users\/3"}],"replies":[{"embeddable":true,"href":"https:\/\/diariotextual.com\/inicio\/index.php\/wp-json\/wp\/v2\/comments?post=177971"}],"version-history":[{"count":8,"href":"https:\/\/diariotextual.com\/inicio\/index.php\/wp-json\/wp\/v2\/posts\/177971\/revisions"}],"predecessor-version":[{"id":178022,"href":"https:\/\/diariotextual.com\/inicio\/index.php\/wp-json\/wp\/v2\/posts\/177971\/revisions\/178022"}],"wp:featuredmedia":[{"embeddable":true,"href":"https:\/\/diariotextual.com\/inicio\/index.php\/wp-json\/wp\/v2\/media\/122528"}],"wp:attachment":[{"href":"https:\/\/diariotextual.com\/inicio\/index.php\/wp-json\/wp\/v2\/media?parent=177971"}],"wp:term":[{"taxonomy":"category","embeddable":true,"href":"https:\/\/diariotextual.com\/inicio\/index.php\/wp-json\/wp\/v2\/categories?post=177971"},{"taxonomy":"post_tag","embeddable":true,"href":"https:\/\/diariotextual.com\/inicio\/index.php\/wp-json\/wp\/v2\/tags?post=177971"}],"curies":[{"name":"wp","href":"https:\/\/api.w.org\/{rel}","templated":true}]}}