{"id":178216,"date":"2022-02-03T15:02:37","date_gmt":"2022-02-03T18:02:37","guid":{"rendered":"https:\/\/diariotextual.com\/inicio\/?p=178216"},"modified":"2022-02-04T10:33:11","modified_gmt":"2022-02-04T13:33:11","slug":"ziliotto-en-acha-licito-obras-para-resolver-el-problema-de-las-inundaciones","status":"publish","type":"post","link":"https:\/\/diariotextual.com\/inicio\/index.php\/2022\/02\/03\/ziliotto-en-acha-licito-obras-para-resolver-el-problema-de-las-inundaciones\/","title":{"rendered":"Ziliotto en Acha licit\u00f3 obras para resolver el problema de las inundaciones"},"content":{"rendered":"\n<p>El <strong>gobernador Sergio Ziliotto particip\u00f3 este jueves de la apertura de sobres con las ofertas <\/strong>para concretar las obras que <strong>beneficiar\u00e1n en forma directa a 966 familias de General Acha<\/strong>. \u201cNo vamos a detenernos para que las y los pampeanos vivan cada d\u00eda mejor, porque as\u00ed se lo merecen\u201d, asegur\u00f3.<\/p>\n\n\n\n<p>El mandatario pampeano fue recibido por el intendente Abel Sabarots, y estuvo acompa\u00f1ado por el ministro de Obras y Servicios P\u00fablicos, Julio Rojo y el gerente t\u00e9cnico del IPAV, Mariano Ferretti.<\/p>\n\n\n\n<p>\u201c<strong>Nos llena el alma llegar a cada uno de los rincones de La Pampa llevando respuestas,<\/strong> y estamos aqu\u00ed, en General Acha, cumpliendo con nuestra palabra\u201d, expres\u00f3 el gobernador, quien record\u00f3: \u201cEn 2019 le ped\u00ed a la ciudadan\u00eda que me acompa\u00f1ara con el voto, y esta obra era algo que realmente necesitaban porque resuelve un problema estructural, y es una especie de reparaci\u00f3n hist\u00f3rica\u201d.<\/p>\n\n\n\n<p>\u201cEl<strong> an\u00e1lisis estad\u00edstico que hac\u00eda Mariano -Ferretti- de las tormentas de los \u00faltimos 25 a\u00f1os, permiti\u00f3 el dise\u00f1o de la soluci\u00f3n<\/strong>\u201d, explic\u00f3 Ziliotto y afirm\u00f3: \u201cVe\u00edamos que el problema se profundizaba a\u00f1o tras a\u00f1o, por eso esta obra tiene una planificaci\u00f3n\u201d.<\/p>\n\n\n\n<p>El mandatario precis\u00f3 que el dise\u00f1o de las obras surge de un estudio general de los desag\u00fces pluviales de General Acha, y record\u00f3 que <strong>el proyecto que se contrat\u00f3 durante la gesti\u00f3n del exgobernador Carlos Verna, tuvo en an\u00e1lisis 1.600 hect\u00e1reas de la ciudad<\/strong>. \u201cPor eso hablamos de una primera etapa, porque hay diez subcuencas, cada una independiente, y debemos buscar una integralidad entre todas, para que cada vez que llueva no sea un problema\u201d, asegur\u00f3.<\/p>\n\n\n\n<p>A pesar de la pandemia, <strong>en estos dos a\u00f1os de gesti\u00f3n \u201cestamos superando los 1.800 millones de pesos de inversi\u00f3n<\/strong>\u201d, rese\u00f1\u00f3 Ziliotto, al tiempo que afirmaba que <strong>no hab\u00eda que olvidar la Traves\u00eda Urbana: \u201cEn pocos d\u00edas, junto al Gobierno Nacional se buscar\u00e1 destrabar a partir del hecho de que no hay presupuesto (en referencia al rechazo en el Congreso<\/strong>), oblig\u00e1ndolo a comenzar una reingenier\u00eda de an\u00e1lisis, de recursos, de proyecciones econ\u00f3micas para que estas obras tengan respaldo financiero y as\u00ed se empiecen y se terminen\u201d.<\/p>\n\n\n\n<p>\u201cPor eso estamos trabajando para que lo antes posible se firme el contrato -dijo Ziliotto- de una obra que supera los 500 millones de pesos y ya est\u00e1 licitada. A eso <strong>sumamos 40 viviendas que est\u00e1n en construcci\u00f3n y otras 40 que licitamos, y esas 45 cuadras de asfalto, m\u00e1s otras obras<\/strong> menores en cuanto al monto, pero no a su importancia, porque se trata del sistema de saneamiento urbano. Sabemos que tenemos que seguir trabajando, porque al solucionar de una vez y para siempre los problemas de esas 1.600 hect\u00e1reas, se hace necesario proyectar una segunda etapa que seguramente triplicar\u00e1\u00a0 la inversi\u00f3n actual que hoy licitamos. No vamos a detenernos\u201d, a\u00f1adi\u00f3 el mandatario.<\/p>\n\n\n\n<p>El gobernador tambi\u00e9n puntualiz\u00f3 que <strong>General Acha es parte de una red del\u00a0 servicio integral de salud y tiene terapia intensiva y ratific\u00f3 que se continuar\u00e1n construyendo viviendas<\/strong>. \u201cHacen falta y es una decisi\u00f3n pol\u00edtica la de seguir invirtiendo. As\u00ed como lo decimos, y es uno de los principales objetivos de mi gesti\u00f3n, queremos que todas y todos los pampeanos, y, en este caso, a las y los achenses, vivan cada d\u00eda mejor porque as\u00ed se lo merecen\u201d, dijo Ziliotto.<\/p>\n\n\n\n<p>El <strong>intendente Abel Sabarots afirm\u00f3 que lo llena de placer ver la concreci\u00f3n de algo que comenz\u00f3 all\u00e1 por enero de 2020,<\/strong> cuando el gobernador vino a nuestra ciudad y afirm\u00f3 que \u00e9sta era una obra prioritaria para la gesti\u00f3n del Gobierno provincial. Despu\u00e9s se hizo el trabajo de la consultor\u00eda, la obra de repavimentaci\u00f3n -que se est\u00e1 concretando por estos d\u00edas- y la licitaci\u00f3n de las colectoras.<\/p>\n\n\n\n<p>Sabarots reiter\u00f3 su satisfacci\u00f3n: \u201cDecir y hacer lo que venimos pregonando desde el primer d\u00eda de gesti\u00f3n: no importan los colores pol\u00edticos cuando venimos a resolver los problemas de la gente\u201d.<\/p>\n\n\n\n<p><strong>Se trata de 966 hogares que van a beneficiarse<\/strong> y el jefe comunal agreg\u00f3: \u201cEs, quiz\u00e1s la obra estructural m\u00e1s importante para General Acha, junto a otra que no tengo dudas que el gobernador est\u00e1 gestionando: la obra de las colectoras\u201d.<\/p>\n\n\n\n<p>\u201cEl equipo t\u00e9cnico ya tiene los puntos espec\u00edficos donde se generan los problemas con las fuertes lluvias. General Acha tiene un relieve que provoca colapsos e inundaciones, hemos utilizado paliativos, como el entoscado o alg\u00fan elemento derivador hacia el canal del Este, pero que no son la soluci\u00f3n de fondo. Hoy, con esta licitaci\u00f3n y con una obra que durar\u00e1 un a\u00f1o y medio o poco m\u00e1s, vamos a comenzar a resolver el problema estructural m\u00e1s importante\u201d, remarc\u00f3 Sabarots.<\/p>\n\n\n\n<p>Con un <strong>presupuesto oficial actualizado de $581 millones; y un plazo de ejecuci\u00f3n de 540 d\u00edas<\/strong>, las obras de infraestructura vial e hidr\u00e1ulica incluyen: 44 cuadras de cord\u00f3n cuneta, 54 cuadras de asfalto con badenes, 30 cuadras de ca\u00f1er\u00eda de desag\u00fce pluvial, 33 c\u00e1maras de Inspecci\u00f3n, 52 sumideros (horizontales y verticales), 340 metros de revestimiento de canal de hormig\u00f3n, 30 rampas para accesibilidad universal, 220 contenedores de residuos domiciliarios, 72 unidades de arbolado urbano, 1 disipador de energ\u00eda hidr\u00e1ulica y completamiento de veredas. Participaron de la licitaci\u00f3n las siguientes empresas: Ecop Construcciones SRL, Ilka Construcciones SRL y Jorge Omar Jubete.<\/p>\n","protected":false},"excerpt":{"rendered":"<p>El gobernador Sergio Ziliotto particip\u00f3 este jueves de la apertura de sobres con las ofertas para concretar las obras que beneficiar\u00e1n en forma directa a 966 familias de General Acha.&hellip;<\/p>\n","protected":false},"author":5,"featured_media":178217,"comment_status":"closed","ping_status":"open","sticky":false,"template":"","format":"standard","meta":{"_acf_changed":false,"footnotes":""},"categories":[11,8],"tags":[882,3239,424],"class_list":["post-178216","post","type-post","status-publish","format-standard","has-post-thumbnail","hentry","category-que-pasa","category-politica","tag-general-acha","tag-sabarots","tag-ziliotto"],"acf":[],"yoast_head":"<!-- This site is optimized with the Yoast SEO plugin v27.5 - https:\/\/yoast.com\/product\/yoast-seo-wordpress\/ -->\n<title>Ziliotto en Acha licit\u00f3 obras para resolver el problema de las inundaciones - Diario Textual<\/title>\n<meta name=\"robots\" content=\"index, follow, max-snippet:-1, max-image-preview:large, max-video-preview:-1\" \/>\n<link rel=\"canonical\" href=\"https:\/\/diariotextual.com\/inicio\/index.php\/2022\/02\/03\/ziliotto-en-acha-licito-obras-para-resolver-el-problema-de-las-inundaciones\/\" \/>\n<meta property=\"og:locale\" content=\"es_ES\" \/>\n<meta property=\"og:type\" content=\"article\" \/>\n<meta property=\"og:title\" content=\"Ziliotto en Acha licit\u00f3 obras para resolver el problema de las inundaciones - Diario Textual\" \/>\n<meta property=\"og:description\" content=\"El gobernador Sergio Ziliotto particip\u00f3 este jueves de la apertura de sobres con las ofertas para concretar las obras que beneficiar\u00e1n en forma directa a 966 familias de General Acha.&hellip;\" \/>\n<meta property=\"og:url\" content=\"https:\/\/diariotextual.com\/inicio\/index.php\/2022\/02\/03\/ziliotto-en-acha-licito-obras-para-resolver-el-problema-de-las-inundaciones\/\" \/>\n<meta property=\"og:site_name\" content=\"Diario Textual\" \/>\n<meta property=\"article:publisher\" content=\"https:\/\/www.facebook.com\/eltextual\" \/>\n<meta property=\"article:published_time\" content=\"2022-02-03T18:02:37+00:00\" \/>\n<meta property=\"article:modified_time\" content=\"2022-02-04T13:33:11+00:00\" \/>\n<meta property=\"og:image\" content=\"https:\/\/diariotextual.com\/inicio\/wp-content\/uploads\/2022\/02\/ziliottosabarots.jpg\" \/>\n\t<meta property=\"og:image:width\" content=\"700\" \/>\n\t<meta property=\"og:image:height\" content=\"381\" \/>\n\t<meta property=\"og:image:type\" content=\"image\/jpeg\" \/>\n<meta name=\"author\" content=\"diario3\" \/>\n<meta name=\"twitter:card\" content=\"summary_large_image\" \/>\n<meta name=\"twitter:creator\" content=\"@eltextual\" \/>\n<meta name=\"twitter:site\" content=\"@eltextual\" \/>\n<meta name=\"twitter:label1\" content=\"Escrito por\" \/>\n\t<meta name=\"twitter:data1\" content=\"diario3\" \/>\n\t<meta name=\"twitter:label2\" content=\"Tiempo de lectura\" \/>\n\t<meta name=\"twitter:data2\" content=\"4 minutos\" \/>\n<script type=\"application\/ld+json\" class=\"yoast-schema-graph\">{\"@context\":\"https:\\\/\\\/schema.org\",\"@graph\":[{\"@type\":\"Article\",\"@id\":\"https:\\\/\\\/diariotextual.com\\\/inicio\\\/index.php\\\/2022\\\/02\\\/03\\\/ziliotto-en-acha-licito-obras-para-resolver-el-problema-de-las-inundaciones\\\/#article\",\"isPartOf\":{\"@id\":\"https:\\\/\\\/diariotextual.com\\\/inicio\\\/index.php\\\/2022\\\/02\\\/03\\\/ziliotto-en-acha-licito-obras-para-resolver-el-problema-de-las-inundaciones\\\/\"},\"author\":{\"name\":\"diario3\",\"@id\":\"https:\\\/\\\/diariotextual.com\\\/inicio\\\/#\\\/schema\\\/person\\\/a1b6f563e0ee944c60f98119389a4d9f\"},\"headline\":\"Ziliotto en Acha licit\u00f3 obras para resolver el problema de las inundaciones\",\"datePublished\":\"2022-02-03T18:02:37+00:00\",\"dateModified\":\"2022-02-04T13:33:11+00:00\",\"mainEntityOfPage\":{\"@id\":\"https:\\\/\\\/diariotextual.com\\\/inicio\\\/index.php\\\/2022\\\/02\\\/03\\\/ziliotto-en-acha-licito-obras-para-resolver-el-problema-de-las-inundaciones\\\/\"},\"wordCount\":929,\"publisher\":{\"@id\":\"https:\\\/\\\/diariotextual.com\\\/inicio\\\/#organization\"},\"image\":{\"@id\":\"https:\\\/\\\/diariotextual.com\\\/inicio\\\/index.php\\\/2022\\\/02\\\/03\\\/ziliotto-en-acha-licito-obras-para-resolver-el-problema-de-las-inundaciones\\\/#primaryimage\"},\"thumbnailUrl\":\"https:\\\/\\\/diariotextual.com\\\/inicio\\\/wp-content\\\/uploads\\\/2022\\\/02\\\/ziliottosabarots.jpg\",\"keywords\":[\"General Acha\",\"sabarots\",\"ziliotto\"],\"articleSection\":[\"A - QUE PASA (al costado)\",\"POLITICA\"],\"inLanguage\":\"es\"},{\"@type\":\"WebPage\",\"@id\":\"https:\\\/\\\/diariotextual.com\\\/inicio\\\/index.php\\\/2022\\\/02\\\/03\\\/ziliotto-en-acha-licito-obras-para-resolver-el-problema-de-las-inundaciones\\\/\",\"url\":\"https:\\\/\\\/diariotextual.com\\\/inicio\\\/index.php\\\/2022\\\/02\\\/03\\\/ziliotto-en-acha-licito-obras-para-resolver-el-problema-de-las-inundaciones\\\/\",\"name\":\"Ziliotto en Acha licit\u00f3 obras para resolver el problema de las inundaciones - Diario Textual\",\"isPartOf\":{\"@id\":\"https:\\\/\\\/diariotextual.com\\\/inicio\\\/#website\"},\"primaryImageOfPage\":{\"@id\":\"https:\\\/\\\/diariotextual.com\\\/inicio\\\/index.php\\\/2022\\\/02\\\/03\\\/ziliotto-en-acha-licito-obras-para-resolver-el-problema-de-las-inundaciones\\\/#primaryimage\"},\"image\":{\"@id\":\"https:\\\/\\\/diariotextual.com\\\/inicio\\\/index.php\\\/2022\\\/02\\\/03\\\/ziliotto-en-acha-licito-obras-para-resolver-el-problema-de-las-inundaciones\\\/#primaryimage\"},\"thumbnailUrl\":\"https:\\\/\\\/diariotextual.com\\\/inicio\\\/wp-content\\\/uploads\\\/2022\\\/02\\\/ziliottosabarots.jpg\",\"datePublished\":\"2022-02-03T18:02:37+00:00\",\"dateModified\":\"2022-02-04T13:33:11+00:00\",\"breadcrumb\":{\"@id\":\"https:\\\/\\\/diariotextual.com\\\/inicio\\\/index.php\\\/2022\\\/02\\\/03\\\/ziliotto-en-acha-licito-obras-para-resolver-el-problema-de-las-inundaciones\\\/#breadcrumb\"},\"inLanguage\":\"es\",\"potentialAction\":[{\"@type\":\"ReadAction\",\"target\":[\"https:\\\/\\\/diariotextual.com\\\/inicio\\\/index.php\\\/2022\\\/02\\\/03\\\/ziliotto-en-acha-licito-obras-para-resolver-el-problema-de-las-inundaciones\\\/\"]}]},{\"@type\":\"ImageObject\",\"inLanguage\":\"es\",\"@id\":\"https:\\\/\\\/diariotextual.com\\\/inicio\\\/index.php\\\/2022\\\/02\\\/03\\\/ziliotto-en-acha-licito-obras-para-resolver-el-problema-de-las-inundaciones\\\/#primaryimage\",\"url\":\"https:\\\/\\\/diariotextual.com\\\/inicio\\\/wp-content\\\/uploads\\\/2022\\\/02\\\/ziliottosabarots.jpg\",\"contentUrl\":\"https:\\\/\\\/diariotextual.com\\\/inicio\\\/wp-content\\\/uploads\\\/2022\\\/02\\\/ziliottosabarots.jpg\",\"width\":700,\"height\":381,\"caption\":\"????????????????????????????????????\"},{\"@type\":\"BreadcrumbList\",\"@id\":\"https:\\\/\\\/diariotextual.com\\\/inicio\\\/index.php\\\/2022\\\/02\\\/03\\\/ziliotto-en-acha-licito-obras-para-resolver-el-problema-de-las-inundaciones\\\/#breadcrumb\",\"itemListElement\":[{\"@type\":\"ListItem\",\"position\":1,\"name\":\"Portada\",\"item\":\"https:\\\/\\\/diariotextual.com\\\/inicio\\\/\"},{\"@type\":\"ListItem\",\"position\":2,\"name\":\"Ziliotto en Acha licit\u00f3 obras para resolver el problema de las inundaciones\"}]},{\"@type\":\"WebSite\",\"@id\":\"https:\\\/\\\/diariotextual.com\\\/inicio\\\/#website\",\"url\":\"https:\\\/\\\/diariotextual.com\\\/inicio\\\/\",\"name\":\"Diario Textual\",\"description\":\"\",\"publisher\":{\"@id\":\"https:\\\/\\\/diariotextual.com\\\/inicio\\\/#organization\"},\"potentialAction\":[{\"@type\":\"SearchAction\",\"target\":{\"@type\":\"EntryPoint\",\"urlTemplate\":\"https:\\\/\\\/diariotextual.com\\\/inicio\\\/?s={search_term_string}\"},\"query-input\":{\"@type\":\"PropertyValueSpecification\",\"valueRequired\":true,\"valueName\":\"search_term_string\"}}],\"inLanguage\":\"es\"},{\"@type\":\"Organization\",\"@id\":\"https:\\\/\\\/diariotextual.com\\\/inicio\\\/#organization\",\"name\":\"Diario Textual\",\"url\":\"https:\\\/\\\/diariotextual.com\\\/inicio\\\/\",\"logo\":{\"@type\":\"ImageObject\",\"inLanguage\":\"es\",\"@id\":\"https:\\\/\\\/diariotextual.com\\\/inicio\\\/#\\\/schema\\\/logo\\\/image\\\/\",\"url\":\"https:\\\/\\\/diariotextual.com\\\/inicio\\\/wp-content\\\/uploads\\\/2023\\\/05\\\/logotextual1.jpg\",\"contentUrl\":\"https:\\\/\\\/diariotextual.com\\\/inicio\\\/wp-content\\\/uploads\\\/2023\\\/05\\\/logotextual1.jpg\",\"width\":516,\"height\":76,\"caption\":\"Diario Textual\"},\"image\":{\"@id\":\"https:\\\/\\\/diariotextual.com\\\/inicio\\\/#\\\/schema\\\/logo\\\/image\\\/\"},\"sameAs\":[\"https:\\\/\\\/www.facebook.com\\\/eltextual\",\"https:\\\/\\\/x.com\\\/eltextual\",\"http:\\\/\\\/www.instagram.com\\\/eltextual\"]},{\"@type\":\"Person\",\"@id\":\"https:\\\/\\\/diariotextual.com\\\/inicio\\\/#\\\/schema\\\/person\\\/a1b6f563e0ee944c60f98119389a4d9f\",\"name\":\"diario3\",\"image\":{\"@type\":\"ImageObject\",\"inLanguage\":\"es\",\"@id\":\"https:\\\/\\\/secure.gravatar.com\\\/avatar\\\/5e7ee62c82fc04d9dd79d746a390d93c69c43223e5faeeb3ea9461ef752bfc5d?s=96&d=mm&r=g\",\"url\":\"https:\\\/\\\/secure.gravatar.com\\\/avatar\\\/5e7ee62c82fc04d9dd79d746a390d93c69c43223e5faeeb3ea9461ef752bfc5d?s=96&d=mm&r=g\",\"contentUrl\":\"https:\\\/\\\/secure.gravatar.com\\\/avatar\\\/5e7ee62c82fc04d9dd79d746a390d93c69c43223e5faeeb3ea9461ef752bfc5d?s=96&d=mm&r=g\",\"caption\":\"diario3\"},\"url\":\"https:\\\/\\\/diariotextual.com\\\/inicio\\\/index.php\\\/author\\\/diario3\\\/\"}]}<\/script>\n<!-- \/ Yoast SEO plugin. -->","yoast_head_json":{"title":"Ziliotto en Acha licit\u00f3 obras para resolver el problema de las inundaciones - Diario Textual","robots":{"index":"index","follow":"follow","max-snippet":"max-snippet:-1","max-image-preview":"max-image-preview:large","max-video-preview":"max-video-preview:-1"},"canonical":"https:\/\/diariotextual.com\/inicio\/index.php\/2022\/02\/03\/ziliotto-en-acha-licito-obras-para-resolver-el-problema-de-las-inundaciones\/","og_locale":"es_ES","og_type":"article","og_title":"Ziliotto en Acha licit\u00f3 obras para resolver el problema de las inundaciones - Diario Textual","og_description":"El gobernador Sergio Ziliotto particip\u00f3 este jueves de la apertura de sobres con las ofertas para concretar las obras que beneficiar\u00e1n en forma directa a 966 familias de General Acha.&hellip;","og_url":"https:\/\/diariotextual.com\/inicio\/index.php\/2022\/02\/03\/ziliotto-en-acha-licito-obras-para-resolver-el-problema-de-las-inundaciones\/","og_site_name":"Diario Textual","article_publisher":"https:\/\/www.facebook.com\/eltextual","article_published_time":"2022-02-03T18:02:37+00:00","article_modified_time":"2022-02-04T13:33:11+00:00","og_image":[{"width":700,"height":381,"url":"https:\/\/diariotextual.com\/inicio\/wp-content\/uploads\/2022\/02\/ziliottosabarots.jpg","type":"image\/jpeg"}],"author":"diario3","twitter_card":"summary_large_image","twitter_creator":"@eltextual","twitter_site":"@eltextual","twitter_misc":{"Escrito por":"diario3","Tiempo de lectura":"4 minutos"},"schema":{"@context":"https:\/\/schema.org","@graph":[{"@type":"Article","@id":"https:\/\/diariotextual.com\/inicio\/index.php\/2022\/02\/03\/ziliotto-en-acha-licito-obras-para-resolver-el-problema-de-las-inundaciones\/#article","isPartOf":{"@id":"https:\/\/diariotextual.com\/inicio\/index.php\/2022\/02\/03\/ziliotto-en-acha-licito-obras-para-resolver-el-problema-de-las-inundaciones\/"},"author":{"name":"diario3","@id":"https:\/\/diariotextual.com\/inicio\/#\/schema\/person\/a1b6f563e0ee944c60f98119389a4d9f"},"headline":"Ziliotto en Acha licit\u00f3 obras para resolver el problema de las inundaciones","datePublished":"2022-02-03T18:02:37+00:00","dateModified":"2022-02-04T13:33:11+00:00","mainEntityOfPage":{"@id":"https:\/\/diariotextual.com\/inicio\/index.php\/2022\/02\/03\/ziliotto-en-acha-licito-obras-para-resolver-el-problema-de-las-inundaciones\/"},"wordCount":929,"publisher":{"@id":"https:\/\/diariotextual.com\/inicio\/#organization"},"image":{"@id":"https:\/\/diariotextual.com\/inicio\/index.php\/2022\/02\/03\/ziliotto-en-acha-licito-obras-para-resolver-el-problema-de-las-inundaciones\/#primaryimage"},"thumbnailUrl":"https:\/\/diariotextual.com\/inicio\/wp-content\/uploads\/2022\/02\/ziliottosabarots.jpg","keywords":["General Acha","sabarots","ziliotto"],"articleSection":["A - QUE PASA (al costado)","POLITICA"],"inLanguage":"es"},{"@type":"WebPage","@id":"https:\/\/diariotextual.com\/inicio\/index.php\/2022\/02\/03\/ziliotto-en-acha-licito-obras-para-resolver-el-problema-de-las-inundaciones\/","url":"https:\/\/diariotextual.com\/inicio\/index.php\/2022\/02\/03\/ziliotto-en-acha-licito-obras-para-resolver-el-problema-de-las-inundaciones\/","name":"Ziliotto en Acha licit\u00f3 obras para resolver el problema de las inundaciones - Diario Textual","isPartOf":{"@id":"https:\/\/diariotextual.com\/inicio\/#website"},"primaryImageOfPage":{"@id":"https:\/\/diariotextual.com\/inicio\/index.php\/2022\/02\/03\/ziliotto-en-acha-licito-obras-para-resolver-el-problema-de-las-inundaciones\/#primaryimage"},"image":{"@id":"https:\/\/diariotextual.com\/inicio\/index.php\/2022\/02\/03\/ziliotto-en-acha-licito-obras-para-resolver-el-problema-de-las-inundaciones\/#primaryimage"},"thumbnailUrl":"https:\/\/diariotextual.com\/inicio\/wp-content\/uploads\/2022\/02\/ziliottosabarots.jpg","datePublished":"2022-02-03T18:02:37+00:00","dateModified":"2022-02-04T13:33:11+00:00","breadcrumb":{"@id":"https:\/\/diariotextual.com\/inicio\/index.php\/2022\/02\/03\/ziliotto-en-acha-licito-obras-para-resolver-el-problema-de-las-inundaciones\/#breadcrumb"},"inLanguage":"es","potentialAction":[{"@type":"ReadAction","target":["https:\/\/diariotextual.com\/inicio\/index.php\/2022\/02\/03\/ziliotto-en-acha-licito-obras-para-resolver-el-problema-de-las-inundaciones\/"]}]},{"@type":"ImageObject","inLanguage":"es","@id":"https:\/\/diariotextual.com\/inicio\/index.php\/2022\/02\/03\/ziliotto-en-acha-licito-obras-para-resolver-el-problema-de-las-inundaciones\/#primaryimage","url":"https:\/\/diariotextual.com\/inicio\/wp-content\/uploads\/2022\/02\/ziliottosabarots.jpg","contentUrl":"https:\/\/diariotextual.com\/inicio\/wp-content\/uploads\/2022\/02\/ziliottosabarots.jpg","width":700,"height":381,"caption":"????????????????????????????????????"},{"@type":"BreadcrumbList","@id":"https:\/\/diariotextual.com\/inicio\/index.php\/2022\/02\/03\/ziliotto-en-acha-licito-obras-para-resolver-el-problema-de-las-inundaciones\/#breadcrumb","itemListElement":[{"@type":"ListItem","position":1,"name":"Portada","item":"https:\/\/diariotextual.com\/inicio\/"},{"@type":"ListItem","position":2,"name":"Ziliotto en Acha licit\u00f3 obras para resolver el problema de las inundaciones"}]},{"@type":"WebSite","@id":"https:\/\/diariotextual.com\/inicio\/#website","url":"https:\/\/diariotextual.com\/inicio\/","name":"Diario Textual","description":"","publisher":{"@id":"https:\/\/diariotextual.com\/inicio\/#organization"},"potentialAction":[{"@type":"SearchAction","target":{"@type":"EntryPoint","urlTemplate":"https:\/\/diariotextual.com\/inicio\/?s={search_term_string}"},"query-input":{"@type":"PropertyValueSpecification","valueRequired":true,"valueName":"search_term_string"}}],"inLanguage":"es"},{"@type":"Organization","@id":"https:\/\/diariotextual.com\/inicio\/#organization","name":"Diario Textual","url":"https:\/\/diariotextual.com\/inicio\/","logo":{"@type":"ImageObject","inLanguage":"es","@id":"https:\/\/diariotextual.com\/inicio\/#\/schema\/logo\/image\/","url":"https:\/\/diariotextual.com\/inicio\/wp-content\/uploads\/2023\/05\/logotextual1.jpg","contentUrl":"https:\/\/diariotextual.com\/inicio\/wp-content\/uploads\/2023\/05\/logotextual1.jpg","width":516,"height":76,"caption":"Diario Textual"},"image":{"@id":"https:\/\/diariotextual.com\/inicio\/#\/schema\/logo\/image\/"},"sameAs":["https:\/\/www.facebook.com\/eltextual","https:\/\/x.com\/eltextual","http:\/\/www.instagram.com\/eltextual"]},{"@type":"Person","@id":"https:\/\/diariotextual.com\/inicio\/#\/schema\/person\/a1b6f563e0ee944c60f98119389a4d9f","name":"diario3","image":{"@type":"ImageObject","inLanguage":"es","@id":"https:\/\/secure.gravatar.com\/avatar\/5e7ee62c82fc04d9dd79d746a390d93c69c43223e5faeeb3ea9461ef752bfc5d?s=96&d=mm&r=g","url":"https:\/\/secure.gravatar.com\/avatar\/5e7ee62c82fc04d9dd79d746a390d93c69c43223e5faeeb3ea9461ef752bfc5d?s=96&d=mm&r=g","contentUrl":"https:\/\/secure.gravatar.com\/avatar\/5e7ee62c82fc04d9dd79d746a390d93c69c43223e5faeeb3ea9461ef752bfc5d?s=96&d=mm&r=g","caption":"diario3"},"url":"https:\/\/diariotextual.com\/inicio\/index.php\/author\/diario3\/"}]}},"_links":{"self":[{"href":"https:\/\/diariotextual.com\/inicio\/index.php\/wp-json\/wp\/v2\/posts\/178216","targetHints":{"allow":["GET"]}}],"collection":[{"href":"https:\/\/diariotextual.com\/inicio\/index.php\/wp-json\/wp\/v2\/posts"}],"about":[{"href":"https:\/\/diariotextual.com\/inicio\/index.php\/wp-json\/wp\/v2\/types\/post"}],"author":[{"embeddable":true,"href":"https:\/\/diariotextual.com\/inicio\/index.php\/wp-json\/wp\/v2\/users\/5"}],"replies":[{"embeddable":true,"href":"https:\/\/diariotextual.com\/inicio\/index.php\/wp-json\/wp\/v2\/comments?post=178216"}],"version-history":[{"count":1,"href":"https:\/\/diariotextual.com\/inicio\/index.php\/wp-json\/wp\/v2\/posts\/178216\/revisions"}],"predecessor-version":[{"id":178218,"href":"https:\/\/diariotextual.com\/inicio\/index.php\/wp-json\/wp\/v2\/posts\/178216\/revisions\/178218"}],"wp:featuredmedia":[{"embeddable":true,"href":"https:\/\/diariotextual.com\/inicio\/index.php\/wp-json\/wp\/v2\/media\/178217"}],"wp:attachment":[{"href":"https:\/\/diariotextual.com\/inicio\/index.php\/wp-json\/wp\/v2\/media?parent=178216"}],"wp:term":[{"taxonomy":"category","embeddable":true,"href":"https:\/\/diariotextual.com\/inicio\/index.php\/wp-json\/wp\/v2\/categories?post=178216"},{"taxonomy":"post_tag","embeddable":true,"href":"https:\/\/diariotextual.com\/inicio\/index.php\/wp-json\/wp\/v2\/tags?post=178216"}],"curies":[{"name":"wp","href":"https:\/\/api.w.org\/{rel}","templated":true}]}}