{"id":178775,"date":"2022-02-10T19:49:22","date_gmt":"2022-02-10T22:49:22","guid":{"rendered":"https:\/\/diariotextual.com\/inicio\/?p=178775"},"modified":"2022-02-10T19:53:21","modified_gmt":"2022-02-10T22:53:21","slug":"fiscales-recalifica-la-acusacion-le-agregan-el-ensanamiento-por-el-asesinato-de-lucio","status":"publish","type":"post","link":"https:\/\/diariotextual.com\/inicio\/index.php\/2022\/02\/10\/fiscales-recalifica-la-acusacion-le-agregan-el-ensanamiento-por-el-asesinato-de-lucio\/","title":{"rendered":"Fiscales recalifican la acusaci\u00f3n: le agregan el \u201censa\u00f1amiento\u201d por el asesinato de Lucio"},"content":{"rendered":"\n<p>El mi\u00e9rcoles 16, en una audiencia en el Centro Judicial de Santa Rosa, <strong>la Fiscal\u00eda recalificar\u00e1 la acusaci\u00f3n <\/strong>contra las dos imputadas del asesinato del nene <strong>Lucio Dupuy<\/strong> (5 a\u00f1os): en principio, pudo saber <strong>Diario Textual<\/strong>, le agregar\u00e1 la calificaci\u00f3n de <strong>\u00abensa\u00f1amiento\u00bb<\/strong> y<strong> \u00abalevos\u00eda\u00bb <\/strong>del homicidio.<\/p>\n\n\n\n<p><strong>El cambio de la car\u00e1tula significa un agravamiento de la acusaci\u00f3n.<\/strong> Hasta el momento, la madre de Lucio, <strong>Magdalena Esp\u00f3sito Valenti <\/strong>(24), est\u00e1 acusada del delito de<strong> homicidio calificado por el v\u00ednculo<\/strong> -que prev\u00e9 una pena de perpetua-, en tanto que su pareja <strong>Abigail P\u00e1ez <\/strong>(27) est\u00e1 apuntada por <strong>homicidio simple<\/strong> -de 8 a 25 a\u00f1os-.<\/p>\n\n\n\n<p>Seg\u00fan se establece en el C\u00f3digo Penal, <strong>el ensa\u00f1amiento tiene lugar cuando se aumenta deliberadamente el sufrimiento de la v\u00edctima sin que tal situaci\u00f3n sea necesaria para producir la muerte.<\/strong><\/p>\n\n\n\n<p>Adem\u00e1s, con las pericias ya presentadas a fines de diciembre del a\u00f1o pasado, se descuenta que tambi\u00e9n pedir\u00e1n que se le agregue la acusaci\u00f3n por abuso.<\/p>\n\n\n\n<p>El peque\u00f1o vivi\u00f3 un calvario que termin\u00f3 el viernes 26 de noviembre de 2021 por la noche, con su muerte, luego de ser brutalmente golpeado. Ingres\u00f3 convulsionando al hospital Evita, de Santa Rosa, y no pudieron salvarlo.<\/p>\n\n\n\n<p><strong><br>El ni\u00f1o viv\u00eda con su madre y la novia de su mam\u00e1, en un departamento de la calle Allan Kardec. Fue llevado por Abigail el viernes 26 de noviembre de 2021, por la noche, convulsionando, a la posta sanitaria&nbsp;<\/strong>del barrio Atuel. En ese momento,&nbsp;<strong>la madre de Lucio estaba trabajando de moza en un hotel.<\/strong><\/p>\n\n\n\n<p>Posteriormente<strong>&nbsp;Lucio fue trasladado por una vecina, en su auto, al Hospital Evita, ya sin signos vitales<\/strong>, donde se constat\u00f3 su fallecimiento.<\/p>\n\n\n\n<p>Seg\u00fan se pudo determinar en la autopsia,<strong>&nbsp;muri\u00f3 por \u201cm\u00faltiples golpes\u201d y, adem\u00e1s, se comprob\u00f3 que ten\u00eda -de vieja data- mordeduras y quemaduras de cigarrillo<\/strong>.<\/p>\n\n\n\n<p>Era un nene constantemente maltratado. De acuerdo a lo que revelaron fuentes m\u00e9dicas, Lucio ingres\u00f3 en su corta vida en reiteradas oportunidades a Enfermer\u00eda del Hospital Evita: hab\u00eda sufrido una fractura en una mano y la quebradura de un dedo. Sin embargo, esas se\u00f1ales no fueron advertidas o denunciadas.<\/p>\n\n\n\n<p>Tampoco en la Justicia se hicieron denuncias o se presentaron indicios que alertaran situaciones de violencia.<\/p>\n\n\n\n<figure class=\"wp-block-embed is-type-wp-embed is-provider-diario-textual wp-block-embed-diario-textual\"><div class=\"wp-block-embed__wrapper\">\n<blockquote class=\"wp-embedded-content\" data-secret=\"hSmJkXdLi4\"><a href=\"https:\/\/diariotextual.com\/inicio\/index.php\/2022\/02\/08\/caso-dupuy-juez-mantuvo-los-11-puntos-de-las-pericias-psicologicas\/\">Caso Lucio: juez mantuvo los 11 puntos de las pericias psicol\u00f3gicas<\/a><\/blockquote><iframe class=\"wp-embedded-content\" sandbox=\"allow-scripts\" security=\"restricted\" style=\"position: absolute; clip: rect(1px, 1px, 1px, 1px);\" title=\"\u00abCaso Lucio: juez mantuvo los 11 puntos de las pericias psicol\u00f3gicas\u00bb \u2014 Diario Textual\" src=\"https:\/\/diariotextual.com\/inicio\/index.php\/2022\/02\/08\/caso-dupuy-juez-mantuvo-los-11-puntos-de-las-pericias-psicologicas\/embed\/#?secret=hSmJkXdLi4\" data-secret=\"hSmJkXdLi4\" width=\"600\" height=\"338\" frameborder=\"0\" marginwidth=\"0\" marginheight=\"0\" scrolling=\"no\"><\/iframe>\n<\/div><\/figure>\n\n\n\n<p><\/p>\n","protected":false},"excerpt":{"rendered":"<p>El mi\u00e9rcoles 16, en una audiencia en el Centro Judicial de Santa Rosa, la Fiscal\u00eda recalificar\u00e1 la acusaci\u00f3n contra las dos imputadas del asesinato del nene Lucio Dupuy (5 a\u00f1os):&hellip;<\/p>\n","protected":false},"author":3,"featured_media":175165,"comment_status":"closed","ping_status":"open","sticky":false,"template":"","format":"standard","meta":{"_acf_changed":false,"footnotes":""},"categories":[4,12],"tags":[6330,6349],"class_list":["post-178775","post","type-post","status-publish","format-standard","has-post-thumbnail","hentry","category-destacadas","category-sociedad","tag-lucio","tag-magdalena"],"acf":[],"yoast_head":"<!-- This site is optimized with the Yoast SEO plugin v27.5 - https:\/\/yoast.com\/product\/yoast-seo-wordpress\/ -->\n<title>Fiscales recalifican la acusaci\u00f3n: le agregan el \u201censa\u00f1amiento\u201d por el asesinato de Lucio - Diario Textual<\/title>\n<meta name=\"robots\" content=\"index, follow, max-snippet:-1, max-image-preview:large, max-video-preview:-1\" \/>\n<link rel=\"canonical\" href=\"https:\/\/diariotextual.com\/inicio\/index.php\/2022\/02\/10\/fiscales-recalifica-la-acusacion-le-agregan-el-ensanamiento-por-el-asesinato-de-lucio\/\" \/>\n<meta property=\"og:locale\" content=\"es_ES\" \/>\n<meta property=\"og:type\" content=\"article\" \/>\n<meta property=\"og:title\" content=\"Fiscales recalifican la acusaci\u00f3n: le agregan el \u201censa\u00f1amiento\u201d por el asesinato de Lucio - Diario Textual\" \/>\n<meta property=\"og:description\" content=\"El mi\u00e9rcoles 16, en una audiencia en el Centro Judicial de Santa Rosa, la Fiscal\u00eda recalificar\u00e1 la acusaci\u00f3n contra las dos imputadas del asesinato del nene Lucio Dupuy (5 a\u00f1os):&hellip;\" \/>\n<meta property=\"og:url\" content=\"https:\/\/diariotextual.com\/inicio\/index.php\/2022\/02\/10\/fiscales-recalifica-la-acusacion-le-agregan-el-ensanamiento-por-el-asesinato-de-lucio\/\" \/>\n<meta property=\"og:site_name\" content=\"Diario Textual\" \/>\n<meta property=\"article:publisher\" content=\"https:\/\/www.facebook.com\/eltextual\" \/>\n<meta property=\"article:published_time\" content=\"2022-02-10T22:49:22+00:00\" \/>\n<meta property=\"article:modified_time\" content=\"2022-02-10T22:53:21+00:00\" \/>\n<meta property=\"og:image\" content=\"https:\/\/diariotextual.com\/inicio\/wp-content\/uploads\/2022\/01\/luciodupuymanifestaciontextual2021-00001.jpg\" \/>\n\t<meta property=\"og:image:width\" content=\"1029\" \/>\n\t<meta property=\"og:image:height\" content=\"609\" \/>\n\t<meta property=\"og:image:type\" content=\"image\/jpeg\" \/>\n<meta name=\"author\" content=\"Diario1 Diario1\" \/>\n<meta name=\"twitter:card\" content=\"summary_large_image\" \/>\n<meta name=\"twitter:creator\" content=\"@eltextual\" \/>\n<meta name=\"twitter:site\" content=\"@eltextual\" \/>\n<meta name=\"twitter:label1\" content=\"Escrito por\" \/>\n\t<meta name=\"twitter:data1\" content=\"Diario1 Diario1\" \/>\n\t<meta name=\"twitter:label2\" content=\"Tiempo de lectura\" \/>\n\t<meta name=\"twitter:data2\" content=\"2 minutos\" \/>\n<script type=\"application\/ld+json\" class=\"yoast-schema-graph\">{\"@context\":\"https:\\\/\\\/schema.org\",\"@graph\":[{\"@type\":\"Article\",\"@id\":\"https:\\\/\\\/diariotextual.com\\\/inicio\\\/index.php\\\/2022\\\/02\\\/10\\\/fiscales-recalifica-la-acusacion-le-agregan-el-ensanamiento-por-el-asesinato-de-lucio\\\/#article\",\"isPartOf\":{\"@id\":\"https:\\\/\\\/diariotextual.com\\\/inicio\\\/index.php\\\/2022\\\/02\\\/10\\\/fiscales-recalifica-la-acusacion-le-agregan-el-ensanamiento-por-el-asesinato-de-lucio\\\/\"},\"author\":{\"name\":\"Diario1 Diario1\",\"@id\":\"https:\\\/\\\/diariotextual.com\\\/inicio\\\/#\\\/schema\\\/person\\\/418fc4093c33e86ed41562db3508f958\"},\"headline\":\"Fiscales recalifican la acusaci\u00f3n: le agregan el \u201censa\u00f1amiento\u201d por el asesinato de Lucio\",\"datePublished\":\"2022-02-10T22:49:22+00:00\",\"dateModified\":\"2022-02-10T22:53:21+00:00\",\"mainEntityOfPage\":{\"@id\":\"https:\\\/\\\/diariotextual.com\\\/inicio\\\/index.php\\\/2022\\\/02\\\/10\\\/fiscales-recalifica-la-acusacion-le-agregan-el-ensanamiento-por-el-asesinato-de-lucio\\\/\"},\"wordCount\":414,\"publisher\":{\"@id\":\"https:\\\/\\\/diariotextual.com\\\/inicio\\\/#organization\"},\"image\":{\"@id\":\"https:\\\/\\\/diariotextual.com\\\/inicio\\\/index.php\\\/2022\\\/02\\\/10\\\/fiscales-recalifica-la-acusacion-le-agregan-el-ensanamiento-por-el-asesinato-de-lucio\\\/#primaryimage\"},\"thumbnailUrl\":\"https:\\\/\\\/diariotextual.com\\\/inicio\\\/wp-content\\\/uploads\\\/2022\\\/01\\\/luciodupuymanifestaciontextual2021-00001.jpg\",\"keywords\":[\"lucio\",\"magdalena\"],\"articleSection\":[\"A - DESTACADAS (mod 16)\",\"SOCIEDAD\"],\"inLanguage\":\"es\"},{\"@type\":\"WebPage\",\"@id\":\"https:\\\/\\\/diariotextual.com\\\/inicio\\\/index.php\\\/2022\\\/02\\\/10\\\/fiscales-recalifica-la-acusacion-le-agregan-el-ensanamiento-por-el-asesinato-de-lucio\\\/\",\"url\":\"https:\\\/\\\/diariotextual.com\\\/inicio\\\/index.php\\\/2022\\\/02\\\/10\\\/fiscales-recalifica-la-acusacion-le-agregan-el-ensanamiento-por-el-asesinato-de-lucio\\\/\",\"name\":\"Fiscales recalifican la acusaci\u00f3n: le agregan el \u201censa\u00f1amiento\u201d por el asesinato de Lucio - Diario Textual\",\"isPartOf\":{\"@id\":\"https:\\\/\\\/diariotextual.com\\\/inicio\\\/#website\"},\"primaryImageOfPage\":{\"@id\":\"https:\\\/\\\/diariotextual.com\\\/inicio\\\/index.php\\\/2022\\\/02\\\/10\\\/fiscales-recalifica-la-acusacion-le-agregan-el-ensanamiento-por-el-asesinato-de-lucio\\\/#primaryimage\"},\"image\":{\"@id\":\"https:\\\/\\\/diariotextual.com\\\/inicio\\\/index.php\\\/2022\\\/02\\\/10\\\/fiscales-recalifica-la-acusacion-le-agregan-el-ensanamiento-por-el-asesinato-de-lucio\\\/#primaryimage\"},\"thumbnailUrl\":\"https:\\\/\\\/diariotextual.com\\\/inicio\\\/wp-content\\\/uploads\\\/2022\\\/01\\\/luciodupuymanifestaciontextual2021-00001.jpg\",\"datePublished\":\"2022-02-10T22:49:22+00:00\",\"dateModified\":\"2022-02-10T22:53:21+00:00\",\"breadcrumb\":{\"@id\":\"https:\\\/\\\/diariotextual.com\\\/inicio\\\/index.php\\\/2022\\\/02\\\/10\\\/fiscales-recalifica-la-acusacion-le-agregan-el-ensanamiento-por-el-asesinato-de-lucio\\\/#breadcrumb\"},\"inLanguage\":\"es\",\"potentialAction\":[{\"@type\":\"ReadAction\",\"target\":[\"https:\\\/\\\/diariotextual.com\\\/inicio\\\/index.php\\\/2022\\\/02\\\/10\\\/fiscales-recalifica-la-acusacion-le-agregan-el-ensanamiento-por-el-asesinato-de-lucio\\\/\"]}]},{\"@type\":\"ImageObject\",\"inLanguage\":\"es\",\"@id\":\"https:\\\/\\\/diariotextual.com\\\/inicio\\\/index.php\\\/2022\\\/02\\\/10\\\/fiscales-recalifica-la-acusacion-le-agregan-el-ensanamiento-por-el-asesinato-de-lucio\\\/#primaryimage\",\"url\":\"https:\\\/\\\/diariotextual.com\\\/inicio\\\/wp-content\\\/uploads\\\/2022\\\/01\\\/luciodupuymanifestaciontextual2021-00001.jpg\",\"contentUrl\":\"https:\\\/\\\/diariotextual.com\\\/inicio\\\/wp-content\\\/uploads\\\/2022\\\/01\\\/luciodupuymanifestaciontextual2021-00001.jpg\",\"width\":1029,\"height\":609},{\"@type\":\"BreadcrumbList\",\"@id\":\"https:\\\/\\\/diariotextual.com\\\/inicio\\\/index.php\\\/2022\\\/02\\\/10\\\/fiscales-recalifica-la-acusacion-le-agregan-el-ensanamiento-por-el-asesinato-de-lucio\\\/#breadcrumb\",\"itemListElement\":[{\"@type\":\"ListItem\",\"position\":1,\"name\":\"Portada\",\"item\":\"https:\\\/\\\/diariotextual.com\\\/inicio\\\/\"},{\"@type\":\"ListItem\",\"position\":2,\"name\":\"Fiscales recalifican la acusaci\u00f3n: le agregan el \u201censa\u00f1amiento\u201d por el asesinato de Lucio\"}]},{\"@type\":\"WebSite\",\"@id\":\"https:\\\/\\\/diariotextual.com\\\/inicio\\\/#website\",\"url\":\"https:\\\/\\\/diariotextual.com\\\/inicio\\\/\",\"name\":\"Diario Textual\",\"description\":\"\",\"publisher\":{\"@id\":\"https:\\\/\\\/diariotextual.com\\\/inicio\\\/#organization\"},\"potentialAction\":[{\"@type\":\"SearchAction\",\"target\":{\"@type\":\"EntryPoint\",\"urlTemplate\":\"https:\\\/\\\/diariotextual.com\\\/inicio\\\/?s={search_term_string}\"},\"query-input\":{\"@type\":\"PropertyValueSpecification\",\"valueRequired\":true,\"valueName\":\"search_term_string\"}}],\"inLanguage\":\"es\"},{\"@type\":\"Organization\",\"@id\":\"https:\\\/\\\/diariotextual.com\\\/inicio\\\/#organization\",\"name\":\"Diario Textual\",\"url\":\"https:\\\/\\\/diariotextual.com\\\/inicio\\\/\",\"logo\":{\"@type\":\"ImageObject\",\"inLanguage\":\"es\",\"@id\":\"https:\\\/\\\/diariotextual.com\\\/inicio\\\/#\\\/schema\\\/logo\\\/image\\\/\",\"url\":\"https:\\\/\\\/diariotextual.com\\\/inicio\\\/wp-content\\\/uploads\\\/2023\\\/05\\\/logotextual1.jpg\",\"contentUrl\":\"https:\\\/\\\/diariotextual.com\\\/inicio\\\/wp-content\\\/uploads\\\/2023\\\/05\\\/logotextual1.jpg\",\"width\":516,\"height\":76,\"caption\":\"Diario Textual\"},\"image\":{\"@id\":\"https:\\\/\\\/diariotextual.com\\\/inicio\\\/#\\\/schema\\\/logo\\\/image\\\/\"},\"sameAs\":[\"https:\\\/\\\/www.facebook.com\\\/eltextual\",\"https:\\\/\\\/x.com\\\/eltextual\",\"http:\\\/\\\/www.instagram.com\\\/eltextual\"]},{\"@type\":\"Person\",\"@id\":\"https:\\\/\\\/diariotextual.com\\\/inicio\\\/#\\\/schema\\\/person\\\/418fc4093c33e86ed41562db3508f958\",\"name\":\"Diario1 Diario1\",\"image\":{\"@type\":\"ImageObject\",\"inLanguage\":\"es\",\"@id\":\"https:\\\/\\\/secure.gravatar.com\\\/avatar\\\/9167d280179c85bc18be67aa7eda765854300033af4896dd779b608640f2ef7a?s=96&d=mm&r=g\",\"url\":\"https:\\\/\\\/secure.gravatar.com\\\/avatar\\\/9167d280179c85bc18be67aa7eda765854300033af4896dd779b608640f2ef7a?s=96&d=mm&r=g\",\"contentUrl\":\"https:\\\/\\\/secure.gravatar.com\\\/avatar\\\/9167d280179c85bc18be67aa7eda765854300033af4896dd779b608640f2ef7a?s=96&d=mm&r=g\",\"caption\":\"Diario1 Diario1\"},\"url\":\"https:\\\/\\\/diariotextual.com\\\/inicio\\\/index.php\\\/author\\\/diario1\\\/\"}]}<\/script>\n<!-- \/ Yoast SEO plugin. -->","yoast_head_json":{"title":"Fiscales recalifican la acusaci\u00f3n: le agregan el \u201censa\u00f1amiento\u201d por el asesinato de Lucio - Diario Textual","robots":{"index":"index","follow":"follow","max-snippet":"max-snippet:-1","max-image-preview":"max-image-preview:large","max-video-preview":"max-video-preview:-1"},"canonical":"https:\/\/diariotextual.com\/inicio\/index.php\/2022\/02\/10\/fiscales-recalifica-la-acusacion-le-agregan-el-ensanamiento-por-el-asesinato-de-lucio\/","og_locale":"es_ES","og_type":"article","og_title":"Fiscales recalifican la acusaci\u00f3n: le agregan el \u201censa\u00f1amiento\u201d por el asesinato de Lucio - Diario Textual","og_description":"El mi\u00e9rcoles 16, en una audiencia en el Centro Judicial de Santa Rosa, la Fiscal\u00eda recalificar\u00e1 la acusaci\u00f3n contra las dos imputadas del asesinato del nene Lucio Dupuy (5 a\u00f1os):&hellip;","og_url":"https:\/\/diariotextual.com\/inicio\/index.php\/2022\/02\/10\/fiscales-recalifica-la-acusacion-le-agregan-el-ensanamiento-por-el-asesinato-de-lucio\/","og_site_name":"Diario Textual","article_publisher":"https:\/\/www.facebook.com\/eltextual","article_published_time":"2022-02-10T22:49:22+00:00","article_modified_time":"2022-02-10T22:53:21+00:00","og_image":[{"width":1029,"height":609,"url":"https:\/\/diariotextual.com\/inicio\/wp-content\/uploads\/2022\/01\/luciodupuymanifestaciontextual2021-00001.jpg","type":"image\/jpeg"}],"author":"Diario1 Diario1","twitter_card":"summary_large_image","twitter_creator":"@eltextual","twitter_site":"@eltextual","twitter_misc":{"Escrito por":"Diario1 Diario1","Tiempo de lectura":"2 minutos"},"schema":{"@context":"https:\/\/schema.org","@graph":[{"@type":"Article","@id":"https:\/\/diariotextual.com\/inicio\/index.php\/2022\/02\/10\/fiscales-recalifica-la-acusacion-le-agregan-el-ensanamiento-por-el-asesinato-de-lucio\/#article","isPartOf":{"@id":"https:\/\/diariotextual.com\/inicio\/index.php\/2022\/02\/10\/fiscales-recalifica-la-acusacion-le-agregan-el-ensanamiento-por-el-asesinato-de-lucio\/"},"author":{"name":"Diario1 Diario1","@id":"https:\/\/diariotextual.com\/inicio\/#\/schema\/person\/418fc4093c33e86ed41562db3508f958"},"headline":"Fiscales recalifican la acusaci\u00f3n: le agregan el \u201censa\u00f1amiento\u201d por el asesinato de Lucio","datePublished":"2022-02-10T22:49:22+00:00","dateModified":"2022-02-10T22:53:21+00:00","mainEntityOfPage":{"@id":"https:\/\/diariotextual.com\/inicio\/index.php\/2022\/02\/10\/fiscales-recalifica-la-acusacion-le-agregan-el-ensanamiento-por-el-asesinato-de-lucio\/"},"wordCount":414,"publisher":{"@id":"https:\/\/diariotextual.com\/inicio\/#organization"},"image":{"@id":"https:\/\/diariotextual.com\/inicio\/index.php\/2022\/02\/10\/fiscales-recalifica-la-acusacion-le-agregan-el-ensanamiento-por-el-asesinato-de-lucio\/#primaryimage"},"thumbnailUrl":"https:\/\/diariotextual.com\/inicio\/wp-content\/uploads\/2022\/01\/luciodupuymanifestaciontextual2021-00001.jpg","keywords":["lucio","magdalena"],"articleSection":["A - DESTACADAS (mod 16)","SOCIEDAD"],"inLanguage":"es"},{"@type":"WebPage","@id":"https:\/\/diariotextual.com\/inicio\/index.php\/2022\/02\/10\/fiscales-recalifica-la-acusacion-le-agregan-el-ensanamiento-por-el-asesinato-de-lucio\/","url":"https:\/\/diariotextual.com\/inicio\/index.php\/2022\/02\/10\/fiscales-recalifica-la-acusacion-le-agregan-el-ensanamiento-por-el-asesinato-de-lucio\/","name":"Fiscales recalifican la acusaci\u00f3n: le agregan el \u201censa\u00f1amiento\u201d por el asesinato de Lucio - Diario Textual","isPartOf":{"@id":"https:\/\/diariotextual.com\/inicio\/#website"},"primaryImageOfPage":{"@id":"https:\/\/diariotextual.com\/inicio\/index.php\/2022\/02\/10\/fiscales-recalifica-la-acusacion-le-agregan-el-ensanamiento-por-el-asesinato-de-lucio\/#primaryimage"},"image":{"@id":"https:\/\/diariotextual.com\/inicio\/index.php\/2022\/02\/10\/fiscales-recalifica-la-acusacion-le-agregan-el-ensanamiento-por-el-asesinato-de-lucio\/#primaryimage"},"thumbnailUrl":"https:\/\/diariotextual.com\/inicio\/wp-content\/uploads\/2022\/01\/luciodupuymanifestaciontextual2021-00001.jpg","datePublished":"2022-02-10T22:49:22+00:00","dateModified":"2022-02-10T22:53:21+00:00","breadcrumb":{"@id":"https:\/\/diariotextual.com\/inicio\/index.php\/2022\/02\/10\/fiscales-recalifica-la-acusacion-le-agregan-el-ensanamiento-por-el-asesinato-de-lucio\/#breadcrumb"},"inLanguage":"es","potentialAction":[{"@type":"ReadAction","target":["https:\/\/diariotextual.com\/inicio\/index.php\/2022\/02\/10\/fiscales-recalifica-la-acusacion-le-agregan-el-ensanamiento-por-el-asesinato-de-lucio\/"]}]},{"@type":"ImageObject","inLanguage":"es","@id":"https:\/\/diariotextual.com\/inicio\/index.php\/2022\/02\/10\/fiscales-recalifica-la-acusacion-le-agregan-el-ensanamiento-por-el-asesinato-de-lucio\/#primaryimage","url":"https:\/\/diariotextual.com\/inicio\/wp-content\/uploads\/2022\/01\/luciodupuymanifestaciontextual2021-00001.jpg","contentUrl":"https:\/\/diariotextual.com\/inicio\/wp-content\/uploads\/2022\/01\/luciodupuymanifestaciontextual2021-00001.jpg","width":1029,"height":609},{"@type":"BreadcrumbList","@id":"https:\/\/diariotextual.com\/inicio\/index.php\/2022\/02\/10\/fiscales-recalifica-la-acusacion-le-agregan-el-ensanamiento-por-el-asesinato-de-lucio\/#breadcrumb","itemListElement":[{"@type":"ListItem","position":1,"name":"Portada","item":"https:\/\/diariotextual.com\/inicio\/"},{"@type":"ListItem","position":2,"name":"Fiscales recalifican la acusaci\u00f3n: le agregan el \u201censa\u00f1amiento\u201d por el asesinato de Lucio"}]},{"@type":"WebSite","@id":"https:\/\/diariotextual.com\/inicio\/#website","url":"https:\/\/diariotextual.com\/inicio\/","name":"Diario Textual","description":"","publisher":{"@id":"https:\/\/diariotextual.com\/inicio\/#organization"},"potentialAction":[{"@type":"SearchAction","target":{"@type":"EntryPoint","urlTemplate":"https:\/\/diariotextual.com\/inicio\/?s={search_term_string}"},"query-input":{"@type":"PropertyValueSpecification","valueRequired":true,"valueName":"search_term_string"}}],"inLanguage":"es"},{"@type":"Organization","@id":"https:\/\/diariotextual.com\/inicio\/#organization","name":"Diario Textual","url":"https:\/\/diariotextual.com\/inicio\/","logo":{"@type":"ImageObject","inLanguage":"es","@id":"https:\/\/diariotextual.com\/inicio\/#\/schema\/logo\/image\/","url":"https:\/\/diariotextual.com\/inicio\/wp-content\/uploads\/2023\/05\/logotextual1.jpg","contentUrl":"https:\/\/diariotextual.com\/inicio\/wp-content\/uploads\/2023\/05\/logotextual1.jpg","width":516,"height":76,"caption":"Diario Textual"},"image":{"@id":"https:\/\/diariotextual.com\/inicio\/#\/schema\/logo\/image\/"},"sameAs":["https:\/\/www.facebook.com\/eltextual","https:\/\/x.com\/eltextual","http:\/\/www.instagram.com\/eltextual"]},{"@type":"Person","@id":"https:\/\/diariotextual.com\/inicio\/#\/schema\/person\/418fc4093c33e86ed41562db3508f958","name":"Diario1 Diario1","image":{"@type":"ImageObject","inLanguage":"es","@id":"https:\/\/secure.gravatar.com\/avatar\/9167d280179c85bc18be67aa7eda765854300033af4896dd779b608640f2ef7a?s=96&d=mm&r=g","url":"https:\/\/secure.gravatar.com\/avatar\/9167d280179c85bc18be67aa7eda765854300033af4896dd779b608640f2ef7a?s=96&d=mm&r=g","contentUrl":"https:\/\/secure.gravatar.com\/avatar\/9167d280179c85bc18be67aa7eda765854300033af4896dd779b608640f2ef7a?s=96&d=mm&r=g","caption":"Diario1 Diario1"},"url":"https:\/\/diariotextual.com\/inicio\/index.php\/author\/diario1\/"}]}},"_links":{"self":[{"href":"https:\/\/diariotextual.com\/inicio\/index.php\/wp-json\/wp\/v2\/posts\/178775","targetHints":{"allow":["GET"]}}],"collection":[{"href":"https:\/\/diariotextual.com\/inicio\/index.php\/wp-json\/wp\/v2\/posts"}],"about":[{"href":"https:\/\/diariotextual.com\/inicio\/index.php\/wp-json\/wp\/v2\/types\/post"}],"author":[{"embeddable":true,"href":"https:\/\/diariotextual.com\/inicio\/index.php\/wp-json\/wp\/v2\/users\/3"}],"replies":[{"embeddable":true,"href":"https:\/\/diariotextual.com\/inicio\/index.php\/wp-json\/wp\/v2\/comments?post=178775"}],"version-history":[{"count":13,"href":"https:\/\/diariotextual.com\/inicio\/index.php\/wp-json\/wp\/v2\/posts\/178775\/revisions"}],"predecessor-version":[{"id":178790,"href":"https:\/\/diariotextual.com\/inicio\/index.php\/wp-json\/wp\/v2\/posts\/178775\/revisions\/178790"}],"wp:featuredmedia":[{"embeddable":true,"href":"https:\/\/diariotextual.com\/inicio\/index.php\/wp-json\/wp\/v2\/media\/175165"}],"wp:attachment":[{"href":"https:\/\/diariotextual.com\/inicio\/index.php\/wp-json\/wp\/v2\/media?parent=178775"}],"wp:term":[{"taxonomy":"category","embeddable":true,"href":"https:\/\/diariotextual.com\/inicio\/index.php\/wp-json\/wp\/v2\/categories?post=178775"},{"taxonomy":"post_tag","embeddable":true,"href":"https:\/\/diariotextual.com\/inicio\/index.php\/wp-json\/wp\/v2\/tags?post=178775"}],"curies":[{"name":"wp","href":"https:\/\/api.w.org\/{rel}","templated":true}]}}